{"id":65714,"date":"2023-04-24T12:00:43","date_gmt":"2023-04-24T11:00:43","guid":{"rendered":"https:\/\/jornaldasoficinas.com\/pt\/?p=65714"},"modified":"2023-07-18T19:00:14","modified_gmt":"2023-07-18T18:00:14","slug":"melhor-mecatronico-2023-os-tres-mecatronicos-do-podio","status":"publish","type":"post","link":"https:\/\/jornaldasoficinas.com\/pt\/melhor-mecatronico-2023-os-tres-mecatronicos-do-podio\/","title":{"rendered":"Melhor Mecatr\u00f3nico 2023 &#8211; Os tr\u00eas Mecatr\u00f3nicos do p\u00f3dio"},"content":{"rendered":"<p><img loading=\"lazy\" decoding=\"async\" class=\"alignnone size-full wp-image-65716\" src=\"https:\/\/jornaldasoficinas.com\/pt\/wp-content\/uploads\/2023\/04\/Melhor-Mecatronico-2023-Os-tres-Mecatronicos-do-podio-.jpeg\" alt=\"04 - Melhor Mecatronico 2023 Os tres Mecatronicos do podio \" width=\"1024\" height=\"581\" srcset=\"https:\/\/jornaldasoficinas.com\/pt\/wp-content\/uploads\/2023\/04\/Melhor-Mecatronico-2023-Os-tres-Mecatronicos-do-podio-.jpeg 1024w, https:\/\/jornaldasoficinas.com\/pt\/wp-content\/uploads\/2023\/04\/Melhor-Mecatronico-2023-Os-tres-Mecatronicos-do-podio--300x170.jpeg 300w, https:\/\/jornaldasoficinas.com\/pt\/wp-content\/uploads\/2023\/04\/Melhor-Mecatronico-2023-Os-tres-Mecatronicos-do-podio--150x85.jpeg 150w, https:\/\/jornaldasoficinas.com\/pt\/wp-content\/uploads\/2023\/04\/Melhor-Mecatronico-2023-Os-tres-Mecatronicos-do-podio--768x436.jpeg 768w\" sizes=\"auto, (max-width: 1024px) 100vw, 1024px\" \/><\/p>\n<p><strong><span class=\"yt-core-attributed-string yt-core-attributed-string--white-space-pre-wrap\" role=\"text\">Ao longo dos tr\u00eas dias desta competi\u00e7\u00e3o, enquanto decorriam as provas, passaram pelo espa\u00e7o localizado no pavilh\u00e3o 3, milhares de visitantes (19.887 segundo dados oficiais da organiza\u00e7\u00e3o do sal\u00e3o) que puderam ver ao vivo o desempenho dos concorrentes e conhecer melhor a profiss\u00e3o de Mecatr\u00f3nico Autom\u00f3vel. Ao longo de tr\u00eas dias intensos, os concorrentes competiram em v\u00e1rias provas, nas quais tiveram de resolver diferentes avarias causadas em ve\u00edculos reais<\/span><\/strong><\/p>\n<p>A classifica\u00e7\u00e3o final ficou assim ordenada:<br \/>\n1\u00ba lugar \u2013 Bruno Teixeira<br \/>\n2\u00ba lugar \u2013 F\u00e1bio Fracasso<br \/>\n3\u00ba lugar \u2013 Armando Coutinho<br \/>\n4\u00ba lugar \u2013 Alexandre Borges<br \/>\n5\u00ba lugar \u2013 Jo\u00e3o Miguel Lu\u00eds<br \/>\n6\u00ba lugar \u2013 Joel Marques<br \/>\n7\u00ba lugar \u2013 Jorge Jesus<br \/>\n8\u00ba lugar \u2013 Jorge Lopes<\/p>\n<div data-mode=\"normal\" data-oembed=\"1\" data-provider=\"youtube\" id=\"arve-youtube-cnchwptw_ak\" style=\"max-width:800px;\" class=\"arve\">\n<div class=\"arve-inner\">\n<div class=\"arve-embed arve-embed--has-aspect-ratio\">\n<div class=\"arve-ar\" style=\"padding-top:56.250000%\"><\/div>\n<p>\t\t\t<iframe allow=\"accelerometer &apos;none&apos;;autoplay &apos;none&apos;;bluetooth &apos;none&apos;;browsing-topics &apos;none&apos;;camera &apos;none&apos;;clipboard-read &apos;none&apos;;clipboard-write;display-capture &apos;none&apos;;encrypted-media &apos;none&apos;;gamepad &apos;none&apos;;geolocation &apos;none&apos;;gyroscope &apos;none&apos;;hid &apos;none&apos;;identity-credentials-get &apos;none&apos;;idle-detection &apos;none&apos;;keyboard-map &apos;none&apos;;local-fonts;magnetometer &apos;none&apos;;microphone &apos;none&apos;;midi &apos;none&apos;;otp-credentials &apos;none&apos;;payment &apos;none&apos;;picture-in-picture;publickey-credentials-create &apos;none&apos;;publickey-credentials-get &apos;none&apos;;screen-wake-lock &apos;none&apos;;serial &apos;none&apos;;summarizer &apos;none&apos;;sync-xhr;usb &apos;none&apos;;web-share;window-management &apos;none&apos;;xr-spatial-tracking &apos;none&apos;;\" allowfullscreen=\"\" class=\"arve-iframe fitvidsignore\" credentialless data-arve=\"arve-youtube-cnchwptw_ak\" data-lenis-prevent=\"\" data-src-no-ap=\"https:\/\/www.youtube-nocookie.com\/embed\/cNchWpTw_ak?feature=oembed&amp;iv_load_policy=3&amp;modestbranding=1&amp;rel=0&amp;autohide=1&amp;playsinline=0&amp;autoplay=0\" frameborder=\"0\" height=\"450\" loading=\"lazy\" name=\"\" referrerpolicy=\"strict-origin-when-cross-origin\" sandbox=\"allow-scripts allow-same-origin allow-presentation allow-popups allow-popups-to-escape-sandbox\" scrolling=\"no\" src=\"https:\/\/www.youtube-nocookie.com\/embed\/cNchWpTw_ak?feature=oembed&#038;iv_load_policy=3&#038;modestbranding=1&#038;rel=0&#038;autohide=1&#038;playsinline=0&#038;autoplay=0\" title=\"\" width=\"800\"><\/iframe><\/p><\/div>\n<\/p><\/div>\n<p>\t<script type=\"application\/ld+json\">{\"@context\":\"http:\\\/\\\/schema.org\\\/\",\"@id\":\"https:\\\/\\\/jornaldasoficinas.com\\\/pt\\\/melhor-mecatronico-2023-os-tres-mecatronicos-do-podio\\\/#arve-youtube-cnchwptw_ak\",\"type\":\"VideoObject\",\"embedURL\":\"https:\\\/\\\/www.youtube-nocookie.com\\\/embed\\\/cNchWpTw_ak?feature=oembed&iv_load_policy=3&modestbranding=1&rel=0&autohide=1&playsinline=0&autoplay=0\"}<\/script><\/p>\n<\/div>\n<p><span class=\"yt-core-attributed-string yt-core-attributed-string--white-space-pre-wrap\" role=\"text\">\u00a0<\/span><\/p>\n","protected":false},"excerpt":{"rendered":"<p>Ao longo dos tr\u00eas dias desta&#8230;<\/p>\n","protected":false},"author":15,"featured_media":65716,"comment_status":"closed","ping_status":"closed","sticky":false,"template":"","format":"standard","meta":{"footnotes":""},"categories":[4632,5868],"tags":[693,5134,4058,3704,78,2423,4672,5133,726],"class_list":["post-65714","post","type-post","status-publish","format-standard","has-post-thumbnail","hentry","category-expomecanica","category-melhor-mecatronico","tag-atec","tag-classificados","tag-competicao","tag-competicao-melhor-mecatronico-2023","tag-expomecanica","tag-jornal-das-oficinas","tag-mecatronico-automovel","tag-mecatronicos-no-podio","tag-melhor-mecatronico"],"yoast_head":"<!-- This site is optimized with the Yoast SEO plugin v27.5 - https:\/\/yoast.com\/product\/yoast-seo-wordpress\/ -->\n<title>Melhor Mecatr\u00f3nico 2023 - Os tr\u00eas Mecatr\u00f3nicos do p\u00f3dio - Jornal das Oficinas<\/title>\n<meta name=\"description\" content=\"Ao longo de tr\u00eas dias, os concorrentes competiram em v\u00e1rias provas, nas quais tiveram de resolver diferentes avarias em ve\u00edculos reais.\" \/>\n<meta name=\"robots\" content=\"index, follow, max-snippet:-1, max-image-preview:large, max-video-preview:-1\" \/>\n<link rel=\"canonical\" href=\"https:\/\/jornaldasoficinas.com\/pt\/melhor-mecatronico-2023-os-tres-mecatronicos-do-podio\/\" \/>\n<meta property=\"og:locale\" content=\"pt_PT\" \/>\n<meta property=\"og:type\" content=\"article\" \/>\n<meta property=\"og:title\" content=\"Melhor Mecatr\u00f3nico 2023 - Os tr\u00eas Mecatr\u00f3nicos do p\u00f3dio - Jornal das Oficinas\" \/>\n<meta property=\"og:description\" content=\"Ao longo de tr\u00eas dias, os concorrentes competiram em v\u00e1rias provas, nas quais tiveram de resolver diferentes avarias em ve\u00edculos reais.\" \/>\n<meta property=\"og:url\" content=\"https:\/\/jornaldasoficinas.com\/pt\/melhor-mecatronico-2023-os-tres-mecatronicos-do-podio\/\" \/>\n<meta property=\"og:site_name\" content=\"Jornal das Oficinas\" \/>\n<meta property=\"article:publisher\" content=\"https:\/\/www.facebook.com\/jornaloficinas\" \/>\n<meta property=\"article:published_time\" content=\"2023-04-24T11:00:43+00:00\" \/>\n<meta property=\"article:modified_time\" content=\"2023-07-18T18:00:14+00:00\" \/>\n<meta property=\"og:image\" content=\"https:\/\/jornaldasoficinas.com\/pt\/wp-content\/uploads\/2023\/04\/Melhor-Mecatronico-2023-Os-tres-Mecatronicos-do-podio-.jpeg\" \/>\n\t<meta property=\"og:image:width\" content=\"1024\" \/>\n\t<meta property=\"og:image:height\" content=\"581\" \/>\n\t<meta property=\"og:image:type\" content=\"image\/jpeg\" \/>\n<meta name=\"author\" content=\"Reda\u00e7\u00e3o JO\" \/>\n<meta name=\"twitter:card\" content=\"summary_large_image\" \/>\n<meta name=\"twitter:creator\" content=\"@jornaloficinas\" \/>\n<meta name=\"twitter:site\" content=\"@jornaloficinas\" \/>\n<meta name=\"twitter:label1\" content=\"Escrito por\" \/>\n\t<meta name=\"twitter:data1\" content=\"Reda\u00e7\u00e3o JO\" \/>\n\t<meta name=\"twitter:label2\" content=\"Tempo estimado de leitura\" \/>\n\t<meta name=\"twitter:data2\" content=\"1 minuto\" \/>\n<script type=\"application\/ld+json\" class=\"yoast-schema-graph\">{\"@context\":\"https:\\\/\\\/schema.org\",\"@graph\":[{\"@type\":\"Article\",\"@id\":\"https:\\\/\\\/jornaldasoficinas.com\\\/pt\\\/melhor-mecatronico-2023-os-tres-mecatronicos-do-podio\\\/#article\",\"isPartOf\":{\"@id\":\"https:\\\/\\\/jornaldasoficinas.com\\\/pt\\\/melhor-mecatronico-2023-os-tres-mecatronicos-do-podio\\\/\"},\"author\":{\"name\":\"Reda\u00e7\u00e3o JO\",\"@id\":\"https:\\\/\\\/jornaldasoficinas.com\\\/pt\\\/#\\\/schema\\\/person\\\/a38eef5de2c41d9e7c9ac10141afddf3\"},\"headline\":\"Melhor Mecatr\u00f3nico 2023 &#8211; Os tr\u00eas Mecatr\u00f3nicos do p\u00f3dio\",\"datePublished\":\"2023-04-24T11:00:43+00:00\",\"dateModified\":\"2023-07-18T18:00:14+00:00\",\"mainEntityOfPage\":{\"@id\":\"https:\\\/\\\/jornaldasoficinas.com\\\/pt\\\/melhor-mecatronico-2023-os-tres-mecatronicos-do-podio\\\/\"},\"wordCount\":134,\"publisher\":{\"@id\":\"https:\\\/\\\/jornaldasoficinas.com\\\/pt\\\/#organization\"},\"image\":{\"@id\":\"https:\\\/\\\/jornaldasoficinas.com\\\/pt\\\/melhor-mecatronico-2023-os-tres-mecatronicos-do-podio\\\/#primaryimage\"},\"thumbnailUrl\":\"https:\\\/\\\/jornaldasoficinas.com\\\/pt\\\/wp-content\\\/uploads\\\/2023\\\/04\\\/Melhor-Mecatronico-2023-Os-tres-Mecatronicos-do-podio-.jpeg\",\"keywords\":[\"ATEC\",\"Classificados\",\"Competi\u00e7\u00e3o\",\"Competi\u00e7\u00e3o \u201cMelhor Mecatr\u00f3nico 2023\u201d\",\"expoMEC\u00c2NICA\",\"Jornal das Oficinas\",\"Mecatro\u0301nico Automo\u0301vel\",\"Mecatr\u00f3nicos no p\u00f3dio\",\"Melhor Mecatr\u00f3nico\"],\"articleSection\":[\"expoMEC\u00c2NICA\",\"Melhor Mecatr\u00f3nico\"],\"inLanguage\":\"pt-PT\"},{\"@type\":\"WebPage\",\"@id\":\"https:\\\/\\\/jornaldasoficinas.com\\\/pt\\\/melhor-mecatronico-2023-os-tres-mecatronicos-do-podio\\\/\",\"url\":\"https:\\\/\\\/jornaldasoficinas.com\\\/pt\\\/melhor-mecatronico-2023-os-tres-mecatronicos-do-podio\\\/\",\"name\":\"Melhor Mecatr\u00f3nico 2023 - Os tr\u00eas Mecatr\u00f3nicos do p\u00f3dio - Jornal das Oficinas\",\"isPartOf\":{\"@id\":\"https:\\\/\\\/jornaldasoficinas.com\\\/pt\\\/#website\"},\"primaryImageOfPage\":{\"@id\":\"https:\\\/\\\/jornaldasoficinas.com\\\/pt\\\/melhor-mecatronico-2023-os-tres-mecatronicos-do-podio\\\/#primaryimage\"},\"image\":{\"@id\":\"https:\\\/\\\/jornaldasoficinas.com\\\/pt\\\/melhor-mecatronico-2023-os-tres-mecatronicos-do-podio\\\/#primaryimage\"},\"thumbnailUrl\":\"https:\\\/\\\/jornaldasoficinas.com\\\/pt\\\/wp-content\\\/uploads\\\/2023\\\/04\\\/Melhor-Mecatronico-2023-Os-tres-Mecatronicos-do-podio-.jpeg\",\"datePublished\":\"2023-04-24T11:00:43+00:00\",\"dateModified\":\"2023-07-18T18:00:14+00:00\",\"description\":\"Ao longo de tr\u00eas dias, os concorrentes competiram em v\u00e1rias provas, nas quais tiveram de resolver diferentes avarias em ve\u00edculos reais.\",\"breadcrumb\":{\"@id\":\"https:\\\/\\\/jornaldasoficinas.com\\\/pt\\\/melhor-mecatronico-2023-os-tres-mecatronicos-do-podio\\\/#breadcrumb\"},\"inLanguage\":\"pt-PT\",\"potentialAction\":[{\"@type\":\"ReadAction\",\"target\":[\"https:\\\/\\\/jornaldasoficinas.com\\\/pt\\\/melhor-mecatronico-2023-os-tres-mecatronicos-do-podio\\\/\"]}]},{\"@type\":\"ImageObject\",\"inLanguage\":\"pt-PT\",\"@id\":\"https:\\\/\\\/jornaldasoficinas.com\\\/pt\\\/melhor-mecatronico-2023-os-tres-mecatronicos-do-podio\\\/#primaryimage\",\"url\":\"https:\\\/\\\/jornaldasoficinas.com\\\/pt\\\/wp-content\\\/uploads\\\/2023\\\/04\\\/Melhor-Mecatronico-2023-Os-tres-Mecatronicos-do-podio-.jpeg\",\"contentUrl\":\"https:\\\/\\\/jornaldasoficinas.com\\\/pt\\\/wp-content\\\/uploads\\\/2023\\\/04\\\/Melhor-Mecatronico-2023-Os-tres-Mecatronicos-do-podio-.jpeg\",\"width\":1024,\"height\":581,\"caption\":\"04 - Melhor Mecatronico 2023 Os tres Mecatronicos do podio\"},{\"@type\":\"BreadcrumbList\",\"@id\":\"https:\\\/\\\/jornaldasoficinas.com\\\/pt\\\/melhor-mecatronico-2023-os-tres-mecatronicos-do-podio\\\/#breadcrumb\",\"itemListElement\":[{\"@type\":\"ListItem\",\"position\":1,\"name\":\"In\u00edcio\",\"item\":\"https:\\\/\\\/jornaldasoficinas.com\\\/pt\\\/\"},{\"@type\":\"ListItem\",\"position\":2,\"name\":\"Melhor Mecatr\u00f3nico 2023 &#8211; Os tr\u00eas Mecatr\u00f3nicos do p\u00f3dio\"}]},{\"@type\":\"WebSite\",\"@id\":\"https:\\\/\\\/jornaldasoficinas.com\\\/pt\\\/#website\",\"url\":\"https:\\\/\\\/jornaldasoficinas.com\\\/pt\\\/\",\"name\":\"Jornal das Oficinas\",\"description\":\"Jornal independente do Aftermarket Autom\u00f3vel em Portugal\",\"publisher\":{\"@id\":\"https:\\\/\\\/jornaldasoficinas.com\\\/pt\\\/#organization\"},\"potentialAction\":[{\"@type\":\"SearchAction\",\"target\":{\"@type\":\"EntryPoint\",\"urlTemplate\":\"https:\\\/\\\/jornaldasoficinas.com\\\/pt\\\/?s={search_term_string}\"},\"query-input\":{\"@type\":\"PropertyValueSpecification\",\"valueRequired\":true,\"valueName\":\"search_term_string\"}}],\"inLanguage\":\"pt-PT\"},{\"@type\":\"Organization\",\"@id\":\"https:\\\/\\\/jornaldasoficinas.com\\\/pt\\\/#organization\",\"name\":\"Jornal das Oficinas\",\"url\":\"https:\\\/\\\/jornaldasoficinas.com\\\/pt\\\/\",\"logo\":{\"@type\":\"ImageObject\",\"inLanguage\":\"pt-PT\",\"@id\":\"https:\\\/\\\/jornaldasoficinas.com\\\/pt\\\/#\\\/schema\\\/logo\\\/image\\\/\",\"url\":\"https:\\\/\\\/jornaldasoficinas.com\\\/pt\\\/wp-content\\\/uploads\\\/logoJO-SEO.png\",\"contentUrl\":\"https:\\\/\\\/jornaldasoficinas.com\\\/pt\\\/wp-content\\\/uploads\\\/logoJO-SEO.png\",\"width\":285,\"height\":450,\"caption\":\"Jornal das Oficinas\"},\"image\":{\"@id\":\"https:\\\/\\\/jornaldasoficinas.com\\\/pt\\\/#\\\/schema\\\/logo\\\/image\\\/\"},\"sameAs\":[\"https:\\\/\\\/www.facebook.com\\\/jornaloficinas\",\"https:\\\/\\\/x.com\\\/jornaloficinas\",\"https:\\\/\\\/www.instagram.com\\\/jornal_oficinas\\\/\",\"https:\\\/\\\/www.linkedin.com\\\/company\\\/jornal-das-oficinas\\\/\",\"https:\\\/\\\/www.youtube.com\\\/channel\\\/UCbQZBqtcvV-oSQrr7RzINGg\"]},{\"@type\":\"Person\",\"@id\":\"https:\\\/\\\/jornaldasoficinas.com\\\/pt\\\/#\\\/schema\\\/person\\\/a38eef5de2c41d9e7c9ac10141afddf3\",\"name\":\"Reda\u00e7\u00e3o JO\",\"image\":{\"@type\":\"ImageObject\",\"inLanguage\":\"pt-PT\",\"@id\":\"https:\\\/\\\/secure.gravatar.com\\\/avatar\\\/71f2fa71737ad68a84fea94bc708ddac8ea5b0c4788dc2ad202f3ccb2887742f?s=96&d=wp_user_avatar&r=g\",\"url\":\"https:\\\/\\\/secure.gravatar.com\\\/avatar\\\/71f2fa71737ad68a84fea94bc708ddac8ea5b0c4788dc2ad202f3ccb2887742f?s=96&d=wp_user_avatar&r=g\",\"contentUrl\":\"https:\\\/\\\/secure.gravatar.com\\\/avatar\\\/71f2fa71737ad68a84fea94bc708ddac8ea5b0c4788dc2ad202f3ccb2887742f?s=96&d=wp_user_avatar&r=g\",\"caption\":\"Reda\u00e7\u00e3o JO\"},\"url\":\"https:\\\/\\\/jornaldasoficinas.com\\\/pt\\\/author\\\/joredacao\\\/\"}]}<\/script>\n<!-- \/ Yoast SEO plugin. -->","yoast_head_json":{"title":"Melhor Mecatr\u00f3nico 2023 - Os tr\u00eas Mecatr\u00f3nicos do p\u00f3dio - Jornal das Oficinas","description":"Ao longo de tr\u00eas dias, os concorrentes competiram em v\u00e1rias provas, nas quais tiveram de resolver diferentes avarias em ve\u00edculos reais.","robots":{"index":"index","follow":"follow","max-snippet":"max-snippet:-1","max-image-preview":"max-image-preview:large","max-video-preview":"max-video-preview:-1"},"canonical":"https:\/\/jornaldasoficinas.com\/pt\/melhor-mecatronico-2023-os-tres-mecatronicos-do-podio\/","og_locale":"pt_PT","og_type":"article","og_title":"Melhor Mecatr\u00f3nico 2023 - Os tr\u00eas Mecatr\u00f3nicos do p\u00f3dio - Jornal das Oficinas","og_description":"Ao longo de tr\u00eas dias, os concorrentes competiram em v\u00e1rias provas, nas quais tiveram de resolver diferentes avarias em ve\u00edculos reais.","og_url":"https:\/\/jornaldasoficinas.com\/pt\/melhor-mecatronico-2023-os-tres-mecatronicos-do-podio\/","og_site_name":"Jornal das Oficinas","article_publisher":"https:\/\/www.facebook.com\/jornaloficinas","article_published_time":"2023-04-24T11:00:43+00:00","article_modified_time":"2023-07-18T18:00:14+00:00","og_image":[{"width":1024,"height":581,"url":"https:\/\/jornaldasoficinas.com\/pt\/wp-content\/uploads\/2023\/04\/Melhor-Mecatronico-2023-Os-tres-Mecatronicos-do-podio-.jpeg","type":"image\/jpeg"}],"author":"Reda\u00e7\u00e3o JO","twitter_card":"summary_large_image","twitter_creator":"@jornaloficinas","twitter_site":"@jornaloficinas","twitter_misc":{"Escrito por":"Reda\u00e7\u00e3o JO","Tempo estimado de leitura":"1 minuto"},"schema":{"@context":"https:\/\/schema.org","@graph":[{"@type":"Article","@id":"https:\/\/jornaldasoficinas.com\/pt\/melhor-mecatronico-2023-os-tres-mecatronicos-do-podio\/#article","isPartOf":{"@id":"https:\/\/jornaldasoficinas.com\/pt\/melhor-mecatronico-2023-os-tres-mecatronicos-do-podio\/"},"author":{"name":"Reda\u00e7\u00e3o JO","@id":"https:\/\/jornaldasoficinas.com\/pt\/#\/schema\/person\/a38eef5de2c41d9e7c9ac10141afddf3"},"headline":"Melhor Mecatr\u00f3nico 2023 &#8211; Os tr\u00eas Mecatr\u00f3nicos do p\u00f3dio","datePublished":"2023-04-24T11:00:43+00:00","dateModified":"2023-07-18T18:00:14+00:00","mainEntityOfPage":{"@id":"https:\/\/jornaldasoficinas.com\/pt\/melhor-mecatronico-2023-os-tres-mecatronicos-do-podio\/"},"wordCount":134,"publisher":{"@id":"https:\/\/jornaldasoficinas.com\/pt\/#organization"},"image":{"@id":"https:\/\/jornaldasoficinas.com\/pt\/melhor-mecatronico-2023-os-tres-mecatronicos-do-podio\/#primaryimage"},"thumbnailUrl":"https:\/\/jornaldasoficinas.com\/pt\/wp-content\/uploads\/2023\/04\/Melhor-Mecatronico-2023-Os-tres-Mecatronicos-do-podio-.jpeg","keywords":["ATEC","Classificados","Competi\u00e7\u00e3o","Competi\u00e7\u00e3o \u201cMelhor Mecatr\u00f3nico 2023\u201d","expoMEC\u00c2NICA","Jornal das Oficinas","Mecatro\u0301nico Automo\u0301vel","Mecatr\u00f3nicos no p\u00f3dio","Melhor Mecatr\u00f3nico"],"articleSection":["expoMEC\u00c2NICA","Melhor Mecatr\u00f3nico"],"inLanguage":"pt-PT"},{"@type":"WebPage","@id":"https:\/\/jornaldasoficinas.com\/pt\/melhor-mecatronico-2023-os-tres-mecatronicos-do-podio\/","url":"https:\/\/jornaldasoficinas.com\/pt\/melhor-mecatronico-2023-os-tres-mecatronicos-do-podio\/","name":"Melhor Mecatr\u00f3nico 2023 - Os tr\u00eas Mecatr\u00f3nicos do p\u00f3dio - Jornal das Oficinas","isPartOf":{"@id":"https:\/\/jornaldasoficinas.com\/pt\/#website"},"primaryImageOfPage":{"@id":"https:\/\/jornaldasoficinas.com\/pt\/melhor-mecatronico-2023-os-tres-mecatronicos-do-podio\/#primaryimage"},"image":{"@id":"https:\/\/jornaldasoficinas.com\/pt\/melhor-mecatronico-2023-os-tres-mecatronicos-do-podio\/#primaryimage"},"thumbnailUrl":"https:\/\/jornaldasoficinas.com\/pt\/wp-content\/uploads\/2023\/04\/Melhor-Mecatronico-2023-Os-tres-Mecatronicos-do-podio-.jpeg","datePublished":"2023-04-24T11:00:43+00:00","dateModified":"2023-07-18T18:00:14+00:00","description":"Ao longo de tr\u00eas dias, os concorrentes competiram em v\u00e1rias provas, nas quais tiveram de resolver diferentes avarias em ve\u00edculos reais.","breadcrumb":{"@id":"https:\/\/jornaldasoficinas.com\/pt\/melhor-mecatronico-2023-os-tres-mecatronicos-do-podio\/#breadcrumb"},"inLanguage":"pt-PT","potentialAction":[{"@type":"ReadAction","target":["https:\/\/jornaldasoficinas.com\/pt\/melhor-mecatronico-2023-os-tres-mecatronicos-do-podio\/"]}]},{"@type":"ImageObject","inLanguage":"pt-PT","@id":"https:\/\/jornaldasoficinas.com\/pt\/melhor-mecatronico-2023-os-tres-mecatronicos-do-podio\/#primaryimage","url":"https:\/\/jornaldasoficinas.com\/pt\/wp-content\/uploads\/2023\/04\/Melhor-Mecatronico-2023-Os-tres-Mecatronicos-do-podio-.jpeg","contentUrl":"https:\/\/jornaldasoficinas.com\/pt\/wp-content\/uploads\/2023\/04\/Melhor-Mecatronico-2023-Os-tres-Mecatronicos-do-podio-.jpeg","width":1024,"height":581,"caption":"04 - Melhor Mecatronico 2023 Os tres Mecatronicos do podio"},{"@type":"BreadcrumbList","@id":"https:\/\/jornaldasoficinas.com\/pt\/melhor-mecatronico-2023-os-tres-mecatronicos-do-podio\/#breadcrumb","itemListElement":[{"@type":"ListItem","position":1,"name":"In\u00edcio","item":"https:\/\/jornaldasoficinas.com\/pt\/"},{"@type":"ListItem","position":2,"name":"Melhor Mecatr\u00f3nico 2023 &#8211; Os tr\u00eas Mecatr\u00f3nicos do p\u00f3dio"}]},{"@type":"WebSite","@id":"https:\/\/jornaldasoficinas.com\/pt\/#website","url":"https:\/\/jornaldasoficinas.com\/pt\/","name":"Jornal das Oficinas","description":"Jornal independente do Aftermarket Autom\u00f3vel em Portugal","publisher":{"@id":"https:\/\/jornaldasoficinas.com\/pt\/#organization"},"potentialAction":[{"@type":"SearchAction","target":{"@type":"EntryPoint","urlTemplate":"https:\/\/jornaldasoficinas.com\/pt\/?s={search_term_string}"},"query-input":{"@type":"PropertyValueSpecification","valueRequired":true,"valueName":"search_term_string"}}],"inLanguage":"pt-PT"},{"@type":"Organization","@id":"https:\/\/jornaldasoficinas.com\/pt\/#organization","name":"Jornal das Oficinas","url":"https:\/\/jornaldasoficinas.com\/pt\/","logo":{"@type":"ImageObject","inLanguage":"pt-PT","@id":"https:\/\/jornaldasoficinas.com\/pt\/#\/schema\/logo\/image\/","url":"https:\/\/jornaldasoficinas.com\/pt\/wp-content\/uploads\/logoJO-SEO.png","contentUrl":"https:\/\/jornaldasoficinas.com\/pt\/wp-content\/uploads\/logoJO-SEO.png","width":285,"height":450,"caption":"Jornal das Oficinas"},"image":{"@id":"https:\/\/jornaldasoficinas.com\/pt\/#\/schema\/logo\/image\/"},"sameAs":["https:\/\/www.facebook.com\/jornaloficinas","https:\/\/x.com\/jornaloficinas","https:\/\/www.instagram.com\/jornal_oficinas\/","https:\/\/www.linkedin.com\/company\/jornal-das-oficinas\/","https:\/\/www.youtube.com\/channel\/UCbQZBqtcvV-oSQrr7RzINGg"]},{"@type":"Person","@id":"https:\/\/jornaldasoficinas.com\/pt\/#\/schema\/person\/a38eef5de2c41d9e7c9ac10141afddf3","name":"Reda\u00e7\u00e3o JO","image":{"@type":"ImageObject","inLanguage":"pt-PT","@id":"https:\/\/secure.gravatar.com\/avatar\/71f2fa71737ad68a84fea94bc708ddac8ea5b0c4788dc2ad202f3ccb2887742f?s=96&d=wp_user_avatar&r=g","url":"https:\/\/secure.gravatar.com\/avatar\/71f2fa71737ad68a84fea94bc708ddac8ea5b0c4788dc2ad202f3ccb2887742f?s=96&d=wp_user_avatar&r=g","contentUrl":"https:\/\/secure.gravatar.com\/avatar\/71f2fa71737ad68a84fea94bc708ddac8ea5b0c4788dc2ad202f3ccb2887742f?s=96&d=wp_user_avatar&r=g","caption":"Reda\u00e7\u00e3o JO"},"url":"https:\/\/jornaldasoficinas.com\/pt\/author\/joredacao\/"}]}},"_links":{"self":[{"href":"https:\/\/jornaldasoficinas.com\/pt\/wp-json\/wp\/v2\/posts\/65714","targetHints":{"allow":["GET"]}}],"collection":[{"href":"https:\/\/jornaldasoficinas.com\/pt\/wp-json\/wp\/v2\/posts"}],"about":[{"href":"https:\/\/jornaldasoficinas.com\/pt\/wp-json\/wp\/v2\/types\/post"}],"author":[{"embeddable":true,"href":"https:\/\/jornaldasoficinas.com\/pt\/wp-json\/wp\/v2\/users\/15"}],"replies":[{"embeddable":true,"href":"https:\/\/jornaldasoficinas.com\/pt\/wp-json\/wp\/v2\/comments?post=65714"}],"version-history":[{"count":0,"href":"https:\/\/jornaldasoficinas.com\/pt\/wp-json\/wp\/v2\/posts\/65714\/revisions"}],"wp:featuredmedia":[{"embeddable":true,"href":"https:\/\/jornaldasoficinas.com\/pt\/wp-json\/wp\/v2\/media\/65716"}],"wp:attachment":[{"href":"https:\/\/jornaldasoficinas.com\/pt\/wp-json\/wp\/v2\/media?parent=65714"}],"wp:term":[{"taxonomy":"category","embeddable":true,"href":"https:\/\/jornaldasoficinas.com\/pt\/wp-json\/wp\/v2\/categories?post=65714"},{"taxonomy":"post_tag","embeddable":true,"href":"https:\/\/jornaldasoficinas.com\/pt\/wp-json\/wp\/v2\/tags?post=65714"}],"curies":[{"name":"wp","href":"https:\/\/api.w.org\/{rel}","templated":true}]}}