{"id":65760,"date":"2023-04-25T18:00:07","date_gmt":"2023-04-25T17:00:07","guid":{"rendered":"https:\/\/jornaldasoficinas.com\/pt\/?p=65760"},"modified":"2023-04-25T13:34:10","modified_gmt":"2023-04-25T12:34:10","slug":"bosch-apresenta-novo-software-de-diagnostico-esitronic-2-0","status":"publish","type":"post","link":"https:\/\/jornaldasoficinas.com\/pt\/bosch-apresenta-novo-software-de-diagnostico-esitronic-2-0\/","title":{"rendered":"Bosch apresenta novo software de diagn\u00f3stico ESI[tronic] 2.0"},"content":{"rendered":"<p><img loading=\"lazy\" decoding=\"async\" class=\"alignnone size-full wp-image-65762\" src=\"https:\/\/jornaldasoficinas.com\/pt\/wp-content\/uploads\/2023\/04\/Bosch-apresenta-novo-software-de-diagnostico-ESItronic-2.0.jpg\" alt=\"04 - Bosch apresenta novo software de diagnostico ESItronic 2.0\" width=\"1024\" height=\"581\" srcset=\"https:\/\/jornaldasoficinas.com\/pt\/wp-content\/uploads\/2023\/04\/Bosch-apresenta-novo-software-de-diagnostico-ESItronic-2.0.jpg 1024w, https:\/\/jornaldasoficinas.com\/pt\/wp-content\/uploads\/2023\/04\/Bosch-apresenta-novo-software-de-diagnostico-ESItronic-2.0-300x170.jpg 300w, https:\/\/jornaldasoficinas.com\/pt\/wp-content\/uploads\/2023\/04\/Bosch-apresenta-novo-software-de-diagnostico-ESItronic-2.0-150x85.jpg 150w, https:\/\/jornaldasoficinas.com\/pt\/wp-content\/uploads\/2023\/04\/Bosch-apresenta-novo-software-de-diagnostico-ESItronic-2.0-768x436.jpg 768w\" sizes=\"auto, (max-width: 1024px) 100vw, 1024px\" \/><\/p>\n<p><strong>As atividades di\u00e1rias na oficina devem ser realizadas da forma mais eficiente e r\u00e1pida poss\u00edvel, para isso \u00e9 necess\u00e1rio contar a ferramenta adequada. O novo software de diagn\u00f3stico <a href=\"https:\/\/www.boschaftermarket.com\/pt\/pt\/equipamentos-e-diagnostico\/diagnostico\/software-esitronic\/esi-2-0-online\" target=\"_blank\" rel=\"noopener\">ESI[tronic] 2.0 Online<\/a> da <a href=\"https:\/\/www.boschaftermarket.com\/pt\/pt\" target=\"_blank\" rel=\"noopener\">Bosch<\/a> \u00e9 a solu\u00e7\u00e3o que permitir\u00e1 \u00e0s oficinas enfrentar este desafio, ajudando os mec\u00e2nicos nas suas tarefas de repara\u00e7\u00e3o e manuten\u00e7\u00e3o.<\/strong><\/p>\n<p>O ESI[tronic] n\u00e3o \u00e9 apenas uma ferramenta, mas sim um recurso tang\u00edvel de solu\u00e7\u00e3o de problemas que fornece acesso a dados de 90 000 modelos de ve\u00edculos de 150 marcas, cobrindo at\u00e9 95% do mercado total<\/p>\n<p>O software permite ao t\u00e9cnico aceder a informa\u00e7\u00f5es de diagn\u00f3stico do ve\u00edculo, instru\u00e7\u00f5es de solu\u00e7\u00e3o de problemas, manuais de repara\u00e7\u00e3o e solu\u00e7\u00f5es para repara\u00e7\u00e3o de avarias conhecidas com base na experi\u00eancia de fabricantes e oficinas (EBR), bem como planos de manuten\u00e7\u00e3o e esquemas el\u00e9tricos.<\/p>\n<p>Quando combinado com um dispositivo de diagn\u00f3stico da s\u00e9rie KTS e um port\u00e1til ou tablet da s\u00e9rie DCU da Bosch, o ESI[tronic] torna-se um facilitador, mentor e parceiro para a oficina.<\/p>\n<p>Al\u00e9m disso, para que a oficina aproveite ao m\u00e1ximo o ESI[tronic], o site da Bosch Automotive Aftermarket, publicar\u00e1, ao longo do ano, uma grande variedade de fichas t\u00e9cnicas com diferentes informa\u00e7\u00f5es sobre como selecionar o ve\u00edculo correto, a vis\u00e3o geral do sistema e relat\u00f3rios de protocolo, identifica\u00e7\u00e3o de repara\u00e7\u00f5es identificadas com base na experi\u00eancia (EBR), etc.<\/p>\n<p><strong>SDA e EBR para aumentar a efici\u00eancia da oficina<\/strong><br \/>\nO ESI[tronic] \u00e9 um produto flex\u00edvel com op\u00e7\u00f5es de pacote modular &#8211; Diagn\u00f3stico, Avan\u00e7ado e Mestre -, permitindo que expandir o software de diagn\u00f3stico com op\u00e7\u00f5es adicionais sempre e quando for necess\u00e1rio. Al\u00e9m disso, cada um dos pacotes inclui SDA (Acesso Seguro ao Diagn\u00f3stico) e EBR (Repara\u00e7\u00e3o Baseada na Experi\u00eancia).<\/p>\n<p>O SDA \u00e9 uma solu\u00e7\u00e3o centralizada, integrada e padronizada que permite acesso direto a dados protegidos de ve\u00edculos de diferentes fabricantes de autom\u00f3veis. Desta forma, as oficinas podem continuar a realizar diagn\u00f3sticos completos em ve\u00edculos com dados protegidos de forma f\u00e1cil e sem restri\u00e7\u00f5es, sem necessidade de registo em cada marca. As oficinas economizam tempo e dinheiro, aumentando a efici\u00eancia dos diagn\u00f3sticos e garantindo a sua competitividade.<\/p>\n<p>Por outro lado, o EBR permite o acesso a uma grande base de dados da Bosch, na qual s\u00e3o armazenados in\u00fameros casos de utiliza\u00e7\u00e3o real recolhidos no dia-a-dia da oficina e que j\u00e1 t\u00eam solu\u00e7\u00e3o comprovada pelos t\u00e9cnicos da empresa.<\/p>\n<p>Desta forma, assim que um erro \u00e9 reconhecido no momento do diagn\u00f3stico, \u00e9 automaticamente recomendada uma solu\u00e7\u00e3o de repara\u00e7\u00e3o que j\u00e1 provou funcionar noutra oficina, permitindo a resolu\u00e7\u00e3o do problema de forma r\u00e1pida e segura.<\/p>\n","protected":false},"excerpt":{"rendered":"<p>As atividades di\u00e1rias na oficina devem&#8230;<\/p>\n","protected":false},"author":15,"featured_media":65762,"comment_status":"closed","ping_status":"closed","sticky":false,"template":"","format":"standard","meta":{"footnotes":""},"categories":[29],"tags":[123,5138,5139],"class_list":["post-65760","post","type-post","status-publish","format-standard","has-post-thumbnail","hentry","category-empresas","tag-bosch","tag-esitronic-2-0-online","tag-software-de-diagnostico"],"yoast_head":"<!-- This site is optimized with the Yoast SEO plugin v27.5 - https:\/\/yoast.com\/product\/yoast-seo-wordpress\/ -->\n<title>Bosch apresenta novo software de diagn\u00f3stico ESI[tronic] 2.0 - Jornal das Oficinas<\/title>\n<meta name=\"description\" content=\"As atividades di\u00e1rias na oficina devem ser realizadas da forma eficiente e r\u00e1pida, para isso \u00e9 necess\u00e1rio contar com a ferramenta adequada\" \/>\n<meta name=\"robots\" content=\"index, follow, max-snippet:-1, max-image-preview:large, max-video-preview:-1\" \/>\n<link rel=\"canonical\" href=\"https:\/\/jornaldasoficinas.com\/pt\/bosch-apresenta-novo-software-de-diagnostico-esitronic-2-0\/\" \/>\n<meta property=\"og:locale\" content=\"pt_PT\" \/>\n<meta property=\"og:type\" content=\"article\" \/>\n<meta property=\"og:title\" content=\"Bosch apresenta novo software de diagn\u00f3stico ESI[tronic] 2.0 - Jornal das Oficinas\" \/>\n<meta property=\"og:description\" content=\"As atividades di\u00e1rias na oficina devem ser realizadas da forma eficiente e r\u00e1pida, para isso \u00e9 necess\u00e1rio contar com a ferramenta adequada\" \/>\n<meta property=\"og:url\" content=\"https:\/\/jornaldasoficinas.com\/pt\/bosch-apresenta-novo-software-de-diagnostico-esitronic-2-0\/\" \/>\n<meta property=\"og:site_name\" content=\"Jornal das Oficinas\" \/>\n<meta property=\"article:publisher\" content=\"https:\/\/www.facebook.com\/jornaloficinas\" \/>\n<meta property=\"article:published_time\" content=\"2023-04-25T17:00:07+00:00\" \/>\n<meta property=\"og:image\" content=\"https:\/\/jornaldasoficinas.com\/pt\/wp-content\/uploads\/2023\/04\/Bosch-apresenta-novo-software-de-diagnostico-ESItronic-2.0.jpg\" \/>\n\t<meta property=\"og:image:width\" content=\"1024\" \/>\n\t<meta property=\"og:image:height\" content=\"581\" \/>\n\t<meta property=\"og:image:type\" content=\"image\/jpeg\" \/>\n<meta name=\"author\" content=\"Reda\u00e7\u00e3o JO\" \/>\n<meta name=\"twitter:card\" content=\"summary_large_image\" \/>\n<meta name=\"twitter:creator\" content=\"@jornaloficinas\" \/>\n<meta name=\"twitter:site\" content=\"@jornaloficinas\" \/>\n<meta name=\"twitter:label1\" content=\"Escrito por\" \/>\n\t<meta name=\"twitter:data1\" content=\"Reda\u00e7\u00e3o JO\" \/>\n\t<meta name=\"twitter:label2\" content=\"Tempo estimado de leitura\" \/>\n\t<meta name=\"twitter:data2\" content=\"2 minutos\" \/>\n<script type=\"application\/ld+json\" class=\"yoast-schema-graph\">{\"@context\":\"https:\\\/\\\/schema.org\",\"@graph\":[{\"@type\":\"Article\",\"@id\":\"https:\\\/\\\/jornaldasoficinas.com\\\/pt\\\/bosch-apresenta-novo-software-de-diagnostico-esitronic-2-0\\\/#article\",\"isPartOf\":{\"@id\":\"https:\\\/\\\/jornaldasoficinas.com\\\/pt\\\/bosch-apresenta-novo-software-de-diagnostico-esitronic-2-0\\\/\"},\"author\":{\"name\":\"Reda\u00e7\u00e3o JO\",\"@id\":\"https:\\\/\\\/jornaldasoficinas.com\\\/pt\\\/#\\\/schema\\\/person\\\/a38eef5de2c41d9e7c9ac10141afddf3\"},\"headline\":\"Bosch apresenta novo software de diagn\u00f3stico ESI[tronic] 2.0\",\"datePublished\":\"2023-04-25T17:00:07+00:00\",\"mainEntityOfPage\":{\"@id\":\"https:\\\/\\\/jornaldasoficinas.com\\\/pt\\\/bosch-apresenta-novo-software-de-diagnostico-esitronic-2-0\\\/\"},\"wordCount\":494,\"publisher\":{\"@id\":\"https:\\\/\\\/jornaldasoficinas.com\\\/pt\\\/#organization\"},\"image\":{\"@id\":\"https:\\\/\\\/jornaldasoficinas.com\\\/pt\\\/bosch-apresenta-novo-software-de-diagnostico-esitronic-2-0\\\/#primaryimage\"},\"thumbnailUrl\":\"https:\\\/\\\/jornaldasoficinas.com\\\/pt\\\/wp-content\\\/uploads\\\/2023\\\/04\\\/Bosch-apresenta-novo-software-de-diagnostico-ESItronic-2.0.jpg\",\"keywords\":[\"Bosch\",\"ESI[tronic] 2.0 Online\",\"Software de diagn\u00f3stico\"],\"articleSection\":[\"Empresas\"],\"inLanguage\":\"pt-PT\"},{\"@type\":\"WebPage\",\"@id\":\"https:\\\/\\\/jornaldasoficinas.com\\\/pt\\\/bosch-apresenta-novo-software-de-diagnostico-esitronic-2-0\\\/\",\"url\":\"https:\\\/\\\/jornaldasoficinas.com\\\/pt\\\/bosch-apresenta-novo-software-de-diagnostico-esitronic-2-0\\\/\",\"name\":\"Bosch apresenta novo software de diagn\u00f3stico ESI[tronic] 2.0 - Jornal das Oficinas\",\"isPartOf\":{\"@id\":\"https:\\\/\\\/jornaldasoficinas.com\\\/pt\\\/#website\"},\"primaryImageOfPage\":{\"@id\":\"https:\\\/\\\/jornaldasoficinas.com\\\/pt\\\/bosch-apresenta-novo-software-de-diagnostico-esitronic-2-0\\\/#primaryimage\"},\"image\":{\"@id\":\"https:\\\/\\\/jornaldasoficinas.com\\\/pt\\\/bosch-apresenta-novo-software-de-diagnostico-esitronic-2-0\\\/#primaryimage\"},\"thumbnailUrl\":\"https:\\\/\\\/jornaldasoficinas.com\\\/pt\\\/wp-content\\\/uploads\\\/2023\\\/04\\\/Bosch-apresenta-novo-software-de-diagnostico-ESItronic-2.0.jpg\",\"datePublished\":\"2023-04-25T17:00:07+00:00\",\"description\":\"As atividades di\u00e1rias na oficina devem ser realizadas da forma eficiente e r\u00e1pida, para isso \u00e9 necess\u00e1rio contar com a ferramenta adequada\",\"breadcrumb\":{\"@id\":\"https:\\\/\\\/jornaldasoficinas.com\\\/pt\\\/bosch-apresenta-novo-software-de-diagnostico-esitronic-2-0\\\/#breadcrumb\"},\"inLanguage\":\"pt-PT\",\"potentialAction\":[{\"@type\":\"ReadAction\",\"target\":[\"https:\\\/\\\/jornaldasoficinas.com\\\/pt\\\/bosch-apresenta-novo-software-de-diagnostico-esitronic-2-0\\\/\"]}]},{\"@type\":\"ImageObject\",\"inLanguage\":\"pt-PT\",\"@id\":\"https:\\\/\\\/jornaldasoficinas.com\\\/pt\\\/bosch-apresenta-novo-software-de-diagnostico-esitronic-2-0\\\/#primaryimage\",\"url\":\"https:\\\/\\\/jornaldasoficinas.com\\\/pt\\\/wp-content\\\/uploads\\\/2023\\\/04\\\/Bosch-apresenta-novo-software-de-diagnostico-ESItronic-2.0.jpg\",\"contentUrl\":\"https:\\\/\\\/jornaldasoficinas.com\\\/pt\\\/wp-content\\\/uploads\\\/2023\\\/04\\\/Bosch-apresenta-novo-software-de-diagnostico-ESItronic-2.0.jpg\",\"width\":1024,\"height\":581,\"caption\":\"04 - Bosch apresenta novo software de diagnostico ESItronic 2.0\"},{\"@type\":\"BreadcrumbList\",\"@id\":\"https:\\\/\\\/jornaldasoficinas.com\\\/pt\\\/bosch-apresenta-novo-software-de-diagnostico-esitronic-2-0\\\/#breadcrumb\",\"itemListElement\":[{\"@type\":\"ListItem\",\"position\":1,\"name\":\"In\u00edcio\",\"item\":\"https:\\\/\\\/jornaldasoficinas.com\\\/pt\\\/\"},{\"@type\":\"ListItem\",\"position\":2,\"name\":\"Bosch apresenta novo software de diagn\u00f3stico ESI[tronic] 2.0\"}]},{\"@type\":\"WebSite\",\"@id\":\"https:\\\/\\\/jornaldasoficinas.com\\\/pt\\\/#website\",\"url\":\"https:\\\/\\\/jornaldasoficinas.com\\\/pt\\\/\",\"name\":\"Jornal das Oficinas\",\"description\":\"Jornal independente do Aftermarket Autom\u00f3vel em Portugal\",\"publisher\":{\"@id\":\"https:\\\/\\\/jornaldasoficinas.com\\\/pt\\\/#organization\"},\"potentialAction\":[{\"@type\":\"SearchAction\",\"target\":{\"@type\":\"EntryPoint\",\"urlTemplate\":\"https:\\\/\\\/jornaldasoficinas.com\\\/pt\\\/?s={search_term_string}\"},\"query-input\":{\"@type\":\"PropertyValueSpecification\",\"valueRequired\":true,\"valueName\":\"search_term_string\"}}],\"inLanguage\":\"pt-PT\"},{\"@type\":\"Organization\",\"@id\":\"https:\\\/\\\/jornaldasoficinas.com\\\/pt\\\/#organization\",\"name\":\"Jornal das Oficinas\",\"url\":\"https:\\\/\\\/jornaldasoficinas.com\\\/pt\\\/\",\"logo\":{\"@type\":\"ImageObject\",\"inLanguage\":\"pt-PT\",\"@id\":\"https:\\\/\\\/jornaldasoficinas.com\\\/pt\\\/#\\\/schema\\\/logo\\\/image\\\/\",\"url\":\"https:\\\/\\\/jornaldasoficinas.com\\\/pt\\\/wp-content\\\/uploads\\\/logoJO-SEO.png\",\"contentUrl\":\"https:\\\/\\\/jornaldasoficinas.com\\\/pt\\\/wp-content\\\/uploads\\\/logoJO-SEO.png\",\"width\":285,\"height\":450,\"caption\":\"Jornal das Oficinas\"},\"image\":{\"@id\":\"https:\\\/\\\/jornaldasoficinas.com\\\/pt\\\/#\\\/schema\\\/logo\\\/image\\\/\"},\"sameAs\":[\"https:\\\/\\\/www.facebook.com\\\/jornaloficinas\",\"https:\\\/\\\/x.com\\\/jornaloficinas\",\"https:\\\/\\\/www.instagram.com\\\/jornal_oficinas\\\/\",\"https:\\\/\\\/www.linkedin.com\\\/company\\\/jornal-das-oficinas\\\/\",\"https:\\\/\\\/www.youtube.com\\\/channel\\\/UCbQZBqtcvV-oSQrr7RzINGg\"]},{\"@type\":\"Person\",\"@id\":\"https:\\\/\\\/jornaldasoficinas.com\\\/pt\\\/#\\\/schema\\\/person\\\/a38eef5de2c41d9e7c9ac10141afddf3\",\"name\":\"Reda\u00e7\u00e3o JO\",\"image\":{\"@type\":\"ImageObject\",\"inLanguage\":\"pt-PT\",\"@id\":\"https:\\\/\\\/secure.gravatar.com\\\/avatar\\\/71f2fa71737ad68a84fea94bc708ddac8ea5b0c4788dc2ad202f3ccb2887742f?s=96&d=wp_user_avatar&r=g\",\"url\":\"https:\\\/\\\/secure.gravatar.com\\\/avatar\\\/71f2fa71737ad68a84fea94bc708ddac8ea5b0c4788dc2ad202f3ccb2887742f?s=96&d=wp_user_avatar&r=g\",\"contentUrl\":\"https:\\\/\\\/secure.gravatar.com\\\/avatar\\\/71f2fa71737ad68a84fea94bc708ddac8ea5b0c4788dc2ad202f3ccb2887742f?s=96&d=wp_user_avatar&r=g\",\"caption\":\"Reda\u00e7\u00e3o JO\"},\"url\":\"https:\\\/\\\/jornaldasoficinas.com\\\/pt\\\/author\\\/joredacao\\\/\"}]}<\/script>\n<!-- \/ Yoast SEO plugin. -->","yoast_head_json":{"title":"Bosch apresenta novo software de diagn\u00f3stico ESI[tronic] 2.0 - Jornal das Oficinas","description":"As atividades di\u00e1rias na oficina devem ser realizadas da forma eficiente e r\u00e1pida, para isso \u00e9 necess\u00e1rio contar com a ferramenta adequada","robots":{"index":"index","follow":"follow","max-snippet":"max-snippet:-1","max-image-preview":"max-image-preview:large","max-video-preview":"max-video-preview:-1"},"canonical":"https:\/\/jornaldasoficinas.com\/pt\/bosch-apresenta-novo-software-de-diagnostico-esitronic-2-0\/","og_locale":"pt_PT","og_type":"article","og_title":"Bosch apresenta novo software de diagn\u00f3stico ESI[tronic] 2.0 - Jornal das Oficinas","og_description":"As atividades di\u00e1rias na oficina devem ser realizadas da forma eficiente e r\u00e1pida, para isso \u00e9 necess\u00e1rio contar com a ferramenta adequada","og_url":"https:\/\/jornaldasoficinas.com\/pt\/bosch-apresenta-novo-software-de-diagnostico-esitronic-2-0\/","og_site_name":"Jornal das Oficinas","article_publisher":"https:\/\/www.facebook.com\/jornaloficinas","article_published_time":"2023-04-25T17:00:07+00:00","og_image":[{"width":1024,"height":581,"url":"https:\/\/jornaldasoficinas.com\/pt\/wp-content\/uploads\/2023\/04\/Bosch-apresenta-novo-software-de-diagnostico-ESItronic-2.0.jpg","type":"image\/jpeg"}],"author":"Reda\u00e7\u00e3o JO","twitter_card":"summary_large_image","twitter_creator":"@jornaloficinas","twitter_site":"@jornaloficinas","twitter_misc":{"Escrito por":"Reda\u00e7\u00e3o JO","Tempo estimado de leitura":"2 minutos"},"schema":{"@context":"https:\/\/schema.org","@graph":[{"@type":"Article","@id":"https:\/\/jornaldasoficinas.com\/pt\/bosch-apresenta-novo-software-de-diagnostico-esitronic-2-0\/#article","isPartOf":{"@id":"https:\/\/jornaldasoficinas.com\/pt\/bosch-apresenta-novo-software-de-diagnostico-esitronic-2-0\/"},"author":{"name":"Reda\u00e7\u00e3o JO","@id":"https:\/\/jornaldasoficinas.com\/pt\/#\/schema\/person\/a38eef5de2c41d9e7c9ac10141afddf3"},"headline":"Bosch apresenta novo software de diagn\u00f3stico ESI[tronic] 2.0","datePublished":"2023-04-25T17:00:07+00:00","mainEntityOfPage":{"@id":"https:\/\/jornaldasoficinas.com\/pt\/bosch-apresenta-novo-software-de-diagnostico-esitronic-2-0\/"},"wordCount":494,"publisher":{"@id":"https:\/\/jornaldasoficinas.com\/pt\/#organization"},"image":{"@id":"https:\/\/jornaldasoficinas.com\/pt\/bosch-apresenta-novo-software-de-diagnostico-esitronic-2-0\/#primaryimage"},"thumbnailUrl":"https:\/\/jornaldasoficinas.com\/pt\/wp-content\/uploads\/2023\/04\/Bosch-apresenta-novo-software-de-diagnostico-ESItronic-2.0.jpg","keywords":["Bosch","ESI[tronic] 2.0 Online","Software de diagn\u00f3stico"],"articleSection":["Empresas"],"inLanguage":"pt-PT"},{"@type":"WebPage","@id":"https:\/\/jornaldasoficinas.com\/pt\/bosch-apresenta-novo-software-de-diagnostico-esitronic-2-0\/","url":"https:\/\/jornaldasoficinas.com\/pt\/bosch-apresenta-novo-software-de-diagnostico-esitronic-2-0\/","name":"Bosch apresenta novo software de diagn\u00f3stico ESI[tronic] 2.0 - Jornal das Oficinas","isPartOf":{"@id":"https:\/\/jornaldasoficinas.com\/pt\/#website"},"primaryImageOfPage":{"@id":"https:\/\/jornaldasoficinas.com\/pt\/bosch-apresenta-novo-software-de-diagnostico-esitronic-2-0\/#primaryimage"},"image":{"@id":"https:\/\/jornaldasoficinas.com\/pt\/bosch-apresenta-novo-software-de-diagnostico-esitronic-2-0\/#primaryimage"},"thumbnailUrl":"https:\/\/jornaldasoficinas.com\/pt\/wp-content\/uploads\/2023\/04\/Bosch-apresenta-novo-software-de-diagnostico-ESItronic-2.0.jpg","datePublished":"2023-04-25T17:00:07+00:00","description":"As atividades di\u00e1rias na oficina devem ser realizadas da forma eficiente e r\u00e1pida, para isso \u00e9 necess\u00e1rio contar com a ferramenta adequada","breadcrumb":{"@id":"https:\/\/jornaldasoficinas.com\/pt\/bosch-apresenta-novo-software-de-diagnostico-esitronic-2-0\/#breadcrumb"},"inLanguage":"pt-PT","potentialAction":[{"@type":"ReadAction","target":["https:\/\/jornaldasoficinas.com\/pt\/bosch-apresenta-novo-software-de-diagnostico-esitronic-2-0\/"]}]},{"@type":"ImageObject","inLanguage":"pt-PT","@id":"https:\/\/jornaldasoficinas.com\/pt\/bosch-apresenta-novo-software-de-diagnostico-esitronic-2-0\/#primaryimage","url":"https:\/\/jornaldasoficinas.com\/pt\/wp-content\/uploads\/2023\/04\/Bosch-apresenta-novo-software-de-diagnostico-ESItronic-2.0.jpg","contentUrl":"https:\/\/jornaldasoficinas.com\/pt\/wp-content\/uploads\/2023\/04\/Bosch-apresenta-novo-software-de-diagnostico-ESItronic-2.0.jpg","width":1024,"height":581,"caption":"04 - Bosch apresenta novo software de diagnostico ESItronic 2.0"},{"@type":"BreadcrumbList","@id":"https:\/\/jornaldasoficinas.com\/pt\/bosch-apresenta-novo-software-de-diagnostico-esitronic-2-0\/#breadcrumb","itemListElement":[{"@type":"ListItem","position":1,"name":"In\u00edcio","item":"https:\/\/jornaldasoficinas.com\/pt\/"},{"@type":"ListItem","position":2,"name":"Bosch apresenta novo software de diagn\u00f3stico ESI[tronic] 2.0"}]},{"@type":"WebSite","@id":"https:\/\/jornaldasoficinas.com\/pt\/#website","url":"https:\/\/jornaldasoficinas.com\/pt\/","name":"Jornal das Oficinas","description":"Jornal independente do Aftermarket Autom\u00f3vel em Portugal","publisher":{"@id":"https:\/\/jornaldasoficinas.com\/pt\/#organization"},"potentialAction":[{"@type":"SearchAction","target":{"@type":"EntryPoint","urlTemplate":"https:\/\/jornaldasoficinas.com\/pt\/?s={search_term_string}"},"query-input":{"@type":"PropertyValueSpecification","valueRequired":true,"valueName":"search_term_string"}}],"inLanguage":"pt-PT"},{"@type":"Organization","@id":"https:\/\/jornaldasoficinas.com\/pt\/#organization","name":"Jornal das Oficinas","url":"https:\/\/jornaldasoficinas.com\/pt\/","logo":{"@type":"ImageObject","inLanguage":"pt-PT","@id":"https:\/\/jornaldasoficinas.com\/pt\/#\/schema\/logo\/image\/","url":"https:\/\/jornaldasoficinas.com\/pt\/wp-content\/uploads\/logoJO-SEO.png","contentUrl":"https:\/\/jornaldasoficinas.com\/pt\/wp-content\/uploads\/logoJO-SEO.png","width":285,"height":450,"caption":"Jornal das Oficinas"},"image":{"@id":"https:\/\/jornaldasoficinas.com\/pt\/#\/schema\/logo\/image\/"},"sameAs":["https:\/\/www.facebook.com\/jornaloficinas","https:\/\/x.com\/jornaloficinas","https:\/\/www.instagram.com\/jornal_oficinas\/","https:\/\/www.linkedin.com\/company\/jornal-das-oficinas\/","https:\/\/www.youtube.com\/channel\/UCbQZBqtcvV-oSQrr7RzINGg"]},{"@type":"Person","@id":"https:\/\/jornaldasoficinas.com\/pt\/#\/schema\/person\/a38eef5de2c41d9e7c9ac10141afddf3","name":"Reda\u00e7\u00e3o JO","image":{"@type":"ImageObject","inLanguage":"pt-PT","@id":"https:\/\/secure.gravatar.com\/avatar\/71f2fa71737ad68a84fea94bc708ddac8ea5b0c4788dc2ad202f3ccb2887742f?s=96&d=wp_user_avatar&r=g","url":"https:\/\/secure.gravatar.com\/avatar\/71f2fa71737ad68a84fea94bc708ddac8ea5b0c4788dc2ad202f3ccb2887742f?s=96&d=wp_user_avatar&r=g","contentUrl":"https:\/\/secure.gravatar.com\/avatar\/71f2fa71737ad68a84fea94bc708ddac8ea5b0c4788dc2ad202f3ccb2887742f?s=96&d=wp_user_avatar&r=g","caption":"Reda\u00e7\u00e3o JO"},"url":"https:\/\/jornaldasoficinas.com\/pt\/author\/joredacao\/"}]}},"_links":{"self":[{"href":"https:\/\/jornaldasoficinas.com\/pt\/wp-json\/wp\/v2\/posts\/65760","targetHints":{"allow":["GET"]}}],"collection":[{"href":"https:\/\/jornaldasoficinas.com\/pt\/wp-json\/wp\/v2\/posts"}],"about":[{"href":"https:\/\/jornaldasoficinas.com\/pt\/wp-json\/wp\/v2\/types\/post"}],"author":[{"embeddable":true,"href":"https:\/\/jornaldasoficinas.com\/pt\/wp-json\/wp\/v2\/users\/15"}],"replies":[{"embeddable":true,"href":"https:\/\/jornaldasoficinas.com\/pt\/wp-json\/wp\/v2\/comments?post=65760"}],"version-history":[{"count":0,"href":"https:\/\/jornaldasoficinas.com\/pt\/wp-json\/wp\/v2\/posts\/65760\/revisions"}],"wp:featuredmedia":[{"embeddable":true,"href":"https:\/\/jornaldasoficinas.com\/pt\/wp-json\/wp\/v2\/media\/65762"}],"wp:attachment":[{"href":"https:\/\/jornaldasoficinas.com\/pt\/wp-json\/wp\/v2\/media?parent=65760"}],"wp:term":[{"taxonomy":"category","embeddable":true,"href":"https:\/\/jornaldasoficinas.com\/pt\/wp-json\/wp\/v2\/categories?post=65760"},{"taxonomy":"post_tag","embeddable":true,"href":"https:\/\/jornaldasoficinas.com\/pt\/wp-json\/wp\/v2\/tags?post=65760"}],"curies":[{"name":"wp","href":"https:\/\/api.w.org\/{rel}","templated":true}]}}