{"id":65789,"date":"2023-04-26T18:00:33","date_gmt":"2023-04-26T17:00:33","guid":{"rendered":"https:\/\/jornaldasoficinas.com\/pt\/?p=65789"},"modified":"2023-04-26T16:26:59","modified_gmt":"2023-04-26T15:26:59","slug":"b-parts-apresenta-ao-mercado-b-parts-pro","status":"publish","type":"post","link":"https:\/\/jornaldasoficinas.com\/pt\/b-parts-apresenta-ao-mercado-b-parts-pro\/","title":{"rendered":"B-Parts apresenta ao mercado B-Parts PRO"},"content":{"rendered":"<p><strong><img loading=\"lazy\" decoding=\"async\" class=\"alignnone size-full wp-image-65796\" src=\"https:\/\/jornaldasoficinas.com\/pt\/wp-content\/uploads\/2023\/04\/B-Parts-apresenta-ao-mercado-B-Parts-PRO.jpg\" alt=\"04 - B Parts apresenta ao mercado B Parts PRO\" width=\"1024\" height=\"581\" srcset=\"https:\/\/jornaldasoficinas.com\/pt\/wp-content\/uploads\/2023\/04\/B-Parts-apresenta-ao-mercado-B-Parts-PRO.jpg 1024w, https:\/\/jornaldasoficinas.com\/pt\/wp-content\/uploads\/2023\/04\/B-Parts-apresenta-ao-mercado-B-Parts-PRO-300x170.jpg 300w, https:\/\/jornaldasoficinas.com\/pt\/wp-content\/uploads\/2023\/04\/B-Parts-apresenta-ao-mercado-B-Parts-PRO-150x85.jpg 150w, https:\/\/jornaldasoficinas.com\/pt\/wp-content\/uploads\/2023\/04\/B-Parts-apresenta-ao-mercado-B-Parts-PRO-768x436.jpg 768w\" sizes=\"auto, (max-width: 1024px) 100vw, 1024px\" \/><\/strong><\/p>\n<p><strong>A <a href=\"https:\/\/www.b-parts.com\/pt\" target=\"_blank\" rel=\"noopener\">B-Parts<\/a>, comerciante online de pe\u00e7as originais para autom\u00f3veis usados, acaba de lan\u00e7ar a sua nova solu\u00e7\u00e3o para profissionais do setor a B-Parts PRO<\/strong><\/p>\n<p>Com a criac\u0327a\u0303o da conta PRO, os profissionais do setor poder\u00e3o beneficiar de vantagens exclusivas, tais como garantia de 2 anos, vista diferenciada e adequada ao setor, maior facilidade na pesquisa e objetividade na compra, prec\u0327os sem IVA com transporte, suporte priorita\u0301rio (comercial, po\u0301s-venda e logi\u0301stica), e email e linha telefo\u0301nica dedicada das 8h30 a\u0300s 18h.<\/p>\n<p>&#8220;Com a B-Parts PRO, estamos a oferecer uma soluc\u0327a\u0303o personalizada e diferenciada para profissionais do setor automo\u0301vel, que lhes permitira\u0301 uma maior facilidade e rapidez na pesquisa e compra de pec\u0327as originais usadas de qualidade&#8221;, afirmou Manuel Arau\u0301jo Monteiro e Lui\u0301s Sousa Vieira, Administradores-Gerais da B-Parts<\/p>\n<p>Para validar a criac\u0327a\u0303o da conta, sera\u0303o solicitadas as seguintes informac\u0327o\u0303es e documentos de apoio: nu\u0301mero de contribuinte, CAE de reparac\u0327a\u0303o automo\u0301vel e certida\u0303o permanente.<\/p>\n<p>Em 2022, a B-Parts expandiu a sua presenc\u0327a para mais de 160 pai\u0301ses, registando um crescimento de 108% em comparac\u0327a\u0303o com o ano anterior. O objetivo para 2023 e\u0301 atingir um novo crescimento de 100% e reforc\u0327ar a posic\u0327a\u0303o de li\u0301der europeu, ale\u0301m de expandir a atuac\u0327a\u0303o para mercados fora da Unia\u0303o Europeia.<\/p>\n","protected":false},"excerpt":{"rendered":"<p>A B-Parts, comerciante online de pe\u00e7as&#8230;<\/p>\n","protected":false},"author":15,"featured_media":65796,"comment_status":"closed","ping_status":"closed","sticky":false,"template":"","format":"standard","meta":{"footnotes":""},"categories":[29],"tags":[3147,2750,5006,4551],"class_list":["post-65789","post","type-post","status-publish","format-standard","has-post-thumbnail","hentry","category-empresas","tag-automoveis-usados","tag-b-parts","tag-b-parts-pro","tag-pecas-originais"],"yoast_head":"<!-- This site is optimized with the Yoast SEO plugin v27.5 - https:\/\/yoast.com\/product\/yoast-seo-wordpress\/ -->\n<title>B-Parts apresenta ao mercado B-Parts PRO - Jornal das Oficinas<\/title>\n<meta name=\"description\" content=\"A B-Parts, comerciante online de pe\u00e7as originais para autom\u00f3veis usados, acaba de lan\u00e7ar a nova solu\u00e7\u00e3o para profissionais a B-Parts PRO\" \/>\n<meta name=\"robots\" content=\"index, follow, max-snippet:-1, max-image-preview:large, max-video-preview:-1\" \/>\n<link rel=\"canonical\" href=\"https:\/\/jornaldasoficinas.com\/pt\/b-parts-apresenta-ao-mercado-b-parts-pro\/\" \/>\n<meta property=\"og:locale\" content=\"pt_PT\" \/>\n<meta property=\"og:type\" content=\"article\" \/>\n<meta property=\"og:title\" content=\"B-Parts apresenta ao mercado B-Parts PRO - Jornal das Oficinas\" \/>\n<meta property=\"og:description\" content=\"A B-Parts, comerciante online de pe\u00e7as originais para autom\u00f3veis usados, acaba de lan\u00e7ar a nova solu\u00e7\u00e3o para profissionais a B-Parts PRO\" \/>\n<meta property=\"og:url\" content=\"https:\/\/jornaldasoficinas.com\/pt\/b-parts-apresenta-ao-mercado-b-parts-pro\/\" \/>\n<meta property=\"og:site_name\" content=\"Jornal das Oficinas\" \/>\n<meta property=\"article:publisher\" content=\"https:\/\/www.facebook.com\/jornaloficinas\" \/>\n<meta property=\"article:published_time\" content=\"2023-04-26T17:00:33+00:00\" \/>\n<meta property=\"og:image\" content=\"https:\/\/jornaldasoficinas.com\/pt\/wp-content\/uploads\/2023\/04\/B-Parts-apresenta-ao-mercado-B-Parts-PRO.jpg\" \/>\n\t<meta property=\"og:image:width\" content=\"1024\" \/>\n\t<meta property=\"og:image:height\" content=\"581\" \/>\n\t<meta property=\"og:image:type\" content=\"image\/jpeg\" \/>\n<meta name=\"author\" content=\"Reda\u00e7\u00e3o JO\" \/>\n<meta name=\"twitter:card\" content=\"summary_large_image\" \/>\n<meta name=\"twitter:creator\" content=\"@jornaloficinas\" \/>\n<meta name=\"twitter:site\" content=\"@jornaloficinas\" \/>\n<meta name=\"twitter:label1\" content=\"Escrito por\" \/>\n\t<meta name=\"twitter:data1\" content=\"Reda\u00e7\u00e3o JO\" \/>\n\t<meta name=\"twitter:label2\" content=\"Tempo estimado de leitura\" \/>\n\t<meta name=\"twitter:data2\" content=\"1 minuto\" \/>\n<script type=\"application\/ld+json\" class=\"yoast-schema-graph\">{\"@context\":\"https:\\\/\\\/schema.org\",\"@graph\":[{\"@type\":\"Article\",\"@id\":\"https:\\\/\\\/jornaldasoficinas.com\\\/pt\\\/b-parts-apresenta-ao-mercado-b-parts-pro\\\/#article\",\"isPartOf\":{\"@id\":\"https:\\\/\\\/jornaldasoficinas.com\\\/pt\\\/b-parts-apresenta-ao-mercado-b-parts-pro\\\/\"},\"author\":{\"name\":\"Reda\u00e7\u00e3o JO\",\"@id\":\"https:\\\/\\\/jornaldasoficinas.com\\\/pt\\\/#\\\/schema\\\/person\\\/a38eef5de2c41d9e7c9ac10141afddf3\"},\"headline\":\"B-Parts apresenta ao mercado B-Parts PRO\",\"datePublished\":\"2023-04-26T17:00:33+00:00\",\"mainEntityOfPage\":{\"@id\":\"https:\\\/\\\/jornaldasoficinas.com\\\/pt\\\/b-parts-apresenta-ao-mercado-b-parts-pro\\\/\"},\"wordCount\":245,\"publisher\":{\"@id\":\"https:\\\/\\\/jornaldasoficinas.com\\\/pt\\\/#organization\"},\"image\":{\"@id\":\"https:\\\/\\\/jornaldasoficinas.com\\\/pt\\\/b-parts-apresenta-ao-mercado-b-parts-pro\\\/#primaryimage\"},\"thumbnailUrl\":\"https:\\\/\\\/jornaldasoficinas.com\\\/pt\\\/wp-content\\\/uploads\\\/2023\\\/04\\\/B-Parts-apresenta-ao-mercado-B-Parts-PRO.jpg\",\"keywords\":[\"Autom\u00f3veis usados\",\"B-Parts\",\"B-Parts Pro\",\"pe\u00e7as originais\"],\"articleSection\":[\"Empresas\"],\"inLanguage\":\"pt-PT\"},{\"@type\":\"WebPage\",\"@id\":\"https:\\\/\\\/jornaldasoficinas.com\\\/pt\\\/b-parts-apresenta-ao-mercado-b-parts-pro\\\/\",\"url\":\"https:\\\/\\\/jornaldasoficinas.com\\\/pt\\\/b-parts-apresenta-ao-mercado-b-parts-pro\\\/\",\"name\":\"B-Parts apresenta ao mercado B-Parts PRO - Jornal das Oficinas\",\"isPartOf\":{\"@id\":\"https:\\\/\\\/jornaldasoficinas.com\\\/pt\\\/#website\"},\"primaryImageOfPage\":{\"@id\":\"https:\\\/\\\/jornaldasoficinas.com\\\/pt\\\/b-parts-apresenta-ao-mercado-b-parts-pro\\\/#primaryimage\"},\"image\":{\"@id\":\"https:\\\/\\\/jornaldasoficinas.com\\\/pt\\\/b-parts-apresenta-ao-mercado-b-parts-pro\\\/#primaryimage\"},\"thumbnailUrl\":\"https:\\\/\\\/jornaldasoficinas.com\\\/pt\\\/wp-content\\\/uploads\\\/2023\\\/04\\\/B-Parts-apresenta-ao-mercado-B-Parts-PRO.jpg\",\"datePublished\":\"2023-04-26T17:00:33+00:00\",\"description\":\"A B-Parts, comerciante online de pe\u00e7as originais para autom\u00f3veis usados, acaba de lan\u00e7ar a nova solu\u00e7\u00e3o para profissionais a B-Parts PRO\",\"breadcrumb\":{\"@id\":\"https:\\\/\\\/jornaldasoficinas.com\\\/pt\\\/b-parts-apresenta-ao-mercado-b-parts-pro\\\/#breadcrumb\"},\"inLanguage\":\"pt-PT\",\"potentialAction\":[{\"@type\":\"ReadAction\",\"target\":[\"https:\\\/\\\/jornaldasoficinas.com\\\/pt\\\/b-parts-apresenta-ao-mercado-b-parts-pro\\\/\"]}]},{\"@type\":\"ImageObject\",\"inLanguage\":\"pt-PT\",\"@id\":\"https:\\\/\\\/jornaldasoficinas.com\\\/pt\\\/b-parts-apresenta-ao-mercado-b-parts-pro\\\/#primaryimage\",\"url\":\"https:\\\/\\\/jornaldasoficinas.com\\\/pt\\\/wp-content\\\/uploads\\\/2023\\\/04\\\/B-Parts-apresenta-ao-mercado-B-Parts-PRO.jpg\",\"contentUrl\":\"https:\\\/\\\/jornaldasoficinas.com\\\/pt\\\/wp-content\\\/uploads\\\/2023\\\/04\\\/B-Parts-apresenta-ao-mercado-B-Parts-PRO.jpg\",\"width\":1024,\"height\":581,\"caption\":\"B Parts apresenta ao mercado B Parts PRO\"},{\"@type\":\"BreadcrumbList\",\"@id\":\"https:\\\/\\\/jornaldasoficinas.com\\\/pt\\\/b-parts-apresenta-ao-mercado-b-parts-pro\\\/#breadcrumb\",\"itemListElement\":[{\"@type\":\"ListItem\",\"position\":1,\"name\":\"In\u00edcio\",\"item\":\"https:\\\/\\\/jornaldasoficinas.com\\\/pt\\\/\"},{\"@type\":\"ListItem\",\"position\":2,\"name\":\"B-Parts apresenta ao mercado B-Parts PRO\"}]},{\"@type\":\"WebSite\",\"@id\":\"https:\\\/\\\/jornaldasoficinas.com\\\/pt\\\/#website\",\"url\":\"https:\\\/\\\/jornaldasoficinas.com\\\/pt\\\/\",\"name\":\"Jornal das Oficinas\",\"description\":\"Jornal independente do Aftermarket Autom\u00f3vel em Portugal\",\"publisher\":{\"@id\":\"https:\\\/\\\/jornaldasoficinas.com\\\/pt\\\/#organization\"},\"potentialAction\":[{\"@type\":\"SearchAction\",\"target\":{\"@type\":\"EntryPoint\",\"urlTemplate\":\"https:\\\/\\\/jornaldasoficinas.com\\\/pt\\\/?s={search_term_string}\"},\"query-input\":{\"@type\":\"PropertyValueSpecification\",\"valueRequired\":true,\"valueName\":\"search_term_string\"}}],\"inLanguage\":\"pt-PT\"},{\"@type\":\"Organization\",\"@id\":\"https:\\\/\\\/jornaldasoficinas.com\\\/pt\\\/#organization\",\"name\":\"Jornal das Oficinas\",\"url\":\"https:\\\/\\\/jornaldasoficinas.com\\\/pt\\\/\",\"logo\":{\"@type\":\"ImageObject\",\"inLanguage\":\"pt-PT\",\"@id\":\"https:\\\/\\\/jornaldasoficinas.com\\\/pt\\\/#\\\/schema\\\/logo\\\/image\\\/\",\"url\":\"https:\\\/\\\/jornaldasoficinas.com\\\/pt\\\/wp-content\\\/uploads\\\/logoJO-SEO.png\",\"contentUrl\":\"https:\\\/\\\/jornaldasoficinas.com\\\/pt\\\/wp-content\\\/uploads\\\/logoJO-SEO.png\",\"width\":285,\"height\":450,\"caption\":\"Jornal das Oficinas\"},\"image\":{\"@id\":\"https:\\\/\\\/jornaldasoficinas.com\\\/pt\\\/#\\\/schema\\\/logo\\\/image\\\/\"},\"sameAs\":[\"https:\\\/\\\/www.facebook.com\\\/jornaloficinas\",\"https:\\\/\\\/x.com\\\/jornaloficinas\",\"https:\\\/\\\/www.instagram.com\\\/jornal_oficinas\\\/\",\"https:\\\/\\\/www.linkedin.com\\\/company\\\/jornal-das-oficinas\\\/\",\"https:\\\/\\\/www.youtube.com\\\/channel\\\/UCbQZBqtcvV-oSQrr7RzINGg\"]},{\"@type\":\"Person\",\"@id\":\"https:\\\/\\\/jornaldasoficinas.com\\\/pt\\\/#\\\/schema\\\/person\\\/a38eef5de2c41d9e7c9ac10141afddf3\",\"name\":\"Reda\u00e7\u00e3o JO\",\"image\":{\"@type\":\"ImageObject\",\"inLanguage\":\"pt-PT\",\"@id\":\"https:\\\/\\\/secure.gravatar.com\\\/avatar\\\/71f2fa71737ad68a84fea94bc708ddac8ea5b0c4788dc2ad202f3ccb2887742f?s=96&d=wp_user_avatar&r=g\",\"url\":\"https:\\\/\\\/secure.gravatar.com\\\/avatar\\\/71f2fa71737ad68a84fea94bc708ddac8ea5b0c4788dc2ad202f3ccb2887742f?s=96&d=wp_user_avatar&r=g\",\"contentUrl\":\"https:\\\/\\\/secure.gravatar.com\\\/avatar\\\/71f2fa71737ad68a84fea94bc708ddac8ea5b0c4788dc2ad202f3ccb2887742f?s=96&d=wp_user_avatar&r=g\",\"caption\":\"Reda\u00e7\u00e3o JO\"},\"url\":\"https:\\\/\\\/jornaldasoficinas.com\\\/pt\\\/author\\\/joredacao\\\/\"}]}<\/script>\n<!-- \/ Yoast SEO plugin. -->","yoast_head_json":{"title":"B-Parts apresenta ao mercado B-Parts PRO - Jornal das Oficinas","description":"A B-Parts, comerciante online de pe\u00e7as originais para autom\u00f3veis usados, acaba de lan\u00e7ar a nova solu\u00e7\u00e3o para profissionais a B-Parts PRO","robots":{"index":"index","follow":"follow","max-snippet":"max-snippet:-1","max-image-preview":"max-image-preview:large","max-video-preview":"max-video-preview:-1"},"canonical":"https:\/\/jornaldasoficinas.com\/pt\/b-parts-apresenta-ao-mercado-b-parts-pro\/","og_locale":"pt_PT","og_type":"article","og_title":"B-Parts apresenta ao mercado B-Parts PRO - Jornal das Oficinas","og_description":"A B-Parts, comerciante online de pe\u00e7as originais para autom\u00f3veis usados, acaba de lan\u00e7ar a nova solu\u00e7\u00e3o para profissionais a B-Parts PRO","og_url":"https:\/\/jornaldasoficinas.com\/pt\/b-parts-apresenta-ao-mercado-b-parts-pro\/","og_site_name":"Jornal das Oficinas","article_publisher":"https:\/\/www.facebook.com\/jornaloficinas","article_published_time":"2023-04-26T17:00:33+00:00","og_image":[{"width":1024,"height":581,"url":"https:\/\/jornaldasoficinas.com\/pt\/wp-content\/uploads\/2023\/04\/B-Parts-apresenta-ao-mercado-B-Parts-PRO.jpg","type":"image\/jpeg"}],"author":"Reda\u00e7\u00e3o JO","twitter_card":"summary_large_image","twitter_creator":"@jornaloficinas","twitter_site":"@jornaloficinas","twitter_misc":{"Escrito por":"Reda\u00e7\u00e3o JO","Tempo estimado de leitura":"1 minuto"},"schema":{"@context":"https:\/\/schema.org","@graph":[{"@type":"Article","@id":"https:\/\/jornaldasoficinas.com\/pt\/b-parts-apresenta-ao-mercado-b-parts-pro\/#article","isPartOf":{"@id":"https:\/\/jornaldasoficinas.com\/pt\/b-parts-apresenta-ao-mercado-b-parts-pro\/"},"author":{"name":"Reda\u00e7\u00e3o JO","@id":"https:\/\/jornaldasoficinas.com\/pt\/#\/schema\/person\/a38eef5de2c41d9e7c9ac10141afddf3"},"headline":"B-Parts apresenta ao mercado B-Parts PRO","datePublished":"2023-04-26T17:00:33+00:00","mainEntityOfPage":{"@id":"https:\/\/jornaldasoficinas.com\/pt\/b-parts-apresenta-ao-mercado-b-parts-pro\/"},"wordCount":245,"publisher":{"@id":"https:\/\/jornaldasoficinas.com\/pt\/#organization"},"image":{"@id":"https:\/\/jornaldasoficinas.com\/pt\/b-parts-apresenta-ao-mercado-b-parts-pro\/#primaryimage"},"thumbnailUrl":"https:\/\/jornaldasoficinas.com\/pt\/wp-content\/uploads\/2023\/04\/B-Parts-apresenta-ao-mercado-B-Parts-PRO.jpg","keywords":["Autom\u00f3veis usados","B-Parts","B-Parts Pro","pe\u00e7as originais"],"articleSection":["Empresas"],"inLanguage":"pt-PT"},{"@type":"WebPage","@id":"https:\/\/jornaldasoficinas.com\/pt\/b-parts-apresenta-ao-mercado-b-parts-pro\/","url":"https:\/\/jornaldasoficinas.com\/pt\/b-parts-apresenta-ao-mercado-b-parts-pro\/","name":"B-Parts apresenta ao mercado B-Parts PRO - Jornal das Oficinas","isPartOf":{"@id":"https:\/\/jornaldasoficinas.com\/pt\/#website"},"primaryImageOfPage":{"@id":"https:\/\/jornaldasoficinas.com\/pt\/b-parts-apresenta-ao-mercado-b-parts-pro\/#primaryimage"},"image":{"@id":"https:\/\/jornaldasoficinas.com\/pt\/b-parts-apresenta-ao-mercado-b-parts-pro\/#primaryimage"},"thumbnailUrl":"https:\/\/jornaldasoficinas.com\/pt\/wp-content\/uploads\/2023\/04\/B-Parts-apresenta-ao-mercado-B-Parts-PRO.jpg","datePublished":"2023-04-26T17:00:33+00:00","description":"A B-Parts, comerciante online de pe\u00e7as originais para autom\u00f3veis usados, acaba de lan\u00e7ar a nova solu\u00e7\u00e3o para profissionais a B-Parts PRO","breadcrumb":{"@id":"https:\/\/jornaldasoficinas.com\/pt\/b-parts-apresenta-ao-mercado-b-parts-pro\/#breadcrumb"},"inLanguage":"pt-PT","potentialAction":[{"@type":"ReadAction","target":["https:\/\/jornaldasoficinas.com\/pt\/b-parts-apresenta-ao-mercado-b-parts-pro\/"]}]},{"@type":"ImageObject","inLanguage":"pt-PT","@id":"https:\/\/jornaldasoficinas.com\/pt\/b-parts-apresenta-ao-mercado-b-parts-pro\/#primaryimage","url":"https:\/\/jornaldasoficinas.com\/pt\/wp-content\/uploads\/2023\/04\/B-Parts-apresenta-ao-mercado-B-Parts-PRO.jpg","contentUrl":"https:\/\/jornaldasoficinas.com\/pt\/wp-content\/uploads\/2023\/04\/B-Parts-apresenta-ao-mercado-B-Parts-PRO.jpg","width":1024,"height":581,"caption":"B Parts apresenta ao mercado B Parts PRO"},{"@type":"BreadcrumbList","@id":"https:\/\/jornaldasoficinas.com\/pt\/b-parts-apresenta-ao-mercado-b-parts-pro\/#breadcrumb","itemListElement":[{"@type":"ListItem","position":1,"name":"In\u00edcio","item":"https:\/\/jornaldasoficinas.com\/pt\/"},{"@type":"ListItem","position":2,"name":"B-Parts apresenta ao mercado B-Parts PRO"}]},{"@type":"WebSite","@id":"https:\/\/jornaldasoficinas.com\/pt\/#website","url":"https:\/\/jornaldasoficinas.com\/pt\/","name":"Jornal das Oficinas","description":"Jornal independente do Aftermarket Autom\u00f3vel em Portugal","publisher":{"@id":"https:\/\/jornaldasoficinas.com\/pt\/#organization"},"potentialAction":[{"@type":"SearchAction","target":{"@type":"EntryPoint","urlTemplate":"https:\/\/jornaldasoficinas.com\/pt\/?s={search_term_string}"},"query-input":{"@type":"PropertyValueSpecification","valueRequired":true,"valueName":"search_term_string"}}],"inLanguage":"pt-PT"},{"@type":"Organization","@id":"https:\/\/jornaldasoficinas.com\/pt\/#organization","name":"Jornal das Oficinas","url":"https:\/\/jornaldasoficinas.com\/pt\/","logo":{"@type":"ImageObject","inLanguage":"pt-PT","@id":"https:\/\/jornaldasoficinas.com\/pt\/#\/schema\/logo\/image\/","url":"https:\/\/jornaldasoficinas.com\/pt\/wp-content\/uploads\/logoJO-SEO.png","contentUrl":"https:\/\/jornaldasoficinas.com\/pt\/wp-content\/uploads\/logoJO-SEO.png","width":285,"height":450,"caption":"Jornal das Oficinas"},"image":{"@id":"https:\/\/jornaldasoficinas.com\/pt\/#\/schema\/logo\/image\/"},"sameAs":["https:\/\/www.facebook.com\/jornaloficinas","https:\/\/x.com\/jornaloficinas","https:\/\/www.instagram.com\/jornal_oficinas\/","https:\/\/www.linkedin.com\/company\/jornal-das-oficinas\/","https:\/\/www.youtube.com\/channel\/UCbQZBqtcvV-oSQrr7RzINGg"]},{"@type":"Person","@id":"https:\/\/jornaldasoficinas.com\/pt\/#\/schema\/person\/a38eef5de2c41d9e7c9ac10141afddf3","name":"Reda\u00e7\u00e3o JO","image":{"@type":"ImageObject","inLanguage":"pt-PT","@id":"https:\/\/secure.gravatar.com\/avatar\/71f2fa71737ad68a84fea94bc708ddac8ea5b0c4788dc2ad202f3ccb2887742f?s=96&d=wp_user_avatar&r=g","url":"https:\/\/secure.gravatar.com\/avatar\/71f2fa71737ad68a84fea94bc708ddac8ea5b0c4788dc2ad202f3ccb2887742f?s=96&d=wp_user_avatar&r=g","contentUrl":"https:\/\/secure.gravatar.com\/avatar\/71f2fa71737ad68a84fea94bc708ddac8ea5b0c4788dc2ad202f3ccb2887742f?s=96&d=wp_user_avatar&r=g","caption":"Reda\u00e7\u00e3o JO"},"url":"https:\/\/jornaldasoficinas.com\/pt\/author\/joredacao\/"}]}},"_links":{"self":[{"href":"https:\/\/jornaldasoficinas.com\/pt\/wp-json\/wp\/v2\/posts\/65789","targetHints":{"allow":["GET"]}}],"collection":[{"href":"https:\/\/jornaldasoficinas.com\/pt\/wp-json\/wp\/v2\/posts"}],"about":[{"href":"https:\/\/jornaldasoficinas.com\/pt\/wp-json\/wp\/v2\/types\/post"}],"author":[{"embeddable":true,"href":"https:\/\/jornaldasoficinas.com\/pt\/wp-json\/wp\/v2\/users\/15"}],"replies":[{"embeddable":true,"href":"https:\/\/jornaldasoficinas.com\/pt\/wp-json\/wp\/v2\/comments?post=65789"}],"version-history":[{"count":0,"href":"https:\/\/jornaldasoficinas.com\/pt\/wp-json\/wp\/v2\/posts\/65789\/revisions"}],"wp:featuredmedia":[{"embeddable":true,"href":"https:\/\/jornaldasoficinas.com\/pt\/wp-json\/wp\/v2\/media\/65796"}],"wp:attachment":[{"href":"https:\/\/jornaldasoficinas.com\/pt\/wp-json\/wp\/v2\/media?parent=65789"}],"wp:term":[{"taxonomy":"category","embeddable":true,"href":"https:\/\/jornaldasoficinas.com\/pt\/wp-json\/wp\/v2\/categories?post=65789"},{"taxonomy":"post_tag","embeddable":true,"href":"https:\/\/jornaldasoficinas.com\/pt\/wp-json\/wp\/v2\/tags?post=65789"}],"curies":[{"name":"wp","href":"https:\/\/api.w.org\/{rel}","templated":true}]}}