{"id":65833,"date":"2023-04-27T19:00:51","date_gmt":"2023-04-27T18:00:51","guid":{"rendered":"https:\/\/jornaldasoficinas.com\/pt\/?p=65833"},"modified":"2023-04-27T17:53:17","modified_gmt":"2023-04-27T16:53:17","slug":"tab-group-em-expansao-com-a-tab-benelux","status":"publish","type":"post","link":"https:\/\/jornaldasoficinas.com\/pt\/tab-group-em-expansao-com-a-tab-benelux\/","title":{"rendered":"TAB Group em expans\u00e3o com a TAB Benelux"},"content":{"rendered":"<p><strong><img loading=\"lazy\" decoding=\"async\" class=\"alignnone size-full wp-image-65825\" src=\"https:\/\/jornaldasoficinas.com\/pt\/wp-content\/uploads\/2023\/04\/TAB-Group-em-expansao-com-a-TAB-Benelux-B.V-1.jpeg\" alt=\"04 - TAB Group em expansao com a TAB Benelux B.V 1\" width=\"1024\" height=\"581\" srcset=\"https:\/\/jornaldasoficinas.com\/pt\/wp-content\/uploads\/2023\/04\/TAB-Group-em-expansao-com-a-TAB-Benelux-B.V-1.jpeg 1024w, https:\/\/jornaldasoficinas.com\/pt\/wp-content\/uploads\/2023\/04\/TAB-Group-em-expansao-com-a-TAB-Benelux-B.V-1-300x170.jpeg 300w, https:\/\/jornaldasoficinas.com\/pt\/wp-content\/uploads\/2023\/04\/TAB-Group-em-expansao-com-a-TAB-Benelux-B.V-1-150x85.jpeg 150w, https:\/\/jornaldasoficinas.com\/pt\/wp-content\/uploads\/2023\/04\/TAB-Group-em-expansao-com-a-TAB-Benelux-B.V-1-768x436.jpeg 768w\" sizes=\"auto, (max-width: 1024px) 100vw, 1024px\" \/><\/strong><\/p>\n<p><strong>O TAB Group, um dos principais fornecedores de energia do mundo, deu as boas-vindas ao seu mais recente membro, o TAB Benelux B.V. A 6 de abril de 2023, a empresa eslovena TAB d.d. adquiriu 51% da R&amp;W Batterijen (localizada na Holanda), fundando assim a nova empresa <a href=\"https:\/\/www.tab-benelux.com\/\" target=\"_blank\" rel=\"noopener\">TAB Benelux B.V<\/a><\/strong><\/p>\n<p>A <a href=\"https:\/\/www.tabspain.com\/\" target=\"_blank\" rel=\"noopener\">TAB Batteries<\/a> e a R&amp;W colaboram com sucesso h\u00e1 quase 20 anos. \u00c9 uma associa\u00e7\u00e3o baseada na confian\u00e7a e valores compartilhados que resultou num caminho comum e uma integra\u00e7\u00e3o estrat\u00e9gica entre ambas as empresas sob o nome de TAB Benelux B.V.<\/p>\n<p>Este aumento do crescimento, desenvolvimento e expans\u00e3o das atividades do Grupo TAB permitir-lhe-\u00e1 refor\u00e7ar a sua posi\u00e7\u00e3o n\u00e3o s\u00f3 nos pa\u00edses do Benelux, mas tamb\u00e9m no resto da Europa, e aumentar a presen\u00e7a dos seus produtos em toda a regi\u00e3o.<\/p>\n<p>Bogomir Auprih, Presidente do Conselho de Administra\u00e7\u00e3o da TAB Batteries, comentou: \u201cDepois de quase 20 anos de coopera\u00e7\u00e3o bem-sucedida entre a R&amp;W e a TAB, estamos a entrar numa nova era. Felizes e entusiasmados com o futuro conjunto, anunciamos a nova alian\u00e7a no mundo das baterias, TAB Benelux B.V. Juntos, continuaremos a aumentar ainda mais o n\u00edvel do nosso compromisso com os clientes para alcan\u00e7ar a perfei\u00e7\u00e3o no fornecimento de energia. Queremos dar as boas-vindas a Lottie, Jan, Rob e \u00e0 restante equipa R&amp;W \u00e0 fam\u00edlia TAB.\u201d<\/p>\n<p>Por sua vez, Roman Burja, CEO da TAB d.d., afirmou: \u201cPara o Grupo TAB, este \u00e9 um passo estrat\u00e9gico que nos permitir\u00e1 fortalecer a nossa posi\u00e7\u00e3o nos pa\u00edses do Benelux. A R&amp;W sempre foi um parceiro de grande confian\u00e7a da TAB, tanto nos bons como nos momentos mais dif\u00edceis. Estamos entusiasmados em iniciar a nossa jornada conjunta, que fortalecer\u00e1 ainda mais o Grupo TAB.\u201d Por fim, Lottie Ruttenberg, CEO da R&amp;W Batterijen, quis acrescentar: \u201cDepois de anos a trablhar como fornecedor independente de baterias, a R&amp;W deu o passo necess\u00e1rio para levar a nossa colabora\u00e7\u00e3o com a TAB a um n\u00edvel mais alto.<\/p>\n<p>Desde 6 de abril, que a TAB det\u00e9m participa\u00e7\u00e3o maiorit\u00e1ria na R&amp;W Batterijen. Juntos somos mais fortes e acreditamos que podemos manter o crescimento dos \u00faltimos anos. Queremos faz\u00ea-lo expandindo as nossas atividades, tanto para os nossos produtos como para as nossas localiza\u00e7\u00f5es. Entre outros, a inaugura\u00e7\u00e3o a 1 de junho da nossa nova localiza\u00e7\u00e3o na cidade holandesa de Eindhoven, ou a expans\u00e3o de nossas atividades na B\u00e9lgica, al\u00e9m do aumento de nosso portf\u00f3lio de produtos com baterias para armazenamento de energia solar. E acima de tudo, queremos fazer isso mantendo os valores fundamentais da R&amp;W como a qualidade, atendimento, assessoria e rapidez na entrega. A energia para o futuro tem um nome com anos de hist\u00f3ria em baterias: TAB Benelux B.V. Juntos, vamos colocar o futuro em movimento\u201d, concluiu.<\/p>\n","protected":false},"excerpt":{"rendered":"<p>O TAB Group, um dos principais&#8230;<\/p>\n","protected":false},"author":15,"featured_media":65825,"comment_status":"closed","ping_status":"closed","sticky":false,"template":"","format":"standard","meta":{"footnotes":""},"categories":[29],"tags":[4024,565,5157,5156],"class_list":["post-65833","post","type-post","status-publish","format-standard","has-post-thumbnail","hentry","category-empresas","tag-aquisicao","tag-tab-batteries","tag-tab-benelux-b-v","tag-tab-group"],"yoast_head":"<!-- This site is optimized with the Yoast SEO plugin v27.4 - https:\/\/yoast.com\/product\/yoast-seo-wordpress\/ -->\n<title>TAB Group em expans\u00e3o com a TAB Benelux - Jornal das Oficinas<\/title>\n<meta name=\"description\" content=\"O TAB Group, um dos principais fornecedores de energia do mundo, deu as boas-vindas ao seu mais recente membro, o TAB Benelux B.V.\" \/>\n<meta name=\"robots\" content=\"index, follow, max-snippet:-1, max-image-preview:large, max-video-preview:-1\" \/>\n<link rel=\"canonical\" href=\"https:\/\/jornaldasoficinas.com\/pt\/tab-group-em-expansao-com-a-tab-benelux\/\" \/>\n<meta property=\"og:locale\" content=\"pt_PT\" \/>\n<meta property=\"og:type\" content=\"article\" \/>\n<meta property=\"og:title\" content=\"TAB Group em expans\u00e3o com a TAB Benelux - Jornal das Oficinas\" \/>\n<meta property=\"og:description\" content=\"O TAB Group, um dos principais fornecedores de energia do mundo, deu as boas-vindas ao seu mais recente membro, o TAB Benelux B.V.\" \/>\n<meta property=\"og:url\" content=\"https:\/\/jornaldasoficinas.com\/pt\/tab-group-em-expansao-com-a-tab-benelux\/\" \/>\n<meta property=\"og:site_name\" content=\"Jornal das Oficinas\" \/>\n<meta property=\"article:publisher\" content=\"https:\/\/www.facebook.com\/jornaloficinas\" \/>\n<meta property=\"article:published_time\" content=\"2023-04-27T18:00:51+00:00\" \/>\n<meta property=\"og:image\" content=\"https:\/\/jornaldasoficinas.com\/pt\/wp-content\/uploads\/2023\/04\/TAB-Group-em-expansao-com-a-TAB-Benelux-B.V-1.jpeg\" \/>\n\t<meta property=\"og:image:width\" content=\"1024\" \/>\n\t<meta property=\"og:image:height\" content=\"581\" \/>\n\t<meta property=\"og:image:type\" content=\"image\/jpeg\" \/>\n<meta name=\"author\" content=\"Reda\u00e7\u00e3o JO\" \/>\n<meta name=\"twitter:card\" content=\"summary_large_image\" \/>\n<meta name=\"twitter:creator\" content=\"@jornaloficinas\" \/>\n<meta name=\"twitter:site\" content=\"@jornaloficinas\" \/>\n<meta name=\"twitter:label1\" content=\"Escrito por\" \/>\n\t<meta name=\"twitter:data1\" content=\"Reda\u00e7\u00e3o JO\" \/>\n\t<meta name=\"twitter:label2\" content=\"Tempo estimado de leitura\" \/>\n\t<meta name=\"twitter:data2\" content=\"3 minutos\" \/>\n<script type=\"application\/ld+json\" class=\"yoast-schema-graph\">{\"@context\":\"https:\\\/\\\/schema.org\",\"@graph\":[{\"@type\":\"Article\",\"@id\":\"https:\\\/\\\/jornaldasoficinas.com\\\/pt\\\/tab-group-em-expansao-com-a-tab-benelux\\\/#article\",\"isPartOf\":{\"@id\":\"https:\\\/\\\/jornaldasoficinas.com\\\/pt\\\/tab-group-em-expansao-com-a-tab-benelux\\\/\"},\"author\":{\"name\":\"Reda\u00e7\u00e3o JO\",\"@id\":\"https:\\\/\\\/jornaldasoficinas.com\\\/pt\\\/#\\\/schema\\\/person\\\/a38eef5de2c41d9e7c9ac10141afddf3\"},\"headline\":\"TAB Group em expans\u00e3o com a TAB Benelux\",\"datePublished\":\"2023-04-27T18:00:51+00:00\",\"mainEntityOfPage\":{\"@id\":\"https:\\\/\\\/jornaldasoficinas.com\\\/pt\\\/tab-group-em-expansao-com-a-tab-benelux\\\/\"},\"wordCount\":514,\"publisher\":{\"@id\":\"https:\\\/\\\/jornaldasoficinas.com\\\/pt\\\/#organization\"},\"image\":{\"@id\":\"https:\\\/\\\/jornaldasoficinas.com\\\/pt\\\/tab-group-em-expansao-com-a-tab-benelux\\\/#primaryimage\"},\"thumbnailUrl\":\"https:\\\/\\\/jornaldasoficinas.com\\\/pt\\\/wp-content\\\/uploads\\\/2023\\\/04\\\/TAB-Group-em-expansao-com-a-TAB-Benelux-B.V-1.jpeg\",\"keywords\":[\"Aquisi\u00e7\u00e3o\",\"TAB Batteries\",\"TAB Benelux B.V\",\"TAB Group\"],\"articleSection\":[\"Empresas\"],\"inLanguage\":\"pt-PT\"},{\"@type\":\"WebPage\",\"@id\":\"https:\\\/\\\/jornaldasoficinas.com\\\/pt\\\/tab-group-em-expansao-com-a-tab-benelux\\\/\",\"url\":\"https:\\\/\\\/jornaldasoficinas.com\\\/pt\\\/tab-group-em-expansao-com-a-tab-benelux\\\/\",\"name\":\"TAB Group em expans\u00e3o com a TAB Benelux - Jornal das Oficinas\",\"isPartOf\":{\"@id\":\"https:\\\/\\\/jornaldasoficinas.com\\\/pt\\\/#website\"},\"primaryImageOfPage\":{\"@id\":\"https:\\\/\\\/jornaldasoficinas.com\\\/pt\\\/tab-group-em-expansao-com-a-tab-benelux\\\/#primaryimage\"},\"image\":{\"@id\":\"https:\\\/\\\/jornaldasoficinas.com\\\/pt\\\/tab-group-em-expansao-com-a-tab-benelux\\\/#primaryimage\"},\"thumbnailUrl\":\"https:\\\/\\\/jornaldasoficinas.com\\\/pt\\\/wp-content\\\/uploads\\\/2023\\\/04\\\/TAB-Group-em-expansao-com-a-TAB-Benelux-B.V-1.jpeg\",\"datePublished\":\"2023-04-27T18:00:51+00:00\",\"description\":\"O TAB Group, um dos principais fornecedores de energia do mundo, deu as boas-vindas ao seu mais recente membro, o TAB Benelux B.V.\",\"breadcrumb\":{\"@id\":\"https:\\\/\\\/jornaldasoficinas.com\\\/pt\\\/tab-group-em-expansao-com-a-tab-benelux\\\/#breadcrumb\"},\"inLanguage\":\"pt-PT\",\"potentialAction\":[{\"@type\":\"ReadAction\",\"target\":[\"https:\\\/\\\/jornaldasoficinas.com\\\/pt\\\/tab-group-em-expansao-com-a-tab-benelux\\\/\"]}]},{\"@type\":\"ImageObject\",\"inLanguage\":\"pt-PT\",\"@id\":\"https:\\\/\\\/jornaldasoficinas.com\\\/pt\\\/tab-group-em-expansao-com-a-tab-benelux\\\/#primaryimage\",\"url\":\"https:\\\/\\\/jornaldasoficinas.com\\\/pt\\\/wp-content\\\/uploads\\\/2023\\\/04\\\/TAB-Group-em-expansao-com-a-TAB-Benelux-B.V-1.jpeg\",\"contentUrl\":\"https:\\\/\\\/jornaldasoficinas.com\\\/pt\\\/wp-content\\\/uploads\\\/2023\\\/04\\\/TAB-Group-em-expansao-com-a-TAB-Benelux-B.V-1.jpeg\",\"width\":1024,\"height\":581,\"caption\":\"04 - TAB Group em expansao com a TAB Benelux B.V 1\"},{\"@type\":\"BreadcrumbList\",\"@id\":\"https:\\\/\\\/jornaldasoficinas.com\\\/pt\\\/tab-group-em-expansao-com-a-tab-benelux\\\/#breadcrumb\",\"itemListElement\":[{\"@type\":\"ListItem\",\"position\":1,\"name\":\"In\u00edcio\",\"item\":\"https:\\\/\\\/jornaldasoficinas.com\\\/pt\\\/\"},{\"@type\":\"ListItem\",\"position\":2,\"name\":\"TAB Group em expans\u00e3o com a TAB Benelux\"}]},{\"@type\":\"WebSite\",\"@id\":\"https:\\\/\\\/jornaldasoficinas.com\\\/pt\\\/#website\",\"url\":\"https:\\\/\\\/jornaldasoficinas.com\\\/pt\\\/\",\"name\":\"Jornal das Oficinas\",\"description\":\"Jornal independente do Aftermarket Autom\u00f3vel em Portugal\",\"publisher\":{\"@id\":\"https:\\\/\\\/jornaldasoficinas.com\\\/pt\\\/#organization\"},\"potentialAction\":[{\"@type\":\"SearchAction\",\"target\":{\"@type\":\"EntryPoint\",\"urlTemplate\":\"https:\\\/\\\/jornaldasoficinas.com\\\/pt\\\/?s={search_term_string}\"},\"query-input\":{\"@type\":\"PropertyValueSpecification\",\"valueRequired\":true,\"valueName\":\"search_term_string\"}}],\"inLanguage\":\"pt-PT\"},{\"@type\":\"Organization\",\"@id\":\"https:\\\/\\\/jornaldasoficinas.com\\\/pt\\\/#organization\",\"name\":\"Jornal das Oficinas\",\"url\":\"https:\\\/\\\/jornaldasoficinas.com\\\/pt\\\/\",\"logo\":{\"@type\":\"ImageObject\",\"inLanguage\":\"pt-PT\",\"@id\":\"https:\\\/\\\/jornaldasoficinas.com\\\/pt\\\/#\\\/schema\\\/logo\\\/image\\\/\",\"url\":\"https:\\\/\\\/jornaldasoficinas.com\\\/pt\\\/wp-content\\\/uploads\\\/logoJO-SEO.png\",\"contentUrl\":\"https:\\\/\\\/jornaldasoficinas.com\\\/pt\\\/wp-content\\\/uploads\\\/logoJO-SEO.png\",\"width\":285,\"height\":450,\"caption\":\"Jornal das Oficinas\"},\"image\":{\"@id\":\"https:\\\/\\\/jornaldasoficinas.com\\\/pt\\\/#\\\/schema\\\/logo\\\/image\\\/\"},\"sameAs\":[\"https:\\\/\\\/www.facebook.com\\\/jornaloficinas\",\"https:\\\/\\\/x.com\\\/jornaloficinas\",\"https:\\\/\\\/www.instagram.com\\\/jornal_oficinas\\\/\",\"https:\\\/\\\/www.linkedin.com\\\/company\\\/jornal-das-oficinas\\\/\",\"https:\\\/\\\/www.youtube.com\\\/channel\\\/UCbQZBqtcvV-oSQrr7RzINGg\"]},{\"@type\":\"Person\",\"@id\":\"https:\\\/\\\/jornaldasoficinas.com\\\/pt\\\/#\\\/schema\\\/person\\\/a38eef5de2c41d9e7c9ac10141afddf3\",\"name\":\"Reda\u00e7\u00e3o JO\",\"image\":{\"@type\":\"ImageObject\",\"inLanguage\":\"pt-PT\",\"@id\":\"https:\\\/\\\/secure.gravatar.com\\\/avatar\\\/71f2fa71737ad68a84fea94bc708ddac8ea5b0c4788dc2ad202f3ccb2887742f?s=96&d=wp_user_avatar&r=g\",\"url\":\"https:\\\/\\\/secure.gravatar.com\\\/avatar\\\/71f2fa71737ad68a84fea94bc708ddac8ea5b0c4788dc2ad202f3ccb2887742f?s=96&d=wp_user_avatar&r=g\",\"contentUrl\":\"https:\\\/\\\/secure.gravatar.com\\\/avatar\\\/71f2fa71737ad68a84fea94bc708ddac8ea5b0c4788dc2ad202f3ccb2887742f?s=96&d=wp_user_avatar&r=g\",\"caption\":\"Reda\u00e7\u00e3o JO\"},\"url\":\"https:\\\/\\\/jornaldasoficinas.com\\\/pt\\\/author\\\/joredacao\\\/\"}]}<\/script>\n<!-- \/ Yoast SEO plugin. -->","yoast_head_json":{"title":"TAB Group em expans\u00e3o com a TAB Benelux - Jornal das Oficinas","description":"O TAB Group, um dos principais fornecedores de energia do mundo, deu as boas-vindas ao seu mais recente membro, o TAB Benelux B.V.","robots":{"index":"index","follow":"follow","max-snippet":"max-snippet:-1","max-image-preview":"max-image-preview:large","max-video-preview":"max-video-preview:-1"},"canonical":"https:\/\/jornaldasoficinas.com\/pt\/tab-group-em-expansao-com-a-tab-benelux\/","og_locale":"pt_PT","og_type":"article","og_title":"TAB Group em expans\u00e3o com a TAB Benelux - Jornal das Oficinas","og_description":"O TAB Group, um dos principais fornecedores de energia do mundo, deu as boas-vindas ao seu mais recente membro, o TAB Benelux B.V.","og_url":"https:\/\/jornaldasoficinas.com\/pt\/tab-group-em-expansao-com-a-tab-benelux\/","og_site_name":"Jornal das Oficinas","article_publisher":"https:\/\/www.facebook.com\/jornaloficinas","article_published_time":"2023-04-27T18:00:51+00:00","og_image":[{"width":1024,"height":581,"url":"https:\/\/jornaldasoficinas.com\/pt\/wp-content\/uploads\/2023\/04\/TAB-Group-em-expansao-com-a-TAB-Benelux-B.V-1.jpeg","type":"image\/jpeg"}],"author":"Reda\u00e7\u00e3o JO","twitter_card":"summary_large_image","twitter_creator":"@jornaloficinas","twitter_site":"@jornaloficinas","twitter_misc":{"Escrito por":"Reda\u00e7\u00e3o JO","Tempo estimado de leitura":"3 minutos"},"schema":{"@context":"https:\/\/schema.org","@graph":[{"@type":"Article","@id":"https:\/\/jornaldasoficinas.com\/pt\/tab-group-em-expansao-com-a-tab-benelux\/#article","isPartOf":{"@id":"https:\/\/jornaldasoficinas.com\/pt\/tab-group-em-expansao-com-a-tab-benelux\/"},"author":{"name":"Reda\u00e7\u00e3o JO","@id":"https:\/\/jornaldasoficinas.com\/pt\/#\/schema\/person\/a38eef5de2c41d9e7c9ac10141afddf3"},"headline":"TAB Group em expans\u00e3o com a TAB Benelux","datePublished":"2023-04-27T18:00:51+00:00","mainEntityOfPage":{"@id":"https:\/\/jornaldasoficinas.com\/pt\/tab-group-em-expansao-com-a-tab-benelux\/"},"wordCount":514,"publisher":{"@id":"https:\/\/jornaldasoficinas.com\/pt\/#organization"},"image":{"@id":"https:\/\/jornaldasoficinas.com\/pt\/tab-group-em-expansao-com-a-tab-benelux\/#primaryimage"},"thumbnailUrl":"https:\/\/jornaldasoficinas.com\/pt\/wp-content\/uploads\/2023\/04\/TAB-Group-em-expansao-com-a-TAB-Benelux-B.V-1.jpeg","keywords":["Aquisi\u00e7\u00e3o","TAB Batteries","TAB Benelux B.V","TAB Group"],"articleSection":["Empresas"],"inLanguage":"pt-PT"},{"@type":"WebPage","@id":"https:\/\/jornaldasoficinas.com\/pt\/tab-group-em-expansao-com-a-tab-benelux\/","url":"https:\/\/jornaldasoficinas.com\/pt\/tab-group-em-expansao-com-a-tab-benelux\/","name":"TAB Group em expans\u00e3o com a TAB Benelux - Jornal das Oficinas","isPartOf":{"@id":"https:\/\/jornaldasoficinas.com\/pt\/#website"},"primaryImageOfPage":{"@id":"https:\/\/jornaldasoficinas.com\/pt\/tab-group-em-expansao-com-a-tab-benelux\/#primaryimage"},"image":{"@id":"https:\/\/jornaldasoficinas.com\/pt\/tab-group-em-expansao-com-a-tab-benelux\/#primaryimage"},"thumbnailUrl":"https:\/\/jornaldasoficinas.com\/pt\/wp-content\/uploads\/2023\/04\/TAB-Group-em-expansao-com-a-TAB-Benelux-B.V-1.jpeg","datePublished":"2023-04-27T18:00:51+00:00","description":"O TAB Group, um dos principais fornecedores de energia do mundo, deu as boas-vindas ao seu mais recente membro, o TAB Benelux B.V.","breadcrumb":{"@id":"https:\/\/jornaldasoficinas.com\/pt\/tab-group-em-expansao-com-a-tab-benelux\/#breadcrumb"},"inLanguage":"pt-PT","potentialAction":[{"@type":"ReadAction","target":["https:\/\/jornaldasoficinas.com\/pt\/tab-group-em-expansao-com-a-tab-benelux\/"]}]},{"@type":"ImageObject","inLanguage":"pt-PT","@id":"https:\/\/jornaldasoficinas.com\/pt\/tab-group-em-expansao-com-a-tab-benelux\/#primaryimage","url":"https:\/\/jornaldasoficinas.com\/pt\/wp-content\/uploads\/2023\/04\/TAB-Group-em-expansao-com-a-TAB-Benelux-B.V-1.jpeg","contentUrl":"https:\/\/jornaldasoficinas.com\/pt\/wp-content\/uploads\/2023\/04\/TAB-Group-em-expansao-com-a-TAB-Benelux-B.V-1.jpeg","width":1024,"height":581,"caption":"04 - TAB Group em expansao com a TAB Benelux B.V 1"},{"@type":"BreadcrumbList","@id":"https:\/\/jornaldasoficinas.com\/pt\/tab-group-em-expansao-com-a-tab-benelux\/#breadcrumb","itemListElement":[{"@type":"ListItem","position":1,"name":"In\u00edcio","item":"https:\/\/jornaldasoficinas.com\/pt\/"},{"@type":"ListItem","position":2,"name":"TAB Group em expans\u00e3o com a TAB Benelux"}]},{"@type":"WebSite","@id":"https:\/\/jornaldasoficinas.com\/pt\/#website","url":"https:\/\/jornaldasoficinas.com\/pt\/","name":"Jornal das Oficinas","description":"Jornal independente do Aftermarket Autom\u00f3vel em Portugal","publisher":{"@id":"https:\/\/jornaldasoficinas.com\/pt\/#organization"},"potentialAction":[{"@type":"SearchAction","target":{"@type":"EntryPoint","urlTemplate":"https:\/\/jornaldasoficinas.com\/pt\/?s={search_term_string}"},"query-input":{"@type":"PropertyValueSpecification","valueRequired":true,"valueName":"search_term_string"}}],"inLanguage":"pt-PT"},{"@type":"Organization","@id":"https:\/\/jornaldasoficinas.com\/pt\/#organization","name":"Jornal das Oficinas","url":"https:\/\/jornaldasoficinas.com\/pt\/","logo":{"@type":"ImageObject","inLanguage":"pt-PT","@id":"https:\/\/jornaldasoficinas.com\/pt\/#\/schema\/logo\/image\/","url":"https:\/\/jornaldasoficinas.com\/pt\/wp-content\/uploads\/logoJO-SEO.png","contentUrl":"https:\/\/jornaldasoficinas.com\/pt\/wp-content\/uploads\/logoJO-SEO.png","width":285,"height":450,"caption":"Jornal das Oficinas"},"image":{"@id":"https:\/\/jornaldasoficinas.com\/pt\/#\/schema\/logo\/image\/"},"sameAs":["https:\/\/www.facebook.com\/jornaloficinas","https:\/\/x.com\/jornaloficinas","https:\/\/www.instagram.com\/jornal_oficinas\/","https:\/\/www.linkedin.com\/company\/jornal-das-oficinas\/","https:\/\/www.youtube.com\/channel\/UCbQZBqtcvV-oSQrr7RzINGg"]},{"@type":"Person","@id":"https:\/\/jornaldasoficinas.com\/pt\/#\/schema\/person\/a38eef5de2c41d9e7c9ac10141afddf3","name":"Reda\u00e7\u00e3o JO","image":{"@type":"ImageObject","inLanguage":"pt-PT","@id":"https:\/\/secure.gravatar.com\/avatar\/71f2fa71737ad68a84fea94bc708ddac8ea5b0c4788dc2ad202f3ccb2887742f?s=96&d=wp_user_avatar&r=g","url":"https:\/\/secure.gravatar.com\/avatar\/71f2fa71737ad68a84fea94bc708ddac8ea5b0c4788dc2ad202f3ccb2887742f?s=96&d=wp_user_avatar&r=g","contentUrl":"https:\/\/secure.gravatar.com\/avatar\/71f2fa71737ad68a84fea94bc708ddac8ea5b0c4788dc2ad202f3ccb2887742f?s=96&d=wp_user_avatar&r=g","caption":"Reda\u00e7\u00e3o JO"},"url":"https:\/\/jornaldasoficinas.com\/pt\/author\/joredacao\/"}]}},"_links":{"self":[{"href":"https:\/\/jornaldasoficinas.com\/pt\/wp-json\/wp\/v2\/posts\/65833","targetHints":{"allow":["GET"]}}],"collection":[{"href":"https:\/\/jornaldasoficinas.com\/pt\/wp-json\/wp\/v2\/posts"}],"about":[{"href":"https:\/\/jornaldasoficinas.com\/pt\/wp-json\/wp\/v2\/types\/post"}],"author":[{"embeddable":true,"href":"https:\/\/jornaldasoficinas.com\/pt\/wp-json\/wp\/v2\/users\/15"}],"replies":[{"embeddable":true,"href":"https:\/\/jornaldasoficinas.com\/pt\/wp-json\/wp\/v2\/comments?post=65833"}],"version-history":[{"count":0,"href":"https:\/\/jornaldasoficinas.com\/pt\/wp-json\/wp\/v2\/posts\/65833\/revisions"}],"wp:featuredmedia":[{"embeddable":true,"href":"https:\/\/jornaldasoficinas.com\/pt\/wp-json\/wp\/v2\/media\/65825"}],"wp:attachment":[{"href":"https:\/\/jornaldasoficinas.com\/pt\/wp-json\/wp\/v2\/media?parent=65833"}],"wp:term":[{"taxonomy":"category","embeddable":true,"href":"https:\/\/jornaldasoficinas.com\/pt\/wp-json\/wp\/v2\/categories?post=65833"},{"taxonomy":"post_tag","embeddable":true,"href":"https:\/\/jornaldasoficinas.com\/pt\/wp-json\/wp\/v2\/tags?post=65833"}],"curies":[{"name":"wp","href":"https:\/\/api.w.org\/{rel}","templated":true}]}}