{"id":66203,"date":"2023-05-08T12:30:17","date_gmt":"2023-05-08T11:30:17","guid":{"rendered":"https:\/\/jornaldasoficinas.com\/pt\/?p=66203"},"modified":"2023-07-19T15:40:33","modified_gmt":"2023-07-19T14:40:33","slug":"ivan-ares-e-jose-a-pintor-dao-o-tudo-por-tudo-nas-canarias","status":"publish","type":"post","link":"https:\/\/jornaldasoficinas.com\/pt\/ivan-ares-e-jose-a-pintor-dao-o-tudo-por-tudo-nas-canarias\/","title":{"rendered":"Iv\u00e1n Ares e Jos\u00e9 A. Pintor d\u00e3o o tudo por tudo nas Can\u00e1rias"},"content":{"rendered":"<p><img loading=\"lazy\" decoding=\"async\" class=\"alignnone size-full wp-image-66201\" src=\"https:\/\/jornaldasoficinas.com\/pt\/wp-content\/uploads\/2023\/05\/Ivan-Ares-e-Jose-A.-Pintor-dao-o-tudo-por-tudo-nas-Canarias.jpeg\" alt=\"05 - Ivan Ares e Jose A. Pintor dao o tudo por tudo nas Canarias\" width=\"1024\" height=\"581\" srcset=\"https:\/\/jornaldasoficinas.com\/pt\/wp-content\/uploads\/2023\/05\/Ivan-Ares-e-Jose-A.-Pintor-dao-o-tudo-por-tudo-nas-Canarias.jpeg 1024w, https:\/\/jornaldasoficinas.com\/pt\/wp-content\/uploads\/2023\/05\/Ivan-Ares-e-Jose-A.-Pintor-dao-o-tudo-por-tudo-nas-Canarias-300x170.jpeg 300w, https:\/\/jornaldasoficinas.com\/pt\/wp-content\/uploads\/2023\/05\/Ivan-Ares-e-Jose-A.-Pintor-dao-o-tudo-por-tudo-nas-Canarias-150x85.jpeg 150w, https:\/\/jornaldasoficinas.com\/pt\/wp-content\/uploads\/2023\/05\/Ivan-Ares-e-Jose-A.-Pintor-dao-o-tudo-por-tudo-nas-Canarias-768x436.jpeg 768w\" sizes=\"auto, (max-width: 1024px) 100vw, 1024px\" \/><\/p>\n<p><strong>Os pilotos, Iv\u00e1n Ares e Jos\u00e9 A. Pintor, patrocinados pela <a href=\"https:\/\/www.gs-yuasa.com\/en\/\" target=\"_blank\" rel=\"noopener\">GS YUASA<\/a>, v\u00e3o procurar brilhar no <a href=\"https:\/\/www.olailhascanarias.com\/eventos\/47o-rali-ilhas-canarias\/\" target=\"_blank\" rel=\"noopener\">Rali das Ilhas Can\u00e1rias<\/a>, pontuando para o <a href=\"https:\/\/www.fiaerc.com\/erc\/\" target=\"_blank\" rel=\"noopener\">Campeonato da Europa de Ralis da FIA<\/a> e para o Supercampeonato de Espa\u00f1a de Ralis<\/strong><\/p>\n<p>O Campeonato da Europa de Ralis da FIA e o <a href=\"https:\/\/scer.rfeda.es\/\" target=\"_blank\" rel=\"noopener\">Supercampeonato de Espa\u00f1a de Rallyes<\/a> voltam a juntar os seus calend\u00e1rios este fim-de-semana no Rali das Ilhas Can\u00e1rias, encontro que volta a colocar as melhores equipas do continente frente \u00e0s sele\u00e7\u00f5es nacionais.<\/p>\n<p>Entre essas equipas, que esperam lutar frente a frente com os grandes nomes do Campeonato da Europa de Ralis da FIA, est\u00e1 a equipa Ares Racing, que se deslocar\u00e1 a Las Palmas de Gran Canaria para disputar uma das provas mais importantes da temporada .<\/p>\n<p>A equipa est\u00e1 com vontade de continuar a lutar pela competi\u00e7\u00e3o nacional depois do bom resultado obtido na primeira volta no asfalto e depois de se manter \u00e0s portas do p\u00f3dio em terras murcianas. \u00c9 por isso que o piloto de Carral, Iv\u00e1n Ares, e o seu copiloto, Jos\u00e9 A. Pintor, v\u00e3o aproveitar o dia de testes oficial da prova insular para recuperar as sensa\u00e7\u00f5es no asfalto e trabalhar nas afina\u00e7\u00f5es do Hyundai i20N Rally2.<\/p>\n<p>\u201cCorrer nas Ilhas Can\u00e1rias \u00e9 sempre especial para n\u00f3s, j\u00e1 que os nossos f\u00e3s s\u00e3o dedicados \u00e0s equipas e isso d\u00e1-nos sempre motiva\u00e7\u00e3o extra. Al\u00e9m disso, temos grandes amigos e patrocinadores nas ilhas, pelo que o nosso objetivo n\u00e3o pode ser outro sen\u00e3o tentar chegar ao topo do p\u00f3dio para lhes agradecer todo o apoio que nos d\u00e3o a cada temporada. O ano passado n\u00e3o pudemos desfrutar desta grande corrida porque n\u00e3o fazia parte do calend\u00e1rio nacional, por isso estamos felizes por poder lutar um contra um com as equipas europeias. Acho que para todas as sele\u00e7\u00f5es que competem em Espanha \u00e9 fundamental nos medirmos com as melhores sele\u00e7\u00f5es do continente e at\u00e9 na Copa do Mundo, j\u00e1 que o impacto deste tipo de evento \u00e9 maior do que o normal.<\/p>\n<p>Este ano, o n\u00edvel europeu est\u00e1 mais alto do que nunca, com pilotos que competiram ao mais alto n\u00edvel como pilotos oficiais no Campeonato do Mundo de Ralis, pelo que conseguir acompanh\u00e1-los vai ser dif\u00edcil, mas vamos dar tudo para o conseguir . A equipa vem com muita vontade e vamos fazer o poss\u00edvel para conseguir um bom resultado, n\u00e3o s\u00f3 no S-CER, mas tamb\u00e9m no ERC\u201d, revelou Iv\u00e1n Ares.<\/p>\n","protected":false},"excerpt":{"rendered":"<p>Os pilotos, Iv\u00e1n Ares e Jos\u00e9&#8230;<\/p>\n","protected":false},"author":15,"featured_media":66201,"comment_status":"closed","ping_status":"closed","sticky":false,"template":"","format":"standard","meta":{"footnotes":""},"categories":[29],"tags":[5239,2075,5241,5240,5238,5237],"class_list":["post-66203","post","type-post","status-publish","format-standard","has-post-thumbnail","hentry","category-empresas","tag-campeonato-da-europa-de-ralis-da-fia","tag-gs-yuasa","tag-ivan-ares","tag-jose-a-pintor","tag-rali-das-ilhas-canarias","tag-supercampeonato-de-espana-de-rallyes"],"yoast_head":"<!-- This site is optimized with the Yoast SEO plugin v27.4 - https:\/\/yoast.com\/product\/yoast-seo-wordpress\/ -->\n<title>Iv\u00e1n Ares e Jos\u00e9 A. Pintor d\u00e3o o tudo por tudo nas Can\u00e1rias - Jornal das Oficinas<\/title>\n<meta name=\"description\" content=\"Os pilotos, Iv\u00e1n Ares e Jos\u00e9 A. Pintor, patrocinados pela GS YUASA, v\u00e3o procurar brilhar no Rali das Ilhas Can\u00e1rias\" \/>\n<meta name=\"robots\" content=\"index, follow, max-snippet:-1, max-image-preview:large, max-video-preview:-1\" \/>\n<link rel=\"canonical\" href=\"https:\/\/jornaldasoficinas.com\/pt\/ivan-ares-e-jose-a-pintor-dao-o-tudo-por-tudo-nas-canarias\/\" \/>\n<meta property=\"og:locale\" content=\"pt_PT\" \/>\n<meta property=\"og:type\" content=\"article\" \/>\n<meta property=\"og:title\" content=\"Iv\u00e1n Ares e Jos\u00e9 A. Pintor d\u00e3o o tudo por tudo nas Can\u00e1rias - Jornal das Oficinas\" \/>\n<meta property=\"og:description\" content=\"Os pilotos, Iv\u00e1n Ares e Jos\u00e9 A. Pintor, patrocinados pela GS YUASA, v\u00e3o procurar brilhar no Rali das Ilhas Can\u00e1rias\" \/>\n<meta property=\"og:url\" content=\"https:\/\/jornaldasoficinas.com\/pt\/ivan-ares-e-jose-a-pintor-dao-o-tudo-por-tudo-nas-canarias\/\" \/>\n<meta property=\"og:site_name\" content=\"Jornal das Oficinas\" \/>\n<meta property=\"article:publisher\" content=\"https:\/\/www.facebook.com\/jornaloficinas\" \/>\n<meta property=\"article:published_time\" content=\"2023-05-08T11:30:17+00:00\" \/>\n<meta property=\"article:modified_time\" content=\"2023-07-19T14:40:33+00:00\" \/>\n<meta property=\"og:image\" content=\"https:\/\/jornaldasoficinas.com\/pt\/wp-content\/uploads\/2023\/05\/Ivan-Ares-e-Jose-A.-Pintor-dao-o-tudo-por-tudo-nas-Canarias.jpeg\" \/>\n\t<meta property=\"og:image:width\" content=\"1024\" \/>\n\t<meta property=\"og:image:height\" content=\"581\" \/>\n\t<meta property=\"og:image:type\" content=\"image\/jpeg\" \/>\n<meta name=\"author\" content=\"Reda\u00e7\u00e3o JO\" \/>\n<meta name=\"twitter:card\" content=\"summary_large_image\" \/>\n<meta name=\"twitter:creator\" content=\"@jornaloficinas\" \/>\n<meta name=\"twitter:site\" content=\"@jornaloficinas\" \/>\n<meta name=\"twitter:label1\" content=\"Escrito por\" \/>\n\t<meta name=\"twitter:data1\" content=\"Reda\u00e7\u00e3o JO\" \/>\n\t<meta name=\"twitter:label2\" content=\"Tempo estimado de leitura\" \/>\n\t<meta name=\"twitter:data2\" content=\"2 minutos\" \/>\n<script type=\"application\/ld+json\" class=\"yoast-schema-graph\">{\"@context\":\"https:\\\/\\\/schema.org\",\"@graph\":[{\"@type\":\"Article\",\"@id\":\"https:\\\/\\\/jornaldasoficinas.com\\\/pt\\\/ivan-ares-e-jose-a-pintor-dao-o-tudo-por-tudo-nas-canarias\\\/#article\",\"isPartOf\":{\"@id\":\"https:\\\/\\\/jornaldasoficinas.com\\\/pt\\\/ivan-ares-e-jose-a-pintor-dao-o-tudo-por-tudo-nas-canarias\\\/\"},\"author\":{\"name\":\"Reda\u00e7\u00e3o JO\",\"@id\":\"https:\\\/\\\/jornaldasoficinas.com\\\/pt\\\/#\\\/schema\\\/person\\\/a38eef5de2c41d9e7c9ac10141afddf3\"},\"headline\":\"Iv\u00e1n Ares e Jos\u00e9 A. Pintor d\u00e3o o tudo por tudo nas Can\u00e1rias\",\"datePublished\":\"2023-05-08T11:30:17+00:00\",\"dateModified\":\"2023-07-19T14:40:33+00:00\",\"mainEntityOfPage\":{\"@id\":\"https:\\\/\\\/jornaldasoficinas.com\\\/pt\\\/ivan-ares-e-jose-a-pintor-dao-o-tudo-por-tudo-nas-canarias\\\/\"},\"wordCount\":450,\"publisher\":{\"@id\":\"https:\\\/\\\/jornaldasoficinas.com\\\/pt\\\/#organization\"},\"image\":{\"@id\":\"https:\\\/\\\/jornaldasoficinas.com\\\/pt\\\/ivan-ares-e-jose-a-pintor-dao-o-tudo-por-tudo-nas-canarias\\\/#primaryimage\"},\"thumbnailUrl\":\"https:\\\/\\\/jornaldasoficinas.com\\\/pt\\\/wp-content\\\/uploads\\\/2023\\\/05\\\/Ivan-Ares-e-Jose-A.-Pintor-dao-o-tudo-por-tudo-nas-Canarias.jpeg\",\"keywords\":[\"Campeonato da Europa de Ralis da FIA\",\"GS Yuasa\",\"Iv\u00e1n Ares\",\"Jos\u00e9 A. Pintor\",\"Rali das Ilhas Can\u00e1rias\",\"Supercampeonato de Espa\u00f1a de Rallyes\"],\"articleSection\":[\"Empresas\"],\"inLanguage\":\"pt-PT\"},{\"@type\":\"WebPage\",\"@id\":\"https:\\\/\\\/jornaldasoficinas.com\\\/pt\\\/ivan-ares-e-jose-a-pintor-dao-o-tudo-por-tudo-nas-canarias\\\/\",\"url\":\"https:\\\/\\\/jornaldasoficinas.com\\\/pt\\\/ivan-ares-e-jose-a-pintor-dao-o-tudo-por-tudo-nas-canarias\\\/\",\"name\":\"Iv\u00e1n Ares e Jos\u00e9 A. Pintor d\u00e3o o tudo por tudo nas Can\u00e1rias - Jornal das Oficinas\",\"isPartOf\":{\"@id\":\"https:\\\/\\\/jornaldasoficinas.com\\\/pt\\\/#website\"},\"primaryImageOfPage\":{\"@id\":\"https:\\\/\\\/jornaldasoficinas.com\\\/pt\\\/ivan-ares-e-jose-a-pintor-dao-o-tudo-por-tudo-nas-canarias\\\/#primaryimage\"},\"image\":{\"@id\":\"https:\\\/\\\/jornaldasoficinas.com\\\/pt\\\/ivan-ares-e-jose-a-pintor-dao-o-tudo-por-tudo-nas-canarias\\\/#primaryimage\"},\"thumbnailUrl\":\"https:\\\/\\\/jornaldasoficinas.com\\\/pt\\\/wp-content\\\/uploads\\\/2023\\\/05\\\/Ivan-Ares-e-Jose-A.-Pintor-dao-o-tudo-por-tudo-nas-Canarias.jpeg\",\"datePublished\":\"2023-05-08T11:30:17+00:00\",\"dateModified\":\"2023-07-19T14:40:33+00:00\",\"description\":\"Os pilotos, Iv\u00e1n Ares e Jos\u00e9 A. Pintor, patrocinados pela GS YUASA, v\u00e3o procurar brilhar no Rali das Ilhas Can\u00e1rias\",\"breadcrumb\":{\"@id\":\"https:\\\/\\\/jornaldasoficinas.com\\\/pt\\\/ivan-ares-e-jose-a-pintor-dao-o-tudo-por-tudo-nas-canarias\\\/#breadcrumb\"},\"inLanguage\":\"pt-PT\",\"potentialAction\":[{\"@type\":\"ReadAction\",\"target\":[\"https:\\\/\\\/jornaldasoficinas.com\\\/pt\\\/ivan-ares-e-jose-a-pintor-dao-o-tudo-por-tudo-nas-canarias\\\/\"]}]},{\"@type\":\"ImageObject\",\"inLanguage\":\"pt-PT\",\"@id\":\"https:\\\/\\\/jornaldasoficinas.com\\\/pt\\\/ivan-ares-e-jose-a-pintor-dao-o-tudo-por-tudo-nas-canarias\\\/#primaryimage\",\"url\":\"https:\\\/\\\/jornaldasoficinas.com\\\/pt\\\/wp-content\\\/uploads\\\/2023\\\/05\\\/Ivan-Ares-e-Jose-A.-Pintor-dao-o-tudo-por-tudo-nas-Canarias.jpeg\",\"contentUrl\":\"https:\\\/\\\/jornaldasoficinas.com\\\/pt\\\/wp-content\\\/uploads\\\/2023\\\/05\\\/Ivan-Ares-e-Jose-A.-Pintor-dao-o-tudo-por-tudo-nas-Canarias.jpeg\",\"width\":1024,\"height\":581,\"caption\":\"05 - Ivan Ares e Jose A. Pintor dao o tudo por tudo nas Canarias\"},{\"@type\":\"BreadcrumbList\",\"@id\":\"https:\\\/\\\/jornaldasoficinas.com\\\/pt\\\/ivan-ares-e-jose-a-pintor-dao-o-tudo-por-tudo-nas-canarias\\\/#breadcrumb\",\"itemListElement\":[{\"@type\":\"ListItem\",\"position\":1,\"name\":\"In\u00edcio\",\"item\":\"https:\\\/\\\/jornaldasoficinas.com\\\/pt\\\/\"},{\"@type\":\"ListItem\",\"position\":2,\"name\":\"Iv\u00e1n Ares e Jos\u00e9 A. Pintor d\u00e3o o tudo por tudo nas Can\u00e1rias\"}]},{\"@type\":\"WebSite\",\"@id\":\"https:\\\/\\\/jornaldasoficinas.com\\\/pt\\\/#website\",\"url\":\"https:\\\/\\\/jornaldasoficinas.com\\\/pt\\\/\",\"name\":\"Jornal das Oficinas\",\"description\":\"Jornal independente do Aftermarket Autom\u00f3vel em Portugal\",\"publisher\":{\"@id\":\"https:\\\/\\\/jornaldasoficinas.com\\\/pt\\\/#organization\"},\"potentialAction\":[{\"@type\":\"SearchAction\",\"target\":{\"@type\":\"EntryPoint\",\"urlTemplate\":\"https:\\\/\\\/jornaldasoficinas.com\\\/pt\\\/?s={search_term_string}\"},\"query-input\":{\"@type\":\"PropertyValueSpecification\",\"valueRequired\":true,\"valueName\":\"search_term_string\"}}],\"inLanguage\":\"pt-PT\"},{\"@type\":\"Organization\",\"@id\":\"https:\\\/\\\/jornaldasoficinas.com\\\/pt\\\/#organization\",\"name\":\"Jornal das Oficinas\",\"url\":\"https:\\\/\\\/jornaldasoficinas.com\\\/pt\\\/\",\"logo\":{\"@type\":\"ImageObject\",\"inLanguage\":\"pt-PT\",\"@id\":\"https:\\\/\\\/jornaldasoficinas.com\\\/pt\\\/#\\\/schema\\\/logo\\\/image\\\/\",\"url\":\"https:\\\/\\\/jornaldasoficinas.com\\\/pt\\\/wp-content\\\/uploads\\\/logoJO-SEO.png\",\"contentUrl\":\"https:\\\/\\\/jornaldasoficinas.com\\\/pt\\\/wp-content\\\/uploads\\\/logoJO-SEO.png\",\"width\":285,\"height\":450,\"caption\":\"Jornal das Oficinas\"},\"image\":{\"@id\":\"https:\\\/\\\/jornaldasoficinas.com\\\/pt\\\/#\\\/schema\\\/logo\\\/image\\\/\"},\"sameAs\":[\"https:\\\/\\\/www.facebook.com\\\/jornaloficinas\",\"https:\\\/\\\/x.com\\\/jornaloficinas\",\"https:\\\/\\\/www.instagram.com\\\/jornal_oficinas\\\/\",\"https:\\\/\\\/www.linkedin.com\\\/company\\\/jornal-das-oficinas\\\/\",\"https:\\\/\\\/www.youtube.com\\\/channel\\\/UCbQZBqtcvV-oSQrr7RzINGg\"]},{\"@type\":\"Person\",\"@id\":\"https:\\\/\\\/jornaldasoficinas.com\\\/pt\\\/#\\\/schema\\\/person\\\/a38eef5de2c41d9e7c9ac10141afddf3\",\"name\":\"Reda\u00e7\u00e3o JO\",\"image\":{\"@type\":\"ImageObject\",\"inLanguage\":\"pt-PT\",\"@id\":\"https:\\\/\\\/secure.gravatar.com\\\/avatar\\\/71f2fa71737ad68a84fea94bc708ddac8ea5b0c4788dc2ad202f3ccb2887742f?s=96&d=wp_user_avatar&r=g\",\"url\":\"https:\\\/\\\/secure.gravatar.com\\\/avatar\\\/71f2fa71737ad68a84fea94bc708ddac8ea5b0c4788dc2ad202f3ccb2887742f?s=96&d=wp_user_avatar&r=g\",\"contentUrl\":\"https:\\\/\\\/secure.gravatar.com\\\/avatar\\\/71f2fa71737ad68a84fea94bc708ddac8ea5b0c4788dc2ad202f3ccb2887742f?s=96&d=wp_user_avatar&r=g\",\"caption\":\"Reda\u00e7\u00e3o JO\"},\"url\":\"https:\\\/\\\/jornaldasoficinas.com\\\/pt\\\/author\\\/joredacao\\\/\"}]}<\/script>\n<!-- \/ Yoast SEO plugin. -->","yoast_head_json":{"title":"Iv\u00e1n Ares e Jos\u00e9 A. Pintor d\u00e3o o tudo por tudo nas Can\u00e1rias - Jornal das Oficinas","description":"Os pilotos, Iv\u00e1n Ares e Jos\u00e9 A. Pintor, patrocinados pela GS YUASA, v\u00e3o procurar brilhar no Rali das Ilhas Can\u00e1rias","robots":{"index":"index","follow":"follow","max-snippet":"max-snippet:-1","max-image-preview":"max-image-preview:large","max-video-preview":"max-video-preview:-1"},"canonical":"https:\/\/jornaldasoficinas.com\/pt\/ivan-ares-e-jose-a-pintor-dao-o-tudo-por-tudo-nas-canarias\/","og_locale":"pt_PT","og_type":"article","og_title":"Iv\u00e1n Ares e Jos\u00e9 A. Pintor d\u00e3o o tudo por tudo nas Can\u00e1rias - Jornal das Oficinas","og_description":"Os pilotos, Iv\u00e1n Ares e Jos\u00e9 A. Pintor, patrocinados pela GS YUASA, v\u00e3o procurar brilhar no Rali das Ilhas Can\u00e1rias","og_url":"https:\/\/jornaldasoficinas.com\/pt\/ivan-ares-e-jose-a-pintor-dao-o-tudo-por-tudo-nas-canarias\/","og_site_name":"Jornal das Oficinas","article_publisher":"https:\/\/www.facebook.com\/jornaloficinas","article_published_time":"2023-05-08T11:30:17+00:00","article_modified_time":"2023-07-19T14:40:33+00:00","og_image":[{"width":1024,"height":581,"url":"https:\/\/jornaldasoficinas.com\/pt\/wp-content\/uploads\/2023\/05\/Ivan-Ares-e-Jose-A.-Pintor-dao-o-tudo-por-tudo-nas-Canarias.jpeg","type":"image\/jpeg"}],"author":"Reda\u00e7\u00e3o JO","twitter_card":"summary_large_image","twitter_creator":"@jornaloficinas","twitter_site":"@jornaloficinas","twitter_misc":{"Escrito por":"Reda\u00e7\u00e3o JO","Tempo estimado de leitura":"2 minutos"},"schema":{"@context":"https:\/\/schema.org","@graph":[{"@type":"Article","@id":"https:\/\/jornaldasoficinas.com\/pt\/ivan-ares-e-jose-a-pintor-dao-o-tudo-por-tudo-nas-canarias\/#article","isPartOf":{"@id":"https:\/\/jornaldasoficinas.com\/pt\/ivan-ares-e-jose-a-pintor-dao-o-tudo-por-tudo-nas-canarias\/"},"author":{"name":"Reda\u00e7\u00e3o JO","@id":"https:\/\/jornaldasoficinas.com\/pt\/#\/schema\/person\/a38eef5de2c41d9e7c9ac10141afddf3"},"headline":"Iv\u00e1n Ares e Jos\u00e9 A. Pintor d\u00e3o o tudo por tudo nas Can\u00e1rias","datePublished":"2023-05-08T11:30:17+00:00","dateModified":"2023-07-19T14:40:33+00:00","mainEntityOfPage":{"@id":"https:\/\/jornaldasoficinas.com\/pt\/ivan-ares-e-jose-a-pintor-dao-o-tudo-por-tudo-nas-canarias\/"},"wordCount":450,"publisher":{"@id":"https:\/\/jornaldasoficinas.com\/pt\/#organization"},"image":{"@id":"https:\/\/jornaldasoficinas.com\/pt\/ivan-ares-e-jose-a-pintor-dao-o-tudo-por-tudo-nas-canarias\/#primaryimage"},"thumbnailUrl":"https:\/\/jornaldasoficinas.com\/pt\/wp-content\/uploads\/2023\/05\/Ivan-Ares-e-Jose-A.-Pintor-dao-o-tudo-por-tudo-nas-Canarias.jpeg","keywords":["Campeonato da Europa de Ralis da FIA","GS Yuasa","Iv\u00e1n Ares","Jos\u00e9 A. Pintor","Rali das Ilhas Can\u00e1rias","Supercampeonato de Espa\u00f1a de Rallyes"],"articleSection":["Empresas"],"inLanguage":"pt-PT"},{"@type":"WebPage","@id":"https:\/\/jornaldasoficinas.com\/pt\/ivan-ares-e-jose-a-pintor-dao-o-tudo-por-tudo-nas-canarias\/","url":"https:\/\/jornaldasoficinas.com\/pt\/ivan-ares-e-jose-a-pintor-dao-o-tudo-por-tudo-nas-canarias\/","name":"Iv\u00e1n Ares e Jos\u00e9 A. Pintor d\u00e3o o tudo por tudo nas Can\u00e1rias - Jornal das Oficinas","isPartOf":{"@id":"https:\/\/jornaldasoficinas.com\/pt\/#website"},"primaryImageOfPage":{"@id":"https:\/\/jornaldasoficinas.com\/pt\/ivan-ares-e-jose-a-pintor-dao-o-tudo-por-tudo-nas-canarias\/#primaryimage"},"image":{"@id":"https:\/\/jornaldasoficinas.com\/pt\/ivan-ares-e-jose-a-pintor-dao-o-tudo-por-tudo-nas-canarias\/#primaryimage"},"thumbnailUrl":"https:\/\/jornaldasoficinas.com\/pt\/wp-content\/uploads\/2023\/05\/Ivan-Ares-e-Jose-A.-Pintor-dao-o-tudo-por-tudo-nas-Canarias.jpeg","datePublished":"2023-05-08T11:30:17+00:00","dateModified":"2023-07-19T14:40:33+00:00","description":"Os pilotos, Iv\u00e1n Ares e Jos\u00e9 A. Pintor, patrocinados pela GS YUASA, v\u00e3o procurar brilhar no Rali das Ilhas Can\u00e1rias","breadcrumb":{"@id":"https:\/\/jornaldasoficinas.com\/pt\/ivan-ares-e-jose-a-pintor-dao-o-tudo-por-tudo-nas-canarias\/#breadcrumb"},"inLanguage":"pt-PT","potentialAction":[{"@type":"ReadAction","target":["https:\/\/jornaldasoficinas.com\/pt\/ivan-ares-e-jose-a-pintor-dao-o-tudo-por-tudo-nas-canarias\/"]}]},{"@type":"ImageObject","inLanguage":"pt-PT","@id":"https:\/\/jornaldasoficinas.com\/pt\/ivan-ares-e-jose-a-pintor-dao-o-tudo-por-tudo-nas-canarias\/#primaryimage","url":"https:\/\/jornaldasoficinas.com\/pt\/wp-content\/uploads\/2023\/05\/Ivan-Ares-e-Jose-A.-Pintor-dao-o-tudo-por-tudo-nas-Canarias.jpeg","contentUrl":"https:\/\/jornaldasoficinas.com\/pt\/wp-content\/uploads\/2023\/05\/Ivan-Ares-e-Jose-A.-Pintor-dao-o-tudo-por-tudo-nas-Canarias.jpeg","width":1024,"height":581,"caption":"05 - Ivan Ares e Jose A. Pintor dao o tudo por tudo nas Canarias"},{"@type":"BreadcrumbList","@id":"https:\/\/jornaldasoficinas.com\/pt\/ivan-ares-e-jose-a-pintor-dao-o-tudo-por-tudo-nas-canarias\/#breadcrumb","itemListElement":[{"@type":"ListItem","position":1,"name":"In\u00edcio","item":"https:\/\/jornaldasoficinas.com\/pt\/"},{"@type":"ListItem","position":2,"name":"Iv\u00e1n Ares e Jos\u00e9 A. Pintor d\u00e3o o tudo por tudo nas Can\u00e1rias"}]},{"@type":"WebSite","@id":"https:\/\/jornaldasoficinas.com\/pt\/#website","url":"https:\/\/jornaldasoficinas.com\/pt\/","name":"Jornal das Oficinas","description":"Jornal independente do Aftermarket Autom\u00f3vel em Portugal","publisher":{"@id":"https:\/\/jornaldasoficinas.com\/pt\/#organization"},"potentialAction":[{"@type":"SearchAction","target":{"@type":"EntryPoint","urlTemplate":"https:\/\/jornaldasoficinas.com\/pt\/?s={search_term_string}"},"query-input":{"@type":"PropertyValueSpecification","valueRequired":true,"valueName":"search_term_string"}}],"inLanguage":"pt-PT"},{"@type":"Organization","@id":"https:\/\/jornaldasoficinas.com\/pt\/#organization","name":"Jornal das Oficinas","url":"https:\/\/jornaldasoficinas.com\/pt\/","logo":{"@type":"ImageObject","inLanguage":"pt-PT","@id":"https:\/\/jornaldasoficinas.com\/pt\/#\/schema\/logo\/image\/","url":"https:\/\/jornaldasoficinas.com\/pt\/wp-content\/uploads\/logoJO-SEO.png","contentUrl":"https:\/\/jornaldasoficinas.com\/pt\/wp-content\/uploads\/logoJO-SEO.png","width":285,"height":450,"caption":"Jornal das Oficinas"},"image":{"@id":"https:\/\/jornaldasoficinas.com\/pt\/#\/schema\/logo\/image\/"},"sameAs":["https:\/\/www.facebook.com\/jornaloficinas","https:\/\/x.com\/jornaloficinas","https:\/\/www.instagram.com\/jornal_oficinas\/","https:\/\/www.linkedin.com\/company\/jornal-das-oficinas\/","https:\/\/www.youtube.com\/channel\/UCbQZBqtcvV-oSQrr7RzINGg"]},{"@type":"Person","@id":"https:\/\/jornaldasoficinas.com\/pt\/#\/schema\/person\/a38eef5de2c41d9e7c9ac10141afddf3","name":"Reda\u00e7\u00e3o JO","image":{"@type":"ImageObject","inLanguage":"pt-PT","@id":"https:\/\/secure.gravatar.com\/avatar\/71f2fa71737ad68a84fea94bc708ddac8ea5b0c4788dc2ad202f3ccb2887742f?s=96&d=wp_user_avatar&r=g","url":"https:\/\/secure.gravatar.com\/avatar\/71f2fa71737ad68a84fea94bc708ddac8ea5b0c4788dc2ad202f3ccb2887742f?s=96&d=wp_user_avatar&r=g","contentUrl":"https:\/\/secure.gravatar.com\/avatar\/71f2fa71737ad68a84fea94bc708ddac8ea5b0c4788dc2ad202f3ccb2887742f?s=96&d=wp_user_avatar&r=g","caption":"Reda\u00e7\u00e3o JO"},"url":"https:\/\/jornaldasoficinas.com\/pt\/author\/joredacao\/"}]}},"_links":{"self":[{"href":"https:\/\/jornaldasoficinas.com\/pt\/wp-json\/wp\/v2\/posts\/66203","targetHints":{"allow":["GET"]}}],"collection":[{"href":"https:\/\/jornaldasoficinas.com\/pt\/wp-json\/wp\/v2\/posts"}],"about":[{"href":"https:\/\/jornaldasoficinas.com\/pt\/wp-json\/wp\/v2\/types\/post"}],"author":[{"embeddable":true,"href":"https:\/\/jornaldasoficinas.com\/pt\/wp-json\/wp\/v2\/users\/15"}],"replies":[{"embeddable":true,"href":"https:\/\/jornaldasoficinas.com\/pt\/wp-json\/wp\/v2\/comments?post=66203"}],"version-history":[{"count":0,"href":"https:\/\/jornaldasoficinas.com\/pt\/wp-json\/wp\/v2\/posts\/66203\/revisions"}],"wp:featuredmedia":[{"embeddable":true,"href":"https:\/\/jornaldasoficinas.com\/pt\/wp-json\/wp\/v2\/media\/66201"}],"wp:attachment":[{"href":"https:\/\/jornaldasoficinas.com\/pt\/wp-json\/wp\/v2\/media?parent=66203"}],"wp:term":[{"taxonomy":"category","embeddable":true,"href":"https:\/\/jornaldasoficinas.com\/pt\/wp-json\/wp\/v2\/categories?post=66203"},{"taxonomy":"post_tag","embeddable":true,"href":"https:\/\/jornaldasoficinas.com\/pt\/wp-json\/wp\/v2\/tags?post=66203"}],"curies":[{"name":"wp","href":"https:\/\/api.w.org\/{rel}","templated":true}]}}