{"id":66415,"date":"2023-05-12T18:00:09","date_gmt":"2023-05-12T17:00:09","guid":{"rendered":"https:\/\/jornaldasoficinas.com\/pt\/?p=66415"},"modified":"2023-07-19T15:40:31","modified_gmt":"2023-07-19T14:40:31","slug":"soc-com-c-santos-eletrificada-no-rally-de-portugal","status":"publish","type":"post","link":"https:\/\/jornaldasoficinas.com\/pt\/soc-com-c-santos-eletrificada-no-rally-de-portugal\/","title":{"rendered":"Soc. Comercial C. Santos eletrificada no Rally de Portugal"},"content":{"rendered":"<p><strong><img loading=\"lazy\" decoding=\"async\" class=\"alignnone size-full wp-image-66413\" src=\"https:\/\/jornaldasoficinas.com\/pt\/wp-content\/uploads\/2023\/05\/Soc.-Com.-C.-Santos-eletrificada-no-Rally-de-Portugal.jpg\" alt=\"05 - Soc. Com. C. Santos eletrificada no Rally de Portugal\" width=\"1024\" height=\"581\" srcset=\"https:\/\/jornaldasoficinas.com\/pt\/wp-content\/uploads\/2023\/05\/Soc.-Com.-C.-Santos-eletrificada-no-Rally-de-Portugal.jpg 1024w, https:\/\/jornaldasoficinas.com\/pt\/wp-content\/uploads\/2023\/05\/Soc.-Com.-C.-Santos-eletrificada-no-Rally-de-Portugal-300x170.jpg 300w, https:\/\/jornaldasoficinas.com\/pt\/wp-content\/uploads\/2023\/05\/Soc.-Com.-C.-Santos-eletrificada-no-Rally-de-Portugal-150x85.jpg 150w, https:\/\/jornaldasoficinas.com\/pt\/wp-content\/uploads\/2023\/05\/Soc.-Com.-C.-Santos-eletrificada-no-Rally-de-Portugal-768x436.jpg 768w\" sizes=\"auto, (max-width: 1024px) 100vw, 1024px\" \/><\/strong><\/p>\n<p><strong>A <a href=\"https:\/\/www.soccsantos.pt\/\" target=\"_blank\" rel=\"noopener\">Soc. Comercial C. Santos<\/a> \u00e9 um dos parceiros ambientais do <a href=\"https:\/\/jornaldasoficinas.com\/pt\/vodafone-rally-de-portugal-preocupado-com-a-sustentabilidade\/\" target=\"_blank\" rel=\"noopener\">Rally de Portugal de 2023<\/a>, que est\u00e1 na estrada de 11 a 14 de maio. A prova \u00e9 reconhecida pelas boas pr\u00e1ticas ambientais e a organiza\u00e7\u00e3o contar\u00e1 com v\u00e1rias viaturas el\u00e9tricas e h\u00edbridas plug-in cedidas pelo representante Mercedes-Benz, que exp\u00f5e um EQS na Exponor, centro operacional do rali <\/strong><\/p>\n<p>O Rally de Portugal \u00e9 reconhecido pela Federa\u00e7\u00e3o Internacional do Autom\u00f3vel (FIA) como um exemplo de boas pr\u00e1ticas ambientais entre as provas do Campeonato do Mundo de Ralis. A Sociedade Comercial C. Santos e a Rent a Star cedem sete viaturas el\u00e9tricas e h\u00edbridas plug-in para o apoio edi\u00e7\u00e3o de 2023 da prova para que esta possa ser o mais sustent\u00e1vel poss\u00edvel.<\/p>\n<p>Desde 2017 que o Rally de Portugal \u00e9 reconhecido pela FIA como sendo um evento que aplica as melhores pr\u00e1ticas ambientais no Campeonato do Mundo de Ralis, em \u00e1reas como gest\u00e3o de res\u00edduos, consumo de \u00e1gua e energia e transportes, entre outros. Tal como nos \u00faltimos seis anos, a edi\u00e7\u00e3o de 2023 da prova portuguesa do Mundial de Ralis volta a receber as 3 estrelas do Programa Ambiental da FIA (trata-se do n\u00edvel mais elevado de certifica\u00e7\u00e3o). O Plano de Sustentabilidade Ambiental do evento, criado foi criado pela organiza\u00e7\u00e3o do rali, a cargo da ACP Motorsport, em articula\u00e7\u00e3o com o Minist\u00e9rio do Ambiente, atrav\u00e9s da Ag\u00eancia Portuguesa do Ambiente.<\/p>\n<p><strong>Sete viaturas de baixas emiss\u00f5es<br \/>\n<\/strong>A Sociedade Comercial C. Santos e a Rent a Star cederam uma frota de sete viaturas de baixa emiss\u00f5es. Estas viaturas s\u00e3o um apoio para a organiza\u00e7\u00e3o do Rally de Portugal manter os elevados \u00edndices que permitiram a obten\u00e7\u00e3o das 3 estrelas do Programa Ambiental da FIA.<\/p>\n<p>Em concreto, est\u00e3o ao servi\u00e7o da prova seis Mercedes-Benz Classe A 250e e um Mercedes EQB 250. O A 250e \u00e9 um h\u00edbrido plug-in que conjuga o motor 1332 cc a gasolina de quatro cilindros e um motor el\u00e9trico de 109 cv, resultando numa pot\u00eancia combinada de 218 cv. Com uma bateria de 15,6 kWh, oferece uma autonomia em modo 100% el\u00e9trico de 85 km (portanto, suficiente para as necessidades quotidianas da maioria dos utilizadores). O EQB 250 \u00e9 um modelo 100% el\u00e9trico que oferece toda a versatilidade necess\u00e1ria. Com 4684 mm de comprimento, este SUV de sete lugares tem uma bateria de 66,5 kWh capaz de oferecer uma alargada autonomia de 474 km.<\/p>\n<p>\u201cA FIA tem o objetivo de alcan\u00e7ar zero emiss\u00f5es em 2030, incentivando os organizadores de provas de desportos motorizados a introduzirem pr\u00e1ticas sustent\u00e1veis, no sentido de reduzir o impacto ambiental dos eventos, o que est\u00e1 sintonia com os objetivos da Sociedade Comercial C. Santos, e da Mercedes-Benz, em termos de sustentabilidade. Por isso, esta parceria com o Rally de Portugal para ced\u00eancia de viaturas de reduzidas emiss\u00f5es locais fez-nos todo o sentido\u201d, referiu a diretora de marketing da Sociedade Comercial C. Santos, Ana Bolina.<\/p>\n","protected":false},"excerpt":{"rendered":"<p>A Soc. Comercial C. Santos \u00e9&#8230;<\/p>\n","protected":false},"author":15,"featured_media":66413,"comment_status":"closed","ping_status":"closed","sticky":false,"template":"","format":"standard","meta":{"footnotes":""},"categories":[29],"tags":[5296,4851,5297,116,5295,2488],"class_list":["post-66415","post","type-post","status-publish","format-standard","has-post-thumbnail","hentry","category-empresas","tag-11-a-14-de-maio","tag-baixas-emissoes","tag-boas-praticas-ambientais","tag-mercedes-benz","tag-rally-de-portugal","tag-soc-comercial-c-santos"],"yoast_head":"<!-- This site is optimized with the Yoast SEO plugin v27.4 - https:\/\/yoast.com\/product\/yoast-seo-wordpress\/ -->\n<title>Soc. Comercial C. Santos eletrificada no Rally de Portugal - Jornal das Oficinas<\/title>\n<meta name=\"description\" content=\"A Soc. Comercial C. Santos \u00e9 um dos parceiros ambientais do Rally de Portugal de 2023, que est\u00e1 na estrada de 11 a 14 de maio\" \/>\n<meta name=\"robots\" content=\"index, follow, max-snippet:-1, max-image-preview:large, max-video-preview:-1\" \/>\n<link rel=\"canonical\" href=\"https:\/\/jornaldasoficinas.com\/pt\/soc-com-c-santos-eletrificada-no-rally-de-portugal\/\" \/>\n<meta property=\"og:locale\" content=\"pt_PT\" \/>\n<meta property=\"og:type\" content=\"article\" \/>\n<meta property=\"og:title\" content=\"Soc. Comercial C. Santos eletrificada no Rally de Portugal - Jornal das Oficinas\" \/>\n<meta property=\"og:description\" content=\"A Soc. Comercial C. Santos \u00e9 um dos parceiros ambientais do Rally de Portugal de 2023, que est\u00e1 na estrada de 11 a 14 de maio\" \/>\n<meta property=\"og:url\" content=\"https:\/\/jornaldasoficinas.com\/pt\/soc-com-c-santos-eletrificada-no-rally-de-portugal\/\" \/>\n<meta property=\"og:site_name\" content=\"Jornal das Oficinas\" \/>\n<meta property=\"article:publisher\" content=\"https:\/\/www.facebook.com\/jornaloficinas\" \/>\n<meta property=\"article:published_time\" content=\"2023-05-12T17:00:09+00:00\" \/>\n<meta property=\"article:modified_time\" content=\"2023-07-19T14:40:31+00:00\" \/>\n<meta property=\"og:image\" content=\"https:\/\/jornaldasoficinas.com\/pt\/wp-content\/uploads\/2023\/05\/Soc.-Com.-C.-Santos-eletrificada-no-Rally-de-Portugal.jpg\" \/>\n\t<meta property=\"og:image:width\" content=\"1024\" \/>\n\t<meta property=\"og:image:height\" content=\"581\" \/>\n\t<meta property=\"og:image:type\" content=\"image\/jpeg\" \/>\n<meta name=\"author\" content=\"Reda\u00e7\u00e3o JO\" \/>\n<meta name=\"twitter:card\" content=\"summary_large_image\" \/>\n<meta name=\"twitter:creator\" content=\"@jornaloficinas\" \/>\n<meta name=\"twitter:site\" content=\"@jornaloficinas\" \/>\n<meta name=\"twitter:label1\" content=\"Escrito por\" \/>\n\t<meta name=\"twitter:data1\" content=\"Reda\u00e7\u00e3o JO\" \/>\n\t<meta name=\"twitter:label2\" content=\"Tempo estimado de leitura\" \/>\n\t<meta name=\"twitter:data2\" content=\"2 minutos\" \/>\n<script type=\"application\/ld+json\" class=\"yoast-schema-graph\">{\"@context\":\"https:\\\/\\\/schema.org\",\"@graph\":[{\"@type\":\"Article\",\"@id\":\"https:\\\/\\\/jornaldasoficinas.com\\\/pt\\\/soc-com-c-santos-eletrificada-no-rally-de-portugal\\\/#article\",\"isPartOf\":{\"@id\":\"https:\\\/\\\/jornaldasoficinas.com\\\/pt\\\/soc-com-c-santos-eletrificada-no-rally-de-portugal\\\/\"},\"author\":{\"name\":\"Reda\u00e7\u00e3o JO\",\"@id\":\"https:\\\/\\\/jornaldasoficinas.com\\\/pt\\\/#\\\/schema\\\/person\\\/a38eef5de2c41d9e7c9ac10141afddf3\"},\"headline\":\"Soc. Comercial C. Santos eletrificada no Rally de Portugal\",\"datePublished\":\"2023-05-12T17:00:09+00:00\",\"dateModified\":\"2023-07-19T14:40:31+00:00\",\"mainEntityOfPage\":{\"@id\":\"https:\\\/\\\/jornaldasoficinas.com\\\/pt\\\/soc-com-c-santos-eletrificada-no-rally-de-portugal\\\/\"},\"wordCount\":506,\"publisher\":{\"@id\":\"https:\\\/\\\/jornaldasoficinas.com\\\/pt\\\/#organization\"},\"image\":{\"@id\":\"https:\\\/\\\/jornaldasoficinas.com\\\/pt\\\/soc-com-c-santos-eletrificada-no-rally-de-portugal\\\/#primaryimage\"},\"thumbnailUrl\":\"https:\\\/\\\/jornaldasoficinas.com\\\/pt\\\/wp-content\\\/uploads\\\/2023\\\/05\\\/Soc.-Com.-C.-Santos-eletrificada-no-Rally-de-Portugal.jpg\",\"keywords\":[\"11 a 14 de maio\",\"baixas emiss\u00f5es\",\"boas pr\u00e1ticas ambientais\",\"Mercedes-Benz\",\"Rally de Portugal\",\"Soc. Comercial C. Santos\"],\"articleSection\":[\"Empresas\"],\"inLanguage\":\"pt-PT\"},{\"@type\":\"WebPage\",\"@id\":\"https:\\\/\\\/jornaldasoficinas.com\\\/pt\\\/soc-com-c-santos-eletrificada-no-rally-de-portugal\\\/\",\"url\":\"https:\\\/\\\/jornaldasoficinas.com\\\/pt\\\/soc-com-c-santos-eletrificada-no-rally-de-portugal\\\/\",\"name\":\"Soc. Comercial C. Santos eletrificada no Rally de Portugal - Jornal das Oficinas\",\"isPartOf\":{\"@id\":\"https:\\\/\\\/jornaldasoficinas.com\\\/pt\\\/#website\"},\"primaryImageOfPage\":{\"@id\":\"https:\\\/\\\/jornaldasoficinas.com\\\/pt\\\/soc-com-c-santos-eletrificada-no-rally-de-portugal\\\/#primaryimage\"},\"image\":{\"@id\":\"https:\\\/\\\/jornaldasoficinas.com\\\/pt\\\/soc-com-c-santos-eletrificada-no-rally-de-portugal\\\/#primaryimage\"},\"thumbnailUrl\":\"https:\\\/\\\/jornaldasoficinas.com\\\/pt\\\/wp-content\\\/uploads\\\/2023\\\/05\\\/Soc.-Com.-C.-Santos-eletrificada-no-Rally-de-Portugal.jpg\",\"datePublished\":\"2023-05-12T17:00:09+00:00\",\"dateModified\":\"2023-07-19T14:40:31+00:00\",\"description\":\"A Soc. Comercial C. Santos \u00e9 um dos parceiros ambientais do Rally de Portugal de 2023, que est\u00e1 na estrada de 11 a 14 de maio\",\"breadcrumb\":{\"@id\":\"https:\\\/\\\/jornaldasoficinas.com\\\/pt\\\/soc-com-c-santos-eletrificada-no-rally-de-portugal\\\/#breadcrumb\"},\"inLanguage\":\"pt-PT\",\"potentialAction\":[{\"@type\":\"ReadAction\",\"target\":[\"https:\\\/\\\/jornaldasoficinas.com\\\/pt\\\/soc-com-c-santos-eletrificada-no-rally-de-portugal\\\/\"]}]},{\"@type\":\"ImageObject\",\"inLanguage\":\"pt-PT\",\"@id\":\"https:\\\/\\\/jornaldasoficinas.com\\\/pt\\\/soc-com-c-santos-eletrificada-no-rally-de-portugal\\\/#primaryimage\",\"url\":\"https:\\\/\\\/jornaldasoficinas.com\\\/pt\\\/wp-content\\\/uploads\\\/2023\\\/05\\\/Soc.-Com.-C.-Santos-eletrificada-no-Rally-de-Portugal.jpg\",\"contentUrl\":\"https:\\\/\\\/jornaldasoficinas.com\\\/pt\\\/wp-content\\\/uploads\\\/2023\\\/05\\\/Soc.-Com.-C.-Santos-eletrificada-no-Rally-de-Portugal.jpg\",\"width\":1024,\"height\":581,\"caption\":\"05 - Soc. Com. C. Santos eletrificada no Rally de Portugal\"},{\"@type\":\"BreadcrumbList\",\"@id\":\"https:\\\/\\\/jornaldasoficinas.com\\\/pt\\\/soc-com-c-santos-eletrificada-no-rally-de-portugal\\\/#breadcrumb\",\"itemListElement\":[{\"@type\":\"ListItem\",\"position\":1,\"name\":\"In\u00edcio\",\"item\":\"https:\\\/\\\/jornaldasoficinas.com\\\/pt\\\/\"},{\"@type\":\"ListItem\",\"position\":2,\"name\":\"Soc. Comercial C. Santos eletrificada no Rally de Portugal\"}]},{\"@type\":\"WebSite\",\"@id\":\"https:\\\/\\\/jornaldasoficinas.com\\\/pt\\\/#website\",\"url\":\"https:\\\/\\\/jornaldasoficinas.com\\\/pt\\\/\",\"name\":\"Jornal das Oficinas\",\"description\":\"Jornal independente do Aftermarket Autom\u00f3vel em Portugal\",\"publisher\":{\"@id\":\"https:\\\/\\\/jornaldasoficinas.com\\\/pt\\\/#organization\"},\"potentialAction\":[{\"@type\":\"SearchAction\",\"target\":{\"@type\":\"EntryPoint\",\"urlTemplate\":\"https:\\\/\\\/jornaldasoficinas.com\\\/pt\\\/?s={search_term_string}\"},\"query-input\":{\"@type\":\"PropertyValueSpecification\",\"valueRequired\":true,\"valueName\":\"search_term_string\"}}],\"inLanguage\":\"pt-PT\"},{\"@type\":\"Organization\",\"@id\":\"https:\\\/\\\/jornaldasoficinas.com\\\/pt\\\/#organization\",\"name\":\"Jornal das Oficinas\",\"url\":\"https:\\\/\\\/jornaldasoficinas.com\\\/pt\\\/\",\"logo\":{\"@type\":\"ImageObject\",\"inLanguage\":\"pt-PT\",\"@id\":\"https:\\\/\\\/jornaldasoficinas.com\\\/pt\\\/#\\\/schema\\\/logo\\\/image\\\/\",\"url\":\"https:\\\/\\\/jornaldasoficinas.com\\\/pt\\\/wp-content\\\/uploads\\\/logoJO-SEO.png\",\"contentUrl\":\"https:\\\/\\\/jornaldasoficinas.com\\\/pt\\\/wp-content\\\/uploads\\\/logoJO-SEO.png\",\"width\":285,\"height\":450,\"caption\":\"Jornal das Oficinas\"},\"image\":{\"@id\":\"https:\\\/\\\/jornaldasoficinas.com\\\/pt\\\/#\\\/schema\\\/logo\\\/image\\\/\"},\"sameAs\":[\"https:\\\/\\\/www.facebook.com\\\/jornaloficinas\",\"https:\\\/\\\/x.com\\\/jornaloficinas\",\"https:\\\/\\\/www.instagram.com\\\/jornal_oficinas\\\/\",\"https:\\\/\\\/www.linkedin.com\\\/company\\\/jornal-das-oficinas\\\/\",\"https:\\\/\\\/www.youtube.com\\\/channel\\\/UCbQZBqtcvV-oSQrr7RzINGg\"]},{\"@type\":\"Person\",\"@id\":\"https:\\\/\\\/jornaldasoficinas.com\\\/pt\\\/#\\\/schema\\\/person\\\/a38eef5de2c41d9e7c9ac10141afddf3\",\"name\":\"Reda\u00e7\u00e3o JO\",\"image\":{\"@type\":\"ImageObject\",\"inLanguage\":\"pt-PT\",\"@id\":\"https:\\\/\\\/secure.gravatar.com\\\/avatar\\\/71f2fa71737ad68a84fea94bc708ddac8ea5b0c4788dc2ad202f3ccb2887742f?s=96&d=wp_user_avatar&r=g\",\"url\":\"https:\\\/\\\/secure.gravatar.com\\\/avatar\\\/71f2fa71737ad68a84fea94bc708ddac8ea5b0c4788dc2ad202f3ccb2887742f?s=96&d=wp_user_avatar&r=g\",\"contentUrl\":\"https:\\\/\\\/secure.gravatar.com\\\/avatar\\\/71f2fa71737ad68a84fea94bc708ddac8ea5b0c4788dc2ad202f3ccb2887742f?s=96&d=wp_user_avatar&r=g\",\"caption\":\"Reda\u00e7\u00e3o JO\"},\"url\":\"https:\\\/\\\/jornaldasoficinas.com\\\/pt\\\/author\\\/joredacao\\\/\"}]}<\/script>\n<!-- \/ Yoast SEO plugin. -->","yoast_head_json":{"title":"Soc. Comercial C. Santos eletrificada no Rally de Portugal - Jornal das Oficinas","description":"A Soc. Comercial C. Santos \u00e9 um dos parceiros ambientais do Rally de Portugal de 2023, que est\u00e1 na estrada de 11 a 14 de maio","robots":{"index":"index","follow":"follow","max-snippet":"max-snippet:-1","max-image-preview":"max-image-preview:large","max-video-preview":"max-video-preview:-1"},"canonical":"https:\/\/jornaldasoficinas.com\/pt\/soc-com-c-santos-eletrificada-no-rally-de-portugal\/","og_locale":"pt_PT","og_type":"article","og_title":"Soc. Comercial C. Santos eletrificada no Rally de Portugal - Jornal das Oficinas","og_description":"A Soc. Comercial C. Santos \u00e9 um dos parceiros ambientais do Rally de Portugal de 2023, que est\u00e1 na estrada de 11 a 14 de maio","og_url":"https:\/\/jornaldasoficinas.com\/pt\/soc-com-c-santos-eletrificada-no-rally-de-portugal\/","og_site_name":"Jornal das Oficinas","article_publisher":"https:\/\/www.facebook.com\/jornaloficinas","article_published_time":"2023-05-12T17:00:09+00:00","article_modified_time":"2023-07-19T14:40:31+00:00","og_image":[{"width":1024,"height":581,"url":"https:\/\/jornaldasoficinas.com\/pt\/wp-content\/uploads\/2023\/05\/Soc.-Com.-C.-Santos-eletrificada-no-Rally-de-Portugal.jpg","type":"image\/jpeg"}],"author":"Reda\u00e7\u00e3o JO","twitter_card":"summary_large_image","twitter_creator":"@jornaloficinas","twitter_site":"@jornaloficinas","twitter_misc":{"Escrito por":"Reda\u00e7\u00e3o JO","Tempo estimado de leitura":"2 minutos"},"schema":{"@context":"https:\/\/schema.org","@graph":[{"@type":"Article","@id":"https:\/\/jornaldasoficinas.com\/pt\/soc-com-c-santos-eletrificada-no-rally-de-portugal\/#article","isPartOf":{"@id":"https:\/\/jornaldasoficinas.com\/pt\/soc-com-c-santos-eletrificada-no-rally-de-portugal\/"},"author":{"name":"Reda\u00e7\u00e3o JO","@id":"https:\/\/jornaldasoficinas.com\/pt\/#\/schema\/person\/a38eef5de2c41d9e7c9ac10141afddf3"},"headline":"Soc. Comercial C. Santos eletrificada no Rally de Portugal","datePublished":"2023-05-12T17:00:09+00:00","dateModified":"2023-07-19T14:40:31+00:00","mainEntityOfPage":{"@id":"https:\/\/jornaldasoficinas.com\/pt\/soc-com-c-santos-eletrificada-no-rally-de-portugal\/"},"wordCount":506,"publisher":{"@id":"https:\/\/jornaldasoficinas.com\/pt\/#organization"},"image":{"@id":"https:\/\/jornaldasoficinas.com\/pt\/soc-com-c-santos-eletrificada-no-rally-de-portugal\/#primaryimage"},"thumbnailUrl":"https:\/\/jornaldasoficinas.com\/pt\/wp-content\/uploads\/2023\/05\/Soc.-Com.-C.-Santos-eletrificada-no-Rally-de-Portugal.jpg","keywords":["11 a 14 de maio","baixas emiss\u00f5es","boas pr\u00e1ticas ambientais","Mercedes-Benz","Rally de Portugal","Soc. Comercial C. Santos"],"articleSection":["Empresas"],"inLanguage":"pt-PT"},{"@type":"WebPage","@id":"https:\/\/jornaldasoficinas.com\/pt\/soc-com-c-santos-eletrificada-no-rally-de-portugal\/","url":"https:\/\/jornaldasoficinas.com\/pt\/soc-com-c-santos-eletrificada-no-rally-de-portugal\/","name":"Soc. Comercial C. Santos eletrificada no Rally de Portugal - Jornal das Oficinas","isPartOf":{"@id":"https:\/\/jornaldasoficinas.com\/pt\/#website"},"primaryImageOfPage":{"@id":"https:\/\/jornaldasoficinas.com\/pt\/soc-com-c-santos-eletrificada-no-rally-de-portugal\/#primaryimage"},"image":{"@id":"https:\/\/jornaldasoficinas.com\/pt\/soc-com-c-santos-eletrificada-no-rally-de-portugal\/#primaryimage"},"thumbnailUrl":"https:\/\/jornaldasoficinas.com\/pt\/wp-content\/uploads\/2023\/05\/Soc.-Com.-C.-Santos-eletrificada-no-Rally-de-Portugal.jpg","datePublished":"2023-05-12T17:00:09+00:00","dateModified":"2023-07-19T14:40:31+00:00","description":"A Soc. Comercial C. Santos \u00e9 um dos parceiros ambientais do Rally de Portugal de 2023, que est\u00e1 na estrada de 11 a 14 de maio","breadcrumb":{"@id":"https:\/\/jornaldasoficinas.com\/pt\/soc-com-c-santos-eletrificada-no-rally-de-portugal\/#breadcrumb"},"inLanguage":"pt-PT","potentialAction":[{"@type":"ReadAction","target":["https:\/\/jornaldasoficinas.com\/pt\/soc-com-c-santos-eletrificada-no-rally-de-portugal\/"]}]},{"@type":"ImageObject","inLanguage":"pt-PT","@id":"https:\/\/jornaldasoficinas.com\/pt\/soc-com-c-santos-eletrificada-no-rally-de-portugal\/#primaryimage","url":"https:\/\/jornaldasoficinas.com\/pt\/wp-content\/uploads\/2023\/05\/Soc.-Com.-C.-Santos-eletrificada-no-Rally-de-Portugal.jpg","contentUrl":"https:\/\/jornaldasoficinas.com\/pt\/wp-content\/uploads\/2023\/05\/Soc.-Com.-C.-Santos-eletrificada-no-Rally-de-Portugal.jpg","width":1024,"height":581,"caption":"05 - Soc. Com. C. Santos eletrificada no Rally de Portugal"},{"@type":"BreadcrumbList","@id":"https:\/\/jornaldasoficinas.com\/pt\/soc-com-c-santos-eletrificada-no-rally-de-portugal\/#breadcrumb","itemListElement":[{"@type":"ListItem","position":1,"name":"In\u00edcio","item":"https:\/\/jornaldasoficinas.com\/pt\/"},{"@type":"ListItem","position":2,"name":"Soc. Comercial C. Santos eletrificada no Rally de Portugal"}]},{"@type":"WebSite","@id":"https:\/\/jornaldasoficinas.com\/pt\/#website","url":"https:\/\/jornaldasoficinas.com\/pt\/","name":"Jornal das Oficinas","description":"Jornal independente do Aftermarket Autom\u00f3vel em Portugal","publisher":{"@id":"https:\/\/jornaldasoficinas.com\/pt\/#organization"},"potentialAction":[{"@type":"SearchAction","target":{"@type":"EntryPoint","urlTemplate":"https:\/\/jornaldasoficinas.com\/pt\/?s={search_term_string}"},"query-input":{"@type":"PropertyValueSpecification","valueRequired":true,"valueName":"search_term_string"}}],"inLanguage":"pt-PT"},{"@type":"Organization","@id":"https:\/\/jornaldasoficinas.com\/pt\/#organization","name":"Jornal das Oficinas","url":"https:\/\/jornaldasoficinas.com\/pt\/","logo":{"@type":"ImageObject","inLanguage":"pt-PT","@id":"https:\/\/jornaldasoficinas.com\/pt\/#\/schema\/logo\/image\/","url":"https:\/\/jornaldasoficinas.com\/pt\/wp-content\/uploads\/logoJO-SEO.png","contentUrl":"https:\/\/jornaldasoficinas.com\/pt\/wp-content\/uploads\/logoJO-SEO.png","width":285,"height":450,"caption":"Jornal das Oficinas"},"image":{"@id":"https:\/\/jornaldasoficinas.com\/pt\/#\/schema\/logo\/image\/"},"sameAs":["https:\/\/www.facebook.com\/jornaloficinas","https:\/\/x.com\/jornaloficinas","https:\/\/www.instagram.com\/jornal_oficinas\/","https:\/\/www.linkedin.com\/company\/jornal-das-oficinas\/","https:\/\/www.youtube.com\/channel\/UCbQZBqtcvV-oSQrr7RzINGg"]},{"@type":"Person","@id":"https:\/\/jornaldasoficinas.com\/pt\/#\/schema\/person\/a38eef5de2c41d9e7c9ac10141afddf3","name":"Reda\u00e7\u00e3o JO","image":{"@type":"ImageObject","inLanguage":"pt-PT","@id":"https:\/\/secure.gravatar.com\/avatar\/71f2fa71737ad68a84fea94bc708ddac8ea5b0c4788dc2ad202f3ccb2887742f?s=96&d=wp_user_avatar&r=g","url":"https:\/\/secure.gravatar.com\/avatar\/71f2fa71737ad68a84fea94bc708ddac8ea5b0c4788dc2ad202f3ccb2887742f?s=96&d=wp_user_avatar&r=g","contentUrl":"https:\/\/secure.gravatar.com\/avatar\/71f2fa71737ad68a84fea94bc708ddac8ea5b0c4788dc2ad202f3ccb2887742f?s=96&d=wp_user_avatar&r=g","caption":"Reda\u00e7\u00e3o JO"},"url":"https:\/\/jornaldasoficinas.com\/pt\/author\/joredacao\/"}]}},"_links":{"self":[{"href":"https:\/\/jornaldasoficinas.com\/pt\/wp-json\/wp\/v2\/posts\/66415","targetHints":{"allow":["GET"]}}],"collection":[{"href":"https:\/\/jornaldasoficinas.com\/pt\/wp-json\/wp\/v2\/posts"}],"about":[{"href":"https:\/\/jornaldasoficinas.com\/pt\/wp-json\/wp\/v2\/types\/post"}],"author":[{"embeddable":true,"href":"https:\/\/jornaldasoficinas.com\/pt\/wp-json\/wp\/v2\/users\/15"}],"replies":[{"embeddable":true,"href":"https:\/\/jornaldasoficinas.com\/pt\/wp-json\/wp\/v2\/comments?post=66415"}],"version-history":[{"count":0,"href":"https:\/\/jornaldasoficinas.com\/pt\/wp-json\/wp\/v2\/posts\/66415\/revisions"}],"wp:featuredmedia":[{"embeddable":true,"href":"https:\/\/jornaldasoficinas.com\/pt\/wp-json\/wp\/v2\/media\/66413"}],"wp:attachment":[{"href":"https:\/\/jornaldasoficinas.com\/pt\/wp-json\/wp\/v2\/media?parent=66415"}],"wp:term":[{"taxonomy":"category","embeddable":true,"href":"https:\/\/jornaldasoficinas.com\/pt\/wp-json\/wp\/v2\/categories?post=66415"},{"taxonomy":"post_tag","embeddable":true,"href":"https:\/\/jornaldasoficinas.com\/pt\/wp-json\/wp\/v2\/tags?post=66415"}],"curies":[{"name":"wp","href":"https:\/\/api.w.org\/{rel}","templated":true}]}}