{"id":6648,"date":"2019-11-13T16:38:10","date_gmt":"2019-11-13T16:38:10","guid":{"rendered":"https:\/\/jornaldasoficinas.com\/pt\/?p=6648"},"modified":"2019-11-13T23:44:42","modified_gmt":"2019-11-13T23:44:42","slug":"besa-marca-presenca-no-sema-show","status":"publish","type":"post","link":"https:\/\/jornaldasoficinas.com\/pt\/besa-marca-presenca-no-sema-show\/","title":{"rendered":"BESA marcou presen\u00e7a no SEMA Show, em Las Vegas"},"content":{"rendered":"<p><img loading=\"lazy\" decoding=\"async\" class=\"alignnone size-full wp-image-6645\" src=\"https:\/\/jornaldasoficinas.com\/pt\/wp-content\/uploads\/2019\/11\/Jornal_das_Oficinas_besa-semashow-2019.jpg\" alt=\"11 - Jornal_das_Oficinas_besa-semashow-2019\" width=\"1024\" height=\"581\" srcset=\"https:\/\/jornaldasoficinas.com\/pt\/wp-content\/uploads\/2019\/11\/Jornal_das_Oficinas_besa-semashow-2019.jpg 1024w, https:\/\/jornaldasoficinas.com\/pt\/wp-content\/uploads\/2019\/11\/Jornal_das_Oficinas_besa-semashow-2019-300x170.jpg 300w, https:\/\/jornaldasoficinas.com\/pt\/wp-content\/uploads\/2019\/11\/Jornal_das_Oficinas_besa-semashow-2019-150x85.jpg 150w, https:\/\/jornaldasoficinas.com\/pt\/wp-content\/uploads\/2019\/11\/Jornal_das_Oficinas_besa-semashow-2019-768x436.jpg 768w\" sizes=\"auto, (max-width: 1024px) 100vw, 1024px\" \/><\/p>\n<p><strong>A BESA participou na edi\u00e7\u00e3o de 2019 do SEMA Show. A marca esteve presente no <em>stand<\/em> 11223, localizado no pavilh\u00e3o Collision &amp; Repair, tendo dividido o espa\u00e7o com a CARWORX, a sua parceira no mercado norte-americano.<\/strong><\/p>\n<p>Nos quatro dias de feira, as sensa\u00e7\u00f5es obtidas pela equipa comercial foram imbat\u00edveis, gerando in\u00fameros contactos e opini\u00f5es positivas, e serviram para verificar o crescente reconhecimento experimentado pela marca no mercado norte-americano e latino-americano nos \u00faltimos anos, aspeto fundamental para a sua estrat\u00e9gia de expans\u00e3o.<\/p>\n<p>A <a href=\"https:\/\/www.bernardoecenarro.com\/es\/\" target=\"_blank\" rel=\"noopener noreferrer\">BESA<\/a> tamb\u00e9m aproveitou o evento para apresentar uma nova linha de produtos com baixo teor de COV, especialmente adaptados \u00e0s regulamenta\u00e7\u00f5es do mercado norte-americano.<\/p>\n<p>Entre os produtos mais destacados dessa linha, esteve o verniz BESA-GLASS MS 2.1, composto pelas mat\u00e9rias-primas de \u00faltima gera\u00e7\u00e3o, que se destaca pela sua f\u00e1cil aplica\u00e7\u00e3o, capacidade de nivelamento e resist\u00eancia \u00e0 gasolina e ao Diesel.<\/p>\n<p>A outra grande novidade da linha LOW VOC foi a plataforma BESA-PRIME 2.1, um produto com elevado poder de cobertura, f\u00e1cil lixagem e aplica\u00e7\u00e3o vers\u00e1til, com boa ades\u00e3o ao a\u00e7o, alum\u00ednio e galvanizado.<\/p>\n<p>Dessa forma, a BESA conclui com sucesso uma nova participa\u00e7\u00e3o no evento mais importante do setor autom\u00f3vel em todo o mundo.<\/p>\n<p>A edi\u00e7\u00e3o de 2019 do SEMA Show fechou as suas portas com um dos maiores registos de presen\u00e7a nos \u00faltimos anos e com a apresenta\u00e7\u00e3o de quase 3.000 novos produtos exibidos. Al\u00e9m disso, como sempre, houve eventos especiais espetaculares, assist\u00eancia de celebridades e pr\u00e9mios.<\/p>\n","protected":false},"excerpt":{"rendered":"<p>A BESA participou na edi\u00e7\u00e3o de&#8230;<\/p>\n","protected":false},"author":15,"featured_media":6645,"comment_status":"closed","ping_status":"closed","sticky":false,"template":"","format":"standard","meta":{"footnotes":""},"categories":[2],"tags":[765,580],"class_list":["post-6648","post","type-post","status-publish","format-standard","has-post-thumbnail","hentry","category-repintura","tag-besa","tag-sema-show"],"yoast_head":"<!-- This site is optimized with the Yoast SEO plugin v27.4 - https:\/\/yoast.com\/product\/yoast-seo-wordpress\/ -->\n<title>BESA marcou presen\u00e7a no SEMA Show, em Las Vegas - Jornal das Oficinas<\/title>\n<meta name=\"robots\" content=\"index, follow, max-snippet:-1, max-image-preview:large, max-video-preview:-1\" \/>\n<link rel=\"canonical\" href=\"https:\/\/jornaldasoficinas.com\/pt\/besa-marca-presenca-no-sema-show\/\" \/>\n<meta property=\"og:locale\" content=\"pt_PT\" \/>\n<meta property=\"og:type\" content=\"article\" \/>\n<meta property=\"og:title\" content=\"BESA marcou presen\u00e7a no SEMA Show, em Las Vegas - Jornal das Oficinas\" \/>\n<meta property=\"og:description\" content=\"A BESA participou na edi\u00e7\u00e3o de...\" \/>\n<meta property=\"og:url\" content=\"https:\/\/jornaldasoficinas.com\/pt\/besa-marca-presenca-no-sema-show\/\" \/>\n<meta property=\"og:site_name\" content=\"Jornal das Oficinas\" \/>\n<meta property=\"article:publisher\" content=\"https:\/\/www.facebook.com\/jornaloficinas\" \/>\n<meta property=\"article:published_time\" content=\"2019-11-13T16:38:10+00:00\" \/>\n<meta property=\"article:modified_time\" content=\"2019-11-13T23:44:42+00:00\" \/>\n<meta property=\"og:image\" content=\"https:\/\/jornaldasoficinas.com\/pt\/wp-content\/uploads\/2019\/11\/Jornal_das_Oficinas_besa-semashow-2019.jpg\" \/>\n\t<meta property=\"og:image:width\" content=\"1024\" \/>\n\t<meta property=\"og:image:height\" content=\"581\" \/>\n\t<meta property=\"og:image:type\" content=\"image\/jpeg\" \/>\n<meta name=\"author\" content=\"Reda\u00e7\u00e3o JO\" \/>\n<meta name=\"twitter:card\" content=\"summary_large_image\" \/>\n<meta name=\"twitter:creator\" content=\"@jornaloficinas\" \/>\n<meta name=\"twitter:site\" content=\"@jornaloficinas\" \/>\n<meta name=\"twitter:label1\" content=\"Escrito por\" \/>\n\t<meta name=\"twitter:data1\" content=\"Reda\u00e7\u00e3o JO\" \/>\n\t<meta name=\"twitter:label2\" content=\"Tempo estimado de leitura\" \/>\n\t<meta name=\"twitter:data2\" content=\"1 minuto\" \/>\n<script type=\"application\/ld+json\" class=\"yoast-schema-graph\">{\"@context\":\"https:\\\/\\\/schema.org\",\"@graph\":[{\"@type\":\"Article\",\"@id\":\"https:\\\/\\\/jornaldasoficinas.com\\\/pt\\\/besa-marca-presenca-no-sema-show\\\/#article\",\"isPartOf\":{\"@id\":\"https:\\\/\\\/jornaldasoficinas.com\\\/pt\\\/besa-marca-presenca-no-sema-show\\\/\"},\"author\":{\"name\":\"Reda\u00e7\u00e3o JO\",\"@id\":\"https:\\\/\\\/jornaldasoficinas.com\\\/pt\\\/#\\\/schema\\\/person\\\/a38eef5de2c41d9e7c9ac10141afddf3\"},\"headline\":\"BESA marcou presen\u00e7a no SEMA Show, em Las Vegas\",\"datePublished\":\"2019-11-13T16:38:10+00:00\",\"dateModified\":\"2019-11-13T23:44:42+00:00\",\"mainEntityOfPage\":{\"@id\":\"https:\\\/\\\/jornaldasoficinas.com\\\/pt\\\/besa-marca-presenca-no-sema-show\\\/\"},\"wordCount\":273,\"publisher\":{\"@id\":\"https:\\\/\\\/jornaldasoficinas.com\\\/pt\\\/#organization\"},\"image\":{\"@id\":\"https:\\\/\\\/jornaldasoficinas.com\\\/pt\\\/besa-marca-presenca-no-sema-show\\\/#primaryimage\"},\"thumbnailUrl\":\"https:\\\/\\\/jornaldasoficinas.com\\\/pt\\\/wp-content\\\/uploads\\\/2019\\\/11\\\/Jornal_das_Oficinas_besa-semashow-2019.jpg\",\"keywords\":[\"BESA\",\"SEMA Show\"],\"articleSection\":[\"Repintura\"],\"inLanguage\":\"pt-PT\"},{\"@type\":\"WebPage\",\"@id\":\"https:\\\/\\\/jornaldasoficinas.com\\\/pt\\\/besa-marca-presenca-no-sema-show\\\/\",\"url\":\"https:\\\/\\\/jornaldasoficinas.com\\\/pt\\\/besa-marca-presenca-no-sema-show\\\/\",\"name\":\"BESA marcou presen\u00e7a no SEMA Show, em Las Vegas - Jornal das Oficinas\",\"isPartOf\":{\"@id\":\"https:\\\/\\\/jornaldasoficinas.com\\\/pt\\\/#website\"},\"primaryImageOfPage\":{\"@id\":\"https:\\\/\\\/jornaldasoficinas.com\\\/pt\\\/besa-marca-presenca-no-sema-show\\\/#primaryimage\"},\"image\":{\"@id\":\"https:\\\/\\\/jornaldasoficinas.com\\\/pt\\\/besa-marca-presenca-no-sema-show\\\/#primaryimage\"},\"thumbnailUrl\":\"https:\\\/\\\/jornaldasoficinas.com\\\/pt\\\/wp-content\\\/uploads\\\/2019\\\/11\\\/Jornal_das_Oficinas_besa-semashow-2019.jpg\",\"datePublished\":\"2019-11-13T16:38:10+00:00\",\"dateModified\":\"2019-11-13T23:44:42+00:00\",\"breadcrumb\":{\"@id\":\"https:\\\/\\\/jornaldasoficinas.com\\\/pt\\\/besa-marca-presenca-no-sema-show\\\/#breadcrumb\"},\"inLanguage\":\"pt-PT\",\"potentialAction\":[{\"@type\":\"ReadAction\",\"target\":[\"https:\\\/\\\/jornaldasoficinas.com\\\/pt\\\/besa-marca-presenca-no-sema-show\\\/\"]}]},{\"@type\":\"ImageObject\",\"inLanguage\":\"pt-PT\",\"@id\":\"https:\\\/\\\/jornaldasoficinas.com\\\/pt\\\/besa-marca-presenca-no-sema-show\\\/#primaryimage\",\"url\":\"https:\\\/\\\/jornaldasoficinas.com\\\/pt\\\/wp-content\\\/uploads\\\/2019\\\/11\\\/Jornal_das_Oficinas_besa-semashow-2019.jpg\",\"contentUrl\":\"https:\\\/\\\/jornaldasoficinas.com\\\/pt\\\/wp-content\\\/uploads\\\/2019\\\/11\\\/Jornal_das_Oficinas_besa-semashow-2019.jpg\",\"width\":1024,\"height\":581,\"caption\":\"11 - Jornal_das_Oficinas_besa-semashow-2019\"},{\"@type\":\"BreadcrumbList\",\"@id\":\"https:\\\/\\\/jornaldasoficinas.com\\\/pt\\\/besa-marca-presenca-no-sema-show\\\/#breadcrumb\",\"itemListElement\":[{\"@type\":\"ListItem\",\"position\":1,\"name\":\"In\u00edcio\",\"item\":\"https:\\\/\\\/jornaldasoficinas.com\\\/pt\\\/\"},{\"@type\":\"ListItem\",\"position\":2,\"name\":\"BESA marcou presen\u00e7a no SEMA Show, em Las Vegas\"}]},{\"@type\":\"WebSite\",\"@id\":\"https:\\\/\\\/jornaldasoficinas.com\\\/pt\\\/#website\",\"url\":\"https:\\\/\\\/jornaldasoficinas.com\\\/pt\\\/\",\"name\":\"Jornal das Oficinas\",\"description\":\"Jornal independente do Aftermarket Autom\u00f3vel em Portugal\",\"publisher\":{\"@id\":\"https:\\\/\\\/jornaldasoficinas.com\\\/pt\\\/#organization\"},\"potentialAction\":[{\"@type\":\"SearchAction\",\"target\":{\"@type\":\"EntryPoint\",\"urlTemplate\":\"https:\\\/\\\/jornaldasoficinas.com\\\/pt\\\/?s={search_term_string}\"},\"query-input\":{\"@type\":\"PropertyValueSpecification\",\"valueRequired\":true,\"valueName\":\"search_term_string\"}}],\"inLanguage\":\"pt-PT\"},{\"@type\":\"Organization\",\"@id\":\"https:\\\/\\\/jornaldasoficinas.com\\\/pt\\\/#organization\",\"name\":\"Jornal das Oficinas\",\"url\":\"https:\\\/\\\/jornaldasoficinas.com\\\/pt\\\/\",\"logo\":{\"@type\":\"ImageObject\",\"inLanguage\":\"pt-PT\",\"@id\":\"https:\\\/\\\/jornaldasoficinas.com\\\/pt\\\/#\\\/schema\\\/logo\\\/image\\\/\",\"url\":\"https:\\\/\\\/jornaldasoficinas.com\\\/pt\\\/wp-content\\\/uploads\\\/logoJO-SEO.png\",\"contentUrl\":\"https:\\\/\\\/jornaldasoficinas.com\\\/pt\\\/wp-content\\\/uploads\\\/logoJO-SEO.png\",\"width\":285,\"height\":450,\"caption\":\"Jornal das Oficinas\"},\"image\":{\"@id\":\"https:\\\/\\\/jornaldasoficinas.com\\\/pt\\\/#\\\/schema\\\/logo\\\/image\\\/\"},\"sameAs\":[\"https:\\\/\\\/www.facebook.com\\\/jornaloficinas\",\"https:\\\/\\\/x.com\\\/jornaloficinas\",\"https:\\\/\\\/www.instagram.com\\\/jornal_oficinas\\\/\",\"https:\\\/\\\/www.linkedin.com\\\/company\\\/jornal-das-oficinas\\\/\",\"https:\\\/\\\/www.youtube.com\\\/channel\\\/UCbQZBqtcvV-oSQrr7RzINGg\"]},{\"@type\":\"Person\",\"@id\":\"https:\\\/\\\/jornaldasoficinas.com\\\/pt\\\/#\\\/schema\\\/person\\\/a38eef5de2c41d9e7c9ac10141afddf3\",\"name\":\"Reda\u00e7\u00e3o JO\",\"image\":{\"@type\":\"ImageObject\",\"inLanguage\":\"pt-PT\",\"@id\":\"https:\\\/\\\/secure.gravatar.com\\\/avatar\\\/71f2fa71737ad68a84fea94bc708ddac8ea5b0c4788dc2ad202f3ccb2887742f?s=96&d=wp_user_avatar&r=g\",\"url\":\"https:\\\/\\\/secure.gravatar.com\\\/avatar\\\/71f2fa71737ad68a84fea94bc708ddac8ea5b0c4788dc2ad202f3ccb2887742f?s=96&d=wp_user_avatar&r=g\",\"contentUrl\":\"https:\\\/\\\/secure.gravatar.com\\\/avatar\\\/71f2fa71737ad68a84fea94bc708ddac8ea5b0c4788dc2ad202f3ccb2887742f?s=96&d=wp_user_avatar&r=g\",\"caption\":\"Reda\u00e7\u00e3o JO\"},\"url\":\"https:\\\/\\\/jornaldasoficinas.com\\\/pt\\\/author\\\/joredacao\\\/\"}]}<\/script>\n<!-- \/ Yoast SEO plugin. -->","yoast_head_json":{"title":"BESA marcou presen\u00e7a no SEMA Show, em Las Vegas - Jornal das Oficinas","robots":{"index":"index","follow":"follow","max-snippet":"max-snippet:-1","max-image-preview":"max-image-preview:large","max-video-preview":"max-video-preview:-1"},"canonical":"https:\/\/jornaldasoficinas.com\/pt\/besa-marca-presenca-no-sema-show\/","og_locale":"pt_PT","og_type":"article","og_title":"BESA marcou presen\u00e7a no SEMA Show, em Las Vegas - Jornal das Oficinas","og_description":"A BESA participou na edi\u00e7\u00e3o de...","og_url":"https:\/\/jornaldasoficinas.com\/pt\/besa-marca-presenca-no-sema-show\/","og_site_name":"Jornal das Oficinas","article_publisher":"https:\/\/www.facebook.com\/jornaloficinas","article_published_time":"2019-11-13T16:38:10+00:00","article_modified_time":"2019-11-13T23:44:42+00:00","og_image":[{"width":1024,"height":581,"url":"https:\/\/jornaldasoficinas.com\/pt\/wp-content\/uploads\/2019\/11\/Jornal_das_Oficinas_besa-semashow-2019.jpg","type":"image\/jpeg"}],"author":"Reda\u00e7\u00e3o JO","twitter_card":"summary_large_image","twitter_creator":"@jornaloficinas","twitter_site":"@jornaloficinas","twitter_misc":{"Escrito por":"Reda\u00e7\u00e3o JO","Tempo estimado de leitura":"1 minuto"},"schema":{"@context":"https:\/\/schema.org","@graph":[{"@type":"Article","@id":"https:\/\/jornaldasoficinas.com\/pt\/besa-marca-presenca-no-sema-show\/#article","isPartOf":{"@id":"https:\/\/jornaldasoficinas.com\/pt\/besa-marca-presenca-no-sema-show\/"},"author":{"name":"Reda\u00e7\u00e3o JO","@id":"https:\/\/jornaldasoficinas.com\/pt\/#\/schema\/person\/a38eef5de2c41d9e7c9ac10141afddf3"},"headline":"BESA marcou presen\u00e7a no SEMA Show, em Las Vegas","datePublished":"2019-11-13T16:38:10+00:00","dateModified":"2019-11-13T23:44:42+00:00","mainEntityOfPage":{"@id":"https:\/\/jornaldasoficinas.com\/pt\/besa-marca-presenca-no-sema-show\/"},"wordCount":273,"publisher":{"@id":"https:\/\/jornaldasoficinas.com\/pt\/#organization"},"image":{"@id":"https:\/\/jornaldasoficinas.com\/pt\/besa-marca-presenca-no-sema-show\/#primaryimage"},"thumbnailUrl":"https:\/\/jornaldasoficinas.com\/pt\/wp-content\/uploads\/2019\/11\/Jornal_das_Oficinas_besa-semashow-2019.jpg","keywords":["BESA","SEMA Show"],"articleSection":["Repintura"],"inLanguage":"pt-PT"},{"@type":"WebPage","@id":"https:\/\/jornaldasoficinas.com\/pt\/besa-marca-presenca-no-sema-show\/","url":"https:\/\/jornaldasoficinas.com\/pt\/besa-marca-presenca-no-sema-show\/","name":"BESA marcou presen\u00e7a no SEMA Show, em Las Vegas - Jornal das Oficinas","isPartOf":{"@id":"https:\/\/jornaldasoficinas.com\/pt\/#website"},"primaryImageOfPage":{"@id":"https:\/\/jornaldasoficinas.com\/pt\/besa-marca-presenca-no-sema-show\/#primaryimage"},"image":{"@id":"https:\/\/jornaldasoficinas.com\/pt\/besa-marca-presenca-no-sema-show\/#primaryimage"},"thumbnailUrl":"https:\/\/jornaldasoficinas.com\/pt\/wp-content\/uploads\/2019\/11\/Jornal_das_Oficinas_besa-semashow-2019.jpg","datePublished":"2019-11-13T16:38:10+00:00","dateModified":"2019-11-13T23:44:42+00:00","breadcrumb":{"@id":"https:\/\/jornaldasoficinas.com\/pt\/besa-marca-presenca-no-sema-show\/#breadcrumb"},"inLanguage":"pt-PT","potentialAction":[{"@type":"ReadAction","target":["https:\/\/jornaldasoficinas.com\/pt\/besa-marca-presenca-no-sema-show\/"]}]},{"@type":"ImageObject","inLanguage":"pt-PT","@id":"https:\/\/jornaldasoficinas.com\/pt\/besa-marca-presenca-no-sema-show\/#primaryimage","url":"https:\/\/jornaldasoficinas.com\/pt\/wp-content\/uploads\/2019\/11\/Jornal_das_Oficinas_besa-semashow-2019.jpg","contentUrl":"https:\/\/jornaldasoficinas.com\/pt\/wp-content\/uploads\/2019\/11\/Jornal_das_Oficinas_besa-semashow-2019.jpg","width":1024,"height":581,"caption":"11 - Jornal_das_Oficinas_besa-semashow-2019"},{"@type":"BreadcrumbList","@id":"https:\/\/jornaldasoficinas.com\/pt\/besa-marca-presenca-no-sema-show\/#breadcrumb","itemListElement":[{"@type":"ListItem","position":1,"name":"In\u00edcio","item":"https:\/\/jornaldasoficinas.com\/pt\/"},{"@type":"ListItem","position":2,"name":"BESA marcou presen\u00e7a no SEMA Show, em Las Vegas"}]},{"@type":"WebSite","@id":"https:\/\/jornaldasoficinas.com\/pt\/#website","url":"https:\/\/jornaldasoficinas.com\/pt\/","name":"Jornal das Oficinas","description":"Jornal independente do Aftermarket Autom\u00f3vel em Portugal","publisher":{"@id":"https:\/\/jornaldasoficinas.com\/pt\/#organization"},"potentialAction":[{"@type":"SearchAction","target":{"@type":"EntryPoint","urlTemplate":"https:\/\/jornaldasoficinas.com\/pt\/?s={search_term_string}"},"query-input":{"@type":"PropertyValueSpecification","valueRequired":true,"valueName":"search_term_string"}}],"inLanguage":"pt-PT"},{"@type":"Organization","@id":"https:\/\/jornaldasoficinas.com\/pt\/#organization","name":"Jornal das Oficinas","url":"https:\/\/jornaldasoficinas.com\/pt\/","logo":{"@type":"ImageObject","inLanguage":"pt-PT","@id":"https:\/\/jornaldasoficinas.com\/pt\/#\/schema\/logo\/image\/","url":"https:\/\/jornaldasoficinas.com\/pt\/wp-content\/uploads\/logoJO-SEO.png","contentUrl":"https:\/\/jornaldasoficinas.com\/pt\/wp-content\/uploads\/logoJO-SEO.png","width":285,"height":450,"caption":"Jornal das Oficinas"},"image":{"@id":"https:\/\/jornaldasoficinas.com\/pt\/#\/schema\/logo\/image\/"},"sameAs":["https:\/\/www.facebook.com\/jornaloficinas","https:\/\/x.com\/jornaloficinas","https:\/\/www.instagram.com\/jornal_oficinas\/","https:\/\/www.linkedin.com\/company\/jornal-das-oficinas\/","https:\/\/www.youtube.com\/channel\/UCbQZBqtcvV-oSQrr7RzINGg"]},{"@type":"Person","@id":"https:\/\/jornaldasoficinas.com\/pt\/#\/schema\/person\/a38eef5de2c41d9e7c9ac10141afddf3","name":"Reda\u00e7\u00e3o JO","image":{"@type":"ImageObject","inLanguage":"pt-PT","@id":"https:\/\/secure.gravatar.com\/avatar\/71f2fa71737ad68a84fea94bc708ddac8ea5b0c4788dc2ad202f3ccb2887742f?s=96&d=wp_user_avatar&r=g","url":"https:\/\/secure.gravatar.com\/avatar\/71f2fa71737ad68a84fea94bc708ddac8ea5b0c4788dc2ad202f3ccb2887742f?s=96&d=wp_user_avatar&r=g","contentUrl":"https:\/\/secure.gravatar.com\/avatar\/71f2fa71737ad68a84fea94bc708ddac8ea5b0c4788dc2ad202f3ccb2887742f?s=96&d=wp_user_avatar&r=g","caption":"Reda\u00e7\u00e3o JO"},"url":"https:\/\/jornaldasoficinas.com\/pt\/author\/joredacao\/"}]}},"_links":{"self":[{"href":"https:\/\/jornaldasoficinas.com\/pt\/wp-json\/wp\/v2\/posts\/6648","targetHints":{"allow":["GET"]}}],"collection":[{"href":"https:\/\/jornaldasoficinas.com\/pt\/wp-json\/wp\/v2\/posts"}],"about":[{"href":"https:\/\/jornaldasoficinas.com\/pt\/wp-json\/wp\/v2\/types\/post"}],"author":[{"embeddable":true,"href":"https:\/\/jornaldasoficinas.com\/pt\/wp-json\/wp\/v2\/users\/15"}],"replies":[{"embeddable":true,"href":"https:\/\/jornaldasoficinas.com\/pt\/wp-json\/wp\/v2\/comments?post=6648"}],"version-history":[{"count":0,"href":"https:\/\/jornaldasoficinas.com\/pt\/wp-json\/wp\/v2\/posts\/6648\/revisions"}],"wp:featuredmedia":[{"embeddable":true,"href":"https:\/\/jornaldasoficinas.com\/pt\/wp-json\/wp\/v2\/media\/6645"}],"wp:attachment":[{"href":"https:\/\/jornaldasoficinas.com\/pt\/wp-json\/wp\/v2\/media?parent=6648"}],"wp:term":[{"taxonomy":"category","embeddable":true,"href":"https:\/\/jornaldasoficinas.com\/pt\/wp-json\/wp\/v2\/categories?post=6648"},{"taxonomy":"post_tag","embeddable":true,"href":"https:\/\/jornaldasoficinas.com\/pt\/wp-json\/wp\/v2\/tags?post=6648"}],"curies":[{"name":"wp","href":"https:\/\/api.w.org\/{rel}","templated":true}]}}