{"id":66673,"date":"2023-05-18T14:00:09","date_gmt":"2023-05-18T13:00:09","guid":{"rendered":"https:\/\/jornaldasoficinas.com\/pt\/?p=66673"},"modified":"2023-05-18T14:04:56","modified_gmt":"2023-05-18T13:04:56","slug":"norauto-mete-clientes-a-mexer","status":"publish","type":"post","link":"https:\/\/jornaldasoficinas.com\/pt\/norauto-mete-clientes-a-mexer\/","title":{"rendered":"Norauto mete clientes a \u201cmexer\u201d"},"content":{"rendered":"<p><strong><img loading=\"lazy\" decoding=\"async\" class=\"alignnone size-full wp-image-66677\" src=\"https:\/\/jornaldasoficinas.com\/pt\/wp-content\/uploads\/2023\/05\/Norauto-mete-clientes-a-mexer.jpg\" alt=\"05 - Norauto mete clientes a mexer\" width=\"1024\" height=\"581\" srcset=\"https:\/\/jornaldasoficinas.com\/pt\/wp-content\/uploads\/2023\/05\/Norauto-mete-clientes-a-mexer.jpg 1024w, https:\/\/jornaldasoficinas.com\/pt\/wp-content\/uploads\/2023\/05\/Norauto-mete-clientes-a-mexer-300x170.jpg 300w, https:\/\/jornaldasoficinas.com\/pt\/wp-content\/uploads\/2023\/05\/Norauto-mete-clientes-a-mexer-150x85.jpg 150w, https:\/\/jornaldasoficinas.com\/pt\/wp-content\/uploads\/2023\/05\/Norauto-mete-clientes-a-mexer-768x436.jpg 768w\" sizes=\"auto, (max-width: 1024px) 100vw, 1024px\" \/><\/strong><\/p>\n<p><strong>Foi no passado dia 29 de abril que se realizou o \u201cPedala com a Norauto\u201d, um passeio em duas rodas, que promoveu a mobilidade urbana e sustent\u00e1vel, organizado pela <a href=\"https:\/\/www.norauto.pt\/\" target=\"_blank\" rel=\"noopener\">Norauto<\/a> e com partida da loja Solu\u00e7\u00f5es Urbanas, em Alvalade<\/strong><\/p>\n<p>A organiza\u00e7\u00e3o deste evento surgiu com o prop\u00f3sito de promover a mobilidade urbana e sustent\u00e1vel, um compromisso que a Norauto tem vindo a assumir ao longo dos \u00faltimos anos e que se define como uma das prioridades para o presente e futuro da marca.<\/p>\n<p>O passeio aberto ao p\u00fablico (mediante inscri\u00e7\u00e3o) e totalmente gratuito, contou com mais de 30 participantes, dos 6 aos 86 anos, que tiveram a oportunidade de interagir com o Embaixador da Mobilidade Norauto, o Chef Chakall, e com o CEO da Norauto, Jose Luis Barbajosa, que tamb\u00e9m fizeram parte do grupo que pedalou pela cidade.<\/p>\n<p>O programa iniciou-se pelas 10h da manh\u00e3, quando os participantes come\u00e7aram a chegar \u00e0 Norauto Solu\u00e7\u00f5es Urbanas, onde os t\u00e9cnicos especializados da loja fizeram um check-up \u00e0s suas bicicletas (verifica\u00e7\u00e3o de pneus, afina\u00e7\u00e3o de mudan\u00e7as e trav\u00f5es\u2026). De seguida, receberam os seus kits de participa\u00e7\u00e3o e antes da partida tiveram ainda direito a um shot pr\u00e9-treino, feito pela nutricionista Rita Andrade que tamb\u00e9m esteve presente, dando assim o pontap\u00e9 de sa\u00edda para o passeio.<\/p>\n<p>Finalizada a rece\u00e7\u00e3o aos participantes, partiu-se para o exerc\u00edcio, que consistiu num percurso f\u00e1cil de 10km a pedalar pelas ciclovias de Lisboa.<\/p>\n<p>Tudo isto se resume a uma manh\u00e3 de promo\u00e7\u00e3o \u00e0 sa\u00fade e ao bem-estar, sem nunca esquecer o compromisso com a mobilidade sustent\u00e1vel, que assume cada vez mais import\u00e2ncia para proteger o planeta.<\/p>\n","protected":false},"excerpt":{"rendered":"<p>Foi no passado dia 29 de&#8230;<\/p>\n","protected":false},"author":15,"featured_media":66677,"comment_status":"closed","ping_status":"closed","sticky":false,"template":"","format":"standard","meta":{"footnotes":""},"categories":[29],"tags":[5346,959,5345],"class_list":["post-66673","post","type-post","status-publish","format-standard","has-post-thumbnail","hentry","category-empresas","tag-29-de-abril","tag-norauto","tag-pedala-com-a-norauto"],"yoast_head":"<!-- This site is optimized with the Yoast SEO plugin v27.4 - https:\/\/yoast.com\/product\/yoast-seo-wordpress\/ -->\n<title>Norauto mete clientes a \u201cmexer\u201d - Jornal das Oficinas<\/title>\n<meta name=\"description\" content=\"Foi no dia 29 de abril que se realizou o \u201cPedala com a Norauto\u201d, um passeio em duas rodas, que promoveu a mobilidade urbana e sustent\u00e1vel\" \/>\n<meta name=\"robots\" content=\"index, follow, max-snippet:-1, max-image-preview:large, max-video-preview:-1\" \/>\n<link rel=\"canonical\" href=\"https:\/\/jornaldasoficinas.com\/pt\/norauto-mete-clientes-a-mexer\/\" \/>\n<meta property=\"og:locale\" content=\"pt_PT\" \/>\n<meta property=\"og:type\" content=\"article\" \/>\n<meta property=\"og:title\" content=\"Norauto mete clientes a \u201cmexer\u201d - Jornal das Oficinas\" \/>\n<meta property=\"og:description\" content=\"Foi no dia 29 de abril que se realizou o \u201cPedala com a Norauto\u201d, um passeio em duas rodas, que promoveu a mobilidade urbana e sustent\u00e1vel\" \/>\n<meta property=\"og:url\" content=\"https:\/\/jornaldasoficinas.com\/pt\/norauto-mete-clientes-a-mexer\/\" \/>\n<meta property=\"og:site_name\" content=\"Jornal das Oficinas\" \/>\n<meta property=\"article:publisher\" content=\"https:\/\/www.facebook.com\/jornaloficinas\" \/>\n<meta property=\"article:published_time\" content=\"2023-05-18T13:00:09+00:00\" \/>\n<meta property=\"article:modified_time\" content=\"2023-05-18T13:04:56+00:00\" \/>\n<meta property=\"og:image\" content=\"https:\/\/jornaldasoficinas.com\/pt\/wp-content\/uploads\/2023\/05\/Norauto-mete-clientes-a-mexer.jpg\" \/>\n\t<meta property=\"og:image:width\" content=\"1024\" \/>\n\t<meta property=\"og:image:height\" content=\"581\" \/>\n\t<meta property=\"og:image:type\" content=\"image\/jpeg\" \/>\n<meta name=\"author\" content=\"Reda\u00e7\u00e3o JO\" \/>\n<meta name=\"twitter:card\" content=\"summary_large_image\" \/>\n<meta name=\"twitter:creator\" content=\"@jornaloficinas\" \/>\n<meta name=\"twitter:site\" content=\"@jornaloficinas\" \/>\n<meta name=\"twitter:label1\" content=\"Escrito por\" \/>\n\t<meta name=\"twitter:data1\" content=\"Reda\u00e7\u00e3o JO\" \/>\n\t<meta name=\"twitter:label2\" content=\"Tempo estimado de leitura\" \/>\n\t<meta name=\"twitter:data2\" content=\"1 minuto\" \/>\n<script type=\"application\/ld+json\" class=\"yoast-schema-graph\">{\"@context\":\"https:\\\/\\\/schema.org\",\"@graph\":[{\"@type\":\"Article\",\"@id\":\"https:\\\/\\\/jornaldasoficinas.com\\\/pt\\\/norauto-mete-clientes-a-mexer\\\/#article\",\"isPartOf\":{\"@id\":\"https:\\\/\\\/jornaldasoficinas.com\\\/pt\\\/norauto-mete-clientes-a-mexer\\\/\"},\"author\":{\"name\":\"Reda\u00e7\u00e3o JO\",\"@id\":\"https:\\\/\\\/jornaldasoficinas.com\\\/pt\\\/#\\\/schema\\\/person\\\/a38eef5de2c41d9e7c9ac10141afddf3\"},\"headline\":\"Norauto mete clientes a \u201cmexer\u201d\",\"datePublished\":\"2023-05-18T13:00:09+00:00\",\"dateModified\":\"2023-05-18T13:04:56+00:00\",\"mainEntityOfPage\":{\"@id\":\"https:\\\/\\\/jornaldasoficinas.com\\\/pt\\\/norauto-mete-clientes-a-mexer\\\/\"},\"wordCount\":292,\"publisher\":{\"@id\":\"https:\\\/\\\/jornaldasoficinas.com\\\/pt\\\/#organization\"},\"image\":{\"@id\":\"https:\\\/\\\/jornaldasoficinas.com\\\/pt\\\/norauto-mete-clientes-a-mexer\\\/#primaryimage\"},\"thumbnailUrl\":\"https:\\\/\\\/jornaldasoficinas.com\\\/pt\\\/wp-content\\\/uploads\\\/2023\\\/05\\\/Norauto-mete-clientes-a-mexer.jpg\",\"keywords\":[\"29 de abril\",\"Norauto\",\"Pedala com a Norauto\"],\"articleSection\":[\"Empresas\"],\"inLanguage\":\"pt-PT\"},{\"@type\":\"WebPage\",\"@id\":\"https:\\\/\\\/jornaldasoficinas.com\\\/pt\\\/norauto-mete-clientes-a-mexer\\\/\",\"url\":\"https:\\\/\\\/jornaldasoficinas.com\\\/pt\\\/norauto-mete-clientes-a-mexer\\\/\",\"name\":\"Norauto mete clientes a \u201cmexer\u201d - Jornal das Oficinas\",\"isPartOf\":{\"@id\":\"https:\\\/\\\/jornaldasoficinas.com\\\/pt\\\/#website\"},\"primaryImageOfPage\":{\"@id\":\"https:\\\/\\\/jornaldasoficinas.com\\\/pt\\\/norauto-mete-clientes-a-mexer\\\/#primaryimage\"},\"image\":{\"@id\":\"https:\\\/\\\/jornaldasoficinas.com\\\/pt\\\/norauto-mete-clientes-a-mexer\\\/#primaryimage\"},\"thumbnailUrl\":\"https:\\\/\\\/jornaldasoficinas.com\\\/pt\\\/wp-content\\\/uploads\\\/2023\\\/05\\\/Norauto-mete-clientes-a-mexer.jpg\",\"datePublished\":\"2023-05-18T13:00:09+00:00\",\"dateModified\":\"2023-05-18T13:04:56+00:00\",\"description\":\"Foi no dia 29 de abril que se realizou o \u201cPedala com a Norauto\u201d, um passeio em duas rodas, que promoveu a mobilidade urbana e sustent\u00e1vel\",\"breadcrumb\":{\"@id\":\"https:\\\/\\\/jornaldasoficinas.com\\\/pt\\\/norauto-mete-clientes-a-mexer\\\/#breadcrumb\"},\"inLanguage\":\"pt-PT\",\"potentialAction\":[{\"@type\":\"ReadAction\",\"target\":[\"https:\\\/\\\/jornaldasoficinas.com\\\/pt\\\/norauto-mete-clientes-a-mexer\\\/\"]}]},{\"@type\":\"ImageObject\",\"inLanguage\":\"pt-PT\",\"@id\":\"https:\\\/\\\/jornaldasoficinas.com\\\/pt\\\/norauto-mete-clientes-a-mexer\\\/#primaryimage\",\"url\":\"https:\\\/\\\/jornaldasoficinas.com\\\/pt\\\/wp-content\\\/uploads\\\/2023\\\/05\\\/Norauto-mete-clientes-a-mexer.jpg\",\"contentUrl\":\"https:\\\/\\\/jornaldasoficinas.com\\\/pt\\\/wp-content\\\/uploads\\\/2023\\\/05\\\/Norauto-mete-clientes-a-mexer.jpg\",\"width\":1024,\"height\":581,\"caption\":\"05 - Norauto mete clientes a mexer\"},{\"@type\":\"BreadcrumbList\",\"@id\":\"https:\\\/\\\/jornaldasoficinas.com\\\/pt\\\/norauto-mete-clientes-a-mexer\\\/#breadcrumb\",\"itemListElement\":[{\"@type\":\"ListItem\",\"position\":1,\"name\":\"In\u00edcio\",\"item\":\"https:\\\/\\\/jornaldasoficinas.com\\\/pt\\\/\"},{\"@type\":\"ListItem\",\"position\":2,\"name\":\"Norauto mete clientes a \u201cmexer\u201d\"}]},{\"@type\":\"WebSite\",\"@id\":\"https:\\\/\\\/jornaldasoficinas.com\\\/pt\\\/#website\",\"url\":\"https:\\\/\\\/jornaldasoficinas.com\\\/pt\\\/\",\"name\":\"Jornal das Oficinas\",\"description\":\"Jornal independente do Aftermarket Autom\u00f3vel em Portugal\",\"publisher\":{\"@id\":\"https:\\\/\\\/jornaldasoficinas.com\\\/pt\\\/#organization\"},\"potentialAction\":[{\"@type\":\"SearchAction\",\"target\":{\"@type\":\"EntryPoint\",\"urlTemplate\":\"https:\\\/\\\/jornaldasoficinas.com\\\/pt\\\/?s={search_term_string}\"},\"query-input\":{\"@type\":\"PropertyValueSpecification\",\"valueRequired\":true,\"valueName\":\"search_term_string\"}}],\"inLanguage\":\"pt-PT\"},{\"@type\":\"Organization\",\"@id\":\"https:\\\/\\\/jornaldasoficinas.com\\\/pt\\\/#organization\",\"name\":\"Jornal das Oficinas\",\"url\":\"https:\\\/\\\/jornaldasoficinas.com\\\/pt\\\/\",\"logo\":{\"@type\":\"ImageObject\",\"inLanguage\":\"pt-PT\",\"@id\":\"https:\\\/\\\/jornaldasoficinas.com\\\/pt\\\/#\\\/schema\\\/logo\\\/image\\\/\",\"url\":\"https:\\\/\\\/jornaldasoficinas.com\\\/pt\\\/wp-content\\\/uploads\\\/logoJO-SEO.png\",\"contentUrl\":\"https:\\\/\\\/jornaldasoficinas.com\\\/pt\\\/wp-content\\\/uploads\\\/logoJO-SEO.png\",\"width\":285,\"height\":450,\"caption\":\"Jornal das Oficinas\"},\"image\":{\"@id\":\"https:\\\/\\\/jornaldasoficinas.com\\\/pt\\\/#\\\/schema\\\/logo\\\/image\\\/\"},\"sameAs\":[\"https:\\\/\\\/www.facebook.com\\\/jornaloficinas\",\"https:\\\/\\\/x.com\\\/jornaloficinas\",\"https:\\\/\\\/www.instagram.com\\\/jornal_oficinas\\\/\",\"https:\\\/\\\/www.linkedin.com\\\/company\\\/jornal-das-oficinas\\\/\",\"https:\\\/\\\/www.youtube.com\\\/channel\\\/UCbQZBqtcvV-oSQrr7RzINGg\"]},{\"@type\":\"Person\",\"@id\":\"https:\\\/\\\/jornaldasoficinas.com\\\/pt\\\/#\\\/schema\\\/person\\\/a38eef5de2c41d9e7c9ac10141afddf3\",\"name\":\"Reda\u00e7\u00e3o JO\",\"image\":{\"@type\":\"ImageObject\",\"inLanguage\":\"pt-PT\",\"@id\":\"https:\\\/\\\/secure.gravatar.com\\\/avatar\\\/71f2fa71737ad68a84fea94bc708ddac8ea5b0c4788dc2ad202f3ccb2887742f?s=96&d=wp_user_avatar&r=g\",\"url\":\"https:\\\/\\\/secure.gravatar.com\\\/avatar\\\/71f2fa71737ad68a84fea94bc708ddac8ea5b0c4788dc2ad202f3ccb2887742f?s=96&d=wp_user_avatar&r=g\",\"contentUrl\":\"https:\\\/\\\/secure.gravatar.com\\\/avatar\\\/71f2fa71737ad68a84fea94bc708ddac8ea5b0c4788dc2ad202f3ccb2887742f?s=96&d=wp_user_avatar&r=g\",\"caption\":\"Reda\u00e7\u00e3o JO\"},\"url\":\"https:\\\/\\\/jornaldasoficinas.com\\\/pt\\\/author\\\/joredacao\\\/\"}]}<\/script>\n<!-- \/ Yoast SEO plugin. -->","yoast_head_json":{"title":"Norauto mete clientes a \u201cmexer\u201d - Jornal das Oficinas","description":"Foi no dia 29 de abril que se realizou o \u201cPedala com a Norauto\u201d, um passeio em duas rodas, que promoveu a mobilidade urbana e sustent\u00e1vel","robots":{"index":"index","follow":"follow","max-snippet":"max-snippet:-1","max-image-preview":"max-image-preview:large","max-video-preview":"max-video-preview:-1"},"canonical":"https:\/\/jornaldasoficinas.com\/pt\/norauto-mete-clientes-a-mexer\/","og_locale":"pt_PT","og_type":"article","og_title":"Norauto mete clientes a \u201cmexer\u201d - Jornal das Oficinas","og_description":"Foi no dia 29 de abril que se realizou o \u201cPedala com a Norauto\u201d, um passeio em duas rodas, que promoveu a mobilidade urbana e sustent\u00e1vel","og_url":"https:\/\/jornaldasoficinas.com\/pt\/norauto-mete-clientes-a-mexer\/","og_site_name":"Jornal das Oficinas","article_publisher":"https:\/\/www.facebook.com\/jornaloficinas","article_published_time":"2023-05-18T13:00:09+00:00","article_modified_time":"2023-05-18T13:04:56+00:00","og_image":[{"width":1024,"height":581,"url":"https:\/\/jornaldasoficinas.com\/pt\/wp-content\/uploads\/2023\/05\/Norauto-mete-clientes-a-mexer.jpg","type":"image\/jpeg"}],"author":"Reda\u00e7\u00e3o JO","twitter_card":"summary_large_image","twitter_creator":"@jornaloficinas","twitter_site":"@jornaloficinas","twitter_misc":{"Escrito por":"Reda\u00e7\u00e3o JO","Tempo estimado de leitura":"1 minuto"},"schema":{"@context":"https:\/\/schema.org","@graph":[{"@type":"Article","@id":"https:\/\/jornaldasoficinas.com\/pt\/norauto-mete-clientes-a-mexer\/#article","isPartOf":{"@id":"https:\/\/jornaldasoficinas.com\/pt\/norauto-mete-clientes-a-mexer\/"},"author":{"name":"Reda\u00e7\u00e3o JO","@id":"https:\/\/jornaldasoficinas.com\/pt\/#\/schema\/person\/a38eef5de2c41d9e7c9ac10141afddf3"},"headline":"Norauto mete clientes a \u201cmexer\u201d","datePublished":"2023-05-18T13:00:09+00:00","dateModified":"2023-05-18T13:04:56+00:00","mainEntityOfPage":{"@id":"https:\/\/jornaldasoficinas.com\/pt\/norauto-mete-clientes-a-mexer\/"},"wordCount":292,"publisher":{"@id":"https:\/\/jornaldasoficinas.com\/pt\/#organization"},"image":{"@id":"https:\/\/jornaldasoficinas.com\/pt\/norauto-mete-clientes-a-mexer\/#primaryimage"},"thumbnailUrl":"https:\/\/jornaldasoficinas.com\/pt\/wp-content\/uploads\/2023\/05\/Norauto-mete-clientes-a-mexer.jpg","keywords":["29 de abril","Norauto","Pedala com a Norauto"],"articleSection":["Empresas"],"inLanguage":"pt-PT"},{"@type":"WebPage","@id":"https:\/\/jornaldasoficinas.com\/pt\/norauto-mete-clientes-a-mexer\/","url":"https:\/\/jornaldasoficinas.com\/pt\/norauto-mete-clientes-a-mexer\/","name":"Norauto mete clientes a \u201cmexer\u201d - Jornal das Oficinas","isPartOf":{"@id":"https:\/\/jornaldasoficinas.com\/pt\/#website"},"primaryImageOfPage":{"@id":"https:\/\/jornaldasoficinas.com\/pt\/norauto-mete-clientes-a-mexer\/#primaryimage"},"image":{"@id":"https:\/\/jornaldasoficinas.com\/pt\/norauto-mete-clientes-a-mexer\/#primaryimage"},"thumbnailUrl":"https:\/\/jornaldasoficinas.com\/pt\/wp-content\/uploads\/2023\/05\/Norauto-mete-clientes-a-mexer.jpg","datePublished":"2023-05-18T13:00:09+00:00","dateModified":"2023-05-18T13:04:56+00:00","description":"Foi no dia 29 de abril que se realizou o \u201cPedala com a Norauto\u201d, um passeio em duas rodas, que promoveu a mobilidade urbana e sustent\u00e1vel","breadcrumb":{"@id":"https:\/\/jornaldasoficinas.com\/pt\/norauto-mete-clientes-a-mexer\/#breadcrumb"},"inLanguage":"pt-PT","potentialAction":[{"@type":"ReadAction","target":["https:\/\/jornaldasoficinas.com\/pt\/norauto-mete-clientes-a-mexer\/"]}]},{"@type":"ImageObject","inLanguage":"pt-PT","@id":"https:\/\/jornaldasoficinas.com\/pt\/norauto-mete-clientes-a-mexer\/#primaryimage","url":"https:\/\/jornaldasoficinas.com\/pt\/wp-content\/uploads\/2023\/05\/Norauto-mete-clientes-a-mexer.jpg","contentUrl":"https:\/\/jornaldasoficinas.com\/pt\/wp-content\/uploads\/2023\/05\/Norauto-mete-clientes-a-mexer.jpg","width":1024,"height":581,"caption":"05 - Norauto mete clientes a mexer"},{"@type":"BreadcrumbList","@id":"https:\/\/jornaldasoficinas.com\/pt\/norauto-mete-clientes-a-mexer\/#breadcrumb","itemListElement":[{"@type":"ListItem","position":1,"name":"In\u00edcio","item":"https:\/\/jornaldasoficinas.com\/pt\/"},{"@type":"ListItem","position":2,"name":"Norauto mete clientes a \u201cmexer\u201d"}]},{"@type":"WebSite","@id":"https:\/\/jornaldasoficinas.com\/pt\/#website","url":"https:\/\/jornaldasoficinas.com\/pt\/","name":"Jornal das Oficinas","description":"Jornal independente do Aftermarket Autom\u00f3vel em Portugal","publisher":{"@id":"https:\/\/jornaldasoficinas.com\/pt\/#organization"},"potentialAction":[{"@type":"SearchAction","target":{"@type":"EntryPoint","urlTemplate":"https:\/\/jornaldasoficinas.com\/pt\/?s={search_term_string}"},"query-input":{"@type":"PropertyValueSpecification","valueRequired":true,"valueName":"search_term_string"}}],"inLanguage":"pt-PT"},{"@type":"Organization","@id":"https:\/\/jornaldasoficinas.com\/pt\/#organization","name":"Jornal das Oficinas","url":"https:\/\/jornaldasoficinas.com\/pt\/","logo":{"@type":"ImageObject","inLanguage":"pt-PT","@id":"https:\/\/jornaldasoficinas.com\/pt\/#\/schema\/logo\/image\/","url":"https:\/\/jornaldasoficinas.com\/pt\/wp-content\/uploads\/logoJO-SEO.png","contentUrl":"https:\/\/jornaldasoficinas.com\/pt\/wp-content\/uploads\/logoJO-SEO.png","width":285,"height":450,"caption":"Jornal das Oficinas"},"image":{"@id":"https:\/\/jornaldasoficinas.com\/pt\/#\/schema\/logo\/image\/"},"sameAs":["https:\/\/www.facebook.com\/jornaloficinas","https:\/\/x.com\/jornaloficinas","https:\/\/www.instagram.com\/jornal_oficinas\/","https:\/\/www.linkedin.com\/company\/jornal-das-oficinas\/","https:\/\/www.youtube.com\/channel\/UCbQZBqtcvV-oSQrr7RzINGg"]},{"@type":"Person","@id":"https:\/\/jornaldasoficinas.com\/pt\/#\/schema\/person\/a38eef5de2c41d9e7c9ac10141afddf3","name":"Reda\u00e7\u00e3o JO","image":{"@type":"ImageObject","inLanguage":"pt-PT","@id":"https:\/\/secure.gravatar.com\/avatar\/71f2fa71737ad68a84fea94bc708ddac8ea5b0c4788dc2ad202f3ccb2887742f?s=96&d=wp_user_avatar&r=g","url":"https:\/\/secure.gravatar.com\/avatar\/71f2fa71737ad68a84fea94bc708ddac8ea5b0c4788dc2ad202f3ccb2887742f?s=96&d=wp_user_avatar&r=g","contentUrl":"https:\/\/secure.gravatar.com\/avatar\/71f2fa71737ad68a84fea94bc708ddac8ea5b0c4788dc2ad202f3ccb2887742f?s=96&d=wp_user_avatar&r=g","caption":"Reda\u00e7\u00e3o JO"},"url":"https:\/\/jornaldasoficinas.com\/pt\/author\/joredacao\/"}]}},"_links":{"self":[{"href":"https:\/\/jornaldasoficinas.com\/pt\/wp-json\/wp\/v2\/posts\/66673","targetHints":{"allow":["GET"]}}],"collection":[{"href":"https:\/\/jornaldasoficinas.com\/pt\/wp-json\/wp\/v2\/posts"}],"about":[{"href":"https:\/\/jornaldasoficinas.com\/pt\/wp-json\/wp\/v2\/types\/post"}],"author":[{"embeddable":true,"href":"https:\/\/jornaldasoficinas.com\/pt\/wp-json\/wp\/v2\/users\/15"}],"replies":[{"embeddable":true,"href":"https:\/\/jornaldasoficinas.com\/pt\/wp-json\/wp\/v2\/comments?post=66673"}],"version-history":[{"count":0,"href":"https:\/\/jornaldasoficinas.com\/pt\/wp-json\/wp\/v2\/posts\/66673\/revisions"}],"wp:featuredmedia":[{"embeddable":true,"href":"https:\/\/jornaldasoficinas.com\/pt\/wp-json\/wp\/v2\/media\/66677"}],"wp:attachment":[{"href":"https:\/\/jornaldasoficinas.com\/pt\/wp-json\/wp\/v2\/media?parent=66673"}],"wp:term":[{"taxonomy":"category","embeddable":true,"href":"https:\/\/jornaldasoficinas.com\/pt\/wp-json\/wp\/v2\/categories?post=66673"},{"taxonomy":"post_tag","embeddable":true,"href":"https:\/\/jornaldasoficinas.com\/pt\/wp-json\/wp\/v2\/tags?post=66673"}],"curies":[{"name":"wp","href":"https:\/\/api.w.org\/{rel}","templated":true}]}}