{"id":66696,"date":"2023-05-18T20:00:49","date_gmt":"2023-05-18T19:00:49","guid":{"rendered":"https:\/\/jornaldasoficinas.com\/pt\/?p=66696"},"modified":"2023-05-18T11:23:56","modified_gmt":"2023-05-18T10:23:56","slug":"producao-em-massa-de-baterias-de-ion-litio-esta-para-breve","status":"publish","type":"post","link":"https:\/\/jornaldasoficinas.com\/pt\/producao-em-massa-de-baterias-de-ion-litio-esta-para-breve\/","title":{"rendered":"Produ\u00e7\u00e3o em massa de baterias de \u00edon-l\u00edtio est\u00e1 para breve"},"content":{"rendered":"<p><strong><img loading=\"lazy\" decoding=\"async\" class=\"alignnone size-full wp-image-66680\" src=\"https:\/\/jornaldasoficinas.com\/pt\/wp-content\/uploads\/2023\/05\/Producao-em-massa-de-baterias-de-ion-litio-esta-para-breve.jpeg\" alt=\"05 - Producao em massa de baterias de ion litio esta para breve\" width=\"1024\" height=\"581\" srcset=\"https:\/\/jornaldasoficinas.com\/pt\/wp-content\/uploads\/2023\/05\/Producao-em-massa-de-baterias-de-ion-litio-esta-para-breve.jpeg 1024w, https:\/\/jornaldasoficinas.com\/pt\/wp-content\/uploads\/2023\/05\/Producao-em-massa-de-baterias-de-ion-litio-esta-para-breve-300x170.jpeg 300w, https:\/\/jornaldasoficinas.com\/pt\/wp-content\/uploads\/2023\/05\/Producao-em-massa-de-baterias-de-ion-litio-esta-para-breve-150x85.jpeg 150w, https:\/\/jornaldasoficinas.com\/pt\/wp-content\/uploads\/2023\/05\/Producao-em-massa-de-baterias-de-ion-litio-esta-para-breve-768x436.jpeg 768w\" sizes=\"auto, (max-width: 1024px) 100vw, 1024px\" \/><\/strong><strong>\u00a0<\/strong><\/p>\n<p><strong>As principais empresas japonesas <a href=\"https:\/\/www.gs-yuasa.com\/en\/\" target=\"_blank\" rel=\"noopener\">GS Yuasa<\/a>, <a href=\"https:\/\/www.honda.pt\/\" target=\"_blank\" rel=\"noopener\">Honda<\/a> e <a href=\"https:\/\/www.bebluenergy.pt\/\" target=\"_blank\" rel=\"noopener\">Blue Energy<\/a>, uma joint venture entre elas, anunciaram que os seus planos para pesquisar, desenvolver e investir na produ\u00e7\u00e3o em massa de baterias de \u00edon-l\u00edtio, principalmente para BEVs (ve\u00edculos el\u00e9tricos a bateria), foram aprovados pelo governo japon\u00eas<\/strong><\/p>\n<p><strong>\u00a0<\/strong>Este plano prev\u00ea a produ\u00e7\u00e3o, em s\u00e9rie, de baterias de \u00edons de l\u00edtio de alta capacidade, com capacidade de 20 GWh no Jap\u00e3o. Estima-se que as opera\u00e7\u00f5es comecem em abril de 2027 e a produ\u00e7\u00e3o em larga escala em outubro de 2027. O custo total do projeto \u00e9 de aproximadamente 434,1 bilh\u00f5es de ienes e as tr\u00eas empresas receber\u00e3o at\u00e9 158,7 bilh\u00f5es de ienes em doa\u00e7\u00f5es do governo japon\u00eas. Al\u00e9m disso, cerca de 56,4 bilh\u00f5es de ienes ser\u00e3o destinados como subs\u00eddios para apoiar dois projetos de semicondutores no Jap\u00e3o.<\/p>\n<p>&#8220;Temos grandes expectativas de que isso levar\u00e1 a um fornecimento est\u00e1vel de baterias de armazenamento e \u00e0 promo\u00e7\u00e3o da GX (transforma\u00e7\u00e3o verde)&#8221;, referiu o ministro da Ind\u00fastria do Jap\u00e3o, Yasutoshi Nishimura. Por meio de iniciativas alinhadas com o &#8220;Plano de Seguran\u00e7a de Fornecimento de Baterias de Armazenamento&#8221; do Minist\u00e9rio da Economia, Com\u00e9rcio e Ind\u00fastria, GS Yuasa e Honda ter\u00e3o capacidade de resposta, para a procura nacional por baterias, que deve aumentar no futuro, e contribuir para a transforma\u00e7\u00e3o verde, o que provocar\u00e1 mudan\u00e7as nas estruturas industriais e sociais para focar em energia limpa.<\/p>\n","protected":false},"excerpt":{"rendered":"<p>\u00a0 As principais empresas japonesas GS&#8230;<\/p>\n","protected":false},"author":15,"featured_media":66680,"comment_status":"closed","ping_status":"closed","sticky":false,"template":"","format":"standard","meta":{"footnotes":""},"categories":[29],"tags":[512,5353,3948,5352,2075,454,89],"class_list":["post-66696","post","type-post","status-publish","format-standard","has-post-thumbnail","hentry","category-empresas","tag-baterias","tag-baterias-de-ion-litio","tag-bevs","tag-blue-energy","tag-gs-yuasa","tag-honda","tag-veiculos-eletricos"],"yoast_head":"<!-- This site is optimized with the Yoast SEO plugin v27.4 - https:\/\/yoast.com\/product\/yoast-seo-wordpress\/ -->\n<title>Produ\u00e7\u00e3o em massa de baterias de \u00edon-l\u00edtio est\u00e1 para breve - Jornal das Oficinas<\/title>\n<meta name=\"description\" content=\"A GS Yuasa, Honda e Blue Energy anunciaram que os seus planos para pesquisar, desenvolver e investir na produ\u00e7\u00e3o de baterias de \u00edon-l\u00edtio\" \/>\n<meta name=\"robots\" content=\"index, follow, max-snippet:-1, max-image-preview:large, max-video-preview:-1\" \/>\n<link rel=\"canonical\" href=\"https:\/\/jornaldasoficinas.com\/pt\/producao-em-massa-de-baterias-de-ion-litio-esta-para-breve\/\" \/>\n<meta property=\"og:locale\" content=\"pt_PT\" \/>\n<meta property=\"og:type\" content=\"article\" \/>\n<meta property=\"og:title\" content=\"Produ\u00e7\u00e3o em massa de baterias de \u00edon-l\u00edtio est\u00e1 para breve - Jornal das Oficinas\" \/>\n<meta property=\"og:description\" content=\"A GS Yuasa, Honda e Blue Energy anunciaram que os seus planos para pesquisar, desenvolver e investir na produ\u00e7\u00e3o de baterias de \u00edon-l\u00edtio\" \/>\n<meta property=\"og:url\" content=\"https:\/\/jornaldasoficinas.com\/pt\/producao-em-massa-de-baterias-de-ion-litio-esta-para-breve\/\" \/>\n<meta property=\"og:site_name\" content=\"Jornal das Oficinas\" \/>\n<meta property=\"article:publisher\" content=\"https:\/\/www.facebook.com\/jornaloficinas\" \/>\n<meta property=\"article:published_time\" content=\"2023-05-18T19:00:49+00:00\" \/>\n<meta property=\"og:image\" content=\"https:\/\/jornaldasoficinas.com\/pt\/wp-content\/uploads\/2023\/05\/Producao-em-massa-de-baterias-de-ion-litio-esta-para-breve.jpeg\" \/>\n\t<meta property=\"og:image:width\" content=\"1024\" \/>\n\t<meta property=\"og:image:height\" content=\"581\" \/>\n\t<meta property=\"og:image:type\" content=\"image\/jpeg\" \/>\n<meta name=\"author\" content=\"Reda\u00e7\u00e3o JO\" \/>\n<meta name=\"twitter:card\" content=\"summary_large_image\" \/>\n<meta name=\"twitter:creator\" content=\"@jornaloficinas\" \/>\n<meta name=\"twitter:site\" content=\"@jornaloficinas\" \/>\n<meta name=\"twitter:label1\" content=\"Escrito por\" \/>\n\t<meta name=\"twitter:data1\" content=\"Reda\u00e7\u00e3o JO\" \/>\n\t<meta name=\"twitter:label2\" content=\"Tempo estimado de leitura\" \/>\n\t<meta name=\"twitter:data2\" content=\"1 minuto\" \/>\n<script type=\"application\/ld+json\" class=\"yoast-schema-graph\">{\"@context\":\"https:\\\/\\\/schema.org\",\"@graph\":[{\"@type\":\"Article\",\"@id\":\"https:\\\/\\\/jornaldasoficinas.com\\\/pt\\\/producao-em-massa-de-baterias-de-ion-litio-esta-para-breve\\\/#article\",\"isPartOf\":{\"@id\":\"https:\\\/\\\/jornaldasoficinas.com\\\/pt\\\/producao-em-massa-de-baterias-de-ion-litio-esta-para-breve\\\/\"},\"author\":{\"name\":\"Reda\u00e7\u00e3o JO\",\"@id\":\"https:\\\/\\\/jornaldasoficinas.com\\\/pt\\\/#\\\/schema\\\/person\\\/a38eef5de2c41d9e7c9ac10141afddf3\"},\"headline\":\"Produ\u00e7\u00e3o em massa de baterias de \u00edon-l\u00edtio est\u00e1 para breve\",\"datePublished\":\"2023-05-18T19:00:49+00:00\",\"mainEntityOfPage\":{\"@id\":\"https:\\\/\\\/jornaldasoficinas.com\\\/pt\\\/producao-em-massa-de-baterias-de-ion-litio-esta-para-breve\\\/\"},\"wordCount\":265,\"publisher\":{\"@id\":\"https:\\\/\\\/jornaldasoficinas.com\\\/pt\\\/#organization\"},\"image\":{\"@id\":\"https:\\\/\\\/jornaldasoficinas.com\\\/pt\\\/producao-em-massa-de-baterias-de-ion-litio-esta-para-breve\\\/#primaryimage\"},\"thumbnailUrl\":\"https:\\\/\\\/jornaldasoficinas.com\\\/pt\\\/wp-content\\\/uploads\\\/2023\\\/05\\\/Producao-em-massa-de-baterias-de-ion-litio-esta-para-breve.jpeg\",\"keywords\":[\"Baterias\",\"baterias de \u00edon-l\u00edtio\",\"BEVs\",\"Blue Energy\",\"GS Yuasa\",\"Honda\",\"Ve\u00edculos el\u00e9tricos\"],\"articleSection\":[\"Empresas\"],\"inLanguage\":\"pt-PT\"},{\"@type\":\"WebPage\",\"@id\":\"https:\\\/\\\/jornaldasoficinas.com\\\/pt\\\/producao-em-massa-de-baterias-de-ion-litio-esta-para-breve\\\/\",\"url\":\"https:\\\/\\\/jornaldasoficinas.com\\\/pt\\\/producao-em-massa-de-baterias-de-ion-litio-esta-para-breve\\\/\",\"name\":\"Produ\u00e7\u00e3o em massa de baterias de \u00edon-l\u00edtio est\u00e1 para breve - Jornal das Oficinas\",\"isPartOf\":{\"@id\":\"https:\\\/\\\/jornaldasoficinas.com\\\/pt\\\/#website\"},\"primaryImageOfPage\":{\"@id\":\"https:\\\/\\\/jornaldasoficinas.com\\\/pt\\\/producao-em-massa-de-baterias-de-ion-litio-esta-para-breve\\\/#primaryimage\"},\"image\":{\"@id\":\"https:\\\/\\\/jornaldasoficinas.com\\\/pt\\\/producao-em-massa-de-baterias-de-ion-litio-esta-para-breve\\\/#primaryimage\"},\"thumbnailUrl\":\"https:\\\/\\\/jornaldasoficinas.com\\\/pt\\\/wp-content\\\/uploads\\\/2023\\\/05\\\/Producao-em-massa-de-baterias-de-ion-litio-esta-para-breve.jpeg\",\"datePublished\":\"2023-05-18T19:00:49+00:00\",\"description\":\"A GS Yuasa, Honda e Blue Energy anunciaram que os seus planos para pesquisar, desenvolver e investir na produ\u00e7\u00e3o de baterias de \u00edon-l\u00edtio\",\"breadcrumb\":{\"@id\":\"https:\\\/\\\/jornaldasoficinas.com\\\/pt\\\/producao-em-massa-de-baterias-de-ion-litio-esta-para-breve\\\/#breadcrumb\"},\"inLanguage\":\"pt-PT\",\"potentialAction\":[{\"@type\":\"ReadAction\",\"target\":[\"https:\\\/\\\/jornaldasoficinas.com\\\/pt\\\/producao-em-massa-de-baterias-de-ion-litio-esta-para-breve\\\/\"]}]},{\"@type\":\"ImageObject\",\"inLanguage\":\"pt-PT\",\"@id\":\"https:\\\/\\\/jornaldasoficinas.com\\\/pt\\\/producao-em-massa-de-baterias-de-ion-litio-esta-para-breve\\\/#primaryimage\",\"url\":\"https:\\\/\\\/jornaldasoficinas.com\\\/pt\\\/wp-content\\\/uploads\\\/2023\\\/05\\\/Producao-em-massa-de-baterias-de-ion-litio-esta-para-breve.jpeg\",\"contentUrl\":\"https:\\\/\\\/jornaldasoficinas.com\\\/pt\\\/wp-content\\\/uploads\\\/2023\\\/05\\\/Producao-em-massa-de-baterias-de-ion-litio-esta-para-breve.jpeg\",\"width\":1024,\"height\":581,\"caption\":\"05 - Producao em massa de baterias de ion litio esta para breve\"},{\"@type\":\"BreadcrumbList\",\"@id\":\"https:\\\/\\\/jornaldasoficinas.com\\\/pt\\\/producao-em-massa-de-baterias-de-ion-litio-esta-para-breve\\\/#breadcrumb\",\"itemListElement\":[{\"@type\":\"ListItem\",\"position\":1,\"name\":\"In\u00edcio\",\"item\":\"https:\\\/\\\/jornaldasoficinas.com\\\/pt\\\/\"},{\"@type\":\"ListItem\",\"position\":2,\"name\":\"Produ\u00e7\u00e3o em massa de baterias de \u00edon-l\u00edtio est\u00e1 para breve\"}]},{\"@type\":\"WebSite\",\"@id\":\"https:\\\/\\\/jornaldasoficinas.com\\\/pt\\\/#website\",\"url\":\"https:\\\/\\\/jornaldasoficinas.com\\\/pt\\\/\",\"name\":\"Jornal das Oficinas\",\"description\":\"Jornal independente do Aftermarket Autom\u00f3vel em Portugal\",\"publisher\":{\"@id\":\"https:\\\/\\\/jornaldasoficinas.com\\\/pt\\\/#organization\"},\"potentialAction\":[{\"@type\":\"SearchAction\",\"target\":{\"@type\":\"EntryPoint\",\"urlTemplate\":\"https:\\\/\\\/jornaldasoficinas.com\\\/pt\\\/?s={search_term_string}\"},\"query-input\":{\"@type\":\"PropertyValueSpecification\",\"valueRequired\":true,\"valueName\":\"search_term_string\"}}],\"inLanguage\":\"pt-PT\"},{\"@type\":\"Organization\",\"@id\":\"https:\\\/\\\/jornaldasoficinas.com\\\/pt\\\/#organization\",\"name\":\"Jornal das Oficinas\",\"url\":\"https:\\\/\\\/jornaldasoficinas.com\\\/pt\\\/\",\"logo\":{\"@type\":\"ImageObject\",\"inLanguage\":\"pt-PT\",\"@id\":\"https:\\\/\\\/jornaldasoficinas.com\\\/pt\\\/#\\\/schema\\\/logo\\\/image\\\/\",\"url\":\"https:\\\/\\\/jornaldasoficinas.com\\\/pt\\\/wp-content\\\/uploads\\\/logoJO-SEO.png\",\"contentUrl\":\"https:\\\/\\\/jornaldasoficinas.com\\\/pt\\\/wp-content\\\/uploads\\\/logoJO-SEO.png\",\"width\":285,\"height\":450,\"caption\":\"Jornal das Oficinas\"},\"image\":{\"@id\":\"https:\\\/\\\/jornaldasoficinas.com\\\/pt\\\/#\\\/schema\\\/logo\\\/image\\\/\"},\"sameAs\":[\"https:\\\/\\\/www.facebook.com\\\/jornaloficinas\",\"https:\\\/\\\/x.com\\\/jornaloficinas\",\"https:\\\/\\\/www.instagram.com\\\/jornal_oficinas\\\/\",\"https:\\\/\\\/www.linkedin.com\\\/company\\\/jornal-das-oficinas\\\/\",\"https:\\\/\\\/www.youtube.com\\\/channel\\\/UCbQZBqtcvV-oSQrr7RzINGg\"]},{\"@type\":\"Person\",\"@id\":\"https:\\\/\\\/jornaldasoficinas.com\\\/pt\\\/#\\\/schema\\\/person\\\/a38eef5de2c41d9e7c9ac10141afddf3\",\"name\":\"Reda\u00e7\u00e3o JO\",\"image\":{\"@type\":\"ImageObject\",\"inLanguage\":\"pt-PT\",\"@id\":\"https:\\\/\\\/secure.gravatar.com\\\/avatar\\\/71f2fa71737ad68a84fea94bc708ddac8ea5b0c4788dc2ad202f3ccb2887742f?s=96&d=wp_user_avatar&r=g\",\"url\":\"https:\\\/\\\/secure.gravatar.com\\\/avatar\\\/71f2fa71737ad68a84fea94bc708ddac8ea5b0c4788dc2ad202f3ccb2887742f?s=96&d=wp_user_avatar&r=g\",\"contentUrl\":\"https:\\\/\\\/secure.gravatar.com\\\/avatar\\\/71f2fa71737ad68a84fea94bc708ddac8ea5b0c4788dc2ad202f3ccb2887742f?s=96&d=wp_user_avatar&r=g\",\"caption\":\"Reda\u00e7\u00e3o JO\"},\"url\":\"https:\\\/\\\/jornaldasoficinas.com\\\/pt\\\/author\\\/joredacao\\\/\"}]}<\/script>\n<!-- \/ Yoast SEO plugin. -->","yoast_head_json":{"title":"Produ\u00e7\u00e3o em massa de baterias de \u00edon-l\u00edtio est\u00e1 para breve - Jornal das Oficinas","description":"A GS Yuasa, Honda e Blue Energy anunciaram que os seus planos para pesquisar, desenvolver e investir na produ\u00e7\u00e3o de baterias de \u00edon-l\u00edtio","robots":{"index":"index","follow":"follow","max-snippet":"max-snippet:-1","max-image-preview":"max-image-preview:large","max-video-preview":"max-video-preview:-1"},"canonical":"https:\/\/jornaldasoficinas.com\/pt\/producao-em-massa-de-baterias-de-ion-litio-esta-para-breve\/","og_locale":"pt_PT","og_type":"article","og_title":"Produ\u00e7\u00e3o em massa de baterias de \u00edon-l\u00edtio est\u00e1 para breve - Jornal das Oficinas","og_description":"A GS Yuasa, Honda e Blue Energy anunciaram que os seus planos para pesquisar, desenvolver e investir na produ\u00e7\u00e3o de baterias de \u00edon-l\u00edtio","og_url":"https:\/\/jornaldasoficinas.com\/pt\/producao-em-massa-de-baterias-de-ion-litio-esta-para-breve\/","og_site_name":"Jornal das Oficinas","article_publisher":"https:\/\/www.facebook.com\/jornaloficinas","article_published_time":"2023-05-18T19:00:49+00:00","og_image":[{"width":1024,"height":581,"url":"https:\/\/jornaldasoficinas.com\/pt\/wp-content\/uploads\/2023\/05\/Producao-em-massa-de-baterias-de-ion-litio-esta-para-breve.jpeg","type":"image\/jpeg"}],"author":"Reda\u00e7\u00e3o JO","twitter_card":"summary_large_image","twitter_creator":"@jornaloficinas","twitter_site":"@jornaloficinas","twitter_misc":{"Escrito por":"Reda\u00e7\u00e3o JO","Tempo estimado de leitura":"1 minuto"},"schema":{"@context":"https:\/\/schema.org","@graph":[{"@type":"Article","@id":"https:\/\/jornaldasoficinas.com\/pt\/producao-em-massa-de-baterias-de-ion-litio-esta-para-breve\/#article","isPartOf":{"@id":"https:\/\/jornaldasoficinas.com\/pt\/producao-em-massa-de-baterias-de-ion-litio-esta-para-breve\/"},"author":{"name":"Reda\u00e7\u00e3o JO","@id":"https:\/\/jornaldasoficinas.com\/pt\/#\/schema\/person\/a38eef5de2c41d9e7c9ac10141afddf3"},"headline":"Produ\u00e7\u00e3o em massa de baterias de \u00edon-l\u00edtio est\u00e1 para breve","datePublished":"2023-05-18T19:00:49+00:00","mainEntityOfPage":{"@id":"https:\/\/jornaldasoficinas.com\/pt\/producao-em-massa-de-baterias-de-ion-litio-esta-para-breve\/"},"wordCount":265,"publisher":{"@id":"https:\/\/jornaldasoficinas.com\/pt\/#organization"},"image":{"@id":"https:\/\/jornaldasoficinas.com\/pt\/producao-em-massa-de-baterias-de-ion-litio-esta-para-breve\/#primaryimage"},"thumbnailUrl":"https:\/\/jornaldasoficinas.com\/pt\/wp-content\/uploads\/2023\/05\/Producao-em-massa-de-baterias-de-ion-litio-esta-para-breve.jpeg","keywords":["Baterias","baterias de \u00edon-l\u00edtio","BEVs","Blue Energy","GS Yuasa","Honda","Ve\u00edculos el\u00e9tricos"],"articleSection":["Empresas"],"inLanguage":"pt-PT"},{"@type":"WebPage","@id":"https:\/\/jornaldasoficinas.com\/pt\/producao-em-massa-de-baterias-de-ion-litio-esta-para-breve\/","url":"https:\/\/jornaldasoficinas.com\/pt\/producao-em-massa-de-baterias-de-ion-litio-esta-para-breve\/","name":"Produ\u00e7\u00e3o em massa de baterias de \u00edon-l\u00edtio est\u00e1 para breve - Jornal das Oficinas","isPartOf":{"@id":"https:\/\/jornaldasoficinas.com\/pt\/#website"},"primaryImageOfPage":{"@id":"https:\/\/jornaldasoficinas.com\/pt\/producao-em-massa-de-baterias-de-ion-litio-esta-para-breve\/#primaryimage"},"image":{"@id":"https:\/\/jornaldasoficinas.com\/pt\/producao-em-massa-de-baterias-de-ion-litio-esta-para-breve\/#primaryimage"},"thumbnailUrl":"https:\/\/jornaldasoficinas.com\/pt\/wp-content\/uploads\/2023\/05\/Producao-em-massa-de-baterias-de-ion-litio-esta-para-breve.jpeg","datePublished":"2023-05-18T19:00:49+00:00","description":"A GS Yuasa, Honda e Blue Energy anunciaram que os seus planos para pesquisar, desenvolver e investir na produ\u00e7\u00e3o de baterias de \u00edon-l\u00edtio","breadcrumb":{"@id":"https:\/\/jornaldasoficinas.com\/pt\/producao-em-massa-de-baterias-de-ion-litio-esta-para-breve\/#breadcrumb"},"inLanguage":"pt-PT","potentialAction":[{"@type":"ReadAction","target":["https:\/\/jornaldasoficinas.com\/pt\/producao-em-massa-de-baterias-de-ion-litio-esta-para-breve\/"]}]},{"@type":"ImageObject","inLanguage":"pt-PT","@id":"https:\/\/jornaldasoficinas.com\/pt\/producao-em-massa-de-baterias-de-ion-litio-esta-para-breve\/#primaryimage","url":"https:\/\/jornaldasoficinas.com\/pt\/wp-content\/uploads\/2023\/05\/Producao-em-massa-de-baterias-de-ion-litio-esta-para-breve.jpeg","contentUrl":"https:\/\/jornaldasoficinas.com\/pt\/wp-content\/uploads\/2023\/05\/Producao-em-massa-de-baterias-de-ion-litio-esta-para-breve.jpeg","width":1024,"height":581,"caption":"05 - Producao em massa de baterias de ion litio esta para breve"},{"@type":"BreadcrumbList","@id":"https:\/\/jornaldasoficinas.com\/pt\/producao-em-massa-de-baterias-de-ion-litio-esta-para-breve\/#breadcrumb","itemListElement":[{"@type":"ListItem","position":1,"name":"In\u00edcio","item":"https:\/\/jornaldasoficinas.com\/pt\/"},{"@type":"ListItem","position":2,"name":"Produ\u00e7\u00e3o em massa de baterias de \u00edon-l\u00edtio est\u00e1 para breve"}]},{"@type":"WebSite","@id":"https:\/\/jornaldasoficinas.com\/pt\/#website","url":"https:\/\/jornaldasoficinas.com\/pt\/","name":"Jornal das Oficinas","description":"Jornal independente do Aftermarket Autom\u00f3vel em Portugal","publisher":{"@id":"https:\/\/jornaldasoficinas.com\/pt\/#organization"},"potentialAction":[{"@type":"SearchAction","target":{"@type":"EntryPoint","urlTemplate":"https:\/\/jornaldasoficinas.com\/pt\/?s={search_term_string}"},"query-input":{"@type":"PropertyValueSpecification","valueRequired":true,"valueName":"search_term_string"}}],"inLanguage":"pt-PT"},{"@type":"Organization","@id":"https:\/\/jornaldasoficinas.com\/pt\/#organization","name":"Jornal das Oficinas","url":"https:\/\/jornaldasoficinas.com\/pt\/","logo":{"@type":"ImageObject","inLanguage":"pt-PT","@id":"https:\/\/jornaldasoficinas.com\/pt\/#\/schema\/logo\/image\/","url":"https:\/\/jornaldasoficinas.com\/pt\/wp-content\/uploads\/logoJO-SEO.png","contentUrl":"https:\/\/jornaldasoficinas.com\/pt\/wp-content\/uploads\/logoJO-SEO.png","width":285,"height":450,"caption":"Jornal das Oficinas"},"image":{"@id":"https:\/\/jornaldasoficinas.com\/pt\/#\/schema\/logo\/image\/"},"sameAs":["https:\/\/www.facebook.com\/jornaloficinas","https:\/\/x.com\/jornaloficinas","https:\/\/www.instagram.com\/jornal_oficinas\/","https:\/\/www.linkedin.com\/company\/jornal-das-oficinas\/","https:\/\/www.youtube.com\/channel\/UCbQZBqtcvV-oSQrr7RzINGg"]},{"@type":"Person","@id":"https:\/\/jornaldasoficinas.com\/pt\/#\/schema\/person\/a38eef5de2c41d9e7c9ac10141afddf3","name":"Reda\u00e7\u00e3o JO","image":{"@type":"ImageObject","inLanguage":"pt-PT","@id":"https:\/\/secure.gravatar.com\/avatar\/71f2fa71737ad68a84fea94bc708ddac8ea5b0c4788dc2ad202f3ccb2887742f?s=96&d=wp_user_avatar&r=g","url":"https:\/\/secure.gravatar.com\/avatar\/71f2fa71737ad68a84fea94bc708ddac8ea5b0c4788dc2ad202f3ccb2887742f?s=96&d=wp_user_avatar&r=g","contentUrl":"https:\/\/secure.gravatar.com\/avatar\/71f2fa71737ad68a84fea94bc708ddac8ea5b0c4788dc2ad202f3ccb2887742f?s=96&d=wp_user_avatar&r=g","caption":"Reda\u00e7\u00e3o JO"},"url":"https:\/\/jornaldasoficinas.com\/pt\/author\/joredacao\/"}]}},"_links":{"self":[{"href":"https:\/\/jornaldasoficinas.com\/pt\/wp-json\/wp\/v2\/posts\/66696","targetHints":{"allow":["GET"]}}],"collection":[{"href":"https:\/\/jornaldasoficinas.com\/pt\/wp-json\/wp\/v2\/posts"}],"about":[{"href":"https:\/\/jornaldasoficinas.com\/pt\/wp-json\/wp\/v2\/types\/post"}],"author":[{"embeddable":true,"href":"https:\/\/jornaldasoficinas.com\/pt\/wp-json\/wp\/v2\/users\/15"}],"replies":[{"embeddable":true,"href":"https:\/\/jornaldasoficinas.com\/pt\/wp-json\/wp\/v2\/comments?post=66696"}],"version-history":[{"count":0,"href":"https:\/\/jornaldasoficinas.com\/pt\/wp-json\/wp\/v2\/posts\/66696\/revisions"}],"wp:featuredmedia":[{"embeddable":true,"href":"https:\/\/jornaldasoficinas.com\/pt\/wp-json\/wp\/v2\/media\/66680"}],"wp:attachment":[{"href":"https:\/\/jornaldasoficinas.com\/pt\/wp-json\/wp\/v2\/media?parent=66696"}],"wp:term":[{"taxonomy":"category","embeddable":true,"href":"https:\/\/jornaldasoficinas.com\/pt\/wp-json\/wp\/v2\/categories?post=66696"},{"taxonomy":"post_tag","embeddable":true,"href":"https:\/\/jornaldasoficinas.com\/pt\/wp-json\/wp\/v2\/tags?post=66696"}],"curies":[{"name":"wp","href":"https:\/\/api.w.org\/{rel}","templated":true}]}}