{"id":66713,"date":"2023-05-19T12:30:35","date_gmt":"2023-05-19T11:30:35","guid":{"rendered":"https:\/\/jornaldasoficinas.com\/pt\/?p=66713"},"modified":"2023-05-18T12:48:28","modified_gmt":"2023-05-18T11:48:28","slug":"liqui-moly-volta-a-investir-na-gama-para-bicicletas","status":"publish","type":"post","link":"https:\/\/jornaldasoficinas.com\/pt\/liqui-moly-volta-a-investir-na-gama-para-bicicletas\/","title":{"rendered":"LIQUI MOLY volta a investir na gama para bicicletas"},"content":{"rendered":"<p><strong><img loading=\"lazy\" decoding=\"async\" class=\"alignnone size-full wp-image-66676\" src=\"https:\/\/jornaldasoficinas.com\/pt\/wp-content\/uploads\/2023\/05\/LIQUI-MOLY-volta-a-investir-na-gama-para-bicicletas.png\" alt=\"05 - LIQUI MOLY volta a investir na gama para bicicletas\" width=\"1024\" height=\"581\" srcset=\"https:\/\/jornaldasoficinas.com\/pt\/wp-content\/uploads\/2023\/05\/LIQUI-MOLY-volta-a-investir-na-gama-para-bicicletas.png 1024w, https:\/\/jornaldasoficinas.com\/pt\/wp-content\/uploads\/2023\/05\/LIQUI-MOLY-volta-a-investir-na-gama-para-bicicletas-300x170.png 300w, https:\/\/jornaldasoficinas.com\/pt\/wp-content\/uploads\/2023\/05\/LIQUI-MOLY-volta-a-investir-na-gama-para-bicicletas-150x85.png 150w, https:\/\/jornaldasoficinas.com\/pt\/wp-content\/uploads\/2023\/05\/LIQUI-MOLY-volta-a-investir-na-gama-para-bicicletas-768x436.png 768w\" sizes=\"auto, (max-width: 1024px) 100vw, 1024px\" \/><\/strong><\/p>\n<p><strong>A <a href=\"https:\/\/www.liqui-moly.com\/pt\/pt\/\" target=\"_blank\" rel=\"noopener\">LIQUI MOLY<\/a> continua a desenvolver a gama para bicicletas, com dois novos produtos mesmo a tempo da \u00e9poca alta. Enquanto um limpa e protege, o outro acrescenta part\u00edculas de cer\u00e2mica \u00e0 prote\u00e7\u00e3o da corrente<\/strong><\/p>\n<p>O novo produto Bike Detailer, da LIQUI MOLY, foi desenvolvido para o cuidado r\u00e1pido e f\u00e1cil da pintura da bicicleta sem necessidade de polir. Elimina a sujidade leve, como p\u00f3 e manchas de \u00e1gua e acrescenta um brilho intenso e radiante da pintura, sem esfor\u00e7o ou necessidade de aplicar um segundo produto. A utiliza\u00e7\u00e3o do Bike Detailer sela a pintura durante semanas e garante ainda um extraordin\u00e1rio efeito hidr\u00f3fugo. Os resultados de longo prazo garantem ainda uma prote\u00e7\u00e3o extra contra os fen\u00f3menos meteorol\u00f3gicos mais agressivos. O aroma frutado do produto d\u00e1 o toque final na limpeza da bicicleta.<\/p>\n<p>A aplica\u00e7\u00e3o do produto \u00e9 muito simples. Depois de agitar basta pulverizar de forma homog\u00e9nea sobre a pintura e secar com um pano de microfibras, dispon\u00edvel tamb\u00e9m na LIQUI MOLY. Deve movimentar e dar a volta frequentemente ao pano durante a aplica\u00e7\u00e3o que pode tamb\u00e9m ser feita sobre pinturas h\u00famidas. A limpeza deve ser feita \u00e0 sombra depois de deixar a pintura arrefecer.<\/p>\n<p><strong>Proteger a corrente com part\u00edculas de cer\u00e2mica<\/strong><\/p>\n<p>A manuten\u00e7\u00e3o da corrente da bicicleta \u00e9 um ponto fundamental para o seu bom funcionamento e para que os ciclistas possam desfrutar ao m\u00e1ximo das suas bicicletas. A LIQUI MOLY lan\u00e7ou um produto inovador para as correntes de bicicletas que, gra\u00e7as a um aditivo cer\u00e2micos de alto rendimento, reduz a fric\u00e7\u00e3o e o desgaste. Desta forma, protege a corrente e pinh\u00e3o tanto em condi\u00e7\u00f5es de humidade e sujidade como em ambientes secos e poeirentos. O produto garante um extraordin\u00e1rio efeito de penetra\u00e7\u00e3o imediatamente ap\u00f3s ser pulverizado. O desprendimento do produto em andamento reduz-se drasticamente devido \u00e0 sua elevada for\u00e7a aderente. Desta forma, os componentes met\u00e1licos recebem a m\u00e1xima prote\u00e7\u00e3o e o produto n\u00e3o danifica os pl\u00e1sticos, a pintura ou os metais.<\/p>\n<p>Antes de utilizar o produto a corrente deve ser limpa com o produto de limpeza de trav\u00f5es e correntes da LIQUI MOLY. Assim que a corrente esteja seca basta pulverizar o produto na corrente deixando uma camada fina.<\/p>\n<p>Tanto o Bike Detailer como o Spray Cer\u00e2mico para Correntes de Bicicleta podem ser usados em todo o tipo de bicicletas, incluindo bicicletas el\u00e9tricas. O Detailer pode ser tamb\u00e9m utilizado em trotinetas.<\/p>\n","protected":false},"excerpt":{"rendered":"<p>A LIQUI MOLY continua a desenvolver&#8230;<\/p>\n","protected":false},"author":15,"featured_media":66676,"comment_status":"closed","ping_status":"closed","sticky":false,"template":"","format":"standard","meta":{"footnotes":""},"categories":[29],"tags":[5356,5357,272,155,5358],"class_list":["post-66713","post","type-post","status-publish","format-standard","has-post-thumbnail","hentry","category-empresas","tag-bicicletas","tag-bike-detailer","tag-liqui-moly","tag-lubrificantes","tag-spray-ceramico"],"yoast_head":"<!-- This site is optimized with the Yoast SEO plugin v27.4 - https:\/\/yoast.com\/product\/yoast-seo-wordpress\/ -->\n<title>LIQUI MOLY volta a investir na gama para bicicletas - Jornal das Oficinas<\/title>\n<meta name=\"description\" content=\"A LIQUI MOLY continua a desenvolver a gama para bicicletas, com dois novos produtos mesmo a tempo da \u00e9poca alta\" \/>\n<meta name=\"robots\" content=\"index, follow, max-snippet:-1, max-image-preview:large, max-video-preview:-1\" \/>\n<link rel=\"canonical\" href=\"https:\/\/jornaldasoficinas.com\/pt\/liqui-moly-volta-a-investir-na-gama-para-bicicletas\/\" \/>\n<meta property=\"og:locale\" content=\"pt_PT\" \/>\n<meta property=\"og:type\" content=\"article\" \/>\n<meta property=\"og:title\" content=\"LIQUI MOLY volta a investir na gama para bicicletas - Jornal das Oficinas\" \/>\n<meta property=\"og:description\" content=\"A LIQUI MOLY continua a desenvolver a gama para bicicletas, com dois novos produtos mesmo a tempo da \u00e9poca alta\" \/>\n<meta property=\"og:url\" content=\"https:\/\/jornaldasoficinas.com\/pt\/liqui-moly-volta-a-investir-na-gama-para-bicicletas\/\" \/>\n<meta property=\"og:site_name\" content=\"Jornal das Oficinas\" \/>\n<meta property=\"article:publisher\" content=\"https:\/\/www.facebook.com\/jornaloficinas\" \/>\n<meta property=\"article:published_time\" content=\"2023-05-19T11:30:35+00:00\" \/>\n<meta property=\"og:image\" content=\"https:\/\/jornaldasoficinas.com\/pt\/wp-content\/uploads\/2023\/05\/LIQUI-MOLY-volta-a-investir-na-gama-para-bicicletas.png\" \/>\n\t<meta property=\"og:image:width\" content=\"1024\" \/>\n\t<meta property=\"og:image:height\" content=\"581\" \/>\n\t<meta property=\"og:image:type\" content=\"image\/png\" \/>\n<meta name=\"author\" content=\"Reda\u00e7\u00e3o JO\" \/>\n<meta name=\"twitter:card\" content=\"summary_large_image\" \/>\n<meta name=\"twitter:creator\" content=\"@jornaloficinas\" \/>\n<meta name=\"twitter:site\" content=\"@jornaloficinas\" \/>\n<meta name=\"twitter:label1\" content=\"Escrito por\" \/>\n\t<meta name=\"twitter:data1\" content=\"Reda\u00e7\u00e3o JO\" \/>\n\t<meta name=\"twitter:label2\" content=\"Tempo estimado de leitura\" \/>\n\t<meta name=\"twitter:data2\" content=\"2 minutos\" \/>\n<script type=\"application\/ld+json\" class=\"yoast-schema-graph\">{\"@context\":\"https:\\\/\\\/schema.org\",\"@graph\":[{\"@type\":\"Article\",\"@id\":\"https:\\\/\\\/jornaldasoficinas.com\\\/pt\\\/liqui-moly-volta-a-investir-na-gama-para-bicicletas\\\/#article\",\"isPartOf\":{\"@id\":\"https:\\\/\\\/jornaldasoficinas.com\\\/pt\\\/liqui-moly-volta-a-investir-na-gama-para-bicicletas\\\/\"},\"author\":{\"name\":\"Reda\u00e7\u00e3o JO\",\"@id\":\"https:\\\/\\\/jornaldasoficinas.com\\\/pt\\\/#\\\/schema\\\/person\\\/a38eef5de2c41d9e7c9ac10141afddf3\"},\"headline\":\"LIQUI MOLY volta a investir na gama para bicicletas\",\"datePublished\":\"2023-05-19T11:30:35+00:00\",\"mainEntityOfPage\":{\"@id\":\"https:\\\/\\\/jornaldasoficinas.com\\\/pt\\\/liqui-moly-volta-a-investir-na-gama-para-bicicletas\\\/\"},\"wordCount\":440,\"publisher\":{\"@id\":\"https:\\\/\\\/jornaldasoficinas.com\\\/pt\\\/#organization\"},\"image\":{\"@id\":\"https:\\\/\\\/jornaldasoficinas.com\\\/pt\\\/liqui-moly-volta-a-investir-na-gama-para-bicicletas\\\/#primaryimage\"},\"thumbnailUrl\":\"https:\\\/\\\/jornaldasoficinas.com\\\/pt\\\/wp-content\\\/uploads\\\/2023\\\/05\\\/LIQUI-MOLY-volta-a-investir-na-gama-para-bicicletas.png\",\"keywords\":[\"Bicicletas\",\"Bike Detailer\",\"LIQUI MOLY\",\"Lubrificantes\",\"Spray Cer\u00e2mico\"],\"articleSection\":[\"Empresas\"],\"inLanguage\":\"pt-PT\"},{\"@type\":\"WebPage\",\"@id\":\"https:\\\/\\\/jornaldasoficinas.com\\\/pt\\\/liqui-moly-volta-a-investir-na-gama-para-bicicletas\\\/\",\"url\":\"https:\\\/\\\/jornaldasoficinas.com\\\/pt\\\/liqui-moly-volta-a-investir-na-gama-para-bicicletas\\\/\",\"name\":\"LIQUI MOLY volta a investir na gama para bicicletas - Jornal das Oficinas\",\"isPartOf\":{\"@id\":\"https:\\\/\\\/jornaldasoficinas.com\\\/pt\\\/#website\"},\"primaryImageOfPage\":{\"@id\":\"https:\\\/\\\/jornaldasoficinas.com\\\/pt\\\/liqui-moly-volta-a-investir-na-gama-para-bicicletas\\\/#primaryimage\"},\"image\":{\"@id\":\"https:\\\/\\\/jornaldasoficinas.com\\\/pt\\\/liqui-moly-volta-a-investir-na-gama-para-bicicletas\\\/#primaryimage\"},\"thumbnailUrl\":\"https:\\\/\\\/jornaldasoficinas.com\\\/pt\\\/wp-content\\\/uploads\\\/2023\\\/05\\\/LIQUI-MOLY-volta-a-investir-na-gama-para-bicicletas.png\",\"datePublished\":\"2023-05-19T11:30:35+00:00\",\"description\":\"A LIQUI MOLY continua a desenvolver a gama para bicicletas, com dois novos produtos mesmo a tempo da \u00e9poca alta\",\"breadcrumb\":{\"@id\":\"https:\\\/\\\/jornaldasoficinas.com\\\/pt\\\/liqui-moly-volta-a-investir-na-gama-para-bicicletas\\\/#breadcrumb\"},\"inLanguage\":\"pt-PT\",\"potentialAction\":[{\"@type\":\"ReadAction\",\"target\":[\"https:\\\/\\\/jornaldasoficinas.com\\\/pt\\\/liqui-moly-volta-a-investir-na-gama-para-bicicletas\\\/\"]}]},{\"@type\":\"ImageObject\",\"inLanguage\":\"pt-PT\",\"@id\":\"https:\\\/\\\/jornaldasoficinas.com\\\/pt\\\/liqui-moly-volta-a-investir-na-gama-para-bicicletas\\\/#primaryimage\",\"url\":\"https:\\\/\\\/jornaldasoficinas.com\\\/pt\\\/wp-content\\\/uploads\\\/2023\\\/05\\\/LIQUI-MOLY-volta-a-investir-na-gama-para-bicicletas.png\",\"contentUrl\":\"https:\\\/\\\/jornaldasoficinas.com\\\/pt\\\/wp-content\\\/uploads\\\/2023\\\/05\\\/LIQUI-MOLY-volta-a-investir-na-gama-para-bicicletas.png\",\"width\":1024,\"height\":581,\"caption\":\"05 - LIQUI MOLY volta a investir na gama para bicicletas\"},{\"@type\":\"BreadcrumbList\",\"@id\":\"https:\\\/\\\/jornaldasoficinas.com\\\/pt\\\/liqui-moly-volta-a-investir-na-gama-para-bicicletas\\\/#breadcrumb\",\"itemListElement\":[{\"@type\":\"ListItem\",\"position\":1,\"name\":\"In\u00edcio\",\"item\":\"https:\\\/\\\/jornaldasoficinas.com\\\/pt\\\/\"},{\"@type\":\"ListItem\",\"position\":2,\"name\":\"LIQUI MOLY volta a investir na gama para bicicletas\"}]},{\"@type\":\"WebSite\",\"@id\":\"https:\\\/\\\/jornaldasoficinas.com\\\/pt\\\/#website\",\"url\":\"https:\\\/\\\/jornaldasoficinas.com\\\/pt\\\/\",\"name\":\"Jornal das Oficinas\",\"description\":\"Jornal independente do Aftermarket Autom\u00f3vel em Portugal\",\"publisher\":{\"@id\":\"https:\\\/\\\/jornaldasoficinas.com\\\/pt\\\/#organization\"},\"potentialAction\":[{\"@type\":\"SearchAction\",\"target\":{\"@type\":\"EntryPoint\",\"urlTemplate\":\"https:\\\/\\\/jornaldasoficinas.com\\\/pt\\\/?s={search_term_string}\"},\"query-input\":{\"@type\":\"PropertyValueSpecification\",\"valueRequired\":true,\"valueName\":\"search_term_string\"}}],\"inLanguage\":\"pt-PT\"},{\"@type\":\"Organization\",\"@id\":\"https:\\\/\\\/jornaldasoficinas.com\\\/pt\\\/#organization\",\"name\":\"Jornal das Oficinas\",\"url\":\"https:\\\/\\\/jornaldasoficinas.com\\\/pt\\\/\",\"logo\":{\"@type\":\"ImageObject\",\"inLanguage\":\"pt-PT\",\"@id\":\"https:\\\/\\\/jornaldasoficinas.com\\\/pt\\\/#\\\/schema\\\/logo\\\/image\\\/\",\"url\":\"https:\\\/\\\/jornaldasoficinas.com\\\/pt\\\/wp-content\\\/uploads\\\/logoJO-SEO.png\",\"contentUrl\":\"https:\\\/\\\/jornaldasoficinas.com\\\/pt\\\/wp-content\\\/uploads\\\/logoJO-SEO.png\",\"width\":285,\"height\":450,\"caption\":\"Jornal das Oficinas\"},\"image\":{\"@id\":\"https:\\\/\\\/jornaldasoficinas.com\\\/pt\\\/#\\\/schema\\\/logo\\\/image\\\/\"},\"sameAs\":[\"https:\\\/\\\/www.facebook.com\\\/jornaloficinas\",\"https:\\\/\\\/x.com\\\/jornaloficinas\",\"https:\\\/\\\/www.instagram.com\\\/jornal_oficinas\\\/\",\"https:\\\/\\\/www.linkedin.com\\\/company\\\/jornal-das-oficinas\\\/\",\"https:\\\/\\\/www.youtube.com\\\/channel\\\/UCbQZBqtcvV-oSQrr7RzINGg\"]},{\"@type\":\"Person\",\"@id\":\"https:\\\/\\\/jornaldasoficinas.com\\\/pt\\\/#\\\/schema\\\/person\\\/a38eef5de2c41d9e7c9ac10141afddf3\",\"name\":\"Reda\u00e7\u00e3o JO\",\"image\":{\"@type\":\"ImageObject\",\"inLanguage\":\"pt-PT\",\"@id\":\"https:\\\/\\\/secure.gravatar.com\\\/avatar\\\/71f2fa71737ad68a84fea94bc708ddac8ea5b0c4788dc2ad202f3ccb2887742f?s=96&d=wp_user_avatar&r=g\",\"url\":\"https:\\\/\\\/secure.gravatar.com\\\/avatar\\\/71f2fa71737ad68a84fea94bc708ddac8ea5b0c4788dc2ad202f3ccb2887742f?s=96&d=wp_user_avatar&r=g\",\"contentUrl\":\"https:\\\/\\\/secure.gravatar.com\\\/avatar\\\/71f2fa71737ad68a84fea94bc708ddac8ea5b0c4788dc2ad202f3ccb2887742f?s=96&d=wp_user_avatar&r=g\",\"caption\":\"Reda\u00e7\u00e3o JO\"},\"url\":\"https:\\\/\\\/jornaldasoficinas.com\\\/pt\\\/author\\\/joredacao\\\/\"}]}<\/script>\n<!-- \/ Yoast SEO plugin. -->","yoast_head_json":{"title":"LIQUI MOLY volta a investir na gama para bicicletas - Jornal das Oficinas","description":"A LIQUI MOLY continua a desenvolver a gama para bicicletas, com dois novos produtos mesmo a tempo da \u00e9poca alta","robots":{"index":"index","follow":"follow","max-snippet":"max-snippet:-1","max-image-preview":"max-image-preview:large","max-video-preview":"max-video-preview:-1"},"canonical":"https:\/\/jornaldasoficinas.com\/pt\/liqui-moly-volta-a-investir-na-gama-para-bicicletas\/","og_locale":"pt_PT","og_type":"article","og_title":"LIQUI MOLY volta a investir na gama para bicicletas - Jornal das Oficinas","og_description":"A LIQUI MOLY continua a desenvolver a gama para bicicletas, com dois novos produtos mesmo a tempo da \u00e9poca alta","og_url":"https:\/\/jornaldasoficinas.com\/pt\/liqui-moly-volta-a-investir-na-gama-para-bicicletas\/","og_site_name":"Jornal das Oficinas","article_publisher":"https:\/\/www.facebook.com\/jornaloficinas","article_published_time":"2023-05-19T11:30:35+00:00","og_image":[{"width":1024,"height":581,"url":"https:\/\/jornaldasoficinas.com\/pt\/wp-content\/uploads\/2023\/05\/LIQUI-MOLY-volta-a-investir-na-gama-para-bicicletas.png","type":"image\/png"}],"author":"Reda\u00e7\u00e3o JO","twitter_card":"summary_large_image","twitter_creator":"@jornaloficinas","twitter_site":"@jornaloficinas","twitter_misc":{"Escrito por":"Reda\u00e7\u00e3o JO","Tempo estimado de leitura":"2 minutos"},"schema":{"@context":"https:\/\/schema.org","@graph":[{"@type":"Article","@id":"https:\/\/jornaldasoficinas.com\/pt\/liqui-moly-volta-a-investir-na-gama-para-bicicletas\/#article","isPartOf":{"@id":"https:\/\/jornaldasoficinas.com\/pt\/liqui-moly-volta-a-investir-na-gama-para-bicicletas\/"},"author":{"name":"Reda\u00e7\u00e3o JO","@id":"https:\/\/jornaldasoficinas.com\/pt\/#\/schema\/person\/a38eef5de2c41d9e7c9ac10141afddf3"},"headline":"LIQUI MOLY volta a investir na gama para bicicletas","datePublished":"2023-05-19T11:30:35+00:00","mainEntityOfPage":{"@id":"https:\/\/jornaldasoficinas.com\/pt\/liqui-moly-volta-a-investir-na-gama-para-bicicletas\/"},"wordCount":440,"publisher":{"@id":"https:\/\/jornaldasoficinas.com\/pt\/#organization"},"image":{"@id":"https:\/\/jornaldasoficinas.com\/pt\/liqui-moly-volta-a-investir-na-gama-para-bicicletas\/#primaryimage"},"thumbnailUrl":"https:\/\/jornaldasoficinas.com\/pt\/wp-content\/uploads\/2023\/05\/LIQUI-MOLY-volta-a-investir-na-gama-para-bicicletas.png","keywords":["Bicicletas","Bike Detailer","LIQUI MOLY","Lubrificantes","Spray Cer\u00e2mico"],"articleSection":["Empresas"],"inLanguage":"pt-PT"},{"@type":"WebPage","@id":"https:\/\/jornaldasoficinas.com\/pt\/liqui-moly-volta-a-investir-na-gama-para-bicicletas\/","url":"https:\/\/jornaldasoficinas.com\/pt\/liqui-moly-volta-a-investir-na-gama-para-bicicletas\/","name":"LIQUI MOLY volta a investir na gama para bicicletas - Jornal das Oficinas","isPartOf":{"@id":"https:\/\/jornaldasoficinas.com\/pt\/#website"},"primaryImageOfPage":{"@id":"https:\/\/jornaldasoficinas.com\/pt\/liqui-moly-volta-a-investir-na-gama-para-bicicletas\/#primaryimage"},"image":{"@id":"https:\/\/jornaldasoficinas.com\/pt\/liqui-moly-volta-a-investir-na-gama-para-bicicletas\/#primaryimage"},"thumbnailUrl":"https:\/\/jornaldasoficinas.com\/pt\/wp-content\/uploads\/2023\/05\/LIQUI-MOLY-volta-a-investir-na-gama-para-bicicletas.png","datePublished":"2023-05-19T11:30:35+00:00","description":"A LIQUI MOLY continua a desenvolver a gama para bicicletas, com dois novos produtos mesmo a tempo da \u00e9poca alta","breadcrumb":{"@id":"https:\/\/jornaldasoficinas.com\/pt\/liqui-moly-volta-a-investir-na-gama-para-bicicletas\/#breadcrumb"},"inLanguage":"pt-PT","potentialAction":[{"@type":"ReadAction","target":["https:\/\/jornaldasoficinas.com\/pt\/liqui-moly-volta-a-investir-na-gama-para-bicicletas\/"]}]},{"@type":"ImageObject","inLanguage":"pt-PT","@id":"https:\/\/jornaldasoficinas.com\/pt\/liqui-moly-volta-a-investir-na-gama-para-bicicletas\/#primaryimage","url":"https:\/\/jornaldasoficinas.com\/pt\/wp-content\/uploads\/2023\/05\/LIQUI-MOLY-volta-a-investir-na-gama-para-bicicletas.png","contentUrl":"https:\/\/jornaldasoficinas.com\/pt\/wp-content\/uploads\/2023\/05\/LIQUI-MOLY-volta-a-investir-na-gama-para-bicicletas.png","width":1024,"height":581,"caption":"05 - LIQUI MOLY volta a investir na gama para bicicletas"},{"@type":"BreadcrumbList","@id":"https:\/\/jornaldasoficinas.com\/pt\/liqui-moly-volta-a-investir-na-gama-para-bicicletas\/#breadcrumb","itemListElement":[{"@type":"ListItem","position":1,"name":"In\u00edcio","item":"https:\/\/jornaldasoficinas.com\/pt\/"},{"@type":"ListItem","position":2,"name":"LIQUI MOLY volta a investir na gama para bicicletas"}]},{"@type":"WebSite","@id":"https:\/\/jornaldasoficinas.com\/pt\/#website","url":"https:\/\/jornaldasoficinas.com\/pt\/","name":"Jornal das Oficinas","description":"Jornal independente do Aftermarket Autom\u00f3vel em Portugal","publisher":{"@id":"https:\/\/jornaldasoficinas.com\/pt\/#organization"},"potentialAction":[{"@type":"SearchAction","target":{"@type":"EntryPoint","urlTemplate":"https:\/\/jornaldasoficinas.com\/pt\/?s={search_term_string}"},"query-input":{"@type":"PropertyValueSpecification","valueRequired":true,"valueName":"search_term_string"}}],"inLanguage":"pt-PT"},{"@type":"Organization","@id":"https:\/\/jornaldasoficinas.com\/pt\/#organization","name":"Jornal das Oficinas","url":"https:\/\/jornaldasoficinas.com\/pt\/","logo":{"@type":"ImageObject","inLanguage":"pt-PT","@id":"https:\/\/jornaldasoficinas.com\/pt\/#\/schema\/logo\/image\/","url":"https:\/\/jornaldasoficinas.com\/pt\/wp-content\/uploads\/logoJO-SEO.png","contentUrl":"https:\/\/jornaldasoficinas.com\/pt\/wp-content\/uploads\/logoJO-SEO.png","width":285,"height":450,"caption":"Jornal das Oficinas"},"image":{"@id":"https:\/\/jornaldasoficinas.com\/pt\/#\/schema\/logo\/image\/"},"sameAs":["https:\/\/www.facebook.com\/jornaloficinas","https:\/\/x.com\/jornaloficinas","https:\/\/www.instagram.com\/jornal_oficinas\/","https:\/\/www.linkedin.com\/company\/jornal-das-oficinas\/","https:\/\/www.youtube.com\/channel\/UCbQZBqtcvV-oSQrr7RzINGg"]},{"@type":"Person","@id":"https:\/\/jornaldasoficinas.com\/pt\/#\/schema\/person\/a38eef5de2c41d9e7c9ac10141afddf3","name":"Reda\u00e7\u00e3o JO","image":{"@type":"ImageObject","inLanguage":"pt-PT","@id":"https:\/\/secure.gravatar.com\/avatar\/71f2fa71737ad68a84fea94bc708ddac8ea5b0c4788dc2ad202f3ccb2887742f?s=96&d=wp_user_avatar&r=g","url":"https:\/\/secure.gravatar.com\/avatar\/71f2fa71737ad68a84fea94bc708ddac8ea5b0c4788dc2ad202f3ccb2887742f?s=96&d=wp_user_avatar&r=g","contentUrl":"https:\/\/secure.gravatar.com\/avatar\/71f2fa71737ad68a84fea94bc708ddac8ea5b0c4788dc2ad202f3ccb2887742f?s=96&d=wp_user_avatar&r=g","caption":"Reda\u00e7\u00e3o JO"},"url":"https:\/\/jornaldasoficinas.com\/pt\/author\/joredacao\/"}]}},"_links":{"self":[{"href":"https:\/\/jornaldasoficinas.com\/pt\/wp-json\/wp\/v2\/posts\/66713","targetHints":{"allow":["GET"]}}],"collection":[{"href":"https:\/\/jornaldasoficinas.com\/pt\/wp-json\/wp\/v2\/posts"}],"about":[{"href":"https:\/\/jornaldasoficinas.com\/pt\/wp-json\/wp\/v2\/types\/post"}],"author":[{"embeddable":true,"href":"https:\/\/jornaldasoficinas.com\/pt\/wp-json\/wp\/v2\/users\/15"}],"replies":[{"embeddable":true,"href":"https:\/\/jornaldasoficinas.com\/pt\/wp-json\/wp\/v2\/comments?post=66713"}],"version-history":[{"count":0,"href":"https:\/\/jornaldasoficinas.com\/pt\/wp-json\/wp\/v2\/posts\/66713\/revisions"}],"wp:featuredmedia":[{"embeddable":true,"href":"https:\/\/jornaldasoficinas.com\/pt\/wp-json\/wp\/v2\/media\/66676"}],"wp:attachment":[{"href":"https:\/\/jornaldasoficinas.com\/pt\/wp-json\/wp\/v2\/media?parent=66713"}],"wp:term":[{"taxonomy":"category","embeddable":true,"href":"https:\/\/jornaldasoficinas.com\/pt\/wp-json\/wp\/v2\/categories?post=66713"},{"taxonomy":"post_tag","embeddable":true,"href":"https:\/\/jornaldasoficinas.com\/pt\/wp-json\/wp\/v2\/tags?post=66713"}],"curies":[{"name":"wp","href":"https:\/\/api.w.org\/{rel}","templated":true}]}}