{"id":66723,"date":"2023-05-19T14:00:05","date_gmt":"2023-05-19T13:00:05","guid":{"rendered":"https:\/\/jornaldasoficinas.com\/pt\/?p=66723"},"modified":"2023-05-18T14:32:55","modified_gmt":"2023-05-18T13:32:55","slug":"powerdot-quer-investir-140-milhoes-euros-em-franca-ate-2025","status":"publish","type":"post","link":"https:\/\/jornaldasoficinas.com\/pt\/powerdot-quer-investir-140-milhoes-euros-em-franca-ate-2025\/","title":{"rendered":"Powerdot quer investir 140 milh\u00f5es euros em Fran\u00e7a at\u00e9 2025"},"content":{"rendered":"<p><strong> <img loading=\"lazy\" decoding=\"async\" class=\"alignnone size-full wp-image-66679\" src=\"https:\/\/jornaldasoficinas.com\/pt\/wp-content\/uploads\/2023\/05\/Powerdot-quer-investir-140-milhoes-euros-em-Franca-ate-2025.jpeg\" alt=\"05 - Powerdot quer investir 140 milhoes euros em Franca ate 2025\" width=\"1024\" height=\"581\" srcset=\"https:\/\/jornaldasoficinas.com\/pt\/wp-content\/uploads\/2023\/05\/Powerdot-quer-investir-140-milhoes-euros-em-Franca-ate-2025.jpeg 1024w, https:\/\/jornaldasoficinas.com\/pt\/wp-content\/uploads\/2023\/05\/Powerdot-quer-investir-140-milhoes-euros-em-Franca-ate-2025-300x170.jpeg 300w, https:\/\/jornaldasoficinas.com\/pt\/wp-content\/uploads\/2023\/05\/Powerdot-quer-investir-140-milhoes-euros-em-Franca-ate-2025-150x85.jpeg 150w, https:\/\/jornaldasoficinas.com\/pt\/wp-content\/uploads\/2023\/05\/Powerdot-quer-investir-140-milhoes-euros-em-Franca-ate-2025-768x436.jpeg 768w\" sizes=\"auto, (max-width: 1024px) 100vw, 1024px\" \/><\/strong><\/p>\n<p><strong>A\u00a0<a href=\"https:\/\/powerhubs.powerdot.pt\/\" target=\"_blank\" rel=\"noopener\">Powerdot<\/a>, acaba de anunciar os seus planos para investir 140 milh\u00f5es de euros no mercado franc\u00eas at\u00e9 2025. Este investimento significativo, visa acelerar o crescimento da empresa e melhorar a infraestrutura para ve\u00edculos el\u00e9tricos em Fran\u00e7a atrav\u00e9s do conceito\u00a0<em>Destination Charging<\/em><\/strong><\/p>\n<p>O investimento da <a href=\"https:\/\/jornaldasoficinas.com\/pt\/powerdot-investe-300-milhoes-de-euros-por-um-futuro-mais-verde\/\">Powerdot<\/a> resultar\u00e1 na instala\u00e7\u00e3o de mais de 8.000 novos pontos de carregamento por todo o pa\u00eds, em supermercados, centros comerciais, lojas especializadas, hot\u00e9is, restaurantes e espa\u00e7os empresariais, com foco em carregadores r\u00e1pidos e ultra r\u00e1pidos. Este n\u00famero junta-se assim aos 1.200 pontos de carregamento implementados em Fran\u00e7a ao longo dos \u00faltimos dois anos.<\/p>\n<p>Ao instalar e operar carregadores nos locais que as pessoas j\u00e1 frequentam diariamente, a Powerdot visa facilitar a mudan\u00e7a para os carros el\u00e9tricos e ajudar Fran\u00e7a a atingir a sua meta de se tornar neutra em carbono at\u00e9 2050.<\/p>\n<p>O investimento da empresa vai tamb\u00e9m criar 66 novos postos de trabalho diretos no mercado e mais de 150 postos de trabalho indiretos no mercado franc\u00eas. A iniciativa vai contribuir para o desenvolvimento de um futuro mais sustent\u00e1vel no pa\u00eds e ajudar a criar oportunidades de trabalho no setor da energia limpa.<\/p>\n<p>&#8220;Estamos entusiasmados com o an\u00fancio deste investimento significativo no mercado franc\u00eas. O nosso compromisso com Fran\u00e7a e a responsabilidade partilhada em fornecer solu\u00e7\u00f5es de carregamento est\u00e1 no centro da nossa miss\u00e3o de acelerar a mobilidade sustent\u00e1vel. Com foco no conceito de <em>destination charging<\/em>, pretendemos desbloquear a ado\u00e7\u00e3o de ve\u00edculos el\u00e9tricos, fornecendo mais esta\u00e7\u00f5es de carregamento em todo o pa\u00eds, em locais onde as pessoas v\u00e3o com frequ\u00eancia. Este investimento \u00e9 uma prova da nossa dedica\u00e7\u00e3o na constru\u00e7\u00e3o de um futuro mais sustent\u00e1vel para Fran\u00e7a e para o mundo\u201d,\u00a0referiu Lu\u00eds Santiago Pinto, CEO da Powerdot.<\/p>\n<p>\u201cJ\u00e1 contribu\u00edmos com 16% do crescimento do carregamento r\u00e1pido em Fran\u00e7a desde a nossa entrada no mercado. Desde janeiro do ano passado, somos o player que inaugurou mais novos locais de carregamento r\u00e1pido em Fran\u00e7a. Estamos entusiasmados em continuar esta jornada e renovar o nosso compromisso com Fran\u00e7a e o seu mercado de mobilidade el\u00e9trica em crescimento. O seu dinamismo \u00e9 possibilitado pela elevada qualidade dos engenheiros que contratamos, pela agilidade da Enedis e pelo compromisso dos nossos parceiros retalhistas\u201d, afirmou Matthieu Dischamps, Generall Manager da Powerdot em Fran\u00e7a.<\/p>\n<p>O investimento da Powerdot em Fran\u00e7a traduz-se num passo significativo para um futuro mais limpo e sustent\u00e1vel para o pa\u00eds e para o mundo. \u00c0 medida que o mundo avan\u00e7a em dire\u00e7\u00e3o a fontes de energia mais limpas, estas iniciativas s\u00e3o fundamentais para reduzir a nossa depend\u00eancia de combust\u00edveis f\u00f3sseis e mitigar os efeitos das mudan\u00e7as clim\u00e1ticas.<\/p>\n<p>O investimento da Powerdot no mercado franc\u00eas est\u00e1 tamb\u00e9m alinhado com a ambiciosa meta do pa\u00eds em ter 400.000 pontos de carregamento at\u00e9 2030. O compromisso da empresa em instalar mais de 8.000 novos pontos de carregamento em todo o pa\u00eds ir\u00e1 desempenhar um papel significativo na realiza\u00e7\u00e3o desse objetivo. O investimento da Powerdot \u00e9 um passo essencial para a constru\u00e7\u00e3o de uma robusta rede de infraestrutura de carregamentos em Fran\u00e7a, tornando os ve\u00edculos el\u00e9tricos mais acess\u00edveis a um p\u00fablico mais amplo e acelerando a transi\u00e7\u00e3o do pa\u00eds para o transporte sustent\u00e1vel.<\/p>\n","protected":false},"excerpt":{"rendered":"<p>A\u00a0Powerdot, acaba de anunciar os seus&#8230;<\/p>\n","protected":false},"author":15,"featured_media":66679,"comment_status":"closed","ping_status":"closed","sticky":false,"template":"","format":"standard","meta":{"footnotes":""},"categories":[29],"tags":[5360,5361,2952,89],"class_list":["post-66723","post","type-post","status-publish","format-standard","has-post-thumbnail","hentry","category-empresas","tag-destination-charging","tag-investir-140-milhoes","tag-powerdot","tag-veiculos-eletricos"],"yoast_head":"<!-- This site is optimized with the Yoast SEO plugin v27.4 - https:\/\/yoast.com\/product\/yoast-seo-wordpress\/ -->\n<title>Powerdot quer investir 140 milh\u00f5es euros em Fran\u00e7a at\u00e9 2025 - Jornal das Oficinas<\/title>\n<meta name=\"description\" content=\"A\u00a0Powerdot, acaba de anunciar os seus planos para investir 140 milh\u00f5es de euros no mercado franc\u00eas at\u00e9 2025\" \/>\n<meta name=\"robots\" content=\"index, follow, max-snippet:-1, max-image-preview:large, max-video-preview:-1\" \/>\n<link rel=\"canonical\" href=\"https:\/\/jornaldasoficinas.com\/pt\/powerdot-quer-investir-140-milhoes-euros-em-franca-ate-2025\/\" \/>\n<meta property=\"og:locale\" content=\"pt_PT\" \/>\n<meta property=\"og:type\" content=\"article\" \/>\n<meta property=\"og:title\" content=\"Powerdot quer investir 140 milh\u00f5es euros em Fran\u00e7a at\u00e9 2025 - Jornal das Oficinas\" \/>\n<meta property=\"og:description\" content=\"A\u00a0Powerdot, acaba de anunciar os seus planos para investir 140 milh\u00f5es de euros no mercado franc\u00eas at\u00e9 2025\" \/>\n<meta property=\"og:url\" content=\"https:\/\/jornaldasoficinas.com\/pt\/powerdot-quer-investir-140-milhoes-euros-em-franca-ate-2025\/\" \/>\n<meta property=\"og:site_name\" content=\"Jornal das Oficinas\" \/>\n<meta property=\"article:publisher\" content=\"https:\/\/www.facebook.com\/jornaloficinas\" \/>\n<meta property=\"article:published_time\" content=\"2023-05-19T13:00:05+00:00\" \/>\n<meta property=\"og:image\" content=\"https:\/\/jornaldasoficinas.com\/pt\/wp-content\/uploads\/2023\/05\/Powerdot-quer-investir-140-milhoes-euros-em-Franca-ate-2025.jpeg\" \/>\n\t<meta property=\"og:image:width\" content=\"1024\" \/>\n\t<meta property=\"og:image:height\" content=\"581\" \/>\n\t<meta property=\"og:image:type\" content=\"image\/jpeg\" \/>\n<meta name=\"author\" content=\"Reda\u00e7\u00e3o JO\" \/>\n<meta name=\"twitter:card\" content=\"summary_large_image\" \/>\n<meta name=\"twitter:creator\" content=\"@jornaloficinas\" \/>\n<meta name=\"twitter:site\" content=\"@jornaloficinas\" \/>\n<meta name=\"twitter:label1\" content=\"Escrito por\" \/>\n\t<meta name=\"twitter:data1\" content=\"Reda\u00e7\u00e3o JO\" \/>\n\t<meta name=\"twitter:label2\" content=\"Tempo estimado de leitura\" \/>\n\t<meta name=\"twitter:data2\" content=\"3 minutos\" \/>\n<script type=\"application\/ld+json\" class=\"yoast-schema-graph\">{\"@context\":\"https:\\\/\\\/schema.org\",\"@graph\":[{\"@type\":\"Article\",\"@id\":\"https:\\\/\\\/jornaldasoficinas.com\\\/pt\\\/powerdot-quer-investir-140-milhoes-euros-em-franca-ate-2025\\\/#article\",\"isPartOf\":{\"@id\":\"https:\\\/\\\/jornaldasoficinas.com\\\/pt\\\/powerdot-quer-investir-140-milhoes-euros-em-franca-ate-2025\\\/\"},\"author\":{\"name\":\"Reda\u00e7\u00e3o JO\",\"@id\":\"https:\\\/\\\/jornaldasoficinas.com\\\/pt\\\/#\\\/schema\\\/person\\\/a38eef5de2c41d9e7c9ac10141afddf3\"},\"headline\":\"Powerdot quer investir 140 milh\u00f5es euros em Fran\u00e7a at\u00e9 2025\",\"datePublished\":\"2023-05-19T13:00:05+00:00\",\"mainEntityOfPage\":{\"@id\":\"https:\\\/\\\/jornaldasoficinas.com\\\/pt\\\/powerdot-quer-investir-140-milhoes-euros-em-franca-ate-2025\\\/\"},\"wordCount\":589,\"publisher\":{\"@id\":\"https:\\\/\\\/jornaldasoficinas.com\\\/pt\\\/#organization\"},\"image\":{\"@id\":\"https:\\\/\\\/jornaldasoficinas.com\\\/pt\\\/powerdot-quer-investir-140-milhoes-euros-em-franca-ate-2025\\\/#primaryimage\"},\"thumbnailUrl\":\"https:\\\/\\\/jornaldasoficinas.com\\\/pt\\\/wp-content\\\/uploads\\\/2023\\\/05\\\/Powerdot-quer-investir-140-milhoes-euros-em-Franca-ate-2025.jpeg\",\"keywords\":[\"Destination Charging\",\"investir 140 milh\u00f5es\",\"PowerDot\",\"Ve\u00edculos el\u00e9tricos\"],\"articleSection\":[\"Empresas\"],\"inLanguage\":\"pt-PT\"},{\"@type\":\"WebPage\",\"@id\":\"https:\\\/\\\/jornaldasoficinas.com\\\/pt\\\/powerdot-quer-investir-140-milhoes-euros-em-franca-ate-2025\\\/\",\"url\":\"https:\\\/\\\/jornaldasoficinas.com\\\/pt\\\/powerdot-quer-investir-140-milhoes-euros-em-franca-ate-2025\\\/\",\"name\":\"Powerdot quer investir 140 milh\u00f5es euros em Fran\u00e7a at\u00e9 2025 - Jornal das Oficinas\",\"isPartOf\":{\"@id\":\"https:\\\/\\\/jornaldasoficinas.com\\\/pt\\\/#website\"},\"primaryImageOfPage\":{\"@id\":\"https:\\\/\\\/jornaldasoficinas.com\\\/pt\\\/powerdot-quer-investir-140-milhoes-euros-em-franca-ate-2025\\\/#primaryimage\"},\"image\":{\"@id\":\"https:\\\/\\\/jornaldasoficinas.com\\\/pt\\\/powerdot-quer-investir-140-milhoes-euros-em-franca-ate-2025\\\/#primaryimage\"},\"thumbnailUrl\":\"https:\\\/\\\/jornaldasoficinas.com\\\/pt\\\/wp-content\\\/uploads\\\/2023\\\/05\\\/Powerdot-quer-investir-140-milhoes-euros-em-Franca-ate-2025.jpeg\",\"datePublished\":\"2023-05-19T13:00:05+00:00\",\"description\":\"A\u00a0Powerdot, acaba de anunciar os seus planos para investir 140 milh\u00f5es de euros no mercado franc\u00eas at\u00e9 2025\",\"breadcrumb\":{\"@id\":\"https:\\\/\\\/jornaldasoficinas.com\\\/pt\\\/powerdot-quer-investir-140-milhoes-euros-em-franca-ate-2025\\\/#breadcrumb\"},\"inLanguage\":\"pt-PT\",\"potentialAction\":[{\"@type\":\"ReadAction\",\"target\":[\"https:\\\/\\\/jornaldasoficinas.com\\\/pt\\\/powerdot-quer-investir-140-milhoes-euros-em-franca-ate-2025\\\/\"]}]},{\"@type\":\"ImageObject\",\"inLanguage\":\"pt-PT\",\"@id\":\"https:\\\/\\\/jornaldasoficinas.com\\\/pt\\\/powerdot-quer-investir-140-milhoes-euros-em-franca-ate-2025\\\/#primaryimage\",\"url\":\"https:\\\/\\\/jornaldasoficinas.com\\\/pt\\\/wp-content\\\/uploads\\\/2023\\\/05\\\/Powerdot-quer-investir-140-milhoes-euros-em-Franca-ate-2025.jpeg\",\"contentUrl\":\"https:\\\/\\\/jornaldasoficinas.com\\\/pt\\\/wp-content\\\/uploads\\\/2023\\\/05\\\/Powerdot-quer-investir-140-milhoes-euros-em-Franca-ate-2025.jpeg\",\"width\":1024,\"height\":581,\"caption\":\"05 - Powerdot quer investir 140 milhoes euros em Franca ate 2025\"},{\"@type\":\"BreadcrumbList\",\"@id\":\"https:\\\/\\\/jornaldasoficinas.com\\\/pt\\\/powerdot-quer-investir-140-milhoes-euros-em-franca-ate-2025\\\/#breadcrumb\",\"itemListElement\":[{\"@type\":\"ListItem\",\"position\":1,\"name\":\"In\u00edcio\",\"item\":\"https:\\\/\\\/jornaldasoficinas.com\\\/pt\\\/\"},{\"@type\":\"ListItem\",\"position\":2,\"name\":\"Powerdot quer investir 140 milh\u00f5es euros em Fran\u00e7a at\u00e9 2025\"}]},{\"@type\":\"WebSite\",\"@id\":\"https:\\\/\\\/jornaldasoficinas.com\\\/pt\\\/#website\",\"url\":\"https:\\\/\\\/jornaldasoficinas.com\\\/pt\\\/\",\"name\":\"Jornal das Oficinas\",\"description\":\"Jornal independente do Aftermarket Autom\u00f3vel em Portugal\",\"publisher\":{\"@id\":\"https:\\\/\\\/jornaldasoficinas.com\\\/pt\\\/#organization\"},\"potentialAction\":[{\"@type\":\"SearchAction\",\"target\":{\"@type\":\"EntryPoint\",\"urlTemplate\":\"https:\\\/\\\/jornaldasoficinas.com\\\/pt\\\/?s={search_term_string}\"},\"query-input\":{\"@type\":\"PropertyValueSpecification\",\"valueRequired\":true,\"valueName\":\"search_term_string\"}}],\"inLanguage\":\"pt-PT\"},{\"@type\":\"Organization\",\"@id\":\"https:\\\/\\\/jornaldasoficinas.com\\\/pt\\\/#organization\",\"name\":\"Jornal das Oficinas\",\"url\":\"https:\\\/\\\/jornaldasoficinas.com\\\/pt\\\/\",\"logo\":{\"@type\":\"ImageObject\",\"inLanguage\":\"pt-PT\",\"@id\":\"https:\\\/\\\/jornaldasoficinas.com\\\/pt\\\/#\\\/schema\\\/logo\\\/image\\\/\",\"url\":\"https:\\\/\\\/jornaldasoficinas.com\\\/pt\\\/wp-content\\\/uploads\\\/logoJO-SEO.png\",\"contentUrl\":\"https:\\\/\\\/jornaldasoficinas.com\\\/pt\\\/wp-content\\\/uploads\\\/logoJO-SEO.png\",\"width\":285,\"height\":450,\"caption\":\"Jornal das Oficinas\"},\"image\":{\"@id\":\"https:\\\/\\\/jornaldasoficinas.com\\\/pt\\\/#\\\/schema\\\/logo\\\/image\\\/\"},\"sameAs\":[\"https:\\\/\\\/www.facebook.com\\\/jornaloficinas\",\"https:\\\/\\\/x.com\\\/jornaloficinas\",\"https:\\\/\\\/www.instagram.com\\\/jornal_oficinas\\\/\",\"https:\\\/\\\/www.linkedin.com\\\/company\\\/jornal-das-oficinas\\\/\",\"https:\\\/\\\/www.youtube.com\\\/channel\\\/UCbQZBqtcvV-oSQrr7RzINGg\"]},{\"@type\":\"Person\",\"@id\":\"https:\\\/\\\/jornaldasoficinas.com\\\/pt\\\/#\\\/schema\\\/person\\\/a38eef5de2c41d9e7c9ac10141afddf3\",\"name\":\"Reda\u00e7\u00e3o JO\",\"image\":{\"@type\":\"ImageObject\",\"inLanguage\":\"pt-PT\",\"@id\":\"https:\\\/\\\/secure.gravatar.com\\\/avatar\\\/71f2fa71737ad68a84fea94bc708ddac8ea5b0c4788dc2ad202f3ccb2887742f?s=96&d=wp_user_avatar&r=g\",\"url\":\"https:\\\/\\\/secure.gravatar.com\\\/avatar\\\/71f2fa71737ad68a84fea94bc708ddac8ea5b0c4788dc2ad202f3ccb2887742f?s=96&d=wp_user_avatar&r=g\",\"contentUrl\":\"https:\\\/\\\/secure.gravatar.com\\\/avatar\\\/71f2fa71737ad68a84fea94bc708ddac8ea5b0c4788dc2ad202f3ccb2887742f?s=96&d=wp_user_avatar&r=g\",\"caption\":\"Reda\u00e7\u00e3o JO\"},\"url\":\"https:\\\/\\\/jornaldasoficinas.com\\\/pt\\\/author\\\/joredacao\\\/\"}]}<\/script>\n<!-- \/ Yoast SEO plugin. -->","yoast_head_json":{"title":"Powerdot quer investir 140 milh\u00f5es euros em Fran\u00e7a at\u00e9 2025 - Jornal das Oficinas","description":"A\u00a0Powerdot, acaba de anunciar os seus planos para investir 140 milh\u00f5es de euros no mercado franc\u00eas at\u00e9 2025","robots":{"index":"index","follow":"follow","max-snippet":"max-snippet:-1","max-image-preview":"max-image-preview:large","max-video-preview":"max-video-preview:-1"},"canonical":"https:\/\/jornaldasoficinas.com\/pt\/powerdot-quer-investir-140-milhoes-euros-em-franca-ate-2025\/","og_locale":"pt_PT","og_type":"article","og_title":"Powerdot quer investir 140 milh\u00f5es euros em Fran\u00e7a at\u00e9 2025 - Jornal das Oficinas","og_description":"A\u00a0Powerdot, acaba de anunciar os seus planos para investir 140 milh\u00f5es de euros no mercado franc\u00eas at\u00e9 2025","og_url":"https:\/\/jornaldasoficinas.com\/pt\/powerdot-quer-investir-140-milhoes-euros-em-franca-ate-2025\/","og_site_name":"Jornal das Oficinas","article_publisher":"https:\/\/www.facebook.com\/jornaloficinas","article_published_time":"2023-05-19T13:00:05+00:00","og_image":[{"width":1024,"height":581,"url":"https:\/\/jornaldasoficinas.com\/pt\/wp-content\/uploads\/2023\/05\/Powerdot-quer-investir-140-milhoes-euros-em-Franca-ate-2025.jpeg","type":"image\/jpeg"}],"author":"Reda\u00e7\u00e3o JO","twitter_card":"summary_large_image","twitter_creator":"@jornaloficinas","twitter_site":"@jornaloficinas","twitter_misc":{"Escrito por":"Reda\u00e7\u00e3o JO","Tempo estimado de leitura":"3 minutos"},"schema":{"@context":"https:\/\/schema.org","@graph":[{"@type":"Article","@id":"https:\/\/jornaldasoficinas.com\/pt\/powerdot-quer-investir-140-milhoes-euros-em-franca-ate-2025\/#article","isPartOf":{"@id":"https:\/\/jornaldasoficinas.com\/pt\/powerdot-quer-investir-140-milhoes-euros-em-franca-ate-2025\/"},"author":{"name":"Reda\u00e7\u00e3o JO","@id":"https:\/\/jornaldasoficinas.com\/pt\/#\/schema\/person\/a38eef5de2c41d9e7c9ac10141afddf3"},"headline":"Powerdot quer investir 140 milh\u00f5es euros em Fran\u00e7a at\u00e9 2025","datePublished":"2023-05-19T13:00:05+00:00","mainEntityOfPage":{"@id":"https:\/\/jornaldasoficinas.com\/pt\/powerdot-quer-investir-140-milhoes-euros-em-franca-ate-2025\/"},"wordCount":589,"publisher":{"@id":"https:\/\/jornaldasoficinas.com\/pt\/#organization"},"image":{"@id":"https:\/\/jornaldasoficinas.com\/pt\/powerdot-quer-investir-140-milhoes-euros-em-franca-ate-2025\/#primaryimage"},"thumbnailUrl":"https:\/\/jornaldasoficinas.com\/pt\/wp-content\/uploads\/2023\/05\/Powerdot-quer-investir-140-milhoes-euros-em-Franca-ate-2025.jpeg","keywords":["Destination Charging","investir 140 milh\u00f5es","PowerDot","Ve\u00edculos el\u00e9tricos"],"articleSection":["Empresas"],"inLanguage":"pt-PT"},{"@type":"WebPage","@id":"https:\/\/jornaldasoficinas.com\/pt\/powerdot-quer-investir-140-milhoes-euros-em-franca-ate-2025\/","url":"https:\/\/jornaldasoficinas.com\/pt\/powerdot-quer-investir-140-milhoes-euros-em-franca-ate-2025\/","name":"Powerdot quer investir 140 milh\u00f5es euros em Fran\u00e7a at\u00e9 2025 - Jornal das Oficinas","isPartOf":{"@id":"https:\/\/jornaldasoficinas.com\/pt\/#website"},"primaryImageOfPage":{"@id":"https:\/\/jornaldasoficinas.com\/pt\/powerdot-quer-investir-140-milhoes-euros-em-franca-ate-2025\/#primaryimage"},"image":{"@id":"https:\/\/jornaldasoficinas.com\/pt\/powerdot-quer-investir-140-milhoes-euros-em-franca-ate-2025\/#primaryimage"},"thumbnailUrl":"https:\/\/jornaldasoficinas.com\/pt\/wp-content\/uploads\/2023\/05\/Powerdot-quer-investir-140-milhoes-euros-em-Franca-ate-2025.jpeg","datePublished":"2023-05-19T13:00:05+00:00","description":"A\u00a0Powerdot, acaba de anunciar os seus planos para investir 140 milh\u00f5es de euros no mercado franc\u00eas at\u00e9 2025","breadcrumb":{"@id":"https:\/\/jornaldasoficinas.com\/pt\/powerdot-quer-investir-140-milhoes-euros-em-franca-ate-2025\/#breadcrumb"},"inLanguage":"pt-PT","potentialAction":[{"@type":"ReadAction","target":["https:\/\/jornaldasoficinas.com\/pt\/powerdot-quer-investir-140-milhoes-euros-em-franca-ate-2025\/"]}]},{"@type":"ImageObject","inLanguage":"pt-PT","@id":"https:\/\/jornaldasoficinas.com\/pt\/powerdot-quer-investir-140-milhoes-euros-em-franca-ate-2025\/#primaryimage","url":"https:\/\/jornaldasoficinas.com\/pt\/wp-content\/uploads\/2023\/05\/Powerdot-quer-investir-140-milhoes-euros-em-Franca-ate-2025.jpeg","contentUrl":"https:\/\/jornaldasoficinas.com\/pt\/wp-content\/uploads\/2023\/05\/Powerdot-quer-investir-140-milhoes-euros-em-Franca-ate-2025.jpeg","width":1024,"height":581,"caption":"05 - Powerdot quer investir 140 milhoes euros em Franca ate 2025"},{"@type":"BreadcrumbList","@id":"https:\/\/jornaldasoficinas.com\/pt\/powerdot-quer-investir-140-milhoes-euros-em-franca-ate-2025\/#breadcrumb","itemListElement":[{"@type":"ListItem","position":1,"name":"In\u00edcio","item":"https:\/\/jornaldasoficinas.com\/pt\/"},{"@type":"ListItem","position":2,"name":"Powerdot quer investir 140 milh\u00f5es euros em Fran\u00e7a at\u00e9 2025"}]},{"@type":"WebSite","@id":"https:\/\/jornaldasoficinas.com\/pt\/#website","url":"https:\/\/jornaldasoficinas.com\/pt\/","name":"Jornal das Oficinas","description":"Jornal independente do Aftermarket Autom\u00f3vel em Portugal","publisher":{"@id":"https:\/\/jornaldasoficinas.com\/pt\/#organization"},"potentialAction":[{"@type":"SearchAction","target":{"@type":"EntryPoint","urlTemplate":"https:\/\/jornaldasoficinas.com\/pt\/?s={search_term_string}"},"query-input":{"@type":"PropertyValueSpecification","valueRequired":true,"valueName":"search_term_string"}}],"inLanguage":"pt-PT"},{"@type":"Organization","@id":"https:\/\/jornaldasoficinas.com\/pt\/#organization","name":"Jornal das Oficinas","url":"https:\/\/jornaldasoficinas.com\/pt\/","logo":{"@type":"ImageObject","inLanguage":"pt-PT","@id":"https:\/\/jornaldasoficinas.com\/pt\/#\/schema\/logo\/image\/","url":"https:\/\/jornaldasoficinas.com\/pt\/wp-content\/uploads\/logoJO-SEO.png","contentUrl":"https:\/\/jornaldasoficinas.com\/pt\/wp-content\/uploads\/logoJO-SEO.png","width":285,"height":450,"caption":"Jornal das Oficinas"},"image":{"@id":"https:\/\/jornaldasoficinas.com\/pt\/#\/schema\/logo\/image\/"},"sameAs":["https:\/\/www.facebook.com\/jornaloficinas","https:\/\/x.com\/jornaloficinas","https:\/\/www.instagram.com\/jornal_oficinas\/","https:\/\/www.linkedin.com\/company\/jornal-das-oficinas\/","https:\/\/www.youtube.com\/channel\/UCbQZBqtcvV-oSQrr7RzINGg"]},{"@type":"Person","@id":"https:\/\/jornaldasoficinas.com\/pt\/#\/schema\/person\/a38eef5de2c41d9e7c9ac10141afddf3","name":"Reda\u00e7\u00e3o JO","image":{"@type":"ImageObject","inLanguage":"pt-PT","@id":"https:\/\/secure.gravatar.com\/avatar\/71f2fa71737ad68a84fea94bc708ddac8ea5b0c4788dc2ad202f3ccb2887742f?s=96&d=wp_user_avatar&r=g","url":"https:\/\/secure.gravatar.com\/avatar\/71f2fa71737ad68a84fea94bc708ddac8ea5b0c4788dc2ad202f3ccb2887742f?s=96&d=wp_user_avatar&r=g","contentUrl":"https:\/\/secure.gravatar.com\/avatar\/71f2fa71737ad68a84fea94bc708ddac8ea5b0c4788dc2ad202f3ccb2887742f?s=96&d=wp_user_avatar&r=g","caption":"Reda\u00e7\u00e3o JO"},"url":"https:\/\/jornaldasoficinas.com\/pt\/author\/joredacao\/"}]}},"_links":{"self":[{"href":"https:\/\/jornaldasoficinas.com\/pt\/wp-json\/wp\/v2\/posts\/66723","targetHints":{"allow":["GET"]}}],"collection":[{"href":"https:\/\/jornaldasoficinas.com\/pt\/wp-json\/wp\/v2\/posts"}],"about":[{"href":"https:\/\/jornaldasoficinas.com\/pt\/wp-json\/wp\/v2\/types\/post"}],"author":[{"embeddable":true,"href":"https:\/\/jornaldasoficinas.com\/pt\/wp-json\/wp\/v2\/users\/15"}],"replies":[{"embeddable":true,"href":"https:\/\/jornaldasoficinas.com\/pt\/wp-json\/wp\/v2\/comments?post=66723"}],"version-history":[{"count":0,"href":"https:\/\/jornaldasoficinas.com\/pt\/wp-json\/wp\/v2\/posts\/66723\/revisions"}],"wp:featuredmedia":[{"embeddable":true,"href":"https:\/\/jornaldasoficinas.com\/pt\/wp-json\/wp\/v2\/media\/66679"}],"wp:attachment":[{"href":"https:\/\/jornaldasoficinas.com\/pt\/wp-json\/wp\/v2\/media?parent=66723"}],"wp:term":[{"taxonomy":"category","embeddable":true,"href":"https:\/\/jornaldasoficinas.com\/pt\/wp-json\/wp\/v2\/categories?post=66723"},{"taxonomy":"post_tag","embeddable":true,"href":"https:\/\/jornaldasoficinas.com\/pt\/wp-json\/wp\/v2\/tags?post=66723"}],"curies":[{"name":"wp","href":"https:\/\/api.w.org\/{rel}","templated":true}]}}