{"id":66728,"date":"2023-05-19T16:00:16","date_gmt":"2023-05-19T15:00:16","guid":{"rendered":"https:\/\/jornaldasoficinas.com\/pt\/?p=66728"},"modified":"2023-05-18T14:42:27","modified_gmt":"2023-05-18T13:42:27","slug":"primeiro-carregador-cc2-by-krautli-e-ctek-chega-a-lisboa","status":"publish","type":"post","link":"https:\/\/jornaldasoficinas.com\/pt\/primeiro-carregador-cc2-by-krautli-e-ctek-chega-a-lisboa\/","title":{"rendered":"Primeiro carregador CC2 by Krautli e CTEK chega a Lisboa"},"content":{"rendered":"<p><strong><img loading=\"lazy\" decoding=\"async\" class=\"alignnone size-full wp-image-66678\" src=\"https:\/\/jornaldasoficinas.com\/pt\/wp-content\/uploads\/2023\/05\/Primeiro-carregador-CC2-by-Krautli-e-CTEK-chega-a-Lisboa-.png\" alt=\"05 - Primeiro carregador CC2 by Krautli e CTEK chega a Lisboa \" width=\"1024\" height=\"581\" srcset=\"https:\/\/jornaldasoficinas.com\/pt\/wp-content\/uploads\/2023\/05\/Primeiro-carregador-CC2-by-Krautli-e-CTEK-chega-a-Lisboa-.png 1024w, https:\/\/jornaldasoficinas.com\/pt\/wp-content\/uploads\/2023\/05\/Primeiro-carregador-CC2-by-Krautli-e-CTEK-chega-a-Lisboa--300x170.png 300w, https:\/\/jornaldasoficinas.com\/pt\/wp-content\/uploads\/2023\/05\/Primeiro-carregador-CC2-by-Krautli-e-CTEK-chega-a-Lisboa--150x85.png 150w, https:\/\/jornaldasoficinas.com\/pt\/wp-content\/uploads\/2023\/05\/Primeiro-carregador-CC2-by-Krautli-e-CTEK-chega-a-Lisboa--768x436.png 768w\" sizes=\"auto, (max-width: 1024px) 100vw, 1024px\" \/><\/strong><\/p>\n<p><strong>A <a href=\"https:\/\/www.krautli.pt\/pt\/home\/?n=10\" target=\"_blank\" rel=\"noopener\">Krautli Portugal<\/a> aderiu \u00e0 transi\u00e7\u00e3o para os ve\u00edculos el\u00e9tricos (VE) e h\u00edbridos plug-in e alargou a sua parceria com a <a href=\"https:\/\/www.ctek.com\/uk\/\" target=\"_blank\" rel=\"noopener\">CTEK<\/a> para a comercializa\u00e7\u00e3o do carregador de ve\u00edculos el\u00e9tricos CHARGESTORM\u00ae CONNECTED 2 (CC2) de \u00faltima gera\u00e7\u00e3o. Com a entrada no mercado portugu\u00eas, a Krautli e a CTEK instalaram o primeiro carregador CC2 no concession\u00e1rio Ferrari em Lisboa<\/strong><\/p>\n<p>\u201cEsta importante adi\u00e7\u00e3o permite aos nossos clientes satisfazer a crescente quantidade de VEs no mercado e aprender sobre novas solu\u00e7\u00f5es de carregamento de ve\u00edculos el\u00e9tricos\u201d, referiu a Krautli Portugal.<\/p>\n<p>O CHARGESTORM\u00ae CONNECTED 2 \u00e9 um carregador avan\u00e7ado para ve\u00edculos el\u00e9tricos da CTEK, f\u00e1cil de utilizar, com uma gama de fun\u00e7\u00f5es e caracter\u00edsticas de seguran\u00e7a incorporadas. Foi concebido para ser utilizado com ve\u00edculos el\u00e9tricos e h\u00edbridos plug-in.<\/p>\n<p>O carregador tem um poderoso controlador de carga CCU e \u00e9 capaz de suportar tanto tomadas tipo 2 como cabos de carregamento EV tipo 2. Com a vantagem adicional de integra\u00e7\u00e3o aberta e acesso \u00e0 Internet atrav\u00e9s de um cabo Ethernet, \u00e9 um dos produtos mais flex\u00edveis do mercado. Al\u00e9m disso, se a Ethernet n\u00e3o puder ser utilizada, o carregador tamb\u00e9m pode ser fornecido com um modem 3G\/4G opcional. \u00c9 necess\u00e1ria uma liga\u00e7\u00e3o \u00e0 Internet para os servi\u00e7os do portal e a gest\u00e3o de app.<\/p>\n<p>O CHARGESTORM\u00ae CONNECTED 2 oferece suporte de balanceamento de carga din\u00e2mico atrav\u00e9s do NanoGridTM entre v\u00e1rios dispositivos. O carregador cumpre todas as normas t\u00e9cnicas de seguran\u00e7a exigidas e tem um contador de energia, um fus\u00edvel, um RCBO e um detetor de fugas de corrente cont\u00ednua aprovados pela MID incorporados, o que o torna ideal para resid\u00eancias, empresas ou parques de estacionamento p\u00fablicos.<\/p>\n<p>Por fim, o CHARGESTORM\u00ae CONNECTED 2 permite total flexibilidade, para que possa ter controlo total sobre como e quando um carro el\u00e9trico deve ser carregado. O controlo da app atrav\u00e9s da app TAKING CHARGE est\u00e1 dispon\u00edvel para Android e iOS.<\/p>\n","protected":false},"excerpt":{"rendered":"<p>A Krautli Portugal aderiu \u00e0 transi\u00e7\u00e3o&#8230;<\/p>\n","protected":false},"author":15,"featured_media":66678,"comment_status":"closed","ping_status":"closed","sticky":false,"template":"","format":"standard","meta":{"footnotes":""},"categories":[29],"tags":[5363,5364,289,5362,282,89],"class_list":["post-66728","post","type-post","status-publish","format-standard","has-post-thumbnail","hentry","category-empresas","tag-carregador-de-veiculos","tag-chargestorm-connected-2","tag-ctek","tag-hibridos-plug-in","tag-krautli-portugal","tag-veiculos-eletricos"],"yoast_head":"<!-- This site is optimized with the Yoast SEO plugin v27.5 - https:\/\/yoast.com\/product\/yoast-seo-wordpress\/ -->\n<title>Primeiro carregador CC2 by Krautli e CTEK chega a Lisboa - Jornal das Oficinas<\/title>\n<meta name=\"description\" content=\"A Krautli Portugal aderiu \u00e0 transi\u00e7\u00e3o para os ve\u00edculos el\u00e9tricos (VE) e h\u00edbridos plug-in e alargou a sua parceria com a CTEK\" \/>\n<meta name=\"robots\" content=\"index, follow, max-snippet:-1, max-image-preview:large, max-video-preview:-1\" \/>\n<link rel=\"canonical\" href=\"https:\/\/jornaldasoficinas.com\/pt\/primeiro-carregador-cc2-by-krautli-e-ctek-chega-a-lisboa\/\" \/>\n<meta property=\"og:locale\" content=\"pt_PT\" \/>\n<meta property=\"og:type\" content=\"article\" \/>\n<meta property=\"og:title\" content=\"Primeiro carregador CC2 by Krautli e CTEK chega a Lisboa - Jornal das Oficinas\" \/>\n<meta property=\"og:description\" content=\"A Krautli Portugal aderiu \u00e0 transi\u00e7\u00e3o para os ve\u00edculos el\u00e9tricos (VE) e h\u00edbridos plug-in e alargou a sua parceria com a CTEK\" \/>\n<meta property=\"og:url\" content=\"https:\/\/jornaldasoficinas.com\/pt\/primeiro-carregador-cc2-by-krautli-e-ctek-chega-a-lisboa\/\" \/>\n<meta property=\"og:site_name\" content=\"Jornal das Oficinas\" \/>\n<meta property=\"article:publisher\" content=\"https:\/\/www.facebook.com\/jornaloficinas\" \/>\n<meta property=\"article:published_time\" content=\"2023-05-19T15:00:16+00:00\" \/>\n<meta property=\"og:image\" content=\"https:\/\/jornaldasoficinas.com\/pt\/wp-content\/uploads\/2023\/05\/Primeiro-carregador-CC2-by-Krautli-e-CTEK-chega-a-Lisboa-.png\" \/>\n\t<meta property=\"og:image:width\" content=\"1024\" \/>\n\t<meta property=\"og:image:height\" content=\"581\" \/>\n\t<meta property=\"og:image:type\" content=\"image\/png\" \/>\n<meta name=\"author\" content=\"Reda\u00e7\u00e3o JO\" \/>\n<meta name=\"twitter:card\" content=\"summary_large_image\" \/>\n<meta name=\"twitter:creator\" content=\"@jornaloficinas\" \/>\n<meta name=\"twitter:site\" content=\"@jornaloficinas\" \/>\n<meta name=\"twitter:label1\" content=\"Escrito por\" \/>\n\t<meta name=\"twitter:data1\" content=\"Reda\u00e7\u00e3o JO\" \/>\n\t<meta name=\"twitter:label2\" content=\"Tempo estimado de leitura\" \/>\n\t<meta name=\"twitter:data2\" content=\"2 minutos\" \/>\n<script type=\"application\/ld+json\" class=\"yoast-schema-graph\">{\"@context\":\"https:\\\/\\\/schema.org\",\"@graph\":[{\"@type\":\"Article\",\"@id\":\"https:\\\/\\\/jornaldasoficinas.com\\\/pt\\\/primeiro-carregador-cc2-by-krautli-e-ctek-chega-a-lisboa\\\/#article\",\"isPartOf\":{\"@id\":\"https:\\\/\\\/jornaldasoficinas.com\\\/pt\\\/primeiro-carregador-cc2-by-krautli-e-ctek-chega-a-lisboa\\\/\"},\"author\":{\"name\":\"Reda\u00e7\u00e3o JO\",\"@id\":\"https:\\\/\\\/jornaldasoficinas.com\\\/pt\\\/#\\\/schema\\\/person\\\/a38eef5de2c41d9e7c9ac10141afddf3\"},\"headline\":\"Primeiro carregador CC2 by Krautli e CTEK chega a Lisboa\",\"datePublished\":\"2023-05-19T15:00:16+00:00\",\"mainEntityOfPage\":{\"@id\":\"https:\\\/\\\/jornaldasoficinas.com\\\/pt\\\/primeiro-carregador-cc2-by-krautli-e-ctek-chega-a-lisboa\\\/\"},\"wordCount\":355,\"publisher\":{\"@id\":\"https:\\\/\\\/jornaldasoficinas.com\\\/pt\\\/#organization\"},\"image\":{\"@id\":\"https:\\\/\\\/jornaldasoficinas.com\\\/pt\\\/primeiro-carregador-cc2-by-krautli-e-ctek-chega-a-lisboa\\\/#primaryimage\"},\"thumbnailUrl\":\"https:\\\/\\\/jornaldasoficinas.com\\\/pt\\\/wp-content\\\/uploads\\\/2023\\\/05\\\/Primeiro-carregador-CC2-by-Krautli-e-CTEK-chega-a-Lisboa-.png\",\"keywords\":[\"carregador de ve\u00edculos\",\"CHARGESTORM CONNECTED 2\",\"CTEK\",\"h\u00edbridos plug-in\",\"KRAUTLI Portugal\",\"Ve\u00edculos el\u00e9tricos\"],\"articleSection\":[\"Empresas\"],\"inLanguage\":\"pt-PT\"},{\"@type\":\"WebPage\",\"@id\":\"https:\\\/\\\/jornaldasoficinas.com\\\/pt\\\/primeiro-carregador-cc2-by-krautli-e-ctek-chega-a-lisboa\\\/\",\"url\":\"https:\\\/\\\/jornaldasoficinas.com\\\/pt\\\/primeiro-carregador-cc2-by-krautli-e-ctek-chega-a-lisboa\\\/\",\"name\":\"Primeiro carregador CC2 by Krautli e CTEK chega a Lisboa - Jornal das Oficinas\",\"isPartOf\":{\"@id\":\"https:\\\/\\\/jornaldasoficinas.com\\\/pt\\\/#website\"},\"primaryImageOfPage\":{\"@id\":\"https:\\\/\\\/jornaldasoficinas.com\\\/pt\\\/primeiro-carregador-cc2-by-krautli-e-ctek-chega-a-lisboa\\\/#primaryimage\"},\"image\":{\"@id\":\"https:\\\/\\\/jornaldasoficinas.com\\\/pt\\\/primeiro-carregador-cc2-by-krautli-e-ctek-chega-a-lisboa\\\/#primaryimage\"},\"thumbnailUrl\":\"https:\\\/\\\/jornaldasoficinas.com\\\/pt\\\/wp-content\\\/uploads\\\/2023\\\/05\\\/Primeiro-carregador-CC2-by-Krautli-e-CTEK-chega-a-Lisboa-.png\",\"datePublished\":\"2023-05-19T15:00:16+00:00\",\"description\":\"A Krautli Portugal aderiu \u00e0 transi\u00e7\u00e3o para os ve\u00edculos el\u00e9tricos (VE) e h\u00edbridos plug-in e alargou a sua parceria com a CTEK\",\"breadcrumb\":{\"@id\":\"https:\\\/\\\/jornaldasoficinas.com\\\/pt\\\/primeiro-carregador-cc2-by-krautli-e-ctek-chega-a-lisboa\\\/#breadcrumb\"},\"inLanguage\":\"pt-PT\",\"potentialAction\":[{\"@type\":\"ReadAction\",\"target\":[\"https:\\\/\\\/jornaldasoficinas.com\\\/pt\\\/primeiro-carregador-cc2-by-krautli-e-ctek-chega-a-lisboa\\\/\"]}]},{\"@type\":\"ImageObject\",\"inLanguage\":\"pt-PT\",\"@id\":\"https:\\\/\\\/jornaldasoficinas.com\\\/pt\\\/primeiro-carregador-cc2-by-krautli-e-ctek-chega-a-lisboa\\\/#primaryimage\",\"url\":\"https:\\\/\\\/jornaldasoficinas.com\\\/pt\\\/wp-content\\\/uploads\\\/2023\\\/05\\\/Primeiro-carregador-CC2-by-Krautli-e-CTEK-chega-a-Lisboa-.png\",\"contentUrl\":\"https:\\\/\\\/jornaldasoficinas.com\\\/pt\\\/wp-content\\\/uploads\\\/2023\\\/05\\\/Primeiro-carregador-CC2-by-Krautli-e-CTEK-chega-a-Lisboa-.png\",\"width\":1024,\"height\":581,\"caption\":\"05 - Primeiro carregador CC2 by Krautli e CTEK chega a Lisboa\"},{\"@type\":\"BreadcrumbList\",\"@id\":\"https:\\\/\\\/jornaldasoficinas.com\\\/pt\\\/primeiro-carregador-cc2-by-krautli-e-ctek-chega-a-lisboa\\\/#breadcrumb\",\"itemListElement\":[{\"@type\":\"ListItem\",\"position\":1,\"name\":\"In\u00edcio\",\"item\":\"https:\\\/\\\/jornaldasoficinas.com\\\/pt\\\/\"},{\"@type\":\"ListItem\",\"position\":2,\"name\":\"Primeiro carregador CC2 by Krautli e CTEK chega a Lisboa\"}]},{\"@type\":\"WebSite\",\"@id\":\"https:\\\/\\\/jornaldasoficinas.com\\\/pt\\\/#website\",\"url\":\"https:\\\/\\\/jornaldasoficinas.com\\\/pt\\\/\",\"name\":\"Jornal das Oficinas\",\"description\":\"Jornal independente do Aftermarket Autom\u00f3vel em Portugal\",\"publisher\":{\"@id\":\"https:\\\/\\\/jornaldasoficinas.com\\\/pt\\\/#organization\"},\"potentialAction\":[{\"@type\":\"SearchAction\",\"target\":{\"@type\":\"EntryPoint\",\"urlTemplate\":\"https:\\\/\\\/jornaldasoficinas.com\\\/pt\\\/?s={search_term_string}\"},\"query-input\":{\"@type\":\"PropertyValueSpecification\",\"valueRequired\":true,\"valueName\":\"search_term_string\"}}],\"inLanguage\":\"pt-PT\"},{\"@type\":\"Organization\",\"@id\":\"https:\\\/\\\/jornaldasoficinas.com\\\/pt\\\/#organization\",\"name\":\"Jornal das Oficinas\",\"url\":\"https:\\\/\\\/jornaldasoficinas.com\\\/pt\\\/\",\"logo\":{\"@type\":\"ImageObject\",\"inLanguage\":\"pt-PT\",\"@id\":\"https:\\\/\\\/jornaldasoficinas.com\\\/pt\\\/#\\\/schema\\\/logo\\\/image\\\/\",\"url\":\"https:\\\/\\\/jornaldasoficinas.com\\\/pt\\\/wp-content\\\/uploads\\\/logoJO-SEO.png\",\"contentUrl\":\"https:\\\/\\\/jornaldasoficinas.com\\\/pt\\\/wp-content\\\/uploads\\\/logoJO-SEO.png\",\"width\":285,\"height\":450,\"caption\":\"Jornal das Oficinas\"},\"image\":{\"@id\":\"https:\\\/\\\/jornaldasoficinas.com\\\/pt\\\/#\\\/schema\\\/logo\\\/image\\\/\"},\"sameAs\":[\"https:\\\/\\\/www.facebook.com\\\/jornaloficinas\",\"https:\\\/\\\/x.com\\\/jornaloficinas\",\"https:\\\/\\\/www.instagram.com\\\/jornal_oficinas\\\/\",\"https:\\\/\\\/www.linkedin.com\\\/company\\\/jornal-das-oficinas\\\/\",\"https:\\\/\\\/www.youtube.com\\\/channel\\\/UCbQZBqtcvV-oSQrr7RzINGg\"]},{\"@type\":\"Person\",\"@id\":\"https:\\\/\\\/jornaldasoficinas.com\\\/pt\\\/#\\\/schema\\\/person\\\/a38eef5de2c41d9e7c9ac10141afddf3\",\"name\":\"Reda\u00e7\u00e3o JO\",\"image\":{\"@type\":\"ImageObject\",\"inLanguage\":\"pt-PT\",\"@id\":\"https:\\\/\\\/secure.gravatar.com\\\/avatar\\\/71f2fa71737ad68a84fea94bc708ddac8ea5b0c4788dc2ad202f3ccb2887742f?s=96&d=wp_user_avatar&r=g\",\"url\":\"https:\\\/\\\/secure.gravatar.com\\\/avatar\\\/71f2fa71737ad68a84fea94bc708ddac8ea5b0c4788dc2ad202f3ccb2887742f?s=96&d=wp_user_avatar&r=g\",\"contentUrl\":\"https:\\\/\\\/secure.gravatar.com\\\/avatar\\\/71f2fa71737ad68a84fea94bc708ddac8ea5b0c4788dc2ad202f3ccb2887742f?s=96&d=wp_user_avatar&r=g\",\"caption\":\"Reda\u00e7\u00e3o JO\"},\"url\":\"https:\\\/\\\/jornaldasoficinas.com\\\/pt\\\/author\\\/joredacao\\\/\"}]}<\/script>\n<!-- \/ Yoast SEO plugin. -->","yoast_head_json":{"title":"Primeiro carregador CC2 by Krautli e CTEK chega a Lisboa - Jornal das Oficinas","description":"A Krautli Portugal aderiu \u00e0 transi\u00e7\u00e3o para os ve\u00edculos el\u00e9tricos (VE) e h\u00edbridos plug-in e alargou a sua parceria com a CTEK","robots":{"index":"index","follow":"follow","max-snippet":"max-snippet:-1","max-image-preview":"max-image-preview:large","max-video-preview":"max-video-preview:-1"},"canonical":"https:\/\/jornaldasoficinas.com\/pt\/primeiro-carregador-cc2-by-krautli-e-ctek-chega-a-lisboa\/","og_locale":"pt_PT","og_type":"article","og_title":"Primeiro carregador CC2 by Krautli e CTEK chega a Lisboa - Jornal das Oficinas","og_description":"A Krautli Portugal aderiu \u00e0 transi\u00e7\u00e3o para os ve\u00edculos el\u00e9tricos (VE) e h\u00edbridos plug-in e alargou a sua parceria com a CTEK","og_url":"https:\/\/jornaldasoficinas.com\/pt\/primeiro-carregador-cc2-by-krautli-e-ctek-chega-a-lisboa\/","og_site_name":"Jornal das Oficinas","article_publisher":"https:\/\/www.facebook.com\/jornaloficinas","article_published_time":"2023-05-19T15:00:16+00:00","og_image":[{"width":1024,"height":581,"url":"https:\/\/jornaldasoficinas.com\/pt\/wp-content\/uploads\/2023\/05\/Primeiro-carregador-CC2-by-Krautli-e-CTEK-chega-a-Lisboa-.png","type":"image\/png"}],"author":"Reda\u00e7\u00e3o JO","twitter_card":"summary_large_image","twitter_creator":"@jornaloficinas","twitter_site":"@jornaloficinas","twitter_misc":{"Escrito por":"Reda\u00e7\u00e3o JO","Tempo estimado de leitura":"2 minutos"},"schema":{"@context":"https:\/\/schema.org","@graph":[{"@type":"Article","@id":"https:\/\/jornaldasoficinas.com\/pt\/primeiro-carregador-cc2-by-krautli-e-ctek-chega-a-lisboa\/#article","isPartOf":{"@id":"https:\/\/jornaldasoficinas.com\/pt\/primeiro-carregador-cc2-by-krautli-e-ctek-chega-a-lisboa\/"},"author":{"name":"Reda\u00e7\u00e3o JO","@id":"https:\/\/jornaldasoficinas.com\/pt\/#\/schema\/person\/a38eef5de2c41d9e7c9ac10141afddf3"},"headline":"Primeiro carregador CC2 by Krautli e CTEK chega a Lisboa","datePublished":"2023-05-19T15:00:16+00:00","mainEntityOfPage":{"@id":"https:\/\/jornaldasoficinas.com\/pt\/primeiro-carregador-cc2-by-krautli-e-ctek-chega-a-lisboa\/"},"wordCount":355,"publisher":{"@id":"https:\/\/jornaldasoficinas.com\/pt\/#organization"},"image":{"@id":"https:\/\/jornaldasoficinas.com\/pt\/primeiro-carregador-cc2-by-krautli-e-ctek-chega-a-lisboa\/#primaryimage"},"thumbnailUrl":"https:\/\/jornaldasoficinas.com\/pt\/wp-content\/uploads\/2023\/05\/Primeiro-carregador-CC2-by-Krautli-e-CTEK-chega-a-Lisboa-.png","keywords":["carregador de ve\u00edculos","CHARGESTORM CONNECTED 2","CTEK","h\u00edbridos plug-in","KRAUTLI Portugal","Ve\u00edculos el\u00e9tricos"],"articleSection":["Empresas"],"inLanguage":"pt-PT"},{"@type":"WebPage","@id":"https:\/\/jornaldasoficinas.com\/pt\/primeiro-carregador-cc2-by-krautli-e-ctek-chega-a-lisboa\/","url":"https:\/\/jornaldasoficinas.com\/pt\/primeiro-carregador-cc2-by-krautli-e-ctek-chega-a-lisboa\/","name":"Primeiro carregador CC2 by Krautli e CTEK chega a Lisboa - Jornal das Oficinas","isPartOf":{"@id":"https:\/\/jornaldasoficinas.com\/pt\/#website"},"primaryImageOfPage":{"@id":"https:\/\/jornaldasoficinas.com\/pt\/primeiro-carregador-cc2-by-krautli-e-ctek-chega-a-lisboa\/#primaryimage"},"image":{"@id":"https:\/\/jornaldasoficinas.com\/pt\/primeiro-carregador-cc2-by-krautli-e-ctek-chega-a-lisboa\/#primaryimage"},"thumbnailUrl":"https:\/\/jornaldasoficinas.com\/pt\/wp-content\/uploads\/2023\/05\/Primeiro-carregador-CC2-by-Krautli-e-CTEK-chega-a-Lisboa-.png","datePublished":"2023-05-19T15:00:16+00:00","description":"A Krautli Portugal aderiu \u00e0 transi\u00e7\u00e3o para os ve\u00edculos el\u00e9tricos (VE) e h\u00edbridos plug-in e alargou a sua parceria com a CTEK","breadcrumb":{"@id":"https:\/\/jornaldasoficinas.com\/pt\/primeiro-carregador-cc2-by-krautli-e-ctek-chega-a-lisboa\/#breadcrumb"},"inLanguage":"pt-PT","potentialAction":[{"@type":"ReadAction","target":["https:\/\/jornaldasoficinas.com\/pt\/primeiro-carregador-cc2-by-krautli-e-ctek-chega-a-lisboa\/"]}]},{"@type":"ImageObject","inLanguage":"pt-PT","@id":"https:\/\/jornaldasoficinas.com\/pt\/primeiro-carregador-cc2-by-krautli-e-ctek-chega-a-lisboa\/#primaryimage","url":"https:\/\/jornaldasoficinas.com\/pt\/wp-content\/uploads\/2023\/05\/Primeiro-carregador-CC2-by-Krautli-e-CTEK-chega-a-Lisboa-.png","contentUrl":"https:\/\/jornaldasoficinas.com\/pt\/wp-content\/uploads\/2023\/05\/Primeiro-carregador-CC2-by-Krautli-e-CTEK-chega-a-Lisboa-.png","width":1024,"height":581,"caption":"05 - Primeiro carregador CC2 by Krautli e CTEK chega a Lisboa"},{"@type":"BreadcrumbList","@id":"https:\/\/jornaldasoficinas.com\/pt\/primeiro-carregador-cc2-by-krautli-e-ctek-chega-a-lisboa\/#breadcrumb","itemListElement":[{"@type":"ListItem","position":1,"name":"In\u00edcio","item":"https:\/\/jornaldasoficinas.com\/pt\/"},{"@type":"ListItem","position":2,"name":"Primeiro carregador CC2 by Krautli e CTEK chega a Lisboa"}]},{"@type":"WebSite","@id":"https:\/\/jornaldasoficinas.com\/pt\/#website","url":"https:\/\/jornaldasoficinas.com\/pt\/","name":"Jornal das Oficinas","description":"Jornal independente do Aftermarket Autom\u00f3vel em Portugal","publisher":{"@id":"https:\/\/jornaldasoficinas.com\/pt\/#organization"},"potentialAction":[{"@type":"SearchAction","target":{"@type":"EntryPoint","urlTemplate":"https:\/\/jornaldasoficinas.com\/pt\/?s={search_term_string}"},"query-input":{"@type":"PropertyValueSpecification","valueRequired":true,"valueName":"search_term_string"}}],"inLanguage":"pt-PT"},{"@type":"Organization","@id":"https:\/\/jornaldasoficinas.com\/pt\/#organization","name":"Jornal das Oficinas","url":"https:\/\/jornaldasoficinas.com\/pt\/","logo":{"@type":"ImageObject","inLanguage":"pt-PT","@id":"https:\/\/jornaldasoficinas.com\/pt\/#\/schema\/logo\/image\/","url":"https:\/\/jornaldasoficinas.com\/pt\/wp-content\/uploads\/logoJO-SEO.png","contentUrl":"https:\/\/jornaldasoficinas.com\/pt\/wp-content\/uploads\/logoJO-SEO.png","width":285,"height":450,"caption":"Jornal das Oficinas"},"image":{"@id":"https:\/\/jornaldasoficinas.com\/pt\/#\/schema\/logo\/image\/"},"sameAs":["https:\/\/www.facebook.com\/jornaloficinas","https:\/\/x.com\/jornaloficinas","https:\/\/www.instagram.com\/jornal_oficinas\/","https:\/\/www.linkedin.com\/company\/jornal-das-oficinas\/","https:\/\/www.youtube.com\/channel\/UCbQZBqtcvV-oSQrr7RzINGg"]},{"@type":"Person","@id":"https:\/\/jornaldasoficinas.com\/pt\/#\/schema\/person\/a38eef5de2c41d9e7c9ac10141afddf3","name":"Reda\u00e7\u00e3o JO","image":{"@type":"ImageObject","inLanguage":"pt-PT","@id":"https:\/\/secure.gravatar.com\/avatar\/71f2fa71737ad68a84fea94bc708ddac8ea5b0c4788dc2ad202f3ccb2887742f?s=96&d=wp_user_avatar&r=g","url":"https:\/\/secure.gravatar.com\/avatar\/71f2fa71737ad68a84fea94bc708ddac8ea5b0c4788dc2ad202f3ccb2887742f?s=96&d=wp_user_avatar&r=g","contentUrl":"https:\/\/secure.gravatar.com\/avatar\/71f2fa71737ad68a84fea94bc708ddac8ea5b0c4788dc2ad202f3ccb2887742f?s=96&d=wp_user_avatar&r=g","caption":"Reda\u00e7\u00e3o JO"},"url":"https:\/\/jornaldasoficinas.com\/pt\/author\/joredacao\/"}]}},"_links":{"self":[{"href":"https:\/\/jornaldasoficinas.com\/pt\/wp-json\/wp\/v2\/posts\/66728","targetHints":{"allow":["GET"]}}],"collection":[{"href":"https:\/\/jornaldasoficinas.com\/pt\/wp-json\/wp\/v2\/posts"}],"about":[{"href":"https:\/\/jornaldasoficinas.com\/pt\/wp-json\/wp\/v2\/types\/post"}],"author":[{"embeddable":true,"href":"https:\/\/jornaldasoficinas.com\/pt\/wp-json\/wp\/v2\/users\/15"}],"replies":[{"embeddable":true,"href":"https:\/\/jornaldasoficinas.com\/pt\/wp-json\/wp\/v2\/comments?post=66728"}],"version-history":[{"count":0,"href":"https:\/\/jornaldasoficinas.com\/pt\/wp-json\/wp\/v2\/posts\/66728\/revisions"}],"wp:featuredmedia":[{"embeddable":true,"href":"https:\/\/jornaldasoficinas.com\/pt\/wp-json\/wp\/v2\/media\/66678"}],"wp:attachment":[{"href":"https:\/\/jornaldasoficinas.com\/pt\/wp-json\/wp\/v2\/media?parent=66728"}],"wp:term":[{"taxonomy":"category","embeddable":true,"href":"https:\/\/jornaldasoficinas.com\/pt\/wp-json\/wp\/v2\/categories?post=66728"},{"taxonomy":"post_tag","embeddable":true,"href":"https:\/\/jornaldasoficinas.com\/pt\/wp-json\/wp\/v2\/tags?post=66728"}],"curies":[{"name":"wp","href":"https:\/\/api.w.org\/{rel}","templated":true}]}}