{"id":66804,"date":"2023-05-21T21:00:21","date_gmt":"2023-05-21T20:00:21","guid":{"rendered":"https:\/\/jornaldasoficinas.com\/pt\/?p=66804"},"modified":"2023-05-26T15:44:58","modified_gmt":"2023-05-26T14:44:58","slug":"auto-pecas-pt-celebra-25o-aniversario","status":"publish","type":"post","link":"https:\/\/jornaldasoficinas.com\/pt\/auto-pecas-pt-celebra-25o-aniversario\/","title":{"rendered":"Auto Pe\u00e7as.pt celebra 25\u00ba Anivers\u00e1rio"},"content":{"rendered":"<p><img loading=\"lazy\" decoding=\"async\" class=\"alignnone size-full wp-image-66805\" src=\"https:\/\/jornaldasoficinas.com\/pt\/wp-content\/uploads\/2023\/05\/Auto-Pecas.pt-celebra-25o-Aniversario.jpeg\" alt=\"05 - Auto Pecas.pt celebra 25o Aniversario\" width=\"1024\" height=\"581\" srcset=\"https:\/\/jornaldasoficinas.com\/pt\/wp-content\/uploads\/2023\/05\/Auto-Pecas.pt-celebra-25o-Aniversario.jpeg 1024w, https:\/\/jornaldasoficinas.com\/pt\/wp-content\/uploads\/2023\/05\/Auto-Pecas.pt-celebra-25o-Aniversario-300x170.jpeg 300w, https:\/\/jornaldasoficinas.com\/pt\/wp-content\/uploads\/2023\/05\/Auto-Pecas.pt-celebra-25o-Aniversario-150x85.jpeg 150w, https:\/\/jornaldasoficinas.com\/pt\/wp-content\/uploads\/2023\/05\/Auto-Pecas.pt-celebra-25o-Aniversario-768x436.jpeg 768w\" sizes=\"auto, (max-width: 1024px) 100vw, 1024px\" \/><\/p>\n<p><strong><a href=\"https:\/\/autopecas.pt\/\" target=\"_blank\" rel=\"noopener\">Auto Pe\u00e7as.pt<\/a> celebrou no passado dia 20 de maio, o 25\u00ba Anivers\u00e1rio, junto de clientes, fornecedores, colaboradores e amigos. A ocasi\u00e3o foi aproveitada para apresentar a rede de oficinas <a href=\"https:\/\/www.oficinasmooving.com\/\" target=\"_blank\" rel=\"noopener\">Mooving<\/a> e as primeiras oficinas aderentes a este novo conceito oficinal<\/strong><\/p>\n<p>Ne celebra\u00e7\u00e3o dos 25 anos, a Auto Pe\u00e7as.pt apresenta-se como um distribuidor de vanguarda, inovador e com uma imagem diferenciadora. Um percurso que se tem destacado pelo profissionalismo, dedica\u00e7\u00e3o e flexibilidade de um neg\u00f3cio potenciado de pessoas para pessoas, onde claramente o know-how de Jorge Martins, fundador e atual gerente, marca pontos.<\/p>\n<p>Em 2017 a Auto Pe\u00e7as.pt integra o grupo <a href=\"https:\/\/laranja2016.wixsite.com\/trustconstrucao\/\" target=\"_blank\" rel=\"noopener\">TRUSTAUTO<\/a>, sendo um dos membros fundadores. Com este passo, a estrat\u00e9gia passa por dinamizar o canal oficinal \u201cQueremos estar mais pr\u00f3ximos dos nossos clientes (oficinas), com op\u00e7\u00f5es competitivas e diferenciadoras, oferecendo meios efetivamente \u00fateis \u00e0 repara\u00e7\u00e3o, enquadrados num conceito de grupo forte e consistente no seu conceito. Por essa raz\u00e3o associamo-nos \u00e0 TRUSTAUTO, que trouxe mais valias para o nosso neg\u00f3cio\u201d, diz Jorge Martins.<\/p>\n<div data-mode=\"normal\" data-oembed=\"1\" data-provider=\"youtube\" id=\"arve-youtube-khe8ckjrqpu\" style=\"max-width:800px;\" class=\"arve\">\n<div class=\"arve-inner\">\n<div class=\"arve-embed arve-embed--has-aspect-ratio\">\n<div class=\"arve-ar\" style=\"padding-top:56.250000%\"><\/div>\n<p>\t\t\t<iframe allow=\"accelerometer &apos;none&apos;;autoplay &apos;none&apos;;bluetooth &apos;none&apos;;browsing-topics &apos;none&apos;;camera &apos;none&apos;;clipboard-read &apos;none&apos;;clipboard-write;display-capture &apos;none&apos;;encrypted-media &apos;none&apos;;gamepad &apos;none&apos;;geolocation &apos;none&apos;;gyroscope &apos;none&apos;;hid &apos;none&apos;;identity-credentials-get &apos;none&apos;;idle-detection &apos;none&apos;;keyboard-map &apos;none&apos;;local-fonts;magnetometer &apos;none&apos;;microphone &apos;none&apos;;midi &apos;none&apos;;otp-credentials &apos;none&apos;;payment &apos;none&apos;;picture-in-picture;publickey-credentials-create &apos;none&apos;;publickey-credentials-get &apos;none&apos;;screen-wake-lock &apos;none&apos;;serial &apos;none&apos;;summarizer &apos;none&apos;;sync-xhr;usb &apos;none&apos;;web-share;window-management &apos;none&apos;;xr-spatial-tracking &apos;none&apos;;\" allowfullscreen=\"\" class=\"arve-iframe fitvidsignore\" credentialless data-arve=\"arve-youtube-khe8ckjrqpu\" data-lenis-prevent=\"\" data-src-no-ap=\"https:\/\/www.youtube-nocookie.com\/embed\/KHe8ckjRQPU?feature=oembed&amp;iv_load_policy=3&amp;modestbranding=1&amp;rel=0&amp;autohide=1&amp;playsinline=0&amp;autoplay=0\" frameborder=\"0\" height=\"450\" loading=\"lazy\" name=\"\" referrerpolicy=\"strict-origin-when-cross-origin\" sandbox=\"allow-scripts allow-same-origin allow-presentation allow-popups allow-popups-to-escape-sandbox\" scrolling=\"no\" src=\"https:\/\/www.youtube-nocookie.com\/embed\/KHe8ckjRQPU?feature=oembed&#038;iv_load_policy=3&#038;modestbranding=1&#038;rel=0&#038;autohide=1&#038;playsinline=0&#038;autoplay=0\" title=\"\" width=\"800\"><\/iframe><\/p><\/div>\n<\/p><\/div>\n<p>\t<script type=\"application\/ld+json\">{\"@context\":\"http:\\\/\\\/schema.org\\\/\",\"@id\":\"https:\\\/\\\/jornaldasoficinas.com\\\/pt\\\/auto-pecas-pt-celebra-25o-aniversario\\\/#arve-youtube-khe8ckjrqpu\",\"type\":\"VideoObject\",\"embedURL\":\"https:\\\/\\\/www.youtube-nocookie.com\\\/embed\\\/KHe8ckjRQPU?feature=oembed&iv_load_policy=3&modestbranding=1&rel=0&autohide=1&playsinline=0&autoplay=0\"}<\/script><\/p>\n<\/div>\n<p>A integra\u00e7\u00e3o no grupo TRUSTAUTO trouxe v\u00e1rios benef\u00edcios para a empresa de Jorge Martins, nomeadamente no aumento da margem, pois beneficia das vantagens que um grupo de retalho tem na aquisi\u00e7\u00e3o de pe\u00e7as, na diversifica\u00e7\u00e3o do portf\u00f3lio de produtos com marcas premium e na oferta de mais valor aos seus clientes oficina. Atualmente, o Grupo TRUSTAUTO disp\u00f5e de 40 pontos de venda, mais de 200 profissionais, 4 armaz\u00e9ns centrais com mais de 6.000 m2, 150 mec\u00e2nicos com forma\u00e7\u00e3o TRUST e uma fatura\u00e7\u00e3o de 30 milh\u00f5es de euros.<\/p>\n<p><strong>Stock e entregas r\u00e1pidas s\u00e3o fundamentais<br \/>\n<\/strong>A Auto Pe\u00e7as.pt tem sempre dispon\u00edvel um stock alargado de pe\u00e7as que, juntamente com uma log\u00edstica de entregas r\u00e1pidas, permite dar uma resposta imediata a todos os pedidos dos clientes. \u201cHoje \u00e9 fundamental ter stock e fazer entregas r\u00e1pidas. Dispomos de carrinhas pr\u00f3prias e motos que garantem quatro entregas de manh\u00e3 e outras quatro \u00e0 tarde. O cliente praticamente recebe material de meia em meia hora. Estamos a falar de uma zona que abrange Aveiro, \u00c1gueda, Oliveira do bairro e mais recentemente Mira e Cantanhede\u201d, sublinha Jorge Martins. Apesar do alargamento da zona abrangida pelas entregas, este respons\u00e1vel n\u00e3o equaciona a abertura de outras lojas pois considera que o futuro da log\u00edstica passa por dispor de um grande armaz\u00e9m e a partir da\u00ed distribuir para todo o pa\u00eds.<\/p>\n<p>Com a perspetiva de garantir os alicerces necess\u00e1rios aos desafios que o mercado apresenta no presente e trar\u00e1 no futuro, a Auto Pe\u00e7as.pt tem refor\u00e7ado o portf\u00f3lio de marcas, a n\u00edvel de pe\u00e7as e equipamentos. Para al\u00e9m das marcas premium, disp\u00f5e da marca pr\u00f3pria TRUST, que tem a chancela dos fabricantes nos seus produtos. \u201cNo caso das baterias, vem indicado na pr\u00f3pria embalagem a origem Exide, o que confirma tratar-se de uma bateria com qualidade. A gama de produtos com a marca pr\u00f3pria TRUST n\u00e3o para de crescer e a sua aceita\u00e7\u00e3o tem superado as nossas expetativas.\u201d, refere Jorge Martins.\u00a0 A Auto Pe\u00e7as.pt tamb\u00e9m comercializa equipamentos, com destaque para as marcas de diagn\u00f3stico Hella Gutmann, Autel e Texa. Os pneus tamb\u00e9m fazem parte do portf\u00f3lio e atrav\u00e9s da webshop o cliente tem acesso a uma rede de distribui\u00e7\u00e3o de pneus que lhe garante entrega imediata.<\/p>\n<p>O evento contou ainda com uma forma\u00e7\u00e3o da Autel para os respons\u00e1veis de oficinas e a presen\u00e7a de diversos fabricantes, designadamente a <a href=\"https:\/\/www.motul.com\/es\/pt\" target=\"_blank\" rel=\"noopener\">Motul<\/a>, <a href=\"https:\/\/www.schaeffler.es\/pt\/\" target=\"_blank\" rel=\"noopener\">Schaeffler<\/a>, <a href=\"https:\/\/www.hella.com\/partnerworld\/pt\/\" target=\"_blank\" rel=\"noopener\">Hella Gutmann<\/a>, <a href=\"https:\/\/www.skf.com\/pt\" target=\"_blank\" rel=\"noopener\">SKF<\/a>, <a href=\"https:\/\/www.bilsteingroup.com\/pt\/\" target=\"_blank\" rel=\"noopener\">bilstein group<\/a> e <a href=\"https:\/\/www.trwaftermarket.com\/pt\/\" target=\"_blank\" rel=\"noopener\">TWR<\/a>. Para este ano, as expetativas s\u00e3o elevadas, Jorge Martins pretende superar os 4,2 milh\u00f5es de euros de fatura\u00e7\u00e3o, e apresentar novas solu\u00e7\u00f5es na \u00e1rea da distribui\u00e7\u00e3o.<\/p>\n","protected":false},"excerpt":{"rendered":"<p>Auto Pe\u00e7as.pt celebrou no passado dia&#8230;<\/p>\n","protected":false},"author":15,"featured_media":66805,"comment_status":"closed","ping_status":"closed","sticky":false,"template":"","format":"standard","meta":{"footnotes":""},"categories":[29],"tags":[5378,5377,5376,2866,5380,5379,2417],"class_list":["post-66804","post","type-post","status-publish","format-standard","has-post-thumbnail","hentry","category-empresas","tag-20-de-maio","tag-25o-aniversario","tag-auto-pecas-pt","tag-mooving","tag-novo-conceito-oficinal","tag-trust","tag-trustauto"],"yoast_head":"<!-- This site is optimized with the Yoast SEO plugin v27.5 - https:\/\/yoast.com\/product\/yoast-seo-wordpress\/ -->\n<title>Auto Pe\u00e7as.pt celebra 25\u00ba Anivers\u00e1rio - Jornal das Oficinas<\/title>\n<meta name=\"description\" content=\"Auto Pe\u00e7as.pt celebrou no passado dia 20 de maio, o 25\u00ba Anivers\u00e1rio, junto de clientes, fornecedores, colaboradores e amigos\" \/>\n<meta name=\"robots\" content=\"index, follow, max-snippet:-1, max-image-preview:large, max-video-preview:-1\" \/>\n<link rel=\"canonical\" href=\"https:\/\/jornaldasoficinas.com\/pt\/auto-pecas-pt-celebra-25o-aniversario\/\" \/>\n<meta property=\"og:locale\" content=\"pt_PT\" \/>\n<meta property=\"og:type\" content=\"article\" \/>\n<meta property=\"og:title\" content=\"Auto Pe\u00e7as.pt celebra 25\u00ba Anivers\u00e1rio - Jornal das Oficinas\" \/>\n<meta property=\"og:description\" content=\"Auto Pe\u00e7as.pt celebrou no passado dia 20 de maio, o 25\u00ba Anivers\u00e1rio, junto de clientes, fornecedores, colaboradores e amigos\" \/>\n<meta property=\"og:url\" content=\"https:\/\/jornaldasoficinas.com\/pt\/auto-pecas-pt-celebra-25o-aniversario\/\" \/>\n<meta property=\"og:site_name\" content=\"Jornal das Oficinas\" \/>\n<meta property=\"article:publisher\" content=\"https:\/\/www.facebook.com\/jornaloficinas\" \/>\n<meta property=\"article:published_time\" content=\"2023-05-21T20:00:21+00:00\" \/>\n<meta property=\"article:modified_time\" content=\"2023-05-26T14:44:58+00:00\" \/>\n<meta property=\"og:image\" content=\"https:\/\/jornaldasoficinas.com\/pt\/wp-content\/uploads\/2023\/05\/Auto-Pecas.pt-celebra-25o-Aniversario.jpeg\" \/>\n\t<meta property=\"og:image:width\" content=\"1024\" \/>\n\t<meta property=\"og:image:height\" content=\"581\" \/>\n\t<meta property=\"og:image:type\" content=\"image\/jpeg\" \/>\n<meta name=\"author\" content=\"Reda\u00e7\u00e3o JO\" \/>\n<meta name=\"twitter:card\" content=\"summary_large_image\" \/>\n<meta name=\"twitter:creator\" content=\"@jornaloficinas\" \/>\n<meta name=\"twitter:site\" content=\"@jornaloficinas\" \/>\n<meta name=\"twitter:label1\" content=\"Escrito por\" \/>\n\t<meta name=\"twitter:data1\" content=\"Reda\u00e7\u00e3o JO\" \/>\n\t<meta name=\"twitter:label2\" content=\"Tempo estimado de leitura\" \/>\n\t<meta name=\"twitter:data2\" content=\"3 minutos\" \/>\n<script type=\"application\/ld+json\" class=\"yoast-schema-graph\">{\"@context\":\"https:\\\/\\\/schema.org\",\"@graph\":[{\"@type\":\"Article\",\"@id\":\"https:\\\/\\\/jornaldasoficinas.com\\\/pt\\\/auto-pecas-pt-celebra-25o-aniversario\\\/#article\",\"isPartOf\":{\"@id\":\"https:\\\/\\\/jornaldasoficinas.com\\\/pt\\\/auto-pecas-pt-celebra-25o-aniversario\\\/\"},\"author\":{\"name\":\"Reda\u00e7\u00e3o JO\",\"@id\":\"https:\\\/\\\/jornaldasoficinas.com\\\/pt\\\/#\\\/schema\\\/person\\\/a38eef5de2c41d9e7c9ac10141afddf3\"},\"headline\":\"Auto Pe\u00e7as.pt celebra 25\u00ba Anivers\u00e1rio\",\"datePublished\":\"2023-05-21T20:00:21+00:00\",\"dateModified\":\"2023-05-26T14:44:58+00:00\",\"mainEntityOfPage\":{\"@id\":\"https:\\\/\\\/jornaldasoficinas.com\\\/pt\\\/auto-pecas-pt-celebra-25o-aniversario\\\/\"},\"wordCount\":662,\"publisher\":{\"@id\":\"https:\\\/\\\/jornaldasoficinas.com\\\/pt\\\/#organization\"},\"image\":{\"@id\":\"https:\\\/\\\/jornaldasoficinas.com\\\/pt\\\/auto-pecas-pt-celebra-25o-aniversario\\\/#primaryimage\"},\"thumbnailUrl\":\"https:\\\/\\\/jornaldasoficinas.com\\\/pt\\\/wp-content\\\/uploads\\\/2023\\\/05\\\/Auto-Pecas.pt-celebra-25o-Aniversario.jpeg\",\"keywords\":[\"20 de maio\",\"25\u00ba Anivers\u00e1rio\",\"Auto Pe\u00e7as.pt\",\"Mooving\",\"novo conceito oficinal\",\"TRUST\",\"Trustauto\"],\"articleSection\":[\"Empresas\"],\"inLanguage\":\"pt-PT\"},{\"@type\":\"WebPage\",\"@id\":\"https:\\\/\\\/jornaldasoficinas.com\\\/pt\\\/auto-pecas-pt-celebra-25o-aniversario\\\/\",\"url\":\"https:\\\/\\\/jornaldasoficinas.com\\\/pt\\\/auto-pecas-pt-celebra-25o-aniversario\\\/\",\"name\":\"Auto Pe\u00e7as.pt celebra 25\u00ba Anivers\u00e1rio - Jornal das Oficinas\",\"isPartOf\":{\"@id\":\"https:\\\/\\\/jornaldasoficinas.com\\\/pt\\\/#website\"},\"primaryImageOfPage\":{\"@id\":\"https:\\\/\\\/jornaldasoficinas.com\\\/pt\\\/auto-pecas-pt-celebra-25o-aniversario\\\/#primaryimage\"},\"image\":{\"@id\":\"https:\\\/\\\/jornaldasoficinas.com\\\/pt\\\/auto-pecas-pt-celebra-25o-aniversario\\\/#primaryimage\"},\"thumbnailUrl\":\"https:\\\/\\\/jornaldasoficinas.com\\\/pt\\\/wp-content\\\/uploads\\\/2023\\\/05\\\/Auto-Pecas.pt-celebra-25o-Aniversario.jpeg\",\"datePublished\":\"2023-05-21T20:00:21+00:00\",\"dateModified\":\"2023-05-26T14:44:58+00:00\",\"description\":\"Auto Pe\u00e7as.pt celebrou no passado dia 20 de maio, o 25\u00ba Anivers\u00e1rio, junto de clientes, fornecedores, colaboradores e amigos\",\"breadcrumb\":{\"@id\":\"https:\\\/\\\/jornaldasoficinas.com\\\/pt\\\/auto-pecas-pt-celebra-25o-aniversario\\\/#breadcrumb\"},\"inLanguage\":\"pt-PT\",\"potentialAction\":[{\"@type\":\"ReadAction\",\"target\":[\"https:\\\/\\\/jornaldasoficinas.com\\\/pt\\\/auto-pecas-pt-celebra-25o-aniversario\\\/\"]}]},{\"@type\":\"ImageObject\",\"inLanguage\":\"pt-PT\",\"@id\":\"https:\\\/\\\/jornaldasoficinas.com\\\/pt\\\/auto-pecas-pt-celebra-25o-aniversario\\\/#primaryimage\",\"url\":\"https:\\\/\\\/jornaldasoficinas.com\\\/pt\\\/wp-content\\\/uploads\\\/2023\\\/05\\\/Auto-Pecas.pt-celebra-25o-Aniversario.jpeg\",\"contentUrl\":\"https:\\\/\\\/jornaldasoficinas.com\\\/pt\\\/wp-content\\\/uploads\\\/2023\\\/05\\\/Auto-Pecas.pt-celebra-25o-Aniversario.jpeg\",\"width\":1024,\"height\":581,\"caption\":\"05 - Auto Pecas.pt celebra 25o Aniversario\"},{\"@type\":\"BreadcrumbList\",\"@id\":\"https:\\\/\\\/jornaldasoficinas.com\\\/pt\\\/auto-pecas-pt-celebra-25o-aniversario\\\/#breadcrumb\",\"itemListElement\":[{\"@type\":\"ListItem\",\"position\":1,\"name\":\"In\u00edcio\",\"item\":\"https:\\\/\\\/jornaldasoficinas.com\\\/pt\\\/\"},{\"@type\":\"ListItem\",\"position\":2,\"name\":\"Auto Pe\u00e7as.pt celebra 25\u00ba Anivers\u00e1rio\"}]},{\"@type\":\"WebSite\",\"@id\":\"https:\\\/\\\/jornaldasoficinas.com\\\/pt\\\/#website\",\"url\":\"https:\\\/\\\/jornaldasoficinas.com\\\/pt\\\/\",\"name\":\"Jornal das Oficinas\",\"description\":\"Jornal independente do Aftermarket Autom\u00f3vel em Portugal\",\"publisher\":{\"@id\":\"https:\\\/\\\/jornaldasoficinas.com\\\/pt\\\/#organization\"},\"potentialAction\":[{\"@type\":\"SearchAction\",\"target\":{\"@type\":\"EntryPoint\",\"urlTemplate\":\"https:\\\/\\\/jornaldasoficinas.com\\\/pt\\\/?s={search_term_string}\"},\"query-input\":{\"@type\":\"PropertyValueSpecification\",\"valueRequired\":true,\"valueName\":\"search_term_string\"}}],\"inLanguage\":\"pt-PT\"},{\"@type\":\"Organization\",\"@id\":\"https:\\\/\\\/jornaldasoficinas.com\\\/pt\\\/#organization\",\"name\":\"Jornal das Oficinas\",\"url\":\"https:\\\/\\\/jornaldasoficinas.com\\\/pt\\\/\",\"logo\":{\"@type\":\"ImageObject\",\"inLanguage\":\"pt-PT\",\"@id\":\"https:\\\/\\\/jornaldasoficinas.com\\\/pt\\\/#\\\/schema\\\/logo\\\/image\\\/\",\"url\":\"https:\\\/\\\/jornaldasoficinas.com\\\/pt\\\/wp-content\\\/uploads\\\/logoJO-SEO.png\",\"contentUrl\":\"https:\\\/\\\/jornaldasoficinas.com\\\/pt\\\/wp-content\\\/uploads\\\/logoJO-SEO.png\",\"width\":285,\"height\":450,\"caption\":\"Jornal das Oficinas\"},\"image\":{\"@id\":\"https:\\\/\\\/jornaldasoficinas.com\\\/pt\\\/#\\\/schema\\\/logo\\\/image\\\/\"},\"sameAs\":[\"https:\\\/\\\/www.facebook.com\\\/jornaloficinas\",\"https:\\\/\\\/x.com\\\/jornaloficinas\",\"https:\\\/\\\/www.instagram.com\\\/jornal_oficinas\\\/\",\"https:\\\/\\\/www.linkedin.com\\\/company\\\/jornal-das-oficinas\\\/\",\"https:\\\/\\\/www.youtube.com\\\/channel\\\/UCbQZBqtcvV-oSQrr7RzINGg\"]},{\"@type\":\"Person\",\"@id\":\"https:\\\/\\\/jornaldasoficinas.com\\\/pt\\\/#\\\/schema\\\/person\\\/a38eef5de2c41d9e7c9ac10141afddf3\",\"name\":\"Reda\u00e7\u00e3o JO\",\"image\":{\"@type\":\"ImageObject\",\"inLanguage\":\"pt-PT\",\"@id\":\"https:\\\/\\\/secure.gravatar.com\\\/avatar\\\/71f2fa71737ad68a84fea94bc708ddac8ea5b0c4788dc2ad202f3ccb2887742f?s=96&d=wp_user_avatar&r=g\",\"url\":\"https:\\\/\\\/secure.gravatar.com\\\/avatar\\\/71f2fa71737ad68a84fea94bc708ddac8ea5b0c4788dc2ad202f3ccb2887742f?s=96&d=wp_user_avatar&r=g\",\"contentUrl\":\"https:\\\/\\\/secure.gravatar.com\\\/avatar\\\/71f2fa71737ad68a84fea94bc708ddac8ea5b0c4788dc2ad202f3ccb2887742f?s=96&d=wp_user_avatar&r=g\",\"caption\":\"Reda\u00e7\u00e3o JO\"},\"url\":\"https:\\\/\\\/jornaldasoficinas.com\\\/pt\\\/author\\\/joredacao\\\/\"}]}<\/script>\n<!-- \/ Yoast SEO plugin. -->","yoast_head_json":{"title":"Auto Pe\u00e7as.pt celebra 25\u00ba Anivers\u00e1rio - Jornal das Oficinas","description":"Auto Pe\u00e7as.pt celebrou no passado dia 20 de maio, o 25\u00ba Anivers\u00e1rio, junto de clientes, fornecedores, colaboradores e amigos","robots":{"index":"index","follow":"follow","max-snippet":"max-snippet:-1","max-image-preview":"max-image-preview:large","max-video-preview":"max-video-preview:-1"},"canonical":"https:\/\/jornaldasoficinas.com\/pt\/auto-pecas-pt-celebra-25o-aniversario\/","og_locale":"pt_PT","og_type":"article","og_title":"Auto Pe\u00e7as.pt celebra 25\u00ba Anivers\u00e1rio - Jornal das Oficinas","og_description":"Auto Pe\u00e7as.pt celebrou no passado dia 20 de maio, o 25\u00ba Anivers\u00e1rio, junto de clientes, fornecedores, colaboradores e amigos","og_url":"https:\/\/jornaldasoficinas.com\/pt\/auto-pecas-pt-celebra-25o-aniversario\/","og_site_name":"Jornal das Oficinas","article_publisher":"https:\/\/www.facebook.com\/jornaloficinas","article_published_time":"2023-05-21T20:00:21+00:00","article_modified_time":"2023-05-26T14:44:58+00:00","og_image":[{"width":1024,"height":581,"url":"https:\/\/jornaldasoficinas.com\/pt\/wp-content\/uploads\/2023\/05\/Auto-Pecas.pt-celebra-25o-Aniversario.jpeg","type":"image\/jpeg"}],"author":"Reda\u00e7\u00e3o JO","twitter_card":"summary_large_image","twitter_creator":"@jornaloficinas","twitter_site":"@jornaloficinas","twitter_misc":{"Escrito por":"Reda\u00e7\u00e3o JO","Tempo estimado de leitura":"3 minutos"},"schema":{"@context":"https:\/\/schema.org","@graph":[{"@type":"Article","@id":"https:\/\/jornaldasoficinas.com\/pt\/auto-pecas-pt-celebra-25o-aniversario\/#article","isPartOf":{"@id":"https:\/\/jornaldasoficinas.com\/pt\/auto-pecas-pt-celebra-25o-aniversario\/"},"author":{"name":"Reda\u00e7\u00e3o JO","@id":"https:\/\/jornaldasoficinas.com\/pt\/#\/schema\/person\/a38eef5de2c41d9e7c9ac10141afddf3"},"headline":"Auto Pe\u00e7as.pt celebra 25\u00ba Anivers\u00e1rio","datePublished":"2023-05-21T20:00:21+00:00","dateModified":"2023-05-26T14:44:58+00:00","mainEntityOfPage":{"@id":"https:\/\/jornaldasoficinas.com\/pt\/auto-pecas-pt-celebra-25o-aniversario\/"},"wordCount":662,"publisher":{"@id":"https:\/\/jornaldasoficinas.com\/pt\/#organization"},"image":{"@id":"https:\/\/jornaldasoficinas.com\/pt\/auto-pecas-pt-celebra-25o-aniversario\/#primaryimage"},"thumbnailUrl":"https:\/\/jornaldasoficinas.com\/pt\/wp-content\/uploads\/2023\/05\/Auto-Pecas.pt-celebra-25o-Aniversario.jpeg","keywords":["20 de maio","25\u00ba Anivers\u00e1rio","Auto Pe\u00e7as.pt","Mooving","novo conceito oficinal","TRUST","Trustauto"],"articleSection":["Empresas"],"inLanguage":"pt-PT"},{"@type":"WebPage","@id":"https:\/\/jornaldasoficinas.com\/pt\/auto-pecas-pt-celebra-25o-aniversario\/","url":"https:\/\/jornaldasoficinas.com\/pt\/auto-pecas-pt-celebra-25o-aniversario\/","name":"Auto Pe\u00e7as.pt celebra 25\u00ba Anivers\u00e1rio - Jornal das Oficinas","isPartOf":{"@id":"https:\/\/jornaldasoficinas.com\/pt\/#website"},"primaryImageOfPage":{"@id":"https:\/\/jornaldasoficinas.com\/pt\/auto-pecas-pt-celebra-25o-aniversario\/#primaryimage"},"image":{"@id":"https:\/\/jornaldasoficinas.com\/pt\/auto-pecas-pt-celebra-25o-aniversario\/#primaryimage"},"thumbnailUrl":"https:\/\/jornaldasoficinas.com\/pt\/wp-content\/uploads\/2023\/05\/Auto-Pecas.pt-celebra-25o-Aniversario.jpeg","datePublished":"2023-05-21T20:00:21+00:00","dateModified":"2023-05-26T14:44:58+00:00","description":"Auto Pe\u00e7as.pt celebrou no passado dia 20 de maio, o 25\u00ba Anivers\u00e1rio, junto de clientes, fornecedores, colaboradores e amigos","breadcrumb":{"@id":"https:\/\/jornaldasoficinas.com\/pt\/auto-pecas-pt-celebra-25o-aniversario\/#breadcrumb"},"inLanguage":"pt-PT","potentialAction":[{"@type":"ReadAction","target":["https:\/\/jornaldasoficinas.com\/pt\/auto-pecas-pt-celebra-25o-aniversario\/"]}]},{"@type":"ImageObject","inLanguage":"pt-PT","@id":"https:\/\/jornaldasoficinas.com\/pt\/auto-pecas-pt-celebra-25o-aniversario\/#primaryimage","url":"https:\/\/jornaldasoficinas.com\/pt\/wp-content\/uploads\/2023\/05\/Auto-Pecas.pt-celebra-25o-Aniversario.jpeg","contentUrl":"https:\/\/jornaldasoficinas.com\/pt\/wp-content\/uploads\/2023\/05\/Auto-Pecas.pt-celebra-25o-Aniversario.jpeg","width":1024,"height":581,"caption":"05 - Auto Pecas.pt celebra 25o Aniversario"},{"@type":"BreadcrumbList","@id":"https:\/\/jornaldasoficinas.com\/pt\/auto-pecas-pt-celebra-25o-aniversario\/#breadcrumb","itemListElement":[{"@type":"ListItem","position":1,"name":"In\u00edcio","item":"https:\/\/jornaldasoficinas.com\/pt\/"},{"@type":"ListItem","position":2,"name":"Auto Pe\u00e7as.pt celebra 25\u00ba Anivers\u00e1rio"}]},{"@type":"WebSite","@id":"https:\/\/jornaldasoficinas.com\/pt\/#website","url":"https:\/\/jornaldasoficinas.com\/pt\/","name":"Jornal das Oficinas","description":"Jornal independente do Aftermarket Autom\u00f3vel em Portugal","publisher":{"@id":"https:\/\/jornaldasoficinas.com\/pt\/#organization"},"potentialAction":[{"@type":"SearchAction","target":{"@type":"EntryPoint","urlTemplate":"https:\/\/jornaldasoficinas.com\/pt\/?s={search_term_string}"},"query-input":{"@type":"PropertyValueSpecification","valueRequired":true,"valueName":"search_term_string"}}],"inLanguage":"pt-PT"},{"@type":"Organization","@id":"https:\/\/jornaldasoficinas.com\/pt\/#organization","name":"Jornal das Oficinas","url":"https:\/\/jornaldasoficinas.com\/pt\/","logo":{"@type":"ImageObject","inLanguage":"pt-PT","@id":"https:\/\/jornaldasoficinas.com\/pt\/#\/schema\/logo\/image\/","url":"https:\/\/jornaldasoficinas.com\/pt\/wp-content\/uploads\/logoJO-SEO.png","contentUrl":"https:\/\/jornaldasoficinas.com\/pt\/wp-content\/uploads\/logoJO-SEO.png","width":285,"height":450,"caption":"Jornal das Oficinas"},"image":{"@id":"https:\/\/jornaldasoficinas.com\/pt\/#\/schema\/logo\/image\/"},"sameAs":["https:\/\/www.facebook.com\/jornaloficinas","https:\/\/x.com\/jornaloficinas","https:\/\/www.instagram.com\/jornal_oficinas\/","https:\/\/www.linkedin.com\/company\/jornal-das-oficinas\/","https:\/\/www.youtube.com\/channel\/UCbQZBqtcvV-oSQrr7RzINGg"]},{"@type":"Person","@id":"https:\/\/jornaldasoficinas.com\/pt\/#\/schema\/person\/a38eef5de2c41d9e7c9ac10141afddf3","name":"Reda\u00e7\u00e3o JO","image":{"@type":"ImageObject","inLanguage":"pt-PT","@id":"https:\/\/secure.gravatar.com\/avatar\/71f2fa71737ad68a84fea94bc708ddac8ea5b0c4788dc2ad202f3ccb2887742f?s=96&d=wp_user_avatar&r=g","url":"https:\/\/secure.gravatar.com\/avatar\/71f2fa71737ad68a84fea94bc708ddac8ea5b0c4788dc2ad202f3ccb2887742f?s=96&d=wp_user_avatar&r=g","contentUrl":"https:\/\/secure.gravatar.com\/avatar\/71f2fa71737ad68a84fea94bc708ddac8ea5b0c4788dc2ad202f3ccb2887742f?s=96&d=wp_user_avatar&r=g","caption":"Reda\u00e7\u00e3o JO"},"url":"https:\/\/jornaldasoficinas.com\/pt\/author\/joredacao\/"}]}},"_links":{"self":[{"href":"https:\/\/jornaldasoficinas.com\/pt\/wp-json\/wp\/v2\/posts\/66804","targetHints":{"allow":["GET"]}}],"collection":[{"href":"https:\/\/jornaldasoficinas.com\/pt\/wp-json\/wp\/v2\/posts"}],"about":[{"href":"https:\/\/jornaldasoficinas.com\/pt\/wp-json\/wp\/v2\/types\/post"}],"author":[{"embeddable":true,"href":"https:\/\/jornaldasoficinas.com\/pt\/wp-json\/wp\/v2\/users\/15"}],"replies":[{"embeddable":true,"href":"https:\/\/jornaldasoficinas.com\/pt\/wp-json\/wp\/v2\/comments?post=66804"}],"version-history":[{"count":0,"href":"https:\/\/jornaldasoficinas.com\/pt\/wp-json\/wp\/v2\/posts\/66804\/revisions"}],"wp:featuredmedia":[{"embeddable":true,"href":"https:\/\/jornaldasoficinas.com\/pt\/wp-json\/wp\/v2\/media\/66805"}],"wp:attachment":[{"href":"https:\/\/jornaldasoficinas.com\/pt\/wp-json\/wp\/v2\/media?parent=66804"}],"wp:term":[{"taxonomy":"category","embeddable":true,"href":"https:\/\/jornaldasoficinas.com\/pt\/wp-json\/wp\/v2\/categories?post=66804"},{"taxonomy":"post_tag","embeddable":true,"href":"https:\/\/jornaldasoficinas.com\/pt\/wp-json\/wp\/v2\/tags?post=66804"}],"curies":[{"name":"wp","href":"https:\/\/api.w.org\/{rel}","templated":true}]}}