{"id":67116,"date":"2023-05-26T15:15:54","date_gmt":"2023-05-26T14:15:54","guid":{"rendered":"https:\/\/jornaldasoficinas.com\/pt\/?p=67116"},"modified":"2023-05-26T15:34:38","modified_gmt":"2023-05-26T14:34:38","slug":"primeira-oficina-mooving-inaugurada-na-regiao-norte","status":"publish","type":"post","link":"https:\/\/jornaldasoficinas.com\/pt\/primeira-oficina-mooving-inaugurada-na-regiao-norte\/","title":{"rendered":"Primeira oficina MOOVING inaugurada na regi\u00e3o Norte"},"content":{"rendered":"<p><img loading=\"lazy\" decoding=\"async\" class=\"alignnone size-full wp-image-67117\" src=\"https:\/\/jornaldasoficinas.com\/pt\/wp-content\/uploads\/2023\/05\/MOOVING_JO.png\" alt=\"05 - MOOVING_JO\" width=\"1024\" height=\"581\" srcset=\"https:\/\/jornaldasoficinas.com\/pt\/wp-content\/uploads\/2023\/05\/MOOVING_JO.png 1024w, https:\/\/jornaldasoficinas.com\/pt\/wp-content\/uploads\/2023\/05\/MOOVING_JO-300x170.png 300w, https:\/\/jornaldasoficinas.com\/pt\/wp-content\/uploads\/2023\/05\/MOOVING_JO-150x85.png 150w, https:\/\/jornaldasoficinas.com\/pt\/wp-content\/uploads\/2023\/05\/MOOVING_JO-768x436.png 768w\" sizes=\"auto, (max-width: 1024px) 100vw, 1024px\" \/><\/p>\n<p><strong>Ap\u00f3s a apresenta\u00e7\u00e3o ao mercado da <a href=\"https:\/\/www.oficinasmooving.com\/\" target=\"_blank\" rel=\"noopener\">MOOVING<\/a> (Rede de Oficinas by <a href=\"https:\/\/laranja2016.wixsite.com\/trustconstrucao\/\" target=\"_blank\" rel=\"noopener\">TRUST<\/a>), foi inaugurada a primeira oficina na regi\u00e3o norte do pa\u00eds, concretamente em S\u00e3o Jo\u00e3o de Ver.<\/strong><\/p>\n<p>Imagem forte, baseada num <em>concept design<\/em> profissional, website focalizado no consumidor final com acesso a geolocaliza\u00e7\u00e3o, campanhas de pneus e pe\u00e7as, identifica\u00e7\u00e3o de viatura pela matr\u00edcula, plano de manuten\u00e7\u00e3o do fabricante e agendamento direto \u00e0 oficina.<\/p>\n<p>A rede MOOVING destaca-se no mercado portugu\u00eas por ser uma das \u00fanicas propostas de oficina independente reconhecida por uma certifica\u00e7\u00e3o SGS.<\/p>\n<p>Segundo Ricardo Ribeiro, CEO do <a href=\"https:\/\/laranja2016.wixsite.com\/trustconstrucao\/\" target=\"_blank\" rel=\"noopener\">Grupo TRUSTAUTO<\/a>, a rede de oficinas MOOVING foi desenvolvida com o objetivo de acrescentar algo de novo ao mercado. Ricardo Ribeiro, recorda ainda haver \u201cum vazio no mercado\u201d pautado pela falta de rigor, criatividade e competitividade das redes existentes. \u201cEstamos a assistir \u00e0 logica da massifica\u00e7\u00e3o do conceito \u201cplaca na parede\u201d em que, numa din\u00e2mica quase fren\u00e9tica ningu\u00e9m quer ficar para tr\u00e1s, mas praticamente as solu\u00e7\u00f5es s\u00e3o c\u00f3pias umas das outras.\u201d<\/p>\n<p>Assim, estabeleceu como miss\u00e3o \u201ctrazer contributos realistas, no sentido da efici\u00eancia, conhecimento t\u00e9cnico e da competitividade econ\u00f3mica das oficinas aderentes. Tudo isto numa roupagem absolutamente premium.\u201d<\/p>\n<p>A implementa\u00e7\u00e3o esteve a cargo do membro, OLIVEIRA, MOREIRA &amp; AZEVEDO.<\/p>\n<p>A <a href=\"https:\/\/www.omapecas.pt\/\" target=\"_blank\" rel=\"noopener\">OMA PE\u00c7AS<\/a> tem-se notabilizado no grupo Trust por ter uma forte din\u00e2mica na divulga\u00e7\u00e3o deste projeto junto dos seus clientes oficinais.<\/p>\n<p>Miguel Moreira, gerente da OMA PE\u00c7AS e membro acionista do Grupo TRUSTAUTO, aproveitou o momento da inaugura\u00e7\u00e3o para expressar que a concretiza\u00e7\u00e3o deste projeto, significou o culminar de um sonho. Desde a sua ades\u00e3o ao grupo Trust que defende a necessidade de se promover um modelo de rede oficinal na estrat\u00e9gia do grupo. Por fim acrescentou, <em>\u201c(\u2026) a rede de oficinas MOOVING j\u00e1 \u00e9 uma realidade e estamos muito felizes pela recetividade de todos os nossos parceiros de neg\u00f3cio.\u201d<\/em>.<\/p>\n<p>Quanto a Tiago Sousa, respons\u00e1vel do p\u00f3s-venda da empresa OMA PE\u00c7AS, o qual assumiu um papel fundamental na execu\u00e7\u00e3o operacional do projeto, transmitiu que <em>\u201c(\u2026) foi com muita determina\u00e7\u00e3o que apresentamos o conceito aos nossos clientes pois temos um excelente suporte t\u00e9cnico por parte da equipa central do grupo TRUSTAUTO e isso fez-nos avan\u00e7ar com a m\u00e1xima confian\u00e7a. Estamos perfeitamente preparados para apresentar o projeto de rede de oficinas MOOVING a todos os nossos clientes.\u201d<\/em><\/p>\n<p>A oficina que aderiu ao projeto MOOVING foi a Fronteira Rigorosa, gerida por Pedro Mota, um prestigiado empres\u00e1rio da regi\u00e3o no setor da repara\u00e7\u00e3o autom\u00f3vel. Segundo Pedro Mota, a aposta na rede do grupo Trust fundamenta-se pela diferencia\u00e7\u00e3o e qualidade do projeto, mas tamb\u00e9m pela avalia\u00e7\u00e3o que faz do empenho e dedica\u00e7\u00e3o incans\u00e1vel da equipa da OMA PE\u00c7AS.<\/p>\n<p>Pedro Mota refere ainda que a OMA PE\u00c7AS \u00e9 muito mais do que um fornecedor, \u00e9 um parceiro que lhe proporciona inova\u00e7\u00e3o, qualidade e solu\u00e7\u00f5es sustent\u00e1veis para o desenvolvimento do seu neg\u00f3cio.<\/p>\n","protected":false},"excerpt":{"rendered":"<p>Ap\u00f3s a apresenta\u00e7\u00e3o ao mercado da&#8230;<\/p>\n","protected":false},"author":15,"featured_media":67117,"comment_status":"closed","ping_status":"closed","sticky":false,"template":"","format":"standard","meta":{"footnotes":""},"categories":[29],"tags":[556,2866,5459,5458,5460,5379],"class_list":["post-67116","post","type-post","status-publish","format-standard","has-post-thumbnail","hentry","category-empresas","tag-grupo-trustauto","tag-mooving","tag-norte","tag-primeira-oficina","tag-sao-joao-de-ver","tag-trust"],"yoast_head":"<!-- This site is optimized with the Yoast SEO plugin v27.5 - https:\/\/yoast.com\/product\/yoast-seo-wordpress\/ -->\n<title>Primeira oficina MOOVING inaugurada na regi\u00e3o Norte - Jornal das Oficinas<\/title>\n<meta name=\"description\" content=\"Ap\u00f3s a apresenta\u00e7\u00e3o ao mercado da MOOVING, foi inaugurada a primeira oficina na regi\u00e3o norte do pa\u00eds, concretamente em S\u00e3o Jo\u00e3o de Ver.\" \/>\n<meta name=\"robots\" content=\"index, follow, max-snippet:-1, max-image-preview:large, max-video-preview:-1\" \/>\n<link rel=\"canonical\" href=\"https:\/\/jornaldasoficinas.com\/pt\/primeira-oficina-mooving-inaugurada-na-regiao-norte\/\" \/>\n<meta property=\"og:locale\" content=\"pt_PT\" \/>\n<meta property=\"og:type\" content=\"article\" \/>\n<meta property=\"og:title\" content=\"Primeira oficina MOOVING inaugurada na regi\u00e3o Norte - Jornal das Oficinas\" \/>\n<meta property=\"og:description\" content=\"Ap\u00f3s a apresenta\u00e7\u00e3o ao mercado da MOOVING, foi inaugurada a primeira oficina na regi\u00e3o norte do pa\u00eds, concretamente em S\u00e3o Jo\u00e3o de Ver.\" \/>\n<meta property=\"og:url\" content=\"https:\/\/jornaldasoficinas.com\/pt\/primeira-oficina-mooving-inaugurada-na-regiao-norte\/\" \/>\n<meta property=\"og:site_name\" content=\"Jornal das Oficinas\" \/>\n<meta property=\"article:publisher\" content=\"https:\/\/www.facebook.com\/jornaloficinas\" \/>\n<meta property=\"article:published_time\" content=\"2023-05-26T14:15:54+00:00\" \/>\n<meta property=\"article:modified_time\" content=\"2023-05-26T14:34:38+00:00\" \/>\n<meta property=\"og:image\" content=\"https:\/\/jornaldasoficinas.com\/pt\/wp-content\/uploads\/2023\/05\/MOOVING_JO.png\" \/>\n\t<meta property=\"og:image:width\" content=\"1024\" \/>\n\t<meta property=\"og:image:height\" content=\"581\" \/>\n\t<meta property=\"og:image:type\" content=\"image\/png\" \/>\n<meta name=\"author\" content=\"Reda\u00e7\u00e3o JO\" \/>\n<meta name=\"twitter:card\" content=\"summary_large_image\" \/>\n<meta name=\"twitter:creator\" content=\"@jornaloficinas\" \/>\n<meta name=\"twitter:site\" content=\"@jornaloficinas\" \/>\n<meta name=\"twitter:label1\" content=\"Escrito por\" \/>\n\t<meta name=\"twitter:data1\" content=\"Reda\u00e7\u00e3o JO\" \/>\n\t<meta name=\"twitter:label2\" content=\"Tempo estimado de leitura\" \/>\n\t<meta name=\"twitter:data2\" content=\"3 minutos\" \/>\n<script type=\"application\/ld+json\" class=\"yoast-schema-graph\">{\"@context\":\"https:\\\/\\\/schema.org\",\"@graph\":[{\"@type\":\"Article\",\"@id\":\"https:\\\/\\\/jornaldasoficinas.com\\\/pt\\\/primeira-oficina-mooving-inaugurada-na-regiao-norte\\\/#article\",\"isPartOf\":{\"@id\":\"https:\\\/\\\/jornaldasoficinas.com\\\/pt\\\/primeira-oficina-mooving-inaugurada-na-regiao-norte\\\/\"},\"author\":{\"name\":\"Reda\u00e7\u00e3o JO\",\"@id\":\"https:\\\/\\\/jornaldasoficinas.com\\\/pt\\\/#\\\/schema\\\/person\\\/a38eef5de2c41d9e7c9ac10141afddf3\"},\"headline\":\"Primeira oficina MOOVING inaugurada na regi\u00e3o Norte\",\"datePublished\":\"2023-05-26T14:15:54+00:00\",\"dateModified\":\"2023-05-26T14:34:38+00:00\",\"mainEntityOfPage\":{\"@id\":\"https:\\\/\\\/jornaldasoficinas.com\\\/pt\\\/primeira-oficina-mooving-inaugurada-na-regiao-norte\\\/\"},\"wordCount\":524,\"publisher\":{\"@id\":\"https:\\\/\\\/jornaldasoficinas.com\\\/pt\\\/#organization\"},\"image\":{\"@id\":\"https:\\\/\\\/jornaldasoficinas.com\\\/pt\\\/primeira-oficina-mooving-inaugurada-na-regiao-norte\\\/#primaryimage\"},\"thumbnailUrl\":\"https:\\\/\\\/jornaldasoficinas.com\\\/pt\\\/wp-content\\\/uploads\\\/2023\\\/05\\\/MOOVING_JO.png\",\"keywords\":[\"Grupo TRUSTAUTO\",\"Mooving\",\"Norte\",\"Primeira oficina\",\"S\u00e3o Jo\u00e3o de Ver\",\"TRUST\"],\"articleSection\":[\"Empresas\"],\"inLanguage\":\"pt-PT\"},{\"@type\":\"WebPage\",\"@id\":\"https:\\\/\\\/jornaldasoficinas.com\\\/pt\\\/primeira-oficina-mooving-inaugurada-na-regiao-norte\\\/\",\"url\":\"https:\\\/\\\/jornaldasoficinas.com\\\/pt\\\/primeira-oficina-mooving-inaugurada-na-regiao-norte\\\/\",\"name\":\"Primeira oficina MOOVING inaugurada na regi\u00e3o Norte - Jornal das Oficinas\",\"isPartOf\":{\"@id\":\"https:\\\/\\\/jornaldasoficinas.com\\\/pt\\\/#website\"},\"primaryImageOfPage\":{\"@id\":\"https:\\\/\\\/jornaldasoficinas.com\\\/pt\\\/primeira-oficina-mooving-inaugurada-na-regiao-norte\\\/#primaryimage\"},\"image\":{\"@id\":\"https:\\\/\\\/jornaldasoficinas.com\\\/pt\\\/primeira-oficina-mooving-inaugurada-na-regiao-norte\\\/#primaryimage\"},\"thumbnailUrl\":\"https:\\\/\\\/jornaldasoficinas.com\\\/pt\\\/wp-content\\\/uploads\\\/2023\\\/05\\\/MOOVING_JO.png\",\"datePublished\":\"2023-05-26T14:15:54+00:00\",\"dateModified\":\"2023-05-26T14:34:38+00:00\",\"description\":\"Ap\u00f3s a apresenta\u00e7\u00e3o ao mercado da MOOVING, foi inaugurada a primeira oficina na regi\u00e3o norte do pa\u00eds, concretamente em S\u00e3o Jo\u00e3o de Ver.\",\"breadcrumb\":{\"@id\":\"https:\\\/\\\/jornaldasoficinas.com\\\/pt\\\/primeira-oficina-mooving-inaugurada-na-regiao-norte\\\/#breadcrumb\"},\"inLanguage\":\"pt-PT\",\"potentialAction\":[{\"@type\":\"ReadAction\",\"target\":[\"https:\\\/\\\/jornaldasoficinas.com\\\/pt\\\/primeira-oficina-mooving-inaugurada-na-regiao-norte\\\/\"]}]},{\"@type\":\"ImageObject\",\"inLanguage\":\"pt-PT\",\"@id\":\"https:\\\/\\\/jornaldasoficinas.com\\\/pt\\\/primeira-oficina-mooving-inaugurada-na-regiao-norte\\\/#primaryimage\",\"url\":\"https:\\\/\\\/jornaldasoficinas.com\\\/pt\\\/wp-content\\\/uploads\\\/2023\\\/05\\\/MOOVING_JO.png\",\"contentUrl\":\"https:\\\/\\\/jornaldasoficinas.com\\\/pt\\\/wp-content\\\/uploads\\\/2023\\\/05\\\/MOOVING_JO.png\",\"width\":1024,\"height\":581,\"caption\":\"05 - MOOVING_JO\"},{\"@type\":\"BreadcrumbList\",\"@id\":\"https:\\\/\\\/jornaldasoficinas.com\\\/pt\\\/primeira-oficina-mooving-inaugurada-na-regiao-norte\\\/#breadcrumb\",\"itemListElement\":[{\"@type\":\"ListItem\",\"position\":1,\"name\":\"In\u00edcio\",\"item\":\"https:\\\/\\\/jornaldasoficinas.com\\\/pt\\\/\"},{\"@type\":\"ListItem\",\"position\":2,\"name\":\"Primeira oficina MOOVING inaugurada na regi\u00e3o Norte\"}]},{\"@type\":\"WebSite\",\"@id\":\"https:\\\/\\\/jornaldasoficinas.com\\\/pt\\\/#website\",\"url\":\"https:\\\/\\\/jornaldasoficinas.com\\\/pt\\\/\",\"name\":\"Jornal das Oficinas\",\"description\":\"Jornal independente do Aftermarket Autom\u00f3vel em Portugal\",\"publisher\":{\"@id\":\"https:\\\/\\\/jornaldasoficinas.com\\\/pt\\\/#organization\"},\"potentialAction\":[{\"@type\":\"SearchAction\",\"target\":{\"@type\":\"EntryPoint\",\"urlTemplate\":\"https:\\\/\\\/jornaldasoficinas.com\\\/pt\\\/?s={search_term_string}\"},\"query-input\":{\"@type\":\"PropertyValueSpecification\",\"valueRequired\":true,\"valueName\":\"search_term_string\"}}],\"inLanguage\":\"pt-PT\"},{\"@type\":\"Organization\",\"@id\":\"https:\\\/\\\/jornaldasoficinas.com\\\/pt\\\/#organization\",\"name\":\"Jornal das Oficinas\",\"url\":\"https:\\\/\\\/jornaldasoficinas.com\\\/pt\\\/\",\"logo\":{\"@type\":\"ImageObject\",\"inLanguage\":\"pt-PT\",\"@id\":\"https:\\\/\\\/jornaldasoficinas.com\\\/pt\\\/#\\\/schema\\\/logo\\\/image\\\/\",\"url\":\"https:\\\/\\\/jornaldasoficinas.com\\\/pt\\\/wp-content\\\/uploads\\\/logoJO-SEO.png\",\"contentUrl\":\"https:\\\/\\\/jornaldasoficinas.com\\\/pt\\\/wp-content\\\/uploads\\\/logoJO-SEO.png\",\"width\":285,\"height\":450,\"caption\":\"Jornal das Oficinas\"},\"image\":{\"@id\":\"https:\\\/\\\/jornaldasoficinas.com\\\/pt\\\/#\\\/schema\\\/logo\\\/image\\\/\"},\"sameAs\":[\"https:\\\/\\\/www.facebook.com\\\/jornaloficinas\",\"https:\\\/\\\/x.com\\\/jornaloficinas\",\"https:\\\/\\\/www.instagram.com\\\/jornal_oficinas\\\/\",\"https:\\\/\\\/www.linkedin.com\\\/company\\\/jornal-das-oficinas\\\/\",\"https:\\\/\\\/www.youtube.com\\\/channel\\\/UCbQZBqtcvV-oSQrr7RzINGg\"]},{\"@type\":\"Person\",\"@id\":\"https:\\\/\\\/jornaldasoficinas.com\\\/pt\\\/#\\\/schema\\\/person\\\/a38eef5de2c41d9e7c9ac10141afddf3\",\"name\":\"Reda\u00e7\u00e3o JO\",\"image\":{\"@type\":\"ImageObject\",\"inLanguage\":\"pt-PT\",\"@id\":\"https:\\\/\\\/secure.gravatar.com\\\/avatar\\\/71f2fa71737ad68a84fea94bc708ddac8ea5b0c4788dc2ad202f3ccb2887742f?s=96&d=wp_user_avatar&r=g\",\"url\":\"https:\\\/\\\/secure.gravatar.com\\\/avatar\\\/71f2fa71737ad68a84fea94bc708ddac8ea5b0c4788dc2ad202f3ccb2887742f?s=96&d=wp_user_avatar&r=g\",\"contentUrl\":\"https:\\\/\\\/secure.gravatar.com\\\/avatar\\\/71f2fa71737ad68a84fea94bc708ddac8ea5b0c4788dc2ad202f3ccb2887742f?s=96&d=wp_user_avatar&r=g\",\"caption\":\"Reda\u00e7\u00e3o JO\"},\"url\":\"https:\\\/\\\/jornaldasoficinas.com\\\/pt\\\/author\\\/joredacao\\\/\"}]}<\/script>\n<!-- \/ Yoast SEO plugin. -->","yoast_head_json":{"title":"Primeira oficina MOOVING inaugurada na regi\u00e3o Norte - Jornal das Oficinas","description":"Ap\u00f3s a apresenta\u00e7\u00e3o ao mercado da MOOVING, foi inaugurada a primeira oficina na regi\u00e3o norte do pa\u00eds, concretamente em S\u00e3o Jo\u00e3o de Ver.","robots":{"index":"index","follow":"follow","max-snippet":"max-snippet:-1","max-image-preview":"max-image-preview:large","max-video-preview":"max-video-preview:-1"},"canonical":"https:\/\/jornaldasoficinas.com\/pt\/primeira-oficina-mooving-inaugurada-na-regiao-norte\/","og_locale":"pt_PT","og_type":"article","og_title":"Primeira oficina MOOVING inaugurada na regi\u00e3o Norte - Jornal das Oficinas","og_description":"Ap\u00f3s a apresenta\u00e7\u00e3o ao mercado da MOOVING, foi inaugurada a primeira oficina na regi\u00e3o norte do pa\u00eds, concretamente em S\u00e3o Jo\u00e3o de Ver.","og_url":"https:\/\/jornaldasoficinas.com\/pt\/primeira-oficina-mooving-inaugurada-na-regiao-norte\/","og_site_name":"Jornal das Oficinas","article_publisher":"https:\/\/www.facebook.com\/jornaloficinas","article_published_time":"2023-05-26T14:15:54+00:00","article_modified_time":"2023-05-26T14:34:38+00:00","og_image":[{"width":1024,"height":581,"url":"https:\/\/jornaldasoficinas.com\/pt\/wp-content\/uploads\/2023\/05\/MOOVING_JO.png","type":"image\/png"}],"author":"Reda\u00e7\u00e3o JO","twitter_card":"summary_large_image","twitter_creator":"@jornaloficinas","twitter_site":"@jornaloficinas","twitter_misc":{"Escrito por":"Reda\u00e7\u00e3o JO","Tempo estimado de leitura":"3 minutos"},"schema":{"@context":"https:\/\/schema.org","@graph":[{"@type":"Article","@id":"https:\/\/jornaldasoficinas.com\/pt\/primeira-oficina-mooving-inaugurada-na-regiao-norte\/#article","isPartOf":{"@id":"https:\/\/jornaldasoficinas.com\/pt\/primeira-oficina-mooving-inaugurada-na-regiao-norte\/"},"author":{"name":"Reda\u00e7\u00e3o JO","@id":"https:\/\/jornaldasoficinas.com\/pt\/#\/schema\/person\/a38eef5de2c41d9e7c9ac10141afddf3"},"headline":"Primeira oficina MOOVING inaugurada na regi\u00e3o Norte","datePublished":"2023-05-26T14:15:54+00:00","dateModified":"2023-05-26T14:34:38+00:00","mainEntityOfPage":{"@id":"https:\/\/jornaldasoficinas.com\/pt\/primeira-oficina-mooving-inaugurada-na-regiao-norte\/"},"wordCount":524,"publisher":{"@id":"https:\/\/jornaldasoficinas.com\/pt\/#organization"},"image":{"@id":"https:\/\/jornaldasoficinas.com\/pt\/primeira-oficina-mooving-inaugurada-na-regiao-norte\/#primaryimage"},"thumbnailUrl":"https:\/\/jornaldasoficinas.com\/pt\/wp-content\/uploads\/2023\/05\/MOOVING_JO.png","keywords":["Grupo TRUSTAUTO","Mooving","Norte","Primeira oficina","S\u00e3o Jo\u00e3o de Ver","TRUST"],"articleSection":["Empresas"],"inLanguage":"pt-PT"},{"@type":"WebPage","@id":"https:\/\/jornaldasoficinas.com\/pt\/primeira-oficina-mooving-inaugurada-na-regiao-norte\/","url":"https:\/\/jornaldasoficinas.com\/pt\/primeira-oficina-mooving-inaugurada-na-regiao-norte\/","name":"Primeira oficina MOOVING inaugurada na regi\u00e3o Norte - Jornal das Oficinas","isPartOf":{"@id":"https:\/\/jornaldasoficinas.com\/pt\/#website"},"primaryImageOfPage":{"@id":"https:\/\/jornaldasoficinas.com\/pt\/primeira-oficina-mooving-inaugurada-na-regiao-norte\/#primaryimage"},"image":{"@id":"https:\/\/jornaldasoficinas.com\/pt\/primeira-oficina-mooving-inaugurada-na-regiao-norte\/#primaryimage"},"thumbnailUrl":"https:\/\/jornaldasoficinas.com\/pt\/wp-content\/uploads\/2023\/05\/MOOVING_JO.png","datePublished":"2023-05-26T14:15:54+00:00","dateModified":"2023-05-26T14:34:38+00:00","description":"Ap\u00f3s a apresenta\u00e7\u00e3o ao mercado da MOOVING, foi inaugurada a primeira oficina na regi\u00e3o norte do pa\u00eds, concretamente em S\u00e3o Jo\u00e3o de Ver.","breadcrumb":{"@id":"https:\/\/jornaldasoficinas.com\/pt\/primeira-oficina-mooving-inaugurada-na-regiao-norte\/#breadcrumb"},"inLanguage":"pt-PT","potentialAction":[{"@type":"ReadAction","target":["https:\/\/jornaldasoficinas.com\/pt\/primeira-oficina-mooving-inaugurada-na-regiao-norte\/"]}]},{"@type":"ImageObject","inLanguage":"pt-PT","@id":"https:\/\/jornaldasoficinas.com\/pt\/primeira-oficina-mooving-inaugurada-na-regiao-norte\/#primaryimage","url":"https:\/\/jornaldasoficinas.com\/pt\/wp-content\/uploads\/2023\/05\/MOOVING_JO.png","contentUrl":"https:\/\/jornaldasoficinas.com\/pt\/wp-content\/uploads\/2023\/05\/MOOVING_JO.png","width":1024,"height":581,"caption":"05 - MOOVING_JO"},{"@type":"BreadcrumbList","@id":"https:\/\/jornaldasoficinas.com\/pt\/primeira-oficina-mooving-inaugurada-na-regiao-norte\/#breadcrumb","itemListElement":[{"@type":"ListItem","position":1,"name":"In\u00edcio","item":"https:\/\/jornaldasoficinas.com\/pt\/"},{"@type":"ListItem","position":2,"name":"Primeira oficina MOOVING inaugurada na regi\u00e3o Norte"}]},{"@type":"WebSite","@id":"https:\/\/jornaldasoficinas.com\/pt\/#website","url":"https:\/\/jornaldasoficinas.com\/pt\/","name":"Jornal das Oficinas","description":"Jornal independente do Aftermarket Autom\u00f3vel em Portugal","publisher":{"@id":"https:\/\/jornaldasoficinas.com\/pt\/#organization"},"potentialAction":[{"@type":"SearchAction","target":{"@type":"EntryPoint","urlTemplate":"https:\/\/jornaldasoficinas.com\/pt\/?s={search_term_string}"},"query-input":{"@type":"PropertyValueSpecification","valueRequired":true,"valueName":"search_term_string"}}],"inLanguage":"pt-PT"},{"@type":"Organization","@id":"https:\/\/jornaldasoficinas.com\/pt\/#organization","name":"Jornal das Oficinas","url":"https:\/\/jornaldasoficinas.com\/pt\/","logo":{"@type":"ImageObject","inLanguage":"pt-PT","@id":"https:\/\/jornaldasoficinas.com\/pt\/#\/schema\/logo\/image\/","url":"https:\/\/jornaldasoficinas.com\/pt\/wp-content\/uploads\/logoJO-SEO.png","contentUrl":"https:\/\/jornaldasoficinas.com\/pt\/wp-content\/uploads\/logoJO-SEO.png","width":285,"height":450,"caption":"Jornal das Oficinas"},"image":{"@id":"https:\/\/jornaldasoficinas.com\/pt\/#\/schema\/logo\/image\/"},"sameAs":["https:\/\/www.facebook.com\/jornaloficinas","https:\/\/x.com\/jornaloficinas","https:\/\/www.instagram.com\/jornal_oficinas\/","https:\/\/www.linkedin.com\/company\/jornal-das-oficinas\/","https:\/\/www.youtube.com\/channel\/UCbQZBqtcvV-oSQrr7RzINGg"]},{"@type":"Person","@id":"https:\/\/jornaldasoficinas.com\/pt\/#\/schema\/person\/a38eef5de2c41d9e7c9ac10141afddf3","name":"Reda\u00e7\u00e3o JO","image":{"@type":"ImageObject","inLanguage":"pt-PT","@id":"https:\/\/secure.gravatar.com\/avatar\/71f2fa71737ad68a84fea94bc708ddac8ea5b0c4788dc2ad202f3ccb2887742f?s=96&d=wp_user_avatar&r=g","url":"https:\/\/secure.gravatar.com\/avatar\/71f2fa71737ad68a84fea94bc708ddac8ea5b0c4788dc2ad202f3ccb2887742f?s=96&d=wp_user_avatar&r=g","contentUrl":"https:\/\/secure.gravatar.com\/avatar\/71f2fa71737ad68a84fea94bc708ddac8ea5b0c4788dc2ad202f3ccb2887742f?s=96&d=wp_user_avatar&r=g","caption":"Reda\u00e7\u00e3o JO"},"url":"https:\/\/jornaldasoficinas.com\/pt\/author\/joredacao\/"}]}},"_links":{"self":[{"href":"https:\/\/jornaldasoficinas.com\/pt\/wp-json\/wp\/v2\/posts\/67116","targetHints":{"allow":["GET"]}}],"collection":[{"href":"https:\/\/jornaldasoficinas.com\/pt\/wp-json\/wp\/v2\/posts"}],"about":[{"href":"https:\/\/jornaldasoficinas.com\/pt\/wp-json\/wp\/v2\/types\/post"}],"author":[{"embeddable":true,"href":"https:\/\/jornaldasoficinas.com\/pt\/wp-json\/wp\/v2\/users\/15"}],"replies":[{"embeddable":true,"href":"https:\/\/jornaldasoficinas.com\/pt\/wp-json\/wp\/v2\/comments?post=67116"}],"version-history":[{"count":0,"href":"https:\/\/jornaldasoficinas.com\/pt\/wp-json\/wp\/v2\/posts\/67116\/revisions"}],"wp:featuredmedia":[{"embeddable":true,"href":"https:\/\/jornaldasoficinas.com\/pt\/wp-json\/wp\/v2\/media\/67117"}],"wp:attachment":[{"href":"https:\/\/jornaldasoficinas.com\/pt\/wp-json\/wp\/v2\/media?parent=67116"}],"wp:term":[{"taxonomy":"category","embeddable":true,"href":"https:\/\/jornaldasoficinas.com\/pt\/wp-json\/wp\/v2\/categories?post=67116"},{"taxonomy":"post_tag","embeddable":true,"href":"https:\/\/jornaldasoficinas.com\/pt\/wp-json\/wp\/v2\/tags?post=67116"}],"curies":[{"name":"wp","href":"https:\/\/api.w.org\/{rel}","templated":true}]}}