{"id":67133,"date":"2023-05-28T21:30:12","date_gmt":"2023-05-28T20:30:12","guid":{"rendered":"https:\/\/jornaldasoficinas.com\/pt\/?p=67133"},"modified":"2023-05-28T19:55:31","modified_gmt":"2023-05-28T18:55:31","slug":"jornal-das-oficinas-de-junho-ja-disponivel-online-2","status":"publish","type":"post","link":"https:\/\/jornaldasoficinas.com\/pt\/jornal-das-oficinas-de-junho-ja-disponivel-online-2\/","title":{"rendered":"Jornal das Oficinas de junho j\u00e1 dispon\u00edvel online"},"content":{"rendered":"<p><strong><img loading=\"lazy\" decoding=\"async\" class=\"alignnone size-full wp-image-67136\" src=\"https:\/\/jornaldasoficinas.com\/pt\/wp-content\/uploads\/2023\/05\/JO209Foto-1.png\" alt=\"05 - JO209Foto 1\" width=\"1024\" height=\"581\" srcset=\"https:\/\/jornaldasoficinas.com\/pt\/wp-content\/uploads\/2023\/05\/JO209Foto-1.png 1024w, https:\/\/jornaldasoficinas.com\/pt\/wp-content\/uploads\/2023\/05\/JO209Foto-1-300x170.png 300w, https:\/\/jornaldasoficinas.com\/pt\/wp-content\/uploads\/2023\/05\/JO209Foto-1-150x85.png 150w, https:\/\/jornaldasoficinas.com\/pt\/wp-content\/uploads\/2023\/05\/JO209Foto-1-768x436.png 768w\" sizes=\"auto, (max-width: 1024px) 100vw, 1024px\" \/><\/strong><\/p>\n<p><strong>Na edi\u00e7\u00e3o de junho do JO, o artigo de destaque \u00e9 sobre a Iberiza\u00e7\u00e3o do aftermarket. Num mundo cada vez mais globalizado, as fronteiras j\u00e1 n\u00e3o s\u00e3o um impedimento. Isto significa que os distribuidores de pe\u00e7as espanh\u00f3is possam entrar no mercado portugu\u00eas, se bem que tamb\u00e9m existe o contr\u00e1rio em menos quantidade. Nesta edi\u00e7\u00e3o vamos analisar, com a ajuda de diversos operadores, o que est\u00e1 em jogo com a iberiza\u00e7\u00e3o do aftermarket<\/strong><\/p>\n<p>Na se\u00e7\u00e3o Atualidade, abordamos o tema <a href=\"https:\/\/mvber.pt\/\" target=\"_blank\" rel=\"noopener\">MVBER<\/a>, que foi\u00a0 por mais 5 anos. A Comiss\u00e3o Europeia adotou um per\u00edodo de prorroga\u00e7\u00e3o de cinco anos para o MVBER, o que significa que este ser\u00e1 aplic\u00e1vel at\u00e9 31 de Maio de 2028.<\/p>\n<p>Na <a href=\"https:\/\/www.emobility.pt\/\" target=\"_blank\" rel=\"noopener\">campanha E-Mobility<\/a>, mais do que uma oportunidade, a transi\u00e7\u00e3o para a E-Mobility \u00e9 uma necessidade e um compromisso n\u00e3o como empresas, mas como pessoas.<\/p>\n<p>Nesta edi\u00e7\u00e3o visit\u00e1mos diversas empresas, designadamente: <a href=\"https:\/\/autopecas.pt\/\" target=\"_blank\" rel=\"noopener\">Auto Pe\u00e7as.pt<\/a>, <a href=\"https:\/\/www.aapalmeiras.pt\/\" target=\"_blank\" rel=\"noopener\">Auto Acess\u00f3rios das Palmeira<\/a> e <a href=\"https:\/\/primopecas.pt\/\" target=\"_blank\" rel=\"noopener\">Primope\u00e7as<\/a>. Acompanh\u00e1mos tamb\u00e9m o V Congresso da rede de oficinas CGA, que reuniu em Lisboa mais de 900 profissionais, incluindo representantes das oficinas portuguesas e espanholas das redes <a href=\"https:\/\/oficinascga.com\/\" target=\"_blank\" rel=\"noopener\">CGA Car Service<\/a> e Multioficina Service.<\/p>\n<p>Entrevist\u00e1mos, Armando Musqueira, administrador da <a href=\"https:\/\/www.quimiregua.pt\/\" target=\"_blank\" rel=\"noopener\">Quimir\u00e9gua<\/a> a prop\u00f3sito dos 40 anos da empresa e Mireia Gonzales, diretora de marketing <a href=\"https:\/\/www.wolflubes.com\/pt-pt\" target=\"_blank\" rel=\"noopener\">Wolf Lubricants<\/a>, sobre a estrat\u00e9gia da marca para o mercado portugu\u00eas.<\/p>\n<p>Na r\u00fabrica dedicada \u00e0 Gest\u00e3o o tema \u00e9 sobre o Or\u00e7amento na oficina e a import\u00e2ncia de oferecer uma informa\u00e7\u00e3o detalhada de todas as opera\u00e7\u00f5es realizadas nas viaturas.<\/p>\n<p>A Oficina do M\u00eas \u00e9 a Alexd\u2019Auto, localizada em Vila Verde, Braga. Foi fundada por Alexandre D\u00f3ria, e carateriza-se pelo cuidado na imagem e limpeza das instala\u00e7\u00f5es, rigor no trabalho executado e qualidade de servi\u00e7o.<\/p>\n<p>Na se\u00e7\u00e3o Repintura o equipamento em destaque \u00e9 a nova m\u00e1quina de mistura de cores <a href=\"https:\/\/www.axalta.com\/refinisheurope_eu\/en_GB\/digital-color-management.html\" target=\"_blank\" rel=\"noopener\">Axalta Irus Mix<\/a>, totalmente autom\u00e1tica e completamente m\u00e3os-livres.<\/p>\n<p>A edi\u00e7\u00e3o fecha como habitualmente com o artigo dedicado \u00e0 T\u00e9cnica &amp; Servi\u00e7o. Este m\u00eas \u00e9 sobre a repara\u00e7\u00e3o de pe\u00e7as (em vez da substitui\u00e7\u00e3o destas), uma das principais medidas preventivas quanto \u00e0 produ\u00e7\u00e3o de res\u00edduos das oficinas de ve\u00edculos.<\/p>\n<p><iframe loading=\"lazy\" src=\"https:\/\/www.yumpu.com\/pt\/embed\/view\/alioJxzEV0hCkLSb\" width=\"620px\" height=\"400px\" frameborder=\"0\" allowfullscreen=\"allowfullscreen\"><span style=\"display: inline-block; width: 0px; overflow: hidden; line-height: 0;\" data-mce-type=\"bookmark\" class=\"mce_SELRES_start\">\ufeff<\/span><\/iframe><\/p>\n","protected":false},"excerpt":{"rendered":"<p>Na edi\u00e7\u00e3o de junho do JO,&#8230;<\/p>\n","protected":false},"author":15,"featured_media":67136,"comment_status":"closed","ping_status":"closed","sticky":false,"template":"","format":"standard","meta":{"footnotes":""},"categories":[411],"tags":[5464,5462,5376,5332,3602,188,5461,5232,3687,5465,1746,1947,148,5463,1688],"class_list":["post-67133","post","type-post","status-publish","format-standard","has-post-thumbnail","hentry","category-edicoes-jo","tag-alexdauto","tag-auto-acessorios-das-palmeira","tag-auto-pecas-pt","tag-axalta-irus-mix","tag-campanha-e-mobility","tag-cga-car-service","tag-iberizacao-do-aftermarket","tag-multioficina-service","tag-mvber","tag-oficina-do-mes","tag-primopecas","tag-quimiregua","tag-repintura","tag-v-congresso-cga","tag-wolf-lubricants"],"yoast_head":"<!-- This site is optimized with the Yoast SEO plugin v27.4 - https:\/\/yoast.com\/product\/yoast-seo-wordpress\/ -->\n<title>Jornal das Oficinas de junho j\u00e1 dispon\u00edvel online - Jornal das Oficinas<\/title>\n<meta name=\"description\" content=\"Na edi\u00e7\u00e3o de junho, o destaque \u00e9 sobre a Iberiza\u00e7\u00e3o do aftermarket. Num mundo cada vez mais globalizado, as fronteiras j\u00e1 n\u00e3o s\u00e3o impedimento\" \/>\n<meta name=\"robots\" content=\"index, follow, max-snippet:-1, max-image-preview:large, max-video-preview:-1\" \/>\n<link rel=\"canonical\" href=\"https:\/\/jornaldasoficinas.com\/pt\/jornal-das-oficinas-de-junho-ja-disponivel-online-2\/\" \/>\n<meta property=\"og:locale\" content=\"pt_PT\" \/>\n<meta property=\"og:type\" content=\"article\" \/>\n<meta property=\"og:title\" content=\"Jornal das Oficinas de junho j\u00e1 dispon\u00edvel online - Jornal das Oficinas\" \/>\n<meta property=\"og:description\" content=\"Na edi\u00e7\u00e3o de junho, o destaque \u00e9 sobre a Iberiza\u00e7\u00e3o do aftermarket. Num mundo cada vez mais globalizado, as fronteiras j\u00e1 n\u00e3o s\u00e3o impedimento\" \/>\n<meta property=\"og:url\" content=\"https:\/\/jornaldasoficinas.com\/pt\/jornal-das-oficinas-de-junho-ja-disponivel-online-2\/\" \/>\n<meta property=\"og:site_name\" content=\"Jornal das Oficinas\" \/>\n<meta property=\"article:publisher\" content=\"https:\/\/www.facebook.com\/jornaloficinas\" \/>\n<meta property=\"article:published_time\" content=\"2023-05-28T20:30:12+00:00\" \/>\n<meta property=\"og:image\" content=\"https:\/\/jornaldasoficinas.com\/pt\/wp-content\/uploads\/2023\/05\/JO209Foto-1.png\" \/>\n\t<meta property=\"og:image:width\" content=\"1024\" \/>\n\t<meta property=\"og:image:height\" content=\"581\" \/>\n\t<meta property=\"og:image:type\" content=\"image\/png\" \/>\n<meta name=\"author\" content=\"Reda\u00e7\u00e3o JO\" \/>\n<meta name=\"twitter:card\" content=\"summary_large_image\" \/>\n<meta name=\"twitter:creator\" content=\"@jornaloficinas\" \/>\n<meta name=\"twitter:site\" content=\"@jornaloficinas\" \/>\n<meta name=\"twitter:label1\" content=\"Escrito por\" \/>\n\t<meta name=\"twitter:data1\" content=\"Reda\u00e7\u00e3o JO\" \/>\n\t<meta name=\"twitter:label2\" content=\"Tempo estimado de leitura\" \/>\n\t<meta name=\"twitter:data2\" content=\"2 minutos\" \/>\n<script type=\"application\/ld+json\" class=\"yoast-schema-graph\">{\"@context\":\"https:\\\/\\\/schema.org\",\"@graph\":[{\"@type\":\"Article\",\"@id\":\"https:\\\/\\\/jornaldasoficinas.com\\\/pt\\\/jornal-das-oficinas-de-junho-ja-disponivel-online-2\\\/#article\",\"isPartOf\":{\"@id\":\"https:\\\/\\\/jornaldasoficinas.com\\\/pt\\\/jornal-das-oficinas-de-junho-ja-disponivel-online-2\\\/\"},\"author\":{\"name\":\"Reda\u00e7\u00e3o JO\",\"@id\":\"https:\\\/\\\/jornaldasoficinas.com\\\/pt\\\/#\\\/schema\\\/person\\\/a38eef5de2c41d9e7c9ac10141afddf3\"},\"headline\":\"Jornal das Oficinas de junho j\u00e1 dispon\u00edvel online\",\"datePublished\":\"2023-05-28T20:30:12+00:00\",\"mainEntityOfPage\":{\"@id\":\"https:\\\/\\\/jornaldasoficinas.com\\\/pt\\\/jornal-das-oficinas-de-junho-ja-disponivel-online-2\\\/\"},\"wordCount\":391,\"publisher\":{\"@id\":\"https:\\\/\\\/jornaldasoficinas.com\\\/pt\\\/#organization\"},\"image\":{\"@id\":\"https:\\\/\\\/jornaldasoficinas.com\\\/pt\\\/jornal-das-oficinas-de-junho-ja-disponivel-online-2\\\/#primaryimage\"},\"thumbnailUrl\":\"https:\\\/\\\/jornaldasoficinas.com\\\/pt\\\/wp-content\\\/uploads\\\/2023\\\/05\\\/JO209Foto-1.png\",\"keywords\":[\"Alexd\u2019Auto\",\"Auto Acess\u00f3rios das Palmeira\",\"Auto Pe\u00e7as.pt\",\"Axalta Irus Mix\",\"Campanha E-Mobility\",\"CGA Car Service\",\"Iberiza\u00e7\u00e3o do aftermarket\",\"Multioficina Service\",\"MVBER\",\"Oficina do M\u00eas\",\"Primope\u00e7as\",\"Quimir\u00e9gua\",\"Repintura\",\"V Congresso CGA\",\"Wolf Lubricants\"],\"articleSection\":[\"Edi\u00e7\u00f5es JO\"],\"inLanguage\":\"pt-PT\"},{\"@type\":\"WebPage\",\"@id\":\"https:\\\/\\\/jornaldasoficinas.com\\\/pt\\\/jornal-das-oficinas-de-junho-ja-disponivel-online-2\\\/\",\"url\":\"https:\\\/\\\/jornaldasoficinas.com\\\/pt\\\/jornal-das-oficinas-de-junho-ja-disponivel-online-2\\\/\",\"name\":\"Jornal das Oficinas de junho j\u00e1 dispon\u00edvel online - Jornal das Oficinas\",\"isPartOf\":{\"@id\":\"https:\\\/\\\/jornaldasoficinas.com\\\/pt\\\/#website\"},\"primaryImageOfPage\":{\"@id\":\"https:\\\/\\\/jornaldasoficinas.com\\\/pt\\\/jornal-das-oficinas-de-junho-ja-disponivel-online-2\\\/#primaryimage\"},\"image\":{\"@id\":\"https:\\\/\\\/jornaldasoficinas.com\\\/pt\\\/jornal-das-oficinas-de-junho-ja-disponivel-online-2\\\/#primaryimage\"},\"thumbnailUrl\":\"https:\\\/\\\/jornaldasoficinas.com\\\/pt\\\/wp-content\\\/uploads\\\/2023\\\/05\\\/JO209Foto-1.png\",\"datePublished\":\"2023-05-28T20:30:12+00:00\",\"description\":\"Na edi\u00e7\u00e3o de junho, o destaque \u00e9 sobre a Iberiza\u00e7\u00e3o do aftermarket. Num mundo cada vez mais globalizado, as fronteiras j\u00e1 n\u00e3o s\u00e3o impedimento\",\"breadcrumb\":{\"@id\":\"https:\\\/\\\/jornaldasoficinas.com\\\/pt\\\/jornal-das-oficinas-de-junho-ja-disponivel-online-2\\\/#breadcrumb\"},\"inLanguage\":\"pt-PT\",\"potentialAction\":[{\"@type\":\"ReadAction\",\"target\":[\"https:\\\/\\\/jornaldasoficinas.com\\\/pt\\\/jornal-das-oficinas-de-junho-ja-disponivel-online-2\\\/\"]}]},{\"@type\":\"ImageObject\",\"inLanguage\":\"pt-PT\",\"@id\":\"https:\\\/\\\/jornaldasoficinas.com\\\/pt\\\/jornal-das-oficinas-de-junho-ja-disponivel-online-2\\\/#primaryimage\",\"url\":\"https:\\\/\\\/jornaldasoficinas.com\\\/pt\\\/wp-content\\\/uploads\\\/2023\\\/05\\\/JO209Foto-1.png\",\"contentUrl\":\"https:\\\/\\\/jornaldasoficinas.com\\\/pt\\\/wp-content\\\/uploads\\\/2023\\\/05\\\/JO209Foto-1.png\",\"width\":1024,\"height\":581,\"caption\":\"05 - JO209Foto 1\"},{\"@type\":\"BreadcrumbList\",\"@id\":\"https:\\\/\\\/jornaldasoficinas.com\\\/pt\\\/jornal-das-oficinas-de-junho-ja-disponivel-online-2\\\/#breadcrumb\",\"itemListElement\":[{\"@type\":\"ListItem\",\"position\":1,\"name\":\"In\u00edcio\",\"item\":\"https:\\\/\\\/jornaldasoficinas.com\\\/pt\\\/\"},{\"@type\":\"ListItem\",\"position\":2,\"name\":\"Jornal das Oficinas de junho j\u00e1 dispon\u00edvel online\"}]},{\"@type\":\"WebSite\",\"@id\":\"https:\\\/\\\/jornaldasoficinas.com\\\/pt\\\/#website\",\"url\":\"https:\\\/\\\/jornaldasoficinas.com\\\/pt\\\/\",\"name\":\"Jornal das Oficinas\",\"description\":\"Jornal independente do Aftermarket Autom\u00f3vel em Portugal\",\"publisher\":{\"@id\":\"https:\\\/\\\/jornaldasoficinas.com\\\/pt\\\/#organization\"},\"potentialAction\":[{\"@type\":\"SearchAction\",\"target\":{\"@type\":\"EntryPoint\",\"urlTemplate\":\"https:\\\/\\\/jornaldasoficinas.com\\\/pt\\\/?s={search_term_string}\"},\"query-input\":{\"@type\":\"PropertyValueSpecification\",\"valueRequired\":true,\"valueName\":\"search_term_string\"}}],\"inLanguage\":\"pt-PT\"},{\"@type\":\"Organization\",\"@id\":\"https:\\\/\\\/jornaldasoficinas.com\\\/pt\\\/#organization\",\"name\":\"Jornal das Oficinas\",\"url\":\"https:\\\/\\\/jornaldasoficinas.com\\\/pt\\\/\",\"logo\":{\"@type\":\"ImageObject\",\"inLanguage\":\"pt-PT\",\"@id\":\"https:\\\/\\\/jornaldasoficinas.com\\\/pt\\\/#\\\/schema\\\/logo\\\/image\\\/\",\"url\":\"https:\\\/\\\/jornaldasoficinas.com\\\/pt\\\/wp-content\\\/uploads\\\/logoJO-SEO.png\",\"contentUrl\":\"https:\\\/\\\/jornaldasoficinas.com\\\/pt\\\/wp-content\\\/uploads\\\/logoJO-SEO.png\",\"width\":285,\"height\":450,\"caption\":\"Jornal das Oficinas\"},\"image\":{\"@id\":\"https:\\\/\\\/jornaldasoficinas.com\\\/pt\\\/#\\\/schema\\\/logo\\\/image\\\/\"},\"sameAs\":[\"https:\\\/\\\/www.facebook.com\\\/jornaloficinas\",\"https:\\\/\\\/x.com\\\/jornaloficinas\",\"https:\\\/\\\/www.instagram.com\\\/jornal_oficinas\\\/\",\"https:\\\/\\\/www.linkedin.com\\\/company\\\/jornal-das-oficinas\\\/\",\"https:\\\/\\\/www.youtube.com\\\/channel\\\/UCbQZBqtcvV-oSQrr7RzINGg\"]},{\"@type\":\"Person\",\"@id\":\"https:\\\/\\\/jornaldasoficinas.com\\\/pt\\\/#\\\/schema\\\/person\\\/a38eef5de2c41d9e7c9ac10141afddf3\",\"name\":\"Reda\u00e7\u00e3o JO\",\"image\":{\"@type\":\"ImageObject\",\"inLanguage\":\"pt-PT\",\"@id\":\"https:\\\/\\\/secure.gravatar.com\\\/avatar\\\/71f2fa71737ad68a84fea94bc708ddac8ea5b0c4788dc2ad202f3ccb2887742f?s=96&d=wp_user_avatar&r=g\",\"url\":\"https:\\\/\\\/secure.gravatar.com\\\/avatar\\\/71f2fa71737ad68a84fea94bc708ddac8ea5b0c4788dc2ad202f3ccb2887742f?s=96&d=wp_user_avatar&r=g\",\"contentUrl\":\"https:\\\/\\\/secure.gravatar.com\\\/avatar\\\/71f2fa71737ad68a84fea94bc708ddac8ea5b0c4788dc2ad202f3ccb2887742f?s=96&d=wp_user_avatar&r=g\",\"caption\":\"Reda\u00e7\u00e3o JO\"},\"url\":\"https:\\\/\\\/jornaldasoficinas.com\\\/pt\\\/author\\\/joredacao\\\/\"}]}<\/script>\n<!-- \/ Yoast SEO plugin. -->","yoast_head_json":{"title":"Jornal das Oficinas de junho j\u00e1 dispon\u00edvel online - Jornal das Oficinas","description":"Na edi\u00e7\u00e3o de junho, o destaque \u00e9 sobre a Iberiza\u00e7\u00e3o do aftermarket. Num mundo cada vez mais globalizado, as fronteiras j\u00e1 n\u00e3o s\u00e3o impedimento","robots":{"index":"index","follow":"follow","max-snippet":"max-snippet:-1","max-image-preview":"max-image-preview:large","max-video-preview":"max-video-preview:-1"},"canonical":"https:\/\/jornaldasoficinas.com\/pt\/jornal-das-oficinas-de-junho-ja-disponivel-online-2\/","og_locale":"pt_PT","og_type":"article","og_title":"Jornal das Oficinas de junho j\u00e1 dispon\u00edvel online - Jornal das Oficinas","og_description":"Na edi\u00e7\u00e3o de junho, o destaque \u00e9 sobre a Iberiza\u00e7\u00e3o do aftermarket. Num mundo cada vez mais globalizado, as fronteiras j\u00e1 n\u00e3o s\u00e3o impedimento","og_url":"https:\/\/jornaldasoficinas.com\/pt\/jornal-das-oficinas-de-junho-ja-disponivel-online-2\/","og_site_name":"Jornal das Oficinas","article_publisher":"https:\/\/www.facebook.com\/jornaloficinas","article_published_time":"2023-05-28T20:30:12+00:00","og_image":[{"width":1024,"height":581,"url":"https:\/\/jornaldasoficinas.com\/pt\/wp-content\/uploads\/2023\/05\/JO209Foto-1.png","type":"image\/png"}],"author":"Reda\u00e7\u00e3o JO","twitter_card":"summary_large_image","twitter_creator":"@jornaloficinas","twitter_site":"@jornaloficinas","twitter_misc":{"Escrito por":"Reda\u00e7\u00e3o JO","Tempo estimado de leitura":"2 minutos"},"schema":{"@context":"https:\/\/schema.org","@graph":[{"@type":"Article","@id":"https:\/\/jornaldasoficinas.com\/pt\/jornal-das-oficinas-de-junho-ja-disponivel-online-2\/#article","isPartOf":{"@id":"https:\/\/jornaldasoficinas.com\/pt\/jornal-das-oficinas-de-junho-ja-disponivel-online-2\/"},"author":{"name":"Reda\u00e7\u00e3o JO","@id":"https:\/\/jornaldasoficinas.com\/pt\/#\/schema\/person\/a38eef5de2c41d9e7c9ac10141afddf3"},"headline":"Jornal das Oficinas de junho j\u00e1 dispon\u00edvel online","datePublished":"2023-05-28T20:30:12+00:00","mainEntityOfPage":{"@id":"https:\/\/jornaldasoficinas.com\/pt\/jornal-das-oficinas-de-junho-ja-disponivel-online-2\/"},"wordCount":391,"publisher":{"@id":"https:\/\/jornaldasoficinas.com\/pt\/#organization"},"image":{"@id":"https:\/\/jornaldasoficinas.com\/pt\/jornal-das-oficinas-de-junho-ja-disponivel-online-2\/#primaryimage"},"thumbnailUrl":"https:\/\/jornaldasoficinas.com\/pt\/wp-content\/uploads\/2023\/05\/JO209Foto-1.png","keywords":["Alexd\u2019Auto","Auto Acess\u00f3rios das Palmeira","Auto Pe\u00e7as.pt","Axalta Irus Mix","Campanha E-Mobility","CGA Car Service","Iberiza\u00e7\u00e3o do aftermarket","Multioficina Service","MVBER","Oficina do M\u00eas","Primope\u00e7as","Quimir\u00e9gua","Repintura","V Congresso CGA","Wolf Lubricants"],"articleSection":["Edi\u00e7\u00f5es JO"],"inLanguage":"pt-PT"},{"@type":"WebPage","@id":"https:\/\/jornaldasoficinas.com\/pt\/jornal-das-oficinas-de-junho-ja-disponivel-online-2\/","url":"https:\/\/jornaldasoficinas.com\/pt\/jornal-das-oficinas-de-junho-ja-disponivel-online-2\/","name":"Jornal das Oficinas de junho j\u00e1 dispon\u00edvel online - Jornal das Oficinas","isPartOf":{"@id":"https:\/\/jornaldasoficinas.com\/pt\/#website"},"primaryImageOfPage":{"@id":"https:\/\/jornaldasoficinas.com\/pt\/jornal-das-oficinas-de-junho-ja-disponivel-online-2\/#primaryimage"},"image":{"@id":"https:\/\/jornaldasoficinas.com\/pt\/jornal-das-oficinas-de-junho-ja-disponivel-online-2\/#primaryimage"},"thumbnailUrl":"https:\/\/jornaldasoficinas.com\/pt\/wp-content\/uploads\/2023\/05\/JO209Foto-1.png","datePublished":"2023-05-28T20:30:12+00:00","description":"Na edi\u00e7\u00e3o de junho, o destaque \u00e9 sobre a Iberiza\u00e7\u00e3o do aftermarket. Num mundo cada vez mais globalizado, as fronteiras j\u00e1 n\u00e3o s\u00e3o impedimento","breadcrumb":{"@id":"https:\/\/jornaldasoficinas.com\/pt\/jornal-das-oficinas-de-junho-ja-disponivel-online-2\/#breadcrumb"},"inLanguage":"pt-PT","potentialAction":[{"@type":"ReadAction","target":["https:\/\/jornaldasoficinas.com\/pt\/jornal-das-oficinas-de-junho-ja-disponivel-online-2\/"]}]},{"@type":"ImageObject","inLanguage":"pt-PT","@id":"https:\/\/jornaldasoficinas.com\/pt\/jornal-das-oficinas-de-junho-ja-disponivel-online-2\/#primaryimage","url":"https:\/\/jornaldasoficinas.com\/pt\/wp-content\/uploads\/2023\/05\/JO209Foto-1.png","contentUrl":"https:\/\/jornaldasoficinas.com\/pt\/wp-content\/uploads\/2023\/05\/JO209Foto-1.png","width":1024,"height":581,"caption":"05 - JO209Foto 1"},{"@type":"BreadcrumbList","@id":"https:\/\/jornaldasoficinas.com\/pt\/jornal-das-oficinas-de-junho-ja-disponivel-online-2\/#breadcrumb","itemListElement":[{"@type":"ListItem","position":1,"name":"In\u00edcio","item":"https:\/\/jornaldasoficinas.com\/pt\/"},{"@type":"ListItem","position":2,"name":"Jornal das Oficinas de junho j\u00e1 dispon\u00edvel online"}]},{"@type":"WebSite","@id":"https:\/\/jornaldasoficinas.com\/pt\/#website","url":"https:\/\/jornaldasoficinas.com\/pt\/","name":"Jornal das Oficinas","description":"Jornal independente do Aftermarket Autom\u00f3vel em Portugal","publisher":{"@id":"https:\/\/jornaldasoficinas.com\/pt\/#organization"},"potentialAction":[{"@type":"SearchAction","target":{"@type":"EntryPoint","urlTemplate":"https:\/\/jornaldasoficinas.com\/pt\/?s={search_term_string}"},"query-input":{"@type":"PropertyValueSpecification","valueRequired":true,"valueName":"search_term_string"}}],"inLanguage":"pt-PT"},{"@type":"Organization","@id":"https:\/\/jornaldasoficinas.com\/pt\/#organization","name":"Jornal das Oficinas","url":"https:\/\/jornaldasoficinas.com\/pt\/","logo":{"@type":"ImageObject","inLanguage":"pt-PT","@id":"https:\/\/jornaldasoficinas.com\/pt\/#\/schema\/logo\/image\/","url":"https:\/\/jornaldasoficinas.com\/pt\/wp-content\/uploads\/logoJO-SEO.png","contentUrl":"https:\/\/jornaldasoficinas.com\/pt\/wp-content\/uploads\/logoJO-SEO.png","width":285,"height":450,"caption":"Jornal das Oficinas"},"image":{"@id":"https:\/\/jornaldasoficinas.com\/pt\/#\/schema\/logo\/image\/"},"sameAs":["https:\/\/www.facebook.com\/jornaloficinas","https:\/\/x.com\/jornaloficinas","https:\/\/www.instagram.com\/jornal_oficinas\/","https:\/\/www.linkedin.com\/company\/jornal-das-oficinas\/","https:\/\/www.youtube.com\/channel\/UCbQZBqtcvV-oSQrr7RzINGg"]},{"@type":"Person","@id":"https:\/\/jornaldasoficinas.com\/pt\/#\/schema\/person\/a38eef5de2c41d9e7c9ac10141afddf3","name":"Reda\u00e7\u00e3o JO","image":{"@type":"ImageObject","inLanguage":"pt-PT","@id":"https:\/\/secure.gravatar.com\/avatar\/71f2fa71737ad68a84fea94bc708ddac8ea5b0c4788dc2ad202f3ccb2887742f?s=96&d=wp_user_avatar&r=g","url":"https:\/\/secure.gravatar.com\/avatar\/71f2fa71737ad68a84fea94bc708ddac8ea5b0c4788dc2ad202f3ccb2887742f?s=96&d=wp_user_avatar&r=g","contentUrl":"https:\/\/secure.gravatar.com\/avatar\/71f2fa71737ad68a84fea94bc708ddac8ea5b0c4788dc2ad202f3ccb2887742f?s=96&d=wp_user_avatar&r=g","caption":"Reda\u00e7\u00e3o JO"},"url":"https:\/\/jornaldasoficinas.com\/pt\/author\/joredacao\/"}]}},"_links":{"self":[{"href":"https:\/\/jornaldasoficinas.com\/pt\/wp-json\/wp\/v2\/posts\/67133","targetHints":{"allow":["GET"]}}],"collection":[{"href":"https:\/\/jornaldasoficinas.com\/pt\/wp-json\/wp\/v2\/posts"}],"about":[{"href":"https:\/\/jornaldasoficinas.com\/pt\/wp-json\/wp\/v2\/types\/post"}],"author":[{"embeddable":true,"href":"https:\/\/jornaldasoficinas.com\/pt\/wp-json\/wp\/v2\/users\/15"}],"replies":[{"embeddable":true,"href":"https:\/\/jornaldasoficinas.com\/pt\/wp-json\/wp\/v2\/comments?post=67133"}],"version-history":[{"count":0,"href":"https:\/\/jornaldasoficinas.com\/pt\/wp-json\/wp\/v2\/posts\/67133\/revisions"}],"wp:featuredmedia":[{"embeddable":true,"href":"https:\/\/jornaldasoficinas.com\/pt\/wp-json\/wp\/v2\/media\/67136"}],"wp:attachment":[{"href":"https:\/\/jornaldasoficinas.com\/pt\/wp-json\/wp\/v2\/media?parent=67133"}],"wp:term":[{"taxonomy":"category","embeddable":true,"href":"https:\/\/jornaldasoficinas.com\/pt\/wp-json\/wp\/v2\/categories?post=67133"},{"taxonomy":"post_tag","embeddable":true,"href":"https:\/\/jornaldasoficinas.com\/pt\/wp-json\/wp\/v2\/tags?post=67133"}],"curies":[{"name":"wp","href":"https:\/\/api.w.org\/{rel}","templated":true}]}}