{"id":67278,"date":"2023-05-30T14:00:25","date_gmt":"2023-05-30T13:00:25","guid":{"rendered":"https:\/\/jornaldasoficinas.com\/pt\/?p=67278"},"modified":"2023-05-30T10:07:25","modified_gmt":"2023-05-30T09:07:25","slug":"oito-paises-unem-se-contra-o-euro-7","status":"publish","type":"post","link":"https:\/\/jornaldasoficinas.com\/pt\/oito-paises-unem-se-contra-o-euro-7\/","title":{"rendered":"Oito pa\u00edses unem-se contra o Euro 7"},"content":{"rendered":"<p><img loading=\"lazy\" decoding=\"async\" class=\"alignnone size-full wp-image-67257\" src=\"https:\/\/jornaldasoficinas.com\/pt\/wp-content\/uploads\/2023\/05\/Oito-paises-unem-se-contra-o-Euro-7.jpg\" alt=\"05 - Oito paises unem se contra o Euro 7\" width=\"1024\" height=\"581\" srcset=\"https:\/\/jornaldasoficinas.com\/pt\/wp-content\/uploads\/2023\/05\/Oito-paises-unem-se-contra-o-Euro-7.jpg 1024w, https:\/\/jornaldasoficinas.com\/pt\/wp-content\/uploads\/2023\/05\/Oito-paises-unem-se-contra-o-Euro-7-300x170.jpg 300w, https:\/\/jornaldasoficinas.com\/pt\/wp-content\/uploads\/2023\/05\/Oito-paises-unem-se-contra-o-Euro-7-150x85.jpg 150w, https:\/\/jornaldasoficinas.com\/pt\/wp-content\/uploads\/2023\/05\/Oito-paises-unem-se-contra-o-Euro-7-768x436.jpg 768w\" sizes=\"auto, (max-width: 1024px) 100vw, 1024px\" \/><\/p>\n<p><strong>Poucos dias antes de a Uni\u00e3o Europeia dar o golpe final no motor de combust\u00e3o ap\u00f3s 2035, uma coliga\u00e7\u00e3o liderada pela Alemanha e pela It\u00e1lia amea\u00e7ou anular a medida se a viabilidade dos combust\u00edveis ecol\u00f3gicos n\u00e3o fosse garantida. Agora, o mesmo poder\u00e1 acontecer com a futura norma de emiss\u00f5es Euro 7, que j\u00e1 foi rejeitada por oito pa\u00edses<\/strong><\/p>\n<p>Desde que a Uni\u00e3o Europeia anunciou a sua inten\u00e7\u00e3o de aprovar a norma Euro 7 para reduzir ainda mais os limites de emiss\u00f5es dos ve\u00edculos novos &#8211; que dever\u00e1 entrar em vigor em 2025 para os autom\u00f3veis de passageiros e carrinhas e em 2027 para os cami\u00f5es e autocarros &#8211; todos os construtores levantaram a voz para criticar uma medida que, segundo eles, atrasaria os objetivos de descarboniza\u00e7\u00e3o fixados por Bruxelas. Com o fim da gasolina e do gas\u00f3leo em 2035, n\u00e3o haveria tempo suficiente para amortizar os investimentos necess\u00e1rios para desenvolver motores que cumpram os requisitos da nova regulamenta\u00e7\u00e3o. J\u00e1 para n\u00e3o falar dos investimentos que deixariam de ser afetados aos autom\u00f3veis el\u00e9tricos para cumprir a norma Euro 7.<\/p>\n<p>Neste contexto de oposi\u00e7\u00e3o da ind\u00fastria, cerca de oito pa\u00edses europeus assinaram um documento para rejeitar liminarmente um regulamento que, na pr\u00e1tica, poderia significar o fim da gasolina e do gas\u00f3leo ainda mais cedo do que o previsto, com o consequente impacto no sector e na economia desses pa\u00edses. Embora este documento n\u00e3o tenha qualquer valor formal, representa uma declara\u00e7\u00e3o de inten\u00e7\u00f5es que poder\u00e1 levar a uma altera\u00e7\u00e3o substancial da regulamenta\u00e7\u00e3o, uma vez que estes pa\u00edses ter\u00e3o poder de voto suficiente para bloquear o regulamento.<\/p>\n<p>De acordo com esta informa\u00e7\u00e3o, estes oito pa\u00edses seriam a Fran\u00e7a, a It\u00e1lia, a Rep\u00fablica Checa, a Pol\u00f3nia, a Rom\u00e9nia, a Bulg\u00e1ria, a Hungria e a Eslov\u00e1quia. Por enquanto, a Alemanha &#8211; o motor da medida que abriu a porta aos combust\u00edveis ecol\u00f3gicos &#8211; n\u00e3o tomou posi\u00e7\u00e3o sobre o assunto, embora esteja a acompanhar de perto o que est\u00e1 a ser debatido. O mesmo acontece com a Espanha, que tamb\u00e9m n\u00e3o se associou, apesar da posi\u00e7\u00e3o da <a href=\"https:\/\/anfac.com\/\" target=\"_blank\" rel=\"noopener\">Anfac<\/a> e da <a href=\"https:\/\/www.faconauto.com\/\" target=\"_blank\" rel=\"noopener\">Faconauto<\/a> e da import\u00e2ncia da ind\u00fastria autom\u00f3vel no pa\u00eds.<\/p>\n<p>Estes oito pa\u00edses consideram que os limites de emiss\u00f5es que a norma ir\u00e1 impor &#8220;n\u00e3o s\u00e3o realistas atualmente&#8221;, pelo que se op\u00f5em a &#8220;qualquer nova regra de emiss\u00f5es de gases de escape&#8221;.<\/p>\n<p>Esta posi\u00e7\u00e3o est\u00e1 em sintonia com a da pr\u00f3pria ind\u00fastria, que considera &#8220;in\u00fatil&#8221;, como a descreveu o <a href=\"https:\/\/www.stellantis.com\/en\" target=\"_blank\" rel=\"noopener\">Grupo Stellantis<\/a>, uma norma que teria &#8220;um enorme impacto negativo na ind\u00fastria, sem fazer qualquer diferen\u00e7a para o ambiente&#8221;. Al\u00e9m disso, as marcas teriam de desviar fundos destinados ao desenvolvimento de tecnologias de emiss\u00f5es zero para colocar no mercado motores de combust\u00e3o mais limpos e mais eficientes, atrasando assim a implanta\u00e7\u00e3o da mobilidade el\u00e9trica.<\/p>\n<p>J\u00e1 para n\u00e3o falar do aumento do custo dos ve\u00edculos a gasolina e a gas\u00f3leo, que tornaria o acesso a estes ve\u00edculos ainda mais dif\u00edcil para as camadas sociais com menores rendimentos. Na pr\u00e1tica, isto conduziria tamb\u00e9m ao abandono dos ve\u00edculos mais pequenos pelos construtores, devido \u00e0 dificuldade de rentabilizar estes segmentos de entrada de gama.<\/p>\n<p><em>Fonte: Autopos<\/em><\/p>\n","protected":false},"excerpt":{"rendered":"<p>Poucos dias antes de a Uni\u00e3o&#8230;<\/p>\n","protected":false},"author":15,"featured_media":67257,"comment_status":"closed","ping_status":"closed","sticky":false,"template":"","format":"standard","meta":{"footnotes":""},"categories":[37],"tags":[5488,5487,1767,1819],"class_list":["post-67278","post","type-post","status-publish","format-standard","has-post-thumbnail","hentry","category-mercado","tag-emissoes-dos-veiculos","tag-euro-7","tag-sustentabilidade","tag-uniao-europeia"],"yoast_head":"<!-- This site is optimized with the Yoast SEO plugin v27.5 - https:\/\/yoast.com\/product\/yoast-seo-wordpress\/ -->\n<title>Oito pa\u00edses unem-se contra o Euro 7 - Jornal das Oficinas<\/title>\n<meta name=\"description\" content=\"Poucos dias antes de a Uni\u00e3o Europeia dar o golpe final no motor de combust\u00e3o ap\u00f3s 2035, uma coliga\u00e7\u00e3o liderada pela Alemanha e pela It\u00e1lia\" \/>\n<meta name=\"robots\" content=\"index, follow, max-snippet:-1, max-image-preview:large, max-video-preview:-1\" \/>\n<link rel=\"canonical\" href=\"https:\/\/jornaldasoficinas.com\/pt\/oito-paises-unem-se-contra-o-euro-7\/\" \/>\n<meta property=\"og:locale\" content=\"pt_PT\" \/>\n<meta property=\"og:type\" content=\"article\" \/>\n<meta property=\"og:title\" content=\"Oito pa\u00edses unem-se contra o Euro 7 - Jornal das Oficinas\" \/>\n<meta property=\"og:description\" content=\"Poucos dias antes de a Uni\u00e3o Europeia dar o golpe final no motor de combust\u00e3o ap\u00f3s 2035, uma coliga\u00e7\u00e3o liderada pela Alemanha e pela It\u00e1lia\" \/>\n<meta property=\"og:url\" content=\"https:\/\/jornaldasoficinas.com\/pt\/oito-paises-unem-se-contra-o-euro-7\/\" \/>\n<meta property=\"og:site_name\" content=\"Jornal das Oficinas\" \/>\n<meta property=\"article:publisher\" content=\"https:\/\/www.facebook.com\/jornaloficinas\" \/>\n<meta property=\"article:published_time\" content=\"2023-05-30T13:00:25+00:00\" \/>\n<meta property=\"og:image\" content=\"https:\/\/jornaldasoficinas.com\/pt\/wp-content\/uploads\/2023\/05\/Oito-paises-unem-se-contra-o-Euro-7.jpg\" \/>\n\t<meta property=\"og:image:width\" content=\"1024\" \/>\n\t<meta property=\"og:image:height\" content=\"581\" \/>\n\t<meta property=\"og:image:type\" content=\"image\/jpeg\" \/>\n<meta name=\"author\" content=\"Reda\u00e7\u00e3o JO\" \/>\n<meta name=\"twitter:card\" content=\"summary_large_image\" \/>\n<meta name=\"twitter:creator\" content=\"@jornaloficinas\" \/>\n<meta name=\"twitter:site\" content=\"@jornaloficinas\" \/>\n<meta name=\"twitter:label1\" content=\"Escrito por\" \/>\n\t<meta name=\"twitter:data1\" content=\"Reda\u00e7\u00e3o JO\" \/>\n\t<meta name=\"twitter:label2\" content=\"Tempo estimado de leitura\" \/>\n\t<meta name=\"twitter:data2\" content=\"3 minutos\" \/>\n<script type=\"application\/ld+json\" class=\"yoast-schema-graph\">{\"@context\":\"https:\\\/\\\/schema.org\",\"@graph\":[{\"@type\":\"Article\",\"@id\":\"https:\\\/\\\/jornaldasoficinas.com\\\/pt\\\/oito-paises-unem-se-contra-o-euro-7\\\/#article\",\"isPartOf\":{\"@id\":\"https:\\\/\\\/jornaldasoficinas.com\\\/pt\\\/oito-paises-unem-se-contra-o-euro-7\\\/\"},\"author\":{\"name\":\"Reda\u00e7\u00e3o JO\",\"@id\":\"https:\\\/\\\/jornaldasoficinas.com\\\/pt\\\/#\\\/schema\\\/person\\\/a38eef5de2c41d9e7c9ac10141afddf3\"},\"headline\":\"Oito pa\u00edses unem-se contra o Euro 7\",\"datePublished\":\"2023-05-30T13:00:25+00:00\",\"mainEntityOfPage\":{\"@id\":\"https:\\\/\\\/jornaldasoficinas.com\\\/pt\\\/oito-paises-unem-se-contra-o-euro-7\\\/\"},\"wordCount\":595,\"publisher\":{\"@id\":\"https:\\\/\\\/jornaldasoficinas.com\\\/pt\\\/#organization\"},\"image\":{\"@id\":\"https:\\\/\\\/jornaldasoficinas.com\\\/pt\\\/oito-paises-unem-se-contra-o-euro-7\\\/#primaryimage\"},\"thumbnailUrl\":\"https:\\\/\\\/jornaldasoficinas.com\\\/pt\\\/wp-content\\\/uploads\\\/2023\\\/05\\\/Oito-paises-unem-se-contra-o-Euro-7.jpg\",\"keywords\":[\"emiss\u00f5es dos ve\u00edculos\",\"Euro 7\",\"Sustentabilidade\",\"Uni\u00e3o Europeia\"],\"articleSection\":[\"Mercado\"],\"inLanguage\":\"pt-PT\"},{\"@type\":\"WebPage\",\"@id\":\"https:\\\/\\\/jornaldasoficinas.com\\\/pt\\\/oito-paises-unem-se-contra-o-euro-7\\\/\",\"url\":\"https:\\\/\\\/jornaldasoficinas.com\\\/pt\\\/oito-paises-unem-se-contra-o-euro-7\\\/\",\"name\":\"Oito pa\u00edses unem-se contra o Euro 7 - Jornal das Oficinas\",\"isPartOf\":{\"@id\":\"https:\\\/\\\/jornaldasoficinas.com\\\/pt\\\/#website\"},\"primaryImageOfPage\":{\"@id\":\"https:\\\/\\\/jornaldasoficinas.com\\\/pt\\\/oito-paises-unem-se-contra-o-euro-7\\\/#primaryimage\"},\"image\":{\"@id\":\"https:\\\/\\\/jornaldasoficinas.com\\\/pt\\\/oito-paises-unem-se-contra-o-euro-7\\\/#primaryimage\"},\"thumbnailUrl\":\"https:\\\/\\\/jornaldasoficinas.com\\\/pt\\\/wp-content\\\/uploads\\\/2023\\\/05\\\/Oito-paises-unem-se-contra-o-Euro-7.jpg\",\"datePublished\":\"2023-05-30T13:00:25+00:00\",\"description\":\"Poucos dias antes de a Uni\u00e3o Europeia dar o golpe final no motor de combust\u00e3o ap\u00f3s 2035, uma coliga\u00e7\u00e3o liderada pela Alemanha e pela It\u00e1lia\",\"breadcrumb\":{\"@id\":\"https:\\\/\\\/jornaldasoficinas.com\\\/pt\\\/oito-paises-unem-se-contra-o-euro-7\\\/#breadcrumb\"},\"inLanguage\":\"pt-PT\",\"potentialAction\":[{\"@type\":\"ReadAction\",\"target\":[\"https:\\\/\\\/jornaldasoficinas.com\\\/pt\\\/oito-paises-unem-se-contra-o-euro-7\\\/\"]}]},{\"@type\":\"ImageObject\",\"inLanguage\":\"pt-PT\",\"@id\":\"https:\\\/\\\/jornaldasoficinas.com\\\/pt\\\/oito-paises-unem-se-contra-o-euro-7\\\/#primaryimage\",\"url\":\"https:\\\/\\\/jornaldasoficinas.com\\\/pt\\\/wp-content\\\/uploads\\\/2023\\\/05\\\/Oito-paises-unem-se-contra-o-Euro-7.jpg\",\"contentUrl\":\"https:\\\/\\\/jornaldasoficinas.com\\\/pt\\\/wp-content\\\/uploads\\\/2023\\\/05\\\/Oito-paises-unem-se-contra-o-Euro-7.jpg\",\"width\":1024,\"height\":581,\"caption\":\"05 - Oito paises unem se contra o Euro 7\"},{\"@type\":\"BreadcrumbList\",\"@id\":\"https:\\\/\\\/jornaldasoficinas.com\\\/pt\\\/oito-paises-unem-se-contra-o-euro-7\\\/#breadcrumb\",\"itemListElement\":[{\"@type\":\"ListItem\",\"position\":1,\"name\":\"In\u00edcio\",\"item\":\"https:\\\/\\\/jornaldasoficinas.com\\\/pt\\\/\"},{\"@type\":\"ListItem\",\"position\":2,\"name\":\"Oito pa\u00edses unem-se contra o Euro 7\"}]},{\"@type\":\"WebSite\",\"@id\":\"https:\\\/\\\/jornaldasoficinas.com\\\/pt\\\/#website\",\"url\":\"https:\\\/\\\/jornaldasoficinas.com\\\/pt\\\/\",\"name\":\"Jornal das Oficinas\",\"description\":\"Jornal independente do Aftermarket Autom\u00f3vel em Portugal\",\"publisher\":{\"@id\":\"https:\\\/\\\/jornaldasoficinas.com\\\/pt\\\/#organization\"},\"potentialAction\":[{\"@type\":\"SearchAction\",\"target\":{\"@type\":\"EntryPoint\",\"urlTemplate\":\"https:\\\/\\\/jornaldasoficinas.com\\\/pt\\\/?s={search_term_string}\"},\"query-input\":{\"@type\":\"PropertyValueSpecification\",\"valueRequired\":true,\"valueName\":\"search_term_string\"}}],\"inLanguage\":\"pt-PT\"},{\"@type\":\"Organization\",\"@id\":\"https:\\\/\\\/jornaldasoficinas.com\\\/pt\\\/#organization\",\"name\":\"Jornal das Oficinas\",\"url\":\"https:\\\/\\\/jornaldasoficinas.com\\\/pt\\\/\",\"logo\":{\"@type\":\"ImageObject\",\"inLanguage\":\"pt-PT\",\"@id\":\"https:\\\/\\\/jornaldasoficinas.com\\\/pt\\\/#\\\/schema\\\/logo\\\/image\\\/\",\"url\":\"https:\\\/\\\/jornaldasoficinas.com\\\/pt\\\/wp-content\\\/uploads\\\/logoJO-SEO.png\",\"contentUrl\":\"https:\\\/\\\/jornaldasoficinas.com\\\/pt\\\/wp-content\\\/uploads\\\/logoJO-SEO.png\",\"width\":285,\"height\":450,\"caption\":\"Jornal das Oficinas\"},\"image\":{\"@id\":\"https:\\\/\\\/jornaldasoficinas.com\\\/pt\\\/#\\\/schema\\\/logo\\\/image\\\/\"},\"sameAs\":[\"https:\\\/\\\/www.facebook.com\\\/jornaloficinas\",\"https:\\\/\\\/x.com\\\/jornaloficinas\",\"https:\\\/\\\/www.instagram.com\\\/jornal_oficinas\\\/\",\"https:\\\/\\\/www.linkedin.com\\\/company\\\/jornal-das-oficinas\\\/\",\"https:\\\/\\\/www.youtube.com\\\/channel\\\/UCbQZBqtcvV-oSQrr7RzINGg\"]},{\"@type\":\"Person\",\"@id\":\"https:\\\/\\\/jornaldasoficinas.com\\\/pt\\\/#\\\/schema\\\/person\\\/a38eef5de2c41d9e7c9ac10141afddf3\",\"name\":\"Reda\u00e7\u00e3o JO\",\"image\":{\"@type\":\"ImageObject\",\"inLanguage\":\"pt-PT\",\"@id\":\"https:\\\/\\\/secure.gravatar.com\\\/avatar\\\/71f2fa71737ad68a84fea94bc708ddac8ea5b0c4788dc2ad202f3ccb2887742f?s=96&d=wp_user_avatar&r=g\",\"url\":\"https:\\\/\\\/secure.gravatar.com\\\/avatar\\\/71f2fa71737ad68a84fea94bc708ddac8ea5b0c4788dc2ad202f3ccb2887742f?s=96&d=wp_user_avatar&r=g\",\"contentUrl\":\"https:\\\/\\\/secure.gravatar.com\\\/avatar\\\/71f2fa71737ad68a84fea94bc708ddac8ea5b0c4788dc2ad202f3ccb2887742f?s=96&d=wp_user_avatar&r=g\",\"caption\":\"Reda\u00e7\u00e3o JO\"},\"url\":\"https:\\\/\\\/jornaldasoficinas.com\\\/pt\\\/author\\\/joredacao\\\/\"}]}<\/script>\n<!-- \/ Yoast SEO plugin. -->","yoast_head_json":{"title":"Oito pa\u00edses unem-se contra o Euro 7 - Jornal das Oficinas","description":"Poucos dias antes de a Uni\u00e3o Europeia dar o golpe final no motor de combust\u00e3o ap\u00f3s 2035, uma coliga\u00e7\u00e3o liderada pela Alemanha e pela It\u00e1lia","robots":{"index":"index","follow":"follow","max-snippet":"max-snippet:-1","max-image-preview":"max-image-preview:large","max-video-preview":"max-video-preview:-1"},"canonical":"https:\/\/jornaldasoficinas.com\/pt\/oito-paises-unem-se-contra-o-euro-7\/","og_locale":"pt_PT","og_type":"article","og_title":"Oito pa\u00edses unem-se contra o Euro 7 - Jornal das Oficinas","og_description":"Poucos dias antes de a Uni\u00e3o Europeia dar o golpe final no motor de combust\u00e3o ap\u00f3s 2035, uma coliga\u00e7\u00e3o liderada pela Alemanha e pela It\u00e1lia","og_url":"https:\/\/jornaldasoficinas.com\/pt\/oito-paises-unem-se-contra-o-euro-7\/","og_site_name":"Jornal das Oficinas","article_publisher":"https:\/\/www.facebook.com\/jornaloficinas","article_published_time":"2023-05-30T13:00:25+00:00","og_image":[{"width":1024,"height":581,"url":"https:\/\/jornaldasoficinas.com\/pt\/wp-content\/uploads\/2023\/05\/Oito-paises-unem-se-contra-o-Euro-7.jpg","type":"image\/jpeg"}],"author":"Reda\u00e7\u00e3o JO","twitter_card":"summary_large_image","twitter_creator":"@jornaloficinas","twitter_site":"@jornaloficinas","twitter_misc":{"Escrito por":"Reda\u00e7\u00e3o JO","Tempo estimado de leitura":"3 minutos"},"schema":{"@context":"https:\/\/schema.org","@graph":[{"@type":"Article","@id":"https:\/\/jornaldasoficinas.com\/pt\/oito-paises-unem-se-contra-o-euro-7\/#article","isPartOf":{"@id":"https:\/\/jornaldasoficinas.com\/pt\/oito-paises-unem-se-contra-o-euro-7\/"},"author":{"name":"Reda\u00e7\u00e3o JO","@id":"https:\/\/jornaldasoficinas.com\/pt\/#\/schema\/person\/a38eef5de2c41d9e7c9ac10141afddf3"},"headline":"Oito pa\u00edses unem-se contra o Euro 7","datePublished":"2023-05-30T13:00:25+00:00","mainEntityOfPage":{"@id":"https:\/\/jornaldasoficinas.com\/pt\/oito-paises-unem-se-contra-o-euro-7\/"},"wordCount":595,"publisher":{"@id":"https:\/\/jornaldasoficinas.com\/pt\/#organization"},"image":{"@id":"https:\/\/jornaldasoficinas.com\/pt\/oito-paises-unem-se-contra-o-euro-7\/#primaryimage"},"thumbnailUrl":"https:\/\/jornaldasoficinas.com\/pt\/wp-content\/uploads\/2023\/05\/Oito-paises-unem-se-contra-o-Euro-7.jpg","keywords":["emiss\u00f5es dos ve\u00edculos","Euro 7","Sustentabilidade","Uni\u00e3o Europeia"],"articleSection":["Mercado"],"inLanguage":"pt-PT"},{"@type":"WebPage","@id":"https:\/\/jornaldasoficinas.com\/pt\/oito-paises-unem-se-contra-o-euro-7\/","url":"https:\/\/jornaldasoficinas.com\/pt\/oito-paises-unem-se-contra-o-euro-7\/","name":"Oito pa\u00edses unem-se contra o Euro 7 - Jornal das Oficinas","isPartOf":{"@id":"https:\/\/jornaldasoficinas.com\/pt\/#website"},"primaryImageOfPage":{"@id":"https:\/\/jornaldasoficinas.com\/pt\/oito-paises-unem-se-contra-o-euro-7\/#primaryimage"},"image":{"@id":"https:\/\/jornaldasoficinas.com\/pt\/oito-paises-unem-se-contra-o-euro-7\/#primaryimage"},"thumbnailUrl":"https:\/\/jornaldasoficinas.com\/pt\/wp-content\/uploads\/2023\/05\/Oito-paises-unem-se-contra-o-Euro-7.jpg","datePublished":"2023-05-30T13:00:25+00:00","description":"Poucos dias antes de a Uni\u00e3o Europeia dar o golpe final no motor de combust\u00e3o ap\u00f3s 2035, uma coliga\u00e7\u00e3o liderada pela Alemanha e pela It\u00e1lia","breadcrumb":{"@id":"https:\/\/jornaldasoficinas.com\/pt\/oito-paises-unem-se-contra-o-euro-7\/#breadcrumb"},"inLanguage":"pt-PT","potentialAction":[{"@type":"ReadAction","target":["https:\/\/jornaldasoficinas.com\/pt\/oito-paises-unem-se-contra-o-euro-7\/"]}]},{"@type":"ImageObject","inLanguage":"pt-PT","@id":"https:\/\/jornaldasoficinas.com\/pt\/oito-paises-unem-se-contra-o-euro-7\/#primaryimage","url":"https:\/\/jornaldasoficinas.com\/pt\/wp-content\/uploads\/2023\/05\/Oito-paises-unem-se-contra-o-Euro-7.jpg","contentUrl":"https:\/\/jornaldasoficinas.com\/pt\/wp-content\/uploads\/2023\/05\/Oito-paises-unem-se-contra-o-Euro-7.jpg","width":1024,"height":581,"caption":"05 - Oito paises unem se contra o Euro 7"},{"@type":"BreadcrumbList","@id":"https:\/\/jornaldasoficinas.com\/pt\/oito-paises-unem-se-contra-o-euro-7\/#breadcrumb","itemListElement":[{"@type":"ListItem","position":1,"name":"In\u00edcio","item":"https:\/\/jornaldasoficinas.com\/pt\/"},{"@type":"ListItem","position":2,"name":"Oito pa\u00edses unem-se contra o Euro 7"}]},{"@type":"WebSite","@id":"https:\/\/jornaldasoficinas.com\/pt\/#website","url":"https:\/\/jornaldasoficinas.com\/pt\/","name":"Jornal das Oficinas","description":"Jornal independente do Aftermarket Autom\u00f3vel em Portugal","publisher":{"@id":"https:\/\/jornaldasoficinas.com\/pt\/#organization"},"potentialAction":[{"@type":"SearchAction","target":{"@type":"EntryPoint","urlTemplate":"https:\/\/jornaldasoficinas.com\/pt\/?s={search_term_string}"},"query-input":{"@type":"PropertyValueSpecification","valueRequired":true,"valueName":"search_term_string"}}],"inLanguage":"pt-PT"},{"@type":"Organization","@id":"https:\/\/jornaldasoficinas.com\/pt\/#organization","name":"Jornal das Oficinas","url":"https:\/\/jornaldasoficinas.com\/pt\/","logo":{"@type":"ImageObject","inLanguage":"pt-PT","@id":"https:\/\/jornaldasoficinas.com\/pt\/#\/schema\/logo\/image\/","url":"https:\/\/jornaldasoficinas.com\/pt\/wp-content\/uploads\/logoJO-SEO.png","contentUrl":"https:\/\/jornaldasoficinas.com\/pt\/wp-content\/uploads\/logoJO-SEO.png","width":285,"height":450,"caption":"Jornal das Oficinas"},"image":{"@id":"https:\/\/jornaldasoficinas.com\/pt\/#\/schema\/logo\/image\/"},"sameAs":["https:\/\/www.facebook.com\/jornaloficinas","https:\/\/x.com\/jornaloficinas","https:\/\/www.instagram.com\/jornal_oficinas\/","https:\/\/www.linkedin.com\/company\/jornal-das-oficinas\/","https:\/\/www.youtube.com\/channel\/UCbQZBqtcvV-oSQrr7RzINGg"]},{"@type":"Person","@id":"https:\/\/jornaldasoficinas.com\/pt\/#\/schema\/person\/a38eef5de2c41d9e7c9ac10141afddf3","name":"Reda\u00e7\u00e3o JO","image":{"@type":"ImageObject","inLanguage":"pt-PT","@id":"https:\/\/secure.gravatar.com\/avatar\/71f2fa71737ad68a84fea94bc708ddac8ea5b0c4788dc2ad202f3ccb2887742f?s=96&d=wp_user_avatar&r=g","url":"https:\/\/secure.gravatar.com\/avatar\/71f2fa71737ad68a84fea94bc708ddac8ea5b0c4788dc2ad202f3ccb2887742f?s=96&d=wp_user_avatar&r=g","contentUrl":"https:\/\/secure.gravatar.com\/avatar\/71f2fa71737ad68a84fea94bc708ddac8ea5b0c4788dc2ad202f3ccb2887742f?s=96&d=wp_user_avatar&r=g","caption":"Reda\u00e7\u00e3o JO"},"url":"https:\/\/jornaldasoficinas.com\/pt\/author\/joredacao\/"}]}},"_links":{"self":[{"href":"https:\/\/jornaldasoficinas.com\/pt\/wp-json\/wp\/v2\/posts\/67278","targetHints":{"allow":["GET"]}}],"collection":[{"href":"https:\/\/jornaldasoficinas.com\/pt\/wp-json\/wp\/v2\/posts"}],"about":[{"href":"https:\/\/jornaldasoficinas.com\/pt\/wp-json\/wp\/v2\/types\/post"}],"author":[{"embeddable":true,"href":"https:\/\/jornaldasoficinas.com\/pt\/wp-json\/wp\/v2\/users\/15"}],"replies":[{"embeddable":true,"href":"https:\/\/jornaldasoficinas.com\/pt\/wp-json\/wp\/v2\/comments?post=67278"}],"version-history":[{"count":0,"href":"https:\/\/jornaldasoficinas.com\/pt\/wp-json\/wp\/v2\/posts\/67278\/revisions"}],"wp:featuredmedia":[{"embeddable":true,"href":"https:\/\/jornaldasoficinas.com\/pt\/wp-json\/wp\/v2\/media\/67257"}],"wp:attachment":[{"href":"https:\/\/jornaldasoficinas.com\/pt\/wp-json\/wp\/v2\/media?parent=67278"}],"wp:term":[{"taxonomy":"category","embeddable":true,"href":"https:\/\/jornaldasoficinas.com\/pt\/wp-json\/wp\/v2\/categories?post=67278"},{"taxonomy":"post_tag","embeddable":true,"href":"https:\/\/jornaldasoficinas.com\/pt\/wp-json\/wp\/v2\/tags?post=67278"}],"curies":[{"name":"wp","href":"https:\/\/api.w.org\/{rel}","templated":true}]}}