{"id":67345,"date":"2023-06-01T08:00:35","date_gmt":"2023-06-01T07:00:35","guid":{"rendered":"https:\/\/jornaldasoficinas.com\/pt\/?p=67345"},"modified":"2023-05-31T15:19:47","modified_gmt":"2023-05-31T14:19:47","slug":"assoft-e-apeca-juntas-pela-partilha-de-conhecimento-tecnologico","status":"publish","type":"post","link":"https:\/\/jornaldasoficinas.com\/pt\/assoft-e-apeca-juntas-pela-partilha-de-conhecimento-tecnologico\/","title":{"rendered":"ASSOFT e APECA juntas pela partilha de conhecimento tecnol\u00f3gico"},"content":{"rendered":"<p><strong><img loading=\"lazy\" decoding=\"async\" class=\"alignnone size-full wp-image-67349\" src=\"https:\/\/jornaldasoficinas.com\/pt\/wp-content\/uploads\/2023\/05\/ASSOFT-e-APECA-juntas-pela-partilha-de-conhecimento-tecnologico.png\" alt=\"05 - ASSOFT e APECA juntas pela partilha de conhecimento tecnologico\" width=\"1024\" height=\"581\" srcset=\"https:\/\/jornaldasoficinas.com\/pt\/wp-content\/uploads\/2023\/05\/ASSOFT-e-APECA-juntas-pela-partilha-de-conhecimento-tecnologico.png 1024w, https:\/\/jornaldasoficinas.com\/pt\/wp-content\/uploads\/2023\/05\/ASSOFT-e-APECA-juntas-pela-partilha-de-conhecimento-tecnologico-300x170.png 300w, https:\/\/jornaldasoficinas.com\/pt\/wp-content\/uploads\/2023\/05\/ASSOFT-e-APECA-juntas-pela-partilha-de-conhecimento-tecnologico-150x85.png 150w, https:\/\/jornaldasoficinas.com\/pt\/wp-content\/uploads\/2023\/05\/ASSOFT-e-APECA-juntas-pela-partilha-de-conhecimento-tecnologico-768x436.png 768w\" sizes=\"auto, (max-width: 1024px) 100vw, 1024px\" \/><\/strong><\/p>\n<p><strong>A <a href=\"https:\/\/www.assoft.org\/pt\/\" target=\"_blank\" rel=\"noopener\">ASSOFT<\/a> &#8211; Associa\u00e7\u00e3o Portuguesa de Software e a <a href=\"https:\/\/www.apeca.pt\/new\/html\/home\" target=\"_blank\" rel=\"noopener\">APECA<\/a> &#8211; Associa\u00e7\u00e3o Portuguesa de Empresas de Contabilidade anunciaram a formaliza\u00e7\u00e3o de uma parceria estrat\u00e9gica para a partilha de conhecimento e experi\u00eancias entre as duas entidades, com o objetivo de refor\u00e7ar a conformidade das aplica\u00e7\u00f5es de software de gest\u00e3o empresarial com as normas legais e fiscais em vigor<\/strong><\/p>\n<p>Esta parceria surge no \u00e2mbito do reconhecimento m\u00fatuo da import\u00e2ncia e do papel que as aplica\u00e7\u00f5es de gest\u00e3o empresarial desempenham na atividade das empresas de contabilidade e administra\u00e7\u00e3o, bem como na qualidade e fiabilidade dos servi\u00e7os que estas prestam aos seus clientes.<\/p>\n<p>A ASSOFT \u00e9 uma associa\u00e7\u00e3o empresarial que representa os interesses das empresas que produzem e comercializam software em Portugal, tendo como miss\u00e3o promover o crescimento sustentado do setor, estimular a inova\u00e7\u00e3o e a competitividade, defender a propriedade intelectual e a legalidade do software, e contribuir para a forma\u00e7\u00e3o e qualifica\u00e7\u00e3o dos profissionais do setor.<\/p>\n<p>A APECA \u00e9 uma associa\u00e7\u00e3o profissional que representa as empresas de contabilidade e administra\u00e7\u00e3o em Portugal, tendo como miss\u00e3o defender os interesses dos seus associados, promover o desenvolvimento e a valoriza\u00e7\u00e3o da profiss\u00e3o, garantir o cumprimento das normas \u00e9ticas e deontol\u00f3gicas, e proporcionar aos seus associados forma\u00e7\u00e3o cont\u00ednua e atualizada.<\/p>\n<p>No \u00e2mbito desta parceria, as duas entidades comprometem-se a desenvolver um conjunto de atividades, nomeadamente:<\/p>\n<p>&#8211; Realizar sess\u00f5es de esclarecimento e forma\u00e7\u00e3o sobre as novidades legais e fiscais que afetam as aplica\u00e7\u00f5es de gest\u00e3o empresarial;<\/p>\n<p>&#8211; Participar nos grupos e f\u00f3runs de discuss\u00e3o organizados por ambas as entidades;<\/p>\n<p>&#8211; Promover a coopera\u00e7\u00e3o entre os associados das duas entidades, fomentando o interc\u00e2mbio de experi\u00eancias e solu\u00e7\u00f5es.<\/p>\n<p>A ASSOFT considera que esta parceria \u00e9 estrat\u00e9gica para o fortalecimento do setor do software em Portugal, que tem um papel fundamental na transforma\u00e7\u00e3o digital das empresas e na competitividade da economia. Esperamos que atrav\u00e9s desta coopera\u00e7\u00e3o mais pr\u00f3xima consigamos encontrar pontos de uni\u00e3o que se traduzam em benef\u00edcios m\u00fatuos para os nossos associados e para os seus parceiros, bem como para os clientes finais das solu\u00e7\u00f5es de software.<\/p>\n<p>O presidente da ASSOFT, Lu\u00eds Sousa, afirmou &#8220;estamos muito empenhados nesta aproxima\u00e7\u00e3o de la\u00e7os entre as partes que criam e usam software de gest\u00e3o empresarial em Portugal. Acreditamos que atrav\u00e9s do di\u00e1logo, juntando os interesses dos nossos associados com os interesses de quem lida de perto com as quest\u00f5es da fiscalidade nos v\u00e3o permitir enfrentar de forma mais otimista para os desafios que o futuro nos reserva\u201d.<\/p>\n<p>A presidente da APECA, Paula Santos, destacou &#8220;a parceria com a ASSOFT vai permitir-nos ter acesso a solu\u00e7\u00f5es tecnol\u00f3gicas mais adequadas \u00e0s necessidades das empresas que representamos. Sabemos que o software \u00e9 uma ferramenta essencial para o desempenho das nossas atividades profissionais. Por isso queremos estar na vanguarda do conhecimento sobre as novidades do setor&#8221;.<\/p>\n","protected":false},"excerpt":{"rendered":"<p>A ASSOFT &#8211; Associa\u00e7\u00e3o Portuguesa de&#8230;<\/p>\n","protected":false},"author":15,"featured_media":67349,"comment_status":"closed","ping_status":"closed","sticky":false,"template":"","format":"standard","meta":{"footnotes":""},"categories":[29],"tags":[5497,5496,4190],"class_list":["post-67345","post","type-post","status-publish","format-standard","has-post-thumbnail","hentry","category-empresas","tag-apeca","tag-assoft","tag-parceria-estrategica"],"yoast_head":"<!-- This site is optimized with the Yoast SEO plugin v27.4 - https:\/\/yoast.com\/product\/yoast-seo-wordpress\/ -->\n<title>ASSOFT e APECA juntas pela partilha de conhecimento tecnol\u00f3gico - Jornal das Oficinas<\/title>\n<meta name=\"description\" content=\"A ASSOFT e a APECA anunciaram a formaliza\u00e7\u00e3o de uma parceria para a partilha de conhecimento e experi\u00eancias entre as duas entidades\" \/>\n<meta name=\"robots\" content=\"index, follow, max-snippet:-1, max-image-preview:large, max-video-preview:-1\" \/>\n<link rel=\"canonical\" href=\"https:\/\/jornaldasoficinas.com\/pt\/assoft-e-apeca-juntas-pela-partilha-de-conhecimento-tecnologico\/\" \/>\n<meta property=\"og:locale\" content=\"pt_PT\" \/>\n<meta property=\"og:type\" content=\"article\" \/>\n<meta property=\"og:title\" content=\"ASSOFT e APECA juntas pela partilha de conhecimento tecnol\u00f3gico - Jornal das Oficinas\" \/>\n<meta property=\"og:description\" content=\"A ASSOFT e a APECA anunciaram a formaliza\u00e7\u00e3o de uma parceria para a partilha de conhecimento e experi\u00eancias entre as duas entidades\" \/>\n<meta property=\"og:url\" content=\"https:\/\/jornaldasoficinas.com\/pt\/assoft-e-apeca-juntas-pela-partilha-de-conhecimento-tecnologico\/\" \/>\n<meta property=\"og:site_name\" content=\"Jornal das Oficinas\" \/>\n<meta property=\"article:publisher\" content=\"https:\/\/www.facebook.com\/jornaloficinas\" \/>\n<meta property=\"article:published_time\" content=\"2023-06-01T07:00:35+00:00\" \/>\n<meta property=\"og:image\" content=\"https:\/\/jornaldasoficinas.com\/pt\/wp-content\/uploads\/2023\/05\/ASSOFT-e-APECA-juntas-pela-partilha-de-conhecimento-tecnologico.png\" \/>\n\t<meta property=\"og:image:width\" content=\"1024\" \/>\n\t<meta property=\"og:image:height\" content=\"581\" \/>\n\t<meta property=\"og:image:type\" content=\"image\/png\" \/>\n<meta name=\"author\" content=\"Reda\u00e7\u00e3o JO\" \/>\n<meta name=\"twitter:card\" content=\"summary_large_image\" \/>\n<meta name=\"twitter:creator\" content=\"@jornaloficinas\" \/>\n<meta name=\"twitter:site\" content=\"@jornaloficinas\" \/>\n<meta name=\"twitter:label1\" content=\"Escrito por\" \/>\n\t<meta name=\"twitter:data1\" content=\"Reda\u00e7\u00e3o JO\" \/>\n\t<meta name=\"twitter:label2\" content=\"Tempo estimado de leitura\" \/>\n\t<meta name=\"twitter:data2\" content=\"3 minutos\" \/>\n<script type=\"application\/ld+json\" class=\"yoast-schema-graph\">{\"@context\":\"https:\\\/\\\/schema.org\",\"@graph\":[{\"@type\":\"Article\",\"@id\":\"https:\\\/\\\/jornaldasoficinas.com\\\/pt\\\/assoft-e-apeca-juntas-pela-partilha-de-conhecimento-tecnologico\\\/#article\",\"isPartOf\":{\"@id\":\"https:\\\/\\\/jornaldasoficinas.com\\\/pt\\\/assoft-e-apeca-juntas-pela-partilha-de-conhecimento-tecnologico\\\/\"},\"author\":{\"name\":\"Reda\u00e7\u00e3o JO\",\"@id\":\"https:\\\/\\\/jornaldasoficinas.com\\\/pt\\\/#\\\/schema\\\/person\\\/a38eef5de2c41d9e7c9ac10141afddf3\"},\"headline\":\"ASSOFT e APECA juntas pela partilha de conhecimento tecnol\u00f3gico\",\"datePublished\":\"2023-06-01T07:00:35+00:00\",\"mainEntityOfPage\":{\"@id\":\"https:\\\/\\\/jornaldasoficinas.com\\\/pt\\\/assoft-e-apeca-juntas-pela-partilha-de-conhecimento-tecnologico\\\/\"},\"wordCount\":521,\"publisher\":{\"@id\":\"https:\\\/\\\/jornaldasoficinas.com\\\/pt\\\/#organization\"},\"image\":{\"@id\":\"https:\\\/\\\/jornaldasoficinas.com\\\/pt\\\/assoft-e-apeca-juntas-pela-partilha-de-conhecimento-tecnologico\\\/#primaryimage\"},\"thumbnailUrl\":\"https:\\\/\\\/jornaldasoficinas.com\\\/pt\\\/wp-content\\\/uploads\\\/2023\\\/05\\\/ASSOFT-e-APECA-juntas-pela-partilha-de-conhecimento-tecnologico.png\",\"keywords\":[\"APECA\",\"ASSOFT\",\"Parceria Estrat\u00e9gica\"],\"articleSection\":[\"Empresas\"],\"inLanguage\":\"pt-PT\"},{\"@type\":\"WebPage\",\"@id\":\"https:\\\/\\\/jornaldasoficinas.com\\\/pt\\\/assoft-e-apeca-juntas-pela-partilha-de-conhecimento-tecnologico\\\/\",\"url\":\"https:\\\/\\\/jornaldasoficinas.com\\\/pt\\\/assoft-e-apeca-juntas-pela-partilha-de-conhecimento-tecnologico\\\/\",\"name\":\"ASSOFT e APECA juntas pela partilha de conhecimento tecnol\u00f3gico - Jornal das Oficinas\",\"isPartOf\":{\"@id\":\"https:\\\/\\\/jornaldasoficinas.com\\\/pt\\\/#website\"},\"primaryImageOfPage\":{\"@id\":\"https:\\\/\\\/jornaldasoficinas.com\\\/pt\\\/assoft-e-apeca-juntas-pela-partilha-de-conhecimento-tecnologico\\\/#primaryimage\"},\"image\":{\"@id\":\"https:\\\/\\\/jornaldasoficinas.com\\\/pt\\\/assoft-e-apeca-juntas-pela-partilha-de-conhecimento-tecnologico\\\/#primaryimage\"},\"thumbnailUrl\":\"https:\\\/\\\/jornaldasoficinas.com\\\/pt\\\/wp-content\\\/uploads\\\/2023\\\/05\\\/ASSOFT-e-APECA-juntas-pela-partilha-de-conhecimento-tecnologico.png\",\"datePublished\":\"2023-06-01T07:00:35+00:00\",\"description\":\"A ASSOFT e a APECA anunciaram a formaliza\u00e7\u00e3o de uma parceria para a partilha de conhecimento e experi\u00eancias entre as duas entidades\",\"breadcrumb\":{\"@id\":\"https:\\\/\\\/jornaldasoficinas.com\\\/pt\\\/assoft-e-apeca-juntas-pela-partilha-de-conhecimento-tecnologico\\\/#breadcrumb\"},\"inLanguage\":\"pt-PT\",\"potentialAction\":[{\"@type\":\"ReadAction\",\"target\":[\"https:\\\/\\\/jornaldasoficinas.com\\\/pt\\\/assoft-e-apeca-juntas-pela-partilha-de-conhecimento-tecnologico\\\/\"]}]},{\"@type\":\"ImageObject\",\"inLanguage\":\"pt-PT\",\"@id\":\"https:\\\/\\\/jornaldasoficinas.com\\\/pt\\\/assoft-e-apeca-juntas-pela-partilha-de-conhecimento-tecnologico\\\/#primaryimage\",\"url\":\"https:\\\/\\\/jornaldasoficinas.com\\\/pt\\\/wp-content\\\/uploads\\\/2023\\\/05\\\/ASSOFT-e-APECA-juntas-pela-partilha-de-conhecimento-tecnologico.png\",\"contentUrl\":\"https:\\\/\\\/jornaldasoficinas.com\\\/pt\\\/wp-content\\\/uploads\\\/2023\\\/05\\\/ASSOFT-e-APECA-juntas-pela-partilha-de-conhecimento-tecnologico.png\",\"width\":1024,\"height\":581,\"caption\":\"05 - ASSOFT e APECA juntas pela partilha de conhecimento tecnologico\"},{\"@type\":\"BreadcrumbList\",\"@id\":\"https:\\\/\\\/jornaldasoficinas.com\\\/pt\\\/assoft-e-apeca-juntas-pela-partilha-de-conhecimento-tecnologico\\\/#breadcrumb\",\"itemListElement\":[{\"@type\":\"ListItem\",\"position\":1,\"name\":\"In\u00edcio\",\"item\":\"https:\\\/\\\/jornaldasoficinas.com\\\/pt\\\/\"},{\"@type\":\"ListItem\",\"position\":2,\"name\":\"ASSOFT e APECA juntas pela partilha de conhecimento tecnol\u00f3gico\"}]},{\"@type\":\"WebSite\",\"@id\":\"https:\\\/\\\/jornaldasoficinas.com\\\/pt\\\/#website\",\"url\":\"https:\\\/\\\/jornaldasoficinas.com\\\/pt\\\/\",\"name\":\"Jornal das Oficinas\",\"description\":\"Jornal independente do Aftermarket Autom\u00f3vel em Portugal\",\"publisher\":{\"@id\":\"https:\\\/\\\/jornaldasoficinas.com\\\/pt\\\/#organization\"},\"potentialAction\":[{\"@type\":\"SearchAction\",\"target\":{\"@type\":\"EntryPoint\",\"urlTemplate\":\"https:\\\/\\\/jornaldasoficinas.com\\\/pt\\\/?s={search_term_string}\"},\"query-input\":{\"@type\":\"PropertyValueSpecification\",\"valueRequired\":true,\"valueName\":\"search_term_string\"}}],\"inLanguage\":\"pt-PT\"},{\"@type\":\"Organization\",\"@id\":\"https:\\\/\\\/jornaldasoficinas.com\\\/pt\\\/#organization\",\"name\":\"Jornal das Oficinas\",\"url\":\"https:\\\/\\\/jornaldasoficinas.com\\\/pt\\\/\",\"logo\":{\"@type\":\"ImageObject\",\"inLanguage\":\"pt-PT\",\"@id\":\"https:\\\/\\\/jornaldasoficinas.com\\\/pt\\\/#\\\/schema\\\/logo\\\/image\\\/\",\"url\":\"https:\\\/\\\/jornaldasoficinas.com\\\/pt\\\/wp-content\\\/uploads\\\/logoJO-SEO.png\",\"contentUrl\":\"https:\\\/\\\/jornaldasoficinas.com\\\/pt\\\/wp-content\\\/uploads\\\/logoJO-SEO.png\",\"width\":285,\"height\":450,\"caption\":\"Jornal das Oficinas\"},\"image\":{\"@id\":\"https:\\\/\\\/jornaldasoficinas.com\\\/pt\\\/#\\\/schema\\\/logo\\\/image\\\/\"},\"sameAs\":[\"https:\\\/\\\/www.facebook.com\\\/jornaloficinas\",\"https:\\\/\\\/x.com\\\/jornaloficinas\",\"https:\\\/\\\/www.instagram.com\\\/jornal_oficinas\\\/\",\"https:\\\/\\\/www.linkedin.com\\\/company\\\/jornal-das-oficinas\\\/\",\"https:\\\/\\\/www.youtube.com\\\/channel\\\/UCbQZBqtcvV-oSQrr7RzINGg\"]},{\"@type\":\"Person\",\"@id\":\"https:\\\/\\\/jornaldasoficinas.com\\\/pt\\\/#\\\/schema\\\/person\\\/a38eef5de2c41d9e7c9ac10141afddf3\",\"name\":\"Reda\u00e7\u00e3o JO\",\"image\":{\"@type\":\"ImageObject\",\"inLanguage\":\"pt-PT\",\"@id\":\"https:\\\/\\\/secure.gravatar.com\\\/avatar\\\/71f2fa71737ad68a84fea94bc708ddac8ea5b0c4788dc2ad202f3ccb2887742f?s=96&d=wp_user_avatar&r=g\",\"url\":\"https:\\\/\\\/secure.gravatar.com\\\/avatar\\\/71f2fa71737ad68a84fea94bc708ddac8ea5b0c4788dc2ad202f3ccb2887742f?s=96&d=wp_user_avatar&r=g\",\"contentUrl\":\"https:\\\/\\\/secure.gravatar.com\\\/avatar\\\/71f2fa71737ad68a84fea94bc708ddac8ea5b0c4788dc2ad202f3ccb2887742f?s=96&d=wp_user_avatar&r=g\",\"caption\":\"Reda\u00e7\u00e3o JO\"},\"url\":\"https:\\\/\\\/jornaldasoficinas.com\\\/pt\\\/author\\\/joredacao\\\/\"}]}<\/script>\n<!-- \/ Yoast SEO plugin. -->","yoast_head_json":{"title":"ASSOFT e APECA juntas pela partilha de conhecimento tecnol\u00f3gico - Jornal das Oficinas","description":"A ASSOFT e a APECA anunciaram a formaliza\u00e7\u00e3o de uma parceria para a partilha de conhecimento e experi\u00eancias entre as duas entidades","robots":{"index":"index","follow":"follow","max-snippet":"max-snippet:-1","max-image-preview":"max-image-preview:large","max-video-preview":"max-video-preview:-1"},"canonical":"https:\/\/jornaldasoficinas.com\/pt\/assoft-e-apeca-juntas-pela-partilha-de-conhecimento-tecnologico\/","og_locale":"pt_PT","og_type":"article","og_title":"ASSOFT e APECA juntas pela partilha de conhecimento tecnol\u00f3gico - Jornal das Oficinas","og_description":"A ASSOFT e a APECA anunciaram a formaliza\u00e7\u00e3o de uma parceria para a partilha de conhecimento e experi\u00eancias entre as duas entidades","og_url":"https:\/\/jornaldasoficinas.com\/pt\/assoft-e-apeca-juntas-pela-partilha-de-conhecimento-tecnologico\/","og_site_name":"Jornal das Oficinas","article_publisher":"https:\/\/www.facebook.com\/jornaloficinas","article_published_time":"2023-06-01T07:00:35+00:00","og_image":[{"width":1024,"height":581,"url":"https:\/\/jornaldasoficinas.com\/pt\/wp-content\/uploads\/2023\/05\/ASSOFT-e-APECA-juntas-pela-partilha-de-conhecimento-tecnologico.png","type":"image\/png"}],"author":"Reda\u00e7\u00e3o JO","twitter_card":"summary_large_image","twitter_creator":"@jornaloficinas","twitter_site":"@jornaloficinas","twitter_misc":{"Escrito por":"Reda\u00e7\u00e3o JO","Tempo estimado de leitura":"3 minutos"},"schema":{"@context":"https:\/\/schema.org","@graph":[{"@type":"Article","@id":"https:\/\/jornaldasoficinas.com\/pt\/assoft-e-apeca-juntas-pela-partilha-de-conhecimento-tecnologico\/#article","isPartOf":{"@id":"https:\/\/jornaldasoficinas.com\/pt\/assoft-e-apeca-juntas-pela-partilha-de-conhecimento-tecnologico\/"},"author":{"name":"Reda\u00e7\u00e3o JO","@id":"https:\/\/jornaldasoficinas.com\/pt\/#\/schema\/person\/a38eef5de2c41d9e7c9ac10141afddf3"},"headline":"ASSOFT e APECA juntas pela partilha de conhecimento tecnol\u00f3gico","datePublished":"2023-06-01T07:00:35+00:00","mainEntityOfPage":{"@id":"https:\/\/jornaldasoficinas.com\/pt\/assoft-e-apeca-juntas-pela-partilha-de-conhecimento-tecnologico\/"},"wordCount":521,"publisher":{"@id":"https:\/\/jornaldasoficinas.com\/pt\/#organization"},"image":{"@id":"https:\/\/jornaldasoficinas.com\/pt\/assoft-e-apeca-juntas-pela-partilha-de-conhecimento-tecnologico\/#primaryimage"},"thumbnailUrl":"https:\/\/jornaldasoficinas.com\/pt\/wp-content\/uploads\/2023\/05\/ASSOFT-e-APECA-juntas-pela-partilha-de-conhecimento-tecnologico.png","keywords":["APECA","ASSOFT","Parceria Estrat\u00e9gica"],"articleSection":["Empresas"],"inLanguage":"pt-PT"},{"@type":"WebPage","@id":"https:\/\/jornaldasoficinas.com\/pt\/assoft-e-apeca-juntas-pela-partilha-de-conhecimento-tecnologico\/","url":"https:\/\/jornaldasoficinas.com\/pt\/assoft-e-apeca-juntas-pela-partilha-de-conhecimento-tecnologico\/","name":"ASSOFT e APECA juntas pela partilha de conhecimento tecnol\u00f3gico - Jornal das Oficinas","isPartOf":{"@id":"https:\/\/jornaldasoficinas.com\/pt\/#website"},"primaryImageOfPage":{"@id":"https:\/\/jornaldasoficinas.com\/pt\/assoft-e-apeca-juntas-pela-partilha-de-conhecimento-tecnologico\/#primaryimage"},"image":{"@id":"https:\/\/jornaldasoficinas.com\/pt\/assoft-e-apeca-juntas-pela-partilha-de-conhecimento-tecnologico\/#primaryimage"},"thumbnailUrl":"https:\/\/jornaldasoficinas.com\/pt\/wp-content\/uploads\/2023\/05\/ASSOFT-e-APECA-juntas-pela-partilha-de-conhecimento-tecnologico.png","datePublished":"2023-06-01T07:00:35+00:00","description":"A ASSOFT e a APECA anunciaram a formaliza\u00e7\u00e3o de uma parceria para a partilha de conhecimento e experi\u00eancias entre as duas entidades","breadcrumb":{"@id":"https:\/\/jornaldasoficinas.com\/pt\/assoft-e-apeca-juntas-pela-partilha-de-conhecimento-tecnologico\/#breadcrumb"},"inLanguage":"pt-PT","potentialAction":[{"@type":"ReadAction","target":["https:\/\/jornaldasoficinas.com\/pt\/assoft-e-apeca-juntas-pela-partilha-de-conhecimento-tecnologico\/"]}]},{"@type":"ImageObject","inLanguage":"pt-PT","@id":"https:\/\/jornaldasoficinas.com\/pt\/assoft-e-apeca-juntas-pela-partilha-de-conhecimento-tecnologico\/#primaryimage","url":"https:\/\/jornaldasoficinas.com\/pt\/wp-content\/uploads\/2023\/05\/ASSOFT-e-APECA-juntas-pela-partilha-de-conhecimento-tecnologico.png","contentUrl":"https:\/\/jornaldasoficinas.com\/pt\/wp-content\/uploads\/2023\/05\/ASSOFT-e-APECA-juntas-pela-partilha-de-conhecimento-tecnologico.png","width":1024,"height":581,"caption":"05 - ASSOFT e APECA juntas pela partilha de conhecimento tecnologico"},{"@type":"BreadcrumbList","@id":"https:\/\/jornaldasoficinas.com\/pt\/assoft-e-apeca-juntas-pela-partilha-de-conhecimento-tecnologico\/#breadcrumb","itemListElement":[{"@type":"ListItem","position":1,"name":"In\u00edcio","item":"https:\/\/jornaldasoficinas.com\/pt\/"},{"@type":"ListItem","position":2,"name":"ASSOFT e APECA juntas pela partilha de conhecimento tecnol\u00f3gico"}]},{"@type":"WebSite","@id":"https:\/\/jornaldasoficinas.com\/pt\/#website","url":"https:\/\/jornaldasoficinas.com\/pt\/","name":"Jornal das Oficinas","description":"Jornal independente do Aftermarket Autom\u00f3vel em Portugal","publisher":{"@id":"https:\/\/jornaldasoficinas.com\/pt\/#organization"},"potentialAction":[{"@type":"SearchAction","target":{"@type":"EntryPoint","urlTemplate":"https:\/\/jornaldasoficinas.com\/pt\/?s={search_term_string}"},"query-input":{"@type":"PropertyValueSpecification","valueRequired":true,"valueName":"search_term_string"}}],"inLanguage":"pt-PT"},{"@type":"Organization","@id":"https:\/\/jornaldasoficinas.com\/pt\/#organization","name":"Jornal das Oficinas","url":"https:\/\/jornaldasoficinas.com\/pt\/","logo":{"@type":"ImageObject","inLanguage":"pt-PT","@id":"https:\/\/jornaldasoficinas.com\/pt\/#\/schema\/logo\/image\/","url":"https:\/\/jornaldasoficinas.com\/pt\/wp-content\/uploads\/logoJO-SEO.png","contentUrl":"https:\/\/jornaldasoficinas.com\/pt\/wp-content\/uploads\/logoJO-SEO.png","width":285,"height":450,"caption":"Jornal das Oficinas"},"image":{"@id":"https:\/\/jornaldasoficinas.com\/pt\/#\/schema\/logo\/image\/"},"sameAs":["https:\/\/www.facebook.com\/jornaloficinas","https:\/\/x.com\/jornaloficinas","https:\/\/www.instagram.com\/jornal_oficinas\/","https:\/\/www.linkedin.com\/company\/jornal-das-oficinas\/","https:\/\/www.youtube.com\/channel\/UCbQZBqtcvV-oSQrr7RzINGg"]},{"@type":"Person","@id":"https:\/\/jornaldasoficinas.com\/pt\/#\/schema\/person\/a38eef5de2c41d9e7c9ac10141afddf3","name":"Reda\u00e7\u00e3o JO","image":{"@type":"ImageObject","inLanguage":"pt-PT","@id":"https:\/\/secure.gravatar.com\/avatar\/71f2fa71737ad68a84fea94bc708ddac8ea5b0c4788dc2ad202f3ccb2887742f?s=96&d=wp_user_avatar&r=g","url":"https:\/\/secure.gravatar.com\/avatar\/71f2fa71737ad68a84fea94bc708ddac8ea5b0c4788dc2ad202f3ccb2887742f?s=96&d=wp_user_avatar&r=g","contentUrl":"https:\/\/secure.gravatar.com\/avatar\/71f2fa71737ad68a84fea94bc708ddac8ea5b0c4788dc2ad202f3ccb2887742f?s=96&d=wp_user_avatar&r=g","caption":"Reda\u00e7\u00e3o JO"},"url":"https:\/\/jornaldasoficinas.com\/pt\/author\/joredacao\/"}]}},"_links":{"self":[{"href":"https:\/\/jornaldasoficinas.com\/pt\/wp-json\/wp\/v2\/posts\/67345","targetHints":{"allow":["GET"]}}],"collection":[{"href":"https:\/\/jornaldasoficinas.com\/pt\/wp-json\/wp\/v2\/posts"}],"about":[{"href":"https:\/\/jornaldasoficinas.com\/pt\/wp-json\/wp\/v2\/types\/post"}],"author":[{"embeddable":true,"href":"https:\/\/jornaldasoficinas.com\/pt\/wp-json\/wp\/v2\/users\/15"}],"replies":[{"embeddable":true,"href":"https:\/\/jornaldasoficinas.com\/pt\/wp-json\/wp\/v2\/comments?post=67345"}],"version-history":[{"count":0,"href":"https:\/\/jornaldasoficinas.com\/pt\/wp-json\/wp\/v2\/posts\/67345\/revisions"}],"wp:featuredmedia":[{"embeddable":true,"href":"https:\/\/jornaldasoficinas.com\/pt\/wp-json\/wp\/v2\/media\/67349"}],"wp:attachment":[{"href":"https:\/\/jornaldasoficinas.com\/pt\/wp-json\/wp\/v2\/media?parent=67345"}],"wp:term":[{"taxonomy":"category","embeddable":true,"href":"https:\/\/jornaldasoficinas.com\/pt\/wp-json\/wp\/v2\/categories?post=67345"},{"taxonomy":"post_tag","embeddable":true,"href":"https:\/\/jornaldasoficinas.com\/pt\/wp-json\/wp\/v2\/tags?post=67345"}],"curies":[{"name":"wp","href":"https:\/\/api.w.org\/{rel}","templated":true}]}}