{"id":67363,"date":"2023-06-01T12:30:11","date_gmt":"2023-06-01T11:30:11","guid":{"rendered":"https:\/\/jornaldasoficinas.com\/pt\/?p=67363"},"modified":"2023-05-31T15:28:58","modified_gmt":"2023-05-31T14:28:58","slug":"carregadores-para-ve-disponiveis-na-amazon","status":"publish","type":"post","link":"https:\/\/jornaldasoficinas.com\/pt\/carregadores-para-ve-disponiveis-na-amazon\/","title":{"rendered":"Carregadores para VE dispon\u00edveis na Amazon"},"content":{"rendered":"<p><strong><img loading=\"lazy\" decoding=\"async\" class=\"alignnone size-full wp-image-67347\" src=\"https:\/\/jornaldasoficinas.com\/pt\/wp-content\/uploads\/2023\/05\/Carregadores-para-VE-disponiveis-na-Amazon-.jpeg\" alt=\"05 - Carregadores para VE disponiveis na Amazon \" width=\"1024\" height=\"581\" srcset=\"https:\/\/jornaldasoficinas.com\/pt\/wp-content\/uploads\/2023\/05\/Carregadores-para-VE-disponiveis-na-Amazon-.jpeg 1024w, https:\/\/jornaldasoficinas.com\/pt\/wp-content\/uploads\/2023\/05\/Carregadores-para-VE-disponiveis-na-Amazon--300x170.jpeg 300w, https:\/\/jornaldasoficinas.com\/pt\/wp-content\/uploads\/2023\/05\/Carregadores-para-VE-disponiveis-na-Amazon--150x85.jpeg 150w, https:\/\/jornaldasoficinas.com\/pt\/wp-content\/uploads\/2023\/05\/Carregadores-para-VE-disponiveis-na-Amazon--768x436.jpeg 768w\" sizes=\"auto, (max-width: 1024px) 100vw, 1024px\" \/><\/strong><\/p>\n<p><strong>J\u00e1 \u00e9 poss\u00edvel adquirir carregadores para ve\u00edculos el\u00e9tricos na <a href=\"https:\/\/www.amazon.com\/Portugal\/s?k=Portugal&amp;page=3\" target=\"_blank\" rel=\"noopener\">Amazon<\/a>. O <a href=\"https:\/\/www.elli.eco\/en\/b2c\/products\/wallbox\" target=\"_blank\" rel=\"noopener\">wallbox Elli<\/a>, \u00e9 uma esta\u00e7\u00e3o de carregamento da marca <a href=\"https:\/\/www.volkswagen.pt\/\" target=\"_blank\" rel=\"noopener\">Volkswagen<\/a> e tem o custo de 521,08\u20ac <\/strong><\/p>\n<p>Est\u00e1 de volta o Incentivo pela Introdu\u00e7\u00e3o no Consumo de Ve\u00edculos de Emiss\u00f5es Nulas, atribu\u00eddo pelo Fundo Ambiental, e que pretende apoiar a mobilidade el\u00e9trica, disponibilizando incentivos \u00e0 compra de autom\u00f3veis e bicicletas. Este ano, al\u00e9m dos ve\u00edculos, os 10 milh\u00f5es de euros a disponibilizar pelo Fundo Ambiental v\u00e3o contemplar ainda a instala\u00e7\u00e3o de pontos de carregamento para viaturas el\u00e9tricas em condom\u00ednios, pagando at\u00e9 800 euros por carregador instalado em 2023 e at\u00e9 1000 euros pelo custo de instala\u00e7\u00e3o, por lugar de estacionamento. Este incentivo est\u00e1 limitado a um carregador por cond\u00f3mino e a 10 carregadores por condom\u00ednio.<\/p>\n<p>Na Amazon est\u00e1 dispon\u00edvel para venda em Portugal a\u00a0<a href=\"https:\/\/www.amazon.es\/dp\/B0C1N1NXW5?th=1\" target=\"_blank\" rel=\"noopener\">wallbox Elli<\/a>, uma esta\u00e7\u00e3o de carregamento da marca do grupo Volkswagen, por 521,08\u20ac. Este equipamento est\u00e1 dispon\u00edvel com uma pot\u00eancia m\u00e1xima de carregamento de 11 kW e pode carregar qualquer ve\u00edculo el\u00e9trico ou h\u00edbrido plug-in com conex\u00e3o de carga tipo 2 e carrega at\u00e9 8 vezes mais r\u00e1pido que uma tomada. O suficiente para carregar um ve\u00edculo el\u00e9trico convencional a pelo menos 80% durante a noite.<\/p>\n<p>Com design moderno, elegante e robusto, pode ser montado tanto em interiores como ao ar livre e encaixa-se perfeitamente em cada garagem ou em frente de casa. O equipamento est\u00e1 acompanhado por um cabo de carregamento com 7,5 m de comprimento. Basta chegar, conectar e carregar.<\/p>\n","protected":false},"excerpt":{"rendered":"<p>J\u00e1 \u00e9 poss\u00edvel adquirir carregadores para&#8230;<\/p>\n","protected":false},"author":15,"featured_media":67347,"comment_status":"closed","ping_status":"closed","sticky":false,"template":"","format":"standard","meta":{"footnotes":""},"categories":[37],"tags":[5498,5500,89,190,5499],"class_list":["post-67363","post","type-post","status-publish","format-standard","has-post-thumbnail","hentry","category-mercado","tag-amazon","tag-carregadores-para-ves","tag-veiculos-eletricos","tag-volkswagen","tag-wallbox-elli"],"yoast_head":"<!-- This site is optimized with the Yoast SEO plugin v27.4 - https:\/\/yoast.com\/product\/yoast-seo-wordpress\/ -->\n<title>Carregadores para VE dispon\u00edveis na Amazon - Jornal das Oficinas<\/title>\n<meta name=\"description\" content=\"\u00c9 poss\u00edvel adquirir carregadores para VEs na Amazon. O wallbox Elli, \u00e9 uma esta\u00e7\u00e3o de carregamento da marca Volkswagen que custa 521,08\u20ac\" \/>\n<meta name=\"robots\" content=\"index, follow, max-snippet:-1, max-image-preview:large, max-video-preview:-1\" \/>\n<link rel=\"canonical\" href=\"https:\/\/jornaldasoficinas.com\/pt\/carregadores-para-ve-disponiveis-na-amazon\/\" \/>\n<meta property=\"og:locale\" content=\"pt_PT\" \/>\n<meta property=\"og:type\" content=\"article\" \/>\n<meta property=\"og:title\" content=\"Carregadores para VE dispon\u00edveis na Amazon - Jornal das Oficinas\" \/>\n<meta property=\"og:description\" content=\"\u00c9 poss\u00edvel adquirir carregadores para VEs na Amazon. O wallbox Elli, \u00e9 uma esta\u00e7\u00e3o de carregamento da marca Volkswagen que custa 521,08\u20ac\" \/>\n<meta property=\"og:url\" content=\"https:\/\/jornaldasoficinas.com\/pt\/carregadores-para-ve-disponiveis-na-amazon\/\" \/>\n<meta property=\"og:site_name\" content=\"Jornal das Oficinas\" \/>\n<meta property=\"article:publisher\" content=\"https:\/\/www.facebook.com\/jornaloficinas\" \/>\n<meta property=\"article:published_time\" content=\"2023-06-01T11:30:11+00:00\" \/>\n<meta property=\"og:image\" content=\"https:\/\/jornaldasoficinas.com\/pt\/wp-content\/uploads\/2023\/05\/Carregadores-para-VE-disponiveis-na-Amazon-.jpeg\" \/>\n\t<meta property=\"og:image:width\" content=\"1024\" \/>\n\t<meta property=\"og:image:height\" content=\"581\" \/>\n\t<meta property=\"og:image:type\" content=\"image\/jpeg\" \/>\n<meta name=\"author\" content=\"Reda\u00e7\u00e3o JO\" \/>\n<meta name=\"twitter:card\" content=\"summary_large_image\" \/>\n<meta name=\"twitter:creator\" content=\"@jornaloficinas\" \/>\n<meta name=\"twitter:site\" content=\"@jornaloficinas\" \/>\n<meta name=\"twitter:label1\" content=\"Escrito por\" \/>\n\t<meta name=\"twitter:data1\" content=\"Reda\u00e7\u00e3o JO\" \/>\n\t<meta name=\"twitter:label2\" content=\"Tempo estimado de leitura\" \/>\n\t<meta name=\"twitter:data2\" content=\"1 minuto\" \/>\n<script type=\"application\/ld+json\" class=\"yoast-schema-graph\">{\"@context\":\"https:\\\/\\\/schema.org\",\"@graph\":[{\"@type\":\"Article\",\"@id\":\"https:\\\/\\\/jornaldasoficinas.com\\\/pt\\\/carregadores-para-ve-disponiveis-na-amazon\\\/#article\",\"isPartOf\":{\"@id\":\"https:\\\/\\\/jornaldasoficinas.com\\\/pt\\\/carregadores-para-ve-disponiveis-na-amazon\\\/\"},\"author\":{\"name\":\"Reda\u00e7\u00e3o JO\",\"@id\":\"https:\\\/\\\/jornaldasoficinas.com\\\/pt\\\/#\\\/schema\\\/person\\\/a38eef5de2c41d9e7c9ac10141afddf3\"},\"headline\":\"Carregadores para VE dispon\u00edveis na Amazon\",\"datePublished\":\"2023-06-01T11:30:11+00:00\",\"mainEntityOfPage\":{\"@id\":\"https:\\\/\\\/jornaldasoficinas.com\\\/pt\\\/carregadores-para-ve-disponiveis-na-amazon\\\/\"},\"wordCount\":270,\"publisher\":{\"@id\":\"https:\\\/\\\/jornaldasoficinas.com\\\/pt\\\/#organization\"},\"image\":{\"@id\":\"https:\\\/\\\/jornaldasoficinas.com\\\/pt\\\/carregadores-para-ve-disponiveis-na-amazon\\\/#primaryimage\"},\"thumbnailUrl\":\"https:\\\/\\\/jornaldasoficinas.com\\\/pt\\\/wp-content\\\/uploads\\\/2023\\\/05\\\/Carregadores-para-VE-disponiveis-na-Amazon-.jpeg\",\"keywords\":[\"Amazon\",\"Carregadores para VEs\",\"Ve\u00edculos el\u00e9tricos\",\"Volkswagen\",\"wallbox Elli\"],\"articleSection\":[\"Mercado\"],\"inLanguage\":\"pt-PT\"},{\"@type\":\"WebPage\",\"@id\":\"https:\\\/\\\/jornaldasoficinas.com\\\/pt\\\/carregadores-para-ve-disponiveis-na-amazon\\\/\",\"url\":\"https:\\\/\\\/jornaldasoficinas.com\\\/pt\\\/carregadores-para-ve-disponiveis-na-amazon\\\/\",\"name\":\"Carregadores para VE dispon\u00edveis na Amazon - Jornal das Oficinas\",\"isPartOf\":{\"@id\":\"https:\\\/\\\/jornaldasoficinas.com\\\/pt\\\/#website\"},\"primaryImageOfPage\":{\"@id\":\"https:\\\/\\\/jornaldasoficinas.com\\\/pt\\\/carregadores-para-ve-disponiveis-na-amazon\\\/#primaryimage\"},\"image\":{\"@id\":\"https:\\\/\\\/jornaldasoficinas.com\\\/pt\\\/carregadores-para-ve-disponiveis-na-amazon\\\/#primaryimage\"},\"thumbnailUrl\":\"https:\\\/\\\/jornaldasoficinas.com\\\/pt\\\/wp-content\\\/uploads\\\/2023\\\/05\\\/Carregadores-para-VE-disponiveis-na-Amazon-.jpeg\",\"datePublished\":\"2023-06-01T11:30:11+00:00\",\"description\":\"\u00c9 poss\u00edvel adquirir carregadores para VEs na Amazon. O wallbox Elli, \u00e9 uma esta\u00e7\u00e3o de carregamento da marca Volkswagen que custa 521,08\u20ac\",\"breadcrumb\":{\"@id\":\"https:\\\/\\\/jornaldasoficinas.com\\\/pt\\\/carregadores-para-ve-disponiveis-na-amazon\\\/#breadcrumb\"},\"inLanguage\":\"pt-PT\",\"potentialAction\":[{\"@type\":\"ReadAction\",\"target\":[\"https:\\\/\\\/jornaldasoficinas.com\\\/pt\\\/carregadores-para-ve-disponiveis-na-amazon\\\/\"]}]},{\"@type\":\"ImageObject\",\"inLanguage\":\"pt-PT\",\"@id\":\"https:\\\/\\\/jornaldasoficinas.com\\\/pt\\\/carregadores-para-ve-disponiveis-na-amazon\\\/#primaryimage\",\"url\":\"https:\\\/\\\/jornaldasoficinas.com\\\/pt\\\/wp-content\\\/uploads\\\/2023\\\/05\\\/Carregadores-para-VE-disponiveis-na-Amazon-.jpeg\",\"contentUrl\":\"https:\\\/\\\/jornaldasoficinas.com\\\/pt\\\/wp-content\\\/uploads\\\/2023\\\/05\\\/Carregadores-para-VE-disponiveis-na-Amazon-.jpeg\",\"width\":1024,\"height\":581,\"caption\":\"05 - Carregadores para VE disponiveis na Amazon\"},{\"@type\":\"BreadcrumbList\",\"@id\":\"https:\\\/\\\/jornaldasoficinas.com\\\/pt\\\/carregadores-para-ve-disponiveis-na-amazon\\\/#breadcrumb\",\"itemListElement\":[{\"@type\":\"ListItem\",\"position\":1,\"name\":\"In\u00edcio\",\"item\":\"https:\\\/\\\/jornaldasoficinas.com\\\/pt\\\/\"},{\"@type\":\"ListItem\",\"position\":2,\"name\":\"Carregadores para VE dispon\u00edveis na Amazon\"}]},{\"@type\":\"WebSite\",\"@id\":\"https:\\\/\\\/jornaldasoficinas.com\\\/pt\\\/#website\",\"url\":\"https:\\\/\\\/jornaldasoficinas.com\\\/pt\\\/\",\"name\":\"Jornal das Oficinas\",\"description\":\"Jornal independente do Aftermarket Autom\u00f3vel em Portugal\",\"publisher\":{\"@id\":\"https:\\\/\\\/jornaldasoficinas.com\\\/pt\\\/#organization\"},\"potentialAction\":[{\"@type\":\"SearchAction\",\"target\":{\"@type\":\"EntryPoint\",\"urlTemplate\":\"https:\\\/\\\/jornaldasoficinas.com\\\/pt\\\/?s={search_term_string}\"},\"query-input\":{\"@type\":\"PropertyValueSpecification\",\"valueRequired\":true,\"valueName\":\"search_term_string\"}}],\"inLanguage\":\"pt-PT\"},{\"@type\":\"Organization\",\"@id\":\"https:\\\/\\\/jornaldasoficinas.com\\\/pt\\\/#organization\",\"name\":\"Jornal das Oficinas\",\"url\":\"https:\\\/\\\/jornaldasoficinas.com\\\/pt\\\/\",\"logo\":{\"@type\":\"ImageObject\",\"inLanguage\":\"pt-PT\",\"@id\":\"https:\\\/\\\/jornaldasoficinas.com\\\/pt\\\/#\\\/schema\\\/logo\\\/image\\\/\",\"url\":\"https:\\\/\\\/jornaldasoficinas.com\\\/pt\\\/wp-content\\\/uploads\\\/logoJO-SEO.png\",\"contentUrl\":\"https:\\\/\\\/jornaldasoficinas.com\\\/pt\\\/wp-content\\\/uploads\\\/logoJO-SEO.png\",\"width\":285,\"height\":450,\"caption\":\"Jornal das Oficinas\"},\"image\":{\"@id\":\"https:\\\/\\\/jornaldasoficinas.com\\\/pt\\\/#\\\/schema\\\/logo\\\/image\\\/\"},\"sameAs\":[\"https:\\\/\\\/www.facebook.com\\\/jornaloficinas\",\"https:\\\/\\\/x.com\\\/jornaloficinas\",\"https:\\\/\\\/www.instagram.com\\\/jornal_oficinas\\\/\",\"https:\\\/\\\/www.linkedin.com\\\/company\\\/jornal-das-oficinas\\\/\",\"https:\\\/\\\/www.youtube.com\\\/channel\\\/UCbQZBqtcvV-oSQrr7RzINGg\"]},{\"@type\":\"Person\",\"@id\":\"https:\\\/\\\/jornaldasoficinas.com\\\/pt\\\/#\\\/schema\\\/person\\\/a38eef5de2c41d9e7c9ac10141afddf3\",\"name\":\"Reda\u00e7\u00e3o JO\",\"image\":{\"@type\":\"ImageObject\",\"inLanguage\":\"pt-PT\",\"@id\":\"https:\\\/\\\/secure.gravatar.com\\\/avatar\\\/71f2fa71737ad68a84fea94bc708ddac8ea5b0c4788dc2ad202f3ccb2887742f?s=96&d=wp_user_avatar&r=g\",\"url\":\"https:\\\/\\\/secure.gravatar.com\\\/avatar\\\/71f2fa71737ad68a84fea94bc708ddac8ea5b0c4788dc2ad202f3ccb2887742f?s=96&d=wp_user_avatar&r=g\",\"contentUrl\":\"https:\\\/\\\/secure.gravatar.com\\\/avatar\\\/71f2fa71737ad68a84fea94bc708ddac8ea5b0c4788dc2ad202f3ccb2887742f?s=96&d=wp_user_avatar&r=g\",\"caption\":\"Reda\u00e7\u00e3o JO\"},\"url\":\"https:\\\/\\\/jornaldasoficinas.com\\\/pt\\\/author\\\/joredacao\\\/\"}]}<\/script>\n<!-- \/ Yoast SEO plugin. -->","yoast_head_json":{"title":"Carregadores para VE dispon\u00edveis na Amazon - Jornal das Oficinas","description":"\u00c9 poss\u00edvel adquirir carregadores para VEs na Amazon. O wallbox Elli, \u00e9 uma esta\u00e7\u00e3o de carregamento da marca Volkswagen que custa 521,08\u20ac","robots":{"index":"index","follow":"follow","max-snippet":"max-snippet:-1","max-image-preview":"max-image-preview:large","max-video-preview":"max-video-preview:-1"},"canonical":"https:\/\/jornaldasoficinas.com\/pt\/carregadores-para-ve-disponiveis-na-amazon\/","og_locale":"pt_PT","og_type":"article","og_title":"Carregadores para VE dispon\u00edveis na Amazon - Jornal das Oficinas","og_description":"\u00c9 poss\u00edvel adquirir carregadores para VEs na Amazon. O wallbox Elli, \u00e9 uma esta\u00e7\u00e3o de carregamento da marca Volkswagen que custa 521,08\u20ac","og_url":"https:\/\/jornaldasoficinas.com\/pt\/carregadores-para-ve-disponiveis-na-amazon\/","og_site_name":"Jornal das Oficinas","article_publisher":"https:\/\/www.facebook.com\/jornaloficinas","article_published_time":"2023-06-01T11:30:11+00:00","og_image":[{"width":1024,"height":581,"url":"https:\/\/jornaldasoficinas.com\/pt\/wp-content\/uploads\/2023\/05\/Carregadores-para-VE-disponiveis-na-Amazon-.jpeg","type":"image\/jpeg"}],"author":"Reda\u00e7\u00e3o JO","twitter_card":"summary_large_image","twitter_creator":"@jornaloficinas","twitter_site":"@jornaloficinas","twitter_misc":{"Escrito por":"Reda\u00e7\u00e3o JO","Tempo estimado de leitura":"1 minuto"},"schema":{"@context":"https:\/\/schema.org","@graph":[{"@type":"Article","@id":"https:\/\/jornaldasoficinas.com\/pt\/carregadores-para-ve-disponiveis-na-amazon\/#article","isPartOf":{"@id":"https:\/\/jornaldasoficinas.com\/pt\/carregadores-para-ve-disponiveis-na-amazon\/"},"author":{"name":"Reda\u00e7\u00e3o JO","@id":"https:\/\/jornaldasoficinas.com\/pt\/#\/schema\/person\/a38eef5de2c41d9e7c9ac10141afddf3"},"headline":"Carregadores para VE dispon\u00edveis na Amazon","datePublished":"2023-06-01T11:30:11+00:00","mainEntityOfPage":{"@id":"https:\/\/jornaldasoficinas.com\/pt\/carregadores-para-ve-disponiveis-na-amazon\/"},"wordCount":270,"publisher":{"@id":"https:\/\/jornaldasoficinas.com\/pt\/#organization"},"image":{"@id":"https:\/\/jornaldasoficinas.com\/pt\/carregadores-para-ve-disponiveis-na-amazon\/#primaryimage"},"thumbnailUrl":"https:\/\/jornaldasoficinas.com\/pt\/wp-content\/uploads\/2023\/05\/Carregadores-para-VE-disponiveis-na-Amazon-.jpeg","keywords":["Amazon","Carregadores para VEs","Ve\u00edculos el\u00e9tricos","Volkswagen","wallbox Elli"],"articleSection":["Mercado"],"inLanguage":"pt-PT"},{"@type":"WebPage","@id":"https:\/\/jornaldasoficinas.com\/pt\/carregadores-para-ve-disponiveis-na-amazon\/","url":"https:\/\/jornaldasoficinas.com\/pt\/carregadores-para-ve-disponiveis-na-amazon\/","name":"Carregadores para VE dispon\u00edveis na Amazon - Jornal das Oficinas","isPartOf":{"@id":"https:\/\/jornaldasoficinas.com\/pt\/#website"},"primaryImageOfPage":{"@id":"https:\/\/jornaldasoficinas.com\/pt\/carregadores-para-ve-disponiveis-na-amazon\/#primaryimage"},"image":{"@id":"https:\/\/jornaldasoficinas.com\/pt\/carregadores-para-ve-disponiveis-na-amazon\/#primaryimage"},"thumbnailUrl":"https:\/\/jornaldasoficinas.com\/pt\/wp-content\/uploads\/2023\/05\/Carregadores-para-VE-disponiveis-na-Amazon-.jpeg","datePublished":"2023-06-01T11:30:11+00:00","description":"\u00c9 poss\u00edvel adquirir carregadores para VEs na Amazon. O wallbox Elli, \u00e9 uma esta\u00e7\u00e3o de carregamento da marca Volkswagen que custa 521,08\u20ac","breadcrumb":{"@id":"https:\/\/jornaldasoficinas.com\/pt\/carregadores-para-ve-disponiveis-na-amazon\/#breadcrumb"},"inLanguage":"pt-PT","potentialAction":[{"@type":"ReadAction","target":["https:\/\/jornaldasoficinas.com\/pt\/carregadores-para-ve-disponiveis-na-amazon\/"]}]},{"@type":"ImageObject","inLanguage":"pt-PT","@id":"https:\/\/jornaldasoficinas.com\/pt\/carregadores-para-ve-disponiveis-na-amazon\/#primaryimage","url":"https:\/\/jornaldasoficinas.com\/pt\/wp-content\/uploads\/2023\/05\/Carregadores-para-VE-disponiveis-na-Amazon-.jpeg","contentUrl":"https:\/\/jornaldasoficinas.com\/pt\/wp-content\/uploads\/2023\/05\/Carregadores-para-VE-disponiveis-na-Amazon-.jpeg","width":1024,"height":581,"caption":"05 - Carregadores para VE disponiveis na Amazon"},{"@type":"BreadcrumbList","@id":"https:\/\/jornaldasoficinas.com\/pt\/carregadores-para-ve-disponiveis-na-amazon\/#breadcrumb","itemListElement":[{"@type":"ListItem","position":1,"name":"In\u00edcio","item":"https:\/\/jornaldasoficinas.com\/pt\/"},{"@type":"ListItem","position":2,"name":"Carregadores para VE dispon\u00edveis na Amazon"}]},{"@type":"WebSite","@id":"https:\/\/jornaldasoficinas.com\/pt\/#website","url":"https:\/\/jornaldasoficinas.com\/pt\/","name":"Jornal das Oficinas","description":"Jornal independente do Aftermarket Autom\u00f3vel em Portugal","publisher":{"@id":"https:\/\/jornaldasoficinas.com\/pt\/#organization"},"potentialAction":[{"@type":"SearchAction","target":{"@type":"EntryPoint","urlTemplate":"https:\/\/jornaldasoficinas.com\/pt\/?s={search_term_string}"},"query-input":{"@type":"PropertyValueSpecification","valueRequired":true,"valueName":"search_term_string"}}],"inLanguage":"pt-PT"},{"@type":"Organization","@id":"https:\/\/jornaldasoficinas.com\/pt\/#organization","name":"Jornal das Oficinas","url":"https:\/\/jornaldasoficinas.com\/pt\/","logo":{"@type":"ImageObject","inLanguage":"pt-PT","@id":"https:\/\/jornaldasoficinas.com\/pt\/#\/schema\/logo\/image\/","url":"https:\/\/jornaldasoficinas.com\/pt\/wp-content\/uploads\/logoJO-SEO.png","contentUrl":"https:\/\/jornaldasoficinas.com\/pt\/wp-content\/uploads\/logoJO-SEO.png","width":285,"height":450,"caption":"Jornal das Oficinas"},"image":{"@id":"https:\/\/jornaldasoficinas.com\/pt\/#\/schema\/logo\/image\/"},"sameAs":["https:\/\/www.facebook.com\/jornaloficinas","https:\/\/x.com\/jornaloficinas","https:\/\/www.instagram.com\/jornal_oficinas\/","https:\/\/www.linkedin.com\/company\/jornal-das-oficinas\/","https:\/\/www.youtube.com\/channel\/UCbQZBqtcvV-oSQrr7RzINGg"]},{"@type":"Person","@id":"https:\/\/jornaldasoficinas.com\/pt\/#\/schema\/person\/a38eef5de2c41d9e7c9ac10141afddf3","name":"Reda\u00e7\u00e3o JO","image":{"@type":"ImageObject","inLanguage":"pt-PT","@id":"https:\/\/secure.gravatar.com\/avatar\/71f2fa71737ad68a84fea94bc708ddac8ea5b0c4788dc2ad202f3ccb2887742f?s=96&d=wp_user_avatar&r=g","url":"https:\/\/secure.gravatar.com\/avatar\/71f2fa71737ad68a84fea94bc708ddac8ea5b0c4788dc2ad202f3ccb2887742f?s=96&d=wp_user_avatar&r=g","contentUrl":"https:\/\/secure.gravatar.com\/avatar\/71f2fa71737ad68a84fea94bc708ddac8ea5b0c4788dc2ad202f3ccb2887742f?s=96&d=wp_user_avatar&r=g","caption":"Reda\u00e7\u00e3o JO"},"url":"https:\/\/jornaldasoficinas.com\/pt\/author\/joredacao\/"}]}},"_links":{"self":[{"href":"https:\/\/jornaldasoficinas.com\/pt\/wp-json\/wp\/v2\/posts\/67363","targetHints":{"allow":["GET"]}}],"collection":[{"href":"https:\/\/jornaldasoficinas.com\/pt\/wp-json\/wp\/v2\/posts"}],"about":[{"href":"https:\/\/jornaldasoficinas.com\/pt\/wp-json\/wp\/v2\/types\/post"}],"author":[{"embeddable":true,"href":"https:\/\/jornaldasoficinas.com\/pt\/wp-json\/wp\/v2\/users\/15"}],"replies":[{"embeddable":true,"href":"https:\/\/jornaldasoficinas.com\/pt\/wp-json\/wp\/v2\/comments?post=67363"}],"version-history":[{"count":0,"href":"https:\/\/jornaldasoficinas.com\/pt\/wp-json\/wp\/v2\/posts\/67363\/revisions"}],"wp:featuredmedia":[{"embeddable":true,"href":"https:\/\/jornaldasoficinas.com\/pt\/wp-json\/wp\/v2\/media\/67347"}],"wp:attachment":[{"href":"https:\/\/jornaldasoficinas.com\/pt\/wp-json\/wp\/v2\/media?parent=67363"}],"wp:term":[{"taxonomy":"category","embeddable":true,"href":"https:\/\/jornaldasoficinas.com\/pt\/wp-json\/wp\/v2\/categories?post=67363"},{"taxonomy":"post_tag","embeddable":true,"href":"https:\/\/jornaldasoficinas.com\/pt\/wp-json\/wp\/v2\/tags?post=67363"}],"curies":[{"name":"wp","href":"https:\/\/api.w.org\/{rel}","templated":true}]}}