{"id":67524,"date":"2023-06-05T12:30:24","date_gmt":"2023-06-05T11:30:24","guid":{"rendered":"https:\/\/jornaldasoficinas.com\/pt\/?p=67524"},"modified":"2023-07-19T15:38:55","modified_gmt":"2023-07-19T14:38:55","slug":"anecra-ruma-a-coimbra-para-debater-inovacoes-do-sector-automovel","status":"publish","type":"post","link":"https:\/\/jornaldasoficinas.com\/pt\/anecra-ruma-a-coimbra-para-debater-inovacoes-do-sector-automovel\/","title":{"rendered":"ANECRA ruma a Coimbra para debater inova\u00e7\u00f5es do Sector Autom\u00f3vel"},"content":{"rendered":"<p><strong><img loading=\"lazy\" decoding=\"async\" class=\"alignnone size-full wp-image-67346\" src=\"https:\/\/jornaldasoficinas.com\/pt\/wp-content\/uploads\/2023\/05\/ANECRA-ruma-a-Coimbra-para-debater-inovacoes-do-Sector-Automovel-.png\" alt=\"05 - ANECRA ruma a Coimbra para debater inovacoes do Sector Automovel \" width=\"1024\" height=\"581\" srcset=\"https:\/\/jornaldasoficinas.com\/pt\/wp-content\/uploads\/2023\/05\/ANECRA-ruma-a-Coimbra-para-debater-inovacoes-do-Sector-Automovel-.png 1024w, https:\/\/jornaldasoficinas.com\/pt\/wp-content\/uploads\/2023\/05\/ANECRA-ruma-a-Coimbra-para-debater-inovacoes-do-Sector-Automovel--300x170.png 300w, https:\/\/jornaldasoficinas.com\/pt\/wp-content\/uploads\/2023\/05\/ANECRA-ruma-a-Coimbra-para-debater-inovacoes-do-Sector-Automovel--150x85.png 150w, https:\/\/jornaldasoficinas.com\/pt\/wp-content\/uploads\/2023\/05\/ANECRA-ruma-a-Coimbra-para-debater-inovacoes-do-Sector-Automovel--768x436.png 768w\" sizes=\"auto, (max-width: 1024px) 100vw, 1024px\" \/><\/strong><\/p>\n<p><strong>A <a href=\"https:\/\/www.anecra.pt\/\" target=\"_blank\" rel=\"noopener\">ANECRA<\/a> ir\u00e1 promover no pr\u00f3ximo dia 17 de junho, no Hotel Vila Gal\u00e9, em Coimbra, o Encontro Nacional do Com\u00e9rcio de Autom\u00f3veis Usados tendo como tema: \u201cSector Autom\u00f3vel um Admir\u00e1vel Mundo Novo\u201d, onde se discutir\u00e1 \u201cUm Sector em Profunda Transforma\u00e7\u00e3o\u201d e \u201cOs Desafios Imediatos do Com\u00e9rcio dos Autom\u00f3veis Usados\u201d, com a presen\u00e7a de profissionais das \u00e1reas das Empresas Especializadas no Financiamento Autom\u00f3vel, de Gestoras de Frota, de Grupos de Retalho e Empres\u00e1rios do Segmento do Com\u00e9rcio de Ve\u00edculos Usados<\/strong><\/p>\n<p>O primeiro tema em destaque ser\u00e1 \u201cUm Sector em Profunda Transforma\u00e7\u00e3o\u201d, contar\u00e1 com uma Palestra de Duarte Gomes Pereira, Secret\u00e1rio-Geral da <a href=\"https:\/\/www.asfac.pt\/\" target=\"_blank\" rel=\"noopener\">ASFAC<\/a>, e com um Painel de Discuss\u00e3o onde ser\u00e3o abordados temas como \u201cO Impacto da Subida das Taxas de Juro em Todas as Cadeias do Neg\u00f3cio\u201d (do Sector autom\u00f3vel), \u201cO Cross-Selling de Outros Servi\u00e7os e outros Produtos: poder\u00e1 ser a Solu\u00e7\u00e3o?\u201d, \u201cO Impacto das Novas Plataformas com oferta de Solu\u00e7\u00f5es Globais\u201d e o \u201cO Impacto dos Novos Modelos de Distribui\u00e7\u00e3o no Neg\u00f3cio dos Usados e do Financiamento Autom\u00f3vel\u201d. Este painel contar\u00e1 com as presen\u00e7as de Pedro Nuno Ferreira, Head of Automotive Business do <a href=\"https:\/\/www.cetelem.pt\/\" target=\"_blank\" rel=\"noopener\">Cetelem<\/a> BNP Paribas, Jos\u00e9 Carreira, North Commercial Coordinator, da <a href=\"https:\/\/www.cofidis.pt\/\" target=\"_blank\" rel=\"noopener\">Cofidis<\/a> Portugal, Nuno Zigue, CEO do <a href=\"https:\/\/www.santanderconsumer.pt\/\" target=\"_blank\" rel=\"noopener\">Banco Santander Consumer Finance<\/a> Portugal e Henrique Henriques, Diretor Comercial da <a href=\"https:\/\/www.credibom.pt\/\" target=\"_blank\" rel=\"noopener\">Credibom<\/a>. A modera\u00e7\u00e3o ficar\u00e1 a cargo de Roberto Gaspar, Secret\u00e1rio-Geral da ANECRA.<\/p>\n<p>O segundo tema em discuss\u00e3o ser\u00e1 \u201cOs Desafios Imediatos do Com\u00e9rcio dos Autom\u00f3veis Usados\u201d e ter\u00e1 como orador Nuno Castel-Branco, CEO do <a href=\"https:\/\/www.standvirtual.com\/\" target=\"_blank\" rel=\"noopener\">Standvirtual<\/a>, que ser\u00e1, ainda, moderador de um Painel, com o mesmo nome, que contar\u00e1 com as participa\u00e7\u00f5es de Am\u00e9rico Barroso, (da Dire\u00e7\u00e3o da ANECRA e) Administrador da S\u00f3 Barroso, Rui Filipe Ferreira, Diretor Geral da Carplus C\u00e1tia Serrano, CEO da <a href=\"https:\/\/www.equacaomotor.com\/\" target=\"_blank\" rel=\"noopener\">Equa\u00e7\u00e3o Motor<\/a>, Tiago Jorge, CEO da <a href=\"https:\/\/www.calhambeq.pt\/\" target=\"_blank\" rel=\"noopener\">Calhambeq Solu\u00e7\u00f5es Auto<\/a>, Jos\u00e9 Pedro Pinto, CEO da <a href=\"https:\/\/www.arval.pt\/\" target=\"_blank\" rel=\"noopener\">Arval Portugal<\/a>, Sandra Meira, Gerente da <a href=\"https:\/\/www.meirauto.pt\/\" target=\"_blank\" rel=\"noopener\">Meirauto<\/a> e Sofia Cruz, Diretora Geral da <a href=\"https:\/\/www.nsa.pt\/\" target=\"_blank\" rel=\"noopener\">WTW NSA<\/a> Portugal. Estes profissionais ter\u00e3o como desafio responder a quest\u00f5es como \u201cDe que Forma a Retoma do Abastecimento do Canal Viaturas Novas est\u00e1 a Impactar o Segmento dos Usados?\u201d, se \u201cContinua a Haver Escassez de Produto?\u201d ou se \u201cAinda se Continua a ser Interessante Importar Viaturas Usadas\u201d, \u201cDe que forma t\u00eam gerido o Impacto da Nova Lei das Garantias?\u201d, \u201cDe que forma o Grande Aumento das Taxas de Juro, tem impactado as Margens?\u201d, \u201cA Procura por Viaturas El\u00e9tricas e H\u00edbridas j\u00e1 \u00e9 maior que a Oferta?\u201d e, ainda, abordar a seguinte quest\u00e3o: \u201cDurante quase dois anos a Procura e os Pre\u00e7os dos Usados subiu consideravelmente: em que ponto estamos atualmente e qual a tend\u00eancia para os pr\u00f3ximos meses? Quest\u00f5es de fundo para um Sector em r\u00e1pida transforma\u00e7\u00e3o e cujas respostas ser\u00e3o discutidas.<\/p>\n<p>Neste evento, que contar\u00e1 como habitualmente com uma rece\u00e7\u00e3o de boas-vindas de Alexandre Ferreira, Presidente da Dire\u00e7\u00e3o ANECRA, e com um enquadramento \u00e0 atualidade do Sector Autom\u00f3vel realizado por Roberto Gaspar, Secret\u00e1rio-Geral da ANECRA, estar\u00e3o presentes diversos oradores de refer\u00eancia, em \u00e1reas distintas (financeira, de gestora de frota, grupos de retalho, e, claro, empres\u00e1rios associados da ANECRA), que desenvolvem atividade no Sector do Com\u00e9rcio de Autom\u00f3veis Usados. Por esta raz\u00e3o, este Encontro, da ANECRA, \u00e9 considerado uma refer\u00eancia no Sector Autom\u00f3vel Nacional.<\/p>\n","protected":false},"excerpt":{"rendered":"<p>A ANECRA ir\u00e1 promover no pr\u00f3ximo&#8230;<\/p>\n","protected":false},"author":15,"featured_media":67346,"comment_status":"closed","ping_status":"closed","sticky":false,"template":"","format":"standard","meta":{"footnotes":""},"categories":[29],"tags":[4358,137,5540,5542,2628,2794,4575,4785,5518,5541,5537,5538,5539,5532,5543,4786,2198,5544],"class_list":["post-67524","post","type-post","status-publish","format-standard","has-post-thumbnail","hentry","category-empresas","tag-17-de-junho","tag-anecra","tag-asfac","tag-calhambeq-solucoes-auto","tag-cetelem","tag-cofidis","tag-coimbra","tag-credibom","tag-encontro-nacional","tag-equacao-motor","tag-financiamento","tag-gestoras-de-frotas","tag-grupos-de-retalho","tag-hotel-vila-gale","tag-meirauto","tag-santander-consumer","tag-standvirtual","tag-wtw-nsa"],"yoast_head":"<!-- This site is optimized with the Yoast SEO plugin v27.4 - https:\/\/yoast.com\/product\/yoast-seo-wordpress\/ -->\n<title>ANECRA ruma a Coimbra para debater inova\u00e7\u00f5es do Sector Autom\u00f3vel - Jornal das Oficinas<\/title>\n<meta name=\"description\" content=\"A ANECRA ir\u00e1 promover no pr\u00f3ximo dia 17 de junho, no Hotel Vila Gal\u00e9, em Coimbra, o Encontro Nacional do Com\u00e9rcio de Autom\u00f3veis Usados\" \/>\n<meta name=\"robots\" content=\"index, follow, max-snippet:-1, max-image-preview:large, max-video-preview:-1\" \/>\n<link rel=\"canonical\" href=\"https:\/\/jornaldasoficinas.com\/pt\/anecra-ruma-a-coimbra-para-debater-inovacoes-do-sector-automovel\/\" \/>\n<meta property=\"og:locale\" content=\"pt_PT\" \/>\n<meta property=\"og:type\" content=\"article\" \/>\n<meta property=\"og:title\" content=\"ANECRA ruma a Coimbra para debater inova\u00e7\u00f5es do Sector Autom\u00f3vel - Jornal das Oficinas\" \/>\n<meta property=\"og:description\" content=\"A ANECRA ir\u00e1 promover no pr\u00f3ximo dia 17 de junho, no Hotel Vila Gal\u00e9, em Coimbra, o Encontro Nacional do Com\u00e9rcio de Autom\u00f3veis Usados\" \/>\n<meta property=\"og:url\" content=\"https:\/\/jornaldasoficinas.com\/pt\/anecra-ruma-a-coimbra-para-debater-inovacoes-do-sector-automovel\/\" \/>\n<meta property=\"og:site_name\" content=\"Jornal das Oficinas\" \/>\n<meta property=\"article:publisher\" content=\"https:\/\/www.facebook.com\/jornaloficinas\" \/>\n<meta property=\"article:published_time\" content=\"2023-06-05T11:30:24+00:00\" \/>\n<meta property=\"article:modified_time\" content=\"2023-07-19T14:38:55+00:00\" \/>\n<meta property=\"og:image\" content=\"https:\/\/jornaldasoficinas.com\/pt\/wp-content\/uploads\/2023\/05\/ANECRA-ruma-a-Coimbra-para-debater-inovacoes-do-Sector-Automovel-.png\" \/>\n\t<meta property=\"og:image:width\" content=\"1024\" \/>\n\t<meta property=\"og:image:height\" content=\"581\" \/>\n\t<meta property=\"og:image:type\" content=\"image\/png\" \/>\n<meta name=\"author\" content=\"Reda\u00e7\u00e3o JO\" \/>\n<meta name=\"twitter:card\" content=\"summary_large_image\" \/>\n<meta name=\"twitter:creator\" content=\"@jornaloficinas\" \/>\n<meta name=\"twitter:site\" content=\"@jornaloficinas\" \/>\n<meta name=\"twitter:label1\" content=\"Escrito por\" \/>\n\t<meta name=\"twitter:data1\" content=\"Reda\u00e7\u00e3o JO\" \/>\n\t<meta name=\"twitter:label2\" content=\"Tempo estimado de leitura\" \/>\n\t<meta name=\"twitter:data2\" content=\"3 minutos\" \/>\n<script type=\"application\/ld+json\" class=\"yoast-schema-graph\">{\"@context\":\"https:\\\/\\\/schema.org\",\"@graph\":[{\"@type\":\"Article\",\"@id\":\"https:\\\/\\\/jornaldasoficinas.com\\\/pt\\\/anecra-ruma-a-coimbra-para-debater-inovacoes-do-sector-automovel\\\/#article\",\"isPartOf\":{\"@id\":\"https:\\\/\\\/jornaldasoficinas.com\\\/pt\\\/anecra-ruma-a-coimbra-para-debater-inovacoes-do-sector-automovel\\\/\"},\"author\":{\"name\":\"Reda\u00e7\u00e3o JO\",\"@id\":\"https:\\\/\\\/jornaldasoficinas.com\\\/pt\\\/#\\\/schema\\\/person\\\/a38eef5de2c41d9e7c9ac10141afddf3\"},\"headline\":\"ANECRA ruma a Coimbra para debater inova\u00e7\u00f5es do Sector Autom\u00f3vel\",\"datePublished\":\"2023-06-05T11:30:24+00:00\",\"dateModified\":\"2023-07-19T14:38:55+00:00\",\"mainEntityOfPage\":{\"@id\":\"https:\\\/\\\/jornaldasoficinas.com\\\/pt\\\/anecra-ruma-a-coimbra-para-debater-inovacoes-do-sector-automovel\\\/\"},\"wordCount\":596,\"publisher\":{\"@id\":\"https:\\\/\\\/jornaldasoficinas.com\\\/pt\\\/#organization\"},\"image\":{\"@id\":\"https:\\\/\\\/jornaldasoficinas.com\\\/pt\\\/anecra-ruma-a-coimbra-para-debater-inovacoes-do-sector-automovel\\\/#primaryimage\"},\"thumbnailUrl\":\"https:\\\/\\\/jornaldasoficinas.com\\\/pt\\\/wp-content\\\/uploads\\\/2023\\\/05\\\/ANECRA-ruma-a-Coimbra-para-debater-inovacoes-do-Sector-Automovel-.png\",\"keywords\":[\"17 de junho\",\"ANECRA\",\"ASFAC\",\"Calhambeq Solu\u00e7\u00f5es Auto\",\"Cetelem\",\"Cofidis\",\"Coimbra\",\"Credibom\",\"Encontro Nacional\",\"Equa\u00e7\u00e3o Motor\",\"Financiamento\",\"Gestoras de frotas\",\"Grupos de retalho\",\"Hotel Vila Gal\u00e9\",\"Meirauto\",\"Santander Consumer\",\"Standvirtual\",\"WTW NSA\"],\"articleSection\":[\"Empresas\"],\"inLanguage\":\"pt-PT\"},{\"@type\":\"WebPage\",\"@id\":\"https:\\\/\\\/jornaldasoficinas.com\\\/pt\\\/anecra-ruma-a-coimbra-para-debater-inovacoes-do-sector-automovel\\\/\",\"url\":\"https:\\\/\\\/jornaldasoficinas.com\\\/pt\\\/anecra-ruma-a-coimbra-para-debater-inovacoes-do-sector-automovel\\\/\",\"name\":\"ANECRA ruma a Coimbra para debater inova\u00e7\u00f5es do Sector Autom\u00f3vel - Jornal das Oficinas\",\"isPartOf\":{\"@id\":\"https:\\\/\\\/jornaldasoficinas.com\\\/pt\\\/#website\"},\"primaryImageOfPage\":{\"@id\":\"https:\\\/\\\/jornaldasoficinas.com\\\/pt\\\/anecra-ruma-a-coimbra-para-debater-inovacoes-do-sector-automovel\\\/#primaryimage\"},\"image\":{\"@id\":\"https:\\\/\\\/jornaldasoficinas.com\\\/pt\\\/anecra-ruma-a-coimbra-para-debater-inovacoes-do-sector-automovel\\\/#primaryimage\"},\"thumbnailUrl\":\"https:\\\/\\\/jornaldasoficinas.com\\\/pt\\\/wp-content\\\/uploads\\\/2023\\\/05\\\/ANECRA-ruma-a-Coimbra-para-debater-inovacoes-do-Sector-Automovel-.png\",\"datePublished\":\"2023-06-05T11:30:24+00:00\",\"dateModified\":\"2023-07-19T14:38:55+00:00\",\"description\":\"A ANECRA ir\u00e1 promover no pr\u00f3ximo dia 17 de junho, no Hotel Vila Gal\u00e9, em Coimbra, o Encontro Nacional do Com\u00e9rcio de Autom\u00f3veis Usados\",\"breadcrumb\":{\"@id\":\"https:\\\/\\\/jornaldasoficinas.com\\\/pt\\\/anecra-ruma-a-coimbra-para-debater-inovacoes-do-sector-automovel\\\/#breadcrumb\"},\"inLanguage\":\"pt-PT\",\"potentialAction\":[{\"@type\":\"ReadAction\",\"target\":[\"https:\\\/\\\/jornaldasoficinas.com\\\/pt\\\/anecra-ruma-a-coimbra-para-debater-inovacoes-do-sector-automovel\\\/\"]}]},{\"@type\":\"ImageObject\",\"inLanguage\":\"pt-PT\",\"@id\":\"https:\\\/\\\/jornaldasoficinas.com\\\/pt\\\/anecra-ruma-a-coimbra-para-debater-inovacoes-do-sector-automovel\\\/#primaryimage\",\"url\":\"https:\\\/\\\/jornaldasoficinas.com\\\/pt\\\/wp-content\\\/uploads\\\/2023\\\/05\\\/ANECRA-ruma-a-Coimbra-para-debater-inovacoes-do-Sector-Automovel-.png\",\"contentUrl\":\"https:\\\/\\\/jornaldasoficinas.com\\\/pt\\\/wp-content\\\/uploads\\\/2023\\\/05\\\/ANECRA-ruma-a-Coimbra-para-debater-inovacoes-do-Sector-Automovel-.png\",\"width\":1024,\"height\":581,\"caption\":\"05 - ANECRA ruma a Coimbra para debater inovacoes do Sector Automovel\"},{\"@type\":\"BreadcrumbList\",\"@id\":\"https:\\\/\\\/jornaldasoficinas.com\\\/pt\\\/anecra-ruma-a-coimbra-para-debater-inovacoes-do-sector-automovel\\\/#breadcrumb\",\"itemListElement\":[{\"@type\":\"ListItem\",\"position\":1,\"name\":\"In\u00edcio\",\"item\":\"https:\\\/\\\/jornaldasoficinas.com\\\/pt\\\/\"},{\"@type\":\"ListItem\",\"position\":2,\"name\":\"ANECRA ruma a Coimbra para debater inova\u00e7\u00f5es do Sector Autom\u00f3vel\"}]},{\"@type\":\"WebSite\",\"@id\":\"https:\\\/\\\/jornaldasoficinas.com\\\/pt\\\/#website\",\"url\":\"https:\\\/\\\/jornaldasoficinas.com\\\/pt\\\/\",\"name\":\"Jornal das Oficinas\",\"description\":\"Jornal independente do Aftermarket Autom\u00f3vel em Portugal\",\"publisher\":{\"@id\":\"https:\\\/\\\/jornaldasoficinas.com\\\/pt\\\/#organization\"},\"potentialAction\":[{\"@type\":\"SearchAction\",\"target\":{\"@type\":\"EntryPoint\",\"urlTemplate\":\"https:\\\/\\\/jornaldasoficinas.com\\\/pt\\\/?s={search_term_string}\"},\"query-input\":{\"@type\":\"PropertyValueSpecification\",\"valueRequired\":true,\"valueName\":\"search_term_string\"}}],\"inLanguage\":\"pt-PT\"},{\"@type\":\"Organization\",\"@id\":\"https:\\\/\\\/jornaldasoficinas.com\\\/pt\\\/#organization\",\"name\":\"Jornal das Oficinas\",\"url\":\"https:\\\/\\\/jornaldasoficinas.com\\\/pt\\\/\",\"logo\":{\"@type\":\"ImageObject\",\"inLanguage\":\"pt-PT\",\"@id\":\"https:\\\/\\\/jornaldasoficinas.com\\\/pt\\\/#\\\/schema\\\/logo\\\/image\\\/\",\"url\":\"https:\\\/\\\/jornaldasoficinas.com\\\/pt\\\/wp-content\\\/uploads\\\/logoJO-SEO.png\",\"contentUrl\":\"https:\\\/\\\/jornaldasoficinas.com\\\/pt\\\/wp-content\\\/uploads\\\/logoJO-SEO.png\",\"width\":285,\"height\":450,\"caption\":\"Jornal das Oficinas\"},\"image\":{\"@id\":\"https:\\\/\\\/jornaldasoficinas.com\\\/pt\\\/#\\\/schema\\\/logo\\\/image\\\/\"},\"sameAs\":[\"https:\\\/\\\/www.facebook.com\\\/jornaloficinas\",\"https:\\\/\\\/x.com\\\/jornaloficinas\",\"https:\\\/\\\/www.instagram.com\\\/jornal_oficinas\\\/\",\"https:\\\/\\\/www.linkedin.com\\\/company\\\/jornal-das-oficinas\\\/\",\"https:\\\/\\\/www.youtube.com\\\/channel\\\/UCbQZBqtcvV-oSQrr7RzINGg\"]},{\"@type\":\"Person\",\"@id\":\"https:\\\/\\\/jornaldasoficinas.com\\\/pt\\\/#\\\/schema\\\/person\\\/a38eef5de2c41d9e7c9ac10141afddf3\",\"name\":\"Reda\u00e7\u00e3o JO\",\"image\":{\"@type\":\"ImageObject\",\"inLanguage\":\"pt-PT\",\"@id\":\"https:\\\/\\\/secure.gravatar.com\\\/avatar\\\/71f2fa71737ad68a84fea94bc708ddac8ea5b0c4788dc2ad202f3ccb2887742f?s=96&d=wp_user_avatar&r=g\",\"url\":\"https:\\\/\\\/secure.gravatar.com\\\/avatar\\\/71f2fa71737ad68a84fea94bc708ddac8ea5b0c4788dc2ad202f3ccb2887742f?s=96&d=wp_user_avatar&r=g\",\"contentUrl\":\"https:\\\/\\\/secure.gravatar.com\\\/avatar\\\/71f2fa71737ad68a84fea94bc708ddac8ea5b0c4788dc2ad202f3ccb2887742f?s=96&d=wp_user_avatar&r=g\",\"caption\":\"Reda\u00e7\u00e3o JO\"},\"url\":\"https:\\\/\\\/jornaldasoficinas.com\\\/pt\\\/author\\\/joredacao\\\/\"}]}<\/script>\n<!-- \/ Yoast SEO plugin. -->","yoast_head_json":{"title":"ANECRA ruma a Coimbra para debater inova\u00e7\u00f5es do Sector Autom\u00f3vel - Jornal das Oficinas","description":"A ANECRA ir\u00e1 promover no pr\u00f3ximo dia 17 de junho, no Hotel Vila Gal\u00e9, em Coimbra, o Encontro Nacional do Com\u00e9rcio de Autom\u00f3veis Usados","robots":{"index":"index","follow":"follow","max-snippet":"max-snippet:-1","max-image-preview":"max-image-preview:large","max-video-preview":"max-video-preview:-1"},"canonical":"https:\/\/jornaldasoficinas.com\/pt\/anecra-ruma-a-coimbra-para-debater-inovacoes-do-sector-automovel\/","og_locale":"pt_PT","og_type":"article","og_title":"ANECRA ruma a Coimbra para debater inova\u00e7\u00f5es do Sector Autom\u00f3vel - Jornal das Oficinas","og_description":"A ANECRA ir\u00e1 promover no pr\u00f3ximo dia 17 de junho, no Hotel Vila Gal\u00e9, em Coimbra, o Encontro Nacional do Com\u00e9rcio de Autom\u00f3veis Usados","og_url":"https:\/\/jornaldasoficinas.com\/pt\/anecra-ruma-a-coimbra-para-debater-inovacoes-do-sector-automovel\/","og_site_name":"Jornal das Oficinas","article_publisher":"https:\/\/www.facebook.com\/jornaloficinas","article_published_time":"2023-06-05T11:30:24+00:00","article_modified_time":"2023-07-19T14:38:55+00:00","og_image":[{"width":1024,"height":581,"url":"https:\/\/jornaldasoficinas.com\/pt\/wp-content\/uploads\/2023\/05\/ANECRA-ruma-a-Coimbra-para-debater-inovacoes-do-Sector-Automovel-.png","type":"image\/png"}],"author":"Reda\u00e7\u00e3o JO","twitter_card":"summary_large_image","twitter_creator":"@jornaloficinas","twitter_site":"@jornaloficinas","twitter_misc":{"Escrito por":"Reda\u00e7\u00e3o JO","Tempo estimado de leitura":"3 minutos"},"schema":{"@context":"https:\/\/schema.org","@graph":[{"@type":"Article","@id":"https:\/\/jornaldasoficinas.com\/pt\/anecra-ruma-a-coimbra-para-debater-inovacoes-do-sector-automovel\/#article","isPartOf":{"@id":"https:\/\/jornaldasoficinas.com\/pt\/anecra-ruma-a-coimbra-para-debater-inovacoes-do-sector-automovel\/"},"author":{"name":"Reda\u00e7\u00e3o JO","@id":"https:\/\/jornaldasoficinas.com\/pt\/#\/schema\/person\/a38eef5de2c41d9e7c9ac10141afddf3"},"headline":"ANECRA ruma a Coimbra para debater inova\u00e7\u00f5es do Sector Autom\u00f3vel","datePublished":"2023-06-05T11:30:24+00:00","dateModified":"2023-07-19T14:38:55+00:00","mainEntityOfPage":{"@id":"https:\/\/jornaldasoficinas.com\/pt\/anecra-ruma-a-coimbra-para-debater-inovacoes-do-sector-automovel\/"},"wordCount":596,"publisher":{"@id":"https:\/\/jornaldasoficinas.com\/pt\/#organization"},"image":{"@id":"https:\/\/jornaldasoficinas.com\/pt\/anecra-ruma-a-coimbra-para-debater-inovacoes-do-sector-automovel\/#primaryimage"},"thumbnailUrl":"https:\/\/jornaldasoficinas.com\/pt\/wp-content\/uploads\/2023\/05\/ANECRA-ruma-a-Coimbra-para-debater-inovacoes-do-Sector-Automovel-.png","keywords":["17 de junho","ANECRA","ASFAC","Calhambeq Solu\u00e7\u00f5es Auto","Cetelem","Cofidis","Coimbra","Credibom","Encontro Nacional","Equa\u00e7\u00e3o Motor","Financiamento","Gestoras de frotas","Grupos de retalho","Hotel Vila Gal\u00e9","Meirauto","Santander Consumer","Standvirtual","WTW NSA"],"articleSection":["Empresas"],"inLanguage":"pt-PT"},{"@type":"WebPage","@id":"https:\/\/jornaldasoficinas.com\/pt\/anecra-ruma-a-coimbra-para-debater-inovacoes-do-sector-automovel\/","url":"https:\/\/jornaldasoficinas.com\/pt\/anecra-ruma-a-coimbra-para-debater-inovacoes-do-sector-automovel\/","name":"ANECRA ruma a Coimbra para debater inova\u00e7\u00f5es do Sector Autom\u00f3vel - Jornal das Oficinas","isPartOf":{"@id":"https:\/\/jornaldasoficinas.com\/pt\/#website"},"primaryImageOfPage":{"@id":"https:\/\/jornaldasoficinas.com\/pt\/anecra-ruma-a-coimbra-para-debater-inovacoes-do-sector-automovel\/#primaryimage"},"image":{"@id":"https:\/\/jornaldasoficinas.com\/pt\/anecra-ruma-a-coimbra-para-debater-inovacoes-do-sector-automovel\/#primaryimage"},"thumbnailUrl":"https:\/\/jornaldasoficinas.com\/pt\/wp-content\/uploads\/2023\/05\/ANECRA-ruma-a-Coimbra-para-debater-inovacoes-do-Sector-Automovel-.png","datePublished":"2023-06-05T11:30:24+00:00","dateModified":"2023-07-19T14:38:55+00:00","description":"A ANECRA ir\u00e1 promover no pr\u00f3ximo dia 17 de junho, no Hotel Vila Gal\u00e9, em Coimbra, o Encontro Nacional do Com\u00e9rcio de Autom\u00f3veis Usados","breadcrumb":{"@id":"https:\/\/jornaldasoficinas.com\/pt\/anecra-ruma-a-coimbra-para-debater-inovacoes-do-sector-automovel\/#breadcrumb"},"inLanguage":"pt-PT","potentialAction":[{"@type":"ReadAction","target":["https:\/\/jornaldasoficinas.com\/pt\/anecra-ruma-a-coimbra-para-debater-inovacoes-do-sector-automovel\/"]}]},{"@type":"ImageObject","inLanguage":"pt-PT","@id":"https:\/\/jornaldasoficinas.com\/pt\/anecra-ruma-a-coimbra-para-debater-inovacoes-do-sector-automovel\/#primaryimage","url":"https:\/\/jornaldasoficinas.com\/pt\/wp-content\/uploads\/2023\/05\/ANECRA-ruma-a-Coimbra-para-debater-inovacoes-do-Sector-Automovel-.png","contentUrl":"https:\/\/jornaldasoficinas.com\/pt\/wp-content\/uploads\/2023\/05\/ANECRA-ruma-a-Coimbra-para-debater-inovacoes-do-Sector-Automovel-.png","width":1024,"height":581,"caption":"05 - ANECRA ruma a Coimbra para debater inovacoes do Sector Automovel"},{"@type":"BreadcrumbList","@id":"https:\/\/jornaldasoficinas.com\/pt\/anecra-ruma-a-coimbra-para-debater-inovacoes-do-sector-automovel\/#breadcrumb","itemListElement":[{"@type":"ListItem","position":1,"name":"In\u00edcio","item":"https:\/\/jornaldasoficinas.com\/pt\/"},{"@type":"ListItem","position":2,"name":"ANECRA ruma a Coimbra para debater inova\u00e7\u00f5es do Sector Autom\u00f3vel"}]},{"@type":"WebSite","@id":"https:\/\/jornaldasoficinas.com\/pt\/#website","url":"https:\/\/jornaldasoficinas.com\/pt\/","name":"Jornal das Oficinas","description":"Jornal independente do Aftermarket Autom\u00f3vel em Portugal","publisher":{"@id":"https:\/\/jornaldasoficinas.com\/pt\/#organization"},"potentialAction":[{"@type":"SearchAction","target":{"@type":"EntryPoint","urlTemplate":"https:\/\/jornaldasoficinas.com\/pt\/?s={search_term_string}"},"query-input":{"@type":"PropertyValueSpecification","valueRequired":true,"valueName":"search_term_string"}}],"inLanguage":"pt-PT"},{"@type":"Organization","@id":"https:\/\/jornaldasoficinas.com\/pt\/#organization","name":"Jornal das Oficinas","url":"https:\/\/jornaldasoficinas.com\/pt\/","logo":{"@type":"ImageObject","inLanguage":"pt-PT","@id":"https:\/\/jornaldasoficinas.com\/pt\/#\/schema\/logo\/image\/","url":"https:\/\/jornaldasoficinas.com\/pt\/wp-content\/uploads\/logoJO-SEO.png","contentUrl":"https:\/\/jornaldasoficinas.com\/pt\/wp-content\/uploads\/logoJO-SEO.png","width":285,"height":450,"caption":"Jornal das Oficinas"},"image":{"@id":"https:\/\/jornaldasoficinas.com\/pt\/#\/schema\/logo\/image\/"},"sameAs":["https:\/\/www.facebook.com\/jornaloficinas","https:\/\/x.com\/jornaloficinas","https:\/\/www.instagram.com\/jornal_oficinas\/","https:\/\/www.linkedin.com\/company\/jornal-das-oficinas\/","https:\/\/www.youtube.com\/channel\/UCbQZBqtcvV-oSQrr7RzINGg"]},{"@type":"Person","@id":"https:\/\/jornaldasoficinas.com\/pt\/#\/schema\/person\/a38eef5de2c41d9e7c9ac10141afddf3","name":"Reda\u00e7\u00e3o JO","image":{"@type":"ImageObject","inLanguage":"pt-PT","@id":"https:\/\/secure.gravatar.com\/avatar\/71f2fa71737ad68a84fea94bc708ddac8ea5b0c4788dc2ad202f3ccb2887742f?s=96&d=wp_user_avatar&r=g","url":"https:\/\/secure.gravatar.com\/avatar\/71f2fa71737ad68a84fea94bc708ddac8ea5b0c4788dc2ad202f3ccb2887742f?s=96&d=wp_user_avatar&r=g","contentUrl":"https:\/\/secure.gravatar.com\/avatar\/71f2fa71737ad68a84fea94bc708ddac8ea5b0c4788dc2ad202f3ccb2887742f?s=96&d=wp_user_avatar&r=g","caption":"Reda\u00e7\u00e3o JO"},"url":"https:\/\/jornaldasoficinas.com\/pt\/author\/joredacao\/"}]}},"_links":{"self":[{"href":"https:\/\/jornaldasoficinas.com\/pt\/wp-json\/wp\/v2\/posts\/67524","targetHints":{"allow":["GET"]}}],"collection":[{"href":"https:\/\/jornaldasoficinas.com\/pt\/wp-json\/wp\/v2\/posts"}],"about":[{"href":"https:\/\/jornaldasoficinas.com\/pt\/wp-json\/wp\/v2\/types\/post"}],"author":[{"embeddable":true,"href":"https:\/\/jornaldasoficinas.com\/pt\/wp-json\/wp\/v2\/users\/15"}],"replies":[{"embeddable":true,"href":"https:\/\/jornaldasoficinas.com\/pt\/wp-json\/wp\/v2\/comments?post=67524"}],"version-history":[{"count":0,"href":"https:\/\/jornaldasoficinas.com\/pt\/wp-json\/wp\/v2\/posts\/67524\/revisions"}],"wp:featuredmedia":[{"embeddable":true,"href":"https:\/\/jornaldasoficinas.com\/pt\/wp-json\/wp\/v2\/media\/67346"}],"wp:attachment":[{"href":"https:\/\/jornaldasoficinas.com\/pt\/wp-json\/wp\/v2\/media?parent=67524"}],"wp:term":[{"taxonomy":"category","embeddable":true,"href":"https:\/\/jornaldasoficinas.com\/pt\/wp-json\/wp\/v2\/categories?post=67524"},{"taxonomy":"post_tag","embeddable":true,"href":"https:\/\/jornaldasoficinas.com\/pt\/wp-json\/wp\/v2\/tags?post=67524"}],"curies":[{"name":"wp","href":"https:\/\/api.w.org\/{rel}","templated":true}]}}