{"id":67533,"date":"2023-06-05T18:00:30","date_gmt":"2023-06-05T17:00:30","guid":{"rendered":"https:\/\/jornaldasoficinas.com\/pt\/?p=67533"},"modified":"2023-07-19T15:38:55","modified_gmt":"2023-07-19T14:38:55","slug":"spg-talleres-realiza-x-congresso-sob-o-lema-dspga","status":"publish","type":"post","link":"https:\/\/jornaldasoficinas.com\/pt\/spg-talleres-realiza-x-congresso-sob-o-lema-dspga\/","title":{"rendered":"SPG Talleres realiza X Congresso sob o lema &#8220;dSPGa&#8221;"},"content":{"rendered":"<p><strong><img loading=\"lazy\" decoding=\"async\" class=\"alignnone size-full wp-image-67358\" src=\"https:\/\/jornaldasoficinas.com\/pt\/wp-content\/uploads\/2023\/05\/SPG-Talleres-realiza-X-Congresso-sob-o-lema-22dSPGa22.jpg\" alt=\"05 - SPG Talleres realiza X Congresso sob o lema 22dSPGa22\" width=\"1024\" height=\"581\" srcset=\"https:\/\/jornaldasoficinas.com\/pt\/wp-content\/uploads\/2023\/05\/SPG-Talleres-realiza-X-Congresso-sob-o-lema-22dSPGa22.jpg 1024w, https:\/\/jornaldasoficinas.com\/pt\/wp-content\/uploads\/2023\/05\/SPG-Talleres-realiza-X-Congresso-sob-o-lema-22dSPGa22-300x170.jpg 300w, https:\/\/jornaldasoficinas.com\/pt\/wp-content\/uploads\/2023\/05\/SPG-Talleres-realiza-X-Congresso-sob-o-lema-22dSPGa22-150x85.jpg 150w, https:\/\/jornaldasoficinas.com\/pt\/wp-content\/uploads\/2023\/05\/SPG-Talleres-realiza-X-Congresso-sob-o-lema-22dSPGa22-768x436.jpg 768w\" sizes=\"auto, (max-width: 1024px) 100vw, 1024px\" \/><\/strong><\/p>\n<p><strong>A rede <a href=\"https:\/\/www.spgtalleres.com\/\" target=\"_blank\" rel=\"noopener\">SPG Talleres<\/a>, pertencente ao <a href=\"https:\/\/www.serca.es\/\" target=\"_blank\" rel=\"noopener\">grupo Serca<\/a>, realizar\u00e1 o seu X Congresso na cidade de Toledo sob o lema &#8220;dSPGa&#8221;, uma mensagem que incentiva a a\u00e7\u00e3o, o progresso e, acima de tudo, o movimento. O evento acontecer\u00e1 no dia 2 de setembro de 2023 e espera-se um elevado n\u00famero de participantes <\/strong><\/p>\n<p>O evento ser\u00e1 composto por duas partes. Da parte da manh\u00e3, ser\u00e3o realizadas a\u00e7\u00f5es de forma\u00e7\u00e3o no hotel Beatriz de Toledo, onde ser\u00e3o montadas salas de workshop, diferenciadas por temas de conte\u00fado, que v\u00e3o desde a forma\u00e7\u00e3o em ferramentas de otimiza\u00e7\u00e3o de gest\u00e3o e servi\u00e7os de oficina, at\u00e9 \u00e0 apresenta\u00e7\u00e3o da nova linha de frotas ou forma\u00e7\u00e3o em marketing aplicado a workshops, para potencializar e melhorar o seu alcance, reputa\u00e7\u00e3o e vendas.<\/p>\n<p>\u00c0 tarde, ap\u00f3s o almo\u00e7o de grupo, todos os convidados v\u00e3o reunir-se novamente no audit\u00f3rio do Hotel Beatriz para desfrutar de m\u00faltiplas palestras, onde os protagonistas ser\u00e3o os pr\u00f3prios membros da rede SPG Talleres. \u00c0 noite, o tempo dedicado ao lazer ser\u00e1 o centro das aten\u00e7\u00f5es, todos os participantes poder\u00e3o participar no Puy du Fou Espanha, um lugar onde a hist\u00f3ria e a natureza andam de m\u00e3os dadas, e onde poder\u00e3o desfrutar de um jantar tipo cocktail e espet\u00e1culos \u00fanicos. \u00a0Esta d\u00e9cima edi\u00e7\u00e3o ser\u00e1 a ocasi\u00e3o perfeita para juntar todos os membros pertencentes ao SPG Talleres, e dar a oportunidade de partilhar opini\u00f5es e conhecimentos, reconhecer o profissionalismo da rede e beneficiar do workshop.<\/p>\n","protected":false},"excerpt":{"rendered":"<p>A rede SPG Talleres, pertencente ao&#8230;<\/p>\n","protected":false},"author":15,"featured_media":67358,"comment_status":"closed","ping_status":"closed","sticky":false,"template":"","format":"standard","meta":{"footnotes":""},"categories":[29],"tags":[5549,4716,5547,5548],"class_list":["post-67533","post","type-post","status-publish","format-standard","has-post-thumbnail","hentry","category-empresas","tag-2-de-setembro","tag-evento","tag-spg-talleres","tag-x-congresso"],"yoast_head":"<!-- This site is optimized with the Yoast SEO plugin v27.5 - https:\/\/yoast.com\/product\/yoast-seo-wordpress\/ -->\n<title>SPG Talleres realiza X Congresso sob o lema &quot;dSPGa&quot; - Jornal das Oficinas<\/title>\n<meta name=\"description\" content=\"A rede SPG Talleres, pertencente ao grupo Serca, realizar\u00e1 o seu X Congresso na cidade de Toledo sob o lema &quot;dSPGa&quot;\" \/>\n<meta name=\"robots\" content=\"index, follow, max-snippet:-1, max-image-preview:large, max-video-preview:-1\" \/>\n<link rel=\"canonical\" href=\"https:\/\/jornaldasoficinas.com\/pt\/spg-talleres-realiza-x-congresso-sob-o-lema-dspga\/\" \/>\n<meta property=\"og:locale\" content=\"pt_PT\" \/>\n<meta property=\"og:type\" content=\"article\" \/>\n<meta property=\"og:title\" content=\"SPG Talleres realiza X Congresso sob o lema &quot;dSPGa&quot; - Jornal das Oficinas\" \/>\n<meta property=\"og:description\" content=\"A rede SPG Talleres, pertencente ao grupo Serca, realizar\u00e1 o seu X Congresso na cidade de Toledo sob o lema &quot;dSPGa&quot;\" \/>\n<meta property=\"og:url\" content=\"https:\/\/jornaldasoficinas.com\/pt\/spg-talleres-realiza-x-congresso-sob-o-lema-dspga\/\" \/>\n<meta property=\"og:site_name\" content=\"Jornal das Oficinas\" \/>\n<meta property=\"article:publisher\" content=\"https:\/\/www.facebook.com\/jornaloficinas\" \/>\n<meta property=\"article:published_time\" content=\"2023-06-05T17:00:30+00:00\" \/>\n<meta property=\"article:modified_time\" content=\"2023-07-19T14:38:55+00:00\" \/>\n<meta property=\"og:image\" content=\"https:\/\/jornaldasoficinas.com\/pt\/wp-content\/uploads\/2023\/05\/SPG-Talleres-realiza-X-Congresso-sob-o-lema-22dSPGa22.jpg\" \/>\n\t<meta property=\"og:image:width\" content=\"1024\" \/>\n\t<meta property=\"og:image:height\" content=\"581\" \/>\n\t<meta property=\"og:image:type\" content=\"image\/jpeg\" \/>\n<meta name=\"author\" content=\"Reda\u00e7\u00e3o JO\" \/>\n<meta name=\"twitter:card\" content=\"summary_large_image\" \/>\n<meta name=\"twitter:creator\" content=\"@jornaloficinas\" \/>\n<meta name=\"twitter:site\" content=\"@jornaloficinas\" \/>\n<meta name=\"twitter:label1\" content=\"Escrito por\" \/>\n\t<meta name=\"twitter:data1\" content=\"Reda\u00e7\u00e3o JO\" \/>\n\t<meta name=\"twitter:label2\" content=\"Tempo estimado de leitura\" \/>\n\t<meta name=\"twitter:data2\" content=\"1 minuto\" \/>\n<script type=\"application\/ld+json\" class=\"yoast-schema-graph\">{\"@context\":\"https:\\\/\\\/schema.org\",\"@graph\":[{\"@type\":\"Article\",\"@id\":\"https:\\\/\\\/jornaldasoficinas.com\\\/pt\\\/spg-talleres-realiza-x-congresso-sob-o-lema-dspga\\\/#article\",\"isPartOf\":{\"@id\":\"https:\\\/\\\/jornaldasoficinas.com\\\/pt\\\/spg-talleres-realiza-x-congresso-sob-o-lema-dspga\\\/\"},\"author\":{\"name\":\"Reda\u00e7\u00e3o JO\",\"@id\":\"https:\\\/\\\/jornaldasoficinas.com\\\/pt\\\/#\\\/schema\\\/person\\\/a38eef5de2c41d9e7c9ac10141afddf3\"},\"headline\":\"SPG Talleres realiza X Congresso sob o lema &#8220;dSPGa&#8221;\",\"datePublished\":\"2023-06-05T17:00:30+00:00\",\"dateModified\":\"2023-07-19T14:38:55+00:00\",\"mainEntityOfPage\":{\"@id\":\"https:\\\/\\\/jornaldasoficinas.com\\\/pt\\\/spg-talleres-realiza-x-congresso-sob-o-lema-dspga\\\/\"},\"wordCount\":274,\"publisher\":{\"@id\":\"https:\\\/\\\/jornaldasoficinas.com\\\/pt\\\/#organization\"},\"image\":{\"@id\":\"https:\\\/\\\/jornaldasoficinas.com\\\/pt\\\/spg-talleres-realiza-x-congresso-sob-o-lema-dspga\\\/#primaryimage\"},\"thumbnailUrl\":\"https:\\\/\\\/jornaldasoficinas.com\\\/pt\\\/wp-content\\\/uploads\\\/2023\\\/05\\\/SPG-Talleres-realiza-X-Congresso-sob-o-lema-22dSPGa22.jpg\",\"keywords\":[\"2 de setembro\",\"Evento\",\"SPG Talleres\",\"X Congresso\"],\"articleSection\":[\"Empresas\"],\"inLanguage\":\"pt-PT\"},{\"@type\":\"WebPage\",\"@id\":\"https:\\\/\\\/jornaldasoficinas.com\\\/pt\\\/spg-talleres-realiza-x-congresso-sob-o-lema-dspga\\\/\",\"url\":\"https:\\\/\\\/jornaldasoficinas.com\\\/pt\\\/spg-talleres-realiza-x-congresso-sob-o-lema-dspga\\\/\",\"name\":\"SPG Talleres realiza X Congresso sob o lema \\\"dSPGa\\\" - Jornal das Oficinas\",\"isPartOf\":{\"@id\":\"https:\\\/\\\/jornaldasoficinas.com\\\/pt\\\/#website\"},\"primaryImageOfPage\":{\"@id\":\"https:\\\/\\\/jornaldasoficinas.com\\\/pt\\\/spg-talleres-realiza-x-congresso-sob-o-lema-dspga\\\/#primaryimage\"},\"image\":{\"@id\":\"https:\\\/\\\/jornaldasoficinas.com\\\/pt\\\/spg-talleres-realiza-x-congresso-sob-o-lema-dspga\\\/#primaryimage\"},\"thumbnailUrl\":\"https:\\\/\\\/jornaldasoficinas.com\\\/pt\\\/wp-content\\\/uploads\\\/2023\\\/05\\\/SPG-Talleres-realiza-X-Congresso-sob-o-lema-22dSPGa22.jpg\",\"datePublished\":\"2023-06-05T17:00:30+00:00\",\"dateModified\":\"2023-07-19T14:38:55+00:00\",\"description\":\"A rede SPG Talleres, pertencente ao grupo Serca, realizar\u00e1 o seu X Congresso na cidade de Toledo sob o lema \\\"dSPGa\\\"\",\"breadcrumb\":{\"@id\":\"https:\\\/\\\/jornaldasoficinas.com\\\/pt\\\/spg-talleres-realiza-x-congresso-sob-o-lema-dspga\\\/#breadcrumb\"},\"inLanguage\":\"pt-PT\",\"potentialAction\":[{\"@type\":\"ReadAction\",\"target\":[\"https:\\\/\\\/jornaldasoficinas.com\\\/pt\\\/spg-talleres-realiza-x-congresso-sob-o-lema-dspga\\\/\"]}]},{\"@type\":\"ImageObject\",\"inLanguage\":\"pt-PT\",\"@id\":\"https:\\\/\\\/jornaldasoficinas.com\\\/pt\\\/spg-talleres-realiza-x-congresso-sob-o-lema-dspga\\\/#primaryimage\",\"url\":\"https:\\\/\\\/jornaldasoficinas.com\\\/pt\\\/wp-content\\\/uploads\\\/2023\\\/05\\\/SPG-Talleres-realiza-X-Congresso-sob-o-lema-22dSPGa22.jpg\",\"contentUrl\":\"https:\\\/\\\/jornaldasoficinas.com\\\/pt\\\/wp-content\\\/uploads\\\/2023\\\/05\\\/SPG-Talleres-realiza-X-Congresso-sob-o-lema-22dSPGa22.jpg\",\"width\":1024,\"height\":581,\"caption\":\"05 - SPG Talleres realiza X Congresso sob o lema 22dSPGa22\"},{\"@type\":\"BreadcrumbList\",\"@id\":\"https:\\\/\\\/jornaldasoficinas.com\\\/pt\\\/spg-talleres-realiza-x-congresso-sob-o-lema-dspga\\\/#breadcrumb\",\"itemListElement\":[{\"@type\":\"ListItem\",\"position\":1,\"name\":\"In\u00edcio\",\"item\":\"https:\\\/\\\/jornaldasoficinas.com\\\/pt\\\/\"},{\"@type\":\"ListItem\",\"position\":2,\"name\":\"SPG Talleres realiza X Congresso sob o lema &#8220;dSPGa&#8221;\"}]},{\"@type\":\"WebSite\",\"@id\":\"https:\\\/\\\/jornaldasoficinas.com\\\/pt\\\/#website\",\"url\":\"https:\\\/\\\/jornaldasoficinas.com\\\/pt\\\/\",\"name\":\"Jornal das Oficinas\",\"description\":\"Jornal independente do Aftermarket Autom\u00f3vel em Portugal\",\"publisher\":{\"@id\":\"https:\\\/\\\/jornaldasoficinas.com\\\/pt\\\/#organization\"},\"potentialAction\":[{\"@type\":\"SearchAction\",\"target\":{\"@type\":\"EntryPoint\",\"urlTemplate\":\"https:\\\/\\\/jornaldasoficinas.com\\\/pt\\\/?s={search_term_string}\"},\"query-input\":{\"@type\":\"PropertyValueSpecification\",\"valueRequired\":true,\"valueName\":\"search_term_string\"}}],\"inLanguage\":\"pt-PT\"},{\"@type\":\"Organization\",\"@id\":\"https:\\\/\\\/jornaldasoficinas.com\\\/pt\\\/#organization\",\"name\":\"Jornal das Oficinas\",\"url\":\"https:\\\/\\\/jornaldasoficinas.com\\\/pt\\\/\",\"logo\":{\"@type\":\"ImageObject\",\"inLanguage\":\"pt-PT\",\"@id\":\"https:\\\/\\\/jornaldasoficinas.com\\\/pt\\\/#\\\/schema\\\/logo\\\/image\\\/\",\"url\":\"https:\\\/\\\/jornaldasoficinas.com\\\/pt\\\/wp-content\\\/uploads\\\/logoJO-SEO.png\",\"contentUrl\":\"https:\\\/\\\/jornaldasoficinas.com\\\/pt\\\/wp-content\\\/uploads\\\/logoJO-SEO.png\",\"width\":285,\"height\":450,\"caption\":\"Jornal das Oficinas\"},\"image\":{\"@id\":\"https:\\\/\\\/jornaldasoficinas.com\\\/pt\\\/#\\\/schema\\\/logo\\\/image\\\/\"},\"sameAs\":[\"https:\\\/\\\/www.facebook.com\\\/jornaloficinas\",\"https:\\\/\\\/x.com\\\/jornaloficinas\",\"https:\\\/\\\/www.instagram.com\\\/jornal_oficinas\\\/\",\"https:\\\/\\\/www.linkedin.com\\\/company\\\/jornal-das-oficinas\\\/\",\"https:\\\/\\\/www.youtube.com\\\/channel\\\/UCbQZBqtcvV-oSQrr7RzINGg\"]},{\"@type\":\"Person\",\"@id\":\"https:\\\/\\\/jornaldasoficinas.com\\\/pt\\\/#\\\/schema\\\/person\\\/a38eef5de2c41d9e7c9ac10141afddf3\",\"name\":\"Reda\u00e7\u00e3o JO\",\"image\":{\"@type\":\"ImageObject\",\"inLanguage\":\"pt-PT\",\"@id\":\"https:\\\/\\\/secure.gravatar.com\\\/avatar\\\/71f2fa71737ad68a84fea94bc708ddac8ea5b0c4788dc2ad202f3ccb2887742f?s=96&d=wp_user_avatar&r=g\",\"url\":\"https:\\\/\\\/secure.gravatar.com\\\/avatar\\\/71f2fa71737ad68a84fea94bc708ddac8ea5b0c4788dc2ad202f3ccb2887742f?s=96&d=wp_user_avatar&r=g\",\"contentUrl\":\"https:\\\/\\\/secure.gravatar.com\\\/avatar\\\/71f2fa71737ad68a84fea94bc708ddac8ea5b0c4788dc2ad202f3ccb2887742f?s=96&d=wp_user_avatar&r=g\",\"caption\":\"Reda\u00e7\u00e3o JO\"},\"url\":\"https:\\\/\\\/jornaldasoficinas.com\\\/pt\\\/author\\\/joredacao\\\/\"}]}<\/script>\n<!-- \/ Yoast SEO plugin. -->","yoast_head_json":{"title":"SPG Talleres realiza X Congresso sob o lema \"dSPGa\" - Jornal das Oficinas","description":"A rede SPG Talleres, pertencente ao grupo Serca, realizar\u00e1 o seu X Congresso na cidade de Toledo sob o lema \"dSPGa\"","robots":{"index":"index","follow":"follow","max-snippet":"max-snippet:-1","max-image-preview":"max-image-preview:large","max-video-preview":"max-video-preview:-1"},"canonical":"https:\/\/jornaldasoficinas.com\/pt\/spg-talleres-realiza-x-congresso-sob-o-lema-dspga\/","og_locale":"pt_PT","og_type":"article","og_title":"SPG Talleres realiza X Congresso sob o lema \"dSPGa\" - Jornal das Oficinas","og_description":"A rede SPG Talleres, pertencente ao grupo Serca, realizar\u00e1 o seu X Congresso na cidade de Toledo sob o lema \"dSPGa\"","og_url":"https:\/\/jornaldasoficinas.com\/pt\/spg-talleres-realiza-x-congresso-sob-o-lema-dspga\/","og_site_name":"Jornal das Oficinas","article_publisher":"https:\/\/www.facebook.com\/jornaloficinas","article_published_time":"2023-06-05T17:00:30+00:00","article_modified_time":"2023-07-19T14:38:55+00:00","og_image":[{"width":1024,"height":581,"url":"https:\/\/jornaldasoficinas.com\/pt\/wp-content\/uploads\/2023\/05\/SPG-Talleres-realiza-X-Congresso-sob-o-lema-22dSPGa22.jpg","type":"image\/jpeg"}],"author":"Reda\u00e7\u00e3o JO","twitter_card":"summary_large_image","twitter_creator":"@jornaloficinas","twitter_site":"@jornaloficinas","twitter_misc":{"Escrito por":"Reda\u00e7\u00e3o JO","Tempo estimado de leitura":"1 minuto"},"schema":{"@context":"https:\/\/schema.org","@graph":[{"@type":"Article","@id":"https:\/\/jornaldasoficinas.com\/pt\/spg-talleres-realiza-x-congresso-sob-o-lema-dspga\/#article","isPartOf":{"@id":"https:\/\/jornaldasoficinas.com\/pt\/spg-talleres-realiza-x-congresso-sob-o-lema-dspga\/"},"author":{"name":"Reda\u00e7\u00e3o JO","@id":"https:\/\/jornaldasoficinas.com\/pt\/#\/schema\/person\/a38eef5de2c41d9e7c9ac10141afddf3"},"headline":"SPG Talleres realiza X Congresso sob o lema &#8220;dSPGa&#8221;","datePublished":"2023-06-05T17:00:30+00:00","dateModified":"2023-07-19T14:38:55+00:00","mainEntityOfPage":{"@id":"https:\/\/jornaldasoficinas.com\/pt\/spg-talleres-realiza-x-congresso-sob-o-lema-dspga\/"},"wordCount":274,"publisher":{"@id":"https:\/\/jornaldasoficinas.com\/pt\/#organization"},"image":{"@id":"https:\/\/jornaldasoficinas.com\/pt\/spg-talleres-realiza-x-congresso-sob-o-lema-dspga\/#primaryimage"},"thumbnailUrl":"https:\/\/jornaldasoficinas.com\/pt\/wp-content\/uploads\/2023\/05\/SPG-Talleres-realiza-X-Congresso-sob-o-lema-22dSPGa22.jpg","keywords":["2 de setembro","Evento","SPG Talleres","X Congresso"],"articleSection":["Empresas"],"inLanguage":"pt-PT"},{"@type":"WebPage","@id":"https:\/\/jornaldasoficinas.com\/pt\/spg-talleres-realiza-x-congresso-sob-o-lema-dspga\/","url":"https:\/\/jornaldasoficinas.com\/pt\/spg-talleres-realiza-x-congresso-sob-o-lema-dspga\/","name":"SPG Talleres realiza X Congresso sob o lema \"dSPGa\" - Jornal das Oficinas","isPartOf":{"@id":"https:\/\/jornaldasoficinas.com\/pt\/#website"},"primaryImageOfPage":{"@id":"https:\/\/jornaldasoficinas.com\/pt\/spg-talleres-realiza-x-congresso-sob-o-lema-dspga\/#primaryimage"},"image":{"@id":"https:\/\/jornaldasoficinas.com\/pt\/spg-talleres-realiza-x-congresso-sob-o-lema-dspga\/#primaryimage"},"thumbnailUrl":"https:\/\/jornaldasoficinas.com\/pt\/wp-content\/uploads\/2023\/05\/SPG-Talleres-realiza-X-Congresso-sob-o-lema-22dSPGa22.jpg","datePublished":"2023-06-05T17:00:30+00:00","dateModified":"2023-07-19T14:38:55+00:00","description":"A rede SPG Talleres, pertencente ao grupo Serca, realizar\u00e1 o seu X Congresso na cidade de Toledo sob o lema \"dSPGa\"","breadcrumb":{"@id":"https:\/\/jornaldasoficinas.com\/pt\/spg-talleres-realiza-x-congresso-sob-o-lema-dspga\/#breadcrumb"},"inLanguage":"pt-PT","potentialAction":[{"@type":"ReadAction","target":["https:\/\/jornaldasoficinas.com\/pt\/spg-talleres-realiza-x-congresso-sob-o-lema-dspga\/"]}]},{"@type":"ImageObject","inLanguage":"pt-PT","@id":"https:\/\/jornaldasoficinas.com\/pt\/spg-talleres-realiza-x-congresso-sob-o-lema-dspga\/#primaryimage","url":"https:\/\/jornaldasoficinas.com\/pt\/wp-content\/uploads\/2023\/05\/SPG-Talleres-realiza-X-Congresso-sob-o-lema-22dSPGa22.jpg","contentUrl":"https:\/\/jornaldasoficinas.com\/pt\/wp-content\/uploads\/2023\/05\/SPG-Talleres-realiza-X-Congresso-sob-o-lema-22dSPGa22.jpg","width":1024,"height":581,"caption":"05 - SPG Talleres realiza X Congresso sob o lema 22dSPGa22"},{"@type":"BreadcrumbList","@id":"https:\/\/jornaldasoficinas.com\/pt\/spg-talleres-realiza-x-congresso-sob-o-lema-dspga\/#breadcrumb","itemListElement":[{"@type":"ListItem","position":1,"name":"In\u00edcio","item":"https:\/\/jornaldasoficinas.com\/pt\/"},{"@type":"ListItem","position":2,"name":"SPG Talleres realiza X Congresso sob o lema &#8220;dSPGa&#8221;"}]},{"@type":"WebSite","@id":"https:\/\/jornaldasoficinas.com\/pt\/#website","url":"https:\/\/jornaldasoficinas.com\/pt\/","name":"Jornal das Oficinas","description":"Jornal independente do Aftermarket Autom\u00f3vel em Portugal","publisher":{"@id":"https:\/\/jornaldasoficinas.com\/pt\/#organization"},"potentialAction":[{"@type":"SearchAction","target":{"@type":"EntryPoint","urlTemplate":"https:\/\/jornaldasoficinas.com\/pt\/?s={search_term_string}"},"query-input":{"@type":"PropertyValueSpecification","valueRequired":true,"valueName":"search_term_string"}}],"inLanguage":"pt-PT"},{"@type":"Organization","@id":"https:\/\/jornaldasoficinas.com\/pt\/#organization","name":"Jornal das Oficinas","url":"https:\/\/jornaldasoficinas.com\/pt\/","logo":{"@type":"ImageObject","inLanguage":"pt-PT","@id":"https:\/\/jornaldasoficinas.com\/pt\/#\/schema\/logo\/image\/","url":"https:\/\/jornaldasoficinas.com\/pt\/wp-content\/uploads\/logoJO-SEO.png","contentUrl":"https:\/\/jornaldasoficinas.com\/pt\/wp-content\/uploads\/logoJO-SEO.png","width":285,"height":450,"caption":"Jornal das Oficinas"},"image":{"@id":"https:\/\/jornaldasoficinas.com\/pt\/#\/schema\/logo\/image\/"},"sameAs":["https:\/\/www.facebook.com\/jornaloficinas","https:\/\/x.com\/jornaloficinas","https:\/\/www.instagram.com\/jornal_oficinas\/","https:\/\/www.linkedin.com\/company\/jornal-das-oficinas\/","https:\/\/www.youtube.com\/channel\/UCbQZBqtcvV-oSQrr7RzINGg"]},{"@type":"Person","@id":"https:\/\/jornaldasoficinas.com\/pt\/#\/schema\/person\/a38eef5de2c41d9e7c9ac10141afddf3","name":"Reda\u00e7\u00e3o JO","image":{"@type":"ImageObject","inLanguage":"pt-PT","@id":"https:\/\/secure.gravatar.com\/avatar\/71f2fa71737ad68a84fea94bc708ddac8ea5b0c4788dc2ad202f3ccb2887742f?s=96&d=wp_user_avatar&r=g","url":"https:\/\/secure.gravatar.com\/avatar\/71f2fa71737ad68a84fea94bc708ddac8ea5b0c4788dc2ad202f3ccb2887742f?s=96&d=wp_user_avatar&r=g","contentUrl":"https:\/\/secure.gravatar.com\/avatar\/71f2fa71737ad68a84fea94bc708ddac8ea5b0c4788dc2ad202f3ccb2887742f?s=96&d=wp_user_avatar&r=g","caption":"Reda\u00e7\u00e3o JO"},"url":"https:\/\/jornaldasoficinas.com\/pt\/author\/joredacao\/"}]}},"_links":{"self":[{"href":"https:\/\/jornaldasoficinas.com\/pt\/wp-json\/wp\/v2\/posts\/67533","targetHints":{"allow":["GET"]}}],"collection":[{"href":"https:\/\/jornaldasoficinas.com\/pt\/wp-json\/wp\/v2\/posts"}],"about":[{"href":"https:\/\/jornaldasoficinas.com\/pt\/wp-json\/wp\/v2\/types\/post"}],"author":[{"embeddable":true,"href":"https:\/\/jornaldasoficinas.com\/pt\/wp-json\/wp\/v2\/users\/15"}],"replies":[{"embeddable":true,"href":"https:\/\/jornaldasoficinas.com\/pt\/wp-json\/wp\/v2\/comments?post=67533"}],"version-history":[{"count":0,"href":"https:\/\/jornaldasoficinas.com\/pt\/wp-json\/wp\/v2\/posts\/67533\/revisions"}],"wp:featuredmedia":[{"embeddable":true,"href":"https:\/\/jornaldasoficinas.com\/pt\/wp-json\/wp\/v2\/media\/67358"}],"wp:attachment":[{"href":"https:\/\/jornaldasoficinas.com\/pt\/wp-json\/wp\/v2\/media?parent=67533"}],"wp:term":[{"taxonomy":"category","embeddable":true,"href":"https:\/\/jornaldasoficinas.com\/pt\/wp-json\/wp\/v2\/categories?post=67533"},{"taxonomy":"post_tag","embeddable":true,"href":"https:\/\/jornaldasoficinas.com\/pt\/wp-json\/wp\/v2\/tags?post=67533"}],"curies":[{"name":"wp","href":"https:\/\/api.w.org\/{rel}","templated":true}]}}