{"id":67593,"date":"2023-06-07T08:00:23","date_gmt":"2023-06-07T07:00:23","guid":{"rendered":"https:\/\/jornaldasoficinas.com\/pt\/?p=67593"},"modified":"2023-06-06T09:44:01","modified_gmt":"2023-06-06T08:44:01","slug":"mercado-automovel-ainda-nao-recuperou-numeros-pre-pandemia","status":"publish","type":"post","link":"https:\/\/jornaldasoficinas.com\/pt\/mercado-automovel-ainda-nao-recuperou-numeros-pre-pandemia\/","title":{"rendered":"Mercado Autom\u00f3vel ainda n\u00e3o recuperou n\u00fameros pr\u00e9-pandemia"},"content":{"rendered":"<p><strong><img loading=\"lazy\" decoding=\"async\" class=\"alignnone size-full wp-image-67542\" src=\"https:\/\/jornaldasoficinas.com\/pt\/wp-content\/uploads\/2023\/06\/Mercado-Automovel-ainda-nao-recuperou-numeros-pre-pandemia.png\" alt=\"06 - Mercado Automovel ainda nao recuperou numeros pre pandemia\" width=\"1024\" height=\"581\" srcset=\"https:\/\/jornaldasoficinas.com\/pt\/wp-content\/uploads\/2023\/06\/Mercado-Automovel-ainda-nao-recuperou-numeros-pre-pandemia.png 1024w, https:\/\/jornaldasoficinas.com\/pt\/wp-content\/uploads\/2023\/06\/Mercado-Automovel-ainda-nao-recuperou-numeros-pre-pandemia-300x170.png 300w, https:\/\/jornaldasoficinas.com\/pt\/wp-content\/uploads\/2023\/06\/Mercado-Automovel-ainda-nao-recuperou-numeros-pre-pandemia-150x85.png 150w, https:\/\/jornaldasoficinas.com\/pt\/wp-content\/uploads\/2023\/06\/Mercado-Automovel-ainda-nao-recuperou-numeros-pre-pandemia-768x436.png 768w\" sizes=\"auto, (max-width: 1024px) 100vw, 1024px\" \/><\/strong><\/p>\n<p><strong>Mercado Autom\u00f3vel em Portugal regista queda de 16,4% no acumulado de janeiro a maio de 2023 face ao per\u00edodo hom\u00f3logo de 2019, ou seja, ao \u00faltimo ano pr\u00e9-pandemia. Esta queda, mostra que o mercado ainda n\u00e3o recuperou, apesar de ter registado um aumento de 40,4 por cento face a janeiro-maio de 2022<\/strong><\/p>\n<p>Em maio de 2023 foram matriculados 22.672 ve\u00edculos autom\u00f3veis, ou seja, menos 15,2 por cento que no mesmo m\u00eas de 2019, mas mais 51,2 por cento quando comparado com maio de 2022.<\/p>\n<p>De janeiro a maio de 2023, foram colocados em circula\u00e7\u00e3o 101.510 novos ve\u00edculos, o que representou uma diminui\u00e7\u00e3o de 16,4 por cento relativamente a janeiro a maio de 2019, apesar da compara\u00e7\u00e3o com 2022 apresentar um aumento de 40.4 por cento.<\/p>\n<p>Por categorias e tipos de ve\u00edculos observou-se a seguinte evolu\u00e7\u00e3o do n\u00famero de unidades matriculadas no nosso pa\u00eds:<\/p>\n<p><strong>Autom\u00f3veis Ligeiros de Passageiros:<\/strong> No m\u00eas de maio de 2023 foram matriculados em Portugal 19.816 autom\u00f3veis ligeiros de passageiros novos, ou seja, menos 12,9 por cento que no mesmo m\u00eas do ano de 2019. Por compara\u00e7\u00e3o com maio de 2022 o mercado registou um aumento de 54,6 por cento.<\/p>\n<p>De janeiro a maio de 2023 as matr\u00edculas de ve\u00edculos ligeiros de passageiros totalizaram 88.114 unidades, o que se traduziu numa varia\u00e7\u00e3o negativa de 14,9 por cento relativamente a per\u00edodo hom\u00f3logo de 2019. Por compara\u00e7\u00e3o com os primeiros cinco meses de 2022, o mercado registou um acr\u00e9scimo de 46,4 por cento.<\/p>\n<p>De janeiro a maio de 2023, 47,1 por cento dos ve\u00edculos ligeiros de passageiros matriculados novos eram movidos a outros tipos de energia, nomeadamente el\u00e9tricos e h\u00edbridos.<\/p>\n<p>Em particular, verificou-se que 15,6 por cento nos ve\u00edculos ligeiros de passageiros novos eram el\u00e9tricos.<\/p>\n<p><strong>Ve\u00edculos Ligeiros de Mercadorias: <\/strong>O mercado de ligeiros de mercadorias registou, no quinto m\u00eas de 2023, uma evolu\u00e7\u00e3o negativa de 35,3 por cento face ao m\u00eas hom\u00f3logo do ano de 2019, situando-se em 2.244 unidades matriculadas. Quando comparado com o mesmo m\u00eas de 2022, verificou-se um acr\u00e9scimo de 37,7 por cento.<\/p>\n<p>Em termos acumulados, o mercado atingiu 10.545 unidades, o que representou um decr\u00e9scimo de 31,5 por cento face ao mesmo per\u00edodo do ano de 2019 mas um aumento de 7,4 por cento em compara\u00e7\u00e3o com os primeiros cinco meses do ano de 2022.<\/p>\n<p><strong>Ve\u00edculos Pesados: <\/strong>Quanto ao mercado de ve\u00edculos pesados, o qual engloba os tipos de passageiros e de mercadorias, em maio de 2023 verificou-se um aumento de 20,0 por cento em rela\u00e7\u00e3o ao m\u00eas hom\u00f3logo de 2019, tendo sido comercializados 612 ve\u00edculos desta categoria. Em compara\u00e7\u00e3o com o mesmo m\u00eas de 2022, o mercado registou um aumento de 12,1 por cento.<\/p>\n<p>Nos primeiros cinco meses 2023 as matr\u00edculas desta categoria totalizaram 2.851 unidades, o que representou um crescimento do mercado de 14,8 por cento relativamente ao mesmo per\u00edodo de 2019 e um aumento de 25,3 por cento quando comparado com janeiro a maio de 2022.<\/p>\n<p>Na decomposi\u00e7\u00e3o do mercado de ve\u00edculos pesados observamos uma evolu\u00e7\u00e3o muito positiva nos pesados de mercadorias (+88,1%) em maio de 2023 face ao mesmo m\u00eas de 2022, e, uma queda muito significativa (-77,3%) nos pesados de passageiros, em igual per\u00edodo.<\/p>\n","protected":false},"excerpt":{"rendered":"<p>Mercado Autom\u00f3vel em Portugal regista queda&#8230;<\/p>\n","protected":false},"author":15,"featured_media":67542,"comment_status":"closed","ping_status":"closed","sticky":false,"template":"","format":"standard","meta":{"footnotes":""},"categories":[37],"tags":[4181,3284,3283,308,466],"class_list":["post-67593","post","type-post","status-publish","format-standard","has-post-thumbnail","hentry","category-mercado","tag-estatisticas","tag-ligeiros-de-mercadorias","tag-ligeiros-de-passageiros","tag-mercado-automovel","tag-veiculos-pesados"],"yoast_head":"<!-- This site is optimized with the Yoast SEO plugin v27.5 - https:\/\/yoast.com\/product\/yoast-seo-wordpress\/ -->\n<title>Mercado Autom\u00f3vel ainda n\u00e3o recuperou n\u00fameros pr\u00e9-pandemia - Jornal das Oficinas<\/title>\n<meta name=\"description\" content=\"Mercado Autom\u00f3vel em Portugal regista queda de 16,4% no acumulado de janeiro a maio de 2023 face ao per\u00edodo hom\u00f3logo de 2019\" \/>\n<meta name=\"robots\" content=\"index, follow, max-snippet:-1, max-image-preview:large, max-video-preview:-1\" \/>\n<link rel=\"canonical\" href=\"https:\/\/jornaldasoficinas.com\/pt\/mercado-automovel-ainda-nao-recuperou-numeros-pre-pandemia\/\" \/>\n<meta property=\"og:locale\" content=\"pt_PT\" \/>\n<meta property=\"og:type\" content=\"article\" \/>\n<meta property=\"og:title\" content=\"Mercado Autom\u00f3vel ainda n\u00e3o recuperou n\u00fameros pr\u00e9-pandemia - Jornal das Oficinas\" \/>\n<meta property=\"og:description\" content=\"Mercado Autom\u00f3vel em Portugal regista queda de 16,4% no acumulado de janeiro a maio de 2023 face ao per\u00edodo hom\u00f3logo de 2019\" \/>\n<meta property=\"og:url\" content=\"https:\/\/jornaldasoficinas.com\/pt\/mercado-automovel-ainda-nao-recuperou-numeros-pre-pandemia\/\" \/>\n<meta property=\"og:site_name\" content=\"Jornal das Oficinas\" \/>\n<meta property=\"article:publisher\" content=\"https:\/\/www.facebook.com\/jornaloficinas\" \/>\n<meta property=\"article:published_time\" content=\"2023-06-07T07:00:23+00:00\" \/>\n<meta property=\"og:image\" content=\"https:\/\/jornaldasoficinas.com\/pt\/wp-content\/uploads\/2023\/06\/Mercado-Automovel-ainda-nao-recuperou-numeros-pre-pandemia.png\" \/>\n\t<meta property=\"og:image:width\" content=\"1024\" \/>\n\t<meta property=\"og:image:height\" content=\"581\" \/>\n\t<meta property=\"og:image:type\" content=\"image\/png\" \/>\n<meta name=\"author\" content=\"Reda\u00e7\u00e3o JO\" \/>\n<meta name=\"twitter:card\" content=\"summary_large_image\" \/>\n<meta name=\"twitter:creator\" content=\"@jornaloficinas\" \/>\n<meta name=\"twitter:site\" content=\"@jornaloficinas\" \/>\n<meta name=\"twitter:label1\" content=\"Escrito por\" \/>\n\t<meta name=\"twitter:data1\" content=\"Reda\u00e7\u00e3o JO\" \/>\n\t<meta name=\"twitter:label2\" content=\"Tempo estimado de leitura\" \/>\n\t<meta name=\"twitter:data2\" content=\"3 minutos\" \/>\n<script type=\"application\/ld+json\" class=\"yoast-schema-graph\">{\"@context\":\"https:\\\/\\\/schema.org\",\"@graph\":[{\"@type\":\"Article\",\"@id\":\"https:\\\/\\\/jornaldasoficinas.com\\\/pt\\\/mercado-automovel-ainda-nao-recuperou-numeros-pre-pandemia\\\/#article\",\"isPartOf\":{\"@id\":\"https:\\\/\\\/jornaldasoficinas.com\\\/pt\\\/mercado-automovel-ainda-nao-recuperou-numeros-pre-pandemia\\\/\"},\"author\":{\"name\":\"Reda\u00e7\u00e3o JO\",\"@id\":\"https:\\\/\\\/jornaldasoficinas.com\\\/pt\\\/#\\\/schema\\\/person\\\/a38eef5de2c41d9e7c9ac10141afddf3\"},\"headline\":\"Mercado Autom\u00f3vel ainda n\u00e3o recuperou n\u00fameros pr\u00e9-pandemia\",\"datePublished\":\"2023-06-07T07:00:23+00:00\",\"mainEntityOfPage\":{\"@id\":\"https:\\\/\\\/jornaldasoficinas.com\\\/pt\\\/mercado-automovel-ainda-nao-recuperou-numeros-pre-pandemia\\\/\"},\"wordCount\":534,\"publisher\":{\"@id\":\"https:\\\/\\\/jornaldasoficinas.com\\\/pt\\\/#organization\"},\"image\":{\"@id\":\"https:\\\/\\\/jornaldasoficinas.com\\\/pt\\\/mercado-automovel-ainda-nao-recuperou-numeros-pre-pandemia\\\/#primaryimage\"},\"thumbnailUrl\":\"https:\\\/\\\/jornaldasoficinas.com\\\/pt\\\/wp-content\\\/uploads\\\/2023\\\/06\\\/Mercado-Automovel-ainda-nao-recuperou-numeros-pre-pandemia.png\",\"keywords\":[\"Estat\u00edsticas\",\"Ligeiros de Mercadorias\",\"Ligeiros de passageiros\",\"Mercado Autom\u00f3vel\",\"Ve\u00edculos Pesados\"],\"articleSection\":[\"Mercado\"],\"inLanguage\":\"pt-PT\"},{\"@type\":\"WebPage\",\"@id\":\"https:\\\/\\\/jornaldasoficinas.com\\\/pt\\\/mercado-automovel-ainda-nao-recuperou-numeros-pre-pandemia\\\/\",\"url\":\"https:\\\/\\\/jornaldasoficinas.com\\\/pt\\\/mercado-automovel-ainda-nao-recuperou-numeros-pre-pandemia\\\/\",\"name\":\"Mercado Autom\u00f3vel ainda n\u00e3o recuperou n\u00fameros pr\u00e9-pandemia - Jornal das Oficinas\",\"isPartOf\":{\"@id\":\"https:\\\/\\\/jornaldasoficinas.com\\\/pt\\\/#website\"},\"primaryImageOfPage\":{\"@id\":\"https:\\\/\\\/jornaldasoficinas.com\\\/pt\\\/mercado-automovel-ainda-nao-recuperou-numeros-pre-pandemia\\\/#primaryimage\"},\"image\":{\"@id\":\"https:\\\/\\\/jornaldasoficinas.com\\\/pt\\\/mercado-automovel-ainda-nao-recuperou-numeros-pre-pandemia\\\/#primaryimage\"},\"thumbnailUrl\":\"https:\\\/\\\/jornaldasoficinas.com\\\/pt\\\/wp-content\\\/uploads\\\/2023\\\/06\\\/Mercado-Automovel-ainda-nao-recuperou-numeros-pre-pandemia.png\",\"datePublished\":\"2023-06-07T07:00:23+00:00\",\"description\":\"Mercado Autom\u00f3vel em Portugal regista queda de 16,4% no acumulado de janeiro a maio de 2023 face ao per\u00edodo hom\u00f3logo de 2019\",\"breadcrumb\":{\"@id\":\"https:\\\/\\\/jornaldasoficinas.com\\\/pt\\\/mercado-automovel-ainda-nao-recuperou-numeros-pre-pandemia\\\/#breadcrumb\"},\"inLanguage\":\"pt-PT\",\"potentialAction\":[{\"@type\":\"ReadAction\",\"target\":[\"https:\\\/\\\/jornaldasoficinas.com\\\/pt\\\/mercado-automovel-ainda-nao-recuperou-numeros-pre-pandemia\\\/\"]}]},{\"@type\":\"ImageObject\",\"inLanguage\":\"pt-PT\",\"@id\":\"https:\\\/\\\/jornaldasoficinas.com\\\/pt\\\/mercado-automovel-ainda-nao-recuperou-numeros-pre-pandemia\\\/#primaryimage\",\"url\":\"https:\\\/\\\/jornaldasoficinas.com\\\/pt\\\/wp-content\\\/uploads\\\/2023\\\/06\\\/Mercado-Automovel-ainda-nao-recuperou-numeros-pre-pandemia.png\",\"contentUrl\":\"https:\\\/\\\/jornaldasoficinas.com\\\/pt\\\/wp-content\\\/uploads\\\/2023\\\/06\\\/Mercado-Automovel-ainda-nao-recuperou-numeros-pre-pandemia.png\",\"width\":1024,\"height\":581,\"caption\":\"06 - Mercado Automovel ainda nao recuperou numeros pre pandemia\"},{\"@type\":\"BreadcrumbList\",\"@id\":\"https:\\\/\\\/jornaldasoficinas.com\\\/pt\\\/mercado-automovel-ainda-nao-recuperou-numeros-pre-pandemia\\\/#breadcrumb\",\"itemListElement\":[{\"@type\":\"ListItem\",\"position\":1,\"name\":\"In\u00edcio\",\"item\":\"https:\\\/\\\/jornaldasoficinas.com\\\/pt\\\/\"},{\"@type\":\"ListItem\",\"position\":2,\"name\":\"Mercado Autom\u00f3vel ainda n\u00e3o recuperou n\u00fameros pr\u00e9-pandemia\"}]},{\"@type\":\"WebSite\",\"@id\":\"https:\\\/\\\/jornaldasoficinas.com\\\/pt\\\/#website\",\"url\":\"https:\\\/\\\/jornaldasoficinas.com\\\/pt\\\/\",\"name\":\"Jornal das Oficinas\",\"description\":\"Jornal independente do Aftermarket Autom\u00f3vel em Portugal\",\"publisher\":{\"@id\":\"https:\\\/\\\/jornaldasoficinas.com\\\/pt\\\/#organization\"},\"potentialAction\":[{\"@type\":\"SearchAction\",\"target\":{\"@type\":\"EntryPoint\",\"urlTemplate\":\"https:\\\/\\\/jornaldasoficinas.com\\\/pt\\\/?s={search_term_string}\"},\"query-input\":{\"@type\":\"PropertyValueSpecification\",\"valueRequired\":true,\"valueName\":\"search_term_string\"}}],\"inLanguage\":\"pt-PT\"},{\"@type\":\"Organization\",\"@id\":\"https:\\\/\\\/jornaldasoficinas.com\\\/pt\\\/#organization\",\"name\":\"Jornal das Oficinas\",\"url\":\"https:\\\/\\\/jornaldasoficinas.com\\\/pt\\\/\",\"logo\":{\"@type\":\"ImageObject\",\"inLanguage\":\"pt-PT\",\"@id\":\"https:\\\/\\\/jornaldasoficinas.com\\\/pt\\\/#\\\/schema\\\/logo\\\/image\\\/\",\"url\":\"https:\\\/\\\/jornaldasoficinas.com\\\/pt\\\/wp-content\\\/uploads\\\/logoJO-SEO.png\",\"contentUrl\":\"https:\\\/\\\/jornaldasoficinas.com\\\/pt\\\/wp-content\\\/uploads\\\/logoJO-SEO.png\",\"width\":285,\"height\":450,\"caption\":\"Jornal das Oficinas\"},\"image\":{\"@id\":\"https:\\\/\\\/jornaldasoficinas.com\\\/pt\\\/#\\\/schema\\\/logo\\\/image\\\/\"},\"sameAs\":[\"https:\\\/\\\/www.facebook.com\\\/jornaloficinas\",\"https:\\\/\\\/x.com\\\/jornaloficinas\",\"https:\\\/\\\/www.instagram.com\\\/jornal_oficinas\\\/\",\"https:\\\/\\\/www.linkedin.com\\\/company\\\/jornal-das-oficinas\\\/\",\"https:\\\/\\\/www.youtube.com\\\/channel\\\/UCbQZBqtcvV-oSQrr7RzINGg\"]},{\"@type\":\"Person\",\"@id\":\"https:\\\/\\\/jornaldasoficinas.com\\\/pt\\\/#\\\/schema\\\/person\\\/a38eef5de2c41d9e7c9ac10141afddf3\",\"name\":\"Reda\u00e7\u00e3o JO\",\"image\":{\"@type\":\"ImageObject\",\"inLanguage\":\"pt-PT\",\"@id\":\"https:\\\/\\\/secure.gravatar.com\\\/avatar\\\/71f2fa71737ad68a84fea94bc708ddac8ea5b0c4788dc2ad202f3ccb2887742f?s=96&d=wp_user_avatar&r=g\",\"url\":\"https:\\\/\\\/secure.gravatar.com\\\/avatar\\\/71f2fa71737ad68a84fea94bc708ddac8ea5b0c4788dc2ad202f3ccb2887742f?s=96&d=wp_user_avatar&r=g\",\"contentUrl\":\"https:\\\/\\\/secure.gravatar.com\\\/avatar\\\/71f2fa71737ad68a84fea94bc708ddac8ea5b0c4788dc2ad202f3ccb2887742f?s=96&d=wp_user_avatar&r=g\",\"caption\":\"Reda\u00e7\u00e3o JO\"},\"url\":\"https:\\\/\\\/jornaldasoficinas.com\\\/pt\\\/author\\\/joredacao\\\/\"}]}<\/script>\n<!-- \/ Yoast SEO plugin. -->","yoast_head_json":{"title":"Mercado Autom\u00f3vel ainda n\u00e3o recuperou n\u00fameros pr\u00e9-pandemia - Jornal das Oficinas","description":"Mercado Autom\u00f3vel em Portugal regista queda de 16,4% no acumulado de janeiro a maio de 2023 face ao per\u00edodo hom\u00f3logo de 2019","robots":{"index":"index","follow":"follow","max-snippet":"max-snippet:-1","max-image-preview":"max-image-preview:large","max-video-preview":"max-video-preview:-1"},"canonical":"https:\/\/jornaldasoficinas.com\/pt\/mercado-automovel-ainda-nao-recuperou-numeros-pre-pandemia\/","og_locale":"pt_PT","og_type":"article","og_title":"Mercado Autom\u00f3vel ainda n\u00e3o recuperou n\u00fameros pr\u00e9-pandemia - Jornal das Oficinas","og_description":"Mercado Autom\u00f3vel em Portugal regista queda de 16,4% no acumulado de janeiro a maio de 2023 face ao per\u00edodo hom\u00f3logo de 2019","og_url":"https:\/\/jornaldasoficinas.com\/pt\/mercado-automovel-ainda-nao-recuperou-numeros-pre-pandemia\/","og_site_name":"Jornal das Oficinas","article_publisher":"https:\/\/www.facebook.com\/jornaloficinas","article_published_time":"2023-06-07T07:00:23+00:00","og_image":[{"width":1024,"height":581,"url":"https:\/\/jornaldasoficinas.com\/pt\/wp-content\/uploads\/2023\/06\/Mercado-Automovel-ainda-nao-recuperou-numeros-pre-pandemia.png","type":"image\/png"}],"author":"Reda\u00e7\u00e3o JO","twitter_card":"summary_large_image","twitter_creator":"@jornaloficinas","twitter_site":"@jornaloficinas","twitter_misc":{"Escrito por":"Reda\u00e7\u00e3o JO","Tempo estimado de leitura":"3 minutos"},"schema":{"@context":"https:\/\/schema.org","@graph":[{"@type":"Article","@id":"https:\/\/jornaldasoficinas.com\/pt\/mercado-automovel-ainda-nao-recuperou-numeros-pre-pandemia\/#article","isPartOf":{"@id":"https:\/\/jornaldasoficinas.com\/pt\/mercado-automovel-ainda-nao-recuperou-numeros-pre-pandemia\/"},"author":{"name":"Reda\u00e7\u00e3o JO","@id":"https:\/\/jornaldasoficinas.com\/pt\/#\/schema\/person\/a38eef5de2c41d9e7c9ac10141afddf3"},"headline":"Mercado Autom\u00f3vel ainda n\u00e3o recuperou n\u00fameros pr\u00e9-pandemia","datePublished":"2023-06-07T07:00:23+00:00","mainEntityOfPage":{"@id":"https:\/\/jornaldasoficinas.com\/pt\/mercado-automovel-ainda-nao-recuperou-numeros-pre-pandemia\/"},"wordCount":534,"publisher":{"@id":"https:\/\/jornaldasoficinas.com\/pt\/#organization"},"image":{"@id":"https:\/\/jornaldasoficinas.com\/pt\/mercado-automovel-ainda-nao-recuperou-numeros-pre-pandemia\/#primaryimage"},"thumbnailUrl":"https:\/\/jornaldasoficinas.com\/pt\/wp-content\/uploads\/2023\/06\/Mercado-Automovel-ainda-nao-recuperou-numeros-pre-pandemia.png","keywords":["Estat\u00edsticas","Ligeiros de Mercadorias","Ligeiros de passageiros","Mercado Autom\u00f3vel","Ve\u00edculos Pesados"],"articleSection":["Mercado"],"inLanguage":"pt-PT"},{"@type":"WebPage","@id":"https:\/\/jornaldasoficinas.com\/pt\/mercado-automovel-ainda-nao-recuperou-numeros-pre-pandemia\/","url":"https:\/\/jornaldasoficinas.com\/pt\/mercado-automovel-ainda-nao-recuperou-numeros-pre-pandemia\/","name":"Mercado Autom\u00f3vel ainda n\u00e3o recuperou n\u00fameros pr\u00e9-pandemia - Jornal das Oficinas","isPartOf":{"@id":"https:\/\/jornaldasoficinas.com\/pt\/#website"},"primaryImageOfPage":{"@id":"https:\/\/jornaldasoficinas.com\/pt\/mercado-automovel-ainda-nao-recuperou-numeros-pre-pandemia\/#primaryimage"},"image":{"@id":"https:\/\/jornaldasoficinas.com\/pt\/mercado-automovel-ainda-nao-recuperou-numeros-pre-pandemia\/#primaryimage"},"thumbnailUrl":"https:\/\/jornaldasoficinas.com\/pt\/wp-content\/uploads\/2023\/06\/Mercado-Automovel-ainda-nao-recuperou-numeros-pre-pandemia.png","datePublished":"2023-06-07T07:00:23+00:00","description":"Mercado Autom\u00f3vel em Portugal regista queda de 16,4% no acumulado de janeiro a maio de 2023 face ao per\u00edodo hom\u00f3logo de 2019","breadcrumb":{"@id":"https:\/\/jornaldasoficinas.com\/pt\/mercado-automovel-ainda-nao-recuperou-numeros-pre-pandemia\/#breadcrumb"},"inLanguage":"pt-PT","potentialAction":[{"@type":"ReadAction","target":["https:\/\/jornaldasoficinas.com\/pt\/mercado-automovel-ainda-nao-recuperou-numeros-pre-pandemia\/"]}]},{"@type":"ImageObject","inLanguage":"pt-PT","@id":"https:\/\/jornaldasoficinas.com\/pt\/mercado-automovel-ainda-nao-recuperou-numeros-pre-pandemia\/#primaryimage","url":"https:\/\/jornaldasoficinas.com\/pt\/wp-content\/uploads\/2023\/06\/Mercado-Automovel-ainda-nao-recuperou-numeros-pre-pandemia.png","contentUrl":"https:\/\/jornaldasoficinas.com\/pt\/wp-content\/uploads\/2023\/06\/Mercado-Automovel-ainda-nao-recuperou-numeros-pre-pandemia.png","width":1024,"height":581,"caption":"06 - Mercado Automovel ainda nao recuperou numeros pre pandemia"},{"@type":"BreadcrumbList","@id":"https:\/\/jornaldasoficinas.com\/pt\/mercado-automovel-ainda-nao-recuperou-numeros-pre-pandemia\/#breadcrumb","itemListElement":[{"@type":"ListItem","position":1,"name":"In\u00edcio","item":"https:\/\/jornaldasoficinas.com\/pt\/"},{"@type":"ListItem","position":2,"name":"Mercado Autom\u00f3vel ainda n\u00e3o recuperou n\u00fameros pr\u00e9-pandemia"}]},{"@type":"WebSite","@id":"https:\/\/jornaldasoficinas.com\/pt\/#website","url":"https:\/\/jornaldasoficinas.com\/pt\/","name":"Jornal das Oficinas","description":"Jornal independente do Aftermarket Autom\u00f3vel em Portugal","publisher":{"@id":"https:\/\/jornaldasoficinas.com\/pt\/#organization"},"potentialAction":[{"@type":"SearchAction","target":{"@type":"EntryPoint","urlTemplate":"https:\/\/jornaldasoficinas.com\/pt\/?s={search_term_string}"},"query-input":{"@type":"PropertyValueSpecification","valueRequired":true,"valueName":"search_term_string"}}],"inLanguage":"pt-PT"},{"@type":"Organization","@id":"https:\/\/jornaldasoficinas.com\/pt\/#organization","name":"Jornal das Oficinas","url":"https:\/\/jornaldasoficinas.com\/pt\/","logo":{"@type":"ImageObject","inLanguage":"pt-PT","@id":"https:\/\/jornaldasoficinas.com\/pt\/#\/schema\/logo\/image\/","url":"https:\/\/jornaldasoficinas.com\/pt\/wp-content\/uploads\/logoJO-SEO.png","contentUrl":"https:\/\/jornaldasoficinas.com\/pt\/wp-content\/uploads\/logoJO-SEO.png","width":285,"height":450,"caption":"Jornal das Oficinas"},"image":{"@id":"https:\/\/jornaldasoficinas.com\/pt\/#\/schema\/logo\/image\/"},"sameAs":["https:\/\/www.facebook.com\/jornaloficinas","https:\/\/x.com\/jornaloficinas","https:\/\/www.instagram.com\/jornal_oficinas\/","https:\/\/www.linkedin.com\/company\/jornal-das-oficinas\/","https:\/\/www.youtube.com\/channel\/UCbQZBqtcvV-oSQrr7RzINGg"]},{"@type":"Person","@id":"https:\/\/jornaldasoficinas.com\/pt\/#\/schema\/person\/a38eef5de2c41d9e7c9ac10141afddf3","name":"Reda\u00e7\u00e3o JO","image":{"@type":"ImageObject","inLanguage":"pt-PT","@id":"https:\/\/secure.gravatar.com\/avatar\/71f2fa71737ad68a84fea94bc708ddac8ea5b0c4788dc2ad202f3ccb2887742f?s=96&d=wp_user_avatar&r=g","url":"https:\/\/secure.gravatar.com\/avatar\/71f2fa71737ad68a84fea94bc708ddac8ea5b0c4788dc2ad202f3ccb2887742f?s=96&d=wp_user_avatar&r=g","contentUrl":"https:\/\/secure.gravatar.com\/avatar\/71f2fa71737ad68a84fea94bc708ddac8ea5b0c4788dc2ad202f3ccb2887742f?s=96&d=wp_user_avatar&r=g","caption":"Reda\u00e7\u00e3o JO"},"url":"https:\/\/jornaldasoficinas.com\/pt\/author\/joredacao\/"}]}},"_links":{"self":[{"href":"https:\/\/jornaldasoficinas.com\/pt\/wp-json\/wp\/v2\/posts\/67593","targetHints":{"allow":["GET"]}}],"collection":[{"href":"https:\/\/jornaldasoficinas.com\/pt\/wp-json\/wp\/v2\/posts"}],"about":[{"href":"https:\/\/jornaldasoficinas.com\/pt\/wp-json\/wp\/v2\/types\/post"}],"author":[{"embeddable":true,"href":"https:\/\/jornaldasoficinas.com\/pt\/wp-json\/wp\/v2\/users\/15"}],"replies":[{"embeddable":true,"href":"https:\/\/jornaldasoficinas.com\/pt\/wp-json\/wp\/v2\/comments?post=67593"}],"version-history":[{"count":0,"href":"https:\/\/jornaldasoficinas.com\/pt\/wp-json\/wp\/v2\/posts\/67593\/revisions"}],"wp:featuredmedia":[{"embeddable":true,"href":"https:\/\/jornaldasoficinas.com\/pt\/wp-json\/wp\/v2\/media\/67542"}],"wp:attachment":[{"href":"https:\/\/jornaldasoficinas.com\/pt\/wp-json\/wp\/v2\/media?parent=67593"}],"wp:term":[{"taxonomy":"category","embeddable":true,"href":"https:\/\/jornaldasoficinas.com\/pt\/wp-json\/wp\/v2\/categories?post=67593"},{"taxonomy":"post_tag","embeddable":true,"href":"https:\/\/jornaldasoficinas.com\/pt\/wp-json\/wp\/v2\/tags?post=67593"}],"curies":[{"name":"wp","href":"https:\/\/api.w.org\/{rel}","templated":true}]}}