{"id":67673,"date":"2023-06-08T08:00:58","date_gmt":"2023-06-08T07:00:58","guid":{"rendered":"https:\/\/jornaldasoficinas.com\/pt\/?p=67673"},"modified":"2023-06-07T20:24:22","modified_gmt":"2023-06-07T19:24:22","slug":"powering-what-matters-by-gs-yuasa-regressa-ao-ecran","status":"publish","type":"post","link":"https:\/\/jornaldasoficinas.com\/pt\/powering-what-matters-by-gs-yuasa-regressa-ao-ecran\/","title":{"rendered":"&#8220;Powering what matters&#8221; by GS Yuasa regressa ao \u00e9cran"},"content":{"rendered":"<p><strong><img loading=\"lazy\" decoding=\"async\" class=\"alignnone size-full wp-image-67546\" src=\"https:\/\/jornaldasoficinas.com\/pt\/wp-content\/uploads\/2023\/06\/Powering-what-matters-by-GS-Yuasa-regressa-ao-ecran.jpeg\" alt=\"06 - Powering what matters by GS Yuasa regressa ao ecran\" width=\"1024\" height=\"581\" srcset=\"https:\/\/jornaldasoficinas.com\/pt\/wp-content\/uploads\/2023\/06\/Powering-what-matters-by-GS-Yuasa-regressa-ao-ecran.jpeg 1024w, https:\/\/jornaldasoficinas.com\/pt\/wp-content\/uploads\/2023\/06\/Powering-what-matters-by-GS-Yuasa-regressa-ao-ecran-300x170.jpeg 300w, https:\/\/jornaldasoficinas.com\/pt\/wp-content\/uploads\/2023\/06\/Powering-what-matters-by-GS-Yuasa-regressa-ao-ecran-150x85.jpeg 150w, https:\/\/jornaldasoficinas.com\/pt\/wp-content\/uploads\/2023\/06\/Powering-what-matters-by-GS-Yuasa-regressa-ao-ecran-768x436.jpeg 768w\" sizes=\"auto, (max-width: 1024px) 100vw, 1024px\" \/><\/strong><\/p>\n<p><strong>A campanha publicit\u00e1ria &#8220;Powering what matters&#8221; by GS Yuasa est\u00e1 de volta! Desta vez, o an\u00fancio de v\u00eddeo explora o mundo da <a href=\"https:\/\/www.gs-yuasa.com\/en\/\" target=\"_blank\" rel=\"noopener\">GS Yuasa<\/a> atrav\u00e9s dos olhos de Isabella, de 6 anos e da sua m\u00e3e<\/strong><\/p>\n<p><strong>\u00a0<\/strong>Ap\u00f3s o enorme sucesso da campanha do ano passado, que alcan\u00e7ou mais de 30 milh\u00f5es de impress\u00f5es, a iniciativa ser\u00e1 relan\u00e7ada em junho e julho em v\u00e1rios pa\u00edses europeus onde a GS Yuasa tem uma forte presen\u00e7a regional, incluindo\u00a0 Alemanha, It\u00e1lia, Espanha e Su\u00e9cia. A atividade coordenada mostrar\u00e1 a vasta gama de aplica\u00e7\u00f5es que utilizam as baterias GS Yuasa, salientando a raz\u00e3o pela qual s\u00e3o a escolha n\u00famero um para milh\u00f5es de aplica\u00e7\u00f5es em todo o mundo.<\/p>\n<p>Os v\u00eddeos e as imagens real\u00e7am a gama diversificada de mercados servidos pela GS Yuasa, desde baterias de arranque para autom\u00f3veis a baterias para sat\u00e9lites. A atividade ser\u00e1 desenvolvida atrav\u00e9s de m\u00faltiplos canais de meios de comunica\u00e7\u00e3o digitais e offline, incluindo o YouTube, as redes sociais, a publicidade e a rede de distribuidores dos fabricantes de baterias.<\/p>\n<p>\u201cAs nossas baterias h\u00e1 muito que alimentam o que \u00e9 importante, e esta campanha coloca o nome GS Yuasa na vanguarda das nossas atividades\u201d, referiu James Douglas, Diretor de Marketing do Grupo Europeu da GS Yuasa Battery.<\/p>\n","protected":false},"excerpt":{"rendered":"<p>A campanha publicit\u00e1ria &#8220;Powering what matters&#8221;&#8230;<\/p>\n","protected":false},"author":15,"featured_media":67546,"comment_status":"closed","ping_status":"closed","sticky":false,"template":"","format":"standard","meta":{"footnotes":""},"categories":[29],"tags":[512,5565,2075,5564],"class_list":["post-67673","post","type-post","status-publish","format-standard","has-post-thumbnail","hentry","category-empresas","tag-baterias","tag-campanha-publicitaria","tag-gs-yuasa","tag-powering-what-matters"],"yoast_head":"<!-- This site is optimized with the Yoast SEO plugin v27.5 - https:\/\/yoast.com\/product\/yoast-seo-wordpress\/ -->\n<title>&quot;Powering what matters&quot; by GS Yuasa regressa ao \u00e9cran - Jornal das Oficinas<\/title>\n<meta name=\"description\" content=\"A campanha publicit\u00e1ria &quot;Powering what matters&quot; by GS Yuasa est\u00e1 de volta! Desta vez, o an\u00fancio de v\u00eddeo explora o mundo da GS Yuasa\" \/>\n<meta name=\"robots\" content=\"index, follow, max-snippet:-1, max-image-preview:large, max-video-preview:-1\" \/>\n<link rel=\"canonical\" href=\"https:\/\/jornaldasoficinas.com\/pt\/powering-what-matters-by-gs-yuasa-regressa-ao-ecran\/\" \/>\n<meta property=\"og:locale\" content=\"pt_PT\" \/>\n<meta property=\"og:type\" content=\"article\" \/>\n<meta property=\"og:title\" content=\"&quot;Powering what matters&quot; by GS Yuasa regressa ao \u00e9cran - Jornal das Oficinas\" \/>\n<meta property=\"og:description\" content=\"A campanha publicit\u00e1ria &quot;Powering what matters&quot; by GS Yuasa est\u00e1 de volta! Desta vez, o an\u00fancio de v\u00eddeo explora o mundo da GS Yuasa\" \/>\n<meta property=\"og:url\" content=\"https:\/\/jornaldasoficinas.com\/pt\/powering-what-matters-by-gs-yuasa-regressa-ao-ecran\/\" \/>\n<meta property=\"og:site_name\" content=\"Jornal das Oficinas\" \/>\n<meta property=\"article:publisher\" content=\"https:\/\/www.facebook.com\/jornaloficinas\" \/>\n<meta property=\"article:published_time\" content=\"2023-06-08T07:00:58+00:00\" \/>\n<meta property=\"og:image\" content=\"https:\/\/jornaldasoficinas.com\/pt\/wp-content\/uploads\/2023\/06\/Powering-what-matters-by-GS-Yuasa-regressa-ao-ecran.jpeg\" \/>\n\t<meta property=\"og:image:width\" content=\"1024\" \/>\n\t<meta property=\"og:image:height\" content=\"581\" \/>\n\t<meta property=\"og:image:type\" content=\"image\/jpeg\" \/>\n<meta name=\"author\" content=\"Reda\u00e7\u00e3o JO\" \/>\n<meta name=\"twitter:card\" content=\"summary_large_image\" \/>\n<meta name=\"twitter:creator\" content=\"@jornaloficinas\" \/>\n<meta name=\"twitter:site\" content=\"@jornaloficinas\" \/>\n<meta name=\"twitter:label1\" content=\"Escrito por\" \/>\n\t<meta name=\"twitter:data1\" content=\"Reda\u00e7\u00e3o JO\" \/>\n\t<meta name=\"twitter:label2\" content=\"Tempo estimado de leitura\" \/>\n\t<meta name=\"twitter:data2\" content=\"1 minuto\" \/>\n<script type=\"application\/ld+json\" class=\"yoast-schema-graph\">{\"@context\":\"https:\\\/\\\/schema.org\",\"@graph\":[{\"@type\":\"Article\",\"@id\":\"https:\\\/\\\/jornaldasoficinas.com\\\/pt\\\/powering-what-matters-by-gs-yuasa-regressa-ao-ecran\\\/#article\",\"isPartOf\":{\"@id\":\"https:\\\/\\\/jornaldasoficinas.com\\\/pt\\\/powering-what-matters-by-gs-yuasa-regressa-ao-ecran\\\/\"},\"author\":{\"name\":\"Reda\u00e7\u00e3o JO\",\"@id\":\"https:\\\/\\\/jornaldasoficinas.com\\\/pt\\\/#\\\/schema\\\/person\\\/a38eef5de2c41d9e7c9ac10141afddf3\"},\"headline\":\"&#8220;Powering what matters&#8221; by GS Yuasa regressa ao \u00e9cran\",\"datePublished\":\"2023-06-08T07:00:58+00:00\",\"mainEntityOfPage\":{\"@id\":\"https:\\\/\\\/jornaldasoficinas.com\\\/pt\\\/powering-what-matters-by-gs-yuasa-regressa-ao-ecran\\\/\"},\"wordCount\":241,\"publisher\":{\"@id\":\"https:\\\/\\\/jornaldasoficinas.com\\\/pt\\\/#organization\"},\"image\":{\"@id\":\"https:\\\/\\\/jornaldasoficinas.com\\\/pt\\\/powering-what-matters-by-gs-yuasa-regressa-ao-ecran\\\/#primaryimage\"},\"thumbnailUrl\":\"https:\\\/\\\/jornaldasoficinas.com\\\/pt\\\/wp-content\\\/uploads\\\/2023\\\/06\\\/Powering-what-matters-by-GS-Yuasa-regressa-ao-ecran.jpeg\",\"keywords\":[\"Baterias\",\"Campanha publicit\u00e1ria\",\"GS Yuasa\",\"Powering what matters\"],\"articleSection\":[\"Empresas\"],\"inLanguage\":\"pt-PT\"},{\"@type\":\"WebPage\",\"@id\":\"https:\\\/\\\/jornaldasoficinas.com\\\/pt\\\/powering-what-matters-by-gs-yuasa-regressa-ao-ecran\\\/\",\"url\":\"https:\\\/\\\/jornaldasoficinas.com\\\/pt\\\/powering-what-matters-by-gs-yuasa-regressa-ao-ecran\\\/\",\"name\":\"\\\"Powering what matters\\\" by GS Yuasa regressa ao \u00e9cran - Jornal das Oficinas\",\"isPartOf\":{\"@id\":\"https:\\\/\\\/jornaldasoficinas.com\\\/pt\\\/#website\"},\"primaryImageOfPage\":{\"@id\":\"https:\\\/\\\/jornaldasoficinas.com\\\/pt\\\/powering-what-matters-by-gs-yuasa-regressa-ao-ecran\\\/#primaryimage\"},\"image\":{\"@id\":\"https:\\\/\\\/jornaldasoficinas.com\\\/pt\\\/powering-what-matters-by-gs-yuasa-regressa-ao-ecran\\\/#primaryimage\"},\"thumbnailUrl\":\"https:\\\/\\\/jornaldasoficinas.com\\\/pt\\\/wp-content\\\/uploads\\\/2023\\\/06\\\/Powering-what-matters-by-GS-Yuasa-regressa-ao-ecran.jpeg\",\"datePublished\":\"2023-06-08T07:00:58+00:00\",\"description\":\"A campanha publicit\u00e1ria \\\"Powering what matters\\\" by GS Yuasa est\u00e1 de volta! Desta vez, o an\u00fancio de v\u00eddeo explora o mundo da GS Yuasa\",\"breadcrumb\":{\"@id\":\"https:\\\/\\\/jornaldasoficinas.com\\\/pt\\\/powering-what-matters-by-gs-yuasa-regressa-ao-ecran\\\/#breadcrumb\"},\"inLanguage\":\"pt-PT\",\"potentialAction\":[{\"@type\":\"ReadAction\",\"target\":[\"https:\\\/\\\/jornaldasoficinas.com\\\/pt\\\/powering-what-matters-by-gs-yuasa-regressa-ao-ecran\\\/\"]}]},{\"@type\":\"ImageObject\",\"inLanguage\":\"pt-PT\",\"@id\":\"https:\\\/\\\/jornaldasoficinas.com\\\/pt\\\/powering-what-matters-by-gs-yuasa-regressa-ao-ecran\\\/#primaryimage\",\"url\":\"https:\\\/\\\/jornaldasoficinas.com\\\/pt\\\/wp-content\\\/uploads\\\/2023\\\/06\\\/Powering-what-matters-by-GS-Yuasa-regressa-ao-ecran.jpeg\",\"contentUrl\":\"https:\\\/\\\/jornaldasoficinas.com\\\/pt\\\/wp-content\\\/uploads\\\/2023\\\/06\\\/Powering-what-matters-by-GS-Yuasa-regressa-ao-ecran.jpeg\",\"width\":1024,\"height\":581,\"caption\":\"06 - Powering what matters by GS Yuasa regressa ao ecran\"},{\"@type\":\"BreadcrumbList\",\"@id\":\"https:\\\/\\\/jornaldasoficinas.com\\\/pt\\\/powering-what-matters-by-gs-yuasa-regressa-ao-ecran\\\/#breadcrumb\",\"itemListElement\":[{\"@type\":\"ListItem\",\"position\":1,\"name\":\"In\u00edcio\",\"item\":\"https:\\\/\\\/jornaldasoficinas.com\\\/pt\\\/\"},{\"@type\":\"ListItem\",\"position\":2,\"name\":\"&#8220;Powering what matters&#8221; by GS Yuasa regressa ao \u00e9cran\"}]},{\"@type\":\"WebSite\",\"@id\":\"https:\\\/\\\/jornaldasoficinas.com\\\/pt\\\/#website\",\"url\":\"https:\\\/\\\/jornaldasoficinas.com\\\/pt\\\/\",\"name\":\"Jornal das Oficinas\",\"description\":\"Jornal independente do Aftermarket Autom\u00f3vel em Portugal\",\"publisher\":{\"@id\":\"https:\\\/\\\/jornaldasoficinas.com\\\/pt\\\/#organization\"},\"potentialAction\":[{\"@type\":\"SearchAction\",\"target\":{\"@type\":\"EntryPoint\",\"urlTemplate\":\"https:\\\/\\\/jornaldasoficinas.com\\\/pt\\\/?s={search_term_string}\"},\"query-input\":{\"@type\":\"PropertyValueSpecification\",\"valueRequired\":true,\"valueName\":\"search_term_string\"}}],\"inLanguage\":\"pt-PT\"},{\"@type\":\"Organization\",\"@id\":\"https:\\\/\\\/jornaldasoficinas.com\\\/pt\\\/#organization\",\"name\":\"Jornal das Oficinas\",\"url\":\"https:\\\/\\\/jornaldasoficinas.com\\\/pt\\\/\",\"logo\":{\"@type\":\"ImageObject\",\"inLanguage\":\"pt-PT\",\"@id\":\"https:\\\/\\\/jornaldasoficinas.com\\\/pt\\\/#\\\/schema\\\/logo\\\/image\\\/\",\"url\":\"https:\\\/\\\/jornaldasoficinas.com\\\/pt\\\/wp-content\\\/uploads\\\/logoJO-SEO.png\",\"contentUrl\":\"https:\\\/\\\/jornaldasoficinas.com\\\/pt\\\/wp-content\\\/uploads\\\/logoJO-SEO.png\",\"width\":285,\"height\":450,\"caption\":\"Jornal das Oficinas\"},\"image\":{\"@id\":\"https:\\\/\\\/jornaldasoficinas.com\\\/pt\\\/#\\\/schema\\\/logo\\\/image\\\/\"},\"sameAs\":[\"https:\\\/\\\/www.facebook.com\\\/jornaloficinas\",\"https:\\\/\\\/x.com\\\/jornaloficinas\",\"https:\\\/\\\/www.instagram.com\\\/jornal_oficinas\\\/\",\"https:\\\/\\\/www.linkedin.com\\\/company\\\/jornal-das-oficinas\\\/\",\"https:\\\/\\\/www.youtube.com\\\/channel\\\/UCbQZBqtcvV-oSQrr7RzINGg\"]},{\"@type\":\"Person\",\"@id\":\"https:\\\/\\\/jornaldasoficinas.com\\\/pt\\\/#\\\/schema\\\/person\\\/a38eef5de2c41d9e7c9ac10141afddf3\",\"name\":\"Reda\u00e7\u00e3o JO\",\"image\":{\"@type\":\"ImageObject\",\"inLanguage\":\"pt-PT\",\"@id\":\"https:\\\/\\\/secure.gravatar.com\\\/avatar\\\/71f2fa71737ad68a84fea94bc708ddac8ea5b0c4788dc2ad202f3ccb2887742f?s=96&d=wp_user_avatar&r=g\",\"url\":\"https:\\\/\\\/secure.gravatar.com\\\/avatar\\\/71f2fa71737ad68a84fea94bc708ddac8ea5b0c4788dc2ad202f3ccb2887742f?s=96&d=wp_user_avatar&r=g\",\"contentUrl\":\"https:\\\/\\\/secure.gravatar.com\\\/avatar\\\/71f2fa71737ad68a84fea94bc708ddac8ea5b0c4788dc2ad202f3ccb2887742f?s=96&d=wp_user_avatar&r=g\",\"caption\":\"Reda\u00e7\u00e3o JO\"},\"url\":\"https:\\\/\\\/jornaldasoficinas.com\\\/pt\\\/author\\\/joredacao\\\/\"}]}<\/script>\n<!-- \/ Yoast SEO plugin. -->","yoast_head_json":{"title":"\"Powering what matters\" by GS Yuasa regressa ao \u00e9cran - Jornal das Oficinas","description":"A campanha publicit\u00e1ria \"Powering what matters\" by GS Yuasa est\u00e1 de volta! Desta vez, o an\u00fancio de v\u00eddeo explora o mundo da GS Yuasa","robots":{"index":"index","follow":"follow","max-snippet":"max-snippet:-1","max-image-preview":"max-image-preview:large","max-video-preview":"max-video-preview:-1"},"canonical":"https:\/\/jornaldasoficinas.com\/pt\/powering-what-matters-by-gs-yuasa-regressa-ao-ecran\/","og_locale":"pt_PT","og_type":"article","og_title":"\"Powering what matters\" by GS Yuasa regressa ao \u00e9cran - Jornal das Oficinas","og_description":"A campanha publicit\u00e1ria \"Powering what matters\" by GS Yuasa est\u00e1 de volta! Desta vez, o an\u00fancio de v\u00eddeo explora o mundo da GS Yuasa","og_url":"https:\/\/jornaldasoficinas.com\/pt\/powering-what-matters-by-gs-yuasa-regressa-ao-ecran\/","og_site_name":"Jornal das Oficinas","article_publisher":"https:\/\/www.facebook.com\/jornaloficinas","article_published_time":"2023-06-08T07:00:58+00:00","og_image":[{"width":1024,"height":581,"url":"https:\/\/jornaldasoficinas.com\/pt\/wp-content\/uploads\/2023\/06\/Powering-what-matters-by-GS-Yuasa-regressa-ao-ecran.jpeg","type":"image\/jpeg"}],"author":"Reda\u00e7\u00e3o JO","twitter_card":"summary_large_image","twitter_creator":"@jornaloficinas","twitter_site":"@jornaloficinas","twitter_misc":{"Escrito por":"Reda\u00e7\u00e3o JO","Tempo estimado de leitura":"1 minuto"},"schema":{"@context":"https:\/\/schema.org","@graph":[{"@type":"Article","@id":"https:\/\/jornaldasoficinas.com\/pt\/powering-what-matters-by-gs-yuasa-regressa-ao-ecran\/#article","isPartOf":{"@id":"https:\/\/jornaldasoficinas.com\/pt\/powering-what-matters-by-gs-yuasa-regressa-ao-ecran\/"},"author":{"name":"Reda\u00e7\u00e3o JO","@id":"https:\/\/jornaldasoficinas.com\/pt\/#\/schema\/person\/a38eef5de2c41d9e7c9ac10141afddf3"},"headline":"&#8220;Powering what matters&#8221; by GS Yuasa regressa ao \u00e9cran","datePublished":"2023-06-08T07:00:58+00:00","mainEntityOfPage":{"@id":"https:\/\/jornaldasoficinas.com\/pt\/powering-what-matters-by-gs-yuasa-regressa-ao-ecran\/"},"wordCount":241,"publisher":{"@id":"https:\/\/jornaldasoficinas.com\/pt\/#organization"},"image":{"@id":"https:\/\/jornaldasoficinas.com\/pt\/powering-what-matters-by-gs-yuasa-regressa-ao-ecran\/#primaryimage"},"thumbnailUrl":"https:\/\/jornaldasoficinas.com\/pt\/wp-content\/uploads\/2023\/06\/Powering-what-matters-by-GS-Yuasa-regressa-ao-ecran.jpeg","keywords":["Baterias","Campanha publicit\u00e1ria","GS Yuasa","Powering what matters"],"articleSection":["Empresas"],"inLanguage":"pt-PT"},{"@type":"WebPage","@id":"https:\/\/jornaldasoficinas.com\/pt\/powering-what-matters-by-gs-yuasa-regressa-ao-ecran\/","url":"https:\/\/jornaldasoficinas.com\/pt\/powering-what-matters-by-gs-yuasa-regressa-ao-ecran\/","name":"\"Powering what matters\" by GS Yuasa regressa ao \u00e9cran - Jornal das Oficinas","isPartOf":{"@id":"https:\/\/jornaldasoficinas.com\/pt\/#website"},"primaryImageOfPage":{"@id":"https:\/\/jornaldasoficinas.com\/pt\/powering-what-matters-by-gs-yuasa-regressa-ao-ecran\/#primaryimage"},"image":{"@id":"https:\/\/jornaldasoficinas.com\/pt\/powering-what-matters-by-gs-yuasa-regressa-ao-ecran\/#primaryimage"},"thumbnailUrl":"https:\/\/jornaldasoficinas.com\/pt\/wp-content\/uploads\/2023\/06\/Powering-what-matters-by-GS-Yuasa-regressa-ao-ecran.jpeg","datePublished":"2023-06-08T07:00:58+00:00","description":"A campanha publicit\u00e1ria \"Powering what matters\" by GS Yuasa est\u00e1 de volta! Desta vez, o an\u00fancio de v\u00eddeo explora o mundo da GS Yuasa","breadcrumb":{"@id":"https:\/\/jornaldasoficinas.com\/pt\/powering-what-matters-by-gs-yuasa-regressa-ao-ecran\/#breadcrumb"},"inLanguage":"pt-PT","potentialAction":[{"@type":"ReadAction","target":["https:\/\/jornaldasoficinas.com\/pt\/powering-what-matters-by-gs-yuasa-regressa-ao-ecran\/"]}]},{"@type":"ImageObject","inLanguage":"pt-PT","@id":"https:\/\/jornaldasoficinas.com\/pt\/powering-what-matters-by-gs-yuasa-regressa-ao-ecran\/#primaryimage","url":"https:\/\/jornaldasoficinas.com\/pt\/wp-content\/uploads\/2023\/06\/Powering-what-matters-by-GS-Yuasa-regressa-ao-ecran.jpeg","contentUrl":"https:\/\/jornaldasoficinas.com\/pt\/wp-content\/uploads\/2023\/06\/Powering-what-matters-by-GS-Yuasa-regressa-ao-ecran.jpeg","width":1024,"height":581,"caption":"06 - Powering what matters by GS Yuasa regressa ao ecran"},{"@type":"BreadcrumbList","@id":"https:\/\/jornaldasoficinas.com\/pt\/powering-what-matters-by-gs-yuasa-regressa-ao-ecran\/#breadcrumb","itemListElement":[{"@type":"ListItem","position":1,"name":"In\u00edcio","item":"https:\/\/jornaldasoficinas.com\/pt\/"},{"@type":"ListItem","position":2,"name":"&#8220;Powering what matters&#8221; by GS Yuasa regressa ao \u00e9cran"}]},{"@type":"WebSite","@id":"https:\/\/jornaldasoficinas.com\/pt\/#website","url":"https:\/\/jornaldasoficinas.com\/pt\/","name":"Jornal das Oficinas","description":"Jornal independente do Aftermarket Autom\u00f3vel em Portugal","publisher":{"@id":"https:\/\/jornaldasoficinas.com\/pt\/#organization"},"potentialAction":[{"@type":"SearchAction","target":{"@type":"EntryPoint","urlTemplate":"https:\/\/jornaldasoficinas.com\/pt\/?s={search_term_string}"},"query-input":{"@type":"PropertyValueSpecification","valueRequired":true,"valueName":"search_term_string"}}],"inLanguage":"pt-PT"},{"@type":"Organization","@id":"https:\/\/jornaldasoficinas.com\/pt\/#organization","name":"Jornal das Oficinas","url":"https:\/\/jornaldasoficinas.com\/pt\/","logo":{"@type":"ImageObject","inLanguage":"pt-PT","@id":"https:\/\/jornaldasoficinas.com\/pt\/#\/schema\/logo\/image\/","url":"https:\/\/jornaldasoficinas.com\/pt\/wp-content\/uploads\/logoJO-SEO.png","contentUrl":"https:\/\/jornaldasoficinas.com\/pt\/wp-content\/uploads\/logoJO-SEO.png","width":285,"height":450,"caption":"Jornal das Oficinas"},"image":{"@id":"https:\/\/jornaldasoficinas.com\/pt\/#\/schema\/logo\/image\/"},"sameAs":["https:\/\/www.facebook.com\/jornaloficinas","https:\/\/x.com\/jornaloficinas","https:\/\/www.instagram.com\/jornal_oficinas\/","https:\/\/www.linkedin.com\/company\/jornal-das-oficinas\/","https:\/\/www.youtube.com\/channel\/UCbQZBqtcvV-oSQrr7RzINGg"]},{"@type":"Person","@id":"https:\/\/jornaldasoficinas.com\/pt\/#\/schema\/person\/a38eef5de2c41d9e7c9ac10141afddf3","name":"Reda\u00e7\u00e3o JO","image":{"@type":"ImageObject","inLanguage":"pt-PT","@id":"https:\/\/secure.gravatar.com\/avatar\/71f2fa71737ad68a84fea94bc708ddac8ea5b0c4788dc2ad202f3ccb2887742f?s=96&d=wp_user_avatar&r=g","url":"https:\/\/secure.gravatar.com\/avatar\/71f2fa71737ad68a84fea94bc708ddac8ea5b0c4788dc2ad202f3ccb2887742f?s=96&d=wp_user_avatar&r=g","contentUrl":"https:\/\/secure.gravatar.com\/avatar\/71f2fa71737ad68a84fea94bc708ddac8ea5b0c4788dc2ad202f3ccb2887742f?s=96&d=wp_user_avatar&r=g","caption":"Reda\u00e7\u00e3o JO"},"url":"https:\/\/jornaldasoficinas.com\/pt\/author\/joredacao\/"}]}},"_links":{"self":[{"href":"https:\/\/jornaldasoficinas.com\/pt\/wp-json\/wp\/v2\/posts\/67673","targetHints":{"allow":["GET"]}}],"collection":[{"href":"https:\/\/jornaldasoficinas.com\/pt\/wp-json\/wp\/v2\/posts"}],"about":[{"href":"https:\/\/jornaldasoficinas.com\/pt\/wp-json\/wp\/v2\/types\/post"}],"author":[{"embeddable":true,"href":"https:\/\/jornaldasoficinas.com\/pt\/wp-json\/wp\/v2\/users\/15"}],"replies":[{"embeddable":true,"href":"https:\/\/jornaldasoficinas.com\/pt\/wp-json\/wp\/v2\/comments?post=67673"}],"version-history":[{"count":0,"href":"https:\/\/jornaldasoficinas.com\/pt\/wp-json\/wp\/v2\/posts\/67673\/revisions"}],"wp:featuredmedia":[{"embeddable":true,"href":"https:\/\/jornaldasoficinas.com\/pt\/wp-json\/wp\/v2\/media\/67546"}],"wp:attachment":[{"href":"https:\/\/jornaldasoficinas.com\/pt\/wp-json\/wp\/v2\/media?parent=67673"}],"wp:term":[{"taxonomy":"category","embeddable":true,"href":"https:\/\/jornaldasoficinas.com\/pt\/wp-json\/wp\/v2\/categories?post=67673"},{"taxonomy":"post_tag","embeddable":true,"href":"https:\/\/jornaldasoficinas.com\/pt\/wp-json\/wp\/v2\/tags?post=67673"}],"curies":[{"name":"wp","href":"https:\/\/api.w.org\/{rel}","templated":true}]}}