{"id":67682,"date":"2023-06-08T14:00:41","date_gmt":"2023-06-08T13:00:41","guid":{"rendered":"https:\/\/jornaldasoficinas.com\/pt\/?p=67682"},"modified":"2023-06-08T14:05:28","modified_gmt":"2023-06-08T13:05:28","slug":"renault-megane-e-tech-130-cv-distinguido-como-carro-frota-do-ano","status":"publish","type":"post","link":"https:\/\/jornaldasoficinas.com\/pt\/renault-megane-e-tech-130-cv-distinguido-como-carro-frota-do-ano\/","title":{"rendered":"Renault M\u00e9gane E-Tech 130 Cv distinguido como carro frota do ano"},"content":{"rendered":"<p><strong><img loading=\"lazy\" decoding=\"async\" class=\"alignnone size-full wp-image-67550\" src=\"https:\/\/jornaldasoficinas.com\/pt\/wp-content\/uploads\/2023\/06\/Renault-Megane-E-Tech-130-Cv-distinguido-como-carro-frota-do-ano.jpg\" alt=\"06 - Renault Megane E Tech 130 Cv distinguido como carro frota do ano\" width=\"1024\" height=\"581\" srcset=\"https:\/\/jornaldasoficinas.com\/pt\/wp-content\/uploads\/2023\/06\/Renault-Megane-E-Tech-130-Cv-distinguido-como-carro-frota-do-ano.jpg 1024w, https:\/\/jornaldasoficinas.com\/pt\/wp-content\/uploads\/2023\/06\/Renault-Megane-E-Tech-130-Cv-distinguido-como-carro-frota-do-ano-300x170.jpg 300w, https:\/\/jornaldasoficinas.com\/pt\/wp-content\/uploads\/2023\/06\/Renault-Megane-E-Tech-130-Cv-distinguido-como-carro-frota-do-ano-150x85.jpg 150w, https:\/\/jornaldasoficinas.com\/pt\/wp-content\/uploads\/2023\/06\/Renault-Megane-E-Tech-130-Cv-distinguido-como-carro-frota-do-ano-768x436.jpg 768w\" sizes=\"auto, (max-width: 1024px) 100vw, 1024px\" \/><\/strong><\/p>\n<p><strong>A <a href=\"https:\/\/www.leaseplan.com\/pt-pt\/\" target=\"_blank\" rel=\"noopener\">LeasePlan<\/a> revelou os vencedores da 19\u00aa Edi\u00e7\u00e3o do Carro Frota do Ano que, pela primeira vez, distinguiu um carro 100% el\u00e9trico, o\u00a0Renault M\u00e9gane E-Tech 130 Cv, como Carro Frota do Ano.\u00a0 Esta atribui\u00e7\u00e3o refor\u00e7a a import\u00e2ncia que os el\u00e9tricos t\u00eam ganho no mercado autom\u00f3vel em Portugal, com cada vez mais clientes a reconhecerem mais valias nas solu\u00e7\u00f5es de mobilidade sustent\u00e1vel<\/strong><\/p>\n<p>A iniciativa contou com a presen\u00e7a de representantes da LeasePlan Portugal, respons\u00e1veis das marcas em concurso e um painel de jurados. O Carro Frota tem como objetivo distinguir os carros para frotas que mais se destacaram em 2023. \u00c0 semelhan\u00e7a do ano anterior, foram testadas quatro motoriza\u00e7\u00f5es: PHEV, Gasolina, Diesel e El\u00e9trico, num painel de quatro categorias: \u201cPequeno Familiar\u201d, \u201cM\u00e9dio Familiar\u201d, \u201cUtilit\u00e1rio SUV\u201d, e \u201cSUV M\u00e9dio\u201d.<\/p>\n<p>Na Categoria Pequeno familiar, o vencedor foi o\u00a0Renault M\u00e9gane E-Tech 130 Cv\u00a0que competiu com o\u00a0BMW 116 d Line Luxury 116 Cv\u00a0e o\u00a0MERCEDES CLASSE A 250 e 1.3\u00a0 218 Cv. O design exterior, visibilidade condutor (exterior) e o conforto da suspens\u00e3o foram os fatores que estiveram na base da conquista de primeiro da categoria.<\/p>\n<p>Na categoria M\u00e9dio Familiar\u00a0destaque para o vencedor\u00a0BMW I4 eDrive40 340 Cv\u00a0que se superiorizou aos modelos\u00a0MERCEDES CLASSE C STATION 200 d 2.0 163 Cv\u00a0e\u00a0VOLVO V60 2.0 T6 AWD TE Essential 2.0 350 Cv.\u00a0Visibilidade condutor (exterior), infotainment intuitivo e conectividade e a acessibilidade dos lugares e bagageira foram os aspetos que mais se destacaram para a vit\u00f3ria deste modelo na sua categoria.<\/p>\n<p>O\u00a0SEAT ARONA 1.0 TSI 110 Cv\u00a0venceu na\u00a0categoria Utilit\u00e1rio SUV, destacando-se nos fatores visibilidade do condutor (exterior), facilidade e posi\u00e7\u00e3o de condu\u00e7\u00e3o e dire\u00e7\u00e3o.\u00a0A competi\u00e7\u00e3o estiveram tamb\u00e9m os modelos\u00a0OPEL MOKKA-e Edition 136 Cv\u00a0e o\u00a0PEUGEOT 2008 1.5 BlueHDi 130 Cv.<\/p>\n<p>Por fim,\u00a0o vencedor da categoria de SUV M\u00e9dio\u00a0coube ao\u00a0VW ID.4 Pro Performance 204 Cv, que se superiorizou \u00e0 concorr\u00eancia do\u00a0Cupra FORMENTOR 2.0 TDI 150 Cv\u00a0e do\u00a0Volvo XC40 1.5 T4 PHEV Essential 211 Cv. A distin\u00e7\u00e3o foi atribu\u00edda ap\u00f3s o destaque do modelo nos fatores caixa de velocidades, conforto da suspens\u00e3o \/ pisar da estrada e dire\u00e7\u00e3o.<\/p>\n<p>Para\u00a0Ant\u00f3nio Oliveira Martins, Country Managing Director da LeasePlan em Portugal<strong>\u00a0<\/strong>\u201c\u00c9 com entusiasmo que assistimos \u00e0 elei\u00e7\u00e3o do primeiro carro frota 100% el\u00e9trico na hist\u00f3ria dos pr\u00e9mios Carro Frota, uma distin\u00e7\u00e3o que a LeasePlan atribui h\u00e1 20 anos com base em crit\u00e9rios da m\u00e1xima independ\u00eancia e rigor. \u00c9 uma demonstra\u00e7\u00e3o evidente de que os clientes reconhecem as mais valias dos ve\u00edculos el\u00e9tricos e que j\u00e1 existem modelos capazes de corresponder \u00e0s suas necessidades do dia-a-dia. Acredito que este \u00e9 mais um passo importante que damos rumo \u00e0s zero emiss\u00f5es da Frota LeasePlan e espero que esta seja a primeira de muitas atribui\u00e7\u00f5es do pr\u00e9mio Carro Frota a um ve\u00edculo el\u00e9trico.\u201d<\/p>\n<p>A sele\u00e7\u00e3o dos modelos para avalia\u00e7\u00e3o do Carro Frota, composta por 12 finalistas, foi realizada tendo em conta as vendas, encomendas e entregas LeasePlan, as vendas do mercado autom\u00f3vel (ACAP) e o TCO (Total Cost of Ownership),\u00a0considerando que a LeasePlan gere mais de 10.000 Clientes e tem 114 mil ve\u00edculos sob gest\u00e3o dos quais 60 mil s\u00e3o em renting de sua propriedade.<\/p>\n<p>Os vencedores de cada categoria foram obtidos atrav\u00e9s de uma an\u00e1lise qualitativa e quantitativa, sendo que ambas as componentes t\u00eam um peso equitativo na pontua\u00e7\u00e3o final.<\/p>\n<p>A componente qualitativa foi analisada por um J\u00fari composto por 15 Clientes frotistas, empresas nacionais e multinacionais, que analisaram uma s\u00e9rie de crit\u00e9rios como o habit\u00e1culo, o conforto e a est\u00e9tica, o motor e a din\u00e2mica. A avalia\u00e7\u00e3o quantitativa engloba a an\u00e1lise das componentes do TCO (Total Cost of Ownership).<\/p>\n","protected":false},"excerpt":{"rendered":"<p>A LeasePlan revelou os vencedores da&#8230;<\/p>\n","protected":false},"author":15,"featured_media":67550,"comment_status":"closed","ping_status":"closed","sticky":false,"template":"","format":"standard","meta":{"footnotes":""},"categories":[29],"tags":[4113,5567,519,751,5568],"class_list":["post-67682","post","type-post","status-publish","format-standard","has-post-thumbnail","hentry","category-empresas","tag-100-eletrico","tag-carro-frota-do-ano","tag-leaseplan","tag-mobilidade-sustentavel","tag-renault-megane-e-tech"],"yoast_head":"<!-- This site is optimized with the Yoast SEO plugin v27.5 - https:\/\/yoast.com\/product\/yoast-seo-wordpress\/ -->\n<title>Renault M\u00e9gane E-Tech 130 Cv distinguido como carro frota do ano - Jornal das Oficinas<\/title>\n<meta name=\"description\" content=\"A LeasePlan revelou os vencedores da 19\u00aa Edi\u00e7\u00e3o do Carro Frota do Ano que, pela primeira vez, distinguiu um carro 100% el\u00e9trico\" \/>\n<meta name=\"robots\" content=\"index, follow, max-snippet:-1, max-image-preview:large, max-video-preview:-1\" \/>\n<link rel=\"canonical\" href=\"https:\/\/jornaldasoficinas.com\/pt\/renault-megane-e-tech-130-cv-distinguido-como-carro-frota-do-ano\/\" \/>\n<meta property=\"og:locale\" content=\"pt_PT\" \/>\n<meta property=\"og:type\" content=\"article\" \/>\n<meta property=\"og:title\" content=\"Renault M\u00e9gane E-Tech 130 Cv distinguido como carro frota do ano - Jornal das Oficinas\" \/>\n<meta property=\"og:description\" content=\"A LeasePlan revelou os vencedores da 19\u00aa Edi\u00e7\u00e3o do Carro Frota do Ano que, pela primeira vez, distinguiu um carro 100% el\u00e9trico\" \/>\n<meta property=\"og:url\" content=\"https:\/\/jornaldasoficinas.com\/pt\/renault-megane-e-tech-130-cv-distinguido-como-carro-frota-do-ano\/\" \/>\n<meta property=\"og:site_name\" content=\"Jornal das Oficinas\" \/>\n<meta property=\"article:publisher\" content=\"https:\/\/www.facebook.com\/jornaloficinas\" \/>\n<meta property=\"article:published_time\" content=\"2023-06-08T13:00:41+00:00\" \/>\n<meta property=\"article:modified_time\" content=\"2023-06-08T13:05:28+00:00\" \/>\n<meta property=\"og:image\" content=\"https:\/\/jornaldasoficinas.com\/pt\/wp-content\/uploads\/2023\/06\/Renault-Megane-E-Tech-130-Cv-distinguido-como-carro-frota-do-ano.jpg\" \/>\n\t<meta property=\"og:image:width\" content=\"1024\" \/>\n\t<meta property=\"og:image:height\" content=\"581\" \/>\n\t<meta property=\"og:image:type\" content=\"image\/jpeg\" \/>\n<meta name=\"author\" content=\"Reda\u00e7\u00e3o JO\" \/>\n<meta name=\"twitter:card\" content=\"summary_large_image\" \/>\n<meta name=\"twitter:creator\" content=\"@jornaloficinas\" \/>\n<meta name=\"twitter:site\" content=\"@jornaloficinas\" \/>\n<meta name=\"twitter:label1\" content=\"Escrito por\" \/>\n\t<meta name=\"twitter:data1\" content=\"Reda\u00e7\u00e3o JO\" \/>\n\t<meta name=\"twitter:label2\" content=\"Tempo estimado de leitura\" \/>\n\t<meta name=\"twitter:data2\" content=\"3 minutos\" \/>\n<script type=\"application\/ld+json\" class=\"yoast-schema-graph\">{\"@context\":\"https:\\\/\\\/schema.org\",\"@graph\":[{\"@type\":\"Article\",\"@id\":\"https:\\\/\\\/jornaldasoficinas.com\\\/pt\\\/renault-megane-e-tech-130-cv-distinguido-como-carro-frota-do-ano\\\/#article\",\"isPartOf\":{\"@id\":\"https:\\\/\\\/jornaldasoficinas.com\\\/pt\\\/renault-megane-e-tech-130-cv-distinguido-como-carro-frota-do-ano\\\/\"},\"author\":{\"name\":\"Reda\u00e7\u00e3o JO\",\"@id\":\"https:\\\/\\\/jornaldasoficinas.com\\\/pt\\\/#\\\/schema\\\/person\\\/a38eef5de2c41d9e7c9ac10141afddf3\"},\"headline\":\"Renault M\u00e9gane E-Tech 130 Cv distinguido como carro frota do ano\",\"datePublished\":\"2023-06-08T13:00:41+00:00\",\"dateModified\":\"2023-06-08T13:05:28+00:00\",\"mainEntityOfPage\":{\"@id\":\"https:\\\/\\\/jornaldasoficinas.com\\\/pt\\\/renault-megane-e-tech-130-cv-distinguido-como-carro-frota-do-ano\\\/\"},\"wordCount\":650,\"publisher\":{\"@id\":\"https:\\\/\\\/jornaldasoficinas.com\\\/pt\\\/#organization\"},\"image\":{\"@id\":\"https:\\\/\\\/jornaldasoficinas.com\\\/pt\\\/renault-megane-e-tech-130-cv-distinguido-como-carro-frota-do-ano\\\/#primaryimage\"},\"thumbnailUrl\":\"https:\\\/\\\/jornaldasoficinas.com\\\/pt\\\/wp-content\\\/uploads\\\/2023\\\/06\\\/Renault-Megane-E-Tech-130-Cv-distinguido-como-carro-frota-do-ano.jpg\",\"keywords\":[\"100% el\u00e9trico\",\"Carro Frota do Ano\",\"LeasePlan\",\"Mobilidade sustent\u00e1vel\",\"Renault M\u00e9gane E-Tech\"],\"articleSection\":[\"Empresas\"],\"inLanguage\":\"pt-PT\"},{\"@type\":\"WebPage\",\"@id\":\"https:\\\/\\\/jornaldasoficinas.com\\\/pt\\\/renault-megane-e-tech-130-cv-distinguido-como-carro-frota-do-ano\\\/\",\"url\":\"https:\\\/\\\/jornaldasoficinas.com\\\/pt\\\/renault-megane-e-tech-130-cv-distinguido-como-carro-frota-do-ano\\\/\",\"name\":\"Renault M\u00e9gane E-Tech 130 Cv distinguido como carro frota do ano - Jornal das Oficinas\",\"isPartOf\":{\"@id\":\"https:\\\/\\\/jornaldasoficinas.com\\\/pt\\\/#website\"},\"primaryImageOfPage\":{\"@id\":\"https:\\\/\\\/jornaldasoficinas.com\\\/pt\\\/renault-megane-e-tech-130-cv-distinguido-como-carro-frota-do-ano\\\/#primaryimage\"},\"image\":{\"@id\":\"https:\\\/\\\/jornaldasoficinas.com\\\/pt\\\/renault-megane-e-tech-130-cv-distinguido-como-carro-frota-do-ano\\\/#primaryimage\"},\"thumbnailUrl\":\"https:\\\/\\\/jornaldasoficinas.com\\\/pt\\\/wp-content\\\/uploads\\\/2023\\\/06\\\/Renault-Megane-E-Tech-130-Cv-distinguido-como-carro-frota-do-ano.jpg\",\"datePublished\":\"2023-06-08T13:00:41+00:00\",\"dateModified\":\"2023-06-08T13:05:28+00:00\",\"description\":\"A LeasePlan revelou os vencedores da 19\u00aa Edi\u00e7\u00e3o do Carro Frota do Ano que, pela primeira vez, distinguiu um carro 100% el\u00e9trico\",\"breadcrumb\":{\"@id\":\"https:\\\/\\\/jornaldasoficinas.com\\\/pt\\\/renault-megane-e-tech-130-cv-distinguido-como-carro-frota-do-ano\\\/#breadcrumb\"},\"inLanguage\":\"pt-PT\",\"potentialAction\":[{\"@type\":\"ReadAction\",\"target\":[\"https:\\\/\\\/jornaldasoficinas.com\\\/pt\\\/renault-megane-e-tech-130-cv-distinguido-como-carro-frota-do-ano\\\/\"]}]},{\"@type\":\"ImageObject\",\"inLanguage\":\"pt-PT\",\"@id\":\"https:\\\/\\\/jornaldasoficinas.com\\\/pt\\\/renault-megane-e-tech-130-cv-distinguido-como-carro-frota-do-ano\\\/#primaryimage\",\"url\":\"https:\\\/\\\/jornaldasoficinas.com\\\/pt\\\/wp-content\\\/uploads\\\/2023\\\/06\\\/Renault-Megane-E-Tech-130-Cv-distinguido-como-carro-frota-do-ano.jpg\",\"contentUrl\":\"https:\\\/\\\/jornaldasoficinas.com\\\/pt\\\/wp-content\\\/uploads\\\/2023\\\/06\\\/Renault-Megane-E-Tech-130-Cv-distinguido-como-carro-frota-do-ano.jpg\",\"width\":1024,\"height\":581,\"caption\":\"06 - Renault Megane E Tech 130 Cv distinguido como carro frota do ano\"},{\"@type\":\"BreadcrumbList\",\"@id\":\"https:\\\/\\\/jornaldasoficinas.com\\\/pt\\\/renault-megane-e-tech-130-cv-distinguido-como-carro-frota-do-ano\\\/#breadcrumb\",\"itemListElement\":[{\"@type\":\"ListItem\",\"position\":1,\"name\":\"In\u00edcio\",\"item\":\"https:\\\/\\\/jornaldasoficinas.com\\\/pt\\\/\"},{\"@type\":\"ListItem\",\"position\":2,\"name\":\"Renault M\u00e9gane E-Tech 130 Cv distinguido como carro frota do ano\"}]},{\"@type\":\"WebSite\",\"@id\":\"https:\\\/\\\/jornaldasoficinas.com\\\/pt\\\/#website\",\"url\":\"https:\\\/\\\/jornaldasoficinas.com\\\/pt\\\/\",\"name\":\"Jornal das Oficinas\",\"description\":\"Jornal independente do Aftermarket Autom\u00f3vel em Portugal\",\"publisher\":{\"@id\":\"https:\\\/\\\/jornaldasoficinas.com\\\/pt\\\/#organization\"},\"potentialAction\":[{\"@type\":\"SearchAction\",\"target\":{\"@type\":\"EntryPoint\",\"urlTemplate\":\"https:\\\/\\\/jornaldasoficinas.com\\\/pt\\\/?s={search_term_string}\"},\"query-input\":{\"@type\":\"PropertyValueSpecification\",\"valueRequired\":true,\"valueName\":\"search_term_string\"}}],\"inLanguage\":\"pt-PT\"},{\"@type\":\"Organization\",\"@id\":\"https:\\\/\\\/jornaldasoficinas.com\\\/pt\\\/#organization\",\"name\":\"Jornal das Oficinas\",\"url\":\"https:\\\/\\\/jornaldasoficinas.com\\\/pt\\\/\",\"logo\":{\"@type\":\"ImageObject\",\"inLanguage\":\"pt-PT\",\"@id\":\"https:\\\/\\\/jornaldasoficinas.com\\\/pt\\\/#\\\/schema\\\/logo\\\/image\\\/\",\"url\":\"https:\\\/\\\/jornaldasoficinas.com\\\/pt\\\/wp-content\\\/uploads\\\/logoJO-SEO.png\",\"contentUrl\":\"https:\\\/\\\/jornaldasoficinas.com\\\/pt\\\/wp-content\\\/uploads\\\/logoJO-SEO.png\",\"width\":285,\"height\":450,\"caption\":\"Jornal das Oficinas\"},\"image\":{\"@id\":\"https:\\\/\\\/jornaldasoficinas.com\\\/pt\\\/#\\\/schema\\\/logo\\\/image\\\/\"},\"sameAs\":[\"https:\\\/\\\/www.facebook.com\\\/jornaloficinas\",\"https:\\\/\\\/x.com\\\/jornaloficinas\",\"https:\\\/\\\/www.instagram.com\\\/jornal_oficinas\\\/\",\"https:\\\/\\\/www.linkedin.com\\\/company\\\/jornal-das-oficinas\\\/\",\"https:\\\/\\\/www.youtube.com\\\/channel\\\/UCbQZBqtcvV-oSQrr7RzINGg\"]},{\"@type\":\"Person\",\"@id\":\"https:\\\/\\\/jornaldasoficinas.com\\\/pt\\\/#\\\/schema\\\/person\\\/a38eef5de2c41d9e7c9ac10141afddf3\",\"name\":\"Reda\u00e7\u00e3o JO\",\"image\":{\"@type\":\"ImageObject\",\"inLanguage\":\"pt-PT\",\"@id\":\"https:\\\/\\\/secure.gravatar.com\\\/avatar\\\/71f2fa71737ad68a84fea94bc708ddac8ea5b0c4788dc2ad202f3ccb2887742f?s=96&d=wp_user_avatar&r=g\",\"url\":\"https:\\\/\\\/secure.gravatar.com\\\/avatar\\\/71f2fa71737ad68a84fea94bc708ddac8ea5b0c4788dc2ad202f3ccb2887742f?s=96&d=wp_user_avatar&r=g\",\"contentUrl\":\"https:\\\/\\\/secure.gravatar.com\\\/avatar\\\/71f2fa71737ad68a84fea94bc708ddac8ea5b0c4788dc2ad202f3ccb2887742f?s=96&d=wp_user_avatar&r=g\",\"caption\":\"Reda\u00e7\u00e3o JO\"},\"url\":\"https:\\\/\\\/jornaldasoficinas.com\\\/pt\\\/author\\\/joredacao\\\/\"}]}<\/script>\n<!-- \/ Yoast SEO plugin. -->","yoast_head_json":{"title":"Renault M\u00e9gane E-Tech 130 Cv distinguido como carro frota do ano - Jornal das Oficinas","description":"A LeasePlan revelou os vencedores da 19\u00aa Edi\u00e7\u00e3o do Carro Frota do Ano que, pela primeira vez, distinguiu um carro 100% el\u00e9trico","robots":{"index":"index","follow":"follow","max-snippet":"max-snippet:-1","max-image-preview":"max-image-preview:large","max-video-preview":"max-video-preview:-1"},"canonical":"https:\/\/jornaldasoficinas.com\/pt\/renault-megane-e-tech-130-cv-distinguido-como-carro-frota-do-ano\/","og_locale":"pt_PT","og_type":"article","og_title":"Renault M\u00e9gane E-Tech 130 Cv distinguido como carro frota do ano - Jornal das Oficinas","og_description":"A LeasePlan revelou os vencedores da 19\u00aa Edi\u00e7\u00e3o do Carro Frota do Ano que, pela primeira vez, distinguiu um carro 100% el\u00e9trico","og_url":"https:\/\/jornaldasoficinas.com\/pt\/renault-megane-e-tech-130-cv-distinguido-como-carro-frota-do-ano\/","og_site_name":"Jornal das Oficinas","article_publisher":"https:\/\/www.facebook.com\/jornaloficinas","article_published_time":"2023-06-08T13:00:41+00:00","article_modified_time":"2023-06-08T13:05:28+00:00","og_image":[{"width":1024,"height":581,"url":"https:\/\/jornaldasoficinas.com\/pt\/wp-content\/uploads\/2023\/06\/Renault-Megane-E-Tech-130-Cv-distinguido-como-carro-frota-do-ano.jpg","type":"image\/jpeg"}],"author":"Reda\u00e7\u00e3o JO","twitter_card":"summary_large_image","twitter_creator":"@jornaloficinas","twitter_site":"@jornaloficinas","twitter_misc":{"Escrito por":"Reda\u00e7\u00e3o JO","Tempo estimado de leitura":"3 minutos"},"schema":{"@context":"https:\/\/schema.org","@graph":[{"@type":"Article","@id":"https:\/\/jornaldasoficinas.com\/pt\/renault-megane-e-tech-130-cv-distinguido-como-carro-frota-do-ano\/#article","isPartOf":{"@id":"https:\/\/jornaldasoficinas.com\/pt\/renault-megane-e-tech-130-cv-distinguido-como-carro-frota-do-ano\/"},"author":{"name":"Reda\u00e7\u00e3o JO","@id":"https:\/\/jornaldasoficinas.com\/pt\/#\/schema\/person\/a38eef5de2c41d9e7c9ac10141afddf3"},"headline":"Renault M\u00e9gane E-Tech 130 Cv distinguido como carro frota do ano","datePublished":"2023-06-08T13:00:41+00:00","dateModified":"2023-06-08T13:05:28+00:00","mainEntityOfPage":{"@id":"https:\/\/jornaldasoficinas.com\/pt\/renault-megane-e-tech-130-cv-distinguido-como-carro-frota-do-ano\/"},"wordCount":650,"publisher":{"@id":"https:\/\/jornaldasoficinas.com\/pt\/#organization"},"image":{"@id":"https:\/\/jornaldasoficinas.com\/pt\/renault-megane-e-tech-130-cv-distinguido-como-carro-frota-do-ano\/#primaryimage"},"thumbnailUrl":"https:\/\/jornaldasoficinas.com\/pt\/wp-content\/uploads\/2023\/06\/Renault-Megane-E-Tech-130-Cv-distinguido-como-carro-frota-do-ano.jpg","keywords":["100% el\u00e9trico","Carro Frota do Ano","LeasePlan","Mobilidade sustent\u00e1vel","Renault M\u00e9gane E-Tech"],"articleSection":["Empresas"],"inLanguage":"pt-PT"},{"@type":"WebPage","@id":"https:\/\/jornaldasoficinas.com\/pt\/renault-megane-e-tech-130-cv-distinguido-como-carro-frota-do-ano\/","url":"https:\/\/jornaldasoficinas.com\/pt\/renault-megane-e-tech-130-cv-distinguido-como-carro-frota-do-ano\/","name":"Renault M\u00e9gane E-Tech 130 Cv distinguido como carro frota do ano - Jornal das Oficinas","isPartOf":{"@id":"https:\/\/jornaldasoficinas.com\/pt\/#website"},"primaryImageOfPage":{"@id":"https:\/\/jornaldasoficinas.com\/pt\/renault-megane-e-tech-130-cv-distinguido-como-carro-frota-do-ano\/#primaryimage"},"image":{"@id":"https:\/\/jornaldasoficinas.com\/pt\/renault-megane-e-tech-130-cv-distinguido-como-carro-frota-do-ano\/#primaryimage"},"thumbnailUrl":"https:\/\/jornaldasoficinas.com\/pt\/wp-content\/uploads\/2023\/06\/Renault-Megane-E-Tech-130-Cv-distinguido-como-carro-frota-do-ano.jpg","datePublished":"2023-06-08T13:00:41+00:00","dateModified":"2023-06-08T13:05:28+00:00","description":"A LeasePlan revelou os vencedores da 19\u00aa Edi\u00e7\u00e3o do Carro Frota do Ano que, pela primeira vez, distinguiu um carro 100% el\u00e9trico","breadcrumb":{"@id":"https:\/\/jornaldasoficinas.com\/pt\/renault-megane-e-tech-130-cv-distinguido-como-carro-frota-do-ano\/#breadcrumb"},"inLanguage":"pt-PT","potentialAction":[{"@type":"ReadAction","target":["https:\/\/jornaldasoficinas.com\/pt\/renault-megane-e-tech-130-cv-distinguido-como-carro-frota-do-ano\/"]}]},{"@type":"ImageObject","inLanguage":"pt-PT","@id":"https:\/\/jornaldasoficinas.com\/pt\/renault-megane-e-tech-130-cv-distinguido-como-carro-frota-do-ano\/#primaryimage","url":"https:\/\/jornaldasoficinas.com\/pt\/wp-content\/uploads\/2023\/06\/Renault-Megane-E-Tech-130-Cv-distinguido-como-carro-frota-do-ano.jpg","contentUrl":"https:\/\/jornaldasoficinas.com\/pt\/wp-content\/uploads\/2023\/06\/Renault-Megane-E-Tech-130-Cv-distinguido-como-carro-frota-do-ano.jpg","width":1024,"height":581,"caption":"06 - Renault Megane E Tech 130 Cv distinguido como carro frota do ano"},{"@type":"BreadcrumbList","@id":"https:\/\/jornaldasoficinas.com\/pt\/renault-megane-e-tech-130-cv-distinguido-como-carro-frota-do-ano\/#breadcrumb","itemListElement":[{"@type":"ListItem","position":1,"name":"In\u00edcio","item":"https:\/\/jornaldasoficinas.com\/pt\/"},{"@type":"ListItem","position":2,"name":"Renault M\u00e9gane E-Tech 130 Cv distinguido como carro frota do ano"}]},{"@type":"WebSite","@id":"https:\/\/jornaldasoficinas.com\/pt\/#website","url":"https:\/\/jornaldasoficinas.com\/pt\/","name":"Jornal das Oficinas","description":"Jornal independente do Aftermarket Autom\u00f3vel em Portugal","publisher":{"@id":"https:\/\/jornaldasoficinas.com\/pt\/#organization"},"potentialAction":[{"@type":"SearchAction","target":{"@type":"EntryPoint","urlTemplate":"https:\/\/jornaldasoficinas.com\/pt\/?s={search_term_string}"},"query-input":{"@type":"PropertyValueSpecification","valueRequired":true,"valueName":"search_term_string"}}],"inLanguage":"pt-PT"},{"@type":"Organization","@id":"https:\/\/jornaldasoficinas.com\/pt\/#organization","name":"Jornal das Oficinas","url":"https:\/\/jornaldasoficinas.com\/pt\/","logo":{"@type":"ImageObject","inLanguage":"pt-PT","@id":"https:\/\/jornaldasoficinas.com\/pt\/#\/schema\/logo\/image\/","url":"https:\/\/jornaldasoficinas.com\/pt\/wp-content\/uploads\/logoJO-SEO.png","contentUrl":"https:\/\/jornaldasoficinas.com\/pt\/wp-content\/uploads\/logoJO-SEO.png","width":285,"height":450,"caption":"Jornal das Oficinas"},"image":{"@id":"https:\/\/jornaldasoficinas.com\/pt\/#\/schema\/logo\/image\/"},"sameAs":["https:\/\/www.facebook.com\/jornaloficinas","https:\/\/x.com\/jornaloficinas","https:\/\/www.instagram.com\/jornal_oficinas\/","https:\/\/www.linkedin.com\/company\/jornal-das-oficinas\/","https:\/\/www.youtube.com\/channel\/UCbQZBqtcvV-oSQrr7RzINGg"]},{"@type":"Person","@id":"https:\/\/jornaldasoficinas.com\/pt\/#\/schema\/person\/a38eef5de2c41d9e7c9ac10141afddf3","name":"Reda\u00e7\u00e3o JO","image":{"@type":"ImageObject","inLanguage":"pt-PT","@id":"https:\/\/secure.gravatar.com\/avatar\/71f2fa71737ad68a84fea94bc708ddac8ea5b0c4788dc2ad202f3ccb2887742f?s=96&d=wp_user_avatar&r=g","url":"https:\/\/secure.gravatar.com\/avatar\/71f2fa71737ad68a84fea94bc708ddac8ea5b0c4788dc2ad202f3ccb2887742f?s=96&d=wp_user_avatar&r=g","contentUrl":"https:\/\/secure.gravatar.com\/avatar\/71f2fa71737ad68a84fea94bc708ddac8ea5b0c4788dc2ad202f3ccb2887742f?s=96&d=wp_user_avatar&r=g","caption":"Reda\u00e7\u00e3o JO"},"url":"https:\/\/jornaldasoficinas.com\/pt\/author\/joredacao\/"}]}},"_links":{"self":[{"href":"https:\/\/jornaldasoficinas.com\/pt\/wp-json\/wp\/v2\/posts\/67682","targetHints":{"allow":["GET"]}}],"collection":[{"href":"https:\/\/jornaldasoficinas.com\/pt\/wp-json\/wp\/v2\/posts"}],"about":[{"href":"https:\/\/jornaldasoficinas.com\/pt\/wp-json\/wp\/v2\/types\/post"}],"author":[{"embeddable":true,"href":"https:\/\/jornaldasoficinas.com\/pt\/wp-json\/wp\/v2\/users\/15"}],"replies":[{"embeddable":true,"href":"https:\/\/jornaldasoficinas.com\/pt\/wp-json\/wp\/v2\/comments?post=67682"}],"version-history":[{"count":0,"href":"https:\/\/jornaldasoficinas.com\/pt\/wp-json\/wp\/v2\/posts\/67682\/revisions"}],"wp:featuredmedia":[{"embeddable":true,"href":"https:\/\/jornaldasoficinas.com\/pt\/wp-json\/wp\/v2\/media\/67550"}],"wp:attachment":[{"href":"https:\/\/jornaldasoficinas.com\/pt\/wp-json\/wp\/v2\/media?parent=67682"}],"wp:term":[{"taxonomy":"category","embeddable":true,"href":"https:\/\/jornaldasoficinas.com\/pt\/wp-json\/wp\/v2\/categories?post=67682"},{"taxonomy":"post_tag","embeddable":true,"href":"https:\/\/jornaldasoficinas.com\/pt\/wp-json\/wp\/v2\/tags?post=67682"}],"curies":[{"name":"wp","href":"https:\/\/api.w.org\/{rel}","templated":true}]}}