{"id":67736,"date":"2023-06-09T12:30:16","date_gmt":"2023-06-09T11:30:16","guid":{"rendered":"https:\/\/jornaldasoficinas.com\/pt\/?p=67736"},"modified":"2023-06-09T12:00:46","modified_gmt":"2023-06-09T11:00:46","slug":"borgwarner-revela-novo-logotipo","status":"publish","type":"post","link":"https:\/\/jornaldasoficinas.com\/pt\/borgwarner-revela-novo-logotipo\/","title":{"rendered":"BorgWarner revela novo logotipo"},"content":{"rendered":"<p><img loading=\"lazy\" decoding=\"async\" class=\"alignnone size-full wp-image-67696\" src=\"https:\/\/jornaldasoficinas.com\/pt\/wp-content\/uploads\/2023\/06\/BorgWarner-revela-novo-logotipo.png\" alt=\"06 - BorgWarner revela novo logotipo\" width=\"925\" height=\"475\" srcset=\"https:\/\/jornaldasoficinas.com\/pt\/wp-content\/uploads\/2023\/06\/BorgWarner-revela-novo-logotipo.png 925w, https:\/\/jornaldasoficinas.com\/pt\/wp-content\/uploads\/2023\/06\/BorgWarner-revela-novo-logotipo-300x154.png 300w, https:\/\/jornaldasoficinas.com\/pt\/wp-content\/uploads\/2023\/06\/BorgWarner-revela-novo-logotipo-768x394.png 768w\" sizes=\"auto, (max-width: 925px) 100vw, 925px\" \/><\/p>\n<p><strong>A <a href=\"https:\/\/www.borgwarner.com\/home\" target=\"_blank\" rel=\"noopener\">BorgWarner<\/a> revelou seu novo logotipo, destacando o progresso da empresa na sua transforma\u00e7\u00e3o eMobility atrav\u00e9s da execu\u00e7\u00e3o de sua estrat\u00e9gia Charging Forward<\/strong><\/p>\n<p>O novo logotipo \u00e9 uma representa\u00e7\u00e3o visual da transforma\u00e7\u00e3o da empresa &#8211; \u00e9 focado no futuro, din\u00e2mico e sinaliza um novo cap\u00edtulo na longa e orgulhosa hist\u00f3ria da BorgWarner. Esta \u00e9 a primeira vez que o logotipo \u00e9 alterado em mais de tr\u00eas d\u00e9cadas.<\/p>\n<p>A BorgWarner anunciou sua estrat\u00e9gia Charging Forward em mar\u00e7o de 2021 e fez um progresso significativo para atingir suas metas. A empresa est\u00e1 no caminho certo para ter pelo menos 25% de suas receitas provenientes de ve\u00edculos el\u00e9tricos a bateria (VE) at\u00e9 2025, com reservas org\u00e2nicas de US$ 3 bilh\u00f5es para 2025, excedendo sua meta de US$ 2,5 bilh\u00f5es.<\/p>\n<p>Al\u00e9m disso, as fus\u00f5es e aquisi\u00e7\u00f5es centradas nos ve\u00edculos el\u00e9tricos est\u00e3o a avan\u00e7ar em rela\u00e7\u00e3o ao planeado, com as cinco aquisi\u00e7\u00f5es que a empresa efetuou nos sectores das baterias, motores el\u00e9tricos, eletr\u00f3nica de pot\u00eancia e carregamento r\u00e1pido de corrente cont\u00ednua. Com o spin-off da PHINIA previsto para ser conclu\u00eddo no terceiro trimestre deste ano, a BorgWarner ter\u00e1 atingido seus objetivos com rela\u00e7\u00e3o \u00e0 otimiza\u00e7\u00e3o de seu portf\u00f3lio de combust\u00e3o.<\/p>\n<p>&#8220;Agora \u00e9 o momento certo para apresentar nosso novo logotipo. Ele significa o tremendo progresso que nossa equipe fez ao transformar a BorgWarner de l\u00edder em tecnologias de propuls\u00e3o convencionais para l\u00edder em mobilidade, incluindo eMobility&#8221;, disse Fr\u00e9d\u00e9ric Lissalde, Presidente e Diretor Executivo da BorgWarner.<\/p>\n<p>Para reconhecer este novo cap\u00edtulo, a BorgWarner anunciou os seus planos de alavancar a for\u00e7a de seus produtos fundamentais para continuar a aumentar sua receita de eProduct (EV e h\u00edbridos) para $5,6 bilh\u00f5es em 2025 e para mais de $10 bilh\u00f5es em 2027. Este ano, a empresa espera uma receita de eProduct de US$ 2,3 a US$ 2,6 bilh\u00f5es.<\/p>\n","protected":false},"excerpt":{"rendered":"<p>A BorgWarner revelou seu novo logotipo,&#8230;<\/p>\n","protected":false},"author":15,"featured_media":67696,"comment_status":"closed","ping_status":"closed","sticky":false,"template":"","format":"standard","meta":{"footnotes":""},"categories":[29],"tags":[2180,5574,5576,5575],"class_list":["post-67736","post","type-post","status-publish","format-standard","has-post-thumbnail","hentry","category-empresas","tag-borgwarner","tag-charging-forward","tag-emobility","tag-novo-logotipo"],"yoast_head":"<!-- This site is optimized with the Yoast SEO plugin v27.4 - https:\/\/yoast.com\/product\/yoast-seo-wordpress\/ -->\n<title>BorgWarner revela novo logotipo - Jornal das Oficinas<\/title>\n<meta name=\"description\" content=\"A BorgWarner revelou novo logotipo, destacando o progresso da empresa na transforma\u00e7\u00e3o eMobility atrav\u00e9s da sua estrat\u00e9gia Charging Forward\" \/>\n<meta name=\"robots\" content=\"index, follow, max-snippet:-1, max-image-preview:large, max-video-preview:-1\" \/>\n<link rel=\"canonical\" href=\"https:\/\/jornaldasoficinas.com\/pt\/borgwarner-revela-novo-logotipo\/\" \/>\n<meta property=\"og:locale\" content=\"pt_PT\" \/>\n<meta property=\"og:type\" content=\"article\" \/>\n<meta property=\"og:title\" content=\"BorgWarner revela novo logotipo - Jornal das Oficinas\" \/>\n<meta property=\"og:description\" content=\"A BorgWarner revelou novo logotipo, destacando o progresso da empresa na transforma\u00e7\u00e3o eMobility atrav\u00e9s da sua estrat\u00e9gia Charging Forward\" \/>\n<meta property=\"og:url\" content=\"https:\/\/jornaldasoficinas.com\/pt\/borgwarner-revela-novo-logotipo\/\" \/>\n<meta property=\"og:site_name\" content=\"Jornal das Oficinas\" \/>\n<meta property=\"article:publisher\" content=\"https:\/\/www.facebook.com\/jornaloficinas\" \/>\n<meta property=\"article:published_time\" content=\"2023-06-09T11:30:16+00:00\" \/>\n<meta property=\"og:image\" content=\"https:\/\/jornaldasoficinas.com\/pt\/wp-content\/uploads\/2023\/06\/BorgWarner-revela-novo-logotipo.png\" \/>\n\t<meta property=\"og:image:width\" content=\"925\" \/>\n\t<meta property=\"og:image:height\" content=\"475\" \/>\n\t<meta property=\"og:image:type\" content=\"image\/png\" \/>\n<meta name=\"author\" content=\"Reda\u00e7\u00e3o JO\" \/>\n<meta name=\"twitter:card\" content=\"summary_large_image\" \/>\n<meta name=\"twitter:creator\" content=\"@jornaloficinas\" \/>\n<meta name=\"twitter:site\" content=\"@jornaloficinas\" \/>\n<meta name=\"twitter:label1\" content=\"Escrito por\" \/>\n\t<meta name=\"twitter:data1\" content=\"Reda\u00e7\u00e3o JO\" \/>\n\t<meta name=\"twitter:label2\" content=\"Tempo estimado de leitura\" \/>\n\t<meta name=\"twitter:data2\" content=\"2 minutos\" \/>\n<script type=\"application\/ld+json\" class=\"yoast-schema-graph\">{\"@context\":\"https:\\\/\\\/schema.org\",\"@graph\":[{\"@type\":\"Article\",\"@id\":\"https:\\\/\\\/jornaldasoficinas.com\\\/pt\\\/borgwarner-revela-novo-logotipo\\\/#article\",\"isPartOf\":{\"@id\":\"https:\\\/\\\/jornaldasoficinas.com\\\/pt\\\/borgwarner-revela-novo-logotipo\\\/\"},\"author\":{\"name\":\"Reda\u00e7\u00e3o JO\",\"@id\":\"https:\\\/\\\/jornaldasoficinas.com\\\/pt\\\/#\\\/schema\\\/person\\\/a38eef5de2c41d9e7c9ac10141afddf3\"},\"headline\":\"BorgWarner revela novo logotipo\",\"datePublished\":\"2023-06-09T11:30:16+00:00\",\"mainEntityOfPage\":{\"@id\":\"https:\\\/\\\/jornaldasoficinas.com\\\/pt\\\/borgwarner-revela-novo-logotipo\\\/\"},\"wordCount\":333,\"publisher\":{\"@id\":\"https:\\\/\\\/jornaldasoficinas.com\\\/pt\\\/#organization\"},\"image\":{\"@id\":\"https:\\\/\\\/jornaldasoficinas.com\\\/pt\\\/borgwarner-revela-novo-logotipo\\\/#primaryimage\"},\"thumbnailUrl\":\"https:\\\/\\\/jornaldasoficinas.com\\\/pt\\\/wp-content\\\/uploads\\\/2023\\\/06\\\/BorgWarner-revela-novo-logotipo.png\",\"keywords\":[\"BorgWarner\",\"Charging Forward\",\"eMobility\",\"Novo logotipo\"],\"articleSection\":[\"Empresas\"],\"inLanguage\":\"pt-PT\"},{\"@type\":\"WebPage\",\"@id\":\"https:\\\/\\\/jornaldasoficinas.com\\\/pt\\\/borgwarner-revela-novo-logotipo\\\/\",\"url\":\"https:\\\/\\\/jornaldasoficinas.com\\\/pt\\\/borgwarner-revela-novo-logotipo\\\/\",\"name\":\"BorgWarner revela novo logotipo - Jornal das Oficinas\",\"isPartOf\":{\"@id\":\"https:\\\/\\\/jornaldasoficinas.com\\\/pt\\\/#website\"},\"primaryImageOfPage\":{\"@id\":\"https:\\\/\\\/jornaldasoficinas.com\\\/pt\\\/borgwarner-revela-novo-logotipo\\\/#primaryimage\"},\"image\":{\"@id\":\"https:\\\/\\\/jornaldasoficinas.com\\\/pt\\\/borgwarner-revela-novo-logotipo\\\/#primaryimage\"},\"thumbnailUrl\":\"https:\\\/\\\/jornaldasoficinas.com\\\/pt\\\/wp-content\\\/uploads\\\/2023\\\/06\\\/BorgWarner-revela-novo-logotipo.png\",\"datePublished\":\"2023-06-09T11:30:16+00:00\",\"description\":\"A BorgWarner revelou novo logotipo, destacando o progresso da empresa na transforma\u00e7\u00e3o eMobility atrav\u00e9s da sua estrat\u00e9gia Charging Forward\",\"breadcrumb\":{\"@id\":\"https:\\\/\\\/jornaldasoficinas.com\\\/pt\\\/borgwarner-revela-novo-logotipo\\\/#breadcrumb\"},\"inLanguage\":\"pt-PT\",\"potentialAction\":[{\"@type\":\"ReadAction\",\"target\":[\"https:\\\/\\\/jornaldasoficinas.com\\\/pt\\\/borgwarner-revela-novo-logotipo\\\/\"]}]},{\"@type\":\"ImageObject\",\"inLanguage\":\"pt-PT\",\"@id\":\"https:\\\/\\\/jornaldasoficinas.com\\\/pt\\\/borgwarner-revela-novo-logotipo\\\/#primaryimage\",\"url\":\"https:\\\/\\\/jornaldasoficinas.com\\\/pt\\\/wp-content\\\/uploads\\\/2023\\\/06\\\/BorgWarner-revela-novo-logotipo.png\",\"contentUrl\":\"https:\\\/\\\/jornaldasoficinas.com\\\/pt\\\/wp-content\\\/uploads\\\/2023\\\/06\\\/BorgWarner-revela-novo-logotipo.png\",\"width\":925,\"height\":475,\"caption\":\"06 - BorgWarner revela novo logotipo\"},{\"@type\":\"BreadcrumbList\",\"@id\":\"https:\\\/\\\/jornaldasoficinas.com\\\/pt\\\/borgwarner-revela-novo-logotipo\\\/#breadcrumb\",\"itemListElement\":[{\"@type\":\"ListItem\",\"position\":1,\"name\":\"In\u00edcio\",\"item\":\"https:\\\/\\\/jornaldasoficinas.com\\\/pt\\\/\"},{\"@type\":\"ListItem\",\"position\":2,\"name\":\"BorgWarner revela novo logotipo\"}]},{\"@type\":\"WebSite\",\"@id\":\"https:\\\/\\\/jornaldasoficinas.com\\\/pt\\\/#website\",\"url\":\"https:\\\/\\\/jornaldasoficinas.com\\\/pt\\\/\",\"name\":\"Jornal das Oficinas\",\"description\":\"Jornal independente do Aftermarket Autom\u00f3vel em Portugal\",\"publisher\":{\"@id\":\"https:\\\/\\\/jornaldasoficinas.com\\\/pt\\\/#organization\"},\"potentialAction\":[{\"@type\":\"SearchAction\",\"target\":{\"@type\":\"EntryPoint\",\"urlTemplate\":\"https:\\\/\\\/jornaldasoficinas.com\\\/pt\\\/?s={search_term_string}\"},\"query-input\":{\"@type\":\"PropertyValueSpecification\",\"valueRequired\":true,\"valueName\":\"search_term_string\"}}],\"inLanguage\":\"pt-PT\"},{\"@type\":\"Organization\",\"@id\":\"https:\\\/\\\/jornaldasoficinas.com\\\/pt\\\/#organization\",\"name\":\"Jornal das Oficinas\",\"url\":\"https:\\\/\\\/jornaldasoficinas.com\\\/pt\\\/\",\"logo\":{\"@type\":\"ImageObject\",\"inLanguage\":\"pt-PT\",\"@id\":\"https:\\\/\\\/jornaldasoficinas.com\\\/pt\\\/#\\\/schema\\\/logo\\\/image\\\/\",\"url\":\"https:\\\/\\\/jornaldasoficinas.com\\\/pt\\\/wp-content\\\/uploads\\\/logoJO-SEO.png\",\"contentUrl\":\"https:\\\/\\\/jornaldasoficinas.com\\\/pt\\\/wp-content\\\/uploads\\\/logoJO-SEO.png\",\"width\":285,\"height\":450,\"caption\":\"Jornal das Oficinas\"},\"image\":{\"@id\":\"https:\\\/\\\/jornaldasoficinas.com\\\/pt\\\/#\\\/schema\\\/logo\\\/image\\\/\"},\"sameAs\":[\"https:\\\/\\\/www.facebook.com\\\/jornaloficinas\",\"https:\\\/\\\/x.com\\\/jornaloficinas\",\"https:\\\/\\\/www.instagram.com\\\/jornal_oficinas\\\/\",\"https:\\\/\\\/www.linkedin.com\\\/company\\\/jornal-das-oficinas\\\/\",\"https:\\\/\\\/www.youtube.com\\\/channel\\\/UCbQZBqtcvV-oSQrr7RzINGg\"]},{\"@type\":\"Person\",\"@id\":\"https:\\\/\\\/jornaldasoficinas.com\\\/pt\\\/#\\\/schema\\\/person\\\/a38eef5de2c41d9e7c9ac10141afddf3\",\"name\":\"Reda\u00e7\u00e3o JO\",\"image\":{\"@type\":\"ImageObject\",\"inLanguage\":\"pt-PT\",\"@id\":\"https:\\\/\\\/secure.gravatar.com\\\/avatar\\\/71f2fa71737ad68a84fea94bc708ddac8ea5b0c4788dc2ad202f3ccb2887742f?s=96&d=wp_user_avatar&r=g\",\"url\":\"https:\\\/\\\/secure.gravatar.com\\\/avatar\\\/71f2fa71737ad68a84fea94bc708ddac8ea5b0c4788dc2ad202f3ccb2887742f?s=96&d=wp_user_avatar&r=g\",\"contentUrl\":\"https:\\\/\\\/secure.gravatar.com\\\/avatar\\\/71f2fa71737ad68a84fea94bc708ddac8ea5b0c4788dc2ad202f3ccb2887742f?s=96&d=wp_user_avatar&r=g\",\"caption\":\"Reda\u00e7\u00e3o JO\"},\"url\":\"https:\\\/\\\/jornaldasoficinas.com\\\/pt\\\/author\\\/joredacao\\\/\"}]}<\/script>\n<!-- \/ Yoast SEO plugin. -->","yoast_head_json":{"title":"BorgWarner revela novo logotipo - Jornal das Oficinas","description":"A BorgWarner revelou novo logotipo, destacando o progresso da empresa na transforma\u00e7\u00e3o eMobility atrav\u00e9s da sua estrat\u00e9gia Charging Forward","robots":{"index":"index","follow":"follow","max-snippet":"max-snippet:-1","max-image-preview":"max-image-preview:large","max-video-preview":"max-video-preview:-1"},"canonical":"https:\/\/jornaldasoficinas.com\/pt\/borgwarner-revela-novo-logotipo\/","og_locale":"pt_PT","og_type":"article","og_title":"BorgWarner revela novo logotipo - Jornal das Oficinas","og_description":"A BorgWarner revelou novo logotipo, destacando o progresso da empresa na transforma\u00e7\u00e3o eMobility atrav\u00e9s da sua estrat\u00e9gia Charging Forward","og_url":"https:\/\/jornaldasoficinas.com\/pt\/borgwarner-revela-novo-logotipo\/","og_site_name":"Jornal das Oficinas","article_publisher":"https:\/\/www.facebook.com\/jornaloficinas","article_published_time":"2023-06-09T11:30:16+00:00","og_image":[{"width":925,"height":475,"url":"https:\/\/jornaldasoficinas.com\/pt\/wp-content\/uploads\/2023\/06\/BorgWarner-revela-novo-logotipo.png","type":"image\/png"}],"author":"Reda\u00e7\u00e3o JO","twitter_card":"summary_large_image","twitter_creator":"@jornaloficinas","twitter_site":"@jornaloficinas","twitter_misc":{"Escrito por":"Reda\u00e7\u00e3o JO","Tempo estimado de leitura":"2 minutos"},"schema":{"@context":"https:\/\/schema.org","@graph":[{"@type":"Article","@id":"https:\/\/jornaldasoficinas.com\/pt\/borgwarner-revela-novo-logotipo\/#article","isPartOf":{"@id":"https:\/\/jornaldasoficinas.com\/pt\/borgwarner-revela-novo-logotipo\/"},"author":{"name":"Reda\u00e7\u00e3o JO","@id":"https:\/\/jornaldasoficinas.com\/pt\/#\/schema\/person\/a38eef5de2c41d9e7c9ac10141afddf3"},"headline":"BorgWarner revela novo logotipo","datePublished":"2023-06-09T11:30:16+00:00","mainEntityOfPage":{"@id":"https:\/\/jornaldasoficinas.com\/pt\/borgwarner-revela-novo-logotipo\/"},"wordCount":333,"publisher":{"@id":"https:\/\/jornaldasoficinas.com\/pt\/#organization"},"image":{"@id":"https:\/\/jornaldasoficinas.com\/pt\/borgwarner-revela-novo-logotipo\/#primaryimage"},"thumbnailUrl":"https:\/\/jornaldasoficinas.com\/pt\/wp-content\/uploads\/2023\/06\/BorgWarner-revela-novo-logotipo.png","keywords":["BorgWarner","Charging Forward","eMobility","Novo logotipo"],"articleSection":["Empresas"],"inLanguage":"pt-PT"},{"@type":"WebPage","@id":"https:\/\/jornaldasoficinas.com\/pt\/borgwarner-revela-novo-logotipo\/","url":"https:\/\/jornaldasoficinas.com\/pt\/borgwarner-revela-novo-logotipo\/","name":"BorgWarner revela novo logotipo - Jornal das Oficinas","isPartOf":{"@id":"https:\/\/jornaldasoficinas.com\/pt\/#website"},"primaryImageOfPage":{"@id":"https:\/\/jornaldasoficinas.com\/pt\/borgwarner-revela-novo-logotipo\/#primaryimage"},"image":{"@id":"https:\/\/jornaldasoficinas.com\/pt\/borgwarner-revela-novo-logotipo\/#primaryimage"},"thumbnailUrl":"https:\/\/jornaldasoficinas.com\/pt\/wp-content\/uploads\/2023\/06\/BorgWarner-revela-novo-logotipo.png","datePublished":"2023-06-09T11:30:16+00:00","description":"A BorgWarner revelou novo logotipo, destacando o progresso da empresa na transforma\u00e7\u00e3o eMobility atrav\u00e9s da sua estrat\u00e9gia Charging Forward","breadcrumb":{"@id":"https:\/\/jornaldasoficinas.com\/pt\/borgwarner-revela-novo-logotipo\/#breadcrumb"},"inLanguage":"pt-PT","potentialAction":[{"@type":"ReadAction","target":["https:\/\/jornaldasoficinas.com\/pt\/borgwarner-revela-novo-logotipo\/"]}]},{"@type":"ImageObject","inLanguage":"pt-PT","@id":"https:\/\/jornaldasoficinas.com\/pt\/borgwarner-revela-novo-logotipo\/#primaryimage","url":"https:\/\/jornaldasoficinas.com\/pt\/wp-content\/uploads\/2023\/06\/BorgWarner-revela-novo-logotipo.png","contentUrl":"https:\/\/jornaldasoficinas.com\/pt\/wp-content\/uploads\/2023\/06\/BorgWarner-revela-novo-logotipo.png","width":925,"height":475,"caption":"06 - BorgWarner revela novo logotipo"},{"@type":"BreadcrumbList","@id":"https:\/\/jornaldasoficinas.com\/pt\/borgwarner-revela-novo-logotipo\/#breadcrumb","itemListElement":[{"@type":"ListItem","position":1,"name":"In\u00edcio","item":"https:\/\/jornaldasoficinas.com\/pt\/"},{"@type":"ListItem","position":2,"name":"BorgWarner revela novo logotipo"}]},{"@type":"WebSite","@id":"https:\/\/jornaldasoficinas.com\/pt\/#website","url":"https:\/\/jornaldasoficinas.com\/pt\/","name":"Jornal das Oficinas","description":"Jornal independente do Aftermarket Autom\u00f3vel em Portugal","publisher":{"@id":"https:\/\/jornaldasoficinas.com\/pt\/#organization"},"potentialAction":[{"@type":"SearchAction","target":{"@type":"EntryPoint","urlTemplate":"https:\/\/jornaldasoficinas.com\/pt\/?s={search_term_string}"},"query-input":{"@type":"PropertyValueSpecification","valueRequired":true,"valueName":"search_term_string"}}],"inLanguage":"pt-PT"},{"@type":"Organization","@id":"https:\/\/jornaldasoficinas.com\/pt\/#organization","name":"Jornal das Oficinas","url":"https:\/\/jornaldasoficinas.com\/pt\/","logo":{"@type":"ImageObject","inLanguage":"pt-PT","@id":"https:\/\/jornaldasoficinas.com\/pt\/#\/schema\/logo\/image\/","url":"https:\/\/jornaldasoficinas.com\/pt\/wp-content\/uploads\/logoJO-SEO.png","contentUrl":"https:\/\/jornaldasoficinas.com\/pt\/wp-content\/uploads\/logoJO-SEO.png","width":285,"height":450,"caption":"Jornal das Oficinas"},"image":{"@id":"https:\/\/jornaldasoficinas.com\/pt\/#\/schema\/logo\/image\/"},"sameAs":["https:\/\/www.facebook.com\/jornaloficinas","https:\/\/x.com\/jornaloficinas","https:\/\/www.instagram.com\/jornal_oficinas\/","https:\/\/www.linkedin.com\/company\/jornal-das-oficinas\/","https:\/\/www.youtube.com\/channel\/UCbQZBqtcvV-oSQrr7RzINGg"]},{"@type":"Person","@id":"https:\/\/jornaldasoficinas.com\/pt\/#\/schema\/person\/a38eef5de2c41d9e7c9ac10141afddf3","name":"Reda\u00e7\u00e3o JO","image":{"@type":"ImageObject","inLanguage":"pt-PT","@id":"https:\/\/secure.gravatar.com\/avatar\/71f2fa71737ad68a84fea94bc708ddac8ea5b0c4788dc2ad202f3ccb2887742f?s=96&d=wp_user_avatar&r=g","url":"https:\/\/secure.gravatar.com\/avatar\/71f2fa71737ad68a84fea94bc708ddac8ea5b0c4788dc2ad202f3ccb2887742f?s=96&d=wp_user_avatar&r=g","contentUrl":"https:\/\/secure.gravatar.com\/avatar\/71f2fa71737ad68a84fea94bc708ddac8ea5b0c4788dc2ad202f3ccb2887742f?s=96&d=wp_user_avatar&r=g","caption":"Reda\u00e7\u00e3o JO"},"url":"https:\/\/jornaldasoficinas.com\/pt\/author\/joredacao\/"}]}},"_links":{"self":[{"href":"https:\/\/jornaldasoficinas.com\/pt\/wp-json\/wp\/v2\/posts\/67736","targetHints":{"allow":["GET"]}}],"collection":[{"href":"https:\/\/jornaldasoficinas.com\/pt\/wp-json\/wp\/v2\/posts"}],"about":[{"href":"https:\/\/jornaldasoficinas.com\/pt\/wp-json\/wp\/v2\/types\/post"}],"author":[{"embeddable":true,"href":"https:\/\/jornaldasoficinas.com\/pt\/wp-json\/wp\/v2\/users\/15"}],"replies":[{"embeddable":true,"href":"https:\/\/jornaldasoficinas.com\/pt\/wp-json\/wp\/v2\/comments?post=67736"}],"version-history":[{"count":0,"href":"https:\/\/jornaldasoficinas.com\/pt\/wp-json\/wp\/v2\/posts\/67736\/revisions"}],"wp:featuredmedia":[{"embeddable":true,"href":"https:\/\/jornaldasoficinas.com\/pt\/wp-json\/wp\/v2\/media\/67696"}],"wp:attachment":[{"href":"https:\/\/jornaldasoficinas.com\/pt\/wp-json\/wp\/v2\/media?parent=67736"}],"wp:term":[{"taxonomy":"category","embeddable":true,"href":"https:\/\/jornaldasoficinas.com\/pt\/wp-json\/wp\/v2\/categories?post=67736"},{"taxonomy":"post_tag","embeddable":true,"href":"https:\/\/jornaldasoficinas.com\/pt\/wp-json\/wp\/v2\/tags?post=67736"}],"curies":[{"name":"wp","href":"https:\/\/api.w.org\/{rel}","templated":true}]}}