{"id":67776,"date":"2023-06-11T21:00:20","date_gmt":"2023-06-11T20:00:20","guid":{"rendered":"https:\/\/jornaldasoficinas.com\/pt\/?p=67776"},"modified":"2023-06-11T21:14:29","modified_gmt":"2023-06-11T20:14:29","slug":"reparar-em-vez-de-substituir-menos-residuos-na-reparacao","status":"publish","type":"post","link":"https:\/\/jornaldasoficinas.com\/pt\/reparar-em-vez-de-substituir-menos-residuos-na-reparacao\/","title":{"rendered":"Reparar em vez de substituir: Menos res\u00edduos  na repara\u00e7\u00e3o"},"content":{"rendered":"<p><img loading=\"lazy\" decoding=\"async\" class=\"alignnone size-full wp-image-67756\" src=\"https:\/\/jornaldasoficinas.com\/pt\/wp-content\/uploads\/2023\/06\/menos-residuos-reparacao.jpeg\" alt=\"06 - menos residuos reparacao\" width=\"1024\" height=\"581\" srcset=\"https:\/\/jornaldasoficinas.com\/pt\/wp-content\/uploads\/2023\/06\/menos-residuos-reparacao.jpeg 1024w, https:\/\/jornaldasoficinas.com\/pt\/wp-content\/uploads\/2023\/06\/menos-residuos-reparacao-300x170.jpeg 300w, https:\/\/jornaldasoficinas.com\/pt\/wp-content\/uploads\/2023\/06\/menos-residuos-reparacao-150x85.jpeg 150w, https:\/\/jornaldasoficinas.com\/pt\/wp-content\/uploads\/2023\/06\/menos-residuos-reparacao-768x436.jpeg 768w\" sizes=\"auto, (max-width: 1024px) 100vw, 1024px\" \/><\/p>\n<p><strong>A sustentabilidade passa por reduzir ao m\u00ednimo os efeitos negativos da produ\u00e7\u00e3o e gest\u00e3o de res\u00edduos. Passa tamb\u00e9m por seguir os princ\u00edpios da economia circular, o que implica fazer uma utiliza\u00e7\u00e3o eficiente dos recursos.<\/strong><\/p>\n<p>Para isso, baseamo-nos no princ\u00edpio da hierarquia de res\u00edduos. A prioridade estabelecida por esta norma \u00e9 a de se tomarem as medidas necess\u00e1rias para reduzir a produ\u00e7\u00e3o dos mesmos e reutilizar os que se puder, por oposi\u00e7\u00e3o a outras a\u00e7\u00f5es poss\u00edveis, como a reciclagem, a valoriza\u00e7\u00e3o ou a elimina\u00e7\u00e3o de res\u00edduos.<\/p>\n<p>Reduzir a produ\u00e7\u00e3o de res\u00edduos e reutiliz\u00e1-los s\u00e3o a\u00e7\u00f5es que est\u00e3o a caminho do valor m\u00e1gico: atingir, em 2030, uma redu\u00e7\u00e3o de 15% no peso em rela\u00e7\u00e3o aos res\u00edduos produzidos em 2010. Crescer economicamente n\u00e3o significa necessariamente aumentar os res\u00edduos enviados para o ambiente, com o consequente impacto que isso ter\u00e1.<\/p>\n<p>Para ler todo o artigo clique <a href=\"https:\/\/www.yumpu.com\/pt\/document\/read\/68121270\/jornal-das-oficinas-209\/74\" target=\"_blank\" rel=\"noopener\">aqui<\/a>.<\/p>\n","protected":false},"excerpt":{"rendered":"<p>A sustentabilidade passa por reduzir ao&#8230;<\/p>\n","protected":false},"author":15,"featured_media":67756,"comment_status":"closed","ping_status":"closed","sticky":false,"template":"","format":"standard","meta":{"footnotes":""},"categories":[120],"tags":[5588,5587,1767],"class_list":["post-67776","post","type-post","status-publish","format-standard","has-post-thumbnail","hentry","category-tecnica","tag-gestao-de-residuos","tag-menos-residuos","tag-sustentabilidade"],"yoast_head":"<!-- This site is optimized with the Yoast SEO plugin v27.5 - https:\/\/yoast.com\/product\/yoast-seo-wordpress\/ -->\n<title>Reparar em vez de substituir: Menos res\u00edduos na repara\u00e7\u00e3o - Jornal das Oficinas<\/title>\n<meta name=\"description\" content=\"A sustentabilidade n\u00e3o passa s\u00f3 por reduzir ao m\u00ednimo os efeitos negativos da produ\u00e7\u00e3o e gest\u00e3o de res\u00edduos\" \/>\n<meta name=\"robots\" content=\"index, follow, max-snippet:-1, max-image-preview:large, max-video-preview:-1\" \/>\n<link rel=\"canonical\" href=\"https:\/\/jornaldasoficinas.com\/pt\/reparar-em-vez-de-substituir-menos-residuos-na-reparacao\/\" \/>\n<meta property=\"og:locale\" content=\"pt_PT\" \/>\n<meta property=\"og:type\" content=\"article\" \/>\n<meta property=\"og:title\" content=\"Reparar em vez de substituir: Menos res\u00edduos na repara\u00e7\u00e3o - Jornal das Oficinas\" \/>\n<meta property=\"og:description\" content=\"A sustentabilidade n\u00e3o passa s\u00f3 por reduzir ao m\u00ednimo os efeitos negativos da produ\u00e7\u00e3o e gest\u00e3o de res\u00edduos\" \/>\n<meta property=\"og:url\" content=\"https:\/\/jornaldasoficinas.com\/pt\/reparar-em-vez-de-substituir-menos-residuos-na-reparacao\/\" \/>\n<meta property=\"og:site_name\" content=\"Jornal das Oficinas\" \/>\n<meta property=\"article:publisher\" content=\"https:\/\/www.facebook.com\/jornaloficinas\" \/>\n<meta property=\"article:published_time\" content=\"2023-06-11T20:00:20+00:00\" \/>\n<meta property=\"article:modified_time\" content=\"2023-06-11T20:14:29+00:00\" \/>\n<meta property=\"og:image\" content=\"https:\/\/jornaldasoficinas.com\/pt\/wp-content\/uploads\/2023\/06\/menos-residuos-reparacao.jpeg\" \/>\n\t<meta property=\"og:image:width\" content=\"1024\" \/>\n\t<meta property=\"og:image:height\" content=\"581\" \/>\n\t<meta property=\"og:image:type\" content=\"image\/jpeg\" \/>\n<meta name=\"author\" content=\"Reda\u00e7\u00e3o JO\" \/>\n<meta name=\"twitter:card\" content=\"summary_large_image\" \/>\n<meta name=\"twitter:creator\" content=\"@jornaloficinas\" \/>\n<meta name=\"twitter:site\" content=\"@jornaloficinas\" \/>\n<meta name=\"twitter:label1\" content=\"Escrito por\" \/>\n\t<meta name=\"twitter:data1\" content=\"Reda\u00e7\u00e3o JO\" \/>\n\t<meta name=\"twitter:label2\" content=\"Tempo estimado de leitura\" \/>\n\t<meta name=\"twitter:data2\" content=\"1 minuto\" \/>\n<script type=\"application\/ld+json\" class=\"yoast-schema-graph\">{\"@context\":\"https:\\\/\\\/schema.org\",\"@graph\":[{\"@type\":\"Article\",\"@id\":\"https:\\\/\\\/jornaldasoficinas.com\\\/pt\\\/reparar-em-vez-de-substituir-menos-residuos-na-reparacao\\\/#article\",\"isPartOf\":{\"@id\":\"https:\\\/\\\/jornaldasoficinas.com\\\/pt\\\/reparar-em-vez-de-substituir-menos-residuos-na-reparacao\\\/\"},\"author\":{\"name\":\"Reda\u00e7\u00e3o JO\",\"@id\":\"https:\\\/\\\/jornaldasoficinas.com\\\/pt\\\/#\\\/schema\\\/person\\\/a38eef5de2c41d9e7c9ac10141afddf3\"},\"headline\":\"Reparar em vez de substituir: Menos res\u00edduos na repara\u00e7\u00e3o\",\"datePublished\":\"2023-06-11T20:00:20+00:00\",\"dateModified\":\"2023-06-11T20:14:29+00:00\",\"mainEntityOfPage\":{\"@id\":\"https:\\\/\\\/jornaldasoficinas.com\\\/pt\\\/reparar-em-vez-de-substituir-menos-residuos-na-reparacao\\\/\"},\"wordCount\":179,\"publisher\":{\"@id\":\"https:\\\/\\\/jornaldasoficinas.com\\\/pt\\\/#organization\"},\"image\":{\"@id\":\"https:\\\/\\\/jornaldasoficinas.com\\\/pt\\\/reparar-em-vez-de-substituir-menos-residuos-na-reparacao\\\/#primaryimage\"},\"thumbnailUrl\":\"https:\\\/\\\/jornaldasoficinas.com\\\/pt\\\/wp-content\\\/uploads\\\/2023\\\/06\\\/menos-residuos-reparacao.jpeg\",\"keywords\":[\"gest\u00e3o de res\u00edduos\",\"Menos res\u00edduos\",\"Sustentabilidade\"],\"articleSection\":[\"T\u00e9cnica\"],\"inLanguage\":\"pt-PT\"},{\"@type\":\"WebPage\",\"@id\":\"https:\\\/\\\/jornaldasoficinas.com\\\/pt\\\/reparar-em-vez-de-substituir-menos-residuos-na-reparacao\\\/\",\"url\":\"https:\\\/\\\/jornaldasoficinas.com\\\/pt\\\/reparar-em-vez-de-substituir-menos-residuos-na-reparacao\\\/\",\"name\":\"Reparar em vez de substituir: Menos res\u00edduos na repara\u00e7\u00e3o - Jornal das Oficinas\",\"isPartOf\":{\"@id\":\"https:\\\/\\\/jornaldasoficinas.com\\\/pt\\\/#website\"},\"primaryImageOfPage\":{\"@id\":\"https:\\\/\\\/jornaldasoficinas.com\\\/pt\\\/reparar-em-vez-de-substituir-menos-residuos-na-reparacao\\\/#primaryimage\"},\"image\":{\"@id\":\"https:\\\/\\\/jornaldasoficinas.com\\\/pt\\\/reparar-em-vez-de-substituir-menos-residuos-na-reparacao\\\/#primaryimage\"},\"thumbnailUrl\":\"https:\\\/\\\/jornaldasoficinas.com\\\/pt\\\/wp-content\\\/uploads\\\/2023\\\/06\\\/menos-residuos-reparacao.jpeg\",\"datePublished\":\"2023-06-11T20:00:20+00:00\",\"dateModified\":\"2023-06-11T20:14:29+00:00\",\"description\":\"A sustentabilidade n\u00e3o passa s\u00f3 por reduzir ao m\u00ednimo os efeitos negativos da produ\u00e7\u00e3o e gest\u00e3o de res\u00edduos\",\"breadcrumb\":{\"@id\":\"https:\\\/\\\/jornaldasoficinas.com\\\/pt\\\/reparar-em-vez-de-substituir-menos-residuos-na-reparacao\\\/#breadcrumb\"},\"inLanguage\":\"pt-PT\",\"potentialAction\":[{\"@type\":\"ReadAction\",\"target\":[\"https:\\\/\\\/jornaldasoficinas.com\\\/pt\\\/reparar-em-vez-de-substituir-menos-residuos-na-reparacao\\\/\"]}]},{\"@type\":\"ImageObject\",\"inLanguage\":\"pt-PT\",\"@id\":\"https:\\\/\\\/jornaldasoficinas.com\\\/pt\\\/reparar-em-vez-de-substituir-menos-residuos-na-reparacao\\\/#primaryimage\",\"url\":\"https:\\\/\\\/jornaldasoficinas.com\\\/pt\\\/wp-content\\\/uploads\\\/2023\\\/06\\\/menos-residuos-reparacao.jpeg\",\"contentUrl\":\"https:\\\/\\\/jornaldasoficinas.com\\\/pt\\\/wp-content\\\/uploads\\\/2023\\\/06\\\/menos-residuos-reparacao.jpeg\",\"width\":1024,\"height\":581,\"caption\":\"06 - menos residuos reparacao\"},{\"@type\":\"BreadcrumbList\",\"@id\":\"https:\\\/\\\/jornaldasoficinas.com\\\/pt\\\/reparar-em-vez-de-substituir-menos-residuos-na-reparacao\\\/#breadcrumb\",\"itemListElement\":[{\"@type\":\"ListItem\",\"position\":1,\"name\":\"In\u00edcio\",\"item\":\"https:\\\/\\\/jornaldasoficinas.com\\\/pt\\\/\"},{\"@type\":\"ListItem\",\"position\":2,\"name\":\"Reparar em vez de substituir: Menos res\u00edduos na repara\u00e7\u00e3o\"}]},{\"@type\":\"WebSite\",\"@id\":\"https:\\\/\\\/jornaldasoficinas.com\\\/pt\\\/#website\",\"url\":\"https:\\\/\\\/jornaldasoficinas.com\\\/pt\\\/\",\"name\":\"Jornal das Oficinas\",\"description\":\"Jornal independente do Aftermarket Autom\u00f3vel em Portugal\",\"publisher\":{\"@id\":\"https:\\\/\\\/jornaldasoficinas.com\\\/pt\\\/#organization\"},\"potentialAction\":[{\"@type\":\"SearchAction\",\"target\":{\"@type\":\"EntryPoint\",\"urlTemplate\":\"https:\\\/\\\/jornaldasoficinas.com\\\/pt\\\/?s={search_term_string}\"},\"query-input\":{\"@type\":\"PropertyValueSpecification\",\"valueRequired\":true,\"valueName\":\"search_term_string\"}}],\"inLanguage\":\"pt-PT\"},{\"@type\":\"Organization\",\"@id\":\"https:\\\/\\\/jornaldasoficinas.com\\\/pt\\\/#organization\",\"name\":\"Jornal das Oficinas\",\"url\":\"https:\\\/\\\/jornaldasoficinas.com\\\/pt\\\/\",\"logo\":{\"@type\":\"ImageObject\",\"inLanguage\":\"pt-PT\",\"@id\":\"https:\\\/\\\/jornaldasoficinas.com\\\/pt\\\/#\\\/schema\\\/logo\\\/image\\\/\",\"url\":\"https:\\\/\\\/jornaldasoficinas.com\\\/pt\\\/wp-content\\\/uploads\\\/logoJO-SEO.png\",\"contentUrl\":\"https:\\\/\\\/jornaldasoficinas.com\\\/pt\\\/wp-content\\\/uploads\\\/logoJO-SEO.png\",\"width\":285,\"height\":450,\"caption\":\"Jornal das Oficinas\"},\"image\":{\"@id\":\"https:\\\/\\\/jornaldasoficinas.com\\\/pt\\\/#\\\/schema\\\/logo\\\/image\\\/\"},\"sameAs\":[\"https:\\\/\\\/www.facebook.com\\\/jornaloficinas\",\"https:\\\/\\\/x.com\\\/jornaloficinas\",\"https:\\\/\\\/www.instagram.com\\\/jornal_oficinas\\\/\",\"https:\\\/\\\/www.linkedin.com\\\/company\\\/jornal-das-oficinas\\\/\",\"https:\\\/\\\/www.youtube.com\\\/channel\\\/UCbQZBqtcvV-oSQrr7RzINGg\"]},{\"@type\":\"Person\",\"@id\":\"https:\\\/\\\/jornaldasoficinas.com\\\/pt\\\/#\\\/schema\\\/person\\\/a38eef5de2c41d9e7c9ac10141afddf3\",\"name\":\"Reda\u00e7\u00e3o JO\",\"image\":{\"@type\":\"ImageObject\",\"inLanguage\":\"pt-PT\",\"@id\":\"https:\\\/\\\/secure.gravatar.com\\\/avatar\\\/71f2fa71737ad68a84fea94bc708ddac8ea5b0c4788dc2ad202f3ccb2887742f?s=96&d=wp_user_avatar&r=g\",\"url\":\"https:\\\/\\\/secure.gravatar.com\\\/avatar\\\/71f2fa71737ad68a84fea94bc708ddac8ea5b0c4788dc2ad202f3ccb2887742f?s=96&d=wp_user_avatar&r=g\",\"contentUrl\":\"https:\\\/\\\/secure.gravatar.com\\\/avatar\\\/71f2fa71737ad68a84fea94bc708ddac8ea5b0c4788dc2ad202f3ccb2887742f?s=96&d=wp_user_avatar&r=g\",\"caption\":\"Reda\u00e7\u00e3o JO\"},\"url\":\"https:\\\/\\\/jornaldasoficinas.com\\\/pt\\\/author\\\/joredacao\\\/\"}]}<\/script>\n<!-- \/ Yoast SEO plugin. -->","yoast_head_json":{"title":"Reparar em vez de substituir: Menos res\u00edduos na repara\u00e7\u00e3o - Jornal das Oficinas","description":"A sustentabilidade n\u00e3o passa s\u00f3 por reduzir ao m\u00ednimo os efeitos negativos da produ\u00e7\u00e3o e gest\u00e3o de res\u00edduos","robots":{"index":"index","follow":"follow","max-snippet":"max-snippet:-1","max-image-preview":"max-image-preview:large","max-video-preview":"max-video-preview:-1"},"canonical":"https:\/\/jornaldasoficinas.com\/pt\/reparar-em-vez-de-substituir-menos-residuos-na-reparacao\/","og_locale":"pt_PT","og_type":"article","og_title":"Reparar em vez de substituir: Menos res\u00edduos na repara\u00e7\u00e3o - Jornal das Oficinas","og_description":"A sustentabilidade n\u00e3o passa s\u00f3 por reduzir ao m\u00ednimo os efeitos negativos da produ\u00e7\u00e3o e gest\u00e3o de res\u00edduos","og_url":"https:\/\/jornaldasoficinas.com\/pt\/reparar-em-vez-de-substituir-menos-residuos-na-reparacao\/","og_site_name":"Jornal das Oficinas","article_publisher":"https:\/\/www.facebook.com\/jornaloficinas","article_published_time":"2023-06-11T20:00:20+00:00","article_modified_time":"2023-06-11T20:14:29+00:00","og_image":[{"width":1024,"height":581,"url":"https:\/\/jornaldasoficinas.com\/pt\/wp-content\/uploads\/2023\/06\/menos-residuos-reparacao.jpeg","type":"image\/jpeg"}],"author":"Reda\u00e7\u00e3o JO","twitter_card":"summary_large_image","twitter_creator":"@jornaloficinas","twitter_site":"@jornaloficinas","twitter_misc":{"Escrito por":"Reda\u00e7\u00e3o JO","Tempo estimado de leitura":"1 minuto"},"schema":{"@context":"https:\/\/schema.org","@graph":[{"@type":"Article","@id":"https:\/\/jornaldasoficinas.com\/pt\/reparar-em-vez-de-substituir-menos-residuos-na-reparacao\/#article","isPartOf":{"@id":"https:\/\/jornaldasoficinas.com\/pt\/reparar-em-vez-de-substituir-menos-residuos-na-reparacao\/"},"author":{"name":"Reda\u00e7\u00e3o JO","@id":"https:\/\/jornaldasoficinas.com\/pt\/#\/schema\/person\/a38eef5de2c41d9e7c9ac10141afddf3"},"headline":"Reparar em vez de substituir: Menos res\u00edduos na repara\u00e7\u00e3o","datePublished":"2023-06-11T20:00:20+00:00","dateModified":"2023-06-11T20:14:29+00:00","mainEntityOfPage":{"@id":"https:\/\/jornaldasoficinas.com\/pt\/reparar-em-vez-de-substituir-menos-residuos-na-reparacao\/"},"wordCount":179,"publisher":{"@id":"https:\/\/jornaldasoficinas.com\/pt\/#organization"},"image":{"@id":"https:\/\/jornaldasoficinas.com\/pt\/reparar-em-vez-de-substituir-menos-residuos-na-reparacao\/#primaryimage"},"thumbnailUrl":"https:\/\/jornaldasoficinas.com\/pt\/wp-content\/uploads\/2023\/06\/menos-residuos-reparacao.jpeg","keywords":["gest\u00e3o de res\u00edduos","Menos res\u00edduos","Sustentabilidade"],"articleSection":["T\u00e9cnica"],"inLanguage":"pt-PT"},{"@type":"WebPage","@id":"https:\/\/jornaldasoficinas.com\/pt\/reparar-em-vez-de-substituir-menos-residuos-na-reparacao\/","url":"https:\/\/jornaldasoficinas.com\/pt\/reparar-em-vez-de-substituir-menos-residuos-na-reparacao\/","name":"Reparar em vez de substituir: Menos res\u00edduos na repara\u00e7\u00e3o - Jornal das Oficinas","isPartOf":{"@id":"https:\/\/jornaldasoficinas.com\/pt\/#website"},"primaryImageOfPage":{"@id":"https:\/\/jornaldasoficinas.com\/pt\/reparar-em-vez-de-substituir-menos-residuos-na-reparacao\/#primaryimage"},"image":{"@id":"https:\/\/jornaldasoficinas.com\/pt\/reparar-em-vez-de-substituir-menos-residuos-na-reparacao\/#primaryimage"},"thumbnailUrl":"https:\/\/jornaldasoficinas.com\/pt\/wp-content\/uploads\/2023\/06\/menos-residuos-reparacao.jpeg","datePublished":"2023-06-11T20:00:20+00:00","dateModified":"2023-06-11T20:14:29+00:00","description":"A sustentabilidade n\u00e3o passa s\u00f3 por reduzir ao m\u00ednimo os efeitos negativos da produ\u00e7\u00e3o e gest\u00e3o de res\u00edduos","breadcrumb":{"@id":"https:\/\/jornaldasoficinas.com\/pt\/reparar-em-vez-de-substituir-menos-residuos-na-reparacao\/#breadcrumb"},"inLanguage":"pt-PT","potentialAction":[{"@type":"ReadAction","target":["https:\/\/jornaldasoficinas.com\/pt\/reparar-em-vez-de-substituir-menos-residuos-na-reparacao\/"]}]},{"@type":"ImageObject","inLanguage":"pt-PT","@id":"https:\/\/jornaldasoficinas.com\/pt\/reparar-em-vez-de-substituir-menos-residuos-na-reparacao\/#primaryimage","url":"https:\/\/jornaldasoficinas.com\/pt\/wp-content\/uploads\/2023\/06\/menos-residuos-reparacao.jpeg","contentUrl":"https:\/\/jornaldasoficinas.com\/pt\/wp-content\/uploads\/2023\/06\/menos-residuos-reparacao.jpeg","width":1024,"height":581,"caption":"06 - menos residuos reparacao"},{"@type":"BreadcrumbList","@id":"https:\/\/jornaldasoficinas.com\/pt\/reparar-em-vez-de-substituir-menos-residuos-na-reparacao\/#breadcrumb","itemListElement":[{"@type":"ListItem","position":1,"name":"In\u00edcio","item":"https:\/\/jornaldasoficinas.com\/pt\/"},{"@type":"ListItem","position":2,"name":"Reparar em vez de substituir: Menos res\u00edduos na repara\u00e7\u00e3o"}]},{"@type":"WebSite","@id":"https:\/\/jornaldasoficinas.com\/pt\/#website","url":"https:\/\/jornaldasoficinas.com\/pt\/","name":"Jornal das Oficinas","description":"Jornal independente do Aftermarket Autom\u00f3vel em Portugal","publisher":{"@id":"https:\/\/jornaldasoficinas.com\/pt\/#organization"},"potentialAction":[{"@type":"SearchAction","target":{"@type":"EntryPoint","urlTemplate":"https:\/\/jornaldasoficinas.com\/pt\/?s={search_term_string}"},"query-input":{"@type":"PropertyValueSpecification","valueRequired":true,"valueName":"search_term_string"}}],"inLanguage":"pt-PT"},{"@type":"Organization","@id":"https:\/\/jornaldasoficinas.com\/pt\/#organization","name":"Jornal das Oficinas","url":"https:\/\/jornaldasoficinas.com\/pt\/","logo":{"@type":"ImageObject","inLanguage":"pt-PT","@id":"https:\/\/jornaldasoficinas.com\/pt\/#\/schema\/logo\/image\/","url":"https:\/\/jornaldasoficinas.com\/pt\/wp-content\/uploads\/logoJO-SEO.png","contentUrl":"https:\/\/jornaldasoficinas.com\/pt\/wp-content\/uploads\/logoJO-SEO.png","width":285,"height":450,"caption":"Jornal das Oficinas"},"image":{"@id":"https:\/\/jornaldasoficinas.com\/pt\/#\/schema\/logo\/image\/"},"sameAs":["https:\/\/www.facebook.com\/jornaloficinas","https:\/\/x.com\/jornaloficinas","https:\/\/www.instagram.com\/jornal_oficinas\/","https:\/\/www.linkedin.com\/company\/jornal-das-oficinas\/","https:\/\/www.youtube.com\/channel\/UCbQZBqtcvV-oSQrr7RzINGg"]},{"@type":"Person","@id":"https:\/\/jornaldasoficinas.com\/pt\/#\/schema\/person\/a38eef5de2c41d9e7c9ac10141afddf3","name":"Reda\u00e7\u00e3o JO","image":{"@type":"ImageObject","inLanguage":"pt-PT","@id":"https:\/\/secure.gravatar.com\/avatar\/71f2fa71737ad68a84fea94bc708ddac8ea5b0c4788dc2ad202f3ccb2887742f?s=96&d=wp_user_avatar&r=g","url":"https:\/\/secure.gravatar.com\/avatar\/71f2fa71737ad68a84fea94bc708ddac8ea5b0c4788dc2ad202f3ccb2887742f?s=96&d=wp_user_avatar&r=g","contentUrl":"https:\/\/secure.gravatar.com\/avatar\/71f2fa71737ad68a84fea94bc708ddac8ea5b0c4788dc2ad202f3ccb2887742f?s=96&d=wp_user_avatar&r=g","caption":"Reda\u00e7\u00e3o JO"},"url":"https:\/\/jornaldasoficinas.com\/pt\/author\/joredacao\/"}]}},"_links":{"self":[{"href":"https:\/\/jornaldasoficinas.com\/pt\/wp-json\/wp\/v2\/posts\/67776","targetHints":{"allow":["GET"]}}],"collection":[{"href":"https:\/\/jornaldasoficinas.com\/pt\/wp-json\/wp\/v2\/posts"}],"about":[{"href":"https:\/\/jornaldasoficinas.com\/pt\/wp-json\/wp\/v2\/types\/post"}],"author":[{"embeddable":true,"href":"https:\/\/jornaldasoficinas.com\/pt\/wp-json\/wp\/v2\/users\/15"}],"replies":[{"embeddable":true,"href":"https:\/\/jornaldasoficinas.com\/pt\/wp-json\/wp\/v2\/comments?post=67776"}],"version-history":[{"count":0,"href":"https:\/\/jornaldasoficinas.com\/pt\/wp-json\/wp\/v2\/posts\/67776\/revisions"}],"wp:featuredmedia":[{"embeddable":true,"href":"https:\/\/jornaldasoficinas.com\/pt\/wp-json\/wp\/v2\/media\/67756"}],"wp:attachment":[{"href":"https:\/\/jornaldasoficinas.com\/pt\/wp-json\/wp\/v2\/media?parent=67776"}],"wp:term":[{"taxonomy":"category","embeddable":true,"href":"https:\/\/jornaldasoficinas.com\/pt\/wp-json\/wp\/v2\/categories?post=67776"},{"taxonomy":"post_tag","embeddable":true,"href":"https:\/\/jornaldasoficinas.com\/pt\/wp-json\/wp\/v2\/tags?post=67776"}],"curies":[{"name":"wp","href":"https:\/\/api.w.org\/{rel}","templated":true}]}}