{"id":67846,"date":"2023-06-13T12:30:39","date_gmt":"2023-06-13T11:30:39","guid":{"rendered":"https:\/\/jornaldasoficinas.com\/pt\/?p=67846"},"modified":"2023-06-13T09:06:26","modified_gmt":"2023-06-13T08:06:26","slug":"autocharge-by-powerdot-e-miio-chega-a-espanha-e-franca","status":"publish","type":"post","link":"https:\/\/jornaldasoficinas.com\/pt\/autocharge-by-powerdot-e-miio-chega-a-espanha-e-franca\/","title":{"rendered":"Autocharge by Powerdot e miio chega a Espanha e Fran\u00e7a"},"content":{"rendered":"<p><strong><img loading=\"lazy\" decoding=\"async\" class=\"alignnone size-full wp-image-67812\" src=\"https:\/\/jornaldasoficinas.com\/pt\/wp-content\/uploads\/2023\/06\/Autocharge-by-Powerdot-e-miio-chega-a-Espanha-e-Franca.png\" alt=\"06 - Autocharge by Powerdot e miio chega a Espanha e Franca\" width=\"1024\" height=\"581\" srcset=\"https:\/\/jornaldasoficinas.com\/pt\/wp-content\/uploads\/2023\/06\/Autocharge-by-Powerdot-e-miio-chega-a-Espanha-e-Franca.png 1024w, https:\/\/jornaldasoficinas.com\/pt\/wp-content\/uploads\/2023\/06\/Autocharge-by-Powerdot-e-miio-chega-a-Espanha-e-Franca-300x170.png 300w, https:\/\/jornaldasoficinas.com\/pt\/wp-content\/uploads\/2023\/06\/Autocharge-by-Powerdot-e-miio-chega-a-Espanha-e-Franca-150x85.png 150w, https:\/\/jornaldasoficinas.com\/pt\/wp-content\/uploads\/2023\/06\/Autocharge-by-Powerdot-e-miio-chega-a-Espanha-e-Franca-768x436.png 768w\" sizes=\"auto, (max-width: 1024px) 100vw, 1024px\" \/><\/strong><\/p>\n<p><strong>A <a href=\"https:\/\/www.powerdot.eu\/\" target=\"_blank\" rel=\"noopener\">Powerdot<\/a> e a <a href=\"https:\/\/www.miio.pt\/\" target=\"_blank\" rel=\"noopener\">miio<\/a>, anunciaram o lan\u00e7amento da funcionalidade A<em>utocharge\u00a0<\/em>em Espanha e Fran\u00e7a, permitindo que um ve\u00edculo el\u00e9trico comece a carregar automaticamente assim que \u00e9 ligado a uma esta\u00e7\u00e3o de carga compat\u00edvel, sem a necessidade de o condutor necessitar de iniciar o processo de carga manualmente a cada utiliza\u00e7\u00e3o<\/strong><\/p>\n<p>Para ativar o\u00a0<em>Autocharge<\/em>, os utilizadores devem descarregar a app miio, configurar o seu ve\u00edculo, e ap\u00f3s seguir as instru\u00e7\u00f5es na primeira carga, utiliz\u00e1-la ao carregar em todos os carregadores pertencentes \u00e0 Powerdot.<\/p>\n<p>O A<em>utocharge<\/em>\u00a0refere-se a uma funcionalidade que permite que um ve\u00edculo el\u00e9trico comece a carregar automaticamente assim que \u00e9 ligado a uma esta\u00e7\u00e3o de carga compat\u00edvel, sem necessidade de o condutor iniciar manualmente o processo de carga a cada nova utiliza\u00e7\u00e3o.<\/p>\n<p>O carregamento autom\u00e1tico pode ser utilizado para simplificar a experi\u00eancia num contexto de carregamento p\u00fablico de algumas formas diferentes:<\/p>\n<p><strong>&#8211; Elimina a necessidade de intera\u00e7\u00e3o do condutor:<\/strong>\u00a0Com o<em>\u00a0Autocharge<\/em>, o processo de carregamento come\u00e7a assim que o ve\u00edculo \u00e9 ligado, sem necessidade de o condutor interagir com o posto de carregamento, aplica\u00e7\u00e3o de smartphone, ou qualquer outro dispositivo. Isto pode ser particularmente \u00fatil em contextos de carregamento p\u00fablico em locais movimentados, onde os condutores possam ter de carregar os seus ve\u00edculos num curto espa\u00e7o de tempo.<\/p>\n<p><strong>&#8211; Otimiza o processo de pagamento:\u00a0<\/strong>Em alguns casos, o<em>\u00a0Autocharge\u00a0<\/em>pode tamb\u00e9m ser utilizado para cobrar automaticamente o m\u00e9todo de pagamento pr\u00e9-definido pelo condutor, sem que este necessite de introduzir manualmente as informa\u00e7\u00f5es de pagamento ou interagir com um sistema de pagamento separado.<\/p>\n<p><strong>\u00a0<\/strong><strong>&#8211; Melhora a disponibilidade e a efici\u00eancia<\/strong>: Ao simplificar o processo de carregamento e ao reduzir o tempo necess\u00e1rio para cada sess\u00e3o de carregamento, o Autocharge pode tamb\u00e9m ajudar a melhorar a disponibilidade e efici\u00eancia das esta\u00e7\u00f5es de carregamento p\u00fablicas. Isto pode ajudar a reduzir os tempos de espera e assegurar que mais condutores possam aceder aos postos de carregamento de que necessitam, o que pode ser particularmente importante em \u00e1reas com um elevado n\u00famero de ve\u00edculos el\u00e9tricos ou com infraestruturas de carregamento limitadas.<\/p>\n<p>Em geral, ao simplificar o processo de carregamento, otimizar o pagamento e melhorar a disponibilidade e efici\u00eancia, o\u00a0<em>Autocharge<\/em>\u00a0pode ajudar a tornar o carregamento p\u00fablico mais conveniente e de f\u00e1cil utiliza\u00e7\u00e3o para os condutores de ve\u00edculos el\u00e9tricos. A Powerdot e a miio t\u00eam vindo a inovar, ao longo dos \u00faltimos anos, no sentido de tornar o carregamento de um ve\u00edculo el\u00e9trico mais simples, pr\u00e1tico e conveniente em Portugal e n\u00e3o s\u00f3.<\/p>\n<p>\u201cO nosso objetivo com este lan\u00e7amento \u00e9 continuar a levar aos nossos clientes a melhor experi\u00eancia de utiliza\u00e7\u00e3o, complementando as suas atividades do dia a dia e transformando a forma como os utilizadores carregam os seus ve\u00edculos el\u00e9tricos em Espanha, Fran\u00e7a e, futuramente, em Portugal\u201d,\u00a0referiu\u00a0Lu\u00eds Santiago Pinto, CEO da Powerdot.<\/p>\n<p>\u201cO nosso esfor\u00e7o conjunto para introduzir o<em>\u00a0Autocharge\u00a0<\/em>proporcionar\u00e1 uma experi\u00eancia sem complica\u00e7\u00f5es para os condutores de ve\u00edculos el\u00e9tricos, tornando a mobilidade el\u00e9trica mais acess\u00edvel e conveniente em toda a Europa\u201d,\u00a0salientou Daniela Sim\u00f5es, CEO da miio.\u00a0\u201cComo parceiro de longa data, a Powerdot tem contribu\u00eddo excecionalmente para melhorar a simplicidade e inova\u00e7\u00e3o no mercado, acelerando a transi\u00e7\u00e3o para um futuro mais sustent\u00e1vel\u201d.<\/p>\n<p><em>Autocharge<\/em>\u00a0&#8211; uma forma mais simples de carregar um ve\u00edculo el\u00e9trico<\/p>\n","protected":false},"excerpt":{"rendered":"<p>A Powerdot e a miio, anunciaram&#8230;<\/p>\n","protected":false},"author":15,"featured_media":67812,"comment_status":"closed","ping_status":"closed","sticky":false,"template":"","format":"standard","meta":{"footnotes":""},"categories":[29],"tags":[5599,5601,4014,5600,2582,2952],"class_list":["post-67846","post","type-post","status-publish","format-standard","has-post-thumbnail","hentry","category-empresas","tag-autocharge","tag-carregar-automaticamente","tag-espanha","tag-franca","tag-miio","tag-powerdot"],"yoast_head":"<!-- This site is optimized with the Yoast SEO plugin v27.4 - https:\/\/yoast.com\/product\/yoast-seo-wordpress\/ -->\n<title>Autocharge by Powerdot e miio chega a Espanha e Fran\u00e7a - Jornal das Oficinas<\/title>\n<meta name=\"description\" content=\"A Powerdot e a miio, anunciaram a funcionalidade Autocharge\u00a0em Espanha e Fran\u00e7a, permitindo que o ve\u00edculo el\u00e9trico comece a carregar automaticamente\" \/>\n<meta name=\"robots\" content=\"index, follow, max-snippet:-1, max-image-preview:large, max-video-preview:-1\" \/>\n<link rel=\"canonical\" href=\"https:\/\/jornaldasoficinas.com\/pt\/autocharge-by-powerdot-e-miio-chega-a-espanha-e-franca\/\" \/>\n<meta property=\"og:locale\" content=\"pt_PT\" \/>\n<meta property=\"og:type\" content=\"article\" \/>\n<meta property=\"og:title\" content=\"Autocharge by Powerdot e miio chega a Espanha e Fran\u00e7a - Jornal das Oficinas\" \/>\n<meta property=\"og:description\" content=\"A Powerdot e a miio, anunciaram a funcionalidade Autocharge\u00a0em Espanha e Fran\u00e7a, permitindo que o ve\u00edculo el\u00e9trico comece a carregar automaticamente\" \/>\n<meta property=\"og:url\" content=\"https:\/\/jornaldasoficinas.com\/pt\/autocharge-by-powerdot-e-miio-chega-a-espanha-e-franca\/\" \/>\n<meta property=\"og:site_name\" content=\"Jornal das Oficinas\" \/>\n<meta property=\"article:publisher\" content=\"https:\/\/www.facebook.com\/jornaloficinas\" \/>\n<meta property=\"article:published_time\" content=\"2023-06-13T11:30:39+00:00\" \/>\n<meta property=\"og:image\" content=\"https:\/\/jornaldasoficinas.com\/pt\/wp-content\/uploads\/2023\/06\/Autocharge-by-Powerdot-e-miio-chega-a-Espanha-e-Franca.png\" \/>\n\t<meta property=\"og:image:width\" content=\"1024\" \/>\n\t<meta property=\"og:image:height\" content=\"581\" \/>\n\t<meta property=\"og:image:type\" content=\"image\/png\" \/>\n<meta name=\"author\" content=\"Reda\u00e7\u00e3o JO\" \/>\n<meta name=\"twitter:card\" content=\"summary_large_image\" \/>\n<meta name=\"twitter:creator\" content=\"@jornaloficinas\" \/>\n<meta name=\"twitter:site\" content=\"@jornaloficinas\" \/>\n<meta name=\"twitter:label1\" content=\"Escrito por\" \/>\n\t<meta name=\"twitter:data1\" content=\"Reda\u00e7\u00e3o JO\" \/>\n\t<meta name=\"twitter:label2\" content=\"Tempo estimado de leitura\" \/>\n\t<meta name=\"twitter:data2\" content=\"3 minutos\" \/>\n<script type=\"application\/ld+json\" class=\"yoast-schema-graph\">{\"@context\":\"https:\\\/\\\/schema.org\",\"@graph\":[{\"@type\":\"Article\",\"@id\":\"https:\\\/\\\/jornaldasoficinas.com\\\/pt\\\/autocharge-by-powerdot-e-miio-chega-a-espanha-e-franca\\\/#article\",\"isPartOf\":{\"@id\":\"https:\\\/\\\/jornaldasoficinas.com\\\/pt\\\/autocharge-by-powerdot-e-miio-chega-a-espanha-e-franca\\\/\"},\"author\":{\"name\":\"Reda\u00e7\u00e3o JO\",\"@id\":\"https:\\\/\\\/jornaldasoficinas.com\\\/pt\\\/#\\\/schema\\\/person\\\/a38eef5de2c41d9e7c9ac10141afddf3\"},\"headline\":\"Autocharge by Powerdot e miio chega a Espanha e Fran\u00e7a\",\"datePublished\":\"2023-06-13T11:30:39+00:00\",\"mainEntityOfPage\":{\"@id\":\"https:\\\/\\\/jornaldasoficinas.com\\\/pt\\\/autocharge-by-powerdot-e-miio-chega-a-espanha-e-franca\\\/\"},\"wordCount\":616,\"publisher\":{\"@id\":\"https:\\\/\\\/jornaldasoficinas.com\\\/pt\\\/#organization\"},\"image\":{\"@id\":\"https:\\\/\\\/jornaldasoficinas.com\\\/pt\\\/autocharge-by-powerdot-e-miio-chega-a-espanha-e-franca\\\/#primaryimage\"},\"thumbnailUrl\":\"https:\\\/\\\/jornaldasoficinas.com\\\/pt\\\/wp-content\\\/uploads\\\/2023\\\/06\\\/Autocharge-by-Powerdot-e-miio-chega-a-Espanha-e-Franca.png\",\"keywords\":[\"Autocharge\",\"carregar automaticamente\",\"Espanha\",\"Fran\u00e7a\",\"miio\",\"PowerDot\"],\"articleSection\":[\"Empresas\"],\"inLanguage\":\"pt-PT\"},{\"@type\":\"WebPage\",\"@id\":\"https:\\\/\\\/jornaldasoficinas.com\\\/pt\\\/autocharge-by-powerdot-e-miio-chega-a-espanha-e-franca\\\/\",\"url\":\"https:\\\/\\\/jornaldasoficinas.com\\\/pt\\\/autocharge-by-powerdot-e-miio-chega-a-espanha-e-franca\\\/\",\"name\":\"Autocharge by Powerdot e miio chega a Espanha e Fran\u00e7a - Jornal das Oficinas\",\"isPartOf\":{\"@id\":\"https:\\\/\\\/jornaldasoficinas.com\\\/pt\\\/#website\"},\"primaryImageOfPage\":{\"@id\":\"https:\\\/\\\/jornaldasoficinas.com\\\/pt\\\/autocharge-by-powerdot-e-miio-chega-a-espanha-e-franca\\\/#primaryimage\"},\"image\":{\"@id\":\"https:\\\/\\\/jornaldasoficinas.com\\\/pt\\\/autocharge-by-powerdot-e-miio-chega-a-espanha-e-franca\\\/#primaryimage\"},\"thumbnailUrl\":\"https:\\\/\\\/jornaldasoficinas.com\\\/pt\\\/wp-content\\\/uploads\\\/2023\\\/06\\\/Autocharge-by-Powerdot-e-miio-chega-a-Espanha-e-Franca.png\",\"datePublished\":\"2023-06-13T11:30:39+00:00\",\"description\":\"A Powerdot e a miio, anunciaram a funcionalidade Autocharge\u00a0em Espanha e Fran\u00e7a, permitindo que o ve\u00edculo el\u00e9trico comece a carregar automaticamente\",\"breadcrumb\":{\"@id\":\"https:\\\/\\\/jornaldasoficinas.com\\\/pt\\\/autocharge-by-powerdot-e-miio-chega-a-espanha-e-franca\\\/#breadcrumb\"},\"inLanguage\":\"pt-PT\",\"potentialAction\":[{\"@type\":\"ReadAction\",\"target\":[\"https:\\\/\\\/jornaldasoficinas.com\\\/pt\\\/autocharge-by-powerdot-e-miio-chega-a-espanha-e-franca\\\/\"]}]},{\"@type\":\"ImageObject\",\"inLanguage\":\"pt-PT\",\"@id\":\"https:\\\/\\\/jornaldasoficinas.com\\\/pt\\\/autocharge-by-powerdot-e-miio-chega-a-espanha-e-franca\\\/#primaryimage\",\"url\":\"https:\\\/\\\/jornaldasoficinas.com\\\/pt\\\/wp-content\\\/uploads\\\/2023\\\/06\\\/Autocharge-by-Powerdot-e-miio-chega-a-Espanha-e-Franca.png\",\"contentUrl\":\"https:\\\/\\\/jornaldasoficinas.com\\\/pt\\\/wp-content\\\/uploads\\\/2023\\\/06\\\/Autocharge-by-Powerdot-e-miio-chega-a-Espanha-e-Franca.png\",\"width\":1024,\"height\":581,\"caption\":\"06 - Autocharge by Powerdot e miio chega a Espanha e Franca\"},{\"@type\":\"BreadcrumbList\",\"@id\":\"https:\\\/\\\/jornaldasoficinas.com\\\/pt\\\/autocharge-by-powerdot-e-miio-chega-a-espanha-e-franca\\\/#breadcrumb\",\"itemListElement\":[{\"@type\":\"ListItem\",\"position\":1,\"name\":\"In\u00edcio\",\"item\":\"https:\\\/\\\/jornaldasoficinas.com\\\/pt\\\/\"},{\"@type\":\"ListItem\",\"position\":2,\"name\":\"Autocharge by Powerdot e miio chega a Espanha e Fran\u00e7a\"}]},{\"@type\":\"WebSite\",\"@id\":\"https:\\\/\\\/jornaldasoficinas.com\\\/pt\\\/#website\",\"url\":\"https:\\\/\\\/jornaldasoficinas.com\\\/pt\\\/\",\"name\":\"Jornal das Oficinas\",\"description\":\"Jornal independente do Aftermarket Autom\u00f3vel em Portugal\",\"publisher\":{\"@id\":\"https:\\\/\\\/jornaldasoficinas.com\\\/pt\\\/#organization\"},\"potentialAction\":[{\"@type\":\"SearchAction\",\"target\":{\"@type\":\"EntryPoint\",\"urlTemplate\":\"https:\\\/\\\/jornaldasoficinas.com\\\/pt\\\/?s={search_term_string}\"},\"query-input\":{\"@type\":\"PropertyValueSpecification\",\"valueRequired\":true,\"valueName\":\"search_term_string\"}}],\"inLanguage\":\"pt-PT\"},{\"@type\":\"Organization\",\"@id\":\"https:\\\/\\\/jornaldasoficinas.com\\\/pt\\\/#organization\",\"name\":\"Jornal das Oficinas\",\"url\":\"https:\\\/\\\/jornaldasoficinas.com\\\/pt\\\/\",\"logo\":{\"@type\":\"ImageObject\",\"inLanguage\":\"pt-PT\",\"@id\":\"https:\\\/\\\/jornaldasoficinas.com\\\/pt\\\/#\\\/schema\\\/logo\\\/image\\\/\",\"url\":\"https:\\\/\\\/jornaldasoficinas.com\\\/pt\\\/wp-content\\\/uploads\\\/logoJO-SEO.png\",\"contentUrl\":\"https:\\\/\\\/jornaldasoficinas.com\\\/pt\\\/wp-content\\\/uploads\\\/logoJO-SEO.png\",\"width\":285,\"height\":450,\"caption\":\"Jornal das Oficinas\"},\"image\":{\"@id\":\"https:\\\/\\\/jornaldasoficinas.com\\\/pt\\\/#\\\/schema\\\/logo\\\/image\\\/\"},\"sameAs\":[\"https:\\\/\\\/www.facebook.com\\\/jornaloficinas\",\"https:\\\/\\\/x.com\\\/jornaloficinas\",\"https:\\\/\\\/www.instagram.com\\\/jornal_oficinas\\\/\",\"https:\\\/\\\/www.linkedin.com\\\/company\\\/jornal-das-oficinas\\\/\",\"https:\\\/\\\/www.youtube.com\\\/channel\\\/UCbQZBqtcvV-oSQrr7RzINGg\"]},{\"@type\":\"Person\",\"@id\":\"https:\\\/\\\/jornaldasoficinas.com\\\/pt\\\/#\\\/schema\\\/person\\\/a38eef5de2c41d9e7c9ac10141afddf3\",\"name\":\"Reda\u00e7\u00e3o JO\",\"image\":{\"@type\":\"ImageObject\",\"inLanguage\":\"pt-PT\",\"@id\":\"https:\\\/\\\/secure.gravatar.com\\\/avatar\\\/71f2fa71737ad68a84fea94bc708ddac8ea5b0c4788dc2ad202f3ccb2887742f?s=96&d=wp_user_avatar&r=g\",\"url\":\"https:\\\/\\\/secure.gravatar.com\\\/avatar\\\/71f2fa71737ad68a84fea94bc708ddac8ea5b0c4788dc2ad202f3ccb2887742f?s=96&d=wp_user_avatar&r=g\",\"contentUrl\":\"https:\\\/\\\/secure.gravatar.com\\\/avatar\\\/71f2fa71737ad68a84fea94bc708ddac8ea5b0c4788dc2ad202f3ccb2887742f?s=96&d=wp_user_avatar&r=g\",\"caption\":\"Reda\u00e7\u00e3o JO\"},\"url\":\"https:\\\/\\\/jornaldasoficinas.com\\\/pt\\\/author\\\/joredacao\\\/\"}]}<\/script>\n<!-- \/ Yoast SEO plugin. -->","yoast_head_json":{"title":"Autocharge by Powerdot e miio chega a Espanha e Fran\u00e7a - Jornal das Oficinas","description":"A Powerdot e a miio, anunciaram a funcionalidade Autocharge\u00a0em Espanha e Fran\u00e7a, permitindo que o ve\u00edculo el\u00e9trico comece a carregar automaticamente","robots":{"index":"index","follow":"follow","max-snippet":"max-snippet:-1","max-image-preview":"max-image-preview:large","max-video-preview":"max-video-preview:-1"},"canonical":"https:\/\/jornaldasoficinas.com\/pt\/autocharge-by-powerdot-e-miio-chega-a-espanha-e-franca\/","og_locale":"pt_PT","og_type":"article","og_title":"Autocharge by Powerdot e miio chega a Espanha e Fran\u00e7a - Jornal das Oficinas","og_description":"A Powerdot e a miio, anunciaram a funcionalidade Autocharge\u00a0em Espanha e Fran\u00e7a, permitindo que o ve\u00edculo el\u00e9trico comece a carregar automaticamente","og_url":"https:\/\/jornaldasoficinas.com\/pt\/autocharge-by-powerdot-e-miio-chega-a-espanha-e-franca\/","og_site_name":"Jornal das Oficinas","article_publisher":"https:\/\/www.facebook.com\/jornaloficinas","article_published_time":"2023-06-13T11:30:39+00:00","og_image":[{"width":1024,"height":581,"url":"https:\/\/jornaldasoficinas.com\/pt\/wp-content\/uploads\/2023\/06\/Autocharge-by-Powerdot-e-miio-chega-a-Espanha-e-Franca.png","type":"image\/png"}],"author":"Reda\u00e7\u00e3o JO","twitter_card":"summary_large_image","twitter_creator":"@jornaloficinas","twitter_site":"@jornaloficinas","twitter_misc":{"Escrito por":"Reda\u00e7\u00e3o JO","Tempo estimado de leitura":"3 minutos"},"schema":{"@context":"https:\/\/schema.org","@graph":[{"@type":"Article","@id":"https:\/\/jornaldasoficinas.com\/pt\/autocharge-by-powerdot-e-miio-chega-a-espanha-e-franca\/#article","isPartOf":{"@id":"https:\/\/jornaldasoficinas.com\/pt\/autocharge-by-powerdot-e-miio-chega-a-espanha-e-franca\/"},"author":{"name":"Reda\u00e7\u00e3o JO","@id":"https:\/\/jornaldasoficinas.com\/pt\/#\/schema\/person\/a38eef5de2c41d9e7c9ac10141afddf3"},"headline":"Autocharge by Powerdot e miio chega a Espanha e Fran\u00e7a","datePublished":"2023-06-13T11:30:39+00:00","mainEntityOfPage":{"@id":"https:\/\/jornaldasoficinas.com\/pt\/autocharge-by-powerdot-e-miio-chega-a-espanha-e-franca\/"},"wordCount":616,"publisher":{"@id":"https:\/\/jornaldasoficinas.com\/pt\/#organization"},"image":{"@id":"https:\/\/jornaldasoficinas.com\/pt\/autocharge-by-powerdot-e-miio-chega-a-espanha-e-franca\/#primaryimage"},"thumbnailUrl":"https:\/\/jornaldasoficinas.com\/pt\/wp-content\/uploads\/2023\/06\/Autocharge-by-Powerdot-e-miio-chega-a-Espanha-e-Franca.png","keywords":["Autocharge","carregar automaticamente","Espanha","Fran\u00e7a","miio","PowerDot"],"articleSection":["Empresas"],"inLanguage":"pt-PT"},{"@type":"WebPage","@id":"https:\/\/jornaldasoficinas.com\/pt\/autocharge-by-powerdot-e-miio-chega-a-espanha-e-franca\/","url":"https:\/\/jornaldasoficinas.com\/pt\/autocharge-by-powerdot-e-miio-chega-a-espanha-e-franca\/","name":"Autocharge by Powerdot e miio chega a Espanha e Fran\u00e7a - Jornal das Oficinas","isPartOf":{"@id":"https:\/\/jornaldasoficinas.com\/pt\/#website"},"primaryImageOfPage":{"@id":"https:\/\/jornaldasoficinas.com\/pt\/autocharge-by-powerdot-e-miio-chega-a-espanha-e-franca\/#primaryimage"},"image":{"@id":"https:\/\/jornaldasoficinas.com\/pt\/autocharge-by-powerdot-e-miio-chega-a-espanha-e-franca\/#primaryimage"},"thumbnailUrl":"https:\/\/jornaldasoficinas.com\/pt\/wp-content\/uploads\/2023\/06\/Autocharge-by-Powerdot-e-miio-chega-a-Espanha-e-Franca.png","datePublished":"2023-06-13T11:30:39+00:00","description":"A Powerdot e a miio, anunciaram a funcionalidade Autocharge\u00a0em Espanha e Fran\u00e7a, permitindo que o ve\u00edculo el\u00e9trico comece a carregar automaticamente","breadcrumb":{"@id":"https:\/\/jornaldasoficinas.com\/pt\/autocharge-by-powerdot-e-miio-chega-a-espanha-e-franca\/#breadcrumb"},"inLanguage":"pt-PT","potentialAction":[{"@type":"ReadAction","target":["https:\/\/jornaldasoficinas.com\/pt\/autocharge-by-powerdot-e-miio-chega-a-espanha-e-franca\/"]}]},{"@type":"ImageObject","inLanguage":"pt-PT","@id":"https:\/\/jornaldasoficinas.com\/pt\/autocharge-by-powerdot-e-miio-chega-a-espanha-e-franca\/#primaryimage","url":"https:\/\/jornaldasoficinas.com\/pt\/wp-content\/uploads\/2023\/06\/Autocharge-by-Powerdot-e-miio-chega-a-Espanha-e-Franca.png","contentUrl":"https:\/\/jornaldasoficinas.com\/pt\/wp-content\/uploads\/2023\/06\/Autocharge-by-Powerdot-e-miio-chega-a-Espanha-e-Franca.png","width":1024,"height":581,"caption":"06 - Autocharge by Powerdot e miio chega a Espanha e Franca"},{"@type":"BreadcrumbList","@id":"https:\/\/jornaldasoficinas.com\/pt\/autocharge-by-powerdot-e-miio-chega-a-espanha-e-franca\/#breadcrumb","itemListElement":[{"@type":"ListItem","position":1,"name":"In\u00edcio","item":"https:\/\/jornaldasoficinas.com\/pt\/"},{"@type":"ListItem","position":2,"name":"Autocharge by Powerdot e miio chega a Espanha e Fran\u00e7a"}]},{"@type":"WebSite","@id":"https:\/\/jornaldasoficinas.com\/pt\/#website","url":"https:\/\/jornaldasoficinas.com\/pt\/","name":"Jornal das Oficinas","description":"Jornal independente do Aftermarket Autom\u00f3vel em Portugal","publisher":{"@id":"https:\/\/jornaldasoficinas.com\/pt\/#organization"},"potentialAction":[{"@type":"SearchAction","target":{"@type":"EntryPoint","urlTemplate":"https:\/\/jornaldasoficinas.com\/pt\/?s={search_term_string}"},"query-input":{"@type":"PropertyValueSpecification","valueRequired":true,"valueName":"search_term_string"}}],"inLanguage":"pt-PT"},{"@type":"Organization","@id":"https:\/\/jornaldasoficinas.com\/pt\/#organization","name":"Jornal das Oficinas","url":"https:\/\/jornaldasoficinas.com\/pt\/","logo":{"@type":"ImageObject","inLanguage":"pt-PT","@id":"https:\/\/jornaldasoficinas.com\/pt\/#\/schema\/logo\/image\/","url":"https:\/\/jornaldasoficinas.com\/pt\/wp-content\/uploads\/logoJO-SEO.png","contentUrl":"https:\/\/jornaldasoficinas.com\/pt\/wp-content\/uploads\/logoJO-SEO.png","width":285,"height":450,"caption":"Jornal das Oficinas"},"image":{"@id":"https:\/\/jornaldasoficinas.com\/pt\/#\/schema\/logo\/image\/"},"sameAs":["https:\/\/www.facebook.com\/jornaloficinas","https:\/\/x.com\/jornaloficinas","https:\/\/www.instagram.com\/jornal_oficinas\/","https:\/\/www.linkedin.com\/company\/jornal-das-oficinas\/","https:\/\/www.youtube.com\/channel\/UCbQZBqtcvV-oSQrr7RzINGg"]},{"@type":"Person","@id":"https:\/\/jornaldasoficinas.com\/pt\/#\/schema\/person\/a38eef5de2c41d9e7c9ac10141afddf3","name":"Reda\u00e7\u00e3o JO","image":{"@type":"ImageObject","inLanguage":"pt-PT","@id":"https:\/\/secure.gravatar.com\/avatar\/71f2fa71737ad68a84fea94bc708ddac8ea5b0c4788dc2ad202f3ccb2887742f?s=96&d=wp_user_avatar&r=g","url":"https:\/\/secure.gravatar.com\/avatar\/71f2fa71737ad68a84fea94bc708ddac8ea5b0c4788dc2ad202f3ccb2887742f?s=96&d=wp_user_avatar&r=g","contentUrl":"https:\/\/secure.gravatar.com\/avatar\/71f2fa71737ad68a84fea94bc708ddac8ea5b0c4788dc2ad202f3ccb2887742f?s=96&d=wp_user_avatar&r=g","caption":"Reda\u00e7\u00e3o JO"},"url":"https:\/\/jornaldasoficinas.com\/pt\/author\/joredacao\/"}]}},"_links":{"self":[{"href":"https:\/\/jornaldasoficinas.com\/pt\/wp-json\/wp\/v2\/posts\/67846","targetHints":{"allow":["GET"]}}],"collection":[{"href":"https:\/\/jornaldasoficinas.com\/pt\/wp-json\/wp\/v2\/posts"}],"about":[{"href":"https:\/\/jornaldasoficinas.com\/pt\/wp-json\/wp\/v2\/types\/post"}],"author":[{"embeddable":true,"href":"https:\/\/jornaldasoficinas.com\/pt\/wp-json\/wp\/v2\/users\/15"}],"replies":[{"embeddable":true,"href":"https:\/\/jornaldasoficinas.com\/pt\/wp-json\/wp\/v2\/comments?post=67846"}],"version-history":[{"count":0,"href":"https:\/\/jornaldasoficinas.com\/pt\/wp-json\/wp\/v2\/posts\/67846\/revisions"}],"wp:featuredmedia":[{"embeddable":true,"href":"https:\/\/jornaldasoficinas.com\/pt\/wp-json\/wp\/v2\/media\/67812"}],"wp:attachment":[{"href":"https:\/\/jornaldasoficinas.com\/pt\/wp-json\/wp\/v2\/media?parent=67846"}],"wp:term":[{"taxonomy":"category","embeddable":true,"href":"https:\/\/jornaldasoficinas.com\/pt\/wp-json\/wp\/v2\/categories?post=67846"},{"taxonomy":"post_tag","embeddable":true,"href":"https:\/\/jornaldasoficinas.com\/pt\/wp-json\/wp\/v2\/tags?post=67846"}],"curies":[{"name":"wp","href":"https:\/\/api.w.org\/{rel}","templated":true}]}}