{"id":67937,"date":"2023-06-15T12:30:24","date_gmt":"2023-06-15T11:30:24","guid":{"rendered":"https:\/\/jornaldasoficinas.com\/pt\/?p=67937"},"modified":"2023-06-15T09:57:59","modified_gmt":"2023-06-15T08:57:59","slug":"modelos-citroen-e-peugeot-apresentam-anomalia-no-sistema-adblue","status":"publish","type":"post","link":"https:\/\/jornaldasoficinas.com\/pt\/modelos-citroen-e-peugeot-apresentam-anomalia-no-sistema-adblue\/","title":{"rendered":"Modelos Citro\u00ebn e Peugeot apresentam anomalia no sistema AdBlue"},"content":{"rendered":"<p><img loading=\"lazy\" decoding=\"async\" class=\"alignnone size-full wp-image-67891\" src=\"https:\/\/jornaldasoficinas.com\/pt\/wp-content\/uploads\/2023\/06\/Modelos-Citroen-e-Peugeot-apresentam-anomalia-no-sistema-AdBlue.jpg\" alt=\"06 - Modelos Citroen e Peugeot apresentam anomalia no sistema AdBlue\" width=\"1024\" height=\"581\" srcset=\"https:\/\/jornaldasoficinas.com\/pt\/wp-content\/uploads\/2023\/06\/Modelos-Citroen-e-Peugeot-apresentam-anomalia-no-sistema-AdBlue.jpg 1024w, https:\/\/jornaldasoficinas.com\/pt\/wp-content\/uploads\/2023\/06\/Modelos-Citroen-e-Peugeot-apresentam-anomalia-no-sistema-AdBlue-300x170.jpg 300w, https:\/\/jornaldasoficinas.com\/pt\/wp-content\/uploads\/2023\/06\/Modelos-Citroen-e-Peugeot-apresentam-anomalia-no-sistema-AdBlue-150x85.jpg 150w, https:\/\/jornaldasoficinas.com\/pt\/wp-content\/uploads\/2023\/06\/Modelos-Citroen-e-Peugeot-apresentam-anomalia-no-sistema-AdBlue-768x436.jpg 768w\" sizes=\"auto, (max-width: 1024px) 100vw, 1024px\" \/><\/p>\n<p><strong>V\u00e1rios modelos da Citro\u00ebn e da Peugeot apresentam uma anomalia no sistema antipolui\u00e7\u00e3o AdBlue. O caso n\u00e3o \u00e9 novo e os propriet\u00e1rios continuam a ser obrigados a pagar por um defeito que \u00e9 da responsabilidade dos fabricantes<\/strong><\/p>\n<p>A DECO PROTESTE tem recebido in\u00fameras den\u00fancias de anomalias no sistema AdBlue em v\u00e1rios ve\u00edculos da Citro\u00ebn e da Peugeot \u2013 um aditivo injetado no sistema de escape em carros com motor a diesel, que reduz as emiss\u00f5es de \u00f3xido de nitrog\u00e9nio.<\/p>\n<p>A descri\u00e7\u00e3o dos consumidores relata uma falha no motor indicada no computador de bordo, alertando o condutor para a necessidade de corrigir o problema, sob o risco de o carro deixar de funcionar. A solu\u00e7\u00e3o passa por substituir o dep\u00f3sito de AdBlue, uma opera\u00e7\u00e3o que custa entre 800\u20ac e 1200\u20ac e que pode levar semanas a resolver, caso n\u00e3o existam pe\u00e7as sobressalentes dispon\u00edveis, ou se n\u00e3o houver disponibilidade da oficina.<\/p>\n<p>Por\u00e9m, se este \u00e9 um defeito de fabrico reconhecido pelas duas marcas, a maior organiza\u00e7\u00e3o portuguesa de defesa dos consumidores, defende que deveriam ser as pr\u00f3prias a assumirem os custos de repara\u00e7\u00e3o dos ve\u00edculos.<\/p>\n<p>Por isso, atrav\u00e9s do grupo Euroconsumers, a DECO PROTESTE e as suas cong\u00e9neres (Altroconsumo, OCU e Test-Achats) enviaram uma carta \u00e0 Citr\u00f6en e ao Grupo PSA, a \u201cexigir uma compensa\u00e7\u00e3o pelo custo das repara\u00e7\u00f5es e pelos inconvenientes causados\u201d aos consumidores, com \u201ca garantia de que todos os autom\u00f3veis afetados sejam reparados gratuitamente\u201d.<\/p>\n<p>Estes s\u00e3o os modelos j\u00e1 identificados:<\/p>\n<p>Citro\u00ebn C3 | Citro\u00ebn C3 Aircross | Citro\u00ebn C4 Cactus | Citro\u00ebn C4 Aircross | Citro\u00ebn C4 Picasso | Peugeot 208 | Peugeot 2008 | Peugeot 308 | Peugeot 3008 | Peugeot 508 | Peugeot 5008.<\/p>\n<p>A DECO PROTESTE sabe que o problema n\u00e3o \u00e9 exclusivo destas duas marcas e, por isso, pede a todos os consumidores e propriet\u00e1rios destas viaturas e de ve\u00edculos de outros fabricantes, que denunciem todos os casos verificados com o mesmo problema no dep\u00f3sito AdBlue, atrav\u00e9s do seguinte link: <a href=\"http:\/\/www.deco.proteste.pt\/adblue\" target=\"_blank\" rel=\"noopener\">www.deco.proteste.pt\/adblue<\/a><\/p>\n<p>A DECO PROTESTE compromete-se, assim, a avaliar todas as den\u00fancias recebidas e, caso se justifique, ser\u00e3o feitas as devidas dilig\u00eancias \u00e0s autoridades, em prol da defesa do consumidor.<\/p>\n","protected":false},"excerpt":{"rendered":"<p>V\u00e1rios modelos da Citro\u00ebn e da&#8230;<\/p>\n","protected":false},"author":15,"featured_media":67891,"comment_status":"closed","ping_status":"closed","sticky":false,"template":"","format":"standard","meta":{"footnotes":""},"categories":[120],"tags":[3110,5613,377,2647,453,5612],"class_list":["post-67937","post","type-post","status-publish","format-standard","has-post-thumbnail","hentry","category-tecnica","tag-adblue","tag-anomalia","tag-citroen","tag-deco","tag-peugeot","tag-proteste"],"yoast_head":"<!-- This site is optimized with the Yoast SEO plugin v27.4 - https:\/\/yoast.com\/product\/yoast-seo-wordpress\/ -->\n<title>Modelos Citro\u00ebn e Peugeot apresentam anomalia no sistema AdBlue - Jornal das Oficinas<\/title>\n<meta name=\"description\" content=\"V\u00e1rios modelos da Citro\u00ebn e da Peugeot apresentam uma anomalia no sistema antipolui\u00e7\u00e3o AdBlue\" \/>\n<meta name=\"robots\" content=\"index, follow, max-snippet:-1, max-image-preview:large, max-video-preview:-1\" \/>\n<link rel=\"canonical\" href=\"https:\/\/jornaldasoficinas.com\/pt\/modelos-citroen-e-peugeot-apresentam-anomalia-no-sistema-adblue\/\" \/>\n<meta property=\"og:locale\" content=\"pt_PT\" \/>\n<meta property=\"og:type\" content=\"article\" \/>\n<meta property=\"og:title\" content=\"Modelos Citro\u00ebn e Peugeot apresentam anomalia no sistema AdBlue - Jornal das Oficinas\" \/>\n<meta property=\"og:description\" content=\"V\u00e1rios modelos da Citro\u00ebn e da Peugeot apresentam uma anomalia no sistema antipolui\u00e7\u00e3o AdBlue\" \/>\n<meta property=\"og:url\" content=\"https:\/\/jornaldasoficinas.com\/pt\/modelos-citroen-e-peugeot-apresentam-anomalia-no-sistema-adblue\/\" \/>\n<meta property=\"og:site_name\" content=\"Jornal das Oficinas\" \/>\n<meta property=\"article:publisher\" content=\"https:\/\/www.facebook.com\/jornaloficinas\" \/>\n<meta property=\"article:published_time\" content=\"2023-06-15T11:30:24+00:00\" \/>\n<meta property=\"og:image\" content=\"https:\/\/jornaldasoficinas.com\/pt\/wp-content\/uploads\/2023\/06\/Modelos-Citroen-e-Peugeot-apresentam-anomalia-no-sistema-AdBlue.jpg\" \/>\n\t<meta property=\"og:image:width\" content=\"1024\" \/>\n\t<meta property=\"og:image:height\" content=\"581\" \/>\n\t<meta property=\"og:image:type\" content=\"image\/jpeg\" \/>\n<meta name=\"author\" content=\"Reda\u00e7\u00e3o JO\" \/>\n<meta name=\"twitter:card\" content=\"summary_large_image\" \/>\n<meta name=\"twitter:creator\" content=\"@jornaloficinas\" \/>\n<meta name=\"twitter:site\" content=\"@jornaloficinas\" \/>\n<meta name=\"twitter:label1\" content=\"Escrito por\" \/>\n\t<meta name=\"twitter:data1\" content=\"Reda\u00e7\u00e3o JO\" \/>\n\t<meta name=\"twitter:label2\" content=\"Tempo estimado de leitura\" \/>\n\t<meta name=\"twitter:data2\" content=\"2 minutos\" \/>\n<script type=\"application\/ld+json\" class=\"yoast-schema-graph\">{\"@context\":\"https:\\\/\\\/schema.org\",\"@graph\":[{\"@type\":\"Article\",\"@id\":\"https:\\\/\\\/jornaldasoficinas.com\\\/pt\\\/modelos-citroen-e-peugeot-apresentam-anomalia-no-sistema-adblue\\\/#article\",\"isPartOf\":{\"@id\":\"https:\\\/\\\/jornaldasoficinas.com\\\/pt\\\/modelos-citroen-e-peugeot-apresentam-anomalia-no-sistema-adblue\\\/\"},\"author\":{\"name\":\"Reda\u00e7\u00e3o JO\",\"@id\":\"https:\\\/\\\/jornaldasoficinas.com\\\/pt\\\/#\\\/schema\\\/person\\\/a38eef5de2c41d9e7c9ac10141afddf3\"},\"headline\":\"Modelos Citro\u00ebn e Peugeot apresentam anomalia no sistema AdBlue\",\"datePublished\":\"2023-06-15T11:30:24+00:00\",\"mainEntityOfPage\":{\"@id\":\"https:\\\/\\\/jornaldasoficinas.com\\\/pt\\\/modelos-citroen-e-peugeot-apresentam-anomalia-no-sistema-adblue\\\/\"},\"wordCount\":389,\"publisher\":{\"@id\":\"https:\\\/\\\/jornaldasoficinas.com\\\/pt\\\/#organization\"},\"image\":{\"@id\":\"https:\\\/\\\/jornaldasoficinas.com\\\/pt\\\/modelos-citroen-e-peugeot-apresentam-anomalia-no-sistema-adblue\\\/#primaryimage\"},\"thumbnailUrl\":\"https:\\\/\\\/jornaldasoficinas.com\\\/pt\\\/wp-content\\\/uploads\\\/2023\\\/06\\\/Modelos-Citroen-e-Peugeot-apresentam-anomalia-no-sistema-AdBlue.jpg\",\"keywords\":[\"AdBlue\",\"Anomalia\",\"Citro\u00ebn\",\"DECO\",\"Peugeot\",\"PROTESTE\"],\"articleSection\":[\"T\u00e9cnica\"],\"inLanguage\":\"pt-PT\"},{\"@type\":\"WebPage\",\"@id\":\"https:\\\/\\\/jornaldasoficinas.com\\\/pt\\\/modelos-citroen-e-peugeot-apresentam-anomalia-no-sistema-adblue\\\/\",\"url\":\"https:\\\/\\\/jornaldasoficinas.com\\\/pt\\\/modelos-citroen-e-peugeot-apresentam-anomalia-no-sistema-adblue\\\/\",\"name\":\"Modelos Citro\u00ebn e Peugeot apresentam anomalia no sistema AdBlue - Jornal das Oficinas\",\"isPartOf\":{\"@id\":\"https:\\\/\\\/jornaldasoficinas.com\\\/pt\\\/#website\"},\"primaryImageOfPage\":{\"@id\":\"https:\\\/\\\/jornaldasoficinas.com\\\/pt\\\/modelos-citroen-e-peugeot-apresentam-anomalia-no-sistema-adblue\\\/#primaryimage\"},\"image\":{\"@id\":\"https:\\\/\\\/jornaldasoficinas.com\\\/pt\\\/modelos-citroen-e-peugeot-apresentam-anomalia-no-sistema-adblue\\\/#primaryimage\"},\"thumbnailUrl\":\"https:\\\/\\\/jornaldasoficinas.com\\\/pt\\\/wp-content\\\/uploads\\\/2023\\\/06\\\/Modelos-Citroen-e-Peugeot-apresentam-anomalia-no-sistema-AdBlue.jpg\",\"datePublished\":\"2023-06-15T11:30:24+00:00\",\"description\":\"V\u00e1rios modelos da Citro\u00ebn e da Peugeot apresentam uma anomalia no sistema antipolui\u00e7\u00e3o AdBlue\",\"breadcrumb\":{\"@id\":\"https:\\\/\\\/jornaldasoficinas.com\\\/pt\\\/modelos-citroen-e-peugeot-apresentam-anomalia-no-sistema-adblue\\\/#breadcrumb\"},\"inLanguage\":\"pt-PT\",\"potentialAction\":[{\"@type\":\"ReadAction\",\"target\":[\"https:\\\/\\\/jornaldasoficinas.com\\\/pt\\\/modelos-citroen-e-peugeot-apresentam-anomalia-no-sistema-adblue\\\/\"]}]},{\"@type\":\"ImageObject\",\"inLanguage\":\"pt-PT\",\"@id\":\"https:\\\/\\\/jornaldasoficinas.com\\\/pt\\\/modelos-citroen-e-peugeot-apresentam-anomalia-no-sistema-adblue\\\/#primaryimage\",\"url\":\"https:\\\/\\\/jornaldasoficinas.com\\\/pt\\\/wp-content\\\/uploads\\\/2023\\\/06\\\/Modelos-Citroen-e-Peugeot-apresentam-anomalia-no-sistema-AdBlue.jpg\",\"contentUrl\":\"https:\\\/\\\/jornaldasoficinas.com\\\/pt\\\/wp-content\\\/uploads\\\/2023\\\/06\\\/Modelos-Citroen-e-Peugeot-apresentam-anomalia-no-sistema-AdBlue.jpg\",\"width\":1024,\"height\":581,\"caption\":\"06 - Modelos Citroen e Peugeot apresentam anomalia no sistema AdBlue\"},{\"@type\":\"BreadcrumbList\",\"@id\":\"https:\\\/\\\/jornaldasoficinas.com\\\/pt\\\/modelos-citroen-e-peugeot-apresentam-anomalia-no-sistema-adblue\\\/#breadcrumb\",\"itemListElement\":[{\"@type\":\"ListItem\",\"position\":1,\"name\":\"In\u00edcio\",\"item\":\"https:\\\/\\\/jornaldasoficinas.com\\\/pt\\\/\"},{\"@type\":\"ListItem\",\"position\":2,\"name\":\"Modelos Citro\u00ebn e Peugeot apresentam anomalia no sistema AdBlue\"}]},{\"@type\":\"WebSite\",\"@id\":\"https:\\\/\\\/jornaldasoficinas.com\\\/pt\\\/#website\",\"url\":\"https:\\\/\\\/jornaldasoficinas.com\\\/pt\\\/\",\"name\":\"Jornal das Oficinas\",\"description\":\"Jornal independente do Aftermarket Autom\u00f3vel em Portugal\",\"publisher\":{\"@id\":\"https:\\\/\\\/jornaldasoficinas.com\\\/pt\\\/#organization\"},\"potentialAction\":[{\"@type\":\"SearchAction\",\"target\":{\"@type\":\"EntryPoint\",\"urlTemplate\":\"https:\\\/\\\/jornaldasoficinas.com\\\/pt\\\/?s={search_term_string}\"},\"query-input\":{\"@type\":\"PropertyValueSpecification\",\"valueRequired\":true,\"valueName\":\"search_term_string\"}}],\"inLanguage\":\"pt-PT\"},{\"@type\":\"Organization\",\"@id\":\"https:\\\/\\\/jornaldasoficinas.com\\\/pt\\\/#organization\",\"name\":\"Jornal das Oficinas\",\"url\":\"https:\\\/\\\/jornaldasoficinas.com\\\/pt\\\/\",\"logo\":{\"@type\":\"ImageObject\",\"inLanguage\":\"pt-PT\",\"@id\":\"https:\\\/\\\/jornaldasoficinas.com\\\/pt\\\/#\\\/schema\\\/logo\\\/image\\\/\",\"url\":\"https:\\\/\\\/jornaldasoficinas.com\\\/pt\\\/wp-content\\\/uploads\\\/logoJO-SEO.png\",\"contentUrl\":\"https:\\\/\\\/jornaldasoficinas.com\\\/pt\\\/wp-content\\\/uploads\\\/logoJO-SEO.png\",\"width\":285,\"height\":450,\"caption\":\"Jornal das Oficinas\"},\"image\":{\"@id\":\"https:\\\/\\\/jornaldasoficinas.com\\\/pt\\\/#\\\/schema\\\/logo\\\/image\\\/\"},\"sameAs\":[\"https:\\\/\\\/www.facebook.com\\\/jornaloficinas\",\"https:\\\/\\\/x.com\\\/jornaloficinas\",\"https:\\\/\\\/www.instagram.com\\\/jornal_oficinas\\\/\",\"https:\\\/\\\/www.linkedin.com\\\/company\\\/jornal-das-oficinas\\\/\",\"https:\\\/\\\/www.youtube.com\\\/channel\\\/UCbQZBqtcvV-oSQrr7RzINGg\"]},{\"@type\":\"Person\",\"@id\":\"https:\\\/\\\/jornaldasoficinas.com\\\/pt\\\/#\\\/schema\\\/person\\\/a38eef5de2c41d9e7c9ac10141afddf3\",\"name\":\"Reda\u00e7\u00e3o JO\",\"image\":{\"@type\":\"ImageObject\",\"inLanguage\":\"pt-PT\",\"@id\":\"https:\\\/\\\/secure.gravatar.com\\\/avatar\\\/71f2fa71737ad68a84fea94bc708ddac8ea5b0c4788dc2ad202f3ccb2887742f?s=96&d=wp_user_avatar&r=g\",\"url\":\"https:\\\/\\\/secure.gravatar.com\\\/avatar\\\/71f2fa71737ad68a84fea94bc708ddac8ea5b0c4788dc2ad202f3ccb2887742f?s=96&d=wp_user_avatar&r=g\",\"contentUrl\":\"https:\\\/\\\/secure.gravatar.com\\\/avatar\\\/71f2fa71737ad68a84fea94bc708ddac8ea5b0c4788dc2ad202f3ccb2887742f?s=96&d=wp_user_avatar&r=g\",\"caption\":\"Reda\u00e7\u00e3o JO\"},\"url\":\"https:\\\/\\\/jornaldasoficinas.com\\\/pt\\\/author\\\/joredacao\\\/\"}]}<\/script>\n<!-- \/ Yoast SEO plugin. -->","yoast_head_json":{"title":"Modelos Citro\u00ebn e Peugeot apresentam anomalia no sistema AdBlue - Jornal das Oficinas","description":"V\u00e1rios modelos da Citro\u00ebn e da Peugeot apresentam uma anomalia no sistema antipolui\u00e7\u00e3o AdBlue","robots":{"index":"index","follow":"follow","max-snippet":"max-snippet:-1","max-image-preview":"max-image-preview:large","max-video-preview":"max-video-preview:-1"},"canonical":"https:\/\/jornaldasoficinas.com\/pt\/modelos-citroen-e-peugeot-apresentam-anomalia-no-sistema-adblue\/","og_locale":"pt_PT","og_type":"article","og_title":"Modelos Citro\u00ebn e Peugeot apresentam anomalia no sistema AdBlue - Jornal das Oficinas","og_description":"V\u00e1rios modelos da Citro\u00ebn e da Peugeot apresentam uma anomalia no sistema antipolui\u00e7\u00e3o AdBlue","og_url":"https:\/\/jornaldasoficinas.com\/pt\/modelos-citroen-e-peugeot-apresentam-anomalia-no-sistema-adblue\/","og_site_name":"Jornal das Oficinas","article_publisher":"https:\/\/www.facebook.com\/jornaloficinas","article_published_time":"2023-06-15T11:30:24+00:00","og_image":[{"width":1024,"height":581,"url":"https:\/\/jornaldasoficinas.com\/pt\/wp-content\/uploads\/2023\/06\/Modelos-Citroen-e-Peugeot-apresentam-anomalia-no-sistema-AdBlue.jpg","type":"image\/jpeg"}],"author":"Reda\u00e7\u00e3o JO","twitter_card":"summary_large_image","twitter_creator":"@jornaloficinas","twitter_site":"@jornaloficinas","twitter_misc":{"Escrito por":"Reda\u00e7\u00e3o JO","Tempo estimado de leitura":"2 minutos"},"schema":{"@context":"https:\/\/schema.org","@graph":[{"@type":"Article","@id":"https:\/\/jornaldasoficinas.com\/pt\/modelos-citroen-e-peugeot-apresentam-anomalia-no-sistema-adblue\/#article","isPartOf":{"@id":"https:\/\/jornaldasoficinas.com\/pt\/modelos-citroen-e-peugeot-apresentam-anomalia-no-sistema-adblue\/"},"author":{"name":"Reda\u00e7\u00e3o JO","@id":"https:\/\/jornaldasoficinas.com\/pt\/#\/schema\/person\/a38eef5de2c41d9e7c9ac10141afddf3"},"headline":"Modelos Citro\u00ebn e Peugeot apresentam anomalia no sistema AdBlue","datePublished":"2023-06-15T11:30:24+00:00","mainEntityOfPage":{"@id":"https:\/\/jornaldasoficinas.com\/pt\/modelos-citroen-e-peugeot-apresentam-anomalia-no-sistema-adblue\/"},"wordCount":389,"publisher":{"@id":"https:\/\/jornaldasoficinas.com\/pt\/#organization"},"image":{"@id":"https:\/\/jornaldasoficinas.com\/pt\/modelos-citroen-e-peugeot-apresentam-anomalia-no-sistema-adblue\/#primaryimage"},"thumbnailUrl":"https:\/\/jornaldasoficinas.com\/pt\/wp-content\/uploads\/2023\/06\/Modelos-Citroen-e-Peugeot-apresentam-anomalia-no-sistema-AdBlue.jpg","keywords":["AdBlue","Anomalia","Citro\u00ebn","DECO","Peugeot","PROTESTE"],"articleSection":["T\u00e9cnica"],"inLanguage":"pt-PT"},{"@type":"WebPage","@id":"https:\/\/jornaldasoficinas.com\/pt\/modelos-citroen-e-peugeot-apresentam-anomalia-no-sistema-adblue\/","url":"https:\/\/jornaldasoficinas.com\/pt\/modelos-citroen-e-peugeot-apresentam-anomalia-no-sistema-adblue\/","name":"Modelos Citro\u00ebn e Peugeot apresentam anomalia no sistema AdBlue - Jornal das Oficinas","isPartOf":{"@id":"https:\/\/jornaldasoficinas.com\/pt\/#website"},"primaryImageOfPage":{"@id":"https:\/\/jornaldasoficinas.com\/pt\/modelos-citroen-e-peugeot-apresentam-anomalia-no-sistema-adblue\/#primaryimage"},"image":{"@id":"https:\/\/jornaldasoficinas.com\/pt\/modelos-citroen-e-peugeot-apresentam-anomalia-no-sistema-adblue\/#primaryimage"},"thumbnailUrl":"https:\/\/jornaldasoficinas.com\/pt\/wp-content\/uploads\/2023\/06\/Modelos-Citroen-e-Peugeot-apresentam-anomalia-no-sistema-AdBlue.jpg","datePublished":"2023-06-15T11:30:24+00:00","description":"V\u00e1rios modelos da Citro\u00ebn e da Peugeot apresentam uma anomalia no sistema antipolui\u00e7\u00e3o AdBlue","breadcrumb":{"@id":"https:\/\/jornaldasoficinas.com\/pt\/modelos-citroen-e-peugeot-apresentam-anomalia-no-sistema-adblue\/#breadcrumb"},"inLanguage":"pt-PT","potentialAction":[{"@type":"ReadAction","target":["https:\/\/jornaldasoficinas.com\/pt\/modelos-citroen-e-peugeot-apresentam-anomalia-no-sistema-adblue\/"]}]},{"@type":"ImageObject","inLanguage":"pt-PT","@id":"https:\/\/jornaldasoficinas.com\/pt\/modelos-citroen-e-peugeot-apresentam-anomalia-no-sistema-adblue\/#primaryimage","url":"https:\/\/jornaldasoficinas.com\/pt\/wp-content\/uploads\/2023\/06\/Modelos-Citroen-e-Peugeot-apresentam-anomalia-no-sistema-AdBlue.jpg","contentUrl":"https:\/\/jornaldasoficinas.com\/pt\/wp-content\/uploads\/2023\/06\/Modelos-Citroen-e-Peugeot-apresentam-anomalia-no-sistema-AdBlue.jpg","width":1024,"height":581,"caption":"06 - Modelos Citroen e Peugeot apresentam anomalia no sistema AdBlue"},{"@type":"BreadcrumbList","@id":"https:\/\/jornaldasoficinas.com\/pt\/modelos-citroen-e-peugeot-apresentam-anomalia-no-sistema-adblue\/#breadcrumb","itemListElement":[{"@type":"ListItem","position":1,"name":"In\u00edcio","item":"https:\/\/jornaldasoficinas.com\/pt\/"},{"@type":"ListItem","position":2,"name":"Modelos Citro\u00ebn e Peugeot apresentam anomalia no sistema AdBlue"}]},{"@type":"WebSite","@id":"https:\/\/jornaldasoficinas.com\/pt\/#website","url":"https:\/\/jornaldasoficinas.com\/pt\/","name":"Jornal das Oficinas","description":"Jornal independente do Aftermarket Autom\u00f3vel em Portugal","publisher":{"@id":"https:\/\/jornaldasoficinas.com\/pt\/#organization"},"potentialAction":[{"@type":"SearchAction","target":{"@type":"EntryPoint","urlTemplate":"https:\/\/jornaldasoficinas.com\/pt\/?s={search_term_string}"},"query-input":{"@type":"PropertyValueSpecification","valueRequired":true,"valueName":"search_term_string"}}],"inLanguage":"pt-PT"},{"@type":"Organization","@id":"https:\/\/jornaldasoficinas.com\/pt\/#organization","name":"Jornal das Oficinas","url":"https:\/\/jornaldasoficinas.com\/pt\/","logo":{"@type":"ImageObject","inLanguage":"pt-PT","@id":"https:\/\/jornaldasoficinas.com\/pt\/#\/schema\/logo\/image\/","url":"https:\/\/jornaldasoficinas.com\/pt\/wp-content\/uploads\/logoJO-SEO.png","contentUrl":"https:\/\/jornaldasoficinas.com\/pt\/wp-content\/uploads\/logoJO-SEO.png","width":285,"height":450,"caption":"Jornal das Oficinas"},"image":{"@id":"https:\/\/jornaldasoficinas.com\/pt\/#\/schema\/logo\/image\/"},"sameAs":["https:\/\/www.facebook.com\/jornaloficinas","https:\/\/x.com\/jornaloficinas","https:\/\/www.instagram.com\/jornal_oficinas\/","https:\/\/www.linkedin.com\/company\/jornal-das-oficinas\/","https:\/\/www.youtube.com\/channel\/UCbQZBqtcvV-oSQrr7RzINGg"]},{"@type":"Person","@id":"https:\/\/jornaldasoficinas.com\/pt\/#\/schema\/person\/a38eef5de2c41d9e7c9ac10141afddf3","name":"Reda\u00e7\u00e3o JO","image":{"@type":"ImageObject","inLanguage":"pt-PT","@id":"https:\/\/secure.gravatar.com\/avatar\/71f2fa71737ad68a84fea94bc708ddac8ea5b0c4788dc2ad202f3ccb2887742f?s=96&d=wp_user_avatar&r=g","url":"https:\/\/secure.gravatar.com\/avatar\/71f2fa71737ad68a84fea94bc708ddac8ea5b0c4788dc2ad202f3ccb2887742f?s=96&d=wp_user_avatar&r=g","contentUrl":"https:\/\/secure.gravatar.com\/avatar\/71f2fa71737ad68a84fea94bc708ddac8ea5b0c4788dc2ad202f3ccb2887742f?s=96&d=wp_user_avatar&r=g","caption":"Reda\u00e7\u00e3o JO"},"url":"https:\/\/jornaldasoficinas.com\/pt\/author\/joredacao\/"}]}},"_links":{"self":[{"href":"https:\/\/jornaldasoficinas.com\/pt\/wp-json\/wp\/v2\/posts\/67937","targetHints":{"allow":["GET"]}}],"collection":[{"href":"https:\/\/jornaldasoficinas.com\/pt\/wp-json\/wp\/v2\/posts"}],"about":[{"href":"https:\/\/jornaldasoficinas.com\/pt\/wp-json\/wp\/v2\/types\/post"}],"author":[{"embeddable":true,"href":"https:\/\/jornaldasoficinas.com\/pt\/wp-json\/wp\/v2\/users\/15"}],"replies":[{"embeddable":true,"href":"https:\/\/jornaldasoficinas.com\/pt\/wp-json\/wp\/v2\/comments?post=67937"}],"version-history":[{"count":0,"href":"https:\/\/jornaldasoficinas.com\/pt\/wp-json\/wp\/v2\/posts\/67937\/revisions"}],"wp:featuredmedia":[{"embeddable":true,"href":"https:\/\/jornaldasoficinas.com\/pt\/wp-json\/wp\/v2\/media\/67891"}],"wp:attachment":[{"href":"https:\/\/jornaldasoficinas.com\/pt\/wp-json\/wp\/v2\/media?parent=67937"}],"wp:term":[{"taxonomy":"category","embeddable":true,"href":"https:\/\/jornaldasoficinas.com\/pt\/wp-json\/wp\/v2\/categories?post=67937"},{"taxonomy":"post_tag","embeddable":true,"href":"https:\/\/jornaldasoficinas.com\/pt\/wp-json\/wp\/v2\/tags?post=67937"}],"curies":[{"name":"wp","href":"https:\/\/api.w.org\/{rel}","templated":true}]}}