{"id":67962,"date":"2023-06-16T14:00:31","date_gmt":"2023-06-16T13:00:31","guid":{"rendered":"https:\/\/jornaldasoficinas.com\/pt\/?p=67962"},"modified":"2023-06-15T15:53:33","modified_gmt":"2023-06-15T14:53:33","slug":"krautli-reune-parceiros-nexus-shop","status":"publish","type":"post","link":"https:\/\/jornaldasoficinas.com\/pt\/krautli-reune-parceiros-nexus-shop\/","title":{"rendered":"Krautli re\u00fane parceiros NEXUS SHOP"},"content":{"rendered":"<p><img loading=\"lazy\" decoding=\"async\" class=\"alignnone size-full wp-image-67887\" src=\"https:\/\/jornaldasoficinas.com\/pt\/wp-content\/uploads\/2023\/06\/Krautli-reune-parceiros-NEXUS-SHOP.png\" alt=\"06 - Krautli reune parceiros NEXUS SHOP\" width=\"1024\" height=\"581\" srcset=\"https:\/\/jornaldasoficinas.com\/pt\/wp-content\/uploads\/2023\/06\/Krautli-reune-parceiros-NEXUS-SHOP.png 1024w, https:\/\/jornaldasoficinas.com\/pt\/wp-content\/uploads\/2023\/06\/Krautli-reune-parceiros-NEXUS-SHOP-300x170.png 300w, https:\/\/jornaldasoficinas.com\/pt\/wp-content\/uploads\/2023\/06\/Krautli-reune-parceiros-NEXUS-SHOP-150x85.png 150w, https:\/\/jornaldasoficinas.com\/pt\/wp-content\/uploads\/2023\/06\/Krautli-reune-parceiros-NEXUS-SHOP-768x436.png 768w\" sizes=\"auto, (max-width: 1024px) 100vw, 1024px\" \/><\/p>\n<p><strong>Realizou-se no passado dia 30 de Maio, em Leiria, o 1\u00ba Encontro Nacional <a href=\"https:\/\/www.krautli.pt\/pt\/servico\/9\/nexus-shop\" target=\"_blank\" rel=\"noopener\">NEXUS SHOP<\/a>.<\/strong><\/p>\n<p>Organizado pela <a href=\"https:\/\/www.krautli.pt\/pt\/home\/?n=10\" target=\"_blank\" rel=\"noopener\">Krautli Portugal<\/a>, nesta reuni\u00e3o estiveram presentes os parceiros NEXUS SHOP e teve como objetivo a discuss\u00e3o do desenvolvimento do projeto e definir a estrat\u00e9gia de futuro do conceito com base no conhecimento e experi\u00eancia dos parceiros.<\/p>\n<p>Um dos temas principais do encontro foi o ponto de situa\u00e7\u00e3o atual das redes oficinais <a href=\"https:\/\/www.nexusauto.pt\/\" target=\"_blank\" rel=\"noopener\">NEXUS AUTO<\/a> e <a href=\"https:\/\/www.profissionalplus.com\/\" target=\"_blank\" rel=\"noopener\">PROFISSIONAL PLUS<\/a> tanto em termos de desenvolvimento como de novidades e vantagens para as oficinas.<\/p>\n<p>A Krautli Portugal faz um balan\u00e7o muito positivo desta 1\u00aa edi\u00e7\u00e3o onde teve uma participa\u00e7\u00e3o activa de todos os membros NEXUS SHOP no desenvolvimento deste conceito que entrega aos seus parceiros\u00a0 uma proposta de valor diferenciadora no mercado do aftermarket.<\/p>\n<p>Com esta iniciativa a Krautli Portugal continua a fortalecer a sua posi\u00e7\u00e3o de fornecedor de solu\u00e7\u00f5es de elevado valor acrescentado!<\/p>\n","protected":false},"excerpt":{"rendered":"<p>Realizou-se no passado dia 30 de&#8230;<\/p>\n","protected":false},"author":15,"featured_media":67887,"comment_status":"closed","ping_status":"closed","sticky":false,"template":"","format":"standard","meta":{"footnotes":""},"categories":[29],"tags":[5619,282,2887,2926,5159],"class_list":["post-67962","post","type-post","status-publish","format-standard","has-post-thumbnail","hentry","category-empresas","tag-1o-encontro-nacional","tag-krautli-portugal","tag-nexus-auto","tag-nexus-shop","tag-profissional-plus"],"yoast_head":"<!-- This site is optimized with the Yoast SEO plugin v27.4 - https:\/\/yoast.com\/product\/yoast-seo-wordpress\/ -->\n<title>Krautli re\u00fane parceiros NEXUS SHOP - Jornal das Oficinas<\/title>\n<meta name=\"description\" content=\"Realizou-se no passado dia 30 de Maio, em Leiria, o 1\u00ba Encontro Nacional NEXUS SHOP, organizado pela Krautli Portugal\" \/>\n<meta name=\"robots\" content=\"index, follow, max-snippet:-1, max-image-preview:large, max-video-preview:-1\" \/>\n<link rel=\"canonical\" href=\"https:\/\/jornaldasoficinas.com\/pt\/krautli-reune-parceiros-nexus-shop\/\" \/>\n<meta property=\"og:locale\" content=\"pt_PT\" \/>\n<meta property=\"og:type\" content=\"article\" \/>\n<meta property=\"og:title\" content=\"Krautli re\u00fane parceiros NEXUS SHOP - Jornal das Oficinas\" \/>\n<meta property=\"og:description\" content=\"Realizou-se no passado dia 30 de Maio, em Leiria, o 1\u00ba Encontro Nacional NEXUS SHOP, organizado pela Krautli Portugal\" \/>\n<meta property=\"og:url\" content=\"https:\/\/jornaldasoficinas.com\/pt\/krautli-reune-parceiros-nexus-shop\/\" \/>\n<meta property=\"og:site_name\" content=\"Jornal das Oficinas\" \/>\n<meta property=\"article:publisher\" content=\"https:\/\/www.facebook.com\/jornaloficinas\" \/>\n<meta property=\"article:published_time\" content=\"2023-06-16T13:00:31+00:00\" \/>\n<meta property=\"og:image\" content=\"https:\/\/jornaldasoficinas.com\/pt\/wp-content\/uploads\/2023\/06\/Krautli-reune-parceiros-NEXUS-SHOP.png\" \/>\n\t<meta property=\"og:image:width\" content=\"1024\" \/>\n\t<meta property=\"og:image:height\" content=\"581\" \/>\n\t<meta property=\"og:image:type\" content=\"image\/png\" \/>\n<meta name=\"author\" content=\"Reda\u00e7\u00e3o JO\" \/>\n<meta name=\"twitter:card\" content=\"summary_large_image\" \/>\n<meta name=\"twitter:creator\" content=\"@jornaloficinas\" \/>\n<meta name=\"twitter:site\" content=\"@jornaloficinas\" \/>\n<meta name=\"twitter:label1\" content=\"Escrito por\" \/>\n\t<meta name=\"twitter:data1\" content=\"Reda\u00e7\u00e3o JO\" \/>\n\t<meta name=\"twitter:label2\" content=\"Tempo estimado de leitura\" \/>\n\t<meta name=\"twitter:data2\" content=\"1 minuto\" \/>\n<script type=\"application\/ld+json\" class=\"yoast-schema-graph\">{\"@context\":\"https:\\\/\\\/schema.org\",\"@graph\":[{\"@type\":\"Article\",\"@id\":\"https:\\\/\\\/jornaldasoficinas.com\\\/pt\\\/krautli-reune-parceiros-nexus-shop\\\/#article\",\"isPartOf\":{\"@id\":\"https:\\\/\\\/jornaldasoficinas.com\\\/pt\\\/krautli-reune-parceiros-nexus-shop\\\/\"},\"author\":{\"name\":\"Reda\u00e7\u00e3o JO\",\"@id\":\"https:\\\/\\\/jornaldasoficinas.com\\\/pt\\\/#\\\/schema\\\/person\\\/a38eef5de2c41d9e7c9ac10141afddf3\"},\"headline\":\"Krautli re\u00fane parceiros NEXUS SHOP\",\"datePublished\":\"2023-06-16T13:00:31+00:00\",\"mainEntityOfPage\":{\"@id\":\"https:\\\/\\\/jornaldasoficinas.com\\\/pt\\\/krautli-reune-parceiros-nexus-shop\\\/\"},\"wordCount\":159,\"publisher\":{\"@id\":\"https:\\\/\\\/jornaldasoficinas.com\\\/pt\\\/#organization\"},\"image\":{\"@id\":\"https:\\\/\\\/jornaldasoficinas.com\\\/pt\\\/krautli-reune-parceiros-nexus-shop\\\/#primaryimage\"},\"thumbnailUrl\":\"https:\\\/\\\/jornaldasoficinas.com\\\/pt\\\/wp-content\\\/uploads\\\/2023\\\/06\\\/Krautli-reune-parceiros-NEXUS-SHOP.png\",\"keywords\":[\"1\u00ba Encontro Nacional\",\"KRAUTLI Portugal\",\"Nexus Auto\",\"Nexus Shop\",\"Profissional Plus\"],\"articleSection\":[\"Empresas\"],\"inLanguage\":\"pt-PT\"},{\"@type\":\"WebPage\",\"@id\":\"https:\\\/\\\/jornaldasoficinas.com\\\/pt\\\/krautli-reune-parceiros-nexus-shop\\\/\",\"url\":\"https:\\\/\\\/jornaldasoficinas.com\\\/pt\\\/krautli-reune-parceiros-nexus-shop\\\/\",\"name\":\"Krautli re\u00fane parceiros NEXUS SHOP - Jornal das Oficinas\",\"isPartOf\":{\"@id\":\"https:\\\/\\\/jornaldasoficinas.com\\\/pt\\\/#website\"},\"primaryImageOfPage\":{\"@id\":\"https:\\\/\\\/jornaldasoficinas.com\\\/pt\\\/krautli-reune-parceiros-nexus-shop\\\/#primaryimage\"},\"image\":{\"@id\":\"https:\\\/\\\/jornaldasoficinas.com\\\/pt\\\/krautli-reune-parceiros-nexus-shop\\\/#primaryimage\"},\"thumbnailUrl\":\"https:\\\/\\\/jornaldasoficinas.com\\\/pt\\\/wp-content\\\/uploads\\\/2023\\\/06\\\/Krautli-reune-parceiros-NEXUS-SHOP.png\",\"datePublished\":\"2023-06-16T13:00:31+00:00\",\"description\":\"Realizou-se no passado dia 30 de Maio, em Leiria, o 1\u00ba Encontro Nacional NEXUS SHOP, organizado pela Krautli Portugal\",\"breadcrumb\":{\"@id\":\"https:\\\/\\\/jornaldasoficinas.com\\\/pt\\\/krautli-reune-parceiros-nexus-shop\\\/#breadcrumb\"},\"inLanguage\":\"pt-PT\",\"potentialAction\":[{\"@type\":\"ReadAction\",\"target\":[\"https:\\\/\\\/jornaldasoficinas.com\\\/pt\\\/krautli-reune-parceiros-nexus-shop\\\/\"]}]},{\"@type\":\"ImageObject\",\"inLanguage\":\"pt-PT\",\"@id\":\"https:\\\/\\\/jornaldasoficinas.com\\\/pt\\\/krautli-reune-parceiros-nexus-shop\\\/#primaryimage\",\"url\":\"https:\\\/\\\/jornaldasoficinas.com\\\/pt\\\/wp-content\\\/uploads\\\/2023\\\/06\\\/Krautli-reune-parceiros-NEXUS-SHOP.png\",\"contentUrl\":\"https:\\\/\\\/jornaldasoficinas.com\\\/pt\\\/wp-content\\\/uploads\\\/2023\\\/06\\\/Krautli-reune-parceiros-NEXUS-SHOP.png\",\"width\":1024,\"height\":581,\"caption\":\"06 - Krautli reune parceiros NEXUS SHOP\"},{\"@type\":\"BreadcrumbList\",\"@id\":\"https:\\\/\\\/jornaldasoficinas.com\\\/pt\\\/krautli-reune-parceiros-nexus-shop\\\/#breadcrumb\",\"itemListElement\":[{\"@type\":\"ListItem\",\"position\":1,\"name\":\"In\u00edcio\",\"item\":\"https:\\\/\\\/jornaldasoficinas.com\\\/pt\\\/\"},{\"@type\":\"ListItem\",\"position\":2,\"name\":\"Krautli re\u00fane parceiros NEXUS SHOP\"}]},{\"@type\":\"WebSite\",\"@id\":\"https:\\\/\\\/jornaldasoficinas.com\\\/pt\\\/#website\",\"url\":\"https:\\\/\\\/jornaldasoficinas.com\\\/pt\\\/\",\"name\":\"Jornal das Oficinas\",\"description\":\"Jornal independente do Aftermarket Autom\u00f3vel em Portugal\",\"publisher\":{\"@id\":\"https:\\\/\\\/jornaldasoficinas.com\\\/pt\\\/#organization\"},\"potentialAction\":[{\"@type\":\"SearchAction\",\"target\":{\"@type\":\"EntryPoint\",\"urlTemplate\":\"https:\\\/\\\/jornaldasoficinas.com\\\/pt\\\/?s={search_term_string}\"},\"query-input\":{\"@type\":\"PropertyValueSpecification\",\"valueRequired\":true,\"valueName\":\"search_term_string\"}}],\"inLanguage\":\"pt-PT\"},{\"@type\":\"Organization\",\"@id\":\"https:\\\/\\\/jornaldasoficinas.com\\\/pt\\\/#organization\",\"name\":\"Jornal das Oficinas\",\"url\":\"https:\\\/\\\/jornaldasoficinas.com\\\/pt\\\/\",\"logo\":{\"@type\":\"ImageObject\",\"inLanguage\":\"pt-PT\",\"@id\":\"https:\\\/\\\/jornaldasoficinas.com\\\/pt\\\/#\\\/schema\\\/logo\\\/image\\\/\",\"url\":\"https:\\\/\\\/jornaldasoficinas.com\\\/pt\\\/wp-content\\\/uploads\\\/logoJO-SEO.png\",\"contentUrl\":\"https:\\\/\\\/jornaldasoficinas.com\\\/pt\\\/wp-content\\\/uploads\\\/logoJO-SEO.png\",\"width\":285,\"height\":450,\"caption\":\"Jornal das Oficinas\"},\"image\":{\"@id\":\"https:\\\/\\\/jornaldasoficinas.com\\\/pt\\\/#\\\/schema\\\/logo\\\/image\\\/\"},\"sameAs\":[\"https:\\\/\\\/www.facebook.com\\\/jornaloficinas\",\"https:\\\/\\\/x.com\\\/jornaloficinas\",\"https:\\\/\\\/www.instagram.com\\\/jornal_oficinas\\\/\",\"https:\\\/\\\/www.linkedin.com\\\/company\\\/jornal-das-oficinas\\\/\",\"https:\\\/\\\/www.youtube.com\\\/channel\\\/UCbQZBqtcvV-oSQrr7RzINGg\"]},{\"@type\":\"Person\",\"@id\":\"https:\\\/\\\/jornaldasoficinas.com\\\/pt\\\/#\\\/schema\\\/person\\\/a38eef5de2c41d9e7c9ac10141afddf3\",\"name\":\"Reda\u00e7\u00e3o JO\",\"image\":{\"@type\":\"ImageObject\",\"inLanguage\":\"pt-PT\",\"@id\":\"https:\\\/\\\/secure.gravatar.com\\\/avatar\\\/71f2fa71737ad68a84fea94bc708ddac8ea5b0c4788dc2ad202f3ccb2887742f?s=96&d=wp_user_avatar&r=g\",\"url\":\"https:\\\/\\\/secure.gravatar.com\\\/avatar\\\/71f2fa71737ad68a84fea94bc708ddac8ea5b0c4788dc2ad202f3ccb2887742f?s=96&d=wp_user_avatar&r=g\",\"contentUrl\":\"https:\\\/\\\/secure.gravatar.com\\\/avatar\\\/71f2fa71737ad68a84fea94bc708ddac8ea5b0c4788dc2ad202f3ccb2887742f?s=96&d=wp_user_avatar&r=g\",\"caption\":\"Reda\u00e7\u00e3o JO\"},\"url\":\"https:\\\/\\\/jornaldasoficinas.com\\\/pt\\\/author\\\/joredacao\\\/\"}]}<\/script>\n<!-- \/ Yoast SEO plugin. -->","yoast_head_json":{"title":"Krautli re\u00fane parceiros NEXUS SHOP - Jornal das Oficinas","description":"Realizou-se no passado dia 30 de Maio, em Leiria, o 1\u00ba Encontro Nacional NEXUS SHOP, organizado pela Krautli Portugal","robots":{"index":"index","follow":"follow","max-snippet":"max-snippet:-1","max-image-preview":"max-image-preview:large","max-video-preview":"max-video-preview:-1"},"canonical":"https:\/\/jornaldasoficinas.com\/pt\/krautli-reune-parceiros-nexus-shop\/","og_locale":"pt_PT","og_type":"article","og_title":"Krautli re\u00fane parceiros NEXUS SHOP - Jornal das Oficinas","og_description":"Realizou-se no passado dia 30 de Maio, em Leiria, o 1\u00ba Encontro Nacional NEXUS SHOP, organizado pela Krautli Portugal","og_url":"https:\/\/jornaldasoficinas.com\/pt\/krautli-reune-parceiros-nexus-shop\/","og_site_name":"Jornal das Oficinas","article_publisher":"https:\/\/www.facebook.com\/jornaloficinas","article_published_time":"2023-06-16T13:00:31+00:00","og_image":[{"width":1024,"height":581,"url":"https:\/\/jornaldasoficinas.com\/pt\/wp-content\/uploads\/2023\/06\/Krautli-reune-parceiros-NEXUS-SHOP.png","type":"image\/png"}],"author":"Reda\u00e7\u00e3o JO","twitter_card":"summary_large_image","twitter_creator":"@jornaloficinas","twitter_site":"@jornaloficinas","twitter_misc":{"Escrito por":"Reda\u00e7\u00e3o JO","Tempo estimado de leitura":"1 minuto"},"schema":{"@context":"https:\/\/schema.org","@graph":[{"@type":"Article","@id":"https:\/\/jornaldasoficinas.com\/pt\/krautli-reune-parceiros-nexus-shop\/#article","isPartOf":{"@id":"https:\/\/jornaldasoficinas.com\/pt\/krautli-reune-parceiros-nexus-shop\/"},"author":{"name":"Reda\u00e7\u00e3o JO","@id":"https:\/\/jornaldasoficinas.com\/pt\/#\/schema\/person\/a38eef5de2c41d9e7c9ac10141afddf3"},"headline":"Krautli re\u00fane parceiros NEXUS SHOP","datePublished":"2023-06-16T13:00:31+00:00","mainEntityOfPage":{"@id":"https:\/\/jornaldasoficinas.com\/pt\/krautli-reune-parceiros-nexus-shop\/"},"wordCount":159,"publisher":{"@id":"https:\/\/jornaldasoficinas.com\/pt\/#organization"},"image":{"@id":"https:\/\/jornaldasoficinas.com\/pt\/krautli-reune-parceiros-nexus-shop\/#primaryimage"},"thumbnailUrl":"https:\/\/jornaldasoficinas.com\/pt\/wp-content\/uploads\/2023\/06\/Krautli-reune-parceiros-NEXUS-SHOP.png","keywords":["1\u00ba Encontro Nacional","KRAUTLI Portugal","Nexus Auto","Nexus Shop","Profissional Plus"],"articleSection":["Empresas"],"inLanguage":"pt-PT"},{"@type":"WebPage","@id":"https:\/\/jornaldasoficinas.com\/pt\/krautli-reune-parceiros-nexus-shop\/","url":"https:\/\/jornaldasoficinas.com\/pt\/krautli-reune-parceiros-nexus-shop\/","name":"Krautli re\u00fane parceiros NEXUS SHOP - Jornal das Oficinas","isPartOf":{"@id":"https:\/\/jornaldasoficinas.com\/pt\/#website"},"primaryImageOfPage":{"@id":"https:\/\/jornaldasoficinas.com\/pt\/krautli-reune-parceiros-nexus-shop\/#primaryimage"},"image":{"@id":"https:\/\/jornaldasoficinas.com\/pt\/krautli-reune-parceiros-nexus-shop\/#primaryimage"},"thumbnailUrl":"https:\/\/jornaldasoficinas.com\/pt\/wp-content\/uploads\/2023\/06\/Krautli-reune-parceiros-NEXUS-SHOP.png","datePublished":"2023-06-16T13:00:31+00:00","description":"Realizou-se no passado dia 30 de Maio, em Leiria, o 1\u00ba Encontro Nacional NEXUS SHOP, organizado pela Krautli Portugal","breadcrumb":{"@id":"https:\/\/jornaldasoficinas.com\/pt\/krautli-reune-parceiros-nexus-shop\/#breadcrumb"},"inLanguage":"pt-PT","potentialAction":[{"@type":"ReadAction","target":["https:\/\/jornaldasoficinas.com\/pt\/krautli-reune-parceiros-nexus-shop\/"]}]},{"@type":"ImageObject","inLanguage":"pt-PT","@id":"https:\/\/jornaldasoficinas.com\/pt\/krautli-reune-parceiros-nexus-shop\/#primaryimage","url":"https:\/\/jornaldasoficinas.com\/pt\/wp-content\/uploads\/2023\/06\/Krautli-reune-parceiros-NEXUS-SHOP.png","contentUrl":"https:\/\/jornaldasoficinas.com\/pt\/wp-content\/uploads\/2023\/06\/Krautli-reune-parceiros-NEXUS-SHOP.png","width":1024,"height":581,"caption":"06 - Krautli reune parceiros NEXUS SHOP"},{"@type":"BreadcrumbList","@id":"https:\/\/jornaldasoficinas.com\/pt\/krautli-reune-parceiros-nexus-shop\/#breadcrumb","itemListElement":[{"@type":"ListItem","position":1,"name":"In\u00edcio","item":"https:\/\/jornaldasoficinas.com\/pt\/"},{"@type":"ListItem","position":2,"name":"Krautli re\u00fane parceiros NEXUS SHOP"}]},{"@type":"WebSite","@id":"https:\/\/jornaldasoficinas.com\/pt\/#website","url":"https:\/\/jornaldasoficinas.com\/pt\/","name":"Jornal das Oficinas","description":"Jornal independente do Aftermarket Autom\u00f3vel em Portugal","publisher":{"@id":"https:\/\/jornaldasoficinas.com\/pt\/#organization"},"potentialAction":[{"@type":"SearchAction","target":{"@type":"EntryPoint","urlTemplate":"https:\/\/jornaldasoficinas.com\/pt\/?s={search_term_string}"},"query-input":{"@type":"PropertyValueSpecification","valueRequired":true,"valueName":"search_term_string"}}],"inLanguage":"pt-PT"},{"@type":"Organization","@id":"https:\/\/jornaldasoficinas.com\/pt\/#organization","name":"Jornal das Oficinas","url":"https:\/\/jornaldasoficinas.com\/pt\/","logo":{"@type":"ImageObject","inLanguage":"pt-PT","@id":"https:\/\/jornaldasoficinas.com\/pt\/#\/schema\/logo\/image\/","url":"https:\/\/jornaldasoficinas.com\/pt\/wp-content\/uploads\/logoJO-SEO.png","contentUrl":"https:\/\/jornaldasoficinas.com\/pt\/wp-content\/uploads\/logoJO-SEO.png","width":285,"height":450,"caption":"Jornal das Oficinas"},"image":{"@id":"https:\/\/jornaldasoficinas.com\/pt\/#\/schema\/logo\/image\/"},"sameAs":["https:\/\/www.facebook.com\/jornaloficinas","https:\/\/x.com\/jornaloficinas","https:\/\/www.instagram.com\/jornal_oficinas\/","https:\/\/www.linkedin.com\/company\/jornal-das-oficinas\/","https:\/\/www.youtube.com\/channel\/UCbQZBqtcvV-oSQrr7RzINGg"]},{"@type":"Person","@id":"https:\/\/jornaldasoficinas.com\/pt\/#\/schema\/person\/a38eef5de2c41d9e7c9ac10141afddf3","name":"Reda\u00e7\u00e3o JO","image":{"@type":"ImageObject","inLanguage":"pt-PT","@id":"https:\/\/secure.gravatar.com\/avatar\/71f2fa71737ad68a84fea94bc708ddac8ea5b0c4788dc2ad202f3ccb2887742f?s=96&d=wp_user_avatar&r=g","url":"https:\/\/secure.gravatar.com\/avatar\/71f2fa71737ad68a84fea94bc708ddac8ea5b0c4788dc2ad202f3ccb2887742f?s=96&d=wp_user_avatar&r=g","contentUrl":"https:\/\/secure.gravatar.com\/avatar\/71f2fa71737ad68a84fea94bc708ddac8ea5b0c4788dc2ad202f3ccb2887742f?s=96&d=wp_user_avatar&r=g","caption":"Reda\u00e7\u00e3o JO"},"url":"https:\/\/jornaldasoficinas.com\/pt\/author\/joredacao\/"}]}},"_links":{"self":[{"href":"https:\/\/jornaldasoficinas.com\/pt\/wp-json\/wp\/v2\/posts\/67962","targetHints":{"allow":["GET"]}}],"collection":[{"href":"https:\/\/jornaldasoficinas.com\/pt\/wp-json\/wp\/v2\/posts"}],"about":[{"href":"https:\/\/jornaldasoficinas.com\/pt\/wp-json\/wp\/v2\/types\/post"}],"author":[{"embeddable":true,"href":"https:\/\/jornaldasoficinas.com\/pt\/wp-json\/wp\/v2\/users\/15"}],"replies":[{"embeddable":true,"href":"https:\/\/jornaldasoficinas.com\/pt\/wp-json\/wp\/v2\/comments?post=67962"}],"version-history":[{"count":0,"href":"https:\/\/jornaldasoficinas.com\/pt\/wp-json\/wp\/v2\/posts\/67962\/revisions"}],"wp:featuredmedia":[{"embeddable":true,"href":"https:\/\/jornaldasoficinas.com\/pt\/wp-json\/wp\/v2\/media\/67887"}],"wp:attachment":[{"href":"https:\/\/jornaldasoficinas.com\/pt\/wp-json\/wp\/v2\/media?parent=67962"}],"wp:term":[{"taxonomy":"category","embeddable":true,"href":"https:\/\/jornaldasoficinas.com\/pt\/wp-json\/wp\/v2\/categories?post=67962"},{"taxonomy":"post_tag","embeddable":true,"href":"https:\/\/jornaldasoficinas.com\/pt\/wp-json\/wp\/v2\/tags?post=67962"}],"curies":[{"name":"wp","href":"https:\/\/api.w.org\/{rel}","templated":true}]}}