{"id":67978,"date":"2023-06-18T18:00:48","date_gmt":"2023-06-18T17:00:48","guid":{"rendered":"https:\/\/jornaldasoficinas.com\/pt\/?p=67978"},"modified":"2023-06-16T12:00:28","modified_gmt":"2023-06-16T11:00:28","slug":"temos-a-equipa-motivada-e-estamos-prontos-para-mais-quarenta-anos-armando-musqueira-quimiregua","status":"publish","type":"post","link":"https:\/\/jornaldasoficinas.com\/pt\/temos-a-equipa-motivada-e-estamos-prontos-para-mais-quarenta-anos-armando-musqueira-quimiregua\/","title":{"rendered":"&#8220;Temos a equipa motivada e estamos prontos para mais quarenta anos&#8221;, Armando Musqueira, Quimir\u00e9gua"},"content":{"rendered":"<p><img loading=\"lazy\" decoding=\"async\" class=\"alignnone size-full wp-image-67977\" src=\"https:\/\/jornaldasoficinas.com\/pt\/wp-content\/uploads\/2023\/06\/quimiregua.jpeg\" alt=\"06 - quimiregua\" width=\"1024\" height=\"581\" srcset=\"https:\/\/jornaldasoficinas.com\/pt\/wp-content\/uploads\/2023\/06\/quimiregua.jpeg 1024w, https:\/\/jornaldasoficinas.com\/pt\/wp-content\/uploads\/2023\/06\/quimiregua-300x170.jpeg 300w, https:\/\/jornaldasoficinas.com\/pt\/wp-content\/uploads\/2023\/06\/quimiregua-150x85.jpeg 150w, https:\/\/jornaldasoficinas.com\/pt\/wp-content\/uploads\/2023\/06\/quimiregua-768x436.jpeg 768w\" sizes=\"auto, (max-width: 1024px) 100vw, 1024px\" \/><\/p>\n<p><strong>Celebrou 40 anos, no final de 2022, e \u00e9, na atualidade, uma das mais respeitadas empresas da repintura autom\u00f3vel em Portugal. \u201cApesar de ter uma atua\u00e7\u00e3o mais regional\u201d, como diz o fundador Armando Musqueira, a <a href=\"https:\/\/www.quimiregua.pt\/\" target=\"_blank\" rel=\"noopener\">Quimir\u00e9gua<\/a> passou por diversas fases, sempre com particular aten\u00e7\u00e3o \u00e0 qualidade dos produtos.<\/strong><\/p>\n<p>Inserida no Grupo Quimidouro, a empresa mant\u00e9m um portef\u00f3lio muito reputado, com marcas premium e solu\u00e7\u00f5es com pre\u00e7os muito competitivos, de forma a conseguir uma transversalidade no mercado que chega para todos os segmentos e carteiras. Tem a sede em Cust\u00f3ias, com lojas na R\u00e9gua e Bragan\u00e7a.<\/p>\n<p><strong>Quatro d\u00e9cadas de atividade<\/strong><br \/>\nArmando Musqueira conhece como ningu\u00e9m a hist\u00f3ria da Quimir\u00e9gua e recorda-a sem hesitar, com as datas na ponta da l\u00edngua: \u201cCome\u00e7\u00e1mos com produtos qu\u00edmicos, est\u00e1vamos em 1982. Estivemos dois anos a vender este tipo de produtos, mas ao mesmo tempo vend\u00edamos acess\u00f3rios para restaurantes, como papel, guardanapos, t\u00ednhamos uns doseadores de papel que davam para o autom\u00f3vel (oficinas) e tamb\u00e9m para os restaurantes\u201d, refere. \u201cA ideia era criar clientes de oficina e foi o que fomos fazendo. Em 1984 come\u00e7a a alocar recursos para a repintura autom\u00f3vel e assina um acordo com a Valentine, marca l\u00edder na repintura autom\u00f3vel com uma fatia de mercado de cerca de 40%, e que foi fundamental na expans\u00e3o da Quimidouro.<\/p>\n<p>Foi adquirida pela <a href=\"https:\/\/www.spieshecker.com\/pt\/pt_PT.html\" target=\"_blank\" rel=\"noopener\">Spies Hecker<\/a> em 1989 e, a partir da\u00ed, come\u00e7\u00e1mos a trabalhar com eles e temos mantido uma estreita liga\u00e7\u00e3o at\u00e9 aos dias de hoje. Fomos crescendo e colocando comerciais na rua e como a \u00e1rea era curta, deixou de ser s\u00f3 R\u00e9gua, Vila Real, Chaves e arredores e passou tamb\u00e9m para Bragan\u00e7a, em 1995, onde abrimos uma delega\u00e7\u00e3o e contrat\u00e1mos mais colaboradores\u201d, explica o nosso interlocutor.<\/p>\n<p>Para ler todo o artigo clique <a href=\"https:\/\/www.yumpu.com\/pt\/document\/read\/68121270\/jornal-das-oficinas-209\/60\" target=\"_blank\" rel=\"noopener\">aqui<\/a>.<\/p>\n","protected":false},"excerpt":{"rendered":"<p>Celebrou 40 anos, no final de&#8230;<\/p>\n","protected":false},"author":15,"featured_media":67977,"comment_status":"closed","ping_status":"closed","sticky":false,"template":"","format":"standard","meta":{"footnotes":""},"categories":[38],"tags":[5622,5624,1947,5623,148,709],"class_list":["post-67978","post","type-post","status-publish","format-standard","has-post-thumbnail","hentry","category-entrevistas","tag-braganca","tag-grupo-quimidouro","tag-quimiregua","tag-regua","tag-repintura","tag-spies-hecker"],"yoast_head":"<!-- This site is optimized with the Yoast SEO plugin v27.4 - https:\/\/yoast.com\/product\/yoast-seo-wordpress\/ -->\n<title>&quot;Temos a equipa motivada e estamos prontos para mais quarenta anos&quot;, Armando Musqueira, Quimir\u00e9gua - Jornal das Oficinas<\/title>\n<meta name=\"description\" content=\"A Quimir\u00e9gua celebrou 40 anos, no final de 2022, e \u00e9, na atualidade, uma das mais respeitadas empresas da repintura autom\u00f3vel em Portugal\" \/>\n<meta name=\"robots\" content=\"index, follow, max-snippet:-1, max-image-preview:large, max-video-preview:-1\" \/>\n<link rel=\"canonical\" href=\"https:\/\/jornaldasoficinas.com\/pt\/temos-a-equipa-motivada-e-estamos-prontos-para-mais-quarenta-anos-armando-musqueira-quimiregua\/\" \/>\n<meta property=\"og:locale\" content=\"pt_PT\" \/>\n<meta property=\"og:type\" content=\"article\" \/>\n<meta property=\"og:title\" content=\"&quot;Temos a equipa motivada e estamos prontos para mais quarenta anos&quot;, Armando Musqueira, Quimir\u00e9gua - Jornal das Oficinas\" \/>\n<meta property=\"og:description\" content=\"A Quimir\u00e9gua celebrou 40 anos, no final de 2022, e \u00e9, na atualidade, uma das mais respeitadas empresas da repintura autom\u00f3vel em Portugal\" \/>\n<meta property=\"og:url\" content=\"https:\/\/jornaldasoficinas.com\/pt\/temos-a-equipa-motivada-e-estamos-prontos-para-mais-quarenta-anos-armando-musqueira-quimiregua\/\" \/>\n<meta property=\"og:site_name\" content=\"Jornal das Oficinas\" \/>\n<meta property=\"article:publisher\" content=\"https:\/\/www.facebook.com\/jornaloficinas\" \/>\n<meta property=\"article:published_time\" content=\"2023-06-18T17:00:48+00:00\" \/>\n<meta property=\"og:image\" content=\"https:\/\/jornaldasoficinas.com\/pt\/wp-content\/uploads\/2023\/06\/quimiregua.jpeg\" \/>\n\t<meta property=\"og:image:width\" content=\"1024\" \/>\n\t<meta property=\"og:image:height\" content=\"581\" \/>\n\t<meta property=\"og:image:type\" content=\"image\/jpeg\" \/>\n<meta name=\"author\" content=\"Reda\u00e7\u00e3o JO\" \/>\n<meta name=\"twitter:card\" content=\"summary_large_image\" \/>\n<meta name=\"twitter:creator\" content=\"@jornaloficinas\" \/>\n<meta name=\"twitter:site\" content=\"@jornaloficinas\" \/>\n<meta name=\"twitter:label1\" content=\"Escrito por\" \/>\n\t<meta name=\"twitter:data1\" content=\"Reda\u00e7\u00e3o JO\" \/>\n\t<meta name=\"twitter:label2\" content=\"Tempo estimado de leitura\" \/>\n\t<meta name=\"twitter:data2\" content=\"2 minutos\" \/>\n<script type=\"application\/ld+json\" class=\"yoast-schema-graph\">{\"@context\":\"https:\\\/\\\/schema.org\",\"@graph\":[{\"@type\":\"Article\",\"@id\":\"https:\\\/\\\/jornaldasoficinas.com\\\/pt\\\/temos-a-equipa-motivada-e-estamos-prontos-para-mais-quarenta-anos-armando-musqueira-quimiregua\\\/#article\",\"isPartOf\":{\"@id\":\"https:\\\/\\\/jornaldasoficinas.com\\\/pt\\\/temos-a-equipa-motivada-e-estamos-prontos-para-mais-quarenta-anos-armando-musqueira-quimiregua\\\/\"},\"author\":{\"name\":\"Reda\u00e7\u00e3o JO\",\"@id\":\"https:\\\/\\\/jornaldasoficinas.com\\\/pt\\\/#\\\/schema\\\/person\\\/a38eef5de2c41d9e7c9ac10141afddf3\"},\"headline\":\"&#8220;Temos a equipa motivada e estamos prontos para mais quarenta anos&#8221;, Armando Musqueira, Quimir\u00e9gua\",\"datePublished\":\"2023-06-18T17:00:48+00:00\",\"mainEntityOfPage\":{\"@id\":\"https:\\\/\\\/jornaldasoficinas.com\\\/pt\\\/temos-a-equipa-motivada-e-estamos-prontos-para-mais-quarenta-anos-armando-musqueira-quimiregua\\\/\"},\"wordCount\":333,\"publisher\":{\"@id\":\"https:\\\/\\\/jornaldasoficinas.com\\\/pt\\\/#organization\"},\"image\":{\"@id\":\"https:\\\/\\\/jornaldasoficinas.com\\\/pt\\\/temos-a-equipa-motivada-e-estamos-prontos-para-mais-quarenta-anos-armando-musqueira-quimiregua\\\/#primaryimage\"},\"thumbnailUrl\":\"https:\\\/\\\/jornaldasoficinas.com\\\/pt\\\/wp-content\\\/uploads\\\/2023\\\/06\\\/quimiregua.jpeg\",\"keywords\":[\"Bragan\u00e7a\",\"Grupo Quimidouro\",\"Quimir\u00e9gua\",\"R\u00e9gua\",\"Repintura\",\"Spies Hecker\"],\"articleSection\":[\"Entrevistas\"],\"inLanguage\":\"pt-PT\"},{\"@type\":\"WebPage\",\"@id\":\"https:\\\/\\\/jornaldasoficinas.com\\\/pt\\\/temos-a-equipa-motivada-e-estamos-prontos-para-mais-quarenta-anos-armando-musqueira-quimiregua\\\/\",\"url\":\"https:\\\/\\\/jornaldasoficinas.com\\\/pt\\\/temos-a-equipa-motivada-e-estamos-prontos-para-mais-quarenta-anos-armando-musqueira-quimiregua\\\/\",\"name\":\"\\\"Temos a equipa motivada e estamos prontos para mais quarenta anos\\\", Armando Musqueira, Quimir\u00e9gua - Jornal das Oficinas\",\"isPartOf\":{\"@id\":\"https:\\\/\\\/jornaldasoficinas.com\\\/pt\\\/#website\"},\"primaryImageOfPage\":{\"@id\":\"https:\\\/\\\/jornaldasoficinas.com\\\/pt\\\/temos-a-equipa-motivada-e-estamos-prontos-para-mais-quarenta-anos-armando-musqueira-quimiregua\\\/#primaryimage\"},\"image\":{\"@id\":\"https:\\\/\\\/jornaldasoficinas.com\\\/pt\\\/temos-a-equipa-motivada-e-estamos-prontos-para-mais-quarenta-anos-armando-musqueira-quimiregua\\\/#primaryimage\"},\"thumbnailUrl\":\"https:\\\/\\\/jornaldasoficinas.com\\\/pt\\\/wp-content\\\/uploads\\\/2023\\\/06\\\/quimiregua.jpeg\",\"datePublished\":\"2023-06-18T17:00:48+00:00\",\"description\":\"A Quimir\u00e9gua celebrou 40 anos, no final de 2022, e \u00e9, na atualidade, uma das mais respeitadas empresas da repintura autom\u00f3vel em Portugal\",\"breadcrumb\":{\"@id\":\"https:\\\/\\\/jornaldasoficinas.com\\\/pt\\\/temos-a-equipa-motivada-e-estamos-prontos-para-mais-quarenta-anos-armando-musqueira-quimiregua\\\/#breadcrumb\"},\"inLanguage\":\"pt-PT\",\"potentialAction\":[{\"@type\":\"ReadAction\",\"target\":[\"https:\\\/\\\/jornaldasoficinas.com\\\/pt\\\/temos-a-equipa-motivada-e-estamos-prontos-para-mais-quarenta-anos-armando-musqueira-quimiregua\\\/\"]}]},{\"@type\":\"ImageObject\",\"inLanguage\":\"pt-PT\",\"@id\":\"https:\\\/\\\/jornaldasoficinas.com\\\/pt\\\/temos-a-equipa-motivada-e-estamos-prontos-para-mais-quarenta-anos-armando-musqueira-quimiregua\\\/#primaryimage\",\"url\":\"https:\\\/\\\/jornaldasoficinas.com\\\/pt\\\/wp-content\\\/uploads\\\/2023\\\/06\\\/quimiregua.jpeg\",\"contentUrl\":\"https:\\\/\\\/jornaldasoficinas.com\\\/pt\\\/wp-content\\\/uploads\\\/2023\\\/06\\\/quimiregua.jpeg\",\"width\":1024,\"height\":581,\"caption\":\"06 - quimiregua\"},{\"@type\":\"BreadcrumbList\",\"@id\":\"https:\\\/\\\/jornaldasoficinas.com\\\/pt\\\/temos-a-equipa-motivada-e-estamos-prontos-para-mais-quarenta-anos-armando-musqueira-quimiregua\\\/#breadcrumb\",\"itemListElement\":[{\"@type\":\"ListItem\",\"position\":1,\"name\":\"In\u00edcio\",\"item\":\"https:\\\/\\\/jornaldasoficinas.com\\\/pt\\\/\"},{\"@type\":\"ListItem\",\"position\":2,\"name\":\"&#8220;Temos a equipa motivada e estamos prontos para mais quarenta anos&#8221;, Armando Musqueira, Quimir\u00e9gua\"}]},{\"@type\":\"WebSite\",\"@id\":\"https:\\\/\\\/jornaldasoficinas.com\\\/pt\\\/#website\",\"url\":\"https:\\\/\\\/jornaldasoficinas.com\\\/pt\\\/\",\"name\":\"Jornal das Oficinas\",\"description\":\"Jornal independente do Aftermarket Autom\u00f3vel em Portugal\",\"publisher\":{\"@id\":\"https:\\\/\\\/jornaldasoficinas.com\\\/pt\\\/#organization\"},\"potentialAction\":[{\"@type\":\"SearchAction\",\"target\":{\"@type\":\"EntryPoint\",\"urlTemplate\":\"https:\\\/\\\/jornaldasoficinas.com\\\/pt\\\/?s={search_term_string}\"},\"query-input\":{\"@type\":\"PropertyValueSpecification\",\"valueRequired\":true,\"valueName\":\"search_term_string\"}}],\"inLanguage\":\"pt-PT\"},{\"@type\":\"Organization\",\"@id\":\"https:\\\/\\\/jornaldasoficinas.com\\\/pt\\\/#organization\",\"name\":\"Jornal das Oficinas\",\"url\":\"https:\\\/\\\/jornaldasoficinas.com\\\/pt\\\/\",\"logo\":{\"@type\":\"ImageObject\",\"inLanguage\":\"pt-PT\",\"@id\":\"https:\\\/\\\/jornaldasoficinas.com\\\/pt\\\/#\\\/schema\\\/logo\\\/image\\\/\",\"url\":\"https:\\\/\\\/jornaldasoficinas.com\\\/pt\\\/wp-content\\\/uploads\\\/logoJO-SEO.png\",\"contentUrl\":\"https:\\\/\\\/jornaldasoficinas.com\\\/pt\\\/wp-content\\\/uploads\\\/logoJO-SEO.png\",\"width\":285,\"height\":450,\"caption\":\"Jornal das Oficinas\"},\"image\":{\"@id\":\"https:\\\/\\\/jornaldasoficinas.com\\\/pt\\\/#\\\/schema\\\/logo\\\/image\\\/\"},\"sameAs\":[\"https:\\\/\\\/www.facebook.com\\\/jornaloficinas\",\"https:\\\/\\\/x.com\\\/jornaloficinas\",\"https:\\\/\\\/www.instagram.com\\\/jornal_oficinas\\\/\",\"https:\\\/\\\/www.linkedin.com\\\/company\\\/jornal-das-oficinas\\\/\",\"https:\\\/\\\/www.youtube.com\\\/channel\\\/UCbQZBqtcvV-oSQrr7RzINGg\"]},{\"@type\":\"Person\",\"@id\":\"https:\\\/\\\/jornaldasoficinas.com\\\/pt\\\/#\\\/schema\\\/person\\\/a38eef5de2c41d9e7c9ac10141afddf3\",\"name\":\"Reda\u00e7\u00e3o JO\",\"image\":{\"@type\":\"ImageObject\",\"inLanguage\":\"pt-PT\",\"@id\":\"https:\\\/\\\/secure.gravatar.com\\\/avatar\\\/71f2fa71737ad68a84fea94bc708ddac8ea5b0c4788dc2ad202f3ccb2887742f?s=96&d=wp_user_avatar&r=g\",\"url\":\"https:\\\/\\\/secure.gravatar.com\\\/avatar\\\/71f2fa71737ad68a84fea94bc708ddac8ea5b0c4788dc2ad202f3ccb2887742f?s=96&d=wp_user_avatar&r=g\",\"contentUrl\":\"https:\\\/\\\/secure.gravatar.com\\\/avatar\\\/71f2fa71737ad68a84fea94bc708ddac8ea5b0c4788dc2ad202f3ccb2887742f?s=96&d=wp_user_avatar&r=g\",\"caption\":\"Reda\u00e7\u00e3o JO\"},\"url\":\"https:\\\/\\\/jornaldasoficinas.com\\\/pt\\\/author\\\/joredacao\\\/\"}]}<\/script>\n<!-- \/ Yoast SEO plugin. -->","yoast_head_json":{"title":"\"Temos a equipa motivada e estamos prontos para mais quarenta anos\", Armando Musqueira, Quimir\u00e9gua - Jornal das Oficinas","description":"A Quimir\u00e9gua celebrou 40 anos, no final de 2022, e \u00e9, na atualidade, uma das mais respeitadas empresas da repintura autom\u00f3vel em Portugal","robots":{"index":"index","follow":"follow","max-snippet":"max-snippet:-1","max-image-preview":"max-image-preview:large","max-video-preview":"max-video-preview:-1"},"canonical":"https:\/\/jornaldasoficinas.com\/pt\/temos-a-equipa-motivada-e-estamos-prontos-para-mais-quarenta-anos-armando-musqueira-quimiregua\/","og_locale":"pt_PT","og_type":"article","og_title":"\"Temos a equipa motivada e estamos prontos para mais quarenta anos\", Armando Musqueira, Quimir\u00e9gua - Jornal das Oficinas","og_description":"A Quimir\u00e9gua celebrou 40 anos, no final de 2022, e \u00e9, na atualidade, uma das mais respeitadas empresas da repintura autom\u00f3vel em Portugal","og_url":"https:\/\/jornaldasoficinas.com\/pt\/temos-a-equipa-motivada-e-estamos-prontos-para-mais-quarenta-anos-armando-musqueira-quimiregua\/","og_site_name":"Jornal das Oficinas","article_publisher":"https:\/\/www.facebook.com\/jornaloficinas","article_published_time":"2023-06-18T17:00:48+00:00","og_image":[{"width":1024,"height":581,"url":"https:\/\/jornaldasoficinas.com\/pt\/wp-content\/uploads\/2023\/06\/quimiregua.jpeg","type":"image\/jpeg"}],"author":"Reda\u00e7\u00e3o JO","twitter_card":"summary_large_image","twitter_creator":"@jornaloficinas","twitter_site":"@jornaloficinas","twitter_misc":{"Escrito por":"Reda\u00e7\u00e3o JO","Tempo estimado de leitura":"2 minutos"},"schema":{"@context":"https:\/\/schema.org","@graph":[{"@type":"Article","@id":"https:\/\/jornaldasoficinas.com\/pt\/temos-a-equipa-motivada-e-estamos-prontos-para-mais-quarenta-anos-armando-musqueira-quimiregua\/#article","isPartOf":{"@id":"https:\/\/jornaldasoficinas.com\/pt\/temos-a-equipa-motivada-e-estamos-prontos-para-mais-quarenta-anos-armando-musqueira-quimiregua\/"},"author":{"name":"Reda\u00e7\u00e3o JO","@id":"https:\/\/jornaldasoficinas.com\/pt\/#\/schema\/person\/a38eef5de2c41d9e7c9ac10141afddf3"},"headline":"&#8220;Temos a equipa motivada e estamos prontos para mais quarenta anos&#8221;, Armando Musqueira, Quimir\u00e9gua","datePublished":"2023-06-18T17:00:48+00:00","mainEntityOfPage":{"@id":"https:\/\/jornaldasoficinas.com\/pt\/temos-a-equipa-motivada-e-estamos-prontos-para-mais-quarenta-anos-armando-musqueira-quimiregua\/"},"wordCount":333,"publisher":{"@id":"https:\/\/jornaldasoficinas.com\/pt\/#organization"},"image":{"@id":"https:\/\/jornaldasoficinas.com\/pt\/temos-a-equipa-motivada-e-estamos-prontos-para-mais-quarenta-anos-armando-musqueira-quimiregua\/#primaryimage"},"thumbnailUrl":"https:\/\/jornaldasoficinas.com\/pt\/wp-content\/uploads\/2023\/06\/quimiregua.jpeg","keywords":["Bragan\u00e7a","Grupo Quimidouro","Quimir\u00e9gua","R\u00e9gua","Repintura","Spies Hecker"],"articleSection":["Entrevistas"],"inLanguage":"pt-PT"},{"@type":"WebPage","@id":"https:\/\/jornaldasoficinas.com\/pt\/temos-a-equipa-motivada-e-estamos-prontos-para-mais-quarenta-anos-armando-musqueira-quimiregua\/","url":"https:\/\/jornaldasoficinas.com\/pt\/temos-a-equipa-motivada-e-estamos-prontos-para-mais-quarenta-anos-armando-musqueira-quimiregua\/","name":"\"Temos a equipa motivada e estamos prontos para mais quarenta anos\", Armando Musqueira, Quimir\u00e9gua - Jornal das Oficinas","isPartOf":{"@id":"https:\/\/jornaldasoficinas.com\/pt\/#website"},"primaryImageOfPage":{"@id":"https:\/\/jornaldasoficinas.com\/pt\/temos-a-equipa-motivada-e-estamos-prontos-para-mais-quarenta-anos-armando-musqueira-quimiregua\/#primaryimage"},"image":{"@id":"https:\/\/jornaldasoficinas.com\/pt\/temos-a-equipa-motivada-e-estamos-prontos-para-mais-quarenta-anos-armando-musqueira-quimiregua\/#primaryimage"},"thumbnailUrl":"https:\/\/jornaldasoficinas.com\/pt\/wp-content\/uploads\/2023\/06\/quimiregua.jpeg","datePublished":"2023-06-18T17:00:48+00:00","description":"A Quimir\u00e9gua celebrou 40 anos, no final de 2022, e \u00e9, na atualidade, uma das mais respeitadas empresas da repintura autom\u00f3vel em Portugal","breadcrumb":{"@id":"https:\/\/jornaldasoficinas.com\/pt\/temos-a-equipa-motivada-e-estamos-prontos-para-mais-quarenta-anos-armando-musqueira-quimiregua\/#breadcrumb"},"inLanguage":"pt-PT","potentialAction":[{"@type":"ReadAction","target":["https:\/\/jornaldasoficinas.com\/pt\/temos-a-equipa-motivada-e-estamos-prontos-para-mais-quarenta-anos-armando-musqueira-quimiregua\/"]}]},{"@type":"ImageObject","inLanguage":"pt-PT","@id":"https:\/\/jornaldasoficinas.com\/pt\/temos-a-equipa-motivada-e-estamos-prontos-para-mais-quarenta-anos-armando-musqueira-quimiregua\/#primaryimage","url":"https:\/\/jornaldasoficinas.com\/pt\/wp-content\/uploads\/2023\/06\/quimiregua.jpeg","contentUrl":"https:\/\/jornaldasoficinas.com\/pt\/wp-content\/uploads\/2023\/06\/quimiregua.jpeg","width":1024,"height":581,"caption":"06 - quimiregua"},{"@type":"BreadcrumbList","@id":"https:\/\/jornaldasoficinas.com\/pt\/temos-a-equipa-motivada-e-estamos-prontos-para-mais-quarenta-anos-armando-musqueira-quimiregua\/#breadcrumb","itemListElement":[{"@type":"ListItem","position":1,"name":"In\u00edcio","item":"https:\/\/jornaldasoficinas.com\/pt\/"},{"@type":"ListItem","position":2,"name":"&#8220;Temos a equipa motivada e estamos prontos para mais quarenta anos&#8221;, Armando Musqueira, Quimir\u00e9gua"}]},{"@type":"WebSite","@id":"https:\/\/jornaldasoficinas.com\/pt\/#website","url":"https:\/\/jornaldasoficinas.com\/pt\/","name":"Jornal das Oficinas","description":"Jornal independente do Aftermarket Autom\u00f3vel em Portugal","publisher":{"@id":"https:\/\/jornaldasoficinas.com\/pt\/#organization"},"potentialAction":[{"@type":"SearchAction","target":{"@type":"EntryPoint","urlTemplate":"https:\/\/jornaldasoficinas.com\/pt\/?s={search_term_string}"},"query-input":{"@type":"PropertyValueSpecification","valueRequired":true,"valueName":"search_term_string"}}],"inLanguage":"pt-PT"},{"@type":"Organization","@id":"https:\/\/jornaldasoficinas.com\/pt\/#organization","name":"Jornal das Oficinas","url":"https:\/\/jornaldasoficinas.com\/pt\/","logo":{"@type":"ImageObject","inLanguage":"pt-PT","@id":"https:\/\/jornaldasoficinas.com\/pt\/#\/schema\/logo\/image\/","url":"https:\/\/jornaldasoficinas.com\/pt\/wp-content\/uploads\/logoJO-SEO.png","contentUrl":"https:\/\/jornaldasoficinas.com\/pt\/wp-content\/uploads\/logoJO-SEO.png","width":285,"height":450,"caption":"Jornal das Oficinas"},"image":{"@id":"https:\/\/jornaldasoficinas.com\/pt\/#\/schema\/logo\/image\/"},"sameAs":["https:\/\/www.facebook.com\/jornaloficinas","https:\/\/x.com\/jornaloficinas","https:\/\/www.instagram.com\/jornal_oficinas\/","https:\/\/www.linkedin.com\/company\/jornal-das-oficinas\/","https:\/\/www.youtube.com\/channel\/UCbQZBqtcvV-oSQrr7RzINGg"]},{"@type":"Person","@id":"https:\/\/jornaldasoficinas.com\/pt\/#\/schema\/person\/a38eef5de2c41d9e7c9ac10141afddf3","name":"Reda\u00e7\u00e3o JO","image":{"@type":"ImageObject","inLanguage":"pt-PT","@id":"https:\/\/secure.gravatar.com\/avatar\/71f2fa71737ad68a84fea94bc708ddac8ea5b0c4788dc2ad202f3ccb2887742f?s=96&d=wp_user_avatar&r=g","url":"https:\/\/secure.gravatar.com\/avatar\/71f2fa71737ad68a84fea94bc708ddac8ea5b0c4788dc2ad202f3ccb2887742f?s=96&d=wp_user_avatar&r=g","contentUrl":"https:\/\/secure.gravatar.com\/avatar\/71f2fa71737ad68a84fea94bc708ddac8ea5b0c4788dc2ad202f3ccb2887742f?s=96&d=wp_user_avatar&r=g","caption":"Reda\u00e7\u00e3o JO"},"url":"https:\/\/jornaldasoficinas.com\/pt\/author\/joredacao\/"}]}},"_links":{"self":[{"href":"https:\/\/jornaldasoficinas.com\/pt\/wp-json\/wp\/v2\/posts\/67978","targetHints":{"allow":["GET"]}}],"collection":[{"href":"https:\/\/jornaldasoficinas.com\/pt\/wp-json\/wp\/v2\/posts"}],"about":[{"href":"https:\/\/jornaldasoficinas.com\/pt\/wp-json\/wp\/v2\/types\/post"}],"author":[{"embeddable":true,"href":"https:\/\/jornaldasoficinas.com\/pt\/wp-json\/wp\/v2\/users\/15"}],"replies":[{"embeddable":true,"href":"https:\/\/jornaldasoficinas.com\/pt\/wp-json\/wp\/v2\/comments?post=67978"}],"version-history":[{"count":0,"href":"https:\/\/jornaldasoficinas.com\/pt\/wp-json\/wp\/v2\/posts\/67978\/revisions"}],"wp:featuredmedia":[{"embeddable":true,"href":"https:\/\/jornaldasoficinas.com\/pt\/wp-json\/wp\/v2\/media\/67977"}],"wp:attachment":[{"href":"https:\/\/jornaldasoficinas.com\/pt\/wp-json\/wp\/v2\/media?parent=67978"}],"wp:term":[{"taxonomy":"category","embeddable":true,"href":"https:\/\/jornaldasoficinas.com\/pt\/wp-json\/wp\/v2\/categories?post=67978"},{"taxonomy":"post_tag","embeddable":true,"href":"https:\/\/jornaldasoficinas.com\/pt\/wp-json\/wp\/v2\/tags?post=67978"}],"curies":[{"name":"wp","href":"https:\/\/api.w.org\/{rel}","templated":true}]}}