{"id":68104,"date":"2023-06-20T12:30:06","date_gmt":"2023-06-20T11:30:06","guid":{"rendered":"https:\/\/jornaldasoficinas.com\/pt\/?p=68104"},"modified":"2023-06-20T08:56:08","modified_gmt":"2023-06-20T07:56:08","slug":"mobinov-divulga-conclusoes-do-projeto-pac","status":"publish","type":"post","link":"https:\/\/jornaldasoficinas.com\/pt\/mobinov-divulga-conclusoes-do-projeto-pac\/","title":{"rendered":"MOBINOV divulga conclus\u00f5es do projeto PAC"},"content":{"rendered":"<p><strong><img loading=\"lazy\" decoding=\"async\" class=\"alignnone size-full wp-image-68105\" src=\"https:\/\/jornaldasoficinas.com\/pt\/wp-content\/uploads\/2023\/06\/MOBINOV-divulga-conclusoes-do-projeto-PAC.jpg\" alt=\"06 - MOBINOV divulga conclusoes do projeto PAC\" width=\"1024\" height=\"581\" srcset=\"https:\/\/jornaldasoficinas.com\/pt\/wp-content\/uploads\/2023\/06\/MOBINOV-divulga-conclusoes-do-projeto-PAC.jpg 1024w, https:\/\/jornaldasoficinas.com\/pt\/wp-content\/uploads\/2023\/06\/MOBINOV-divulga-conclusoes-do-projeto-PAC-300x170.jpg 300w, https:\/\/jornaldasoficinas.com\/pt\/wp-content\/uploads\/2023\/06\/MOBINOV-divulga-conclusoes-do-projeto-PAC-150x85.jpg 150w, https:\/\/jornaldasoficinas.com\/pt\/wp-content\/uploads\/2023\/06\/MOBINOV-divulga-conclusoes-do-projeto-PAC-768x436.jpg 768w\" sizes=\"auto, (max-width: 1024px) 100vw, 1024px\" \/><\/strong><\/p>\n<p><strong>A <a href=\"https:\/\/mobinov.pt\/\" target=\"_blank\" rel=\"noopener\">MOBINOV<\/a> \u2013 Cluster Autom\u00f3vel de Portugal promove na pr\u00f3xima sexta-feira, 23 de junho, \u00e0s 10h00, a sess\u00e3o p\u00fablica de apresenta\u00e7\u00e3o das\u00a0<\/strong><strong>conclus\u00f5es do projeto PAC \u2013 Portugal Auto Cluster for the future<\/strong><\/p>\n<p>O momento, que ir\u00e1 decorrer na sede do <a href=\"https:\/\/www.simoldes.com\/\" target=\"_blank\" rel=\"noopener\">Grupo Simoldes<\/a>, em Oliveira de Azem\u00e9is, contar\u00e1 com a presen\u00e7a do ministro da Economia e do Mar, Ant\u00f3nio Costa Silva. No evento, ser\u00e3o apresentados os resultados alcan\u00e7ados ao longo do projeto, nomeadamente os novos conceitos e arquiteturas de ve\u00edculos, os interiores do futuro, as estruturas e exteriores, a sensoriza\u00e7\u00e3o e conectividade e os novos processos de fabrico com tecnologias de produ\u00e7\u00e3o flex\u00edvel e digital.<\/p>\n<p>Refira-se que a sess\u00e3o assinala a conclus\u00e3o do PAC, programa mobilizador promovido pela MOBINOV, liderado pela Simoldes, e que re\u00fane mais de duas dezenas de entidades nacionais, entre universidades, centros de I&amp;D e ind\u00fastria, em torno do objetivo de criar condi\u00e7\u00f5es para um novo posicionamento do\u00a0<em>cluster\u00a0<\/em>autom\u00f3vel nacional nas cadeias de valor globais do carro do futuro. O projeto teve um investimento eleg\u00edvel total de oito milh\u00f5es de euros.<\/p>\n<p><strong>PAC antecipa uma nova era de mobilidade em Portugal<br \/>\n<\/strong>Desde julho de 2020, o cons\u00f3rcio trabalhou no desenvolvimento, teste e demonstra\u00e7\u00e3o de uma nova gerac\u0327a\u0303o de tecnologias e processos industriais e produtos em diversas \u00e1reas do setor autom\u00f3vel, tendo dado origem a 17 prot\u00f3tipos demonstradores \u2013 um dos quais apresentado oficialmente na Automobile Barcelona 2023, em maio \u00faltimo, e que foi capa da revista oficial do evento.<\/p>\n<p>Destaque-se que este demonstrador integra alguns dos principais resultados alcan\u00e7ados pelo PAC, entre os quais o novo conceito do ve\u00edculo urbano do futuro, dentro das tende\u0302ncias do automo\u0301vel conectado, ele\u0301ctrico e auto\u0301nomo; as novas solu\u00e7\u00f5es com materiais e processos na \u00e1rea dos interiores, seguindo a tende\u0302ncia de\u00a0<em>third living space<\/em>; as novas solu\u00e7\u00f5es com materiais e processos nas \u00e1reas das estruturas e exteriores; as novas solu\u00e7\u00f5es na a\u0301rea da conectividade e sensorizac\u0327a\u0303o; e, ainda, as novas tecnologias, metodologias e processos para a transformac\u0327a\u0303o digital no contexto da indu\u0301stria 4.0. O projeto traduz-se, assim, num importante passo para capacitar as empresas nacionais para entregarem mais valor nas cadeias de valor do carro do futuro e Portugal para a industrializa\u00e7\u00e3o de ve\u00edculos de nova gera\u00e7\u00e3o.<\/p>\n<p><strong>Agenda da sess\u00e3o:<\/strong><\/p>\n<p>10h00 | Boas-vindas \u2013 Ant\u00f3nio da Silva Rodrigues, presidente do Grupo Simoldes<\/p>\n<p>10h10 | Apresenta\u00e7\u00e3o \u2013 Pedro Ramalho, chefe do Cons\u00f3rcio PAC<\/p>\n<p>10h25 | Porqu\u00ea um projeto mobilizador \u2013 Jorge Rosa, presidente da Mobinov<\/p>\n<p>10h35 | PPS1- Novas\u00a0arquiteturas do ve\u00edculo do futuro\u00a0\u2013 Raul Silva<\/p>\n<p>10h45 | PPS2- Interiores do futuro \u2013 Kevin Rodrigues<\/p>\n<p>10h55 | PPS3- Estruturas e exteriores \u2013 Vitor Anjos<\/p>\n<p>11h05 | PPS4- Tecnologias de sensoriza\u00e7\u00e3o e conectividade \u2013 Carlos Alcobia<\/p>\n<p>11h15 | PPS5- Produ\u00e7\u00e3o flex\u00edvel e digital \u2013 Cl\u00e1udia Rocha<\/p>\n<p>11h25 | Encerramento- Ant\u00f3nio Costa Silva, ministro da Economia e do Mar<\/p>\n<p>11h45 | Visita exposi\u00e7\u00e3o PAC<\/p>\n<p>13h15 | Conclus\u00e3o<\/p>\n","protected":false},"excerpt":{"rendered":"<p>A MOBINOV \u2013 Cluster Autom\u00f3vel de&#8230;<\/p>\n","protected":false},"author":15,"featured_media":68105,"comment_status":"closed","ping_status":"closed","sticky":false,"template":"","format":"standard","meta":{"footnotes":""},"categories":[29],"tags":[5645,5647,111,5646],"class_list":["post-68104","post","type-post","status-publish","format-standard","has-post-thumbnail","hentry","category-empresas","tag-23-de-junho","tag-mobilidade-em-portugal","tag-mobinov","tag-projeto-pac"],"yoast_head":"<!-- This site is optimized with the Yoast SEO plugin v27.4 - https:\/\/yoast.com\/product\/yoast-seo-wordpress\/ -->\n<title>MOBINOV divulga conclus\u00f5es do projeto PAC - Jornal das Oficinas<\/title>\n<meta name=\"description\" content=\"A MOBINOV promove na pr\u00f3xima sexta-feira, 23 de junho, \u00e0s 10h00, a sess\u00e3o p\u00fablica de apresenta\u00e7\u00e3o das\u00a0conclus\u00f5es do projeto PAC\" \/>\n<meta name=\"robots\" content=\"index, follow, max-snippet:-1, max-image-preview:large, max-video-preview:-1\" \/>\n<link rel=\"canonical\" href=\"https:\/\/jornaldasoficinas.com\/pt\/mobinov-divulga-conclusoes-do-projeto-pac\/\" \/>\n<meta property=\"og:locale\" content=\"pt_PT\" \/>\n<meta property=\"og:type\" content=\"article\" \/>\n<meta property=\"og:title\" content=\"MOBINOV divulga conclus\u00f5es do projeto PAC - Jornal das Oficinas\" \/>\n<meta property=\"og:description\" content=\"A MOBINOV promove na pr\u00f3xima sexta-feira, 23 de junho, \u00e0s 10h00, a sess\u00e3o p\u00fablica de apresenta\u00e7\u00e3o das\u00a0conclus\u00f5es do projeto PAC\" \/>\n<meta property=\"og:url\" content=\"https:\/\/jornaldasoficinas.com\/pt\/mobinov-divulga-conclusoes-do-projeto-pac\/\" \/>\n<meta property=\"og:site_name\" content=\"Jornal das Oficinas\" \/>\n<meta property=\"article:publisher\" content=\"https:\/\/www.facebook.com\/jornaloficinas\" \/>\n<meta property=\"article:published_time\" content=\"2023-06-20T11:30:06+00:00\" \/>\n<meta property=\"og:image\" content=\"https:\/\/jornaldasoficinas.com\/pt\/wp-content\/uploads\/2023\/06\/MOBINOV-divulga-conclusoes-do-projeto-PAC.jpg\" \/>\n\t<meta property=\"og:image:width\" content=\"1024\" \/>\n\t<meta property=\"og:image:height\" content=\"581\" \/>\n\t<meta property=\"og:image:type\" content=\"image\/jpeg\" \/>\n<meta name=\"author\" content=\"Reda\u00e7\u00e3o JO\" \/>\n<meta name=\"twitter:card\" content=\"summary_large_image\" \/>\n<meta name=\"twitter:creator\" content=\"@jornaloficinas\" \/>\n<meta name=\"twitter:site\" content=\"@jornaloficinas\" \/>\n<meta name=\"twitter:label1\" content=\"Escrito por\" \/>\n\t<meta name=\"twitter:data1\" content=\"Reda\u00e7\u00e3o JO\" \/>\n\t<meta name=\"twitter:label2\" content=\"Tempo estimado de leitura\" \/>\n\t<meta name=\"twitter:data2\" content=\"3 minutos\" \/>\n<script type=\"application\/ld+json\" class=\"yoast-schema-graph\">{\"@context\":\"https:\\\/\\\/schema.org\",\"@graph\":[{\"@type\":\"Article\",\"@id\":\"https:\\\/\\\/jornaldasoficinas.com\\\/pt\\\/mobinov-divulga-conclusoes-do-projeto-pac\\\/#article\",\"isPartOf\":{\"@id\":\"https:\\\/\\\/jornaldasoficinas.com\\\/pt\\\/mobinov-divulga-conclusoes-do-projeto-pac\\\/\"},\"author\":{\"name\":\"Reda\u00e7\u00e3o JO\",\"@id\":\"https:\\\/\\\/jornaldasoficinas.com\\\/pt\\\/#\\\/schema\\\/person\\\/a38eef5de2c41d9e7c9ac10141afddf3\"},\"headline\":\"MOBINOV divulga conclus\u00f5es do projeto PAC\",\"datePublished\":\"2023-06-20T11:30:06+00:00\",\"mainEntityOfPage\":{\"@id\":\"https:\\\/\\\/jornaldasoficinas.com\\\/pt\\\/mobinov-divulga-conclusoes-do-projeto-pac\\\/\"},\"wordCount\":520,\"publisher\":{\"@id\":\"https:\\\/\\\/jornaldasoficinas.com\\\/pt\\\/#organization\"},\"image\":{\"@id\":\"https:\\\/\\\/jornaldasoficinas.com\\\/pt\\\/mobinov-divulga-conclusoes-do-projeto-pac\\\/#primaryimage\"},\"thumbnailUrl\":\"https:\\\/\\\/jornaldasoficinas.com\\\/pt\\\/wp-content\\\/uploads\\\/2023\\\/06\\\/MOBINOV-divulga-conclusoes-do-projeto-PAC.jpg\",\"keywords\":[\"23 de junho\",\"mobilidade em Portugal\",\"Mobinov\",\"projeto PAC\"],\"articleSection\":[\"Empresas\"],\"inLanguage\":\"pt-PT\"},{\"@type\":\"WebPage\",\"@id\":\"https:\\\/\\\/jornaldasoficinas.com\\\/pt\\\/mobinov-divulga-conclusoes-do-projeto-pac\\\/\",\"url\":\"https:\\\/\\\/jornaldasoficinas.com\\\/pt\\\/mobinov-divulga-conclusoes-do-projeto-pac\\\/\",\"name\":\"MOBINOV divulga conclus\u00f5es do projeto PAC - Jornal das Oficinas\",\"isPartOf\":{\"@id\":\"https:\\\/\\\/jornaldasoficinas.com\\\/pt\\\/#website\"},\"primaryImageOfPage\":{\"@id\":\"https:\\\/\\\/jornaldasoficinas.com\\\/pt\\\/mobinov-divulga-conclusoes-do-projeto-pac\\\/#primaryimage\"},\"image\":{\"@id\":\"https:\\\/\\\/jornaldasoficinas.com\\\/pt\\\/mobinov-divulga-conclusoes-do-projeto-pac\\\/#primaryimage\"},\"thumbnailUrl\":\"https:\\\/\\\/jornaldasoficinas.com\\\/pt\\\/wp-content\\\/uploads\\\/2023\\\/06\\\/MOBINOV-divulga-conclusoes-do-projeto-PAC.jpg\",\"datePublished\":\"2023-06-20T11:30:06+00:00\",\"description\":\"A MOBINOV promove na pr\u00f3xima sexta-feira, 23 de junho, \u00e0s 10h00, a sess\u00e3o p\u00fablica de apresenta\u00e7\u00e3o das\u00a0conclus\u00f5es do projeto PAC\",\"breadcrumb\":{\"@id\":\"https:\\\/\\\/jornaldasoficinas.com\\\/pt\\\/mobinov-divulga-conclusoes-do-projeto-pac\\\/#breadcrumb\"},\"inLanguage\":\"pt-PT\",\"potentialAction\":[{\"@type\":\"ReadAction\",\"target\":[\"https:\\\/\\\/jornaldasoficinas.com\\\/pt\\\/mobinov-divulga-conclusoes-do-projeto-pac\\\/\"]}]},{\"@type\":\"ImageObject\",\"inLanguage\":\"pt-PT\",\"@id\":\"https:\\\/\\\/jornaldasoficinas.com\\\/pt\\\/mobinov-divulga-conclusoes-do-projeto-pac\\\/#primaryimage\",\"url\":\"https:\\\/\\\/jornaldasoficinas.com\\\/pt\\\/wp-content\\\/uploads\\\/2023\\\/06\\\/MOBINOV-divulga-conclusoes-do-projeto-PAC.jpg\",\"contentUrl\":\"https:\\\/\\\/jornaldasoficinas.com\\\/pt\\\/wp-content\\\/uploads\\\/2023\\\/06\\\/MOBINOV-divulga-conclusoes-do-projeto-PAC.jpg\",\"width\":1024,\"height\":581,\"caption\":\"06 - MOBINOV divulga conclusoes do projeto PAC\"},{\"@type\":\"BreadcrumbList\",\"@id\":\"https:\\\/\\\/jornaldasoficinas.com\\\/pt\\\/mobinov-divulga-conclusoes-do-projeto-pac\\\/#breadcrumb\",\"itemListElement\":[{\"@type\":\"ListItem\",\"position\":1,\"name\":\"In\u00edcio\",\"item\":\"https:\\\/\\\/jornaldasoficinas.com\\\/pt\\\/\"},{\"@type\":\"ListItem\",\"position\":2,\"name\":\"MOBINOV divulga conclus\u00f5es do projeto PAC\"}]},{\"@type\":\"WebSite\",\"@id\":\"https:\\\/\\\/jornaldasoficinas.com\\\/pt\\\/#website\",\"url\":\"https:\\\/\\\/jornaldasoficinas.com\\\/pt\\\/\",\"name\":\"Jornal das Oficinas\",\"description\":\"Jornal independente do Aftermarket Autom\u00f3vel em Portugal\",\"publisher\":{\"@id\":\"https:\\\/\\\/jornaldasoficinas.com\\\/pt\\\/#organization\"},\"potentialAction\":[{\"@type\":\"SearchAction\",\"target\":{\"@type\":\"EntryPoint\",\"urlTemplate\":\"https:\\\/\\\/jornaldasoficinas.com\\\/pt\\\/?s={search_term_string}\"},\"query-input\":{\"@type\":\"PropertyValueSpecification\",\"valueRequired\":true,\"valueName\":\"search_term_string\"}}],\"inLanguage\":\"pt-PT\"},{\"@type\":\"Organization\",\"@id\":\"https:\\\/\\\/jornaldasoficinas.com\\\/pt\\\/#organization\",\"name\":\"Jornal das Oficinas\",\"url\":\"https:\\\/\\\/jornaldasoficinas.com\\\/pt\\\/\",\"logo\":{\"@type\":\"ImageObject\",\"inLanguage\":\"pt-PT\",\"@id\":\"https:\\\/\\\/jornaldasoficinas.com\\\/pt\\\/#\\\/schema\\\/logo\\\/image\\\/\",\"url\":\"https:\\\/\\\/jornaldasoficinas.com\\\/pt\\\/wp-content\\\/uploads\\\/logoJO-SEO.png\",\"contentUrl\":\"https:\\\/\\\/jornaldasoficinas.com\\\/pt\\\/wp-content\\\/uploads\\\/logoJO-SEO.png\",\"width\":285,\"height\":450,\"caption\":\"Jornal das Oficinas\"},\"image\":{\"@id\":\"https:\\\/\\\/jornaldasoficinas.com\\\/pt\\\/#\\\/schema\\\/logo\\\/image\\\/\"},\"sameAs\":[\"https:\\\/\\\/www.facebook.com\\\/jornaloficinas\",\"https:\\\/\\\/x.com\\\/jornaloficinas\",\"https:\\\/\\\/www.instagram.com\\\/jornal_oficinas\\\/\",\"https:\\\/\\\/www.linkedin.com\\\/company\\\/jornal-das-oficinas\\\/\",\"https:\\\/\\\/www.youtube.com\\\/channel\\\/UCbQZBqtcvV-oSQrr7RzINGg\"]},{\"@type\":\"Person\",\"@id\":\"https:\\\/\\\/jornaldasoficinas.com\\\/pt\\\/#\\\/schema\\\/person\\\/a38eef5de2c41d9e7c9ac10141afddf3\",\"name\":\"Reda\u00e7\u00e3o JO\",\"image\":{\"@type\":\"ImageObject\",\"inLanguage\":\"pt-PT\",\"@id\":\"https:\\\/\\\/secure.gravatar.com\\\/avatar\\\/71f2fa71737ad68a84fea94bc708ddac8ea5b0c4788dc2ad202f3ccb2887742f?s=96&d=wp_user_avatar&r=g\",\"url\":\"https:\\\/\\\/secure.gravatar.com\\\/avatar\\\/71f2fa71737ad68a84fea94bc708ddac8ea5b0c4788dc2ad202f3ccb2887742f?s=96&d=wp_user_avatar&r=g\",\"contentUrl\":\"https:\\\/\\\/secure.gravatar.com\\\/avatar\\\/71f2fa71737ad68a84fea94bc708ddac8ea5b0c4788dc2ad202f3ccb2887742f?s=96&d=wp_user_avatar&r=g\",\"caption\":\"Reda\u00e7\u00e3o JO\"},\"url\":\"https:\\\/\\\/jornaldasoficinas.com\\\/pt\\\/author\\\/joredacao\\\/\"}]}<\/script>\n<!-- \/ Yoast SEO plugin. -->","yoast_head_json":{"title":"MOBINOV divulga conclus\u00f5es do projeto PAC - Jornal das Oficinas","description":"A MOBINOV promove na pr\u00f3xima sexta-feira, 23 de junho, \u00e0s 10h00, a sess\u00e3o p\u00fablica de apresenta\u00e7\u00e3o das\u00a0conclus\u00f5es do projeto PAC","robots":{"index":"index","follow":"follow","max-snippet":"max-snippet:-1","max-image-preview":"max-image-preview:large","max-video-preview":"max-video-preview:-1"},"canonical":"https:\/\/jornaldasoficinas.com\/pt\/mobinov-divulga-conclusoes-do-projeto-pac\/","og_locale":"pt_PT","og_type":"article","og_title":"MOBINOV divulga conclus\u00f5es do projeto PAC - Jornal das Oficinas","og_description":"A MOBINOV promove na pr\u00f3xima sexta-feira, 23 de junho, \u00e0s 10h00, a sess\u00e3o p\u00fablica de apresenta\u00e7\u00e3o das\u00a0conclus\u00f5es do projeto PAC","og_url":"https:\/\/jornaldasoficinas.com\/pt\/mobinov-divulga-conclusoes-do-projeto-pac\/","og_site_name":"Jornal das Oficinas","article_publisher":"https:\/\/www.facebook.com\/jornaloficinas","article_published_time":"2023-06-20T11:30:06+00:00","og_image":[{"width":1024,"height":581,"url":"https:\/\/jornaldasoficinas.com\/pt\/wp-content\/uploads\/2023\/06\/MOBINOV-divulga-conclusoes-do-projeto-PAC.jpg","type":"image\/jpeg"}],"author":"Reda\u00e7\u00e3o JO","twitter_card":"summary_large_image","twitter_creator":"@jornaloficinas","twitter_site":"@jornaloficinas","twitter_misc":{"Escrito por":"Reda\u00e7\u00e3o JO","Tempo estimado de leitura":"3 minutos"},"schema":{"@context":"https:\/\/schema.org","@graph":[{"@type":"Article","@id":"https:\/\/jornaldasoficinas.com\/pt\/mobinov-divulga-conclusoes-do-projeto-pac\/#article","isPartOf":{"@id":"https:\/\/jornaldasoficinas.com\/pt\/mobinov-divulga-conclusoes-do-projeto-pac\/"},"author":{"name":"Reda\u00e7\u00e3o JO","@id":"https:\/\/jornaldasoficinas.com\/pt\/#\/schema\/person\/a38eef5de2c41d9e7c9ac10141afddf3"},"headline":"MOBINOV divulga conclus\u00f5es do projeto PAC","datePublished":"2023-06-20T11:30:06+00:00","mainEntityOfPage":{"@id":"https:\/\/jornaldasoficinas.com\/pt\/mobinov-divulga-conclusoes-do-projeto-pac\/"},"wordCount":520,"publisher":{"@id":"https:\/\/jornaldasoficinas.com\/pt\/#organization"},"image":{"@id":"https:\/\/jornaldasoficinas.com\/pt\/mobinov-divulga-conclusoes-do-projeto-pac\/#primaryimage"},"thumbnailUrl":"https:\/\/jornaldasoficinas.com\/pt\/wp-content\/uploads\/2023\/06\/MOBINOV-divulga-conclusoes-do-projeto-PAC.jpg","keywords":["23 de junho","mobilidade em Portugal","Mobinov","projeto PAC"],"articleSection":["Empresas"],"inLanguage":"pt-PT"},{"@type":"WebPage","@id":"https:\/\/jornaldasoficinas.com\/pt\/mobinov-divulga-conclusoes-do-projeto-pac\/","url":"https:\/\/jornaldasoficinas.com\/pt\/mobinov-divulga-conclusoes-do-projeto-pac\/","name":"MOBINOV divulga conclus\u00f5es do projeto PAC - Jornal das Oficinas","isPartOf":{"@id":"https:\/\/jornaldasoficinas.com\/pt\/#website"},"primaryImageOfPage":{"@id":"https:\/\/jornaldasoficinas.com\/pt\/mobinov-divulga-conclusoes-do-projeto-pac\/#primaryimage"},"image":{"@id":"https:\/\/jornaldasoficinas.com\/pt\/mobinov-divulga-conclusoes-do-projeto-pac\/#primaryimage"},"thumbnailUrl":"https:\/\/jornaldasoficinas.com\/pt\/wp-content\/uploads\/2023\/06\/MOBINOV-divulga-conclusoes-do-projeto-PAC.jpg","datePublished":"2023-06-20T11:30:06+00:00","description":"A MOBINOV promove na pr\u00f3xima sexta-feira, 23 de junho, \u00e0s 10h00, a sess\u00e3o p\u00fablica de apresenta\u00e7\u00e3o das\u00a0conclus\u00f5es do projeto PAC","breadcrumb":{"@id":"https:\/\/jornaldasoficinas.com\/pt\/mobinov-divulga-conclusoes-do-projeto-pac\/#breadcrumb"},"inLanguage":"pt-PT","potentialAction":[{"@type":"ReadAction","target":["https:\/\/jornaldasoficinas.com\/pt\/mobinov-divulga-conclusoes-do-projeto-pac\/"]}]},{"@type":"ImageObject","inLanguage":"pt-PT","@id":"https:\/\/jornaldasoficinas.com\/pt\/mobinov-divulga-conclusoes-do-projeto-pac\/#primaryimage","url":"https:\/\/jornaldasoficinas.com\/pt\/wp-content\/uploads\/2023\/06\/MOBINOV-divulga-conclusoes-do-projeto-PAC.jpg","contentUrl":"https:\/\/jornaldasoficinas.com\/pt\/wp-content\/uploads\/2023\/06\/MOBINOV-divulga-conclusoes-do-projeto-PAC.jpg","width":1024,"height":581,"caption":"06 - MOBINOV divulga conclusoes do projeto PAC"},{"@type":"BreadcrumbList","@id":"https:\/\/jornaldasoficinas.com\/pt\/mobinov-divulga-conclusoes-do-projeto-pac\/#breadcrumb","itemListElement":[{"@type":"ListItem","position":1,"name":"In\u00edcio","item":"https:\/\/jornaldasoficinas.com\/pt\/"},{"@type":"ListItem","position":2,"name":"MOBINOV divulga conclus\u00f5es do projeto PAC"}]},{"@type":"WebSite","@id":"https:\/\/jornaldasoficinas.com\/pt\/#website","url":"https:\/\/jornaldasoficinas.com\/pt\/","name":"Jornal das Oficinas","description":"Jornal independente do Aftermarket Autom\u00f3vel em Portugal","publisher":{"@id":"https:\/\/jornaldasoficinas.com\/pt\/#organization"},"potentialAction":[{"@type":"SearchAction","target":{"@type":"EntryPoint","urlTemplate":"https:\/\/jornaldasoficinas.com\/pt\/?s={search_term_string}"},"query-input":{"@type":"PropertyValueSpecification","valueRequired":true,"valueName":"search_term_string"}}],"inLanguage":"pt-PT"},{"@type":"Organization","@id":"https:\/\/jornaldasoficinas.com\/pt\/#organization","name":"Jornal das Oficinas","url":"https:\/\/jornaldasoficinas.com\/pt\/","logo":{"@type":"ImageObject","inLanguage":"pt-PT","@id":"https:\/\/jornaldasoficinas.com\/pt\/#\/schema\/logo\/image\/","url":"https:\/\/jornaldasoficinas.com\/pt\/wp-content\/uploads\/logoJO-SEO.png","contentUrl":"https:\/\/jornaldasoficinas.com\/pt\/wp-content\/uploads\/logoJO-SEO.png","width":285,"height":450,"caption":"Jornal das Oficinas"},"image":{"@id":"https:\/\/jornaldasoficinas.com\/pt\/#\/schema\/logo\/image\/"},"sameAs":["https:\/\/www.facebook.com\/jornaloficinas","https:\/\/x.com\/jornaloficinas","https:\/\/www.instagram.com\/jornal_oficinas\/","https:\/\/www.linkedin.com\/company\/jornal-das-oficinas\/","https:\/\/www.youtube.com\/channel\/UCbQZBqtcvV-oSQrr7RzINGg"]},{"@type":"Person","@id":"https:\/\/jornaldasoficinas.com\/pt\/#\/schema\/person\/a38eef5de2c41d9e7c9ac10141afddf3","name":"Reda\u00e7\u00e3o JO","image":{"@type":"ImageObject","inLanguage":"pt-PT","@id":"https:\/\/secure.gravatar.com\/avatar\/71f2fa71737ad68a84fea94bc708ddac8ea5b0c4788dc2ad202f3ccb2887742f?s=96&d=wp_user_avatar&r=g","url":"https:\/\/secure.gravatar.com\/avatar\/71f2fa71737ad68a84fea94bc708ddac8ea5b0c4788dc2ad202f3ccb2887742f?s=96&d=wp_user_avatar&r=g","contentUrl":"https:\/\/secure.gravatar.com\/avatar\/71f2fa71737ad68a84fea94bc708ddac8ea5b0c4788dc2ad202f3ccb2887742f?s=96&d=wp_user_avatar&r=g","caption":"Reda\u00e7\u00e3o JO"},"url":"https:\/\/jornaldasoficinas.com\/pt\/author\/joredacao\/"}]}},"_links":{"self":[{"href":"https:\/\/jornaldasoficinas.com\/pt\/wp-json\/wp\/v2\/posts\/68104","targetHints":{"allow":["GET"]}}],"collection":[{"href":"https:\/\/jornaldasoficinas.com\/pt\/wp-json\/wp\/v2\/posts"}],"about":[{"href":"https:\/\/jornaldasoficinas.com\/pt\/wp-json\/wp\/v2\/types\/post"}],"author":[{"embeddable":true,"href":"https:\/\/jornaldasoficinas.com\/pt\/wp-json\/wp\/v2\/users\/15"}],"replies":[{"embeddable":true,"href":"https:\/\/jornaldasoficinas.com\/pt\/wp-json\/wp\/v2\/comments?post=68104"}],"version-history":[{"count":0,"href":"https:\/\/jornaldasoficinas.com\/pt\/wp-json\/wp\/v2\/posts\/68104\/revisions"}],"wp:featuredmedia":[{"embeddable":true,"href":"https:\/\/jornaldasoficinas.com\/pt\/wp-json\/wp\/v2\/media\/68105"}],"wp:attachment":[{"href":"https:\/\/jornaldasoficinas.com\/pt\/wp-json\/wp\/v2\/media?parent=68104"}],"wp:term":[{"taxonomy":"category","embeddable":true,"href":"https:\/\/jornaldasoficinas.com\/pt\/wp-json\/wp\/v2\/categories?post=68104"},{"taxonomy":"post_tag","embeddable":true,"href":"https:\/\/jornaldasoficinas.com\/pt\/wp-json\/wp\/v2\/tags?post=68104"}],"curies":[{"name":"wp","href":"https:\/\/api.w.org\/{rel}","templated":true}]}}