{"id":68118,"date":"2023-06-20T09:30:13","date_gmt":"2023-06-20T08:30:13","guid":{"rendered":"https:\/\/jornaldasoficinas.com\/pt\/?p=68118"},"modified":"2023-06-20T09:38:52","modified_gmt":"2023-06-20T08:38:52","slug":"vitor-maia-nomeado-responsavel-vendas-da-delphi-em-portugal","status":"publish","type":"post","link":"https:\/\/jornaldasoficinas.com\/pt\/vitor-maia-nomeado-responsavel-vendas-da-delphi-em-portugal\/","title":{"rendered":"V\u00edtor Maia nomeado respons\u00e1vel vendas da Delphi em Portugal"},"content":{"rendered":"<p><img loading=\"lazy\" decoding=\"async\" class=\"alignnone size-full wp-image-68112\" src=\"https:\/\/jornaldasoficinas.com\/pt\/wp-content\/uploads\/2023\/06\/Vitor-Maia-Delphi.jpg\" alt=\"06 - Vitor Maia Delphi\" width=\"1024\" height=\"581\" srcset=\"https:\/\/jornaldasoficinas.com\/pt\/wp-content\/uploads\/2023\/06\/Vitor-Maia-Delphi.jpg 1024w, https:\/\/jornaldasoficinas.com\/pt\/wp-content\/uploads\/2023\/06\/Vitor-Maia-Delphi-300x170.jpg 300w, https:\/\/jornaldasoficinas.com\/pt\/wp-content\/uploads\/2023\/06\/Vitor-Maia-Delphi-150x85.jpg 150w, https:\/\/jornaldasoficinas.com\/pt\/wp-content\/uploads\/2023\/06\/Vitor-Maia-Delphi-768x436.jpg 768w\" sizes=\"auto, (max-width: 1024px) 100vw, 1024px\" \/><\/p>\n<p><strong>A <a href=\"https:\/\/www.delphiautoparts.com\/pt-br\" target=\"_blank\" rel=\"noopener\">Delphi Technologies<\/a> anunciou a nomea\u00e7\u00e3o de V\u00edtor Maia como novo respons\u00e1vel de vendas e \u00e1rea t\u00e9cnica para Portugal. Possui um profundo conhecimento de praticamente todos os aspetos do mercado, gra\u00e7as \u00e0 sua vasta e variada carreira profissional<\/strong><\/p>\n<p>Com a incorpora\u00e7\u00e3o de V\u00edtor Maia, a Delphi Technologies quer refor\u00e7ar a sua rede comercial e impulsionar o seu crescimento num dos mercados mais atraentes para a companhia.<\/p>\n<p>V\u00edtor Maia possui uma vasta experi\u00eancia de quase 40 anos no setor autom\u00f3vel, no qual come\u00e7ou de base a trabalhar numa loja de pe\u00e7as de reposi\u00e7\u00e3o. Posteriormente, focou a sua carreira para a \u00e1rea de diagn\u00f3stico, na qual colaborou durante bastante tempo com v\u00e1rias das marcas mais conceituadas.<\/p>\n<p>Depois disso, o novo respons\u00e1vel das vendas e \u00e1rea t\u00e9cnica para Portugal da Delphi Technologies especializou-se na forma\u00e7\u00e3o e suporte t\u00e9cnico, um setor com uma procura sempre em expans\u00e3o, para, finalmente, nestes \u00faltimos anos exercer fun\u00e7\u00f5es como respons\u00e1vel t\u00e9cnico, especialmente de produtos de manuten\u00e7\u00e3o como trav\u00f5es ou de gest\u00e3o do motor.<\/p>\n<p>Para a Delphi Technologies \u00e9 fundamental contar com uma rede especializada e profissional para o mercado portugu\u00eas, em que a companhia quer continuar a ser um parceiro de confian\u00e7a para distribuidores e oficinas.<\/p>\n<p>Para o mesmo, a incorpora\u00e7\u00e3o de um perfil com muita experi\u00eancia como o do V\u00edtor Maia permitir\u00e1 \u00e0 Delphi Technologies continuar a melhorar a sua oferta comercial no aftermarket, bem como oferecer um servi\u00e7o cada vez mais eficiente e pr\u00f3ximo.<\/p>\n<p>De igual modo, e face ao acelerado ritmo dos progressos tecnol\u00f3gicos, os profundos conhecimentos do novo respons\u00e1vel das vendas e \u00e1rea t\u00e9cnica v\u00e3o servir para apoiar a oficina nas suas necessidades e continuar a ser uma refer\u00eancia face aos novos desafios tecnol\u00f3gicos.<\/p>\n","protected":false},"excerpt":{"rendered":"<p>A Delphi Technologies anunciou a nomea\u00e7\u00e3o&#8230;<\/p>\n","protected":false},"author":15,"featured_media":68112,"comment_status":"closed","ping_status":"closed","sticky":false,"template":"","format":"standard","meta":{"footnotes":""},"categories":[29],"tags":[953,5652,5651,5650],"class_list":["post-68118","post","type-post","status-publish","format-standard","has-post-thumbnail","hentry","category-empresas","tag-delphi-technologies","tag-novo-responsavel","tag-vendas-e-area-tecnica","tag-vitor-maia"],"yoast_head":"<!-- This site is optimized with the Yoast SEO plugin v27.4 - https:\/\/yoast.com\/product\/yoast-seo-wordpress\/ -->\n<title>V\u00edtor Maia nomeado respons\u00e1vel vendas da Delphi em Portugal - Jornal das Oficinas<\/title>\n<meta name=\"description\" content=\"A Delphi Technologies anunciou a nomea\u00e7\u00e3o de V\u00edtor Maia como novo respons\u00e1vel de vendas e \u00e1rea t\u00e9cnica para Portugal\" \/>\n<meta name=\"robots\" content=\"index, follow, max-snippet:-1, max-image-preview:large, max-video-preview:-1\" \/>\n<link rel=\"canonical\" href=\"https:\/\/jornaldasoficinas.com\/pt\/vitor-maia-nomeado-responsavel-vendas-da-delphi-em-portugal\/\" \/>\n<meta property=\"og:locale\" content=\"pt_PT\" \/>\n<meta property=\"og:type\" content=\"article\" \/>\n<meta property=\"og:title\" content=\"V\u00edtor Maia nomeado respons\u00e1vel vendas da Delphi em Portugal - Jornal das Oficinas\" \/>\n<meta property=\"og:description\" content=\"A Delphi Technologies anunciou a nomea\u00e7\u00e3o de V\u00edtor Maia como novo respons\u00e1vel de vendas e \u00e1rea t\u00e9cnica para Portugal\" \/>\n<meta property=\"og:url\" content=\"https:\/\/jornaldasoficinas.com\/pt\/vitor-maia-nomeado-responsavel-vendas-da-delphi-em-portugal\/\" \/>\n<meta property=\"og:site_name\" content=\"Jornal das Oficinas\" \/>\n<meta property=\"article:publisher\" content=\"https:\/\/www.facebook.com\/jornaloficinas\" \/>\n<meta property=\"article:published_time\" content=\"2023-06-20T08:30:13+00:00\" \/>\n<meta property=\"article:modified_time\" content=\"2023-06-20T08:38:52+00:00\" \/>\n<meta property=\"og:image\" content=\"https:\/\/jornaldasoficinas.com\/pt\/wp-content\/uploads\/2023\/06\/Vitor-Maia-Delphi.jpg\" \/>\n\t<meta property=\"og:image:width\" content=\"1024\" \/>\n\t<meta property=\"og:image:height\" content=\"581\" \/>\n\t<meta property=\"og:image:type\" content=\"image\/jpeg\" \/>\n<meta name=\"author\" content=\"Reda\u00e7\u00e3o JO\" \/>\n<meta name=\"twitter:card\" content=\"summary_large_image\" \/>\n<meta name=\"twitter:creator\" content=\"@jornaloficinas\" \/>\n<meta name=\"twitter:site\" content=\"@jornaloficinas\" \/>\n<meta name=\"twitter:label1\" content=\"Escrito por\" \/>\n\t<meta name=\"twitter:data1\" content=\"Reda\u00e7\u00e3o JO\" \/>\n\t<meta name=\"twitter:label2\" content=\"Tempo estimado de leitura\" \/>\n\t<meta name=\"twitter:data2\" content=\"2 minutos\" \/>\n<script type=\"application\/ld+json\" class=\"yoast-schema-graph\">{\"@context\":\"https:\\\/\\\/schema.org\",\"@graph\":[{\"@type\":\"Article\",\"@id\":\"https:\\\/\\\/jornaldasoficinas.com\\\/pt\\\/vitor-maia-nomeado-responsavel-vendas-da-delphi-em-portugal\\\/#article\",\"isPartOf\":{\"@id\":\"https:\\\/\\\/jornaldasoficinas.com\\\/pt\\\/vitor-maia-nomeado-responsavel-vendas-da-delphi-em-portugal\\\/\"},\"author\":{\"name\":\"Reda\u00e7\u00e3o JO\",\"@id\":\"https:\\\/\\\/jornaldasoficinas.com\\\/pt\\\/#\\\/schema\\\/person\\\/a38eef5de2c41d9e7c9ac10141afddf3\"},\"headline\":\"V\u00edtor Maia nomeado respons\u00e1vel vendas da Delphi em Portugal\",\"datePublished\":\"2023-06-20T08:30:13+00:00\",\"dateModified\":\"2023-06-20T08:38:52+00:00\",\"mainEntityOfPage\":{\"@id\":\"https:\\\/\\\/jornaldasoficinas.com\\\/pt\\\/vitor-maia-nomeado-responsavel-vendas-da-delphi-em-portugal\\\/\"},\"wordCount\":327,\"publisher\":{\"@id\":\"https:\\\/\\\/jornaldasoficinas.com\\\/pt\\\/#organization\"},\"image\":{\"@id\":\"https:\\\/\\\/jornaldasoficinas.com\\\/pt\\\/vitor-maia-nomeado-responsavel-vendas-da-delphi-em-portugal\\\/#primaryimage\"},\"thumbnailUrl\":\"https:\\\/\\\/jornaldasoficinas.com\\\/pt\\\/wp-content\\\/uploads\\\/2023\\\/06\\\/Vitor-Maia-Delphi.jpg\",\"keywords\":[\"Delphi Technologies\",\"novo respons\u00e1vel\",\"vendas e \u00e1rea t\u00e9cnica\",\"Vitor Maia\"],\"articleSection\":[\"Empresas\"],\"inLanguage\":\"pt-PT\"},{\"@type\":\"WebPage\",\"@id\":\"https:\\\/\\\/jornaldasoficinas.com\\\/pt\\\/vitor-maia-nomeado-responsavel-vendas-da-delphi-em-portugal\\\/\",\"url\":\"https:\\\/\\\/jornaldasoficinas.com\\\/pt\\\/vitor-maia-nomeado-responsavel-vendas-da-delphi-em-portugal\\\/\",\"name\":\"V\u00edtor Maia nomeado respons\u00e1vel vendas da Delphi em Portugal - Jornal das Oficinas\",\"isPartOf\":{\"@id\":\"https:\\\/\\\/jornaldasoficinas.com\\\/pt\\\/#website\"},\"primaryImageOfPage\":{\"@id\":\"https:\\\/\\\/jornaldasoficinas.com\\\/pt\\\/vitor-maia-nomeado-responsavel-vendas-da-delphi-em-portugal\\\/#primaryimage\"},\"image\":{\"@id\":\"https:\\\/\\\/jornaldasoficinas.com\\\/pt\\\/vitor-maia-nomeado-responsavel-vendas-da-delphi-em-portugal\\\/#primaryimage\"},\"thumbnailUrl\":\"https:\\\/\\\/jornaldasoficinas.com\\\/pt\\\/wp-content\\\/uploads\\\/2023\\\/06\\\/Vitor-Maia-Delphi.jpg\",\"datePublished\":\"2023-06-20T08:30:13+00:00\",\"dateModified\":\"2023-06-20T08:38:52+00:00\",\"description\":\"A Delphi Technologies anunciou a nomea\u00e7\u00e3o de V\u00edtor Maia como novo respons\u00e1vel de vendas e \u00e1rea t\u00e9cnica para Portugal\",\"breadcrumb\":{\"@id\":\"https:\\\/\\\/jornaldasoficinas.com\\\/pt\\\/vitor-maia-nomeado-responsavel-vendas-da-delphi-em-portugal\\\/#breadcrumb\"},\"inLanguage\":\"pt-PT\",\"potentialAction\":[{\"@type\":\"ReadAction\",\"target\":[\"https:\\\/\\\/jornaldasoficinas.com\\\/pt\\\/vitor-maia-nomeado-responsavel-vendas-da-delphi-em-portugal\\\/\"]}]},{\"@type\":\"ImageObject\",\"inLanguage\":\"pt-PT\",\"@id\":\"https:\\\/\\\/jornaldasoficinas.com\\\/pt\\\/vitor-maia-nomeado-responsavel-vendas-da-delphi-em-portugal\\\/#primaryimage\",\"url\":\"https:\\\/\\\/jornaldasoficinas.com\\\/pt\\\/wp-content\\\/uploads\\\/2023\\\/06\\\/Vitor-Maia-Delphi.jpg\",\"contentUrl\":\"https:\\\/\\\/jornaldasoficinas.com\\\/pt\\\/wp-content\\\/uploads\\\/2023\\\/06\\\/Vitor-Maia-Delphi.jpg\",\"width\":1024,\"height\":581,\"caption\":\"06 - Vitor Maia Delphi\"},{\"@type\":\"BreadcrumbList\",\"@id\":\"https:\\\/\\\/jornaldasoficinas.com\\\/pt\\\/vitor-maia-nomeado-responsavel-vendas-da-delphi-em-portugal\\\/#breadcrumb\",\"itemListElement\":[{\"@type\":\"ListItem\",\"position\":1,\"name\":\"In\u00edcio\",\"item\":\"https:\\\/\\\/jornaldasoficinas.com\\\/pt\\\/\"},{\"@type\":\"ListItem\",\"position\":2,\"name\":\"V\u00edtor Maia nomeado respons\u00e1vel vendas da Delphi em Portugal\"}]},{\"@type\":\"WebSite\",\"@id\":\"https:\\\/\\\/jornaldasoficinas.com\\\/pt\\\/#website\",\"url\":\"https:\\\/\\\/jornaldasoficinas.com\\\/pt\\\/\",\"name\":\"Jornal das Oficinas\",\"description\":\"Jornal independente do Aftermarket Autom\u00f3vel em Portugal\",\"publisher\":{\"@id\":\"https:\\\/\\\/jornaldasoficinas.com\\\/pt\\\/#organization\"},\"potentialAction\":[{\"@type\":\"SearchAction\",\"target\":{\"@type\":\"EntryPoint\",\"urlTemplate\":\"https:\\\/\\\/jornaldasoficinas.com\\\/pt\\\/?s={search_term_string}\"},\"query-input\":{\"@type\":\"PropertyValueSpecification\",\"valueRequired\":true,\"valueName\":\"search_term_string\"}}],\"inLanguage\":\"pt-PT\"},{\"@type\":\"Organization\",\"@id\":\"https:\\\/\\\/jornaldasoficinas.com\\\/pt\\\/#organization\",\"name\":\"Jornal das Oficinas\",\"url\":\"https:\\\/\\\/jornaldasoficinas.com\\\/pt\\\/\",\"logo\":{\"@type\":\"ImageObject\",\"inLanguage\":\"pt-PT\",\"@id\":\"https:\\\/\\\/jornaldasoficinas.com\\\/pt\\\/#\\\/schema\\\/logo\\\/image\\\/\",\"url\":\"https:\\\/\\\/jornaldasoficinas.com\\\/pt\\\/wp-content\\\/uploads\\\/logoJO-SEO.png\",\"contentUrl\":\"https:\\\/\\\/jornaldasoficinas.com\\\/pt\\\/wp-content\\\/uploads\\\/logoJO-SEO.png\",\"width\":285,\"height\":450,\"caption\":\"Jornal das Oficinas\"},\"image\":{\"@id\":\"https:\\\/\\\/jornaldasoficinas.com\\\/pt\\\/#\\\/schema\\\/logo\\\/image\\\/\"},\"sameAs\":[\"https:\\\/\\\/www.facebook.com\\\/jornaloficinas\",\"https:\\\/\\\/x.com\\\/jornaloficinas\",\"https:\\\/\\\/www.instagram.com\\\/jornal_oficinas\\\/\",\"https:\\\/\\\/www.linkedin.com\\\/company\\\/jornal-das-oficinas\\\/\",\"https:\\\/\\\/www.youtube.com\\\/channel\\\/UCbQZBqtcvV-oSQrr7RzINGg\"]},{\"@type\":\"Person\",\"@id\":\"https:\\\/\\\/jornaldasoficinas.com\\\/pt\\\/#\\\/schema\\\/person\\\/a38eef5de2c41d9e7c9ac10141afddf3\",\"name\":\"Reda\u00e7\u00e3o JO\",\"image\":{\"@type\":\"ImageObject\",\"inLanguage\":\"pt-PT\",\"@id\":\"https:\\\/\\\/secure.gravatar.com\\\/avatar\\\/71f2fa71737ad68a84fea94bc708ddac8ea5b0c4788dc2ad202f3ccb2887742f?s=96&d=wp_user_avatar&r=g\",\"url\":\"https:\\\/\\\/secure.gravatar.com\\\/avatar\\\/71f2fa71737ad68a84fea94bc708ddac8ea5b0c4788dc2ad202f3ccb2887742f?s=96&d=wp_user_avatar&r=g\",\"contentUrl\":\"https:\\\/\\\/secure.gravatar.com\\\/avatar\\\/71f2fa71737ad68a84fea94bc708ddac8ea5b0c4788dc2ad202f3ccb2887742f?s=96&d=wp_user_avatar&r=g\",\"caption\":\"Reda\u00e7\u00e3o JO\"},\"url\":\"https:\\\/\\\/jornaldasoficinas.com\\\/pt\\\/author\\\/joredacao\\\/\"}]}<\/script>\n<!-- \/ Yoast SEO plugin. -->","yoast_head_json":{"title":"V\u00edtor Maia nomeado respons\u00e1vel vendas da Delphi em Portugal - Jornal das Oficinas","description":"A Delphi Technologies anunciou a nomea\u00e7\u00e3o de V\u00edtor Maia como novo respons\u00e1vel de vendas e \u00e1rea t\u00e9cnica para Portugal","robots":{"index":"index","follow":"follow","max-snippet":"max-snippet:-1","max-image-preview":"max-image-preview:large","max-video-preview":"max-video-preview:-1"},"canonical":"https:\/\/jornaldasoficinas.com\/pt\/vitor-maia-nomeado-responsavel-vendas-da-delphi-em-portugal\/","og_locale":"pt_PT","og_type":"article","og_title":"V\u00edtor Maia nomeado respons\u00e1vel vendas da Delphi em Portugal - Jornal das Oficinas","og_description":"A Delphi Technologies anunciou a nomea\u00e7\u00e3o de V\u00edtor Maia como novo respons\u00e1vel de vendas e \u00e1rea t\u00e9cnica para Portugal","og_url":"https:\/\/jornaldasoficinas.com\/pt\/vitor-maia-nomeado-responsavel-vendas-da-delphi-em-portugal\/","og_site_name":"Jornal das Oficinas","article_publisher":"https:\/\/www.facebook.com\/jornaloficinas","article_published_time":"2023-06-20T08:30:13+00:00","article_modified_time":"2023-06-20T08:38:52+00:00","og_image":[{"width":1024,"height":581,"url":"https:\/\/jornaldasoficinas.com\/pt\/wp-content\/uploads\/2023\/06\/Vitor-Maia-Delphi.jpg","type":"image\/jpeg"}],"author":"Reda\u00e7\u00e3o JO","twitter_card":"summary_large_image","twitter_creator":"@jornaloficinas","twitter_site":"@jornaloficinas","twitter_misc":{"Escrito por":"Reda\u00e7\u00e3o JO","Tempo estimado de leitura":"2 minutos"},"schema":{"@context":"https:\/\/schema.org","@graph":[{"@type":"Article","@id":"https:\/\/jornaldasoficinas.com\/pt\/vitor-maia-nomeado-responsavel-vendas-da-delphi-em-portugal\/#article","isPartOf":{"@id":"https:\/\/jornaldasoficinas.com\/pt\/vitor-maia-nomeado-responsavel-vendas-da-delphi-em-portugal\/"},"author":{"name":"Reda\u00e7\u00e3o JO","@id":"https:\/\/jornaldasoficinas.com\/pt\/#\/schema\/person\/a38eef5de2c41d9e7c9ac10141afddf3"},"headline":"V\u00edtor Maia nomeado respons\u00e1vel vendas da Delphi em Portugal","datePublished":"2023-06-20T08:30:13+00:00","dateModified":"2023-06-20T08:38:52+00:00","mainEntityOfPage":{"@id":"https:\/\/jornaldasoficinas.com\/pt\/vitor-maia-nomeado-responsavel-vendas-da-delphi-em-portugal\/"},"wordCount":327,"publisher":{"@id":"https:\/\/jornaldasoficinas.com\/pt\/#organization"},"image":{"@id":"https:\/\/jornaldasoficinas.com\/pt\/vitor-maia-nomeado-responsavel-vendas-da-delphi-em-portugal\/#primaryimage"},"thumbnailUrl":"https:\/\/jornaldasoficinas.com\/pt\/wp-content\/uploads\/2023\/06\/Vitor-Maia-Delphi.jpg","keywords":["Delphi Technologies","novo respons\u00e1vel","vendas e \u00e1rea t\u00e9cnica","Vitor Maia"],"articleSection":["Empresas"],"inLanguage":"pt-PT"},{"@type":"WebPage","@id":"https:\/\/jornaldasoficinas.com\/pt\/vitor-maia-nomeado-responsavel-vendas-da-delphi-em-portugal\/","url":"https:\/\/jornaldasoficinas.com\/pt\/vitor-maia-nomeado-responsavel-vendas-da-delphi-em-portugal\/","name":"V\u00edtor Maia nomeado respons\u00e1vel vendas da Delphi em Portugal - Jornal das Oficinas","isPartOf":{"@id":"https:\/\/jornaldasoficinas.com\/pt\/#website"},"primaryImageOfPage":{"@id":"https:\/\/jornaldasoficinas.com\/pt\/vitor-maia-nomeado-responsavel-vendas-da-delphi-em-portugal\/#primaryimage"},"image":{"@id":"https:\/\/jornaldasoficinas.com\/pt\/vitor-maia-nomeado-responsavel-vendas-da-delphi-em-portugal\/#primaryimage"},"thumbnailUrl":"https:\/\/jornaldasoficinas.com\/pt\/wp-content\/uploads\/2023\/06\/Vitor-Maia-Delphi.jpg","datePublished":"2023-06-20T08:30:13+00:00","dateModified":"2023-06-20T08:38:52+00:00","description":"A Delphi Technologies anunciou a nomea\u00e7\u00e3o de V\u00edtor Maia como novo respons\u00e1vel de vendas e \u00e1rea t\u00e9cnica para Portugal","breadcrumb":{"@id":"https:\/\/jornaldasoficinas.com\/pt\/vitor-maia-nomeado-responsavel-vendas-da-delphi-em-portugal\/#breadcrumb"},"inLanguage":"pt-PT","potentialAction":[{"@type":"ReadAction","target":["https:\/\/jornaldasoficinas.com\/pt\/vitor-maia-nomeado-responsavel-vendas-da-delphi-em-portugal\/"]}]},{"@type":"ImageObject","inLanguage":"pt-PT","@id":"https:\/\/jornaldasoficinas.com\/pt\/vitor-maia-nomeado-responsavel-vendas-da-delphi-em-portugal\/#primaryimage","url":"https:\/\/jornaldasoficinas.com\/pt\/wp-content\/uploads\/2023\/06\/Vitor-Maia-Delphi.jpg","contentUrl":"https:\/\/jornaldasoficinas.com\/pt\/wp-content\/uploads\/2023\/06\/Vitor-Maia-Delphi.jpg","width":1024,"height":581,"caption":"06 - Vitor Maia Delphi"},{"@type":"BreadcrumbList","@id":"https:\/\/jornaldasoficinas.com\/pt\/vitor-maia-nomeado-responsavel-vendas-da-delphi-em-portugal\/#breadcrumb","itemListElement":[{"@type":"ListItem","position":1,"name":"In\u00edcio","item":"https:\/\/jornaldasoficinas.com\/pt\/"},{"@type":"ListItem","position":2,"name":"V\u00edtor Maia nomeado respons\u00e1vel vendas da Delphi em Portugal"}]},{"@type":"WebSite","@id":"https:\/\/jornaldasoficinas.com\/pt\/#website","url":"https:\/\/jornaldasoficinas.com\/pt\/","name":"Jornal das Oficinas","description":"Jornal independente do Aftermarket Autom\u00f3vel em Portugal","publisher":{"@id":"https:\/\/jornaldasoficinas.com\/pt\/#organization"},"potentialAction":[{"@type":"SearchAction","target":{"@type":"EntryPoint","urlTemplate":"https:\/\/jornaldasoficinas.com\/pt\/?s={search_term_string}"},"query-input":{"@type":"PropertyValueSpecification","valueRequired":true,"valueName":"search_term_string"}}],"inLanguage":"pt-PT"},{"@type":"Organization","@id":"https:\/\/jornaldasoficinas.com\/pt\/#organization","name":"Jornal das Oficinas","url":"https:\/\/jornaldasoficinas.com\/pt\/","logo":{"@type":"ImageObject","inLanguage":"pt-PT","@id":"https:\/\/jornaldasoficinas.com\/pt\/#\/schema\/logo\/image\/","url":"https:\/\/jornaldasoficinas.com\/pt\/wp-content\/uploads\/logoJO-SEO.png","contentUrl":"https:\/\/jornaldasoficinas.com\/pt\/wp-content\/uploads\/logoJO-SEO.png","width":285,"height":450,"caption":"Jornal das Oficinas"},"image":{"@id":"https:\/\/jornaldasoficinas.com\/pt\/#\/schema\/logo\/image\/"},"sameAs":["https:\/\/www.facebook.com\/jornaloficinas","https:\/\/x.com\/jornaloficinas","https:\/\/www.instagram.com\/jornal_oficinas\/","https:\/\/www.linkedin.com\/company\/jornal-das-oficinas\/","https:\/\/www.youtube.com\/channel\/UCbQZBqtcvV-oSQrr7RzINGg"]},{"@type":"Person","@id":"https:\/\/jornaldasoficinas.com\/pt\/#\/schema\/person\/a38eef5de2c41d9e7c9ac10141afddf3","name":"Reda\u00e7\u00e3o JO","image":{"@type":"ImageObject","inLanguage":"pt-PT","@id":"https:\/\/secure.gravatar.com\/avatar\/71f2fa71737ad68a84fea94bc708ddac8ea5b0c4788dc2ad202f3ccb2887742f?s=96&d=wp_user_avatar&r=g","url":"https:\/\/secure.gravatar.com\/avatar\/71f2fa71737ad68a84fea94bc708ddac8ea5b0c4788dc2ad202f3ccb2887742f?s=96&d=wp_user_avatar&r=g","contentUrl":"https:\/\/secure.gravatar.com\/avatar\/71f2fa71737ad68a84fea94bc708ddac8ea5b0c4788dc2ad202f3ccb2887742f?s=96&d=wp_user_avatar&r=g","caption":"Reda\u00e7\u00e3o JO"},"url":"https:\/\/jornaldasoficinas.com\/pt\/author\/joredacao\/"}]}},"_links":{"self":[{"href":"https:\/\/jornaldasoficinas.com\/pt\/wp-json\/wp\/v2\/posts\/68118","targetHints":{"allow":["GET"]}}],"collection":[{"href":"https:\/\/jornaldasoficinas.com\/pt\/wp-json\/wp\/v2\/posts"}],"about":[{"href":"https:\/\/jornaldasoficinas.com\/pt\/wp-json\/wp\/v2\/types\/post"}],"author":[{"embeddable":true,"href":"https:\/\/jornaldasoficinas.com\/pt\/wp-json\/wp\/v2\/users\/15"}],"replies":[{"embeddable":true,"href":"https:\/\/jornaldasoficinas.com\/pt\/wp-json\/wp\/v2\/comments?post=68118"}],"version-history":[{"count":0,"href":"https:\/\/jornaldasoficinas.com\/pt\/wp-json\/wp\/v2\/posts\/68118\/revisions"}],"wp:featuredmedia":[{"embeddable":true,"href":"https:\/\/jornaldasoficinas.com\/pt\/wp-json\/wp\/v2\/media\/68112"}],"wp:attachment":[{"href":"https:\/\/jornaldasoficinas.com\/pt\/wp-json\/wp\/v2\/media?parent=68118"}],"wp:term":[{"taxonomy":"category","embeddable":true,"href":"https:\/\/jornaldasoficinas.com\/pt\/wp-json\/wp\/v2\/categories?post=68118"},{"taxonomy":"post_tag","embeddable":true,"href":"https:\/\/jornaldasoficinas.com\/pt\/wp-json\/wp\/v2\/tags?post=68118"}],"curies":[{"name":"wp","href":"https:\/\/api.w.org\/{rel}","templated":true}]}}