{"id":6819,"date":"2019-11-18T12:30:34","date_gmt":"2019-11-18T12:30:34","guid":{"rendered":"https:\/\/jornaldasoficinas.com\/pt\/?p=6819"},"modified":"2019-11-18T12:33:57","modified_gmt":"2019-11-18T12:33:57","slug":"visible-fee-circular-da-apa-e-da-dgae-para-produtores-e-distribuidores","status":"publish","type":"post","link":"https:\/\/jornaldasoficinas.com\/pt\/visible-fee-circular-da-apa-e-da-dgae-para-produtores-e-distribuidores\/","title":{"rendered":"\u201cVisible Fee\u201d: circular da APA e da DGAE para produtores e distribuidores de res\u00edduos"},"content":{"rendered":"<p><img loading=\"lazy\" decoding=\"async\" class=\"alignnone wp-image-6820 size-full\" src=\"https:\/\/jornaldasoficinas.com\/pt\/wp-content\/uploads\/sogilubpontoverde.png\" alt=\"\" width=\"1024\" height=\"581\" srcset=\"https:\/\/jornaldasoficinas.com\/pt\/wp-content\/uploads\/sogilubpontoverde.png 1024w, https:\/\/jornaldasoficinas.com\/pt\/wp-content\/uploads\/sogilubpontoverde-300x170.png 300w, https:\/\/jornaldasoficinas.com\/pt\/wp-content\/uploads\/sogilubpontoverde-150x85.png 150w, https:\/\/jornaldasoficinas.com\/pt\/wp-content\/uploads\/sogilubpontoverde-768x436.png 768w\" sizes=\"auto, (max-width: 1024px) 100vw, 1024px\" \/><\/p>\n<p><strong>Documento da Ag\u00eancia Portuguesa do Ambiente e da Dire\u00e7\u00e3o-Geral das Atividades Econ\u00f3micas sobre a \u201cVisible Fee\u201d diz respeito \u00e0 discrimina\u00e7\u00e3o nas faturas da presta\u00e7\u00e3o financeira paga a favor das entidades gestoras de sistemas integrados de gest\u00e3o de fluxos espec\u00edficos de res\u00edduos.<\/strong><\/p>\n<p>Esta circular veio fixar e publicitar a obrigatoriedade legal de, a partir de 1 de janeiro de 2020, todos os Produtores de \u00d3leos Novos (PrON\u2019s) e Distribuidores, \u201cao longo da cadeia, nas transa\u00e7\u00f5es entre operadores econ\u00f3micos\u201d, passarem a discriminar na sua fatura\u00e7\u00e3o, as seguintes men\u00e7\u00f5es abaixo reproduzidas:<\/p>\n<p>\u2022 \u201cA responsabilidade pelo circuito de gest\u00e3o dos \u00f3leos usados foi transferida para a <a href=\"https:\/\/www.sogilub.pt\/\" target=\"_blank\" rel=\"noopener noreferrer\">Sogilub<\/a> &#8211; Sociedade de Gest\u00e3o Integrada de \u00d3leos Lubrificantes Usados, Lda.\u201d;<\/p>\n<p>\u2022 \u201cA responsabilidade pela gest\u00e3o dos res\u00edduos de embalagens foi transferida para a <a href=\"https:\/\/pontoverde.pt\/quem_somos.php\" target=\"_blank\" rel=\"noopener noreferrer\">Entidade Gestora Sociedade Ponto Verde<\/a>\u201d.<\/p>\n<p>O Decreto-Lei n.\u00b0 152-D\/2017, de 11 de dezembro, que unifica o regime da gesta\u0303o de fluxos especi\u0301ficos de resi\u0301duos sujeitos ao princi\u0301pio da responsabilidade alargada do produtor, no n.\u00b0 6 do artigo 14.\u00b0, veio estabelecer a seguinte obrigac\u0327a\u0303o, aplica\u0301vel a todos os operadores econo\u0301micos que nela se enquadrem:<\/p>\n<p>\u201cOs produtores e distribuidores discriminam ao longo da cadeia, nas transac\u0327o\u0303es entre operadores econo\u0301micos, num item especi\u0301fico a consagrar na respetiva fatura, o valor correspondente a\u0300 prestac\u0327a\u0303o financeira fixada a favor da entidade gestora\u201d.<\/p>\n<p>Face a\u0300s questo\u0303es sobre os destinata\u0301rios abrangidos e a forma como devera\u0301 esta obrigac\u0327a\u0303o ser implementada, nomeadamente qual o ni\u0301vel de discriminac\u0327a\u0303o necessa\u0301rio a constar nas faturas e qual a forma como a informac\u0327a\u0303o devera\u0301 estar visi\u0301vel tendo em conta os diferentes fluxos abrangidos, esta circular visa fixar o entendimento quanto a\u0300 abrange\u0302ncia e operacionalizac\u0327a\u0303o da referida obrigac\u0327a\u0303o.<\/p>\n<p>Assim, para efeitos de cumprimento do estabelecido no n.\u00b0 6 do artigo 14.\u00b0 do Decreto-Lei n.\u00b0 152-D\/2017, de 11 de dezembro, esclarece-se o seguinte:<\/p>\n<p>\u2022 Esta obrigac\u0327a\u0303o inicia-se com o primeiro operador econo\u0301mico que coloca os seus produtos no mercado e abrange todos os operadores econo\u0301micos ao longo da cadeia, mantendo-se em todas as transac\u0327o\u0303es que ocorram previamente a\u0300 venda do produto ao consumidor final.<\/p>\n<p>Um operador econo\u0301mico que proceda a\u0300 venda a retalho ao consumidor final na\u0303o tem de cumprir a referida obrigac\u0327a\u0303o, enquadrando-se na definic\u0327a\u0303o de consumidor final, para efeitos da aplicac\u0327a\u0303o da referida disposic\u0327a\u0303o, o operador econo\u0301mico que adquire produtos num estabelecimento de come\u0301rcio a retalho, na medida em que se pressupo\u0303e que os produtos adquiridos se destinam a uso profissional, ou seja, utilizados no exerci\u0301cio da sua atividade, na\u0303o procedendo a\u0300 sua revenda.<\/p>\n<p>\u2022 Os operadores econo\u0301micos devera\u0303o operacionalizar esta obrigac\u0327a\u0303o identificando nas faturas as entidades gestoras com quem contratualizaram a transfere\u0302ncia das suas responsabilidades pela gesta\u0303o dos resi\u0301duos e identificar o si\u0301tio da <em>Internet<\/em> das mesmas para verificac\u0327a\u0303o dos valores das prestac\u0327o\u0303es financeiras praticados.<\/p>\n","protected":false},"excerpt":{"rendered":"<p>Documento da Ag\u00eancia Portuguesa do Ambiente&#8230;<\/p>\n","protected":false},"author":15,"featured_media":6820,"comment_status":"closed","ping_status":"closed","sticky":false,"template":"","format":"standard","meta":{"footnotes":""},"categories":[37],"tags":[815,816,817,154,814,813,812],"class_list":["post-6819","post","type-post","status-publish","format-standard","has-post-thumbnail","hentry","category-mercado","tag-apa","tag-dgae","tag-embalagens","tag-oleos","tag-residuos","tag-sociedade-ponto-verde","tag-sogilub"],"yoast_head":"<!-- This site is optimized with the Yoast SEO plugin v27.4 - https:\/\/yoast.com\/product\/yoast-seo-wordpress\/ -->\n<title>\u201cVisible Fee\u201d: circular da APA e da DGAE para produtores e distribuidores de res\u00edduos - Jornal das Oficinas<\/title>\n<meta name=\"robots\" content=\"index, follow, max-snippet:-1, max-image-preview:large, max-video-preview:-1\" \/>\n<link rel=\"canonical\" href=\"https:\/\/jornaldasoficinas.com\/pt\/visible-fee-circular-da-apa-e-da-dgae-para-produtores-e-distribuidores\/\" \/>\n<meta property=\"og:locale\" content=\"pt_PT\" \/>\n<meta property=\"og:type\" content=\"article\" \/>\n<meta property=\"og:title\" content=\"\u201cVisible Fee\u201d: circular da APA e da DGAE para produtores e distribuidores de res\u00edduos - Jornal das Oficinas\" \/>\n<meta property=\"og:description\" content=\"Documento da Ag\u00eancia Portuguesa do Ambiente...\" \/>\n<meta property=\"og:url\" content=\"https:\/\/jornaldasoficinas.com\/pt\/visible-fee-circular-da-apa-e-da-dgae-para-produtores-e-distribuidores\/\" \/>\n<meta property=\"og:site_name\" content=\"Jornal das Oficinas\" \/>\n<meta property=\"article:publisher\" content=\"https:\/\/www.facebook.com\/jornaloficinas\" \/>\n<meta property=\"article:published_time\" content=\"2019-11-18T12:30:34+00:00\" \/>\n<meta property=\"article:modified_time\" content=\"2019-11-18T12:33:57+00:00\" \/>\n<meta property=\"og:image\" content=\"https:\/\/jornaldasoficinas.com\/pt\/wp-content\/uploads\/sogilubpontoverde.png\" \/>\n\t<meta property=\"og:image:width\" content=\"1024\" \/>\n\t<meta property=\"og:image:height\" content=\"581\" \/>\n\t<meta property=\"og:image:type\" content=\"image\/png\" \/>\n<meta name=\"author\" content=\"Reda\u00e7\u00e3o JO\" \/>\n<meta name=\"twitter:card\" content=\"summary_large_image\" \/>\n<meta name=\"twitter:creator\" content=\"@jornaloficinas\" \/>\n<meta name=\"twitter:site\" content=\"@jornaloficinas\" \/>\n<meta name=\"twitter:label1\" content=\"Escrito por\" \/>\n\t<meta name=\"twitter:data1\" content=\"Reda\u00e7\u00e3o JO\" \/>\n\t<meta name=\"twitter:label2\" content=\"Tempo estimado de leitura\" \/>\n\t<meta name=\"twitter:data2\" content=\"3 minutos\" \/>\n<script type=\"application\/ld+json\" class=\"yoast-schema-graph\">{\"@context\":\"https:\\\/\\\/schema.org\",\"@graph\":[{\"@type\":\"Article\",\"@id\":\"https:\\\/\\\/jornaldasoficinas.com\\\/pt\\\/visible-fee-circular-da-apa-e-da-dgae-para-produtores-e-distribuidores\\\/#article\",\"isPartOf\":{\"@id\":\"https:\\\/\\\/jornaldasoficinas.com\\\/pt\\\/visible-fee-circular-da-apa-e-da-dgae-para-produtores-e-distribuidores\\\/\"},\"author\":{\"name\":\"Reda\u00e7\u00e3o JO\",\"@id\":\"https:\\\/\\\/jornaldasoficinas.com\\\/pt\\\/#\\\/schema\\\/person\\\/a38eef5de2c41d9e7c9ac10141afddf3\"},\"headline\":\"\u201cVisible Fee\u201d: circular da APA e da DGAE para produtores e distribuidores de res\u00edduos\",\"datePublished\":\"2019-11-18T12:30:34+00:00\",\"dateModified\":\"2019-11-18T12:33:57+00:00\",\"mainEntityOfPage\":{\"@id\":\"https:\\\/\\\/jornaldasoficinas.com\\\/pt\\\/visible-fee-circular-da-apa-e-da-dgae-para-produtores-e-distribuidores\\\/\"},\"wordCount\":533,\"publisher\":{\"@id\":\"https:\\\/\\\/jornaldasoficinas.com\\\/pt\\\/#organization\"},\"image\":{\"@id\":\"https:\\\/\\\/jornaldasoficinas.com\\\/pt\\\/visible-fee-circular-da-apa-e-da-dgae-para-produtores-e-distribuidores\\\/#primaryimage\"},\"thumbnailUrl\":\"https:\\\/\\\/jornaldasoficinas.com\\\/pt\\\/wp-content\\\/uploads\\\/sogilubpontoverde.png\",\"keywords\":[\"APA\",\"DGAE\",\"Embalagens\",\"\u00f3leos\",\"Res\u00edduos\",\"Sociedade Ponto Verde\",\"Sogilub\"],\"articleSection\":[\"Mercado\"],\"inLanguage\":\"pt-PT\"},{\"@type\":\"WebPage\",\"@id\":\"https:\\\/\\\/jornaldasoficinas.com\\\/pt\\\/visible-fee-circular-da-apa-e-da-dgae-para-produtores-e-distribuidores\\\/\",\"url\":\"https:\\\/\\\/jornaldasoficinas.com\\\/pt\\\/visible-fee-circular-da-apa-e-da-dgae-para-produtores-e-distribuidores\\\/\",\"name\":\"\u201cVisible Fee\u201d: circular da APA e da DGAE para produtores e distribuidores de res\u00edduos - Jornal das Oficinas\",\"isPartOf\":{\"@id\":\"https:\\\/\\\/jornaldasoficinas.com\\\/pt\\\/#website\"},\"primaryImageOfPage\":{\"@id\":\"https:\\\/\\\/jornaldasoficinas.com\\\/pt\\\/visible-fee-circular-da-apa-e-da-dgae-para-produtores-e-distribuidores\\\/#primaryimage\"},\"image\":{\"@id\":\"https:\\\/\\\/jornaldasoficinas.com\\\/pt\\\/visible-fee-circular-da-apa-e-da-dgae-para-produtores-e-distribuidores\\\/#primaryimage\"},\"thumbnailUrl\":\"https:\\\/\\\/jornaldasoficinas.com\\\/pt\\\/wp-content\\\/uploads\\\/sogilubpontoverde.png\",\"datePublished\":\"2019-11-18T12:30:34+00:00\",\"dateModified\":\"2019-11-18T12:33:57+00:00\",\"breadcrumb\":{\"@id\":\"https:\\\/\\\/jornaldasoficinas.com\\\/pt\\\/visible-fee-circular-da-apa-e-da-dgae-para-produtores-e-distribuidores\\\/#breadcrumb\"},\"inLanguage\":\"pt-PT\",\"potentialAction\":[{\"@type\":\"ReadAction\",\"target\":[\"https:\\\/\\\/jornaldasoficinas.com\\\/pt\\\/visible-fee-circular-da-apa-e-da-dgae-para-produtores-e-distribuidores\\\/\"]}]},{\"@type\":\"ImageObject\",\"inLanguage\":\"pt-PT\",\"@id\":\"https:\\\/\\\/jornaldasoficinas.com\\\/pt\\\/visible-fee-circular-da-apa-e-da-dgae-para-produtores-e-distribuidores\\\/#primaryimage\",\"url\":\"https:\\\/\\\/jornaldasoficinas.com\\\/pt\\\/wp-content\\\/uploads\\\/sogilubpontoverde.png\",\"contentUrl\":\"https:\\\/\\\/jornaldasoficinas.com\\\/pt\\\/wp-content\\\/uploads\\\/sogilubpontoverde.png\",\"width\":1024,\"height\":581},{\"@type\":\"BreadcrumbList\",\"@id\":\"https:\\\/\\\/jornaldasoficinas.com\\\/pt\\\/visible-fee-circular-da-apa-e-da-dgae-para-produtores-e-distribuidores\\\/#breadcrumb\",\"itemListElement\":[{\"@type\":\"ListItem\",\"position\":1,\"name\":\"In\u00edcio\",\"item\":\"https:\\\/\\\/jornaldasoficinas.com\\\/pt\\\/\"},{\"@type\":\"ListItem\",\"position\":2,\"name\":\"\u201cVisible Fee\u201d: circular da APA e da DGAE para produtores e distribuidores de res\u00edduos\"}]},{\"@type\":\"WebSite\",\"@id\":\"https:\\\/\\\/jornaldasoficinas.com\\\/pt\\\/#website\",\"url\":\"https:\\\/\\\/jornaldasoficinas.com\\\/pt\\\/\",\"name\":\"Jornal das Oficinas\",\"description\":\"Jornal independente do Aftermarket Autom\u00f3vel em Portugal\",\"publisher\":{\"@id\":\"https:\\\/\\\/jornaldasoficinas.com\\\/pt\\\/#organization\"},\"potentialAction\":[{\"@type\":\"SearchAction\",\"target\":{\"@type\":\"EntryPoint\",\"urlTemplate\":\"https:\\\/\\\/jornaldasoficinas.com\\\/pt\\\/?s={search_term_string}\"},\"query-input\":{\"@type\":\"PropertyValueSpecification\",\"valueRequired\":true,\"valueName\":\"search_term_string\"}}],\"inLanguage\":\"pt-PT\"},{\"@type\":\"Organization\",\"@id\":\"https:\\\/\\\/jornaldasoficinas.com\\\/pt\\\/#organization\",\"name\":\"Jornal das Oficinas\",\"url\":\"https:\\\/\\\/jornaldasoficinas.com\\\/pt\\\/\",\"logo\":{\"@type\":\"ImageObject\",\"inLanguage\":\"pt-PT\",\"@id\":\"https:\\\/\\\/jornaldasoficinas.com\\\/pt\\\/#\\\/schema\\\/logo\\\/image\\\/\",\"url\":\"https:\\\/\\\/jornaldasoficinas.com\\\/pt\\\/wp-content\\\/uploads\\\/logoJO-SEO.png\",\"contentUrl\":\"https:\\\/\\\/jornaldasoficinas.com\\\/pt\\\/wp-content\\\/uploads\\\/logoJO-SEO.png\",\"width\":285,\"height\":450,\"caption\":\"Jornal das Oficinas\"},\"image\":{\"@id\":\"https:\\\/\\\/jornaldasoficinas.com\\\/pt\\\/#\\\/schema\\\/logo\\\/image\\\/\"},\"sameAs\":[\"https:\\\/\\\/www.facebook.com\\\/jornaloficinas\",\"https:\\\/\\\/x.com\\\/jornaloficinas\",\"https:\\\/\\\/www.instagram.com\\\/jornal_oficinas\\\/\",\"https:\\\/\\\/www.linkedin.com\\\/company\\\/jornal-das-oficinas\\\/\",\"https:\\\/\\\/www.youtube.com\\\/channel\\\/UCbQZBqtcvV-oSQrr7RzINGg\"]},{\"@type\":\"Person\",\"@id\":\"https:\\\/\\\/jornaldasoficinas.com\\\/pt\\\/#\\\/schema\\\/person\\\/a38eef5de2c41d9e7c9ac10141afddf3\",\"name\":\"Reda\u00e7\u00e3o JO\",\"image\":{\"@type\":\"ImageObject\",\"inLanguage\":\"pt-PT\",\"@id\":\"https:\\\/\\\/secure.gravatar.com\\\/avatar\\\/71f2fa71737ad68a84fea94bc708ddac8ea5b0c4788dc2ad202f3ccb2887742f?s=96&d=wp_user_avatar&r=g\",\"url\":\"https:\\\/\\\/secure.gravatar.com\\\/avatar\\\/71f2fa71737ad68a84fea94bc708ddac8ea5b0c4788dc2ad202f3ccb2887742f?s=96&d=wp_user_avatar&r=g\",\"contentUrl\":\"https:\\\/\\\/secure.gravatar.com\\\/avatar\\\/71f2fa71737ad68a84fea94bc708ddac8ea5b0c4788dc2ad202f3ccb2887742f?s=96&d=wp_user_avatar&r=g\",\"caption\":\"Reda\u00e7\u00e3o JO\"},\"url\":\"https:\\\/\\\/jornaldasoficinas.com\\\/pt\\\/author\\\/joredacao\\\/\"}]}<\/script>\n<!-- \/ Yoast SEO plugin. -->","yoast_head_json":{"title":"\u201cVisible Fee\u201d: circular da APA e da DGAE para produtores e distribuidores de res\u00edduos - Jornal das Oficinas","robots":{"index":"index","follow":"follow","max-snippet":"max-snippet:-1","max-image-preview":"max-image-preview:large","max-video-preview":"max-video-preview:-1"},"canonical":"https:\/\/jornaldasoficinas.com\/pt\/visible-fee-circular-da-apa-e-da-dgae-para-produtores-e-distribuidores\/","og_locale":"pt_PT","og_type":"article","og_title":"\u201cVisible Fee\u201d: circular da APA e da DGAE para produtores e distribuidores de res\u00edduos - Jornal das Oficinas","og_description":"Documento da Ag\u00eancia Portuguesa do Ambiente...","og_url":"https:\/\/jornaldasoficinas.com\/pt\/visible-fee-circular-da-apa-e-da-dgae-para-produtores-e-distribuidores\/","og_site_name":"Jornal das Oficinas","article_publisher":"https:\/\/www.facebook.com\/jornaloficinas","article_published_time":"2019-11-18T12:30:34+00:00","article_modified_time":"2019-11-18T12:33:57+00:00","og_image":[{"width":1024,"height":581,"url":"https:\/\/jornaldasoficinas.com\/pt\/wp-content\/uploads\/sogilubpontoverde.png","type":"image\/png"}],"author":"Reda\u00e7\u00e3o JO","twitter_card":"summary_large_image","twitter_creator":"@jornaloficinas","twitter_site":"@jornaloficinas","twitter_misc":{"Escrito por":"Reda\u00e7\u00e3o JO","Tempo estimado de leitura":"3 minutos"},"schema":{"@context":"https:\/\/schema.org","@graph":[{"@type":"Article","@id":"https:\/\/jornaldasoficinas.com\/pt\/visible-fee-circular-da-apa-e-da-dgae-para-produtores-e-distribuidores\/#article","isPartOf":{"@id":"https:\/\/jornaldasoficinas.com\/pt\/visible-fee-circular-da-apa-e-da-dgae-para-produtores-e-distribuidores\/"},"author":{"name":"Reda\u00e7\u00e3o JO","@id":"https:\/\/jornaldasoficinas.com\/pt\/#\/schema\/person\/a38eef5de2c41d9e7c9ac10141afddf3"},"headline":"\u201cVisible Fee\u201d: circular da APA e da DGAE para produtores e distribuidores de res\u00edduos","datePublished":"2019-11-18T12:30:34+00:00","dateModified":"2019-11-18T12:33:57+00:00","mainEntityOfPage":{"@id":"https:\/\/jornaldasoficinas.com\/pt\/visible-fee-circular-da-apa-e-da-dgae-para-produtores-e-distribuidores\/"},"wordCount":533,"publisher":{"@id":"https:\/\/jornaldasoficinas.com\/pt\/#organization"},"image":{"@id":"https:\/\/jornaldasoficinas.com\/pt\/visible-fee-circular-da-apa-e-da-dgae-para-produtores-e-distribuidores\/#primaryimage"},"thumbnailUrl":"https:\/\/jornaldasoficinas.com\/pt\/wp-content\/uploads\/sogilubpontoverde.png","keywords":["APA","DGAE","Embalagens","\u00f3leos","Res\u00edduos","Sociedade Ponto Verde","Sogilub"],"articleSection":["Mercado"],"inLanguage":"pt-PT"},{"@type":"WebPage","@id":"https:\/\/jornaldasoficinas.com\/pt\/visible-fee-circular-da-apa-e-da-dgae-para-produtores-e-distribuidores\/","url":"https:\/\/jornaldasoficinas.com\/pt\/visible-fee-circular-da-apa-e-da-dgae-para-produtores-e-distribuidores\/","name":"\u201cVisible Fee\u201d: circular da APA e da DGAE para produtores e distribuidores de res\u00edduos - Jornal das Oficinas","isPartOf":{"@id":"https:\/\/jornaldasoficinas.com\/pt\/#website"},"primaryImageOfPage":{"@id":"https:\/\/jornaldasoficinas.com\/pt\/visible-fee-circular-da-apa-e-da-dgae-para-produtores-e-distribuidores\/#primaryimage"},"image":{"@id":"https:\/\/jornaldasoficinas.com\/pt\/visible-fee-circular-da-apa-e-da-dgae-para-produtores-e-distribuidores\/#primaryimage"},"thumbnailUrl":"https:\/\/jornaldasoficinas.com\/pt\/wp-content\/uploads\/sogilubpontoverde.png","datePublished":"2019-11-18T12:30:34+00:00","dateModified":"2019-11-18T12:33:57+00:00","breadcrumb":{"@id":"https:\/\/jornaldasoficinas.com\/pt\/visible-fee-circular-da-apa-e-da-dgae-para-produtores-e-distribuidores\/#breadcrumb"},"inLanguage":"pt-PT","potentialAction":[{"@type":"ReadAction","target":["https:\/\/jornaldasoficinas.com\/pt\/visible-fee-circular-da-apa-e-da-dgae-para-produtores-e-distribuidores\/"]}]},{"@type":"ImageObject","inLanguage":"pt-PT","@id":"https:\/\/jornaldasoficinas.com\/pt\/visible-fee-circular-da-apa-e-da-dgae-para-produtores-e-distribuidores\/#primaryimage","url":"https:\/\/jornaldasoficinas.com\/pt\/wp-content\/uploads\/sogilubpontoverde.png","contentUrl":"https:\/\/jornaldasoficinas.com\/pt\/wp-content\/uploads\/sogilubpontoverde.png","width":1024,"height":581},{"@type":"BreadcrumbList","@id":"https:\/\/jornaldasoficinas.com\/pt\/visible-fee-circular-da-apa-e-da-dgae-para-produtores-e-distribuidores\/#breadcrumb","itemListElement":[{"@type":"ListItem","position":1,"name":"In\u00edcio","item":"https:\/\/jornaldasoficinas.com\/pt\/"},{"@type":"ListItem","position":2,"name":"\u201cVisible Fee\u201d: circular da APA e da DGAE para produtores e distribuidores de res\u00edduos"}]},{"@type":"WebSite","@id":"https:\/\/jornaldasoficinas.com\/pt\/#website","url":"https:\/\/jornaldasoficinas.com\/pt\/","name":"Jornal das Oficinas","description":"Jornal independente do Aftermarket Autom\u00f3vel em Portugal","publisher":{"@id":"https:\/\/jornaldasoficinas.com\/pt\/#organization"},"potentialAction":[{"@type":"SearchAction","target":{"@type":"EntryPoint","urlTemplate":"https:\/\/jornaldasoficinas.com\/pt\/?s={search_term_string}"},"query-input":{"@type":"PropertyValueSpecification","valueRequired":true,"valueName":"search_term_string"}}],"inLanguage":"pt-PT"},{"@type":"Organization","@id":"https:\/\/jornaldasoficinas.com\/pt\/#organization","name":"Jornal das Oficinas","url":"https:\/\/jornaldasoficinas.com\/pt\/","logo":{"@type":"ImageObject","inLanguage":"pt-PT","@id":"https:\/\/jornaldasoficinas.com\/pt\/#\/schema\/logo\/image\/","url":"https:\/\/jornaldasoficinas.com\/pt\/wp-content\/uploads\/logoJO-SEO.png","contentUrl":"https:\/\/jornaldasoficinas.com\/pt\/wp-content\/uploads\/logoJO-SEO.png","width":285,"height":450,"caption":"Jornal das Oficinas"},"image":{"@id":"https:\/\/jornaldasoficinas.com\/pt\/#\/schema\/logo\/image\/"},"sameAs":["https:\/\/www.facebook.com\/jornaloficinas","https:\/\/x.com\/jornaloficinas","https:\/\/www.instagram.com\/jornal_oficinas\/","https:\/\/www.linkedin.com\/company\/jornal-das-oficinas\/","https:\/\/www.youtube.com\/channel\/UCbQZBqtcvV-oSQrr7RzINGg"]},{"@type":"Person","@id":"https:\/\/jornaldasoficinas.com\/pt\/#\/schema\/person\/a38eef5de2c41d9e7c9ac10141afddf3","name":"Reda\u00e7\u00e3o JO","image":{"@type":"ImageObject","inLanguage":"pt-PT","@id":"https:\/\/secure.gravatar.com\/avatar\/71f2fa71737ad68a84fea94bc708ddac8ea5b0c4788dc2ad202f3ccb2887742f?s=96&d=wp_user_avatar&r=g","url":"https:\/\/secure.gravatar.com\/avatar\/71f2fa71737ad68a84fea94bc708ddac8ea5b0c4788dc2ad202f3ccb2887742f?s=96&d=wp_user_avatar&r=g","contentUrl":"https:\/\/secure.gravatar.com\/avatar\/71f2fa71737ad68a84fea94bc708ddac8ea5b0c4788dc2ad202f3ccb2887742f?s=96&d=wp_user_avatar&r=g","caption":"Reda\u00e7\u00e3o JO"},"url":"https:\/\/jornaldasoficinas.com\/pt\/author\/joredacao\/"}]}},"_links":{"self":[{"href":"https:\/\/jornaldasoficinas.com\/pt\/wp-json\/wp\/v2\/posts\/6819","targetHints":{"allow":["GET"]}}],"collection":[{"href":"https:\/\/jornaldasoficinas.com\/pt\/wp-json\/wp\/v2\/posts"}],"about":[{"href":"https:\/\/jornaldasoficinas.com\/pt\/wp-json\/wp\/v2\/types\/post"}],"author":[{"embeddable":true,"href":"https:\/\/jornaldasoficinas.com\/pt\/wp-json\/wp\/v2\/users\/15"}],"replies":[{"embeddable":true,"href":"https:\/\/jornaldasoficinas.com\/pt\/wp-json\/wp\/v2\/comments?post=6819"}],"version-history":[{"count":0,"href":"https:\/\/jornaldasoficinas.com\/pt\/wp-json\/wp\/v2\/posts\/6819\/revisions"}],"wp:featuredmedia":[{"embeddable":true,"href":"https:\/\/jornaldasoficinas.com\/pt\/wp-json\/wp\/v2\/media\/6820"}],"wp:attachment":[{"href":"https:\/\/jornaldasoficinas.com\/pt\/wp-json\/wp\/v2\/media?parent=6819"}],"wp:term":[{"taxonomy":"category","embeddable":true,"href":"https:\/\/jornaldasoficinas.com\/pt\/wp-json\/wp\/v2\/categories?post=6819"},{"taxonomy":"post_tag","embeddable":true,"href":"https:\/\/jornaldasoficinas.com\/pt\/wp-json\/wp\/v2\/tags?post=6819"}],"curies":[{"name":"wp","href":"https:\/\/api.w.org\/{rel}","templated":true}]}}