{"id":68239,"date":"2023-06-22T12:30:47","date_gmt":"2023-06-22T11:30:47","guid":{"rendered":"https:\/\/jornaldasoficinas.com\/pt\/?p=68239"},"modified":"2023-06-22T11:02:22","modified_gmt":"2023-06-22T10:02:22","slug":"ancera-de-maos-dadas-com-o-global-mobility-call","status":"publish","type":"post","link":"https:\/\/jornaldasoficinas.com\/pt\/ancera-de-maos-dadas-com-o-global-mobility-call\/","title":{"rendered":"ANCERA de m\u00e3os dadas com o Global Mobility Call"},"content":{"rendered":"<p><strong><img loading=\"lazy\" decoding=\"async\" class=\"alignnone size-full wp-image-68242\" src=\"https:\/\/jornaldasoficinas.com\/pt\/wp-content\/uploads\/2023\/06\/ANECRA-de-maos-dadas-com-o-Global-Mobility-Call-.jpg\" alt=\"06 - ANECRA de maos dadas com o Global Mobility Call \" width=\"1024\" height=\"581\" srcset=\"https:\/\/jornaldasoficinas.com\/pt\/wp-content\/uploads\/2023\/06\/ANECRA-de-maos-dadas-com-o-Global-Mobility-Call-.jpg 1024w, https:\/\/jornaldasoficinas.com\/pt\/wp-content\/uploads\/2023\/06\/ANECRA-de-maos-dadas-com-o-Global-Mobility-Call--300x170.jpg 300w, https:\/\/jornaldasoficinas.com\/pt\/wp-content\/uploads\/2023\/06\/ANECRA-de-maos-dadas-com-o-Global-Mobility-Call--150x85.jpg 150w, https:\/\/jornaldasoficinas.com\/pt\/wp-content\/uploads\/2023\/06\/ANECRA-de-maos-dadas-com-o-Global-Mobility-Call--768x436.jpg 768w\" sizes=\"auto, (max-width: 1024px) 100vw, 1024px\" \/><\/strong><\/p>\n<p><strong>A <a href=\"https:\/\/www.ancera.org\/\" target=\"_blank\" rel=\"noopener\">ANCERA<\/a>, juntou-se \u00e0 <a href=\"https:\/\/www.ifema.es\/en\/global-mobility-call\" target=\"_blank\" rel=\"noopener\">Global Mobility Call<\/a> como associa\u00e7\u00e3o colaboradora, mostrando assim o seu apoio a este evento internacional, que celebra a sua segunda edi\u00e7\u00e3o, reunindo um importante encontro multissectorial com uma vasta presen\u00e7a de institui\u00e7\u00f5es, empresas, corpora\u00e7\u00f5es e associa\u00e7\u00f5es dos diferentes sectores econ\u00f3micos em que a mobilidade tem hoje impacto, bem como startups e centros de inova\u00e7\u00e3o<\/strong><\/p>\n<p>Num contexto de transforma\u00e7\u00e3o digital para uma mobilidade conectada e sustent\u00e1vel, os servi\u00e7os p\u00f3s-venda ter\u00e3o um impacto essencial em termos de evolu\u00e7\u00e3o dos modelos de neg\u00f3cio e das cadeias de valor. A economia circular e a tend\u00eancia para a repara\u00e7\u00e3o e reutiliza\u00e7\u00e3o de produtos caracterizam este processo, em que qualquer servi\u00e7o de mobilidade devidamente mantido ser\u00e1 uma garantia de seguran\u00e7a e sustentabilidade.<\/p>\n<p>Nesta realidade, a ANCERA promover\u00e1 a participa\u00e7\u00e3o dos distribuidores de pe\u00e7as sobressalentes na Global Mobility Call e apresentar\u00e1 a sua contribui\u00e7\u00e3o para as novas tend\u00eancias da mobilidade, especialmente focada nos servi\u00e7os p\u00f3s-venda.<\/p>\n<p>O com\u00e9rcio multimarca de pe\u00e7as sobresselentes, um sector composto por 3.000 pontos de venda, com um volume de neg\u00f3cios de cerca de 13 mil milh\u00f5es de euros por ano e que d\u00e1 emprego de qualidade a mais de 40.000 profissionais, \u00e9 uma refer\u00eancia da distribui\u00e7\u00e3o internacional. Isto \u00e9 uma consequ\u00eancia direta do desenvolvimento constante de servi\u00e7os inovadores de valor acrescentado para os reparadores.<\/p>\n<p>A Global Mobility Call, organizada pela <a href=\"https:\/\/www.ifema.es\/\" target=\"_blank\" rel=\"noopener\">IFEMA MADRID<\/a> e pela <a href=\"https:\/\/smobhub.com\/\" target=\"_blank\" rel=\"noopener\">Smobhub<\/a>, sob o ausp\u00edcio do Minist\u00e9rio Espanhol dos Transportes, Mobilidade e Agenda Urbana, ser\u00e1 estruturada em dois segmentos: o Congresso GMC espacio, que reunir\u00e1 empres\u00e1rios, institui\u00e7\u00f5es e especialistas em mobilidade, e a Expo GMC espacio, que promover\u00e1 as rela\u00e7\u00f5es multissectoriais entre empresas, institui\u00e7\u00f5es, associa\u00e7\u00f5es e especialistas, e apresentar\u00e1 as \u00faltimas novidades de cada sector.<\/p>\n<p>Neste \u00e2mbito, realizar-se-\u00e1 tamb\u00e9m a TRAFIC, com contributos valiosos para o desenvolvimento de uma mobilidade mais segura e sustent\u00e1vel.<\/p>\n","protected":false},"excerpt":{"rendered":"<p>A ANCERA, juntou-se \u00e0 Global Mobility&#8230;<\/p>\n","protected":false},"author":15,"featured_media":68242,"comment_status":"closed","ping_status":"closed","sticky":false,"template":"","format":"standard","meta":{"footnotes":""},"categories":[29],"tags":[998,4819,4870,5123],"class_list":["post-68239","post","type-post","status-publish","format-standard","has-post-thumbnail","hentry","category-empresas","tag-ancera","tag-global-mobility-call","tag-ifema-madrid","tag-smobhub"],"yoast_head":"<!-- This site is optimized with the Yoast SEO plugin v27.5 - https:\/\/yoast.com\/product\/yoast-seo-wordpress\/ -->\n<title>ANCERA de m\u00e3os dadas com o Global Mobility Call - Jornal das Oficinas<\/title>\n<meta name=\"description\" content=\"A ANCERA, juntou-se \u00e0 Global Mobility Call como associa\u00e7\u00e3o colaboradora, mostrando assim o seu apoio a este evento internacional\" \/>\n<meta name=\"robots\" content=\"index, follow, max-snippet:-1, max-image-preview:large, max-video-preview:-1\" \/>\n<link rel=\"canonical\" href=\"https:\/\/jornaldasoficinas.com\/pt\/ancera-de-maos-dadas-com-o-global-mobility-call\/\" \/>\n<meta property=\"og:locale\" content=\"pt_PT\" \/>\n<meta property=\"og:type\" content=\"article\" \/>\n<meta property=\"og:title\" content=\"ANCERA de m\u00e3os dadas com o Global Mobility Call - Jornal das Oficinas\" \/>\n<meta property=\"og:description\" content=\"A ANCERA, juntou-se \u00e0 Global Mobility Call como associa\u00e7\u00e3o colaboradora, mostrando assim o seu apoio a este evento internacional\" \/>\n<meta property=\"og:url\" content=\"https:\/\/jornaldasoficinas.com\/pt\/ancera-de-maos-dadas-com-o-global-mobility-call\/\" \/>\n<meta property=\"og:site_name\" content=\"Jornal das Oficinas\" \/>\n<meta property=\"article:publisher\" content=\"https:\/\/www.facebook.com\/jornaloficinas\" \/>\n<meta property=\"article:published_time\" content=\"2023-06-22T11:30:47+00:00\" \/>\n<meta property=\"og:image\" content=\"https:\/\/jornaldasoficinas.com\/pt\/wp-content\/uploads\/2023\/06\/ANECRA-de-maos-dadas-com-o-Global-Mobility-Call-.jpg\" \/>\n\t<meta property=\"og:image:width\" content=\"1024\" \/>\n\t<meta property=\"og:image:height\" content=\"581\" \/>\n\t<meta property=\"og:image:type\" content=\"image\/jpeg\" \/>\n<meta name=\"author\" content=\"Reda\u00e7\u00e3o JO\" \/>\n<meta name=\"twitter:card\" content=\"summary_large_image\" \/>\n<meta name=\"twitter:creator\" content=\"@jornaloficinas\" \/>\n<meta name=\"twitter:site\" content=\"@jornaloficinas\" \/>\n<meta name=\"twitter:label1\" content=\"Escrito por\" \/>\n\t<meta name=\"twitter:data1\" content=\"Reda\u00e7\u00e3o JO\" \/>\n\t<meta name=\"twitter:label2\" content=\"Tempo estimado de leitura\" \/>\n\t<meta name=\"twitter:data2\" content=\"2 minutos\" \/>\n<script type=\"application\/ld+json\" class=\"yoast-schema-graph\">{\"@context\":\"https:\\\/\\\/schema.org\",\"@graph\":[{\"@type\":\"Article\",\"@id\":\"https:\\\/\\\/jornaldasoficinas.com\\\/pt\\\/ancera-de-maos-dadas-com-o-global-mobility-call\\\/#article\",\"isPartOf\":{\"@id\":\"https:\\\/\\\/jornaldasoficinas.com\\\/pt\\\/ancera-de-maos-dadas-com-o-global-mobility-call\\\/\"},\"author\":{\"name\":\"Reda\u00e7\u00e3o JO\",\"@id\":\"https:\\\/\\\/jornaldasoficinas.com\\\/pt\\\/#\\\/schema\\\/person\\\/a38eef5de2c41d9e7c9ac10141afddf3\"},\"headline\":\"ANCERA de m\u00e3os dadas com o Global Mobility Call\",\"datePublished\":\"2023-06-22T11:30:47+00:00\",\"mainEntityOfPage\":{\"@id\":\"https:\\\/\\\/jornaldasoficinas.com\\\/pt\\\/ancera-de-maos-dadas-com-o-global-mobility-call\\\/\"},\"wordCount\":345,\"publisher\":{\"@id\":\"https:\\\/\\\/jornaldasoficinas.com\\\/pt\\\/#organization\"},\"image\":{\"@id\":\"https:\\\/\\\/jornaldasoficinas.com\\\/pt\\\/ancera-de-maos-dadas-com-o-global-mobility-call\\\/#primaryimage\"},\"thumbnailUrl\":\"https:\\\/\\\/jornaldasoficinas.com\\\/pt\\\/wp-content\\\/uploads\\\/2023\\\/06\\\/ANECRA-de-maos-dadas-com-o-Global-Mobility-Call-.jpg\",\"keywords\":[\"Ancera\",\"Global Mobility Call\",\"IFEMA MADRID\",\"Smobhub\"],\"articleSection\":[\"Empresas\"],\"inLanguage\":\"pt-PT\"},{\"@type\":\"WebPage\",\"@id\":\"https:\\\/\\\/jornaldasoficinas.com\\\/pt\\\/ancera-de-maos-dadas-com-o-global-mobility-call\\\/\",\"url\":\"https:\\\/\\\/jornaldasoficinas.com\\\/pt\\\/ancera-de-maos-dadas-com-o-global-mobility-call\\\/\",\"name\":\"ANCERA de m\u00e3os dadas com o Global Mobility Call - Jornal das Oficinas\",\"isPartOf\":{\"@id\":\"https:\\\/\\\/jornaldasoficinas.com\\\/pt\\\/#website\"},\"primaryImageOfPage\":{\"@id\":\"https:\\\/\\\/jornaldasoficinas.com\\\/pt\\\/ancera-de-maos-dadas-com-o-global-mobility-call\\\/#primaryimage\"},\"image\":{\"@id\":\"https:\\\/\\\/jornaldasoficinas.com\\\/pt\\\/ancera-de-maos-dadas-com-o-global-mobility-call\\\/#primaryimage\"},\"thumbnailUrl\":\"https:\\\/\\\/jornaldasoficinas.com\\\/pt\\\/wp-content\\\/uploads\\\/2023\\\/06\\\/ANECRA-de-maos-dadas-com-o-Global-Mobility-Call-.jpg\",\"datePublished\":\"2023-06-22T11:30:47+00:00\",\"description\":\"A ANCERA, juntou-se \u00e0 Global Mobility Call como associa\u00e7\u00e3o colaboradora, mostrando assim o seu apoio a este evento internacional\",\"breadcrumb\":{\"@id\":\"https:\\\/\\\/jornaldasoficinas.com\\\/pt\\\/ancera-de-maos-dadas-com-o-global-mobility-call\\\/#breadcrumb\"},\"inLanguage\":\"pt-PT\",\"potentialAction\":[{\"@type\":\"ReadAction\",\"target\":[\"https:\\\/\\\/jornaldasoficinas.com\\\/pt\\\/ancera-de-maos-dadas-com-o-global-mobility-call\\\/\"]}]},{\"@type\":\"ImageObject\",\"inLanguage\":\"pt-PT\",\"@id\":\"https:\\\/\\\/jornaldasoficinas.com\\\/pt\\\/ancera-de-maos-dadas-com-o-global-mobility-call\\\/#primaryimage\",\"url\":\"https:\\\/\\\/jornaldasoficinas.com\\\/pt\\\/wp-content\\\/uploads\\\/2023\\\/06\\\/ANECRA-de-maos-dadas-com-o-Global-Mobility-Call-.jpg\",\"contentUrl\":\"https:\\\/\\\/jornaldasoficinas.com\\\/pt\\\/wp-content\\\/uploads\\\/2023\\\/06\\\/ANECRA-de-maos-dadas-com-o-Global-Mobility-Call-.jpg\",\"width\":1024,\"height\":581,\"caption\":\"06 - ANECRA de maos dadas com o Global Mobility Call\"},{\"@type\":\"BreadcrumbList\",\"@id\":\"https:\\\/\\\/jornaldasoficinas.com\\\/pt\\\/ancera-de-maos-dadas-com-o-global-mobility-call\\\/#breadcrumb\",\"itemListElement\":[{\"@type\":\"ListItem\",\"position\":1,\"name\":\"In\u00edcio\",\"item\":\"https:\\\/\\\/jornaldasoficinas.com\\\/pt\\\/\"},{\"@type\":\"ListItem\",\"position\":2,\"name\":\"ANCERA de m\u00e3os dadas com o Global Mobility Call\"}]},{\"@type\":\"WebSite\",\"@id\":\"https:\\\/\\\/jornaldasoficinas.com\\\/pt\\\/#website\",\"url\":\"https:\\\/\\\/jornaldasoficinas.com\\\/pt\\\/\",\"name\":\"Jornal das Oficinas\",\"description\":\"Jornal independente do Aftermarket Autom\u00f3vel em Portugal\",\"publisher\":{\"@id\":\"https:\\\/\\\/jornaldasoficinas.com\\\/pt\\\/#organization\"},\"potentialAction\":[{\"@type\":\"SearchAction\",\"target\":{\"@type\":\"EntryPoint\",\"urlTemplate\":\"https:\\\/\\\/jornaldasoficinas.com\\\/pt\\\/?s={search_term_string}\"},\"query-input\":{\"@type\":\"PropertyValueSpecification\",\"valueRequired\":true,\"valueName\":\"search_term_string\"}}],\"inLanguage\":\"pt-PT\"},{\"@type\":\"Organization\",\"@id\":\"https:\\\/\\\/jornaldasoficinas.com\\\/pt\\\/#organization\",\"name\":\"Jornal das Oficinas\",\"url\":\"https:\\\/\\\/jornaldasoficinas.com\\\/pt\\\/\",\"logo\":{\"@type\":\"ImageObject\",\"inLanguage\":\"pt-PT\",\"@id\":\"https:\\\/\\\/jornaldasoficinas.com\\\/pt\\\/#\\\/schema\\\/logo\\\/image\\\/\",\"url\":\"https:\\\/\\\/jornaldasoficinas.com\\\/pt\\\/wp-content\\\/uploads\\\/logoJO-SEO.png\",\"contentUrl\":\"https:\\\/\\\/jornaldasoficinas.com\\\/pt\\\/wp-content\\\/uploads\\\/logoJO-SEO.png\",\"width\":285,\"height\":450,\"caption\":\"Jornal das Oficinas\"},\"image\":{\"@id\":\"https:\\\/\\\/jornaldasoficinas.com\\\/pt\\\/#\\\/schema\\\/logo\\\/image\\\/\"},\"sameAs\":[\"https:\\\/\\\/www.facebook.com\\\/jornaloficinas\",\"https:\\\/\\\/x.com\\\/jornaloficinas\",\"https:\\\/\\\/www.instagram.com\\\/jornal_oficinas\\\/\",\"https:\\\/\\\/www.linkedin.com\\\/company\\\/jornal-das-oficinas\\\/\",\"https:\\\/\\\/www.youtube.com\\\/channel\\\/UCbQZBqtcvV-oSQrr7RzINGg\"]},{\"@type\":\"Person\",\"@id\":\"https:\\\/\\\/jornaldasoficinas.com\\\/pt\\\/#\\\/schema\\\/person\\\/a38eef5de2c41d9e7c9ac10141afddf3\",\"name\":\"Reda\u00e7\u00e3o JO\",\"image\":{\"@type\":\"ImageObject\",\"inLanguage\":\"pt-PT\",\"@id\":\"https:\\\/\\\/secure.gravatar.com\\\/avatar\\\/71f2fa71737ad68a84fea94bc708ddac8ea5b0c4788dc2ad202f3ccb2887742f?s=96&d=wp_user_avatar&r=g\",\"url\":\"https:\\\/\\\/secure.gravatar.com\\\/avatar\\\/71f2fa71737ad68a84fea94bc708ddac8ea5b0c4788dc2ad202f3ccb2887742f?s=96&d=wp_user_avatar&r=g\",\"contentUrl\":\"https:\\\/\\\/secure.gravatar.com\\\/avatar\\\/71f2fa71737ad68a84fea94bc708ddac8ea5b0c4788dc2ad202f3ccb2887742f?s=96&d=wp_user_avatar&r=g\",\"caption\":\"Reda\u00e7\u00e3o JO\"},\"url\":\"https:\\\/\\\/jornaldasoficinas.com\\\/pt\\\/author\\\/joredacao\\\/\"}]}<\/script>\n<!-- \/ Yoast SEO plugin. -->","yoast_head_json":{"title":"ANCERA de m\u00e3os dadas com o Global Mobility Call - Jornal das Oficinas","description":"A ANCERA, juntou-se \u00e0 Global Mobility Call como associa\u00e7\u00e3o colaboradora, mostrando assim o seu apoio a este evento internacional","robots":{"index":"index","follow":"follow","max-snippet":"max-snippet:-1","max-image-preview":"max-image-preview:large","max-video-preview":"max-video-preview:-1"},"canonical":"https:\/\/jornaldasoficinas.com\/pt\/ancera-de-maos-dadas-com-o-global-mobility-call\/","og_locale":"pt_PT","og_type":"article","og_title":"ANCERA de m\u00e3os dadas com o Global Mobility Call - Jornal das Oficinas","og_description":"A ANCERA, juntou-se \u00e0 Global Mobility Call como associa\u00e7\u00e3o colaboradora, mostrando assim o seu apoio a este evento internacional","og_url":"https:\/\/jornaldasoficinas.com\/pt\/ancera-de-maos-dadas-com-o-global-mobility-call\/","og_site_name":"Jornal das Oficinas","article_publisher":"https:\/\/www.facebook.com\/jornaloficinas","article_published_time":"2023-06-22T11:30:47+00:00","og_image":[{"width":1024,"height":581,"url":"https:\/\/jornaldasoficinas.com\/pt\/wp-content\/uploads\/2023\/06\/ANECRA-de-maos-dadas-com-o-Global-Mobility-Call-.jpg","type":"image\/jpeg"}],"author":"Reda\u00e7\u00e3o JO","twitter_card":"summary_large_image","twitter_creator":"@jornaloficinas","twitter_site":"@jornaloficinas","twitter_misc":{"Escrito por":"Reda\u00e7\u00e3o JO","Tempo estimado de leitura":"2 minutos"},"schema":{"@context":"https:\/\/schema.org","@graph":[{"@type":"Article","@id":"https:\/\/jornaldasoficinas.com\/pt\/ancera-de-maos-dadas-com-o-global-mobility-call\/#article","isPartOf":{"@id":"https:\/\/jornaldasoficinas.com\/pt\/ancera-de-maos-dadas-com-o-global-mobility-call\/"},"author":{"name":"Reda\u00e7\u00e3o JO","@id":"https:\/\/jornaldasoficinas.com\/pt\/#\/schema\/person\/a38eef5de2c41d9e7c9ac10141afddf3"},"headline":"ANCERA de m\u00e3os dadas com o Global Mobility Call","datePublished":"2023-06-22T11:30:47+00:00","mainEntityOfPage":{"@id":"https:\/\/jornaldasoficinas.com\/pt\/ancera-de-maos-dadas-com-o-global-mobility-call\/"},"wordCount":345,"publisher":{"@id":"https:\/\/jornaldasoficinas.com\/pt\/#organization"},"image":{"@id":"https:\/\/jornaldasoficinas.com\/pt\/ancera-de-maos-dadas-com-o-global-mobility-call\/#primaryimage"},"thumbnailUrl":"https:\/\/jornaldasoficinas.com\/pt\/wp-content\/uploads\/2023\/06\/ANECRA-de-maos-dadas-com-o-Global-Mobility-Call-.jpg","keywords":["Ancera","Global Mobility Call","IFEMA MADRID","Smobhub"],"articleSection":["Empresas"],"inLanguage":"pt-PT"},{"@type":"WebPage","@id":"https:\/\/jornaldasoficinas.com\/pt\/ancera-de-maos-dadas-com-o-global-mobility-call\/","url":"https:\/\/jornaldasoficinas.com\/pt\/ancera-de-maos-dadas-com-o-global-mobility-call\/","name":"ANCERA de m\u00e3os dadas com o Global Mobility Call - Jornal das Oficinas","isPartOf":{"@id":"https:\/\/jornaldasoficinas.com\/pt\/#website"},"primaryImageOfPage":{"@id":"https:\/\/jornaldasoficinas.com\/pt\/ancera-de-maos-dadas-com-o-global-mobility-call\/#primaryimage"},"image":{"@id":"https:\/\/jornaldasoficinas.com\/pt\/ancera-de-maos-dadas-com-o-global-mobility-call\/#primaryimage"},"thumbnailUrl":"https:\/\/jornaldasoficinas.com\/pt\/wp-content\/uploads\/2023\/06\/ANECRA-de-maos-dadas-com-o-Global-Mobility-Call-.jpg","datePublished":"2023-06-22T11:30:47+00:00","description":"A ANCERA, juntou-se \u00e0 Global Mobility Call como associa\u00e7\u00e3o colaboradora, mostrando assim o seu apoio a este evento internacional","breadcrumb":{"@id":"https:\/\/jornaldasoficinas.com\/pt\/ancera-de-maos-dadas-com-o-global-mobility-call\/#breadcrumb"},"inLanguage":"pt-PT","potentialAction":[{"@type":"ReadAction","target":["https:\/\/jornaldasoficinas.com\/pt\/ancera-de-maos-dadas-com-o-global-mobility-call\/"]}]},{"@type":"ImageObject","inLanguage":"pt-PT","@id":"https:\/\/jornaldasoficinas.com\/pt\/ancera-de-maos-dadas-com-o-global-mobility-call\/#primaryimage","url":"https:\/\/jornaldasoficinas.com\/pt\/wp-content\/uploads\/2023\/06\/ANECRA-de-maos-dadas-com-o-Global-Mobility-Call-.jpg","contentUrl":"https:\/\/jornaldasoficinas.com\/pt\/wp-content\/uploads\/2023\/06\/ANECRA-de-maos-dadas-com-o-Global-Mobility-Call-.jpg","width":1024,"height":581,"caption":"06 - ANECRA de maos dadas com o Global Mobility Call"},{"@type":"BreadcrumbList","@id":"https:\/\/jornaldasoficinas.com\/pt\/ancera-de-maos-dadas-com-o-global-mobility-call\/#breadcrumb","itemListElement":[{"@type":"ListItem","position":1,"name":"In\u00edcio","item":"https:\/\/jornaldasoficinas.com\/pt\/"},{"@type":"ListItem","position":2,"name":"ANCERA de m\u00e3os dadas com o Global Mobility Call"}]},{"@type":"WebSite","@id":"https:\/\/jornaldasoficinas.com\/pt\/#website","url":"https:\/\/jornaldasoficinas.com\/pt\/","name":"Jornal das Oficinas","description":"Jornal independente do Aftermarket Autom\u00f3vel em Portugal","publisher":{"@id":"https:\/\/jornaldasoficinas.com\/pt\/#organization"},"potentialAction":[{"@type":"SearchAction","target":{"@type":"EntryPoint","urlTemplate":"https:\/\/jornaldasoficinas.com\/pt\/?s={search_term_string}"},"query-input":{"@type":"PropertyValueSpecification","valueRequired":true,"valueName":"search_term_string"}}],"inLanguage":"pt-PT"},{"@type":"Organization","@id":"https:\/\/jornaldasoficinas.com\/pt\/#organization","name":"Jornal das Oficinas","url":"https:\/\/jornaldasoficinas.com\/pt\/","logo":{"@type":"ImageObject","inLanguage":"pt-PT","@id":"https:\/\/jornaldasoficinas.com\/pt\/#\/schema\/logo\/image\/","url":"https:\/\/jornaldasoficinas.com\/pt\/wp-content\/uploads\/logoJO-SEO.png","contentUrl":"https:\/\/jornaldasoficinas.com\/pt\/wp-content\/uploads\/logoJO-SEO.png","width":285,"height":450,"caption":"Jornal das Oficinas"},"image":{"@id":"https:\/\/jornaldasoficinas.com\/pt\/#\/schema\/logo\/image\/"},"sameAs":["https:\/\/www.facebook.com\/jornaloficinas","https:\/\/x.com\/jornaloficinas","https:\/\/www.instagram.com\/jornal_oficinas\/","https:\/\/www.linkedin.com\/company\/jornal-das-oficinas\/","https:\/\/www.youtube.com\/channel\/UCbQZBqtcvV-oSQrr7RzINGg"]},{"@type":"Person","@id":"https:\/\/jornaldasoficinas.com\/pt\/#\/schema\/person\/a38eef5de2c41d9e7c9ac10141afddf3","name":"Reda\u00e7\u00e3o JO","image":{"@type":"ImageObject","inLanguage":"pt-PT","@id":"https:\/\/secure.gravatar.com\/avatar\/71f2fa71737ad68a84fea94bc708ddac8ea5b0c4788dc2ad202f3ccb2887742f?s=96&d=wp_user_avatar&r=g","url":"https:\/\/secure.gravatar.com\/avatar\/71f2fa71737ad68a84fea94bc708ddac8ea5b0c4788dc2ad202f3ccb2887742f?s=96&d=wp_user_avatar&r=g","contentUrl":"https:\/\/secure.gravatar.com\/avatar\/71f2fa71737ad68a84fea94bc708ddac8ea5b0c4788dc2ad202f3ccb2887742f?s=96&d=wp_user_avatar&r=g","caption":"Reda\u00e7\u00e3o JO"},"url":"https:\/\/jornaldasoficinas.com\/pt\/author\/joredacao\/"}]}},"_links":{"self":[{"href":"https:\/\/jornaldasoficinas.com\/pt\/wp-json\/wp\/v2\/posts\/68239","targetHints":{"allow":["GET"]}}],"collection":[{"href":"https:\/\/jornaldasoficinas.com\/pt\/wp-json\/wp\/v2\/posts"}],"about":[{"href":"https:\/\/jornaldasoficinas.com\/pt\/wp-json\/wp\/v2\/types\/post"}],"author":[{"embeddable":true,"href":"https:\/\/jornaldasoficinas.com\/pt\/wp-json\/wp\/v2\/users\/15"}],"replies":[{"embeddable":true,"href":"https:\/\/jornaldasoficinas.com\/pt\/wp-json\/wp\/v2\/comments?post=68239"}],"version-history":[{"count":0,"href":"https:\/\/jornaldasoficinas.com\/pt\/wp-json\/wp\/v2\/posts\/68239\/revisions"}],"wp:featuredmedia":[{"embeddable":true,"href":"https:\/\/jornaldasoficinas.com\/pt\/wp-json\/wp\/v2\/media\/68242"}],"wp:attachment":[{"href":"https:\/\/jornaldasoficinas.com\/pt\/wp-json\/wp\/v2\/media?parent=68239"}],"wp:term":[{"taxonomy":"category","embeddable":true,"href":"https:\/\/jornaldasoficinas.com\/pt\/wp-json\/wp\/v2\/categories?post=68239"},{"taxonomy":"post_tag","embeddable":true,"href":"https:\/\/jornaldasoficinas.com\/pt\/wp-json\/wp\/v2\/tags?post=68239"}],"curies":[{"name":"wp","href":"https:\/\/api.w.org\/{rel}","templated":true}]}}