{"id":68403,"date":"2023-06-26T12:30:58","date_gmt":"2023-06-26T11:30:58","guid":{"rendered":"https:\/\/jornaldasoficinas.com\/pt\/?p=68403"},"modified":"2023-06-26T09:19:25","modified_gmt":"2023-06-26T08:19:25","slug":"anecra-debate-nova-era-do-setor-automovel","status":"publish","type":"post","link":"https:\/\/jornaldasoficinas.com\/pt\/anecra-debate-nova-era-do-setor-automovel\/","title":{"rendered":"ANECRA debate nova era do setor autom\u00f3vel"},"content":{"rendered":"<p><strong><img loading=\"lazy\" decoding=\"async\" class=\"alignnone size-full wp-image-68404\" src=\"https:\/\/jornaldasoficinas.com\/pt\/wp-content\/uploads\/2023\/06\/ANECRA-debate-nova-era-do-setor-automovel.jpg\" alt=\"06 - ANECRA debate nova era do setor automovel\" width=\"1024\" height=\"581\" srcset=\"https:\/\/jornaldasoficinas.com\/pt\/wp-content\/uploads\/2023\/06\/ANECRA-debate-nova-era-do-setor-automovel.jpg 1024w, https:\/\/jornaldasoficinas.com\/pt\/wp-content\/uploads\/2023\/06\/ANECRA-debate-nova-era-do-setor-automovel-300x170.jpg 300w, https:\/\/jornaldasoficinas.com\/pt\/wp-content\/uploads\/2023\/06\/ANECRA-debate-nova-era-do-setor-automovel-150x85.jpg 150w, https:\/\/jornaldasoficinas.com\/pt\/wp-content\/uploads\/2023\/06\/ANECRA-debate-nova-era-do-setor-automovel-768x436.jpg 768w\" sizes=\"auto, (max-width: 1024px) 100vw, 1024px\" \/><\/strong><\/p>\n<p><strong>A\u00a0<a href=\"https:\/\/www.anecra.pt\/\" target=\"_blank\" rel=\"noopener\">ANECRA<\/a>\u00a0juntou mais de 200 pessoas, no passado dia 17 de junho, no Hotel Vila Gal\u00e9, em Coimbra, para o\u00a0Encontro Nacional do Com\u00e9rcio de Autom\u00f3veis Usados\u00a0tendo como tema:\u00a0\u201cSetor Autom\u00f3vel um Admir\u00e1vel Mundo Novo\u201d, que contou com a presen\u00e7a das mais relevantes Empresas Especializadas no Financiamento Autom\u00f3vel, de Gestoras de Frota, de Grupos de Retalho e Empres\u00e1rios do Segmento do Com\u00e9rcio de Ve\u00edculos Usados<\/strong><\/p>\n<p>Ao longo de todo o evento ficou claro que estamos perante um Sector em profunda transforma\u00e7\u00e3o, sendo as palavras de ordem antecipar, adaptar e acompanhar as tend\u00eancias de mercado, numa \u00e1rea que muito evoluiu e que desafia permanentemente os seus profissionais a serem diferentes, oferecendo uma melhor qualidade e variedade de produtos e servi\u00e7os a parceiros e clientes.<\/p>\n<p>Relativamente a vendas de carros usados,\u00a0\u201cem 2022 registaram-se mais 12% do que no ano de 2021 e quanto \u00e0s vendas de carros importados s\u00e3o mais 44% em 2022 do que em 2021, (ano de pandemia)\u201d,\u00a0segundo Nuno Castel-Branco, CEO do <a href=\"https:\/\/www.standvirtual.com\/\" target=\"_blank\" rel=\"noopener\">Standvirtual<\/a>.\u00a0Uma maior oferta de ve\u00edculos no mercado provoca uma estabiliza\u00e7\u00e3o. Segundo Am\u00e9rico Barroso,\u00a0Administrador da S\u00f3 Barroso e Diretor da ANECRA,\u00a0\u201co mercado est\u00e1 a ajustar-se, verifica-se uma estagna\u00e7\u00e3o quanto aos pre\u00e7os de venda dos ve\u00edculos usados\u201d\u00a0essa opini\u00e3o \u00e9 partilhada por Rui Ferreira, Diretor Geral da <a href=\"https:\/\/www.carplus.pt\/\" target=\"_blank\" rel=\"noopener\">Car Plus<\/a>, que acrescenta:\u00a0\u201cbrevemente, poderemos, inclusivamente, assistir a uma pequena descida no valor de comercializa\u00e7\u00e3o de ve\u00edculos usados\u201d. A rota\u00e7\u00e3o de autom\u00f3veis nos stands \u00e9 positiva, no entanto,\u00a0\u201cdever\u00e1 haver aten\u00e7\u00e3o aos ve\u00edculos em stock nos stands autom\u00f3veis\u201d, afirmou Jos\u00e9 Pinto, CEO da <a href=\"https:\/\/www.arval.pt\/\" target=\"_blank\" rel=\"noopener\">Arval<\/a>.<\/p>\n<p><strong>Novas Ferramentas de Vendas<br \/>\n<\/strong>Segundo C\u00e1tia Serrano, CEO da <a href=\"https:\/\/www.equacaomotor.com\/\" target=\"_blank\" rel=\"noopener\">Equa\u00e7\u00e3o Motor<\/a> e Personalidade Feminina do Ano, num Pr\u00e9mio atribu\u00eddo pelo Standvirtual, atualmente \u00e9 necess\u00e1rio\u00a0\u201ctrabalhar com objetivos muito claros na \u00e1rea de marketing e vendas\u201d. A marca tem uma forte presen\u00e7a na vertente digital,\u00a0\u201ccontamos com a presen\u00e7a de influenciadores digitais para a promo\u00e7\u00e3o dos nossos ve\u00edculos\u201d.\u00a0\u201cTal como a compra de uma casa, tamb\u00e9m a compra de um carro s\u00e3o decis\u00f5es muito relevantes na vida dos consumidores pelo que temos de corresponder \u00e0s suas necessidades e expectativas\u201d, prossegue. No caso dos ve\u00edculos autom\u00f3veis, neste caso usados, \u201ctemos de apresentar ao consumidor uma nova experi\u00eancia para que sinta o produto que estamos a vender.\u201d<\/p>\n<p>Quanto \u00e0 importa\u00e7\u00e3o de ve\u00edculos Sandra Meira, Gerente da <a href=\"https:\/\/www.meirauto.pt\/\" target=\"_blank\" rel=\"noopener\">Meirauto<\/a>, afirmou que\u00a0\u201cj\u00e1 n\u00e3o compensa, por v\u00e1rios fatores, como a burocratiza\u00e7\u00e3o do processo de importa\u00e7\u00e3o dos ve\u00edculos e as reduzidas margens de lucro\u201d,\u00a0por esta raz\u00e3o, a aten\u00e7\u00e3o ao mercado nacional \u00e9 fundamental. Por sua vez, Sofia Cruz, Diretora Geral da WYW, referiu que\u00a0\u201cantecipar as necessidades dos clientes, compreend\u00ea-las adaptando os produtos e os servi\u00e7os \u00e0s suas necessidades \u00e9 fundamental\u201d\u00a0destacando esta ideia como um dos pontos fundamentais deste encontro. Todos os dias h\u00e1 quest\u00f5es a resolver\u00a0\u201ccomo, por exemplo, quest\u00f5es relacionadas com a Nova Lei das Garantias que mitigaram o valor dos ve\u00edculos autom\u00f3veis tendo\u201d.\u00a0Por esta raz\u00e3o\u00a0\u201ca entreajuda entre os v\u00e1rios agentes do sector \u00e9 fundamental para fortalecer o sector\u201d,\u00a0concluiu Tiago Jorge, CEO do <a href=\"https:\/\/www.calhambeq.pt\/\" target=\"_blank\" rel=\"noopener\">Calhambeq Solu\u00e7\u00f5es Auto<\/a>.<\/p>\n<p><strong>Taxas de Juro<br \/>\n<\/strong>Num painel moderado por Duarte Gomes Pereira, Secret\u00e1rio-Geral da <a href=\"https:\/\/www.asfac.pt\/\" target=\"_blank\" rel=\"noopener\">ASFAC<\/a> a aten\u00e7\u00e3o centrou-se nas taxas de juro. Segundo Pedro Nuno Ferreira, Head of Automobile Business, do <a href=\"https:\/\/www.cetelem.pt\/sobre-o-cetelem\" target=\"_blank\" rel=\"noopener\">Cetelem BNP Paribas<\/a>, \u201cas taxas de juro v\u00e3o continuar a subir at\u00e9 ao final do ano\u201d. Em 2024, \u201ca situa\u00e7\u00e3o vai melhorar: as taxas de juro v\u00e3o come\u00e7ar a baixar, pelo menos \u00e9 essa a perspetiva,\u201d esclareceu. A subida das taxas de juro foi muito r\u00e1pida e forte, pela necessidade de controlar a infla\u00e7\u00e3o, o que a tornou at\u00edpica. \u201cO ajuste do pre\u00e7o do produto final, neste caso dos autom\u00f3veis, \u00e9 muito lento, quando comparado com as taxas de juro\u201d, identificou Nuno Zigue, CEO do <a href=\"https:\/\/www.santanderconsumer.pt\/\" target=\"_blank\" rel=\"noopener\">Santander Consumer Finance<\/a>.<\/p>\n<p>Com a press\u00e3o dos valores do cr\u00e9dito\u00a0\u201co cliente procura viaturas mais baratas\u201d\u00a0afirmou Jos\u00e9 Carreira, Coordenador da zona norte da <a href=\"https:\/\/www.cofidis.pt\/\" target=\"_blank\" rel=\"noopener\">Cofidis<\/a> Portugal. Apesar de tudo\u00a0\u201cem 2025 desenha-se um cen\u00e1rio mais otimista, com produtos mais ajustados entre a oferta e a procura, com novos produtos e servi\u00e7os\u201d,\u00a0concluiu.<\/p>\n<p><strong>O papel do digital na comercializa\u00e7\u00e3o de carros usados<br \/>\n<\/strong>Na comercializa\u00e7\u00e3o de viaturas usadas \u00e9 essencial uma vertente presencial e n\u00e3o apenas digital,\u00a0\u201cn\u00e3o acredito que a venda de carros usados se fa\u00e7a exclusivamente pela via digital neste tipo de ve\u00edculos\u201d, afirmou Nuno Zigue, \u201cA confian\u00e7a e a transpar\u00eancia s\u00e3o os aspetos mais relevantes na venda de um carro usado o que s\u00f3 se consegue por via de um contacto f\u00edsico\u201d, concluiu. No entanto,\u00a0\u201co cliente procura uma experi\u00eancia de proximidade e de confian\u00e7a e s\u00f3 isso o far\u00e1 voltar a ter uma nova experi\u00eancia com determinada marca\u201d\u00a0lembrou Henrique Henriques, Diretor Comercial da <a href=\"https:\/\/www.credibom.pt\/\" target=\"_blank\" rel=\"noopener\">Credibom<\/a>.<\/p>\n<p>O Encontro Nacional do Com\u00e9rcio de Autom\u00f3veis Usados contou com uma rece\u00e7\u00e3o de boas-vindas de Alexandre Ferreira, Presidente da Dire\u00e7\u00e3o ANECRA, e com um enquadramento \u00e0 atualidade do Sector Autom\u00f3vel realizado por Roberto Gaspar, Secret\u00e1rio-Geral da ANECRA, que mais uma vez contou com lota\u00e7\u00e3o esgotada e personalidades de refer\u00eancia no Sector do Com\u00e9rcio de Autom\u00f3veis Usados.<\/p>\n","protected":false},"excerpt":{"rendered":"<p>A\u00a0ANECRA\u00a0juntou mais de 200 pessoas, no&#8230;<\/p>\n","protected":false},"author":15,"featured_media":68404,"comment_status":"closed","ping_status":"closed","sticky":false,"template":"","format":"standard","meta":{"footnotes":""},"categories":[29],"tags":[137,364,5540,5542,5709,5711,2794,4785,5533,5541,5543,5712,2198,5710],"class_list":["post-68403","post","type-post","status-publish","format-standard","has-post-thumbnail","hentry","category-empresas","tag-anecra","tag-arval","tag-asfac","tag-calhambeq-solucoes-auto","tag-car-plus","tag-cetelem-bnp-paribas","tag-cofidis","tag-credibom","tag-encontro-nacional-do-comercio-de-automoveis-usados","tag-equacao-motor","tag-meirauto","tag-santander-consumer-finance","tag-standvirtual","tag-wyw"],"yoast_head":"<!-- This site is optimized with the Yoast SEO plugin v27.4 - https:\/\/yoast.com\/product\/yoast-seo-wordpress\/ -->\n<title>ANECRA debate nova era do setor autom\u00f3vel - Jornal das Oficinas<\/title>\n<meta name=\"description\" content=\"A\u00a0ANECRA\u00a0juntou mais de 200 pessoas, no Hotel Vila Gal\u00e9, em Coimbra, para o\u00a0Encontro Nacional do Com\u00e9rcio de Autom\u00f3veis Usados\" \/>\n<meta name=\"robots\" content=\"index, follow, max-snippet:-1, max-image-preview:large, max-video-preview:-1\" \/>\n<link rel=\"canonical\" href=\"https:\/\/jornaldasoficinas.com\/pt\/anecra-debate-nova-era-do-setor-automovel\/\" \/>\n<meta property=\"og:locale\" content=\"pt_PT\" \/>\n<meta property=\"og:type\" content=\"article\" \/>\n<meta property=\"og:title\" content=\"ANECRA debate nova era do setor autom\u00f3vel - Jornal das Oficinas\" \/>\n<meta property=\"og:description\" content=\"A\u00a0ANECRA\u00a0juntou mais de 200 pessoas, no Hotel Vila Gal\u00e9, em Coimbra, para o\u00a0Encontro Nacional do Com\u00e9rcio de Autom\u00f3veis Usados\" \/>\n<meta property=\"og:url\" content=\"https:\/\/jornaldasoficinas.com\/pt\/anecra-debate-nova-era-do-setor-automovel\/\" \/>\n<meta property=\"og:site_name\" content=\"Jornal das Oficinas\" \/>\n<meta property=\"article:publisher\" content=\"https:\/\/www.facebook.com\/jornaloficinas\" \/>\n<meta property=\"article:published_time\" content=\"2023-06-26T11:30:58+00:00\" \/>\n<meta property=\"og:image\" content=\"https:\/\/jornaldasoficinas.com\/pt\/wp-content\/uploads\/2023\/06\/ANECRA-debate-nova-era-do-setor-automovel.jpg\" \/>\n\t<meta property=\"og:image:width\" content=\"1024\" \/>\n\t<meta property=\"og:image:height\" content=\"581\" \/>\n\t<meta property=\"og:image:type\" content=\"image\/jpeg\" \/>\n<meta name=\"author\" content=\"Reda\u00e7\u00e3o JO\" \/>\n<meta name=\"twitter:card\" content=\"summary_large_image\" \/>\n<meta name=\"twitter:creator\" content=\"@jornaloficinas\" \/>\n<meta name=\"twitter:site\" content=\"@jornaloficinas\" \/>\n<meta name=\"twitter:label1\" content=\"Escrito por\" \/>\n\t<meta name=\"twitter:data1\" content=\"Reda\u00e7\u00e3o JO\" \/>\n\t<meta name=\"twitter:label2\" content=\"Tempo estimado de leitura\" \/>\n\t<meta name=\"twitter:data2\" content=\"5 minutos\" \/>\n<script type=\"application\/ld+json\" class=\"yoast-schema-graph\">{\"@context\":\"https:\\\/\\\/schema.org\",\"@graph\":[{\"@type\":\"Article\",\"@id\":\"https:\\\/\\\/jornaldasoficinas.com\\\/pt\\\/anecra-debate-nova-era-do-setor-automovel\\\/#article\",\"isPartOf\":{\"@id\":\"https:\\\/\\\/jornaldasoficinas.com\\\/pt\\\/anecra-debate-nova-era-do-setor-automovel\\\/\"},\"author\":{\"name\":\"Reda\u00e7\u00e3o JO\",\"@id\":\"https:\\\/\\\/jornaldasoficinas.com\\\/pt\\\/#\\\/schema\\\/person\\\/a38eef5de2c41d9e7c9ac10141afddf3\"},\"headline\":\"ANECRA debate nova era do setor autom\u00f3vel\",\"datePublished\":\"2023-06-26T11:30:58+00:00\",\"mainEntityOfPage\":{\"@id\":\"https:\\\/\\\/jornaldasoficinas.com\\\/pt\\\/anecra-debate-nova-era-do-setor-automovel\\\/\"},\"wordCount\":917,\"publisher\":{\"@id\":\"https:\\\/\\\/jornaldasoficinas.com\\\/pt\\\/#organization\"},\"image\":{\"@id\":\"https:\\\/\\\/jornaldasoficinas.com\\\/pt\\\/anecra-debate-nova-era-do-setor-automovel\\\/#primaryimage\"},\"thumbnailUrl\":\"https:\\\/\\\/jornaldasoficinas.com\\\/pt\\\/wp-content\\\/uploads\\\/2023\\\/06\\\/ANECRA-debate-nova-era-do-setor-automovel.jpg\",\"keywords\":[\"ANECRA\",\"Arval\",\"ASFAC\",\"Calhambeq Solu\u00e7\u00f5es Auto\",\"Car Plus\",\"Cetelem BNP Paribas\",\"Cofidis\",\"Credibom\",\"Encontro Nacional do Com\u00e9rcio de Autom\u00f3veis Usados\",\"Equa\u00e7\u00e3o Motor\",\"Meirauto\",\"Santander Consumer Finance\",\"Standvirtual\",\"WYW\"],\"articleSection\":[\"Empresas\"],\"inLanguage\":\"pt-PT\"},{\"@type\":\"WebPage\",\"@id\":\"https:\\\/\\\/jornaldasoficinas.com\\\/pt\\\/anecra-debate-nova-era-do-setor-automovel\\\/\",\"url\":\"https:\\\/\\\/jornaldasoficinas.com\\\/pt\\\/anecra-debate-nova-era-do-setor-automovel\\\/\",\"name\":\"ANECRA debate nova era do setor autom\u00f3vel - Jornal das Oficinas\",\"isPartOf\":{\"@id\":\"https:\\\/\\\/jornaldasoficinas.com\\\/pt\\\/#website\"},\"primaryImageOfPage\":{\"@id\":\"https:\\\/\\\/jornaldasoficinas.com\\\/pt\\\/anecra-debate-nova-era-do-setor-automovel\\\/#primaryimage\"},\"image\":{\"@id\":\"https:\\\/\\\/jornaldasoficinas.com\\\/pt\\\/anecra-debate-nova-era-do-setor-automovel\\\/#primaryimage\"},\"thumbnailUrl\":\"https:\\\/\\\/jornaldasoficinas.com\\\/pt\\\/wp-content\\\/uploads\\\/2023\\\/06\\\/ANECRA-debate-nova-era-do-setor-automovel.jpg\",\"datePublished\":\"2023-06-26T11:30:58+00:00\",\"description\":\"A\u00a0ANECRA\u00a0juntou mais de 200 pessoas, no Hotel Vila Gal\u00e9, em Coimbra, para o\u00a0Encontro Nacional do Com\u00e9rcio de Autom\u00f3veis Usados\",\"breadcrumb\":{\"@id\":\"https:\\\/\\\/jornaldasoficinas.com\\\/pt\\\/anecra-debate-nova-era-do-setor-automovel\\\/#breadcrumb\"},\"inLanguage\":\"pt-PT\",\"potentialAction\":[{\"@type\":\"ReadAction\",\"target\":[\"https:\\\/\\\/jornaldasoficinas.com\\\/pt\\\/anecra-debate-nova-era-do-setor-automovel\\\/\"]}]},{\"@type\":\"ImageObject\",\"inLanguage\":\"pt-PT\",\"@id\":\"https:\\\/\\\/jornaldasoficinas.com\\\/pt\\\/anecra-debate-nova-era-do-setor-automovel\\\/#primaryimage\",\"url\":\"https:\\\/\\\/jornaldasoficinas.com\\\/pt\\\/wp-content\\\/uploads\\\/2023\\\/06\\\/ANECRA-debate-nova-era-do-setor-automovel.jpg\",\"contentUrl\":\"https:\\\/\\\/jornaldasoficinas.com\\\/pt\\\/wp-content\\\/uploads\\\/2023\\\/06\\\/ANECRA-debate-nova-era-do-setor-automovel.jpg\",\"width\":1024,\"height\":581,\"caption\":\"06 - ANECRA debate nova era do setor automovel\"},{\"@type\":\"BreadcrumbList\",\"@id\":\"https:\\\/\\\/jornaldasoficinas.com\\\/pt\\\/anecra-debate-nova-era-do-setor-automovel\\\/#breadcrumb\",\"itemListElement\":[{\"@type\":\"ListItem\",\"position\":1,\"name\":\"In\u00edcio\",\"item\":\"https:\\\/\\\/jornaldasoficinas.com\\\/pt\\\/\"},{\"@type\":\"ListItem\",\"position\":2,\"name\":\"ANECRA debate nova era do setor autom\u00f3vel\"}]},{\"@type\":\"WebSite\",\"@id\":\"https:\\\/\\\/jornaldasoficinas.com\\\/pt\\\/#website\",\"url\":\"https:\\\/\\\/jornaldasoficinas.com\\\/pt\\\/\",\"name\":\"Jornal das Oficinas\",\"description\":\"Jornal independente do Aftermarket Autom\u00f3vel em Portugal\",\"publisher\":{\"@id\":\"https:\\\/\\\/jornaldasoficinas.com\\\/pt\\\/#organization\"},\"potentialAction\":[{\"@type\":\"SearchAction\",\"target\":{\"@type\":\"EntryPoint\",\"urlTemplate\":\"https:\\\/\\\/jornaldasoficinas.com\\\/pt\\\/?s={search_term_string}\"},\"query-input\":{\"@type\":\"PropertyValueSpecification\",\"valueRequired\":true,\"valueName\":\"search_term_string\"}}],\"inLanguage\":\"pt-PT\"},{\"@type\":\"Organization\",\"@id\":\"https:\\\/\\\/jornaldasoficinas.com\\\/pt\\\/#organization\",\"name\":\"Jornal das Oficinas\",\"url\":\"https:\\\/\\\/jornaldasoficinas.com\\\/pt\\\/\",\"logo\":{\"@type\":\"ImageObject\",\"inLanguage\":\"pt-PT\",\"@id\":\"https:\\\/\\\/jornaldasoficinas.com\\\/pt\\\/#\\\/schema\\\/logo\\\/image\\\/\",\"url\":\"https:\\\/\\\/jornaldasoficinas.com\\\/pt\\\/wp-content\\\/uploads\\\/logoJO-SEO.png\",\"contentUrl\":\"https:\\\/\\\/jornaldasoficinas.com\\\/pt\\\/wp-content\\\/uploads\\\/logoJO-SEO.png\",\"width\":285,\"height\":450,\"caption\":\"Jornal das Oficinas\"},\"image\":{\"@id\":\"https:\\\/\\\/jornaldasoficinas.com\\\/pt\\\/#\\\/schema\\\/logo\\\/image\\\/\"},\"sameAs\":[\"https:\\\/\\\/www.facebook.com\\\/jornaloficinas\",\"https:\\\/\\\/x.com\\\/jornaloficinas\",\"https:\\\/\\\/www.instagram.com\\\/jornal_oficinas\\\/\",\"https:\\\/\\\/www.linkedin.com\\\/company\\\/jornal-das-oficinas\\\/\",\"https:\\\/\\\/www.youtube.com\\\/channel\\\/UCbQZBqtcvV-oSQrr7RzINGg\"]},{\"@type\":\"Person\",\"@id\":\"https:\\\/\\\/jornaldasoficinas.com\\\/pt\\\/#\\\/schema\\\/person\\\/a38eef5de2c41d9e7c9ac10141afddf3\",\"name\":\"Reda\u00e7\u00e3o JO\",\"image\":{\"@type\":\"ImageObject\",\"inLanguage\":\"pt-PT\",\"@id\":\"https:\\\/\\\/secure.gravatar.com\\\/avatar\\\/71f2fa71737ad68a84fea94bc708ddac8ea5b0c4788dc2ad202f3ccb2887742f?s=96&d=wp_user_avatar&r=g\",\"url\":\"https:\\\/\\\/secure.gravatar.com\\\/avatar\\\/71f2fa71737ad68a84fea94bc708ddac8ea5b0c4788dc2ad202f3ccb2887742f?s=96&d=wp_user_avatar&r=g\",\"contentUrl\":\"https:\\\/\\\/secure.gravatar.com\\\/avatar\\\/71f2fa71737ad68a84fea94bc708ddac8ea5b0c4788dc2ad202f3ccb2887742f?s=96&d=wp_user_avatar&r=g\",\"caption\":\"Reda\u00e7\u00e3o JO\"},\"url\":\"https:\\\/\\\/jornaldasoficinas.com\\\/pt\\\/author\\\/joredacao\\\/\"}]}<\/script>\n<!-- \/ Yoast SEO plugin. -->","yoast_head_json":{"title":"ANECRA debate nova era do setor autom\u00f3vel - Jornal das Oficinas","description":"A\u00a0ANECRA\u00a0juntou mais de 200 pessoas, no Hotel Vila Gal\u00e9, em Coimbra, para o\u00a0Encontro Nacional do Com\u00e9rcio de Autom\u00f3veis Usados","robots":{"index":"index","follow":"follow","max-snippet":"max-snippet:-1","max-image-preview":"max-image-preview:large","max-video-preview":"max-video-preview:-1"},"canonical":"https:\/\/jornaldasoficinas.com\/pt\/anecra-debate-nova-era-do-setor-automovel\/","og_locale":"pt_PT","og_type":"article","og_title":"ANECRA debate nova era do setor autom\u00f3vel - Jornal das Oficinas","og_description":"A\u00a0ANECRA\u00a0juntou mais de 200 pessoas, no Hotel Vila Gal\u00e9, em Coimbra, para o\u00a0Encontro Nacional do Com\u00e9rcio de Autom\u00f3veis Usados","og_url":"https:\/\/jornaldasoficinas.com\/pt\/anecra-debate-nova-era-do-setor-automovel\/","og_site_name":"Jornal das Oficinas","article_publisher":"https:\/\/www.facebook.com\/jornaloficinas","article_published_time":"2023-06-26T11:30:58+00:00","og_image":[{"width":1024,"height":581,"url":"https:\/\/jornaldasoficinas.com\/pt\/wp-content\/uploads\/2023\/06\/ANECRA-debate-nova-era-do-setor-automovel.jpg","type":"image\/jpeg"}],"author":"Reda\u00e7\u00e3o JO","twitter_card":"summary_large_image","twitter_creator":"@jornaloficinas","twitter_site":"@jornaloficinas","twitter_misc":{"Escrito por":"Reda\u00e7\u00e3o JO","Tempo estimado de leitura":"5 minutos"},"schema":{"@context":"https:\/\/schema.org","@graph":[{"@type":"Article","@id":"https:\/\/jornaldasoficinas.com\/pt\/anecra-debate-nova-era-do-setor-automovel\/#article","isPartOf":{"@id":"https:\/\/jornaldasoficinas.com\/pt\/anecra-debate-nova-era-do-setor-automovel\/"},"author":{"name":"Reda\u00e7\u00e3o JO","@id":"https:\/\/jornaldasoficinas.com\/pt\/#\/schema\/person\/a38eef5de2c41d9e7c9ac10141afddf3"},"headline":"ANECRA debate nova era do setor autom\u00f3vel","datePublished":"2023-06-26T11:30:58+00:00","mainEntityOfPage":{"@id":"https:\/\/jornaldasoficinas.com\/pt\/anecra-debate-nova-era-do-setor-automovel\/"},"wordCount":917,"publisher":{"@id":"https:\/\/jornaldasoficinas.com\/pt\/#organization"},"image":{"@id":"https:\/\/jornaldasoficinas.com\/pt\/anecra-debate-nova-era-do-setor-automovel\/#primaryimage"},"thumbnailUrl":"https:\/\/jornaldasoficinas.com\/pt\/wp-content\/uploads\/2023\/06\/ANECRA-debate-nova-era-do-setor-automovel.jpg","keywords":["ANECRA","Arval","ASFAC","Calhambeq Solu\u00e7\u00f5es Auto","Car Plus","Cetelem BNP Paribas","Cofidis","Credibom","Encontro Nacional do Com\u00e9rcio de Autom\u00f3veis Usados","Equa\u00e7\u00e3o Motor","Meirauto","Santander Consumer Finance","Standvirtual","WYW"],"articleSection":["Empresas"],"inLanguage":"pt-PT"},{"@type":"WebPage","@id":"https:\/\/jornaldasoficinas.com\/pt\/anecra-debate-nova-era-do-setor-automovel\/","url":"https:\/\/jornaldasoficinas.com\/pt\/anecra-debate-nova-era-do-setor-automovel\/","name":"ANECRA debate nova era do setor autom\u00f3vel - Jornal das Oficinas","isPartOf":{"@id":"https:\/\/jornaldasoficinas.com\/pt\/#website"},"primaryImageOfPage":{"@id":"https:\/\/jornaldasoficinas.com\/pt\/anecra-debate-nova-era-do-setor-automovel\/#primaryimage"},"image":{"@id":"https:\/\/jornaldasoficinas.com\/pt\/anecra-debate-nova-era-do-setor-automovel\/#primaryimage"},"thumbnailUrl":"https:\/\/jornaldasoficinas.com\/pt\/wp-content\/uploads\/2023\/06\/ANECRA-debate-nova-era-do-setor-automovel.jpg","datePublished":"2023-06-26T11:30:58+00:00","description":"A\u00a0ANECRA\u00a0juntou mais de 200 pessoas, no Hotel Vila Gal\u00e9, em Coimbra, para o\u00a0Encontro Nacional do Com\u00e9rcio de Autom\u00f3veis Usados","breadcrumb":{"@id":"https:\/\/jornaldasoficinas.com\/pt\/anecra-debate-nova-era-do-setor-automovel\/#breadcrumb"},"inLanguage":"pt-PT","potentialAction":[{"@type":"ReadAction","target":["https:\/\/jornaldasoficinas.com\/pt\/anecra-debate-nova-era-do-setor-automovel\/"]}]},{"@type":"ImageObject","inLanguage":"pt-PT","@id":"https:\/\/jornaldasoficinas.com\/pt\/anecra-debate-nova-era-do-setor-automovel\/#primaryimage","url":"https:\/\/jornaldasoficinas.com\/pt\/wp-content\/uploads\/2023\/06\/ANECRA-debate-nova-era-do-setor-automovel.jpg","contentUrl":"https:\/\/jornaldasoficinas.com\/pt\/wp-content\/uploads\/2023\/06\/ANECRA-debate-nova-era-do-setor-automovel.jpg","width":1024,"height":581,"caption":"06 - ANECRA debate nova era do setor automovel"},{"@type":"BreadcrumbList","@id":"https:\/\/jornaldasoficinas.com\/pt\/anecra-debate-nova-era-do-setor-automovel\/#breadcrumb","itemListElement":[{"@type":"ListItem","position":1,"name":"In\u00edcio","item":"https:\/\/jornaldasoficinas.com\/pt\/"},{"@type":"ListItem","position":2,"name":"ANECRA debate nova era do setor autom\u00f3vel"}]},{"@type":"WebSite","@id":"https:\/\/jornaldasoficinas.com\/pt\/#website","url":"https:\/\/jornaldasoficinas.com\/pt\/","name":"Jornal das Oficinas","description":"Jornal independente do Aftermarket Autom\u00f3vel em Portugal","publisher":{"@id":"https:\/\/jornaldasoficinas.com\/pt\/#organization"},"potentialAction":[{"@type":"SearchAction","target":{"@type":"EntryPoint","urlTemplate":"https:\/\/jornaldasoficinas.com\/pt\/?s={search_term_string}"},"query-input":{"@type":"PropertyValueSpecification","valueRequired":true,"valueName":"search_term_string"}}],"inLanguage":"pt-PT"},{"@type":"Organization","@id":"https:\/\/jornaldasoficinas.com\/pt\/#organization","name":"Jornal das Oficinas","url":"https:\/\/jornaldasoficinas.com\/pt\/","logo":{"@type":"ImageObject","inLanguage":"pt-PT","@id":"https:\/\/jornaldasoficinas.com\/pt\/#\/schema\/logo\/image\/","url":"https:\/\/jornaldasoficinas.com\/pt\/wp-content\/uploads\/logoJO-SEO.png","contentUrl":"https:\/\/jornaldasoficinas.com\/pt\/wp-content\/uploads\/logoJO-SEO.png","width":285,"height":450,"caption":"Jornal das Oficinas"},"image":{"@id":"https:\/\/jornaldasoficinas.com\/pt\/#\/schema\/logo\/image\/"},"sameAs":["https:\/\/www.facebook.com\/jornaloficinas","https:\/\/x.com\/jornaloficinas","https:\/\/www.instagram.com\/jornal_oficinas\/","https:\/\/www.linkedin.com\/company\/jornal-das-oficinas\/","https:\/\/www.youtube.com\/channel\/UCbQZBqtcvV-oSQrr7RzINGg"]},{"@type":"Person","@id":"https:\/\/jornaldasoficinas.com\/pt\/#\/schema\/person\/a38eef5de2c41d9e7c9ac10141afddf3","name":"Reda\u00e7\u00e3o JO","image":{"@type":"ImageObject","inLanguage":"pt-PT","@id":"https:\/\/secure.gravatar.com\/avatar\/71f2fa71737ad68a84fea94bc708ddac8ea5b0c4788dc2ad202f3ccb2887742f?s=96&d=wp_user_avatar&r=g","url":"https:\/\/secure.gravatar.com\/avatar\/71f2fa71737ad68a84fea94bc708ddac8ea5b0c4788dc2ad202f3ccb2887742f?s=96&d=wp_user_avatar&r=g","contentUrl":"https:\/\/secure.gravatar.com\/avatar\/71f2fa71737ad68a84fea94bc708ddac8ea5b0c4788dc2ad202f3ccb2887742f?s=96&d=wp_user_avatar&r=g","caption":"Reda\u00e7\u00e3o JO"},"url":"https:\/\/jornaldasoficinas.com\/pt\/author\/joredacao\/"}]}},"_links":{"self":[{"href":"https:\/\/jornaldasoficinas.com\/pt\/wp-json\/wp\/v2\/posts\/68403","targetHints":{"allow":["GET"]}}],"collection":[{"href":"https:\/\/jornaldasoficinas.com\/pt\/wp-json\/wp\/v2\/posts"}],"about":[{"href":"https:\/\/jornaldasoficinas.com\/pt\/wp-json\/wp\/v2\/types\/post"}],"author":[{"embeddable":true,"href":"https:\/\/jornaldasoficinas.com\/pt\/wp-json\/wp\/v2\/users\/15"}],"replies":[{"embeddable":true,"href":"https:\/\/jornaldasoficinas.com\/pt\/wp-json\/wp\/v2\/comments?post=68403"}],"version-history":[{"count":0,"href":"https:\/\/jornaldasoficinas.com\/pt\/wp-json\/wp\/v2\/posts\/68403\/revisions"}],"wp:featuredmedia":[{"embeddable":true,"href":"https:\/\/jornaldasoficinas.com\/pt\/wp-json\/wp\/v2\/media\/68404"}],"wp:attachment":[{"href":"https:\/\/jornaldasoficinas.com\/pt\/wp-json\/wp\/v2\/media?parent=68403"}],"wp:term":[{"taxonomy":"category","embeddable":true,"href":"https:\/\/jornaldasoficinas.com\/pt\/wp-json\/wp\/v2\/categories?post=68403"},{"taxonomy":"post_tag","embeddable":true,"href":"https:\/\/jornaldasoficinas.com\/pt\/wp-json\/wp\/v2\/tags?post=68403"}],"curies":[{"name":"wp","href":"https:\/\/api.w.org\/{rel}","templated":true}]}}