{"id":68422,"date":"2023-06-26T18:00:06","date_gmt":"2023-06-26T17:00:06","guid":{"rendered":"https:\/\/jornaldasoficinas.com\/pt\/?p=68422"},"modified":"2023-06-26T10:27:14","modified_gmt":"2023-06-26T09:27:14","slug":"ferodo-celebra-125-anos-de-travagens","status":"publish","type":"post","link":"https:\/\/jornaldasoficinas.com\/pt\/ferodo-celebra-125-anos-de-travagens\/","title":{"rendered":"Ferodo celebra 125 anos de travagens"},"content":{"rendered":"<p><strong><img loading=\"lazy\" decoding=\"async\" class=\"alignnone size-full wp-image-68409\" src=\"https:\/\/jornaldasoficinas.com\/pt\/wp-content\/uploads\/2023\/06\/Ferodo-celebra-125-anos-de-travagens.jpeg\" alt=\"06 - Ferodo celebra 125 anos de travagens\" width=\"1024\" height=\"581\" srcset=\"https:\/\/jornaldasoficinas.com\/pt\/wp-content\/uploads\/2023\/06\/Ferodo-celebra-125-anos-de-travagens.jpeg 1024w, https:\/\/jornaldasoficinas.com\/pt\/wp-content\/uploads\/2023\/06\/Ferodo-celebra-125-anos-de-travagens-300x170.jpeg 300w, https:\/\/jornaldasoficinas.com\/pt\/wp-content\/uploads\/2023\/06\/Ferodo-celebra-125-anos-de-travagens-150x85.jpeg 150w, https:\/\/jornaldasoficinas.com\/pt\/wp-content\/uploads\/2023\/06\/Ferodo-celebra-125-anos-de-travagens-768x436.jpeg 768w\" sizes=\"auto, (max-width: 1024px) 100vw, 1024px\" \/><\/strong><strong>\u00a0<\/strong><\/p>\n<p><strong>Herbert Frood foi um vision\u00e1rio, mas provavelmente, at\u00e9 mesmo ele ficaria surpreso com o imenso sucesso do neg\u00f3cio que ele fundou h\u00e1 mais de 125 anos. N\u00e3o demorou muito, no entanto, para que a <a href=\"https:\/\/www.ferodo.com\/pt-pt\/\" target=\"_blank\" rel=\"noopener\">Ferodo<\/a> se tornasse num dos principais inovadores em tecnologias de trav\u00f5es tanto para a ind\u00fastria automotiva ligeira como para a de ve\u00edculos comerciais<\/strong><\/p>\n<p>As pastilhas de trav\u00e3o Ferodo s\u00e3o atualmente instaladas como equipamento original (OE) em quase 25 milh\u00f5es de ve\u00edculos por ano.<\/p>\n<p>A presen\u00e7a da marca \u00e9 ainda mais impressionante no mercado de reposi\u00e7\u00e3o, onde propriet\u00e1rios de oficinas, t\u00e9cnicos e profissionais de frotas, em todo o mundo, instalam as mais recentes solu\u00e7\u00f5es da Ferodo \u2013 incluindo pastilhas de trav\u00e3o, discos, pin\u00e7as, maxilas, flu\u00eddos, componentes hidr\u00e1ulicos e muito mais &#8211; com a qualidade equivalente \u00e0 do equipamento original (OE), com o objetivo de restaurar sempre o desempenho de travagem original.<\/p>\n<p>O poder \u00fanico de desempenho dispon\u00edvel em cada produto Ferodo \u00e9 o resultado do compromisso da marca com pesquisa e desenvolvimento avan\u00e7ados.<\/p>\n<p>A Ferodo inventou a primeira pastilha de trav\u00e3o de disco para um autom\u00f3vel de produ\u00e7\u00e3o em linha &#8211; o Triumph TR6 &#8211; em 1956. Quase sete d\u00e9cadas depois, cientistas e engenheiros no centro de pesquisa da marca, em Chapel-en-le Frith, Reino Unido, e em Bad Camberg, Alemanha, continuam a explorar novas formula\u00e7\u00f5es de materiais, designs de pastilhas e outras inova\u00e7\u00f5es que melhorem a pot\u00eancia de travagem, reduzam o ru\u00eddo e a emiss\u00e3o de poeira, e prolonguem a vida \u00fatil das pastilhas e dos discos.<\/p>\n<p>Estes e outros objetivos de engenharia ajudam a manter cada produto de travagem Ferodo alinhado ou para al\u00e9m das especifica\u00e7\u00f5es em constantes mudan\u00e7as do equipamento original (OE). Al\u00e9m disso, a Ferodo estendeu o alcance dessas impressionantes tecnologias para a grande maioria da frota de ve\u00edculos europeus, ajudando os profissionais de repara\u00e7\u00e3o a demonstrar a sua per\u00edcia e valor em cada trabalho.<\/p>\n<p>A Ferodo continuou as suas atividades pioneiras de pesquisa e desenvolvimento com avan\u00e7os revolucion\u00e1rios, como a introdu\u00e7\u00e3o da sua linha de pastilhas de trav\u00e3o Eco-Friction\u00ae, de baixo teor de cobre e livre de cobre (2012); e as pastilhas de trav\u00e3o Ferodo Fuse+ Technology (2021), que eliminam o compromisso tradicional entre materiais de baixo-metal &#8211; conhecidos pela sua excelente pot\u00eancia de travagem &#8211; e formula\u00e7\u00f5es \u201cN.A.O.\u201d (Organic Non-Asbestos) de zero emiss\u00f5es de cobre, que proporcionam travagem silenciosa, vida \u00fatil prolongada das pastilhas e dos discos, e redu\u00e7\u00e3o de emiss\u00e3o de poeira.<\/p>\n<p>Resumindo, os profissionais de oficina agora podem oferecer aos seus clientes uma experi\u00eancia em travagem que combina desempenho excecional e conforto.<\/p>\n<p>&#8220;Durante toda a sua hist\u00f3ria, a Ferodo manteve um intenso foco no avan\u00e7o da ci\u00eancia dos trav\u00f5es&#8221;, afirmou Gerhard Braun, l\u00edder da linha de Neg\u00f3cios de Trav\u00f5es para a regi\u00e3o EMEA, da DRiVTM. &#8220;A tecnologia dos ve\u00edculos est\u00e1 a evoluir t\u00e3o rapidamente que n\u00e3o se pode simplesmente afirmar que as pastilhas de trav\u00e3o, discos e outros produtos atendem \u00e0s especifica\u00e7\u00f5es do equipamento original (OE). \u00c9 preciso estar na vanguarda da ci\u00eancia da travagem para identificar, testar e aplicar novas solu\u00e7\u00f5es que possam ajudar a melhorar a seguran\u00e7a, o desempenho e a confiabilidade dos ve\u00edculos&#8221;, revelou a Ferodo.<\/p>\n","protected":false},"excerpt":{"rendered":"<p>\u00a0 Herbert Frood foi um vision\u00e1rio,&#8230;<\/p>\n","protected":false},"author":15,"featured_media":68409,"comment_status":"closed","ping_status":"closed","sticky":false,"template":"","format":"standard","meta":{"footnotes":""},"categories":[29],"tags":[5716,2094,5715,284],"class_list":["post-68422","post","type-post","status-publish","format-standard","has-post-thumbnail","hentry","category-empresas","tag-celebra-125-anos","tag-ferodo","tag-herbert-frood","tag-pastilhas-de-travao"],"yoast_head":"<!-- This site is optimized with the Yoast SEO plugin v27.4 - https:\/\/yoast.com\/product\/yoast-seo-wordpress\/ -->\n<title>Ferodo celebra 125 anos de travagens - Jornal das Oficinas<\/title>\n<meta name=\"description\" content=\"Herbert Frood foi um vision\u00e1rio, mas provavelmente, at\u00e9 mesmo ele ficaria surpreso com o imenso sucesso do neg\u00f3cio que ele fundou\" \/>\n<meta name=\"robots\" content=\"index, follow, max-snippet:-1, max-image-preview:large, max-video-preview:-1\" \/>\n<link rel=\"canonical\" href=\"https:\/\/jornaldasoficinas.com\/pt\/ferodo-celebra-125-anos-de-travagens\/\" \/>\n<meta property=\"og:locale\" content=\"pt_PT\" \/>\n<meta property=\"og:type\" content=\"article\" \/>\n<meta property=\"og:title\" content=\"Ferodo celebra 125 anos de travagens - Jornal das Oficinas\" \/>\n<meta property=\"og:description\" content=\"Herbert Frood foi um vision\u00e1rio, mas provavelmente, at\u00e9 mesmo ele ficaria surpreso com o imenso sucesso do neg\u00f3cio que ele fundou\" \/>\n<meta property=\"og:url\" content=\"https:\/\/jornaldasoficinas.com\/pt\/ferodo-celebra-125-anos-de-travagens\/\" \/>\n<meta property=\"og:site_name\" content=\"Jornal das Oficinas\" \/>\n<meta property=\"article:publisher\" content=\"https:\/\/www.facebook.com\/jornaloficinas\" \/>\n<meta property=\"article:published_time\" content=\"2023-06-26T17:00:06+00:00\" \/>\n<meta property=\"og:image\" content=\"https:\/\/jornaldasoficinas.com\/pt\/wp-content\/uploads\/2023\/06\/Ferodo-celebra-125-anos-de-travagens.jpeg\" \/>\n\t<meta property=\"og:image:width\" content=\"1024\" \/>\n\t<meta property=\"og:image:height\" content=\"581\" \/>\n\t<meta property=\"og:image:type\" content=\"image\/jpeg\" \/>\n<meta name=\"author\" content=\"Reda\u00e7\u00e3o JO\" \/>\n<meta name=\"twitter:card\" content=\"summary_large_image\" \/>\n<meta name=\"twitter:creator\" content=\"@jornaloficinas\" \/>\n<meta name=\"twitter:site\" content=\"@jornaloficinas\" \/>\n<meta name=\"twitter:label1\" content=\"Escrito por\" \/>\n\t<meta name=\"twitter:data1\" content=\"Reda\u00e7\u00e3o JO\" \/>\n\t<meta name=\"twitter:label2\" content=\"Tempo estimado de leitura\" \/>\n\t<meta name=\"twitter:data2\" content=\"3 minutos\" \/>\n<script type=\"application\/ld+json\" class=\"yoast-schema-graph\">{\"@context\":\"https:\\\/\\\/schema.org\",\"@graph\":[{\"@type\":\"Article\",\"@id\":\"https:\\\/\\\/jornaldasoficinas.com\\\/pt\\\/ferodo-celebra-125-anos-de-travagens\\\/#article\",\"isPartOf\":{\"@id\":\"https:\\\/\\\/jornaldasoficinas.com\\\/pt\\\/ferodo-celebra-125-anos-de-travagens\\\/\"},\"author\":{\"name\":\"Reda\u00e7\u00e3o JO\",\"@id\":\"https:\\\/\\\/jornaldasoficinas.com\\\/pt\\\/#\\\/schema\\\/person\\\/a38eef5de2c41d9e7c9ac10141afddf3\"},\"headline\":\"Ferodo celebra 125 anos de travagens\",\"datePublished\":\"2023-06-26T17:00:06+00:00\",\"mainEntityOfPage\":{\"@id\":\"https:\\\/\\\/jornaldasoficinas.com\\\/pt\\\/ferodo-celebra-125-anos-de-travagens\\\/\"},\"wordCount\":581,\"publisher\":{\"@id\":\"https:\\\/\\\/jornaldasoficinas.com\\\/pt\\\/#organization\"},\"image\":{\"@id\":\"https:\\\/\\\/jornaldasoficinas.com\\\/pt\\\/ferodo-celebra-125-anos-de-travagens\\\/#primaryimage\"},\"thumbnailUrl\":\"https:\\\/\\\/jornaldasoficinas.com\\\/pt\\\/wp-content\\\/uploads\\\/2023\\\/06\\\/Ferodo-celebra-125-anos-de-travagens.jpeg\",\"keywords\":[\"celebra 125 anos\",\"Ferodo\",\"Herbert Frood\",\"Pastilhas de trav\u00e3o\"],\"articleSection\":[\"Empresas\"],\"inLanguage\":\"pt-PT\"},{\"@type\":\"WebPage\",\"@id\":\"https:\\\/\\\/jornaldasoficinas.com\\\/pt\\\/ferodo-celebra-125-anos-de-travagens\\\/\",\"url\":\"https:\\\/\\\/jornaldasoficinas.com\\\/pt\\\/ferodo-celebra-125-anos-de-travagens\\\/\",\"name\":\"Ferodo celebra 125 anos de travagens - Jornal das Oficinas\",\"isPartOf\":{\"@id\":\"https:\\\/\\\/jornaldasoficinas.com\\\/pt\\\/#website\"},\"primaryImageOfPage\":{\"@id\":\"https:\\\/\\\/jornaldasoficinas.com\\\/pt\\\/ferodo-celebra-125-anos-de-travagens\\\/#primaryimage\"},\"image\":{\"@id\":\"https:\\\/\\\/jornaldasoficinas.com\\\/pt\\\/ferodo-celebra-125-anos-de-travagens\\\/#primaryimage\"},\"thumbnailUrl\":\"https:\\\/\\\/jornaldasoficinas.com\\\/pt\\\/wp-content\\\/uploads\\\/2023\\\/06\\\/Ferodo-celebra-125-anos-de-travagens.jpeg\",\"datePublished\":\"2023-06-26T17:00:06+00:00\",\"description\":\"Herbert Frood foi um vision\u00e1rio, mas provavelmente, at\u00e9 mesmo ele ficaria surpreso com o imenso sucesso do neg\u00f3cio que ele fundou\",\"breadcrumb\":{\"@id\":\"https:\\\/\\\/jornaldasoficinas.com\\\/pt\\\/ferodo-celebra-125-anos-de-travagens\\\/#breadcrumb\"},\"inLanguage\":\"pt-PT\",\"potentialAction\":[{\"@type\":\"ReadAction\",\"target\":[\"https:\\\/\\\/jornaldasoficinas.com\\\/pt\\\/ferodo-celebra-125-anos-de-travagens\\\/\"]}]},{\"@type\":\"ImageObject\",\"inLanguage\":\"pt-PT\",\"@id\":\"https:\\\/\\\/jornaldasoficinas.com\\\/pt\\\/ferodo-celebra-125-anos-de-travagens\\\/#primaryimage\",\"url\":\"https:\\\/\\\/jornaldasoficinas.com\\\/pt\\\/wp-content\\\/uploads\\\/2023\\\/06\\\/Ferodo-celebra-125-anos-de-travagens.jpeg\",\"contentUrl\":\"https:\\\/\\\/jornaldasoficinas.com\\\/pt\\\/wp-content\\\/uploads\\\/2023\\\/06\\\/Ferodo-celebra-125-anos-de-travagens.jpeg\",\"width\":1024,\"height\":581,\"caption\":\"06 - Ferodo celebra 125 anos de travagens\"},{\"@type\":\"BreadcrumbList\",\"@id\":\"https:\\\/\\\/jornaldasoficinas.com\\\/pt\\\/ferodo-celebra-125-anos-de-travagens\\\/#breadcrumb\",\"itemListElement\":[{\"@type\":\"ListItem\",\"position\":1,\"name\":\"In\u00edcio\",\"item\":\"https:\\\/\\\/jornaldasoficinas.com\\\/pt\\\/\"},{\"@type\":\"ListItem\",\"position\":2,\"name\":\"Ferodo celebra 125 anos de travagens\"}]},{\"@type\":\"WebSite\",\"@id\":\"https:\\\/\\\/jornaldasoficinas.com\\\/pt\\\/#website\",\"url\":\"https:\\\/\\\/jornaldasoficinas.com\\\/pt\\\/\",\"name\":\"Jornal das Oficinas\",\"description\":\"Jornal independente do Aftermarket Autom\u00f3vel em Portugal\",\"publisher\":{\"@id\":\"https:\\\/\\\/jornaldasoficinas.com\\\/pt\\\/#organization\"},\"potentialAction\":[{\"@type\":\"SearchAction\",\"target\":{\"@type\":\"EntryPoint\",\"urlTemplate\":\"https:\\\/\\\/jornaldasoficinas.com\\\/pt\\\/?s={search_term_string}\"},\"query-input\":{\"@type\":\"PropertyValueSpecification\",\"valueRequired\":true,\"valueName\":\"search_term_string\"}}],\"inLanguage\":\"pt-PT\"},{\"@type\":\"Organization\",\"@id\":\"https:\\\/\\\/jornaldasoficinas.com\\\/pt\\\/#organization\",\"name\":\"Jornal das Oficinas\",\"url\":\"https:\\\/\\\/jornaldasoficinas.com\\\/pt\\\/\",\"logo\":{\"@type\":\"ImageObject\",\"inLanguage\":\"pt-PT\",\"@id\":\"https:\\\/\\\/jornaldasoficinas.com\\\/pt\\\/#\\\/schema\\\/logo\\\/image\\\/\",\"url\":\"https:\\\/\\\/jornaldasoficinas.com\\\/pt\\\/wp-content\\\/uploads\\\/logoJO-SEO.png\",\"contentUrl\":\"https:\\\/\\\/jornaldasoficinas.com\\\/pt\\\/wp-content\\\/uploads\\\/logoJO-SEO.png\",\"width\":285,\"height\":450,\"caption\":\"Jornal das Oficinas\"},\"image\":{\"@id\":\"https:\\\/\\\/jornaldasoficinas.com\\\/pt\\\/#\\\/schema\\\/logo\\\/image\\\/\"},\"sameAs\":[\"https:\\\/\\\/www.facebook.com\\\/jornaloficinas\",\"https:\\\/\\\/x.com\\\/jornaloficinas\",\"https:\\\/\\\/www.instagram.com\\\/jornal_oficinas\\\/\",\"https:\\\/\\\/www.linkedin.com\\\/company\\\/jornal-das-oficinas\\\/\",\"https:\\\/\\\/www.youtube.com\\\/channel\\\/UCbQZBqtcvV-oSQrr7RzINGg\"]},{\"@type\":\"Person\",\"@id\":\"https:\\\/\\\/jornaldasoficinas.com\\\/pt\\\/#\\\/schema\\\/person\\\/a38eef5de2c41d9e7c9ac10141afddf3\",\"name\":\"Reda\u00e7\u00e3o JO\",\"image\":{\"@type\":\"ImageObject\",\"inLanguage\":\"pt-PT\",\"@id\":\"https:\\\/\\\/secure.gravatar.com\\\/avatar\\\/71f2fa71737ad68a84fea94bc708ddac8ea5b0c4788dc2ad202f3ccb2887742f?s=96&d=wp_user_avatar&r=g\",\"url\":\"https:\\\/\\\/secure.gravatar.com\\\/avatar\\\/71f2fa71737ad68a84fea94bc708ddac8ea5b0c4788dc2ad202f3ccb2887742f?s=96&d=wp_user_avatar&r=g\",\"contentUrl\":\"https:\\\/\\\/secure.gravatar.com\\\/avatar\\\/71f2fa71737ad68a84fea94bc708ddac8ea5b0c4788dc2ad202f3ccb2887742f?s=96&d=wp_user_avatar&r=g\",\"caption\":\"Reda\u00e7\u00e3o JO\"},\"url\":\"https:\\\/\\\/jornaldasoficinas.com\\\/pt\\\/author\\\/joredacao\\\/\"}]}<\/script>\n<!-- \/ Yoast SEO plugin. -->","yoast_head_json":{"title":"Ferodo celebra 125 anos de travagens - Jornal das Oficinas","description":"Herbert Frood foi um vision\u00e1rio, mas provavelmente, at\u00e9 mesmo ele ficaria surpreso com o imenso sucesso do neg\u00f3cio que ele fundou","robots":{"index":"index","follow":"follow","max-snippet":"max-snippet:-1","max-image-preview":"max-image-preview:large","max-video-preview":"max-video-preview:-1"},"canonical":"https:\/\/jornaldasoficinas.com\/pt\/ferodo-celebra-125-anos-de-travagens\/","og_locale":"pt_PT","og_type":"article","og_title":"Ferodo celebra 125 anos de travagens - Jornal das Oficinas","og_description":"Herbert Frood foi um vision\u00e1rio, mas provavelmente, at\u00e9 mesmo ele ficaria surpreso com o imenso sucesso do neg\u00f3cio que ele fundou","og_url":"https:\/\/jornaldasoficinas.com\/pt\/ferodo-celebra-125-anos-de-travagens\/","og_site_name":"Jornal das Oficinas","article_publisher":"https:\/\/www.facebook.com\/jornaloficinas","article_published_time":"2023-06-26T17:00:06+00:00","og_image":[{"width":1024,"height":581,"url":"https:\/\/jornaldasoficinas.com\/pt\/wp-content\/uploads\/2023\/06\/Ferodo-celebra-125-anos-de-travagens.jpeg","type":"image\/jpeg"}],"author":"Reda\u00e7\u00e3o JO","twitter_card":"summary_large_image","twitter_creator":"@jornaloficinas","twitter_site":"@jornaloficinas","twitter_misc":{"Escrito por":"Reda\u00e7\u00e3o JO","Tempo estimado de leitura":"3 minutos"},"schema":{"@context":"https:\/\/schema.org","@graph":[{"@type":"Article","@id":"https:\/\/jornaldasoficinas.com\/pt\/ferodo-celebra-125-anos-de-travagens\/#article","isPartOf":{"@id":"https:\/\/jornaldasoficinas.com\/pt\/ferodo-celebra-125-anos-de-travagens\/"},"author":{"name":"Reda\u00e7\u00e3o JO","@id":"https:\/\/jornaldasoficinas.com\/pt\/#\/schema\/person\/a38eef5de2c41d9e7c9ac10141afddf3"},"headline":"Ferodo celebra 125 anos de travagens","datePublished":"2023-06-26T17:00:06+00:00","mainEntityOfPage":{"@id":"https:\/\/jornaldasoficinas.com\/pt\/ferodo-celebra-125-anos-de-travagens\/"},"wordCount":581,"publisher":{"@id":"https:\/\/jornaldasoficinas.com\/pt\/#organization"},"image":{"@id":"https:\/\/jornaldasoficinas.com\/pt\/ferodo-celebra-125-anos-de-travagens\/#primaryimage"},"thumbnailUrl":"https:\/\/jornaldasoficinas.com\/pt\/wp-content\/uploads\/2023\/06\/Ferodo-celebra-125-anos-de-travagens.jpeg","keywords":["celebra 125 anos","Ferodo","Herbert Frood","Pastilhas de trav\u00e3o"],"articleSection":["Empresas"],"inLanguage":"pt-PT"},{"@type":"WebPage","@id":"https:\/\/jornaldasoficinas.com\/pt\/ferodo-celebra-125-anos-de-travagens\/","url":"https:\/\/jornaldasoficinas.com\/pt\/ferodo-celebra-125-anos-de-travagens\/","name":"Ferodo celebra 125 anos de travagens - Jornal das Oficinas","isPartOf":{"@id":"https:\/\/jornaldasoficinas.com\/pt\/#website"},"primaryImageOfPage":{"@id":"https:\/\/jornaldasoficinas.com\/pt\/ferodo-celebra-125-anos-de-travagens\/#primaryimage"},"image":{"@id":"https:\/\/jornaldasoficinas.com\/pt\/ferodo-celebra-125-anos-de-travagens\/#primaryimage"},"thumbnailUrl":"https:\/\/jornaldasoficinas.com\/pt\/wp-content\/uploads\/2023\/06\/Ferodo-celebra-125-anos-de-travagens.jpeg","datePublished":"2023-06-26T17:00:06+00:00","description":"Herbert Frood foi um vision\u00e1rio, mas provavelmente, at\u00e9 mesmo ele ficaria surpreso com o imenso sucesso do neg\u00f3cio que ele fundou","breadcrumb":{"@id":"https:\/\/jornaldasoficinas.com\/pt\/ferodo-celebra-125-anos-de-travagens\/#breadcrumb"},"inLanguage":"pt-PT","potentialAction":[{"@type":"ReadAction","target":["https:\/\/jornaldasoficinas.com\/pt\/ferodo-celebra-125-anos-de-travagens\/"]}]},{"@type":"ImageObject","inLanguage":"pt-PT","@id":"https:\/\/jornaldasoficinas.com\/pt\/ferodo-celebra-125-anos-de-travagens\/#primaryimage","url":"https:\/\/jornaldasoficinas.com\/pt\/wp-content\/uploads\/2023\/06\/Ferodo-celebra-125-anos-de-travagens.jpeg","contentUrl":"https:\/\/jornaldasoficinas.com\/pt\/wp-content\/uploads\/2023\/06\/Ferodo-celebra-125-anos-de-travagens.jpeg","width":1024,"height":581,"caption":"06 - Ferodo celebra 125 anos de travagens"},{"@type":"BreadcrumbList","@id":"https:\/\/jornaldasoficinas.com\/pt\/ferodo-celebra-125-anos-de-travagens\/#breadcrumb","itemListElement":[{"@type":"ListItem","position":1,"name":"In\u00edcio","item":"https:\/\/jornaldasoficinas.com\/pt\/"},{"@type":"ListItem","position":2,"name":"Ferodo celebra 125 anos de travagens"}]},{"@type":"WebSite","@id":"https:\/\/jornaldasoficinas.com\/pt\/#website","url":"https:\/\/jornaldasoficinas.com\/pt\/","name":"Jornal das Oficinas","description":"Jornal independente do Aftermarket Autom\u00f3vel em Portugal","publisher":{"@id":"https:\/\/jornaldasoficinas.com\/pt\/#organization"},"potentialAction":[{"@type":"SearchAction","target":{"@type":"EntryPoint","urlTemplate":"https:\/\/jornaldasoficinas.com\/pt\/?s={search_term_string}"},"query-input":{"@type":"PropertyValueSpecification","valueRequired":true,"valueName":"search_term_string"}}],"inLanguage":"pt-PT"},{"@type":"Organization","@id":"https:\/\/jornaldasoficinas.com\/pt\/#organization","name":"Jornal das Oficinas","url":"https:\/\/jornaldasoficinas.com\/pt\/","logo":{"@type":"ImageObject","inLanguage":"pt-PT","@id":"https:\/\/jornaldasoficinas.com\/pt\/#\/schema\/logo\/image\/","url":"https:\/\/jornaldasoficinas.com\/pt\/wp-content\/uploads\/logoJO-SEO.png","contentUrl":"https:\/\/jornaldasoficinas.com\/pt\/wp-content\/uploads\/logoJO-SEO.png","width":285,"height":450,"caption":"Jornal das Oficinas"},"image":{"@id":"https:\/\/jornaldasoficinas.com\/pt\/#\/schema\/logo\/image\/"},"sameAs":["https:\/\/www.facebook.com\/jornaloficinas","https:\/\/x.com\/jornaloficinas","https:\/\/www.instagram.com\/jornal_oficinas\/","https:\/\/www.linkedin.com\/company\/jornal-das-oficinas\/","https:\/\/www.youtube.com\/channel\/UCbQZBqtcvV-oSQrr7RzINGg"]},{"@type":"Person","@id":"https:\/\/jornaldasoficinas.com\/pt\/#\/schema\/person\/a38eef5de2c41d9e7c9ac10141afddf3","name":"Reda\u00e7\u00e3o JO","image":{"@type":"ImageObject","inLanguage":"pt-PT","@id":"https:\/\/secure.gravatar.com\/avatar\/71f2fa71737ad68a84fea94bc708ddac8ea5b0c4788dc2ad202f3ccb2887742f?s=96&d=wp_user_avatar&r=g","url":"https:\/\/secure.gravatar.com\/avatar\/71f2fa71737ad68a84fea94bc708ddac8ea5b0c4788dc2ad202f3ccb2887742f?s=96&d=wp_user_avatar&r=g","contentUrl":"https:\/\/secure.gravatar.com\/avatar\/71f2fa71737ad68a84fea94bc708ddac8ea5b0c4788dc2ad202f3ccb2887742f?s=96&d=wp_user_avatar&r=g","caption":"Reda\u00e7\u00e3o JO"},"url":"https:\/\/jornaldasoficinas.com\/pt\/author\/joredacao\/"}]}},"_links":{"self":[{"href":"https:\/\/jornaldasoficinas.com\/pt\/wp-json\/wp\/v2\/posts\/68422","targetHints":{"allow":["GET"]}}],"collection":[{"href":"https:\/\/jornaldasoficinas.com\/pt\/wp-json\/wp\/v2\/posts"}],"about":[{"href":"https:\/\/jornaldasoficinas.com\/pt\/wp-json\/wp\/v2\/types\/post"}],"author":[{"embeddable":true,"href":"https:\/\/jornaldasoficinas.com\/pt\/wp-json\/wp\/v2\/users\/15"}],"replies":[{"embeddable":true,"href":"https:\/\/jornaldasoficinas.com\/pt\/wp-json\/wp\/v2\/comments?post=68422"}],"version-history":[{"count":0,"href":"https:\/\/jornaldasoficinas.com\/pt\/wp-json\/wp\/v2\/posts\/68422\/revisions"}],"wp:featuredmedia":[{"embeddable":true,"href":"https:\/\/jornaldasoficinas.com\/pt\/wp-json\/wp\/v2\/media\/68409"}],"wp:attachment":[{"href":"https:\/\/jornaldasoficinas.com\/pt\/wp-json\/wp\/v2\/media?parent=68422"}],"wp:term":[{"taxonomy":"category","embeddable":true,"href":"https:\/\/jornaldasoficinas.com\/pt\/wp-json\/wp\/v2\/categories?post=68422"},{"taxonomy":"post_tag","embeddable":true,"href":"https:\/\/jornaldasoficinas.com\/pt\/wp-json\/wp\/v2\/tags?post=68422"}],"curies":[{"name":"wp","href":"https:\/\/api.w.org\/{rel}","templated":true}]}}