{"id":68448,"date":"2023-06-27T18:00:57","date_gmt":"2023-06-27T17:00:57","guid":{"rendered":"https:\/\/jornaldasoficinas.com\/pt\/?p=68448"},"modified":"2023-06-26T17:56:33","modified_gmt":"2023-06-26T16:56:33","slug":"global-mobility-call-vai-realizar-se-de-24-a-26-de-outubro","status":"publish","type":"post","link":"https:\/\/jornaldasoficinas.com\/pt\/global-mobility-call-vai-realizar-se-de-24-a-26-de-outubro\/","title":{"rendered":"Global Mobility Call vai realizar-se de 24 a 26 de outubro"},"content":{"rendered":"<p><strong><img loading=\"lazy\" decoding=\"async\" class=\"alignnone size-full wp-image-68407\" src=\"https:\/\/jornaldasoficinas.com\/pt\/wp-content\/uploads\/2023\/06\/Global-Mobility-Call-vai-realizar-se-de-24-a-26-de-outubro.jpg\" alt=\"06 - Global Mobility Call vai realizar se de 24 a 26 de outubro\" width=\"1024\" height=\"581\" srcset=\"https:\/\/jornaldasoficinas.com\/pt\/wp-content\/uploads\/2023\/06\/Global-Mobility-Call-vai-realizar-se-de-24-a-26-de-outubro.jpg 1024w, https:\/\/jornaldasoficinas.com\/pt\/wp-content\/uploads\/2023\/06\/Global-Mobility-Call-vai-realizar-se-de-24-a-26-de-outubro-300x170.jpg 300w, https:\/\/jornaldasoficinas.com\/pt\/wp-content\/uploads\/2023\/06\/Global-Mobility-Call-vai-realizar-se-de-24-a-26-de-outubro-150x85.jpg 150w, https:\/\/jornaldasoficinas.com\/pt\/wp-content\/uploads\/2023\/06\/Global-Mobility-Call-vai-realizar-se-de-24-a-26-de-outubro-768x436.jpg 768w\" sizes=\"auto, (max-width: 1024px) 100vw, 1024px\" \/><\/strong><strong>\u00a0<\/strong><\/p>\n<p><strong>O recente an\u00fancio de antecipa\u00e7\u00e3o das Elei\u00e7\u00f5es Gerais para 23 de julho impulsionou a decis\u00e3o de adiar o <a href=\"https:\/\/www.ifema.es\/en\/global-mobility-call?gclid=Cj0KCQjw7uSkBhDGARIsAMCZNJszapIvhxjqG5zXCiKIT0QKWDnxhyocPPaAB8yn5M0QnThmylPcuQIaAibcEALw_wcB&amp;gclsrc=aw.ds\" target=\"_blank\" rel=\"noopener\">Global Mobility Call<\/a> para o m\u00eas de outubro, de 24 a 26, para assegurar a m\u00e1xima presen\u00e7a institucional tanto a n\u00edvel da Administra\u00e7\u00e3o do Estado, como de comunidades e Munic\u00edpios, um dos eixos fundamentais do evento<\/strong><\/p>\n<p>Na sequencia do recente an\u00fancio de antecipa\u00e7\u00e3o eleitoral e depois de valorar a sua repercuss\u00e3o no desenvolvimento da Global Mobility Call, onde a participa\u00e7\u00e3o institucional representa um dos eixos do certame, a IFEMA MADRID, Smobhub, e o Mitma, tomaram de forma consensual a decis\u00e3o de passar a convocat\u00f3ria da sua segunda edi\u00e7\u00e3o para a \u00faltima semana de outubro, para garantir a plena presen\u00e7a dos representantes da \u00a0Administra\u00e7\u00e3o do Estado, assim como das comunidades aut\u00f3nomas e Camaras Municipais de Espanha que t\u00eam j\u00e1 confirmada a sua participa\u00e7\u00e3o.<\/p>\n<p>O evento inicialmente previsto para setembro, conta com toda a estrutura organizativa a pleno rendimento e com a confirma\u00e7\u00e3o de mais de 80% da participa\u00e7\u00e3o, assim como com o apoio de um importante n\u00famero de empresas, corpora\u00e7\u00f5es, institui\u00e7\u00f5es e associa\u00e7\u00f5es que se juntaram uma edi\u00e7\u00e3o mais como partners estrat\u00e9gicos e colaboradores da Global Mobility Call.<\/p>\n<p>A nova proposta de convocat\u00f3ria, que previsivelmente assegura uma margem de tempo suficiente para a constitui\u00e7\u00e3o das novas equipas das institui\u00e7\u00f5es e para a reativa\u00e7\u00e3o das suas agendas institucionais, foi fortemente apiado por todos os agentes que fazem parte da Global Mobility Call perante o objetivo partilhado de assegurar as melhores condi\u00e7\u00f5es que permitam gerar oportunidades de neg\u00f3cio e de investimento.<\/p>\n<p>A Global Mobility Call acolher\u00e1 uma parte da agenda oficial de mobilidade da Presidencia Espanhola do Conselho da Uni\u00e3o Europeia com tr\u00eas reuni\u00f5es organizadas pelo Minist\u00e9rio de Transportes, Mobilidade e Agenda Urbana de Espanha onde se encontrar\u00e3o os representantes dos 27 pa\u00edses da UE. Trata-se da \u201cConfer\u00eancia t\u00e9cnica sobre a mobilidade em \u00e1reas rurais\u201d, a reuni\u00e3o \u201cThe PEP Partnership on Active Mobility\u201d, assim como uma importante jornada sobre os Corredores Europeus em Espanha 360: Corredor Atl\u00e2ntico e Corredor Mediterr\u00e2neo, para os que se prev\u00ea uma invers\u00e3o de mais de 53.806 milh\u00f5es de euros. Estes eventos contar\u00e3o com a participa\u00e7\u00e3o de comission\u00e1rios da Uni\u00e3o Europeia.<\/p>\n<p>Entre as grandes corpora\u00e7\u00f5es e associa\u00e7\u00f5es confirmadas na Global Mobility Call figuram, do setor da energia, marcas como BP, Cepsa, EDP, Iberdrola e Total Energies; de transporte p\u00fablico, Consorcio de Transportes, EMT e Metro de Madrid; de mobilidade multimodal, com Adif, Aena, Arriva, Astara, Enaire, Iberia, Ineco, Puertos del Estado, PWC, Renfe, Santander (WABI y Ulity), Senasa e UBER; de tecnologia e inova\u00e7\u00e3o, com Etra, Indra e Sistem; e de\u00a0 infraestruturas, Direcci\u00f3n General de Carreteras e Instituto Geogr\u00e1fico Nacional, entre outros, que ter\u00e3o presen\u00e7a na \u00e1rea expositiva e tamb\u00e9m no<\/p>\n<p>Congresso. Adicionalmente, \u00a0participam mais de 100 empresas expositoras e startups e meia centena de associa\u00e7\u00f5es setoriais nacionais e internacionais. Deste modo, a convocat\u00f3ria do evento internacional Global Mobility Call, coorganizado pela IFEMA MADRID e Smobhub, ganha mais peso pois permitir\u00e1 assegurar a participa\u00e7\u00e3o de representantes e impulsionadores de projetos de mobilidade das distintas administra\u00e7\u00f5es e organismos confirmados at\u00e9 ao momento.<\/p>\n","protected":false},"excerpt":{"rendered":"<p>\u00a0 O recente an\u00fancio de antecipa\u00e7\u00e3o&#8230;<\/p>\n","protected":false},"author":15,"featured_media":68407,"comment_status":"closed","ping_status":"closed","sticky":false,"template":"","format":"standard","meta":{"footnotes":""},"categories":[29],"tags":[5704,5728,4819],"class_list":["post-68448","post","type-post","status-publish","format-standard","has-post-thumbnail","hentry","category-empresas","tag-adiamento","tag-de-24-a-26-de-outubro","tag-global-mobility-call"],"yoast_head":"<!-- This site is optimized with the Yoast SEO plugin v27.5 - https:\/\/yoast.com\/product\/yoast-seo-wordpress\/ -->\n<title>Global Mobility Call vai realizar-se de 24 a 26 de outubro - Jornal das Oficinas<\/title>\n<meta name=\"description\" content=\"O recente an\u00fancio de antecipa\u00e7\u00e3o das Elei\u00e7\u00f5es Gerais para 23 de julho levou \u00e0 decis\u00e3o de adiar o Global Mobility Call para outubro\" \/>\n<meta name=\"robots\" content=\"index, follow, max-snippet:-1, max-image-preview:large, max-video-preview:-1\" \/>\n<link rel=\"canonical\" href=\"https:\/\/jornaldasoficinas.com\/pt\/global-mobility-call-vai-realizar-se-de-24-a-26-de-outubro\/\" \/>\n<meta property=\"og:locale\" content=\"pt_PT\" \/>\n<meta property=\"og:type\" content=\"article\" \/>\n<meta property=\"og:title\" content=\"Global Mobility Call vai realizar-se de 24 a 26 de outubro - Jornal das Oficinas\" \/>\n<meta property=\"og:description\" content=\"O recente an\u00fancio de antecipa\u00e7\u00e3o das Elei\u00e7\u00f5es Gerais para 23 de julho levou \u00e0 decis\u00e3o de adiar o Global Mobility Call para outubro\" \/>\n<meta property=\"og:url\" content=\"https:\/\/jornaldasoficinas.com\/pt\/global-mobility-call-vai-realizar-se-de-24-a-26-de-outubro\/\" \/>\n<meta property=\"og:site_name\" content=\"Jornal das Oficinas\" \/>\n<meta property=\"article:publisher\" content=\"https:\/\/www.facebook.com\/jornaloficinas\" \/>\n<meta property=\"article:published_time\" content=\"2023-06-27T17:00:57+00:00\" \/>\n<meta property=\"og:image\" content=\"https:\/\/jornaldasoficinas.com\/pt\/wp-content\/uploads\/2023\/06\/Global-Mobility-Call-vai-realizar-se-de-24-a-26-de-outubro.jpg\" \/>\n\t<meta property=\"og:image:width\" content=\"1024\" \/>\n\t<meta property=\"og:image:height\" content=\"581\" \/>\n\t<meta property=\"og:image:type\" content=\"image\/jpeg\" \/>\n<meta name=\"author\" content=\"Reda\u00e7\u00e3o JO\" \/>\n<meta name=\"twitter:card\" content=\"summary_large_image\" \/>\n<meta name=\"twitter:creator\" content=\"@jornaloficinas\" \/>\n<meta name=\"twitter:site\" content=\"@jornaloficinas\" \/>\n<meta name=\"twitter:label1\" content=\"Escrito por\" \/>\n\t<meta name=\"twitter:data1\" content=\"Reda\u00e7\u00e3o JO\" \/>\n\t<meta name=\"twitter:label2\" content=\"Tempo estimado de leitura\" \/>\n\t<meta name=\"twitter:data2\" content=\"3 minutos\" \/>\n<script type=\"application\/ld+json\" class=\"yoast-schema-graph\">{\"@context\":\"https:\\\/\\\/schema.org\",\"@graph\":[{\"@type\":\"Article\",\"@id\":\"https:\\\/\\\/jornaldasoficinas.com\\\/pt\\\/global-mobility-call-vai-realizar-se-de-24-a-26-de-outubro\\\/#article\",\"isPartOf\":{\"@id\":\"https:\\\/\\\/jornaldasoficinas.com\\\/pt\\\/global-mobility-call-vai-realizar-se-de-24-a-26-de-outubro\\\/\"},\"author\":{\"name\":\"Reda\u00e7\u00e3o JO\",\"@id\":\"https:\\\/\\\/jornaldasoficinas.com\\\/pt\\\/#\\\/schema\\\/person\\\/a38eef5de2c41d9e7c9ac10141afddf3\"},\"headline\":\"Global Mobility Call vai realizar-se de 24 a 26 de outubro\",\"datePublished\":\"2023-06-27T17:00:57+00:00\",\"mainEntityOfPage\":{\"@id\":\"https:\\\/\\\/jornaldasoficinas.com\\\/pt\\\/global-mobility-call-vai-realizar-se-de-24-a-26-de-outubro\\\/\"},\"wordCount\":577,\"publisher\":{\"@id\":\"https:\\\/\\\/jornaldasoficinas.com\\\/pt\\\/#organization\"},\"image\":{\"@id\":\"https:\\\/\\\/jornaldasoficinas.com\\\/pt\\\/global-mobility-call-vai-realizar-se-de-24-a-26-de-outubro\\\/#primaryimage\"},\"thumbnailUrl\":\"https:\\\/\\\/jornaldasoficinas.com\\\/pt\\\/wp-content\\\/uploads\\\/2023\\\/06\\\/Global-Mobility-Call-vai-realizar-se-de-24-a-26-de-outubro.jpg\",\"keywords\":[\"Adiamento\",\"de 24 a 26 de outubro\",\"Global Mobility Call\"],\"articleSection\":[\"Empresas\"],\"inLanguage\":\"pt-PT\"},{\"@type\":\"WebPage\",\"@id\":\"https:\\\/\\\/jornaldasoficinas.com\\\/pt\\\/global-mobility-call-vai-realizar-se-de-24-a-26-de-outubro\\\/\",\"url\":\"https:\\\/\\\/jornaldasoficinas.com\\\/pt\\\/global-mobility-call-vai-realizar-se-de-24-a-26-de-outubro\\\/\",\"name\":\"Global Mobility Call vai realizar-se de 24 a 26 de outubro - Jornal das Oficinas\",\"isPartOf\":{\"@id\":\"https:\\\/\\\/jornaldasoficinas.com\\\/pt\\\/#website\"},\"primaryImageOfPage\":{\"@id\":\"https:\\\/\\\/jornaldasoficinas.com\\\/pt\\\/global-mobility-call-vai-realizar-se-de-24-a-26-de-outubro\\\/#primaryimage\"},\"image\":{\"@id\":\"https:\\\/\\\/jornaldasoficinas.com\\\/pt\\\/global-mobility-call-vai-realizar-se-de-24-a-26-de-outubro\\\/#primaryimage\"},\"thumbnailUrl\":\"https:\\\/\\\/jornaldasoficinas.com\\\/pt\\\/wp-content\\\/uploads\\\/2023\\\/06\\\/Global-Mobility-Call-vai-realizar-se-de-24-a-26-de-outubro.jpg\",\"datePublished\":\"2023-06-27T17:00:57+00:00\",\"description\":\"O recente an\u00fancio de antecipa\u00e7\u00e3o das Elei\u00e7\u00f5es Gerais para 23 de julho levou \u00e0 decis\u00e3o de adiar o Global Mobility Call para outubro\",\"breadcrumb\":{\"@id\":\"https:\\\/\\\/jornaldasoficinas.com\\\/pt\\\/global-mobility-call-vai-realizar-se-de-24-a-26-de-outubro\\\/#breadcrumb\"},\"inLanguage\":\"pt-PT\",\"potentialAction\":[{\"@type\":\"ReadAction\",\"target\":[\"https:\\\/\\\/jornaldasoficinas.com\\\/pt\\\/global-mobility-call-vai-realizar-se-de-24-a-26-de-outubro\\\/\"]}]},{\"@type\":\"ImageObject\",\"inLanguage\":\"pt-PT\",\"@id\":\"https:\\\/\\\/jornaldasoficinas.com\\\/pt\\\/global-mobility-call-vai-realizar-se-de-24-a-26-de-outubro\\\/#primaryimage\",\"url\":\"https:\\\/\\\/jornaldasoficinas.com\\\/pt\\\/wp-content\\\/uploads\\\/2023\\\/06\\\/Global-Mobility-Call-vai-realizar-se-de-24-a-26-de-outubro.jpg\",\"contentUrl\":\"https:\\\/\\\/jornaldasoficinas.com\\\/pt\\\/wp-content\\\/uploads\\\/2023\\\/06\\\/Global-Mobility-Call-vai-realizar-se-de-24-a-26-de-outubro.jpg\",\"width\":1024,\"height\":581,\"caption\":\"06 - Global Mobility Call vai realizar se de 24 a 26 de outubro\"},{\"@type\":\"BreadcrumbList\",\"@id\":\"https:\\\/\\\/jornaldasoficinas.com\\\/pt\\\/global-mobility-call-vai-realizar-se-de-24-a-26-de-outubro\\\/#breadcrumb\",\"itemListElement\":[{\"@type\":\"ListItem\",\"position\":1,\"name\":\"In\u00edcio\",\"item\":\"https:\\\/\\\/jornaldasoficinas.com\\\/pt\\\/\"},{\"@type\":\"ListItem\",\"position\":2,\"name\":\"Global Mobility Call vai realizar-se de 24 a 26 de outubro\"}]},{\"@type\":\"WebSite\",\"@id\":\"https:\\\/\\\/jornaldasoficinas.com\\\/pt\\\/#website\",\"url\":\"https:\\\/\\\/jornaldasoficinas.com\\\/pt\\\/\",\"name\":\"Jornal das Oficinas\",\"description\":\"Jornal independente do Aftermarket Autom\u00f3vel em Portugal\",\"publisher\":{\"@id\":\"https:\\\/\\\/jornaldasoficinas.com\\\/pt\\\/#organization\"},\"potentialAction\":[{\"@type\":\"SearchAction\",\"target\":{\"@type\":\"EntryPoint\",\"urlTemplate\":\"https:\\\/\\\/jornaldasoficinas.com\\\/pt\\\/?s={search_term_string}\"},\"query-input\":{\"@type\":\"PropertyValueSpecification\",\"valueRequired\":true,\"valueName\":\"search_term_string\"}}],\"inLanguage\":\"pt-PT\"},{\"@type\":\"Organization\",\"@id\":\"https:\\\/\\\/jornaldasoficinas.com\\\/pt\\\/#organization\",\"name\":\"Jornal das Oficinas\",\"url\":\"https:\\\/\\\/jornaldasoficinas.com\\\/pt\\\/\",\"logo\":{\"@type\":\"ImageObject\",\"inLanguage\":\"pt-PT\",\"@id\":\"https:\\\/\\\/jornaldasoficinas.com\\\/pt\\\/#\\\/schema\\\/logo\\\/image\\\/\",\"url\":\"https:\\\/\\\/jornaldasoficinas.com\\\/pt\\\/wp-content\\\/uploads\\\/logoJO-SEO.png\",\"contentUrl\":\"https:\\\/\\\/jornaldasoficinas.com\\\/pt\\\/wp-content\\\/uploads\\\/logoJO-SEO.png\",\"width\":285,\"height\":450,\"caption\":\"Jornal das Oficinas\"},\"image\":{\"@id\":\"https:\\\/\\\/jornaldasoficinas.com\\\/pt\\\/#\\\/schema\\\/logo\\\/image\\\/\"},\"sameAs\":[\"https:\\\/\\\/www.facebook.com\\\/jornaloficinas\",\"https:\\\/\\\/x.com\\\/jornaloficinas\",\"https:\\\/\\\/www.instagram.com\\\/jornal_oficinas\\\/\",\"https:\\\/\\\/www.linkedin.com\\\/company\\\/jornal-das-oficinas\\\/\",\"https:\\\/\\\/www.youtube.com\\\/channel\\\/UCbQZBqtcvV-oSQrr7RzINGg\"]},{\"@type\":\"Person\",\"@id\":\"https:\\\/\\\/jornaldasoficinas.com\\\/pt\\\/#\\\/schema\\\/person\\\/a38eef5de2c41d9e7c9ac10141afddf3\",\"name\":\"Reda\u00e7\u00e3o JO\",\"image\":{\"@type\":\"ImageObject\",\"inLanguage\":\"pt-PT\",\"@id\":\"https:\\\/\\\/secure.gravatar.com\\\/avatar\\\/71f2fa71737ad68a84fea94bc708ddac8ea5b0c4788dc2ad202f3ccb2887742f?s=96&d=wp_user_avatar&r=g\",\"url\":\"https:\\\/\\\/secure.gravatar.com\\\/avatar\\\/71f2fa71737ad68a84fea94bc708ddac8ea5b0c4788dc2ad202f3ccb2887742f?s=96&d=wp_user_avatar&r=g\",\"contentUrl\":\"https:\\\/\\\/secure.gravatar.com\\\/avatar\\\/71f2fa71737ad68a84fea94bc708ddac8ea5b0c4788dc2ad202f3ccb2887742f?s=96&d=wp_user_avatar&r=g\",\"caption\":\"Reda\u00e7\u00e3o JO\"},\"url\":\"https:\\\/\\\/jornaldasoficinas.com\\\/pt\\\/author\\\/joredacao\\\/\"}]}<\/script>\n<!-- \/ Yoast SEO plugin. -->","yoast_head_json":{"title":"Global Mobility Call vai realizar-se de 24 a 26 de outubro - Jornal das Oficinas","description":"O recente an\u00fancio de antecipa\u00e7\u00e3o das Elei\u00e7\u00f5es Gerais para 23 de julho levou \u00e0 decis\u00e3o de adiar o Global Mobility Call para outubro","robots":{"index":"index","follow":"follow","max-snippet":"max-snippet:-1","max-image-preview":"max-image-preview:large","max-video-preview":"max-video-preview:-1"},"canonical":"https:\/\/jornaldasoficinas.com\/pt\/global-mobility-call-vai-realizar-se-de-24-a-26-de-outubro\/","og_locale":"pt_PT","og_type":"article","og_title":"Global Mobility Call vai realizar-se de 24 a 26 de outubro - Jornal das Oficinas","og_description":"O recente an\u00fancio de antecipa\u00e7\u00e3o das Elei\u00e7\u00f5es Gerais para 23 de julho levou \u00e0 decis\u00e3o de adiar o Global Mobility Call para outubro","og_url":"https:\/\/jornaldasoficinas.com\/pt\/global-mobility-call-vai-realizar-se-de-24-a-26-de-outubro\/","og_site_name":"Jornal das Oficinas","article_publisher":"https:\/\/www.facebook.com\/jornaloficinas","article_published_time":"2023-06-27T17:00:57+00:00","og_image":[{"width":1024,"height":581,"url":"https:\/\/jornaldasoficinas.com\/pt\/wp-content\/uploads\/2023\/06\/Global-Mobility-Call-vai-realizar-se-de-24-a-26-de-outubro.jpg","type":"image\/jpeg"}],"author":"Reda\u00e7\u00e3o JO","twitter_card":"summary_large_image","twitter_creator":"@jornaloficinas","twitter_site":"@jornaloficinas","twitter_misc":{"Escrito por":"Reda\u00e7\u00e3o JO","Tempo estimado de leitura":"3 minutos"},"schema":{"@context":"https:\/\/schema.org","@graph":[{"@type":"Article","@id":"https:\/\/jornaldasoficinas.com\/pt\/global-mobility-call-vai-realizar-se-de-24-a-26-de-outubro\/#article","isPartOf":{"@id":"https:\/\/jornaldasoficinas.com\/pt\/global-mobility-call-vai-realizar-se-de-24-a-26-de-outubro\/"},"author":{"name":"Reda\u00e7\u00e3o JO","@id":"https:\/\/jornaldasoficinas.com\/pt\/#\/schema\/person\/a38eef5de2c41d9e7c9ac10141afddf3"},"headline":"Global Mobility Call vai realizar-se de 24 a 26 de outubro","datePublished":"2023-06-27T17:00:57+00:00","mainEntityOfPage":{"@id":"https:\/\/jornaldasoficinas.com\/pt\/global-mobility-call-vai-realizar-se-de-24-a-26-de-outubro\/"},"wordCount":577,"publisher":{"@id":"https:\/\/jornaldasoficinas.com\/pt\/#organization"},"image":{"@id":"https:\/\/jornaldasoficinas.com\/pt\/global-mobility-call-vai-realizar-se-de-24-a-26-de-outubro\/#primaryimage"},"thumbnailUrl":"https:\/\/jornaldasoficinas.com\/pt\/wp-content\/uploads\/2023\/06\/Global-Mobility-Call-vai-realizar-se-de-24-a-26-de-outubro.jpg","keywords":["Adiamento","de 24 a 26 de outubro","Global Mobility Call"],"articleSection":["Empresas"],"inLanguage":"pt-PT"},{"@type":"WebPage","@id":"https:\/\/jornaldasoficinas.com\/pt\/global-mobility-call-vai-realizar-se-de-24-a-26-de-outubro\/","url":"https:\/\/jornaldasoficinas.com\/pt\/global-mobility-call-vai-realizar-se-de-24-a-26-de-outubro\/","name":"Global Mobility Call vai realizar-se de 24 a 26 de outubro - Jornal das Oficinas","isPartOf":{"@id":"https:\/\/jornaldasoficinas.com\/pt\/#website"},"primaryImageOfPage":{"@id":"https:\/\/jornaldasoficinas.com\/pt\/global-mobility-call-vai-realizar-se-de-24-a-26-de-outubro\/#primaryimage"},"image":{"@id":"https:\/\/jornaldasoficinas.com\/pt\/global-mobility-call-vai-realizar-se-de-24-a-26-de-outubro\/#primaryimage"},"thumbnailUrl":"https:\/\/jornaldasoficinas.com\/pt\/wp-content\/uploads\/2023\/06\/Global-Mobility-Call-vai-realizar-se-de-24-a-26-de-outubro.jpg","datePublished":"2023-06-27T17:00:57+00:00","description":"O recente an\u00fancio de antecipa\u00e7\u00e3o das Elei\u00e7\u00f5es Gerais para 23 de julho levou \u00e0 decis\u00e3o de adiar o Global Mobility Call para outubro","breadcrumb":{"@id":"https:\/\/jornaldasoficinas.com\/pt\/global-mobility-call-vai-realizar-se-de-24-a-26-de-outubro\/#breadcrumb"},"inLanguage":"pt-PT","potentialAction":[{"@type":"ReadAction","target":["https:\/\/jornaldasoficinas.com\/pt\/global-mobility-call-vai-realizar-se-de-24-a-26-de-outubro\/"]}]},{"@type":"ImageObject","inLanguage":"pt-PT","@id":"https:\/\/jornaldasoficinas.com\/pt\/global-mobility-call-vai-realizar-se-de-24-a-26-de-outubro\/#primaryimage","url":"https:\/\/jornaldasoficinas.com\/pt\/wp-content\/uploads\/2023\/06\/Global-Mobility-Call-vai-realizar-se-de-24-a-26-de-outubro.jpg","contentUrl":"https:\/\/jornaldasoficinas.com\/pt\/wp-content\/uploads\/2023\/06\/Global-Mobility-Call-vai-realizar-se-de-24-a-26-de-outubro.jpg","width":1024,"height":581,"caption":"06 - Global Mobility Call vai realizar se de 24 a 26 de outubro"},{"@type":"BreadcrumbList","@id":"https:\/\/jornaldasoficinas.com\/pt\/global-mobility-call-vai-realizar-se-de-24-a-26-de-outubro\/#breadcrumb","itemListElement":[{"@type":"ListItem","position":1,"name":"In\u00edcio","item":"https:\/\/jornaldasoficinas.com\/pt\/"},{"@type":"ListItem","position":2,"name":"Global Mobility Call vai realizar-se de 24 a 26 de outubro"}]},{"@type":"WebSite","@id":"https:\/\/jornaldasoficinas.com\/pt\/#website","url":"https:\/\/jornaldasoficinas.com\/pt\/","name":"Jornal das Oficinas","description":"Jornal independente do Aftermarket Autom\u00f3vel em Portugal","publisher":{"@id":"https:\/\/jornaldasoficinas.com\/pt\/#organization"},"potentialAction":[{"@type":"SearchAction","target":{"@type":"EntryPoint","urlTemplate":"https:\/\/jornaldasoficinas.com\/pt\/?s={search_term_string}"},"query-input":{"@type":"PropertyValueSpecification","valueRequired":true,"valueName":"search_term_string"}}],"inLanguage":"pt-PT"},{"@type":"Organization","@id":"https:\/\/jornaldasoficinas.com\/pt\/#organization","name":"Jornal das Oficinas","url":"https:\/\/jornaldasoficinas.com\/pt\/","logo":{"@type":"ImageObject","inLanguage":"pt-PT","@id":"https:\/\/jornaldasoficinas.com\/pt\/#\/schema\/logo\/image\/","url":"https:\/\/jornaldasoficinas.com\/pt\/wp-content\/uploads\/logoJO-SEO.png","contentUrl":"https:\/\/jornaldasoficinas.com\/pt\/wp-content\/uploads\/logoJO-SEO.png","width":285,"height":450,"caption":"Jornal das Oficinas"},"image":{"@id":"https:\/\/jornaldasoficinas.com\/pt\/#\/schema\/logo\/image\/"},"sameAs":["https:\/\/www.facebook.com\/jornaloficinas","https:\/\/x.com\/jornaloficinas","https:\/\/www.instagram.com\/jornal_oficinas\/","https:\/\/www.linkedin.com\/company\/jornal-das-oficinas\/","https:\/\/www.youtube.com\/channel\/UCbQZBqtcvV-oSQrr7RzINGg"]},{"@type":"Person","@id":"https:\/\/jornaldasoficinas.com\/pt\/#\/schema\/person\/a38eef5de2c41d9e7c9ac10141afddf3","name":"Reda\u00e7\u00e3o JO","image":{"@type":"ImageObject","inLanguage":"pt-PT","@id":"https:\/\/secure.gravatar.com\/avatar\/71f2fa71737ad68a84fea94bc708ddac8ea5b0c4788dc2ad202f3ccb2887742f?s=96&d=wp_user_avatar&r=g","url":"https:\/\/secure.gravatar.com\/avatar\/71f2fa71737ad68a84fea94bc708ddac8ea5b0c4788dc2ad202f3ccb2887742f?s=96&d=wp_user_avatar&r=g","contentUrl":"https:\/\/secure.gravatar.com\/avatar\/71f2fa71737ad68a84fea94bc708ddac8ea5b0c4788dc2ad202f3ccb2887742f?s=96&d=wp_user_avatar&r=g","caption":"Reda\u00e7\u00e3o JO"},"url":"https:\/\/jornaldasoficinas.com\/pt\/author\/joredacao\/"}]}},"_links":{"self":[{"href":"https:\/\/jornaldasoficinas.com\/pt\/wp-json\/wp\/v2\/posts\/68448","targetHints":{"allow":["GET"]}}],"collection":[{"href":"https:\/\/jornaldasoficinas.com\/pt\/wp-json\/wp\/v2\/posts"}],"about":[{"href":"https:\/\/jornaldasoficinas.com\/pt\/wp-json\/wp\/v2\/types\/post"}],"author":[{"embeddable":true,"href":"https:\/\/jornaldasoficinas.com\/pt\/wp-json\/wp\/v2\/users\/15"}],"replies":[{"embeddable":true,"href":"https:\/\/jornaldasoficinas.com\/pt\/wp-json\/wp\/v2\/comments?post=68448"}],"version-history":[{"count":0,"href":"https:\/\/jornaldasoficinas.com\/pt\/wp-json\/wp\/v2\/posts\/68448\/revisions"}],"wp:featuredmedia":[{"embeddable":true,"href":"https:\/\/jornaldasoficinas.com\/pt\/wp-json\/wp\/v2\/media\/68407"}],"wp:attachment":[{"href":"https:\/\/jornaldasoficinas.com\/pt\/wp-json\/wp\/v2\/media?parent=68448"}],"wp:term":[{"taxonomy":"category","embeddable":true,"href":"https:\/\/jornaldasoficinas.com\/pt\/wp-json\/wp\/v2\/categories?post=68448"},{"taxonomy":"post_tag","embeddable":true,"href":"https:\/\/jornaldasoficinas.com\/pt\/wp-json\/wp\/v2\/tags?post=68448"}],"curies":[{"name":"wp","href":"https:\/\/api.w.org\/{rel}","templated":true}]}}