{"id":68543,"date":"2023-06-29T17:30:33","date_gmt":"2023-06-29T16:30:33","guid":{"rendered":"https:\/\/jornaldasoficinas.com\/pt\/?p=68543"},"modified":"2023-06-29T17:20:55","modified_gmt":"2023-06-29T16:20:55","slug":"gs-yuasa-reforca-imagem-de-marca","status":"publish","type":"post","link":"https:\/\/jornaldasoficinas.com\/pt\/gs-yuasa-reforca-imagem-de-marca\/","title":{"rendered":"GS Yuasa refor\u00e7a imagem de marca"},"content":{"rendered":"<p><img loading=\"lazy\" decoding=\"async\" class=\"alignnone size-full wp-image-68546\" src=\"https:\/\/jornaldasoficinas.com\/pt\/wp-content\/uploads\/2023\/06\/GS-Yuasa-reforca-imagem-de-marca.jpg\" alt=\"06 - GS Yuasa reforca imagem de marca\" width=\"1024\" height=\"581\" srcset=\"https:\/\/jornaldasoficinas.com\/pt\/wp-content\/uploads\/2023\/06\/GS-Yuasa-reforca-imagem-de-marca.jpg 1024w, https:\/\/jornaldasoficinas.com\/pt\/wp-content\/uploads\/2023\/06\/GS-Yuasa-reforca-imagem-de-marca-300x170.jpg 300w, https:\/\/jornaldasoficinas.com\/pt\/wp-content\/uploads\/2023\/06\/GS-Yuasa-reforca-imagem-de-marca-150x85.jpg 150w, https:\/\/jornaldasoficinas.com\/pt\/wp-content\/uploads\/2023\/06\/GS-Yuasa-reforca-imagem-de-marca-768x436.jpg 768w\" sizes=\"auto, (max-width: 1024px) 100vw, 1024px\" \/><\/p>\n<p><strong>A <a href=\"https:\/\/www.yuasa.es\/\" target=\"_blank\" rel=\"noopener\">GS Yuasa<\/a> convidou a imprensa especializada para apresentar a nova estrat\u00e9gia de marketing e comunica\u00e7\u00e3o para relan\u00e7ar a sua imagem de marca premium. Uma estrat\u00e9gia que se estende a todas as suas organiza\u00e7\u00f5es a n\u00edvel mundial, incluindo Portugal.<\/strong><\/p>\n<p>Juan Ignacio Moreno, diretor geral da filial ib\u00e9rica aproveitou o encontro para destacar o valor da GS Yuasa como fabricante. &#8220;Somos o segundo maior fabricante a n\u00edvel mundial, com 156 milh\u00f5es de baterias fabricadas em 2020. Temos 6 escrit\u00f3rios de vendas na Europa, onde vendemos mais de 18 milh\u00f5es de baterias por ano. Produzimos baterias para ve\u00edculos ligeiros, pesados e ind\u00fastria, e somos l\u00edder no setor das motos.\u201d<\/p>\n<p>A nova estrat\u00e9gia de comunica\u00e7\u00e3o inclui a campanha global &#8220;Powering what matters&#8221;, que distingue a GS Yuasa como uma marca que pode fazer parte da vida quotidiana dos utilizadores devido ao seu n\u00famero de aplica\u00e7\u00f5es. Centrada num an\u00fancio de v\u00eddeo, que explora o mundo da GS Yuasa atrav\u00e9s dos olhos de uma crian\u00e7a de 6 anos, e da sua m\u00e3e, a campanha que est\u00e1 a decorrer nas televis\u00f5es e meios de comunica\u00e7\u00e3o digitais de v\u00e1rios pa\u00edses europeus j\u00e1 alcan\u00e7ou mais de 30 milh\u00f5es de visualiza\u00e7\u00f5es e tem relan\u00e7ado e refor\u00e7ado a imagem da marca a n\u00edvel europeu. \u00a0Os v\u00eddeos e as imagens real\u00e7am a gama diversificada de mercados servidos pela GS Yuasa, desde baterias de arranque para autom\u00f3veis a baterias para sat\u00e9lites.<\/p>\n<p>Sobre a iniciativa, Juan Ignacio afirmou \u201cEsta campanha destaca o enorme leque de aplica\u00e7\u00f5es alimentadas pela GS Yuasa. Desde a explora\u00e7\u00e3o das profundezas do oceano at\u00e9 \u00e0 Esta\u00e7\u00e3o Espacial Internacional a 250 milhas acima da Terra &#8211; as baterias GS Yuasa s\u00e3o a escolha n\u00famero um para milh\u00f5es de aplica\u00e7\u00f5es em todo o mundo.&#8221;<\/p>\n<p>A empresa est\u00e1 tamb\u00e9m a refor\u00e7ar a sua comunica\u00e7\u00e3o atrav\u00e9s das redes sociais (linkedin, facebook e instagram) e a sua participa\u00e7\u00e3o em feiras do sector, como as mais recentes realizadas em Birmingham e Frankfurt estando tamb\u00e9m previsto participar como expositor na pr\u00f3xima Motortec que ir\u00e1 realizar-se em 2025.<\/p>\n<p>A nova estrat\u00e9gia de comunica\u00e7\u00e3o europeia coordenada pela GS Yuasa \u00e9 um testemunho da dedica\u00e7\u00e3o cont\u00ednua da empresa aos seus clientes e do seu empenho em promover a marca em todo o continente.<\/p>\n<p><strong>Estrat\u00e9gia de marketing<br \/>\n<\/strong>A estrat\u00e9gia de marketing da GS Yuasa inclui a forma\u00e7\u00e3o, com a sua plataforma online GS Yuasa Academy, que inclui mais de 100 v\u00eddeos tutoriais e 20 cursos din\u00e2micos adaptados a cada trabalho, bem como a disponibiliza\u00e7\u00e3o de informa\u00e7\u00f5es de montagem das suas baterias no portal www.fit.yuasa.com, onde basta fornecer a matr\u00edcula do ve\u00edculo para obter o n\u00famero de refer\u00eancia exato a utilizar.<\/p>\n<p>A Oficina Kyoto \u00e9 um conceito que se traduz em campanhas espec\u00edficas, acompanhamento de vendas e rappels para as cerca de 200 oficinas que fazem parte do programa.<\/p>\n<p>No que diz respeito ao sector autom\u00f3vel, Juan Ignacio salientou que \u201cYuasa, GS Yuasa e GS s\u00e3o as nossas tr\u00eas marcas. Fornecemos grupos de compra como AD, ATR, Groupauto, Nexus, GlobalOne e Temot. As marcas s\u00e3o aprovadas pelos principais construtores de autom\u00f3veis e t\u00eam uma forte presen\u00e7a no primeiro equipamento.\u201d<\/p>\n<p>Nos escrit\u00f3rios em Madrid, a GS Yuasa Ib\u00e9rica conta com uma equipa de 14 pessoas, que gere as encomendas e expedi\u00e7\u00e3o de mais de um milh\u00e3o de unidades por ano e fornece os clientes a partir do seu armaz\u00e9m em San Fernando de Henares, perto da sede. A GS Yuasa est\u00e1 tamb\u00e9m presente nos pontos de venda, com artigos promocionais como uma nova linha de t-shirts, bon\u00e9s e sweatshirts.<\/p>\n<p><strong>Nova gera\u00e7\u00e3o de baterias<br \/>\n<\/strong>A nova gera\u00e7\u00e3o de baterias Yuasa s\u00e3o desenhadas especificamente para cumprir com a poupan\u00e7a de combust\u00edvel e melhorar as emiss\u00f5es dos ve\u00edculos equipados com os sistemas de redu\u00e7\u00e3o de emiss\u00f5es, como Start-Stop.<\/p>\n<p>A gama de baterias incorpora caracter\u00edsticas de design inovador e mat\u00e9rias-primas de alta qualidade para oferecer um rendimento c\u00edclico superior, alta capacidade para uma recarga r\u00e1pida entre os modos de motor desligado e a pot\u00eancia extra para operar a parte el\u00e9trica a bordo enquanto o motor est\u00e1 desligado<\/p>\n<p><strong>Forma\u00e7\u00e3o e apoio t\u00e9cnico especializado<br \/>\n<\/strong>A forma\u00e7\u00e3o \u00e9 uma parte integrante dos objetivos da GS Yuasa para o aftermarket, capacitando distribuidores e oficinas para novas oportunidades. As a\u00e7\u00f5es de forma\u00e7\u00e3o permitem os profissionais obterem informa\u00e7\u00e3o sobre as \u00faltimas novidades em tecnologia de baterias de uma forma interessante e acess\u00edvel. Por outro lado, o departamento t\u00e9cnico oferece suporte t\u00e9cnico e consultoria a milhares de utilizadores.<\/p>\n<p>A qualidade superior, a fiabilidade e o desempenho das baterias de chumbo-\u00e1cido reguladas por v\u00e1lvula (VRLA) e de i\u00f5es de l\u00edtio da GS Yuasa fazem delas a escolha preferida para aplica\u00e7\u00f5es em ve\u00edculos ligeiros e pesados, motociclos e industriais.<\/p>\n<p><strong>Objetivos ambientais atingidos<br \/>\n<\/strong>A GS Yuasa anunciou que atingiu as suas metas ambientais e de redu\u00e7\u00e3o de emiss\u00f5es a m\u00e9dio prazo como parte da sua resposta \u00e0s altera\u00e7\u00f5es clim\u00e1ticas.<\/p>\n<p>Atrav\u00e9s de uma vasta gama de medidas de redu\u00e7\u00e3o de CO2, est\u00e1 a trabalhar no sentido da neutralidade de CO2, com metas ambiciosas de redu\u00e7\u00e3o das emiss\u00f5es totais de CO2 em 30% at\u00e9 2030, em compara\u00e7\u00e3o com 2018. A caminho deste objetivo, j\u00e1 foi alcan\u00e7ada uma poupan\u00e7a de emiss\u00f5es de CO2 de 6% entre 2019 e 2022.<\/p>\n<p>Al\u00e9m disso, a propor\u00e7\u00e3o de produtos amigos do ambiente no total de vendas de todos os produtos \u00e9 agora de pelo menos 35%, o consumo de \u00e1gua foi reduzido em 8% e a propor\u00e7\u00e3o de chumbo reciclado utilizado na produ\u00e7\u00e3o de baterias excede 35%.<\/p>\n<p>GS Yuasa concentra-se na reciclagem seletiva no seu pr\u00f3prio ambiente de produ\u00e7\u00e3o. E esfor\u00e7a-se por aumentar a taxa de utiliza\u00e7\u00e3o de chumbo reciclado. Como este \u00e9 o principal material para baterias de chumbo-\u00e1cido, um dos principais produtos da GS Yuasa, a utiliza\u00e7\u00e3o sustent\u00e1vel deste recurso \u00e9 particularmente importante.<\/p>\n<p>A propor\u00e7\u00e3o de chumbo reciclado na produ\u00e7\u00e3o de baterias deve ser de pelo menos 35%, de acordo com os objetivos de sustentabilidade da pr\u00f3pria empresa.<\/p>\n<div class=\"wonderplugingallery-container\" id=\"wonderplugingallery-container-148\" style=\"max-width:960px;margin:0 auto;\"><div class=\"wonderplugingallery\" id=\"wonderplugingallery-148\" data-galleryid=\"148\" data-width=\"960\" data-height=\"540\" data-skin=\"gallery\" data-playsinline=\"false\" data-mutevideo=\"false\" data-random=\"false\" data-autoslide=\"false\" data-autoplayvideo=\"false\" data-schemamarkup=\"false\" data-stopallplaying=\"false\" data-reloadonvideoend=\"false\" data-donotuseposter=\"false\" data-enabletabindex=\"false\" data-loadnextonvideoend=\"false\" data-hidetitlewhenvideoisplaying=\"false\" data-disablehovereventontouch=\"false\" data-autoslideandplayafterfirstplayed=\"false\" data-html5player=\"true\" data-responsive=\"true\" data-fullwidth=\"false\" data-showtitle=\"true\" data-showdescription=\"true\" data-showplaybutton=\"true\" data-showfullscreenbutton=\"true\" data-showtimer=\"true\" data-showcarousel=\"true\" data-galleryshadow=\"false\" data-slideshadow=\"true\" data-thumbshowtitle=\"false\" data-thumbshowimage=\"true\" data-thumbshadow=\"true\" data-lightboxshowtitle=\"true\" data-lightboxshowdescription=\"true\" data-specifyid=\"true\" data-donotinit=\"false\" data-addinitscript=\"false\" data-triggerresize=\"false\" data-thumbcolumnsresponsive=\"false\" data-thumbverticalmiddle=\"true\" data-removeinlinecss=\"true\" data-switchonmouseover=\"false\" data-showcategory=\"true\" data-carouselpagination=\"false\" data-showimgtitle=\"false\" data-titlesmallscreen=\"false\" data-initsocial=\"true\" data-showsocial=\"false\" data-showemail=\"false\" data-showfacebook=\"true\" data-showtwitter=\"true\" data-showpinterest=\"true\" data-socialrotateeffect=\"true\" data-doshortcodeontext=\"false\" data-loop=\"0\" data-duration=\"1500\" data-slideduration=\"1000\" data-slideshowinterval=\"6000\" data-googleanalyticsaccount=\"\" data-ga4account=\"\" data-resizemode=\"fill\" data-imagetoolboxmode=\"mouseover\" data-effect=\"fade\" data-padding=\"12\" data-bgcolor=\"\" data-bgimage=\"\" data-thumbwidth=\"120\" data-thumbheight=\"60\" data-thumbgap=\"8\" data-thumbrowgap=\"16\" data-lightboxtextheight=\"72\" data-lightboxtitlecss=\"{color:#333333; font:bold 12px Arial,Helvetica,sans-serif; overflow:hidden; white-space:normal; line-height:18px;}\" data-lightboxdescriptioncss=\"{color:#333333; font:normal 12px Arial,Helvetica,sans-serif; overflow:hidden; white-space:normal; line-height:14px;}\" data-titlecss=\"{color:#ffffff; font-size:14px; font-family:Armata, sans-serif, Arial; overflow:hidden; text-align:left; padding:10px 0px 10px 10px; background:rgb(102, 102, 102) transparent; background:rgba(102, 102, 102, 0.6);}\" data-descriptioncss=\"{color:#ffffff; font-size:13px; font-family:Armata, sans-serif, Arial; overflow:hidden; text-align:left; padding:0px 0px 10px 10px; background:rgb(102, 102, 102) transparent; background:rgba(102, 102, 102, 0.6);}\" data-titleheight=\"72\" data-titlesmallscreenwidth=\"640\" data-titleheightsmallscreen=\"148\" data-socialmode=\"mouseover\" data-socialposition=\"position:absolute;top:8px;right:8px;\" data-socialpositionlightbox=\"position:absolute;top:8px;right:8px;\" data-socialdirection=\"horizontal\" data-socialbuttonsize=\"32\" data-socialbuttonfontsize=\"18\" data-defaultvideovolume=\"1\" data-thumbtitleheight=\"24\" data-thumbmediumtitleheight=\"48\" data-thumbsmalltitleheight=\"72\" data-categoryheight=\"48\" data-categorydefault=\"all\" data-triggerresizedelay=\"100\" data-thumbmediumsize=\"800\" data-thumbsmallsize=\"480\" data-thumbmediumwidth=\"64\" data-thumbmediumheight=\"64\" data-thumbsmallwidth=\"48\" data-thumbsmallheight=\"48\" data-imgtitle=\"title\" data-carouselpaginationrow=\"3\" data-categorystyle=\"dropdown\" data-categorylist=\"[{&quot;slug&quot;:&quot;all&quot;,&quot;caption&quot;:&quot;Show All&quot;}]\" data-jsfolder=\"https:\/\/jornaldasoficinas.com\/pt\/wp-content\/plugins\/wonderplugin-gallery\/engine\/\" style=\"display:none;\" ><a class=\"html5galleryimglink\" href=\"https:\/\/jornaldasoficinas.com\/pt\/wp-content\/uploads\/2023\/06\/GS-Yuasa-reforca-imagem\/IMG_0380.jpg\" data-mediatype=1><img decoding=\"async\" class=\"html5galleryimg html5gallery-tn-image\" src=\"https:\/\/jornaldasoficinas.com\/pt\/wp-content\/uploads\/2023\/06\/GS-Yuasa-reforca-imagem\/IMG_0380.jpg\" alt=\"\"><\/a><div class=\"html5gallery-info\"><\/div><a class=\"html5galleryimglink\" href=\"https:\/\/jornaldasoficinas.com\/pt\/wp-content\/uploads\/2023\/06\/GS-Yuasa-reforca-imagem\/IMG_0381.jpg\" data-mediatype=1><img decoding=\"async\" class=\"html5galleryimg html5gallery-tn-image\" src=\"https:\/\/jornaldasoficinas.com\/pt\/wp-content\/uploads\/2023\/06\/GS-Yuasa-reforca-imagem\/IMG_0381.jpg\" alt=\"\"><\/a><div class=\"html5gallery-info\"><\/div><a class=\"html5galleryimglink\" href=\"https:\/\/jornaldasoficinas.com\/pt\/wp-content\/uploads\/2023\/06\/GS-Yuasa-reforca-imagem\/IMG_0382.jpg\" data-mediatype=1><img decoding=\"async\" class=\"html5galleryimg html5gallery-tn-image\" src=\"https:\/\/jornaldasoficinas.com\/pt\/wp-content\/uploads\/2023\/06\/GS-Yuasa-reforca-imagem\/IMG_0382.jpg\" alt=\"\"><\/a><div class=\"html5gallery-info\"><\/div><a class=\"html5galleryimglink\" href=\"https:\/\/jornaldasoficinas.com\/pt\/wp-content\/uploads\/2023\/06\/GS-Yuasa-reforca-imagem\/IMG_0386.jpg\" data-mediatype=1><img decoding=\"async\" class=\"html5galleryimg html5gallery-tn-image\" src=\"https:\/\/jornaldasoficinas.com\/pt\/wp-content\/uploads\/2023\/06\/GS-Yuasa-reforca-imagem\/IMG_0386.jpg\" alt=\"\"><\/a><div class=\"html5gallery-info\"><\/div><a class=\"html5galleryimglink\" href=\"https:\/\/jornaldasoficinas.com\/pt\/wp-content\/uploads\/2023\/06\/GS-Yuasa-reforca-imagem\/IMG_0387.jpg\" data-mediatype=1><img decoding=\"async\" class=\"html5galleryimg html5gallery-tn-image\" src=\"https:\/\/jornaldasoficinas.com\/pt\/wp-content\/uploads\/2023\/06\/GS-Yuasa-reforca-imagem\/IMG_0387.jpg\" alt=\"\"><\/a><div class=\"html5gallery-info\"><\/div><a class=\"html5galleryimglink\" href=\"https:\/\/jornaldasoficinas.com\/pt\/wp-content\/uploads\/2023\/06\/GS-Yuasa-reforca-imagem\/IMG_0391.jpg\" data-mediatype=1><img decoding=\"async\" class=\"html5galleryimg html5gallery-tn-image\" src=\"https:\/\/jornaldasoficinas.com\/pt\/wp-content\/uploads\/2023\/06\/GS-Yuasa-reforca-imagem\/IMG_0391.jpg\" alt=\"\"><\/a><div class=\"html5gallery-info\"><\/div><a class=\"html5galleryimglink\" href=\"https:\/\/jornaldasoficinas.com\/pt\/wp-content\/uploads\/2023\/06\/GS-Yuasa-reforca-imagem\/IMG_0410.jpg\" data-mediatype=1><img decoding=\"async\" class=\"html5galleryimg html5gallery-tn-image\" src=\"https:\/\/jornaldasoficinas.com\/pt\/wp-content\/uploads\/2023\/06\/GS-Yuasa-reforca-imagem\/IMG_0410.jpg\" alt=\"\"><\/a><div class=\"html5gallery-info\"><\/div><a class=\"html5galleryimglink\" href=\"https:\/\/jornaldasoficinas.com\/pt\/wp-content\/uploads\/2023\/06\/GS-Yuasa-reforca-imagem\/IMG_0418.jpg\" data-mediatype=1><img decoding=\"async\" class=\"html5galleryimg html5gallery-tn-image\" src=\"https:\/\/jornaldasoficinas.com\/pt\/wp-content\/uploads\/2023\/06\/GS-Yuasa-reforca-imagem\/IMG_0418.jpg\" alt=\"\"><\/a><div class=\"html5gallery-info\"><\/div><a class=\"html5galleryimglink\" href=\"https:\/\/jornaldasoficinas.com\/pt\/wp-content\/uploads\/2023\/06\/GS-Yuasa-reforca-imagem\/IMG_0421.jpg\" data-mediatype=1><img decoding=\"async\" class=\"html5galleryimg html5gallery-tn-image\" src=\"https:\/\/jornaldasoficinas.com\/pt\/wp-content\/uploads\/2023\/06\/GS-Yuasa-reforca-imagem\/IMG_0421.jpg\" alt=\"\"><\/a><div class=\"html5gallery-info\"><\/div><a class=\"html5galleryimglink\" href=\"https:\/\/jornaldasoficinas.com\/pt\/wp-content\/uploads\/2023\/06\/GS-Yuasa-reforca-imagem\/IMG_0432.jpg\" data-mediatype=1><img decoding=\"async\" class=\"html5galleryimg html5gallery-tn-image\" src=\"https:\/\/jornaldasoficinas.com\/pt\/wp-content\/uploads\/2023\/06\/GS-Yuasa-reforca-imagem\/IMG_0432.jpg\" alt=\"\"><\/a><div class=\"html5gallery-info\"><\/div><a class=\"html5galleryimglink\" href=\"https:\/\/jornaldasoficinas.com\/pt\/wp-content\/uploads\/2023\/06\/GS-Yuasa-reforca-imagem\/IMG_0458.jpg\" data-mediatype=1><img decoding=\"async\" class=\"html5galleryimg html5gallery-tn-image\" src=\"https:\/\/jornaldasoficinas.com\/pt\/wp-content\/uploads\/2023\/06\/GS-Yuasa-reforca-imagem\/IMG_0458.jpg\" alt=\"\"><\/a><div class=\"html5gallery-info\"><\/div><a class=\"html5galleryimglink\" href=\"https:\/\/jornaldasoficinas.com\/pt\/wp-content\/uploads\/2023\/06\/GS-Yuasa-reforca-imagem\/IMG_0462.jpg\" data-mediatype=1><img decoding=\"async\" class=\"html5galleryimg html5gallery-tn-image\" src=\"https:\/\/jornaldasoficinas.com\/pt\/wp-content\/uploads\/2023\/06\/GS-Yuasa-reforca-imagem\/IMG_0462.jpg\" alt=\"\"><\/a><div class=\"html5gallery-info\"><\/div><\/div><\/div><script>function wondergallery_148_appendcss(csscode) {var head=document.head || document.getElementsByTagName(\"head\")[0];var style=document.createElement(\"style\");head.appendChild(style);style.type=\"text\/css\";if (style.styleSheet){style.styleSheet.cssText=csscode;} else {style.appendChild(document.createTextNode(csscode));}};wondergallery_148_appendcss(\"#wonderplugingallery-148 .html5gallery-cat-selection-148 { \tbox-sizing: border-box; \ttext-align: center; }  #wonderplugingallery-148 .html5gallery-cat-selection-148 select { \tbox-sizing: border-box; \tmargin: 4px auto; }\");<\/script>\n","protected":false},"excerpt":{"rendered":"<p>A GS Yuasa convidou a imprensa&#8230;<\/p>\n","protected":false},"author":15,"featured_media":68546,"comment_status":"closed","ping_status":"closed","sticky":false,"template":"","format":"standard","meta":{"footnotes":""},"categories":[29],"tags":[5745,2075,5747,5748,5746],"class_list":["post-68543","post","type-post","status-publish","format-standard","has-post-thumbnail","hentry","category-empresas","tag-estrategia-de-marketing","tag-gs-yuasa","tag-nova-geracao-de-baterias","tag-objetivos-ambientais-atingidos","tag-reforca-imagem-de-marca"],"yoast_head":"<!-- This site is optimized with the Yoast SEO plugin v27.4 - https:\/\/yoast.com\/product\/yoast-seo-wordpress\/ -->\n<title>GS Yuasa refor\u00e7a imagem de marca - Jornal das Oficinas<\/title>\n<meta name=\"description\" content=\"A GS Yuasa convidou a imprensa especializada para apresentar a nova estrat\u00e9gia de marketing e comunica\u00e7\u00e3o para relan\u00e7ar a sua imagem de marca premium\" \/>\n<meta name=\"robots\" content=\"index, follow, max-snippet:-1, max-image-preview:large, max-video-preview:-1\" \/>\n<link rel=\"canonical\" href=\"https:\/\/jornaldasoficinas.com\/pt\/gs-yuasa-reforca-imagem-de-marca\/\" \/>\n<meta property=\"og:locale\" content=\"pt_PT\" \/>\n<meta property=\"og:type\" content=\"article\" \/>\n<meta property=\"og:title\" content=\"GS Yuasa refor\u00e7a imagem de marca - Jornal das Oficinas\" \/>\n<meta property=\"og:description\" content=\"A GS Yuasa convidou a imprensa especializada para apresentar a nova estrat\u00e9gia de marketing e comunica\u00e7\u00e3o para relan\u00e7ar a sua imagem de marca premium\" \/>\n<meta property=\"og:url\" content=\"https:\/\/jornaldasoficinas.com\/pt\/gs-yuasa-reforca-imagem-de-marca\/\" \/>\n<meta property=\"og:site_name\" content=\"Jornal das Oficinas\" \/>\n<meta property=\"article:publisher\" content=\"https:\/\/www.facebook.com\/jornaloficinas\" \/>\n<meta property=\"article:published_time\" content=\"2023-06-29T16:30:33+00:00\" \/>\n<meta property=\"og:image\" content=\"https:\/\/jornaldasoficinas.com\/pt\/wp-content\/uploads\/2023\/06\/GS-Yuasa-reforca-imagem-de-marca.jpg\" \/>\n\t<meta property=\"og:image:width\" content=\"1024\" \/>\n\t<meta property=\"og:image:height\" content=\"581\" \/>\n\t<meta property=\"og:image:type\" content=\"image\/jpeg\" \/>\n<meta name=\"author\" content=\"Reda\u00e7\u00e3o JO\" \/>\n<meta name=\"twitter:card\" content=\"summary_large_image\" \/>\n<meta name=\"twitter:creator\" content=\"@jornaloficinas\" \/>\n<meta name=\"twitter:site\" content=\"@jornaloficinas\" \/>\n<meta name=\"twitter:label1\" content=\"Escrito por\" \/>\n\t<meta name=\"twitter:data1\" content=\"Reda\u00e7\u00e3o JO\" \/>\n\t<meta name=\"twitter:label2\" content=\"Tempo estimado de leitura\" \/>\n\t<meta name=\"twitter:data2\" content=\"5 minutos\" \/>\n<script type=\"application\/ld+json\" class=\"yoast-schema-graph\">{\"@context\":\"https:\\\/\\\/schema.org\",\"@graph\":[{\"@type\":\"Article\",\"@id\":\"https:\\\/\\\/jornaldasoficinas.com\\\/pt\\\/gs-yuasa-reforca-imagem-de-marca\\\/#article\",\"isPartOf\":{\"@id\":\"https:\\\/\\\/jornaldasoficinas.com\\\/pt\\\/gs-yuasa-reforca-imagem-de-marca\\\/\"},\"author\":{\"name\":\"Reda\u00e7\u00e3o JO\",\"@id\":\"https:\\\/\\\/jornaldasoficinas.com\\\/pt\\\/#\\\/schema\\\/person\\\/a38eef5de2c41d9e7c9ac10141afddf3\"},\"headline\":\"GS Yuasa refor\u00e7a imagem de marca\",\"datePublished\":\"2023-06-29T16:30:33+00:00\",\"mainEntityOfPage\":{\"@id\":\"https:\\\/\\\/jornaldasoficinas.com\\\/pt\\\/gs-yuasa-reforca-imagem-de-marca\\\/\"},\"wordCount\":1089,\"publisher\":{\"@id\":\"https:\\\/\\\/jornaldasoficinas.com\\\/pt\\\/#organization\"},\"image\":{\"@id\":\"https:\\\/\\\/jornaldasoficinas.com\\\/pt\\\/gs-yuasa-reforca-imagem-de-marca\\\/#primaryimage\"},\"thumbnailUrl\":\"https:\\\/\\\/jornaldasoficinas.com\\\/pt\\\/wp-content\\\/uploads\\\/2023\\\/06\\\/GS-Yuasa-reforca-imagem-de-marca.jpg\",\"keywords\":[\"estrat\u00e9gia de marketing\",\"GS Yuasa\",\"Nova gera\u00e7\u00e3o de baterias\",\"Objetivos ambientais atingidos\",\"refor\u00e7a imagem de marca\"],\"articleSection\":[\"Empresas\"],\"inLanguage\":\"pt-PT\"},{\"@type\":\"WebPage\",\"@id\":\"https:\\\/\\\/jornaldasoficinas.com\\\/pt\\\/gs-yuasa-reforca-imagem-de-marca\\\/\",\"url\":\"https:\\\/\\\/jornaldasoficinas.com\\\/pt\\\/gs-yuasa-reforca-imagem-de-marca\\\/\",\"name\":\"GS Yuasa refor\u00e7a imagem de marca - Jornal das Oficinas\",\"isPartOf\":{\"@id\":\"https:\\\/\\\/jornaldasoficinas.com\\\/pt\\\/#website\"},\"primaryImageOfPage\":{\"@id\":\"https:\\\/\\\/jornaldasoficinas.com\\\/pt\\\/gs-yuasa-reforca-imagem-de-marca\\\/#primaryimage\"},\"image\":{\"@id\":\"https:\\\/\\\/jornaldasoficinas.com\\\/pt\\\/gs-yuasa-reforca-imagem-de-marca\\\/#primaryimage\"},\"thumbnailUrl\":\"https:\\\/\\\/jornaldasoficinas.com\\\/pt\\\/wp-content\\\/uploads\\\/2023\\\/06\\\/GS-Yuasa-reforca-imagem-de-marca.jpg\",\"datePublished\":\"2023-06-29T16:30:33+00:00\",\"description\":\"A GS Yuasa convidou a imprensa especializada para apresentar a nova estrat\u00e9gia de marketing e comunica\u00e7\u00e3o para relan\u00e7ar a sua imagem de marca premium\",\"breadcrumb\":{\"@id\":\"https:\\\/\\\/jornaldasoficinas.com\\\/pt\\\/gs-yuasa-reforca-imagem-de-marca\\\/#breadcrumb\"},\"inLanguage\":\"pt-PT\",\"potentialAction\":[{\"@type\":\"ReadAction\",\"target\":[\"https:\\\/\\\/jornaldasoficinas.com\\\/pt\\\/gs-yuasa-reforca-imagem-de-marca\\\/\"]}]},{\"@type\":\"ImageObject\",\"inLanguage\":\"pt-PT\",\"@id\":\"https:\\\/\\\/jornaldasoficinas.com\\\/pt\\\/gs-yuasa-reforca-imagem-de-marca\\\/#primaryimage\",\"url\":\"https:\\\/\\\/jornaldasoficinas.com\\\/pt\\\/wp-content\\\/uploads\\\/2023\\\/06\\\/GS-Yuasa-reforca-imagem-de-marca.jpg\",\"contentUrl\":\"https:\\\/\\\/jornaldasoficinas.com\\\/pt\\\/wp-content\\\/uploads\\\/2023\\\/06\\\/GS-Yuasa-reforca-imagem-de-marca.jpg\",\"width\":1024,\"height\":581,\"caption\":\"06 - GS Yuasa reforca imagem de marca\"},{\"@type\":\"BreadcrumbList\",\"@id\":\"https:\\\/\\\/jornaldasoficinas.com\\\/pt\\\/gs-yuasa-reforca-imagem-de-marca\\\/#breadcrumb\",\"itemListElement\":[{\"@type\":\"ListItem\",\"position\":1,\"name\":\"In\u00edcio\",\"item\":\"https:\\\/\\\/jornaldasoficinas.com\\\/pt\\\/\"},{\"@type\":\"ListItem\",\"position\":2,\"name\":\"GS Yuasa refor\u00e7a imagem de marca\"}]},{\"@type\":\"WebSite\",\"@id\":\"https:\\\/\\\/jornaldasoficinas.com\\\/pt\\\/#website\",\"url\":\"https:\\\/\\\/jornaldasoficinas.com\\\/pt\\\/\",\"name\":\"Jornal das Oficinas\",\"description\":\"Jornal independente do Aftermarket Autom\u00f3vel em Portugal\",\"publisher\":{\"@id\":\"https:\\\/\\\/jornaldasoficinas.com\\\/pt\\\/#organization\"},\"potentialAction\":[{\"@type\":\"SearchAction\",\"target\":{\"@type\":\"EntryPoint\",\"urlTemplate\":\"https:\\\/\\\/jornaldasoficinas.com\\\/pt\\\/?s={search_term_string}\"},\"query-input\":{\"@type\":\"PropertyValueSpecification\",\"valueRequired\":true,\"valueName\":\"search_term_string\"}}],\"inLanguage\":\"pt-PT\"},{\"@type\":\"Organization\",\"@id\":\"https:\\\/\\\/jornaldasoficinas.com\\\/pt\\\/#organization\",\"name\":\"Jornal das Oficinas\",\"url\":\"https:\\\/\\\/jornaldasoficinas.com\\\/pt\\\/\",\"logo\":{\"@type\":\"ImageObject\",\"inLanguage\":\"pt-PT\",\"@id\":\"https:\\\/\\\/jornaldasoficinas.com\\\/pt\\\/#\\\/schema\\\/logo\\\/image\\\/\",\"url\":\"https:\\\/\\\/jornaldasoficinas.com\\\/pt\\\/wp-content\\\/uploads\\\/logoJO-SEO.png\",\"contentUrl\":\"https:\\\/\\\/jornaldasoficinas.com\\\/pt\\\/wp-content\\\/uploads\\\/logoJO-SEO.png\",\"width\":285,\"height\":450,\"caption\":\"Jornal das Oficinas\"},\"image\":{\"@id\":\"https:\\\/\\\/jornaldasoficinas.com\\\/pt\\\/#\\\/schema\\\/logo\\\/image\\\/\"},\"sameAs\":[\"https:\\\/\\\/www.facebook.com\\\/jornaloficinas\",\"https:\\\/\\\/x.com\\\/jornaloficinas\",\"https:\\\/\\\/www.instagram.com\\\/jornal_oficinas\\\/\",\"https:\\\/\\\/www.linkedin.com\\\/company\\\/jornal-das-oficinas\\\/\",\"https:\\\/\\\/www.youtube.com\\\/channel\\\/UCbQZBqtcvV-oSQrr7RzINGg\"]},{\"@type\":\"Person\",\"@id\":\"https:\\\/\\\/jornaldasoficinas.com\\\/pt\\\/#\\\/schema\\\/person\\\/a38eef5de2c41d9e7c9ac10141afddf3\",\"name\":\"Reda\u00e7\u00e3o JO\",\"image\":{\"@type\":\"ImageObject\",\"inLanguage\":\"pt-PT\",\"@id\":\"https:\\\/\\\/secure.gravatar.com\\\/avatar\\\/71f2fa71737ad68a84fea94bc708ddac8ea5b0c4788dc2ad202f3ccb2887742f?s=96&d=wp_user_avatar&r=g\",\"url\":\"https:\\\/\\\/secure.gravatar.com\\\/avatar\\\/71f2fa71737ad68a84fea94bc708ddac8ea5b0c4788dc2ad202f3ccb2887742f?s=96&d=wp_user_avatar&r=g\",\"contentUrl\":\"https:\\\/\\\/secure.gravatar.com\\\/avatar\\\/71f2fa71737ad68a84fea94bc708ddac8ea5b0c4788dc2ad202f3ccb2887742f?s=96&d=wp_user_avatar&r=g\",\"caption\":\"Reda\u00e7\u00e3o JO\"},\"url\":\"https:\\\/\\\/jornaldasoficinas.com\\\/pt\\\/author\\\/joredacao\\\/\"}]}<\/script>\n<!-- \/ Yoast SEO plugin. -->","yoast_head_json":{"title":"GS Yuasa refor\u00e7a imagem de marca - Jornal das Oficinas","description":"A GS Yuasa convidou a imprensa especializada para apresentar a nova estrat\u00e9gia de marketing e comunica\u00e7\u00e3o para relan\u00e7ar a sua imagem de marca premium","robots":{"index":"index","follow":"follow","max-snippet":"max-snippet:-1","max-image-preview":"max-image-preview:large","max-video-preview":"max-video-preview:-1"},"canonical":"https:\/\/jornaldasoficinas.com\/pt\/gs-yuasa-reforca-imagem-de-marca\/","og_locale":"pt_PT","og_type":"article","og_title":"GS Yuasa refor\u00e7a imagem de marca - Jornal das Oficinas","og_description":"A GS Yuasa convidou a imprensa especializada para apresentar a nova estrat\u00e9gia de marketing e comunica\u00e7\u00e3o para relan\u00e7ar a sua imagem de marca premium","og_url":"https:\/\/jornaldasoficinas.com\/pt\/gs-yuasa-reforca-imagem-de-marca\/","og_site_name":"Jornal das Oficinas","article_publisher":"https:\/\/www.facebook.com\/jornaloficinas","article_published_time":"2023-06-29T16:30:33+00:00","og_image":[{"width":1024,"height":581,"url":"https:\/\/jornaldasoficinas.com\/pt\/wp-content\/uploads\/2023\/06\/GS-Yuasa-reforca-imagem-de-marca.jpg","type":"image\/jpeg"}],"author":"Reda\u00e7\u00e3o JO","twitter_card":"summary_large_image","twitter_creator":"@jornaloficinas","twitter_site":"@jornaloficinas","twitter_misc":{"Escrito por":"Reda\u00e7\u00e3o JO","Tempo estimado de leitura":"5 minutos"},"schema":{"@context":"https:\/\/schema.org","@graph":[{"@type":"Article","@id":"https:\/\/jornaldasoficinas.com\/pt\/gs-yuasa-reforca-imagem-de-marca\/#article","isPartOf":{"@id":"https:\/\/jornaldasoficinas.com\/pt\/gs-yuasa-reforca-imagem-de-marca\/"},"author":{"name":"Reda\u00e7\u00e3o JO","@id":"https:\/\/jornaldasoficinas.com\/pt\/#\/schema\/person\/a38eef5de2c41d9e7c9ac10141afddf3"},"headline":"GS Yuasa refor\u00e7a imagem de marca","datePublished":"2023-06-29T16:30:33+00:00","mainEntityOfPage":{"@id":"https:\/\/jornaldasoficinas.com\/pt\/gs-yuasa-reforca-imagem-de-marca\/"},"wordCount":1089,"publisher":{"@id":"https:\/\/jornaldasoficinas.com\/pt\/#organization"},"image":{"@id":"https:\/\/jornaldasoficinas.com\/pt\/gs-yuasa-reforca-imagem-de-marca\/#primaryimage"},"thumbnailUrl":"https:\/\/jornaldasoficinas.com\/pt\/wp-content\/uploads\/2023\/06\/GS-Yuasa-reforca-imagem-de-marca.jpg","keywords":["estrat\u00e9gia de marketing","GS Yuasa","Nova gera\u00e7\u00e3o de baterias","Objetivos ambientais atingidos","refor\u00e7a imagem de marca"],"articleSection":["Empresas"],"inLanguage":"pt-PT"},{"@type":"WebPage","@id":"https:\/\/jornaldasoficinas.com\/pt\/gs-yuasa-reforca-imagem-de-marca\/","url":"https:\/\/jornaldasoficinas.com\/pt\/gs-yuasa-reforca-imagem-de-marca\/","name":"GS Yuasa refor\u00e7a imagem de marca - Jornal das Oficinas","isPartOf":{"@id":"https:\/\/jornaldasoficinas.com\/pt\/#website"},"primaryImageOfPage":{"@id":"https:\/\/jornaldasoficinas.com\/pt\/gs-yuasa-reforca-imagem-de-marca\/#primaryimage"},"image":{"@id":"https:\/\/jornaldasoficinas.com\/pt\/gs-yuasa-reforca-imagem-de-marca\/#primaryimage"},"thumbnailUrl":"https:\/\/jornaldasoficinas.com\/pt\/wp-content\/uploads\/2023\/06\/GS-Yuasa-reforca-imagem-de-marca.jpg","datePublished":"2023-06-29T16:30:33+00:00","description":"A GS Yuasa convidou a imprensa especializada para apresentar a nova estrat\u00e9gia de marketing e comunica\u00e7\u00e3o para relan\u00e7ar a sua imagem de marca premium","breadcrumb":{"@id":"https:\/\/jornaldasoficinas.com\/pt\/gs-yuasa-reforca-imagem-de-marca\/#breadcrumb"},"inLanguage":"pt-PT","potentialAction":[{"@type":"ReadAction","target":["https:\/\/jornaldasoficinas.com\/pt\/gs-yuasa-reforca-imagem-de-marca\/"]}]},{"@type":"ImageObject","inLanguage":"pt-PT","@id":"https:\/\/jornaldasoficinas.com\/pt\/gs-yuasa-reforca-imagem-de-marca\/#primaryimage","url":"https:\/\/jornaldasoficinas.com\/pt\/wp-content\/uploads\/2023\/06\/GS-Yuasa-reforca-imagem-de-marca.jpg","contentUrl":"https:\/\/jornaldasoficinas.com\/pt\/wp-content\/uploads\/2023\/06\/GS-Yuasa-reforca-imagem-de-marca.jpg","width":1024,"height":581,"caption":"06 - GS Yuasa reforca imagem de marca"},{"@type":"BreadcrumbList","@id":"https:\/\/jornaldasoficinas.com\/pt\/gs-yuasa-reforca-imagem-de-marca\/#breadcrumb","itemListElement":[{"@type":"ListItem","position":1,"name":"In\u00edcio","item":"https:\/\/jornaldasoficinas.com\/pt\/"},{"@type":"ListItem","position":2,"name":"GS Yuasa refor\u00e7a imagem de marca"}]},{"@type":"WebSite","@id":"https:\/\/jornaldasoficinas.com\/pt\/#website","url":"https:\/\/jornaldasoficinas.com\/pt\/","name":"Jornal das Oficinas","description":"Jornal independente do Aftermarket Autom\u00f3vel em Portugal","publisher":{"@id":"https:\/\/jornaldasoficinas.com\/pt\/#organization"},"potentialAction":[{"@type":"SearchAction","target":{"@type":"EntryPoint","urlTemplate":"https:\/\/jornaldasoficinas.com\/pt\/?s={search_term_string}"},"query-input":{"@type":"PropertyValueSpecification","valueRequired":true,"valueName":"search_term_string"}}],"inLanguage":"pt-PT"},{"@type":"Organization","@id":"https:\/\/jornaldasoficinas.com\/pt\/#organization","name":"Jornal das Oficinas","url":"https:\/\/jornaldasoficinas.com\/pt\/","logo":{"@type":"ImageObject","inLanguage":"pt-PT","@id":"https:\/\/jornaldasoficinas.com\/pt\/#\/schema\/logo\/image\/","url":"https:\/\/jornaldasoficinas.com\/pt\/wp-content\/uploads\/logoJO-SEO.png","contentUrl":"https:\/\/jornaldasoficinas.com\/pt\/wp-content\/uploads\/logoJO-SEO.png","width":285,"height":450,"caption":"Jornal das Oficinas"},"image":{"@id":"https:\/\/jornaldasoficinas.com\/pt\/#\/schema\/logo\/image\/"},"sameAs":["https:\/\/www.facebook.com\/jornaloficinas","https:\/\/x.com\/jornaloficinas","https:\/\/www.instagram.com\/jornal_oficinas\/","https:\/\/www.linkedin.com\/company\/jornal-das-oficinas\/","https:\/\/www.youtube.com\/channel\/UCbQZBqtcvV-oSQrr7RzINGg"]},{"@type":"Person","@id":"https:\/\/jornaldasoficinas.com\/pt\/#\/schema\/person\/a38eef5de2c41d9e7c9ac10141afddf3","name":"Reda\u00e7\u00e3o JO","image":{"@type":"ImageObject","inLanguage":"pt-PT","@id":"https:\/\/secure.gravatar.com\/avatar\/71f2fa71737ad68a84fea94bc708ddac8ea5b0c4788dc2ad202f3ccb2887742f?s=96&d=wp_user_avatar&r=g","url":"https:\/\/secure.gravatar.com\/avatar\/71f2fa71737ad68a84fea94bc708ddac8ea5b0c4788dc2ad202f3ccb2887742f?s=96&d=wp_user_avatar&r=g","contentUrl":"https:\/\/secure.gravatar.com\/avatar\/71f2fa71737ad68a84fea94bc708ddac8ea5b0c4788dc2ad202f3ccb2887742f?s=96&d=wp_user_avatar&r=g","caption":"Reda\u00e7\u00e3o JO"},"url":"https:\/\/jornaldasoficinas.com\/pt\/author\/joredacao\/"}]}},"_links":{"self":[{"href":"https:\/\/jornaldasoficinas.com\/pt\/wp-json\/wp\/v2\/posts\/68543","targetHints":{"allow":["GET"]}}],"collection":[{"href":"https:\/\/jornaldasoficinas.com\/pt\/wp-json\/wp\/v2\/posts"}],"about":[{"href":"https:\/\/jornaldasoficinas.com\/pt\/wp-json\/wp\/v2\/types\/post"}],"author":[{"embeddable":true,"href":"https:\/\/jornaldasoficinas.com\/pt\/wp-json\/wp\/v2\/users\/15"}],"replies":[{"embeddable":true,"href":"https:\/\/jornaldasoficinas.com\/pt\/wp-json\/wp\/v2\/comments?post=68543"}],"version-history":[{"count":0,"href":"https:\/\/jornaldasoficinas.com\/pt\/wp-json\/wp\/v2\/posts\/68543\/revisions"}],"wp:featuredmedia":[{"embeddable":true,"href":"https:\/\/jornaldasoficinas.com\/pt\/wp-json\/wp\/v2\/media\/68546"}],"wp:attachment":[{"href":"https:\/\/jornaldasoficinas.com\/pt\/wp-json\/wp\/v2\/media?parent=68543"}],"wp:term":[{"taxonomy":"category","embeddable":true,"href":"https:\/\/jornaldasoficinas.com\/pt\/wp-json\/wp\/v2\/categories?post=68543"},{"taxonomy":"post_tag","embeddable":true,"href":"https:\/\/jornaldasoficinas.com\/pt\/wp-json\/wp\/v2\/tags?post=68543"}],"curies":[{"name":"wp","href":"https:\/\/api.w.org\/{rel}","templated":true}]}}