{"id":68565,"date":"2023-06-30T08:00:51","date_gmt":"2023-06-30T07:00:51","guid":{"rendered":"https:\/\/jornaldasoficinas.com\/pt\/?p=68565"},"modified":"2023-06-29T18:19:57","modified_gmt":"2023-06-29T17:19:57","slug":"repsol-inaugura-2a-estacao-de-servico-com-combustivel-100-renovavel","status":"publish","type":"post","link":"https:\/\/jornaldasoficinas.com\/pt\/repsol-inaugura-2a-estacao-de-servico-com-combustivel-100-renovavel\/","title":{"rendered":"Repsol inaugura 2\u00aa esta\u00e7\u00e3o de servi\u00e7o com combust\u00edvel 100% renov\u00e1vel"},"content":{"rendered":"<p><strong><img loading=\"lazy\" decoding=\"async\" class=\"alignnone size-full wp-image-68474\" src=\"https:\/\/jornaldasoficinas.com\/pt\/wp-content\/uploads\/2023\/06\/Repsol-inaugura-2a-estacao-de-servico-com-combustivel-100-renovavel.jpg\" alt=\"06 - Repsol inaugura 2a estacao de servico com combustivel 100 renovavel\" width=\"1024\" height=\"581\" srcset=\"https:\/\/jornaldasoficinas.com\/pt\/wp-content\/uploads\/2023\/06\/Repsol-inaugura-2a-estacao-de-servico-com-combustivel-100-renovavel.jpg 1024w, https:\/\/jornaldasoficinas.com\/pt\/wp-content\/uploads\/2023\/06\/Repsol-inaugura-2a-estacao-de-servico-com-combustivel-100-renovavel-300x170.jpg 300w, https:\/\/jornaldasoficinas.com\/pt\/wp-content\/uploads\/2023\/06\/Repsol-inaugura-2a-estacao-de-servico-com-combustivel-100-renovavel-150x85.jpg 150w, https:\/\/jornaldasoficinas.com\/pt\/wp-content\/uploads\/2023\/06\/Repsol-inaugura-2a-estacao-de-servico-com-combustivel-100-renovavel-768x436.jpg 768w\" sizes=\"auto, (max-width: 1024px) 100vw, 1024px\" \/><\/strong><\/p>\n<p><strong>A <a href=\"https:\/\/www.repsol.pt\/particulares\/\" target=\"_blank\" rel=\"noopener\">Repsol<\/a> inaugurou a segunda esta\u00e7\u00e3o de servi\u00e7o com combust\u00edvel 100% renov\u00e1vel em Vila Nova da Rainha, Azambuja, Portugal. A <a href=\"https:\/\/www.havi.com\/\" target=\"_blank\" rel=\"noopener\">HAVI<\/a>, um operador log\u00edstico pioneiro na rota da descarboniza\u00e7\u00e3o das suas frotas, ser\u00e1 o principal cliente, embora o produto esteja dispon\u00edvel para todas as frotas participantes neste piloto, que est\u00e1 em curso desde abril<\/strong><\/p>\n<p>A Repsol continua a avan\u00e7ar rumo \u00e0 transi\u00e7\u00e3o energ\u00e9tica e inaugura a segunda esta\u00e7\u00e3o de servi\u00e7o com combust\u00edvel 100% renov\u00e1vel em Vila Nova da Rainha, Azambuja, Portugal. A HAVI, empresa l\u00edder na gest\u00e3o de cadeias de abastecimento, que inclui entre os seus clientes marcas l\u00edderes, nacionais e internacionais, do setor de alimenta\u00e7\u00e3o organizada, ser\u00e1 o principal cliente a utilizar este combust\u00edvel nesta esta\u00e7\u00e3o.<\/p>\n<p>De recordar que se encontra em curso, desde o dia 5 de abril deste ano, um teste piloto com diesel 100% renov\u00e1vel na Esta\u00e7\u00e3o de Servi\u00e7o de Alcochete e em bases de dois clientes, com o objetivo de avaliar o desempenho do diesel renov\u00e1vel e a sua capacidade de redu\u00e7\u00e3o de emiss\u00f5es. O diesel 100% renov\u00e1vel utilizado neste teste \u00e9 um biocombust\u00edvel avan\u00e7ado produzido a partir de res\u00edduos e apresenta uma redu\u00e7\u00e3o de at\u00e9 90% nas emiss\u00f5es l\u00edquidas de CO2.<\/p>\n<p>Este teste piloto est\u00e1 a ser realizado em colabora\u00e7\u00e3o com frotas de empresas l\u00edderes, como <a href=\"https:\/\/www.cocacola.pt\/home\" target=\"_blank\" rel=\"noopener\">Coca-Cola<\/a>, <a href=\"https:\/\/www.dpd.com\/pt\/pt\/\" target=\"_blank\" rel=\"noopener\">DPD<\/a>, <a href=\"https:\/\/pt.elis.com\/pt\" target=\"_blank\" rel=\"noopener\">Elis<\/a> e <a href=\"https:\/\/www.lidl.pt\/\" target=\"_blank\" rel=\"noopener\">LIDL<\/a>, bem como com operadores log\u00edsticos como a Atlantic Cargo, HAVI, Transportes J Amaral e Transportes Flor\u00eancio Silva. Durante este teste piloto, ser\u00e3o utilizados mais de 400 mil litros de gas\u00f3leo 100% renov\u00e1vel, o que resultar\u00e1 numa poupan\u00e7a de mais de 1.100 toneladas de emiss\u00f5es de CO2.<\/p>\n<p>A Repsol tem realizado v\u00e1rios testes pilotos em Espanha desde 2022, como parte dos seus esfor\u00e7os para descarbonizar o transporte rodovi\u00e1rio pesado. Os biocombust\u00edveis avan\u00e7ados e os combust\u00edveis sint\u00e9ticos s\u00e3o uma alternativa prontamente dispon\u00edvel para todos os segmentos de transporte e a principal solu\u00e7\u00e3o para a avia\u00e7\u00e3o, o transporte mar\u00edtimo e o transporte rodovi\u00e1rio pesado, que atualmente n\u00e3o t\u00eam alternativa vi\u00e1vel em termos de eletrifica\u00e7\u00e3o. Al\u00e9m disso, estes combust\u00edveis contribuem para a descarboniza\u00e7\u00e3o dos ve\u00edculos atuais em circula\u00e7\u00e3o, uma vez que s\u00e3o compat\u00edveis com os motores de combust\u00e3o atuais.<\/p>\n<p>A Repsol como pioneira no fornecimento deste diesel renov\u00e1vel tem previsto chegar ao final do ano com este combust\u00edvel dispon\u00edvel em 10 esta\u00e7\u00f5es de servi\u00e7o em Portugal e 50 em Espanha.<\/p>\n<p>Para Armando Oliveira, Administrador-delegado da Repsol Portuguesa, \u201ca inaugura\u00e7\u00e3o da segunda esta\u00e7\u00e3o de servi\u00e7o com combust\u00edveis 100% renov\u00e1veis em Vila Nova da Rainha, no \u00e2mbito do nosso teste piloto, \u00e9 mais um marco importante nesta nossa jornada rumo a um futuro sustent\u00e1vel. Estamos a trabalhar em estreita colabora\u00e7\u00e3o com nossos parceiros, clientes e a comunidade para impulsionar a inova\u00e7\u00e3o e oferecer alternativas renov\u00e1veis e de baixo carbono que contribuam para a mitiga\u00e7\u00e3o das mudan\u00e7as clim\u00e1ticas e a preserva\u00e7\u00e3o do meio ambiente.\u201d<\/p>\n","protected":false},"excerpt":{"rendered":"<p>A Repsol inaugurou a segunda esta\u00e7\u00e3o&#8230;<\/p>\n","protected":false},"author":15,"featured_media":68474,"comment_status":"closed","ping_status":"closed","sticky":false,"template":"","format":"standard","meta":{"footnotes":""},"categories":[29],"tags":[5750,5751,5753,5754,5749,3501,5752,46],"class_list":["post-68565","post","type-post","status-publish","format-standard","has-post-thumbnail","hentry","category-empresas","tag-coca-cola","tag-dpd","tag-elis","tag-estacao-de-servico","tag-havi","tag-inauguracao","tag-lidl","tag-repsol"],"yoast_head":"<!-- This site is optimized with the Yoast SEO plugin v27.5 - https:\/\/yoast.com\/product\/yoast-seo-wordpress\/ -->\n<title>Repsol inaugura 2\u00aa esta\u00e7\u00e3o de servi\u00e7o com combust\u00edvel 100% renov\u00e1vel - Jornal das Oficinas<\/title>\n<meta name=\"description\" content=\"A Repsol inaugurou a segunda esta\u00e7\u00e3o de servi\u00e7o com combust\u00edvel 100% renov\u00e1vel em Vila Nova da Rainha, Azambuja, Portugal\" \/>\n<meta name=\"robots\" content=\"index, follow, max-snippet:-1, max-image-preview:large, max-video-preview:-1\" \/>\n<link rel=\"canonical\" href=\"https:\/\/jornaldasoficinas.com\/pt\/repsol-inaugura-2a-estacao-de-servico-com-combustivel-100-renovavel\/\" \/>\n<meta property=\"og:locale\" content=\"pt_PT\" \/>\n<meta property=\"og:type\" content=\"article\" \/>\n<meta property=\"og:title\" content=\"Repsol inaugura 2\u00aa esta\u00e7\u00e3o de servi\u00e7o com combust\u00edvel 100% renov\u00e1vel - Jornal das Oficinas\" \/>\n<meta property=\"og:description\" content=\"A Repsol inaugurou a segunda esta\u00e7\u00e3o de servi\u00e7o com combust\u00edvel 100% renov\u00e1vel em Vila Nova da Rainha, Azambuja, Portugal\" \/>\n<meta property=\"og:url\" content=\"https:\/\/jornaldasoficinas.com\/pt\/repsol-inaugura-2a-estacao-de-servico-com-combustivel-100-renovavel\/\" \/>\n<meta property=\"og:site_name\" content=\"Jornal das Oficinas\" \/>\n<meta property=\"article:publisher\" content=\"https:\/\/www.facebook.com\/jornaloficinas\" \/>\n<meta property=\"article:published_time\" content=\"2023-06-30T07:00:51+00:00\" \/>\n<meta property=\"og:image\" content=\"https:\/\/jornaldasoficinas.com\/pt\/wp-content\/uploads\/2023\/06\/Repsol-inaugura-2a-estacao-de-servico-com-combustivel-100-renovavel.jpg\" \/>\n\t<meta property=\"og:image:width\" content=\"1024\" \/>\n\t<meta property=\"og:image:height\" content=\"581\" \/>\n\t<meta property=\"og:image:type\" content=\"image\/jpeg\" \/>\n<meta name=\"author\" content=\"Reda\u00e7\u00e3o JO\" \/>\n<meta name=\"twitter:card\" content=\"summary_large_image\" \/>\n<meta name=\"twitter:creator\" content=\"@jornaloficinas\" \/>\n<meta name=\"twitter:site\" content=\"@jornaloficinas\" \/>\n<meta name=\"twitter:label1\" content=\"Escrito por\" \/>\n\t<meta name=\"twitter:data1\" content=\"Reda\u00e7\u00e3o JO\" \/>\n\t<meta name=\"twitter:label2\" content=\"Tempo estimado de leitura\" \/>\n\t<meta name=\"twitter:data2\" content=\"3 minutos\" \/>\n<script type=\"application\/ld+json\" class=\"yoast-schema-graph\">{\"@context\":\"https:\\\/\\\/schema.org\",\"@graph\":[{\"@type\":\"Article\",\"@id\":\"https:\\\/\\\/jornaldasoficinas.com\\\/pt\\\/repsol-inaugura-2a-estacao-de-servico-com-combustivel-100-renovavel\\\/#article\",\"isPartOf\":{\"@id\":\"https:\\\/\\\/jornaldasoficinas.com\\\/pt\\\/repsol-inaugura-2a-estacao-de-servico-com-combustivel-100-renovavel\\\/\"},\"author\":{\"name\":\"Reda\u00e7\u00e3o JO\",\"@id\":\"https:\\\/\\\/jornaldasoficinas.com\\\/pt\\\/#\\\/schema\\\/person\\\/a38eef5de2c41d9e7c9ac10141afddf3\"},\"headline\":\"Repsol inaugura 2\u00aa esta\u00e7\u00e3o de servi\u00e7o com combust\u00edvel 100% renov\u00e1vel\",\"datePublished\":\"2023-06-30T07:00:51+00:00\",\"mainEntityOfPage\":{\"@id\":\"https:\\\/\\\/jornaldasoficinas.com\\\/pt\\\/repsol-inaugura-2a-estacao-de-servico-com-combustivel-100-renovavel\\\/\"},\"wordCount\":545,\"publisher\":{\"@id\":\"https:\\\/\\\/jornaldasoficinas.com\\\/pt\\\/#organization\"},\"image\":{\"@id\":\"https:\\\/\\\/jornaldasoficinas.com\\\/pt\\\/repsol-inaugura-2a-estacao-de-servico-com-combustivel-100-renovavel\\\/#primaryimage\"},\"thumbnailUrl\":\"https:\\\/\\\/jornaldasoficinas.com\\\/pt\\\/wp-content\\\/uploads\\\/2023\\\/06\\\/Repsol-inaugura-2a-estacao-de-servico-com-combustivel-100-renovavel.jpg\",\"keywords\":[\"Coca-Cola\",\"DPD\",\"Elis\",\"Esta\u00e7\u00e3o de servi\u00e7o\",\"HAVI\",\"Inaugura\u00e7\u00e3o\",\"LIDL\",\"Repsol\"],\"articleSection\":[\"Empresas\"],\"inLanguage\":\"pt-PT\"},{\"@type\":\"WebPage\",\"@id\":\"https:\\\/\\\/jornaldasoficinas.com\\\/pt\\\/repsol-inaugura-2a-estacao-de-servico-com-combustivel-100-renovavel\\\/\",\"url\":\"https:\\\/\\\/jornaldasoficinas.com\\\/pt\\\/repsol-inaugura-2a-estacao-de-servico-com-combustivel-100-renovavel\\\/\",\"name\":\"Repsol inaugura 2\u00aa esta\u00e7\u00e3o de servi\u00e7o com combust\u00edvel 100% renov\u00e1vel - Jornal das Oficinas\",\"isPartOf\":{\"@id\":\"https:\\\/\\\/jornaldasoficinas.com\\\/pt\\\/#website\"},\"primaryImageOfPage\":{\"@id\":\"https:\\\/\\\/jornaldasoficinas.com\\\/pt\\\/repsol-inaugura-2a-estacao-de-servico-com-combustivel-100-renovavel\\\/#primaryimage\"},\"image\":{\"@id\":\"https:\\\/\\\/jornaldasoficinas.com\\\/pt\\\/repsol-inaugura-2a-estacao-de-servico-com-combustivel-100-renovavel\\\/#primaryimage\"},\"thumbnailUrl\":\"https:\\\/\\\/jornaldasoficinas.com\\\/pt\\\/wp-content\\\/uploads\\\/2023\\\/06\\\/Repsol-inaugura-2a-estacao-de-servico-com-combustivel-100-renovavel.jpg\",\"datePublished\":\"2023-06-30T07:00:51+00:00\",\"description\":\"A Repsol inaugurou a segunda esta\u00e7\u00e3o de servi\u00e7o com combust\u00edvel 100% renov\u00e1vel em Vila Nova da Rainha, Azambuja, Portugal\",\"breadcrumb\":{\"@id\":\"https:\\\/\\\/jornaldasoficinas.com\\\/pt\\\/repsol-inaugura-2a-estacao-de-servico-com-combustivel-100-renovavel\\\/#breadcrumb\"},\"inLanguage\":\"pt-PT\",\"potentialAction\":[{\"@type\":\"ReadAction\",\"target\":[\"https:\\\/\\\/jornaldasoficinas.com\\\/pt\\\/repsol-inaugura-2a-estacao-de-servico-com-combustivel-100-renovavel\\\/\"]}]},{\"@type\":\"ImageObject\",\"inLanguage\":\"pt-PT\",\"@id\":\"https:\\\/\\\/jornaldasoficinas.com\\\/pt\\\/repsol-inaugura-2a-estacao-de-servico-com-combustivel-100-renovavel\\\/#primaryimage\",\"url\":\"https:\\\/\\\/jornaldasoficinas.com\\\/pt\\\/wp-content\\\/uploads\\\/2023\\\/06\\\/Repsol-inaugura-2a-estacao-de-servico-com-combustivel-100-renovavel.jpg\",\"contentUrl\":\"https:\\\/\\\/jornaldasoficinas.com\\\/pt\\\/wp-content\\\/uploads\\\/2023\\\/06\\\/Repsol-inaugura-2a-estacao-de-servico-com-combustivel-100-renovavel.jpg\",\"width\":1024,\"height\":581,\"caption\":\"06 - Repsol inaugura 2a estacao de servico com combustivel 100 renovavel\"},{\"@type\":\"BreadcrumbList\",\"@id\":\"https:\\\/\\\/jornaldasoficinas.com\\\/pt\\\/repsol-inaugura-2a-estacao-de-servico-com-combustivel-100-renovavel\\\/#breadcrumb\",\"itemListElement\":[{\"@type\":\"ListItem\",\"position\":1,\"name\":\"In\u00edcio\",\"item\":\"https:\\\/\\\/jornaldasoficinas.com\\\/pt\\\/\"},{\"@type\":\"ListItem\",\"position\":2,\"name\":\"Repsol inaugura 2\u00aa esta\u00e7\u00e3o de servi\u00e7o com combust\u00edvel 100% renov\u00e1vel\"}]},{\"@type\":\"WebSite\",\"@id\":\"https:\\\/\\\/jornaldasoficinas.com\\\/pt\\\/#website\",\"url\":\"https:\\\/\\\/jornaldasoficinas.com\\\/pt\\\/\",\"name\":\"Jornal das Oficinas\",\"description\":\"Jornal independente do Aftermarket Autom\u00f3vel em Portugal\",\"publisher\":{\"@id\":\"https:\\\/\\\/jornaldasoficinas.com\\\/pt\\\/#organization\"},\"potentialAction\":[{\"@type\":\"SearchAction\",\"target\":{\"@type\":\"EntryPoint\",\"urlTemplate\":\"https:\\\/\\\/jornaldasoficinas.com\\\/pt\\\/?s={search_term_string}\"},\"query-input\":{\"@type\":\"PropertyValueSpecification\",\"valueRequired\":true,\"valueName\":\"search_term_string\"}}],\"inLanguage\":\"pt-PT\"},{\"@type\":\"Organization\",\"@id\":\"https:\\\/\\\/jornaldasoficinas.com\\\/pt\\\/#organization\",\"name\":\"Jornal das Oficinas\",\"url\":\"https:\\\/\\\/jornaldasoficinas.com\\\/pt\\\/\",\"logo\":{\"@type\":\"ImageObject\",\"inLanguage\":\"pt-PT\",\"@id\":\"https:\\\/\\\/jornaldasoficinas.com\\\/pt\\\/#\\\/schema\\\/logo\\\/image\\\/\",\"url\":\"https:\\\/\\\/jornaldasoficinas.com\\\/pt\\\/wp-content\\\/uploads\\\/logoJO-SEO.png\",\"contentUrl\":\"https:\\\/\\\/jornaldasoficinas.com\\\/pt\\\/wp-content\\\/uploads\\\/logoJO-SEO.png\",\"width\":285,\"height\":450,\"caption\":\"Jornal das Oficinas\"},\"image\":{\"@id\":\"https:\\\/\\\/jornaldasoficinas.com\\\/pt\\\/#\\\/schema\\\/logo\\\/image\\\/\"},\"sameAs\":[\"https:\\\/\\\/www.facebook.com\\\/jornaloficinas\",\"https:\\\/\\\/x.com\\\/jornaloficinas\",\"https:\\\/\\\/www.instagram.com\\\/jornal_oficinas\\\/\",\"https:\\\/\\\/www.linkedin.com\\\/company\\\/jornal-das-oficinas\\\/\",\"https:\\\/\\\/www.youtube.com\\\/channel\\\/UCbQZBqtcvV-oSQrr7RzINGg\"]},{\"@type\":\"Person\",\"@id\":\"https:\\\/\\\/jornaldasoficinas.com\\\/pt\\\/#\\\/schema\\\/person\\\/a38eef5de2c41d9e7c9ac10141afddf3\",\"name\":\"Reda\u00e7\u00e3o JO\",\"image\":{\"@type\":\"ImageObject\",\"inLanguage\":\"pt-PT\",\"@id\":\"https:\\\/\\\/secure.gravatar.com\\\/avatar\\\/71f2fa71737ad68a84fea94bc708ddac8ea5b0c4788dc2ad202f3ccb2887742f?s=96&d=wp_user_avatar&r=g\",\"url\":\"https:\\\/\\\/secure.gravatar.com\\\/avatar\\\/71f2fa71737ad68a84fea94bc708ddac8ea5b0c4788dc2ad202f3ccb2887742f?s=96&d=wp_user_avatar&r=g\",\"contentUrl\":\"https:\\\/\\\/secure.gravatar.com\\\/avatar\\\/71f2fa71737ad68a84fea94bc708ddac8ea5b0c4788dc2ad202f3ccb2887742f?s=96&d=wp_user_avatar&r=g\",\"caption\":\"Reda\u00e7\u00e3o JO\"},\"url\":\"https:\\\/\\\/jornaldasoficinas.com\\\/pt\\\/author\\\/joredacao\\\/\"}]}<\/script>\n<!-- \/ Yoast SEO plugin. -->","yoast_head_json":{"title":"Repsol inaugura 2\u00aa esta\u00e7\u00e3o de servi\u00e7o com combust\u00edvel 100% renov\u00e1vel - Jornal das Oficinas","description":"A Repsol inaugurou a segunda esta\u00e7\u00e3o de servi\u00e7o com combust\u00edvel 100% renov\u00e1vel em Vila Nova da Rainha, Azambuja, Portugal","robots":{"index":"index","follow":"follow","max-snippet":"max-snippet:-1","max-image-preview":"max-image-preview:large","max-video-preview":"max-video-preview:-1"},"canonical":"https:\/\/jornaldasoficinas.com\/pt\/repsol-inaugura-2a-estacao-de-servico-com-combustivel-100-renovavel\/","og_locale":"pt_PT","og_type":"article","og_title":"Repsol inaugura 2\u00aa esta\u00e7\u00e3o de servi\u00e7o com combust\u00edvel 100% renov\u00e1vel - Jornal das Oficinas","og_description":"A Repsol inaugurou a segunda esta\u00e7\u00e3o de servi\u00e7o com combust\u00edvel 100% renov\u00e1vel em Vila Nova da Rainha, Azambuja, Portugal","og_url":"https:\/\/jornaldasoficinas.com\/pt\/repsol-inaugura-2a-estacao-de-servico-com-combustivel-100-renovavel\/","og_site_name":"Jornal das Oficinas","article_publisher":"https:\/\/www.facebook.com\/jornaloficinas","article_published_time":"2023-06-30T07:00:51+00:00","og_image":[{"width":1024,"height":581,"url":"https:\/\/jornaldasoficinas.com\/pt\/wp-content\/uploads\/2023\/06\/Repsol-inaugura-2a-estacao-de-servico-com-combustivel-100-renovavel.jpg","type":"image\/jpeg"}],"author":"Reda\u00e7\u00e3o JO","twitter_card":"summary_large_image","twitter_creator":"@jornaloficinas","twitter_site":"@jornaloficinas","twitter_misc":{"Escrito por":"Reda\u00e7\u00e3o JO","Tempo estimado de leitura":"3 minutos"},"schema":{"@context":"https:\/\/schema.org","@graph":[{"@type":"Article","@id":"https:\/\/jornaldasoficinas.com\/pt\/repsol-inaugura-2a-estacao-de-servico-com-combustivel-100-renovavel\/#article","isPartOf":{"@id":"https:\/\/jornaldasoficinas.com\/pt\/repsol-inaugura-2a-estacao-de-servico-com-combustivel-100-renovavel\/"},"author":{"name":"Reda\u00e7\u00e3o JO","@id":"https:\/\/jornaldasoficinas.com\/pt\/#\/schema\/person\/a38eef5de2c41d9e7c9ac10141afddf3"},"headline":"Repsol inaugura 2\u00aa esta\u00e7\u00e3o de servi\u00e7o com combust\u00edvel 100% renov\u00e1vel","datePublished":"2023-06-30T07:00:51+00:00","mainEntityOfPage":{"@id":"https:\/\/jornaldasoficinas.com\/pt\/repsol-inaugura-2a-estacao-de-servico-com-combustivel-100-renovavel\/"},"wordCount":545,"publisher":{"@id":"https:\/\/jornaldasoficinas.com\/pt\/#organization"},"image":{"@id":"https:\/\/jornaldasoficinas.com\/pt\/repsol-inaugura-2a-estacao-de-servico-com-combustivel-100-renovavel\/#primaryimage"},"thumbnailUrl":"https:\/\/jornaldasoficinas.com\/pt\/wp-content\/uploads\/2023\/06\/Repsol-inaugura-2a-estacao-de-servico-com-combustivel-100-renovavel.jpg","keywords":["Coca-Cola","DPD","Elis","Esta\u00e7\u00e3o de servi\u00e7o","HAVI","Inaugura\u00e7\u00e3o","LIDL","Repsol"],"articleSection":["Empresas"],"inLanguage":"pt-PT"},{"@type":"WebPage","@id":"https:\/\/jornaldasoficinas.com\/pt\/repsol-inaugura-2a-estacao-de-servico-com-combustivel-100-renovavel\/","url":"https:\/\/jornaldasoficinas.com\/pt\/repsol-inaugura-2a-estacao-de-servico-com-combustivel-100-renovavel\/","name":"Repsol inaugura 2\u00aa esta\u00e7\u00e3o de servi\u00e7o com combust\u00edvel 100% renov\u00e1vel - Jornal das Oficinas","isPartOf":{"@id":"https:\/\/jornaldasoficinas.com\/pt\/#website"},"primaryImageOfPage":{"@id":"https:\/\/jornaldasoficinas.com\/pt\/repsol-inaugura-2a-estacao-de-servico-com-combustivel-100-renovavel\/#primaryimage"},"image":{"@id":"https:\/\/jornaldasoficinas.com\/pt\/repsol-inaugura-2a-estacao-de-servico-com-combustivel-100-renovavel\/#primaryimage"},"thumbnailUrl":"https:\/\/jornaldasoficinas.com\/pt\/wp-content\/uploads\/2023\/06\/Repsol-inaugura-2a-estacao-de-servico-com-combustivel-100-renovavel.jpg","datePublished":"2023-06-30T07:00:51+00:00","description":"A Repsol inaugurou a segunda esta\u00e7\u00e3o de servi\u00e7o com combust\u00edvel 100% renov\u00e1vel em Vila Nova da Rainha, Azambuja, Portugal","breadcrumb":{"@id":"https:\/\/jornaldasoficinas.com\/pt\/repsol-inaugura-2a-estacao-de-servico-com-combustivel-100-renovavel\/#breadcrumb"},"inLanguage":"pt-PT","potentialAction":[{"@type":"ReadAction","target":["https:\/\/jornaldasoficinas.com\/pt\/repsol-inaugura-2a-estacao-de-servico-com-combustivel-100-renovavel\/"]}]},{"@type":"ImageObject","inLanguage":"pt-PT","@id":"https:\/\/jornaldasoficinas.com\/pt\/repsol-inaugura-2a-estacao-de-servico-com-combustivel-100-renovavel\/#primaryimage","url":"https:\/\/jornaldasoficinas.com\/pt\/wp-content\/uploads\/2023\/06\/Repsol-inaugura-2a-estacao-de-servico-com-combustivel-100-renovavel.jpg","contentUrl":"https:\/\/jornaldasoficinas.com\/pt\/wp-content\/uploads\/2023\/06\/Repsol-inaugura-2a-estacao-de-servico-com-combustivel-100-renovavel.jpg","width":1024,"height":581,"caption":"06 - Repsol inaugura 2a estacao de servico com combustivel 100 renovavel"},{"@type":"BreadcrumbList","@id":"https:\/\/jornaldasoficinas.com\/pt\/repsol-inaugura-2a-estacao-de-servico-com-combustivel-100-renovavel\/#breadcrumb","itemListElement":[{"@type":"ListItem","position":1,"name":"In\u00edcio","item":"https:\/\/jornaldasoficinas.com\/pt\/"},{"@type":"ListItem","position":2,"name":"Repsol inaugura 2\u00aa esta\u00e7\u00e3o de servi\u00e7o com combust\u00edvel 100% renov\u00e1vel"}]},{"@type":"WebSite","@id":"https:\/\/jornaldasoficinas.com\/pt\/#website","url":"https:\/\/jornaldasoficinas.com\/pt\/","name":"Jornal das Oficinas","description":"Jornal independente do Aftermarket Autom\u00f3vel em Portugal","publisher":{"@id":"https:\/\/jornaldasoficinas.com\/pt\/#organization"},"potentialAction":[{"@type":"SearchAction","target":{"@type":"EntryPoint","urlTemplate":"https:\/\/jornaldasoficinas.com\/pt\/?s={search_term_string}"},"query-input":{"@type":"PropertyValueSpecification","valueRequired":true,"valueName":"search_term_string"}}],"inLanguage":"pt-PT"},{"@type":"Organization","@id":"https:\/\/jornaldasoficinas.com\/pt\/#organization","name":"Jornal das Oficinas","url":"https:\/\/jornaldasoficinas.com\/pt\/","logo":{"@type":"ImageObject","inLanguage":"pt-PT","@id":"https:\/\/jornaldasoficinas.com\/pt\/#\/schema\/logo\/image\/","url":"https:\/\/jornaldasoficinas.com\/pt\/wp-content\/uploads\/logoJO-SEO.png","contentUrl":"https:\/\/jornaldasoficinas.com\/pt\/wp-content\/uploads\/logoJO-SEO.png","width":285,"height":450,"caption":"Jornal das Oficinas"},"image":{"@id":"https:\/\/jornaldasoficinas.com\/pt\/#\/schema\/logo\/image\/"},"sameAs":["https:\/\/www.facebook.com\/jornaloficinas","https:\/\/x.com\/jornaloficinas","https:\/\/www.instagram.com\/jornal_oficinas\/","https:\/\/www.linkedin.com\/company\/jornal-das-oficinas\/","https:\/\/www.youtube.com\/channel\/UCbQZBqtcvV-oSQrr7RzINGg"]},{"@type":"Person","@id":"https:\/\/jornaldasoficinas.com\/pt\/#\/schema\/person\/a38eef5de2c41d9e7c9ac10141afddf3","name":"Reda\u00e7\u00e3o JO","image":{"@type":"ImageObject","inLanguage":"pt-PT","@id":"https:\/\/secure.gravatar.com\/avatar\/71f2fa71737ad68a84fea94bc708ddac8ea5b0c4788dc2ad202f3ccb2887742f?s=96&d=wp_user_avatar&r=g","url":"https:\/\/secure.gravatar.com\/avatar\/71f2fa71737ad68a84fea94bc708ddac8ea5b0c4788dc2ad202f3ccb2887742f?s=96&d=wp_user_avatar&r=g","contentUrl":"https:\/\/secure.gravatar.com\/avatar\/71f2fa71737ad68a84fea94bc708ddac8ea5b0c4788dc2ad202f3ccb2887742f?s=96&d=wp_user_avatar&r=g","caption":"Reda\u00e7\u00e3o JO"},"url":"https:\/\/jornaldasoficinas.com\/pt\/author\/joredacao\/"}]}},"_links":{"self":[{"href":"https:\/\/jornaldasoficinas.com\/pt\/wp-json\/wp\/v2\/posts\/68565","targetHints":{"allow":["GET"]}}],"collection":[{"href":"https:\/\/jornaldasoficinas.com\/pt\/wp-json\/wp\/v2\/posts"}],"about":[{"href":"https:\/\/jornaldasoficinas.com\/pt\/wp-json\/wp\/v2\/types\/post"}],"author":[{"embeddable":true,"href":"https:\/\/jornaldasoficinas.com\/pt\/wp-json\/wp\/v2\/users\/15"}],"replies":[{"embeddable":true,"href":"https:\/\/jornaldasoficinas.com\/pt\/wp-json\/wp\/v2\/comments?post=68565"}],"version-history":[{"count":0,"href":"https:\/\/jornaldasoficinas.com\/pt\/wp-json\/wp\/v2\/posts\/68565\/revisions"}],"wp:featuredmedia":[{"embeddable":true,"href":"https:\/\/jornaldasoficinas.com\/pt\/wp-json\/wp\/v2\/media\/68474"}],"wp:attachment":[{"href":"https:\/\/jornaldasoficinas.com\/pt\/wp-json\/wp\/v2\/media?parent=68565"}],"wp:term":[{"taxonomy":"category","embeddable":true,"href":"https:\/\/jornaldasoficinas.com\/pt\/wp-json\/wp\/v2\/categories?post=68565"},{"taxonomy":"post_tag","embeddable":true,"href":"https:\/\/jornaldasoficinas.com\/pt\/wp-json\/wp\/v2\/tags?post=68565"}],"curies":[{"name":"wp","href":"https:\/\/api.w.org\/{rel}","templated":true}]}}