{"id":68587,"date":"2023-06-30T14:00:11","date_gmt":"2023-06-30T13:00:11","guid":{"rendered":"https:\/\/jornaldasoficinas.com\/pt\/?p=68587"},"modified":"2023-08-21T13:19:27","modified_gmt":"2023-08-21T12:19:27","slug":"eventos-parts-fest-chegam-ao-fim","status":"publish","type":"post","link":"https:\/\/jornaldasoficinas.com\/pt\/eventos-parts-fest-chegam-ao-fim\/","title":{"rendered":"Eventos Parts Fest chegam ao fim!"},"content":{"rendered":"<p><strong><img loading=\"lazy\" decoding=\"async\" class=\"alignnone size-full wp-image-68470\" src=\"https:\/\/jornaldasoficinas.com\/pt\/wp-content\/uploads\/2023\/06\/Eventos-Parts-Fest-chegam-ao-fim.jpg\" alt=\"06 - Eventos Parts Fest chegam ao fim\" width=\"1024\" height=\"581\" srcset=\"https:\/\/jornaldasoficinas.com\/pt\/wp-content\/uploads\/2023\/06\/Eventos-Parts-Fest-chegam-ao-fim.jpg 1024w, https:\/\/jornaldasoficinas.com\/pt\/wp-content\/uploads\/2023\/06\/Eventos-Parts-Fest-chegam-ao-fim-300x170.jpg 300w, https:\/\/jornaldasoficinas.com\/pt\/wp-content\/uploads\/2023\/06\/Eventos-Parts-Fest-chegam-ao-fim-150x85.jpg 150w, https:\/\/jornaldasoficinas.com\/pt\/wp-content\/uploads\/2023\/06\/Eventos-Parts-Fest-chegam-ao-fim-768x436.jpg 768w\" sizes=\"auto, (max-width: 1024px) 100vw, 1024px\" \/>\u00a0<\/strong><\/p>\n<p><strong>Nos eventos Parts Fest que tiveram lugar nas instala\u00e7\u00f5es do Seixal, Porto, Lisboa e Leiria, estiveram 733 profissionais, que tiveram a oportunidade de desfrutar da experi\u00eancia promovida pelas empresas <a href=\"https:\/\/www.civiparts.com\/civiparts\/pt\/\" target=\"_blank\" rel=\"noopener\">Civiparts<\/a> e <a href=\"https:\/\/www.onedrive.pt\/onedrive\/pt\/\" target=\"_blank\" rel=\"noopener\">OneDrive<\/a>, e ainda conhecer a nova plataforma GSMART<\/strong><\/p>\n<p>Os eventos Parts Fest, foram uma iniciativa pioneira promovida pela Civiparts e a OneDrive, para apresentar a nova plataforma GSMART, bem como destacar a renova\u00e7\u00e3o das lojas e a opera\u00e7\u00e3o de pe\u00e7as para ve\u00edculos ligeiros e pesados no mesmo espa\u00e7o, atrav\u00e9s das marcas Civiparts e OneDrive.<\/p>\n<p>Al\u00e9m do objetivo central, os eventos promoveram ainda o conv\u00edvio entre clientes, parceiros e equipa.<\/p>\n<p>O lan\u00e7amento oficial da plataforma GSMART teve grande repercuss\u00e3o ao longo dos eventos Parts Fest 2023. Esta nova ferramenta representa um avan\u00e7o significativo no processo de identifica\u00e7\u00e3o de pe\u00e7as, sendo mais \u00e1gil e eficiente. A principal vantagem da nova ferramenta GSMART \u00e9 a capacidade que o cliente ganha de controlar todo o processo de repara\u00e7\u00e3o.<\/p>\n<p>A presen\u00e7a das marcas fornecedoras tamb\u00e9m foi de grande relev\u00e2ncia ao longo dos eventos, visto que permitiu dar aos clientes conhecimento de produtos e lan\u00e7amentos espec\u00edficos. A presen\u00e7a dos fornecedores parceiros garantiu proximidade aos clientes, maior visibilidade e notoriedade. Al\u00e9m disso, foram realizados sorteios de ofertas das mesmas marcas, proporcionando aos participantes uma chance de ganhar produtos exclusivos.<\/p>\n<p>Ao longo de todos os Parts Fest, os participantes tiveram ainda a possibilidade de realizar visitas guiadas aos armaz\u00e9ns, permitindo-lhes obter um maior conhecimento dos processos log\u00edsticos das empresas. Essa experi\u00eancia proporcionou aos clientes uma vis\u00e3o interna do funcionamento das opera\u00e7\u00f5es, fortalecendo a confian\u00e7a e a transpar\u00eancia no relacionamento com a Civiparts e a OneDrive. Nos eventos realizados no Porto e em Lisboa, os convidados tiveram o privil\u00e9gio de desfrutar de uma apresenta\u00e7\u00e3o ao vivo da dupla musical Calema, o que enriqueceu ainda mais a experi\u00eancia \u00fanica dos participantes.<\/p>\n<p>\u201cA Civiparts e a OneDrive agradecem a todos os profissionais, clientes e parceiros que participaram ativamente dos eventos Parts Fest 2023, contribuindo para o seu sucesso. As marcas reiteram o seu compromisso em fornecer solu\u00e7\u00f5es inovadoras e de alta qualidade para o setor de aftermarket, sempre com o objetivo de atender \u00e0s necessidades do mercado em constante evolu\u00e7\u00e3o\u201d, referiu a Civiparts.<\/p>\n","protected":false},"excerpt":{"rendered":"<p>\u00a0 Nos eventos Parts Fest que&#8230;<\/p>\n","protected":false},"author":15,"featured_media":68470,"comment_status":"closed","ping_status":"closed","sticky":false,"template":"","format":"standard","meta":{"footnotes":""},"categories":[29,36],"tags":[57,55,5758,5759],"class_list":["post-68587","post","type-post","status-publish","format-standard","has-post-thumbnail","hentry","category-empresas","category-pesados","tag-civiparts","tag-onedrive","tag-parts-fest","tag-plataforma-gsmart"],"yoast_head":"<!-- This site is optimized with the Yoast SEO plugin v27.5 - https:\/\/yoast.com\/product\/yoast-seo-wordpress\/ -->\n<title>Eventos Parts Fest chegam ao fim! - Jornal das Oficinas<\/title>\n<meta name=\"description\" content=\"Nos eventos Parts Fest que tiveram lugar nas instala\u00e7\u00f5es do Seixal, Porto, Lisboa e Leiria, estiveram 733 profissionais\" \/>\n<meta name=\"robots\" content=\"index, follow, max-snippet:-1, max-image-preview:large, max-video-preview:-1\" \/>\n<link rel=\"canonical\" href=\"https:\/\/jornaldasoficinas.com\/pt\/eventos-parts-fest-chegam-ao-fim\/\" \/>\n<meta property=\"og:locale\" content=\"pt_PT\" \/>\n<meta property=\"og:type\" content=\"article\" \/>\n<meta property=\"og:title\" content=\"Eventos Parts Fest chegam ao fim! - Jornal das Oficinas\" \/>\n<meta property=\"og:description\" content=\"Nos eventos Parts Fest que tiveram lugar nas instala\u00e7\u00f5es do Seixal, Porto, Lisboa e Leiria, estiveram 733 profissionais\" \/>\n<meta property=\"og:url\" content=\"https:\/\/jornaldasoficinas.com\/pt\/eventos-parts-fest-chegam-ao-fim\/\" \/>\n<meta property=\"og:site_name\" content=\"Jornal das Oficinas\" \/>\n<meta property=\"article:publisher\" content=\"https:\/\/www.facebook.com\/jornaloficinas\" \/>\n<meta property=\"article:published_time\" content=\"2023-06-30T13:00:11+00:00\" \/>\n<meta property=\"article:modified_time\" content=\"2023-08-21T12:19:27+00:00\" \/>\n<meta property=\"og:image\" content=\"https:\/\/jornaldasoficinas.com\/pt\/wp-content\/uploads\/2023\/06\/Eventos-Parts-Fest-chegam-ao-fim.jpg\" \/>\n\t<meta property=\"og:image:width\" content=\"1024\" \/>\n\t<meta property=\"og:image:height\" content=\"581\" \/>\n\t<meta property=\"og:image:type\" content=\"image\/jpeg\" \/>\n<meta name=\"author\" content=\"Reda\u00e7\u00e3o JO\" \/>\n<meta name=\"twitter:card\" content=\"summary_large_image\" \/>\n<meta name=\"twitter:creator\" content=\"@jornaloficinas\" \/>\n<meta name=\"twitter:site\" content=\"@jornaloficinas\" \/>\n<meta name=\"twitter:label1\" content=\"Escrito por\" \/>\n\t<meta name=\"twitter:data1\" content=\"Reda\u00e7\u00e3o JO\" \/>\n\t<meta name=\"twitter:label2\" content=\"Tempo estimado de leitura\" \/>\n\t<meta name=\"twitter:data2\" content=\"2 minutos\" \/>\n<script type=\"application\/ld+json\" class=\"yoast-schema-graph\">{\"@context\":\"https:\\\/\\\/schema.org\",\"@graph\":[{\"@type\":\"Article\",\"@id\":\"https:\\\/\\\/jornaldasoficinas.com\\\/pt\\\/eventos-parts-fest-chegam-ao-fim\\\/#article\",\"isPartOf\":{\"@id\":\"https:\\\/\\\/jornaldasoficinas.com\\\/pt\\\/eventos-parts-fest-chegam-ao-fim\\\/\"},\"author\":{\"name\":\"Reda\u00e7\u00e3o JO\",\"@id\":\"https:\\\/\\\/jornaldasoficinas.com\\\/pt\\\/#\\\/schema\\\/person\\\/a38eef5de2c41d9e7c9ac10141afddf3\"},\"headline\":\"Eventos Parts Fest chegam ao fim!\",\"datePublished\":\"2023-06-30T13:00:11+00:00\",\"dateModified\":\"2023-08-21T12:19:27+00:00\",\"mainEntityOfPage\":{\"@id\":\"https:\\\/\\\/jornaldasoficinas.com\\\/pt\\\/eventos-parts-fest-chegam-ao-fim\\\/\"},\"wordCount\":400,\"publisher\":{\"@id\":\"https:\\\/\\\/jornaldasoficinas.com\\\/pt\\\/#organization\"},\"image\":{\"@id\":\"https:\\\/\\\/jornaldasoficinas.com\\\/pt\\\/eventos-parts-fest-chegam-ao-fim\\\/#primaryimage\"},\"thumbnailUrl\":\"https:\\\/\\\/jornaldasoficinas.com\\\/pt\\\/wp-content\\\/uploads\\\/2023\\\/06\\\/Eventos-Parts-Fest-chegam-ao-fim.jpg\",\"keywords\":[\"Civiparts\",\"ONEDRIVE\",\"Parts Fest\",\"plataforma GSMART\"],\"articleSection\":[\"Empresas\",\"Pesados\"],\"inLanguage\":\"pt-PT\"},{\"@type\":\"WebPage\",\"@id\":\"https:\\\/\\\/jornaldasoficinas.com\\\/pt\\\/eventos-parts-fest-chegam-ao-fim\\\/\",\"url\":\"https:\\\/\\\/jornaldasoficinas.com\\\/pt\\\/eventos-parts-fest-chegam-ao-fim\\\/\",\"name\":\"Eventos Parts Fest chegam ao fim! - Jornal das Oficinas\",\"isPartOf\":{\"@id\":\"https:\\\/\\\/jornaldasoficinas.com\\\/pt\\\/#website\"},\"primaryImageOfPage\":{\"@id\":\"https:\\\/\\\/jornaldasoficinas.com\\\/pt\\\/eventos-parts-fest-chegam-ao-fim\\\/#primaryimage\"},\"image\":{\"@id\":\"https:\\\/\\\/jornaldasoficinas.com\\\/pt\\\/eventos-parts-fest-chegam-ao-fim\\\/#primaryimage\"},\"thumbnailUrl\":\"https:\\\/\\\/jornaldasoficinas.com\\\/pt\\\/wp-content\\\/uploads\\\/2023\\\/06\\\/Eventos-Parts-Fest-chegam-ao-fim.jpg\",\"datePublished\":\"2023-06-30T13:00:11+00:00\",\"dateModified\":\"2023-08-21T12:19:27+00:00\",\"description\":\"Nos eventos Parts Fest que tiveram lugar nas instala\u00e7\u00f5es do Seixal, Porto, Lisboa e Leiria, estiveram 733 profissionais\",\"breadcrumb\":{\"@id\":\"https:\\\/\\\/jornaldasoficinas.com\\\/pt\\\/eventos-parts-fest-chegam-ao-fim\\\/#breadcrumb\"},\"inLanguage\":\"pt-PT\",\"potentialAction\":[{\"@type\":\"ReadAction\",\"target\":[\"https:\\\/\\\/jornaldasoficinas.com\\\/pt\\\/eventos-parts-fest-chegam-ao-fim\\\/\"]}]},{\"@type\":\"ImageObject\",\"inLanguage\":\"pt-PT\",\"@id\":\"https:\\\/\\\/jornaldasoficinas.com\\\/pt\\\/eventos-parts-fest-chegam-ao-fim\\\/#primaryimage\",\"url\":\"https:\\\/\\\/jornaldasoficinas.com\\\/pt\\\/wp-content\\\/uploads\\\/2023\\\/06\\\/Eventos-Parts-Fest-chegam-ao-fim.jpg\",\"contentUrl\":\"https:\\\/\\\/jornaldasoficinas.com\\\/pt\\\/wp-content\\\/uploads\\\/2023\\\/06\\\/Eventos-Parts-Fest-chegam-ao-fim.jpg\",\"width\":1024,\"height\":581,\"caption\":\"06 - Eventos Parts Fest chegam ao fim\"},{\"@type\":\"BreadcrumbList\",\"@id\":\"https:\\\/\\\/jornaldasoficinas.com\\\/pt\\\/eventos-parts-fest-chegam-ao-fim\\\/#breadcrumb\",\"itemListElement\":[{\"@type\":\"ListItem\",\"position\":1,\"name\":\"In\u00edcio\",\"item\":\"https:\\\/\\\/jornaldasoficinas.com\\\/pt\\\/\"},{\"@type\":\"ListItem\",\"position\":2,\"name\":\"Eventos Parts Fest chegam ao fim!\"}]},{\"@type\":\"WebSite\",\"@id\":\"https:\\\/\\\/jornaldasoficinas.com\\\/pt\\\/#website\",\"url\":\"https:\\\/\\\/jornaldasoficinas.com\\\/pt\\\/\",\"name\":\"Jornal das Oficinas\",\"description\":\"Jornal independente do Aftermarket Autom\u00f3vel em Portugal\",\"publisher\":{\"@id\":\"https:\\\/\\\/jornaldasoficinas.com\\\/pt\\\/#organization\"},\"potentialAction\":[{\"@type\":\"SearchAction\",\"target\":{\"@type\":\"EntryPoint\",\"urlTemplate\":\"https:\\\/\\\/jornaldasoficinas.com\\\/pt\\\/?s={search_term_string}\"},\"query-input\":{\"@type\":\"PropertyValueSpecification\",\"valueRequired\":true,\"valueName\":\"search_term_string\"}}],\"inLanguage\":\"pt-PT\"},{\"@type\":\"Organization\",\"@id\":\"https:\\\/\\\/jornaldasoficinas.com\\\/pt\\\/#organization\",\"name\":\"Jornal das Oficinas\",\"url\":\"https:\\\/\\\/jornaldasoficinas.com\\\/pt\\\/\",\"logo\":{\"@type\":\"ImageObject\",\"inLanguage\":\"pt-PT\",\"@id\":\"https:\\\/\\\/jornaldasoficinas.com\\\/pt\\\/#\\\/schema\\\/logo\\\/image\\\/\",\"url\":\"https:\\\/\\\/jornaldasoficinas.com\\\/pt\\\/wp-content\\\/uploads\\\/logoJO-SEO.png\",\"contentUrl\":\"https:\\\/\\\/jornaldasoficinas.com\\\/pt\\\/wp-content\\\/uploads\\\/logoJO-SEO.png\",\"width\":285,\"height\":450,\"caption\":\"Jornal das Oficinas\"},\"image\":{\"@id\":\"https:\\\/\\\/jornaldasoficinas.com\\\/pt\\\/#\\\/schema\\\/logo\\\/image\\\/\"},\"sameAs\":[\"https:\\\/\\\/www.facebook.com\\\/jornaloficinas\",\"https:\\\/\\\/x.com\\\/jornaloficinas\",\"https:\\\/\\\/www.instagram.com\\\/jornal_oficinas\\\/\",\"https:\\\/\\\/www.linkedin.com\\\/company\\\/jornal-das-oficinas\\\/\",\"https:\\\/\\\/www.youtube.com\\\/channel\\\/UCbQZBqtcvV-oSQrr7RzINGg\"]},{\"@type\":\"Person\",\"@id\":\"https:\\\/\\\/jornaldasoficinas.com\\\/pt\\\/#\\\/schema\\\/person\\\/a38eef5de2c41d9e7c9ac10141afddf3\",\"name\":\"Reda\u00e7\u00e3o JO\",\"image\":{\"@type\":\"ImageObject\",\"inLanguage\":\"pt-PT\",\"@id\":\"https:\\\/\\\/secure.gravatar.com\\\/avatar\\\/71f2fa71737ad68a84fea94bc708ddac8ea5b0c4788dc2ad202f3ccb2887742f?s=96&d=wp_user_avatar&r=g\",\"url\":\"https:\\\/\\\/secure.gravatar.com\\\/avatar\\\/71f2fa71737ad68a84fea94bc708ddac8ea5b0c4788dc2ad202f3ccb2887742f?s=96&d=wp_user_avatar&r=g\",\"contentUrl\":\"https:\\\/\\\/secure.gravatar.com\\\/avatar\\\/71f2fa71737ad68a84fea94bc708ddac8ea5b0c4788dc2ad202f3ccb2887742f?s=96&d=wp_user_avatar&r=g\",\"caption\":\"Reda\u00e7\u00e3o JO\"},\"url\":\"https:\\\/\\\/jornaldasoficinas.com\\\/pt\\\/author\\\/joredacao\\\/\"}]}<\/script>\n<!-- \/ Yoast SEO plugin. -->","yoast_head_json":{"title":"Eventos Parts Fest chegam ao fim! - Jornal das Oficinas","description":"Nos eventos Parts Fest que tiveram lugar nas instala\u00e7\u00f5es do Seixal, Porto, Lisboa e Leiria, estiveram 733 profissionais","robots":{"index":"index","follow":"follow","max-snippet":"max-snippet:-1","max-image-preview":"max-image-preview:large","max-video-preview":"max-video-preview:-1"},"canonical":"https:\/\/jornaldasoficinas.com\/pt\/eventos-parts-fest-chegam-ao-fim\/","og_locale":"pt_PT","og_type":"article","og_title":"Eventos Parts Fest chegam ao fim! - Jornal das Oficinas","og_description":"Nos eventos Parts Fest que tiveram lugar nas instala\u00e7\u00f5es do Seixal, Porto, Lisboa e Leiria, estiveram 733 profissionais","og_url":"https:\/\/jornaldasoficinas.com\/pt\/eventos-parts-fest-chegam-ao-fim\/","og_site_name":"Jornal das Oficinas","article_publisher":"https:\/\/www.facebook.com\/jornaloficinas","article_published_time":"2023-06-30T13:00:11+00:00","article_modified_time":"2023-08-21T12:19:27+00:00","og_image":[{"width":1024,"height":581,"url":"https:\/\/jornaldasoficinas.com\/pt\/wp-content\/uploads\/2023\/06\/Eventos-Parts-Fest-chegam-ao-fim.jpg","type":"image\/jpeg"}],"author":"Reda\u00e7\u00e3o JO","twitter_card":"summary_large_image","twitter_creator":"@jornaloficinas","twitter_site":"@jornaloficinas","twitter_misc":{"Escrito por":"Reda\u00e7\u00e3o JO","Tempo estimado de leitura":"2 minutos"},"schema":{"@context":"https:\/\/schema.org","@graph":[{"@type":"Article","@id":"https:\/\/jornaldasoficinas.com\/pt\/eventos-parts-fest-chegam-ao-fim\/#article","isPartOf":{"@id":"https:\/\/jornaldasoficinas.com\/pt\/eventos-parts-fest-chegam-ao-fim\/"},"author":{"name":"Reda\u00e7\u00e3o JO","@id":"https:\/\/jornaldasoficinas.com\/pt\/#\/schema\/person\/a38eef5de2c41d9e7c9ac10141afddf3"},"headline":"Eventos Parts Fest chegam ao fim!","datePublished":"2023-06-30T13:00:11+00:00","dateModified":"2023-08-21T12:19:27+00:00","mainEntityOfPage":{"@id":"https:\/\/jornaldasoficinas.com\/pt\/eventos-parts-fest-chegam-ao-fim\/"},"wordCount":400,"publisher":{"@id":"https:\/\/jornaldasoficinas.com\/pt\/#organization"},"image":{"@id":"https:\/\/jornaldasoficinas.com\/pt\/eventos-parts-fest-chegam-ao-fim\/#primaryimage"},"thumbnailUrl":"https:\/\/jornaldasoficinas.com\/pt\/wp-content\/uploads\/2023\/06\/Eventos-Parts-Fest-chegam-ao-fim.jpg","keywords":["Civiparts","ONEDRIVE","Parts Fest","plataforma GSMART"],"articleSection":["Empresas","Pesados"],"inLanguage":"pt-PT"},{"@type":"WebPage","@id":"https:\/\/jornaldasoficinas.com\/pt\/eventos-parts-fest-chegam-ao-fim\/","url":"https:\/\/jornaldasoficinas.com\/pt\/eventos-parts-fest-chegam-ao-fim\/","name":"Eventos Parts Fest chegam ao fim! - Jornal das Oficinas","isPartOf":{"@id":"https:\/\/jornaldasoficinas.com\/pt\/#website"},"primaryImageOfPage":{"@id":"https:\/\/jornaldasoficinas.com\/pt\/eventos-parts-fest-chegam-ao-fim\/#primaryimage"},"image":{"@id":"https:\/\/jornaldasoficinas.com\/pt\/eventos-parts-fest-chegam-ao-fim\/#primaryimage"},"thumbnailUrl":"https:\/\/jornaldasoficinas.com\/pt\/wp-content\/uploads\/2023\/06\/Eventos-Parts-Fest-chegam-ao-fim.jpg","datePublished":"2023-06-30T13:00:11+00:00","dateModified":"2023-08-21T12:19:27+00:00","description":"Nos eventos Parts Fest que tiveram lugar nas instala\u00e7\u00f5es do Seixal, Porto, Lisboa e Leiria, estiveram 733 profissionais","breadcrumb":{"@id":"https:\/\/jornaldasoficinas.com\/pt\/eventos-parts-fest-chegam-ao-fim\/#breadcrumb"},"inLanguage":"pt-PT","potentialAction":[{"@type":"ReadAction","target":["https:\/\/jornaldasoficinas.com\/pt\/eventos-parts-fest-chegam-ao-fim\/"]}]},{"@type":"ImageObject","inLanguage":"pt-PT","@id":"https:\/\/jornaldasoficinas.com\/pt\/eventos-parts-fest-chegam-ao-fim\/#primaryimage","url":"https:\/\/jornaldasoficinas.com\/pt\/wp-content\/uploads\/2023\/06\/Eventos-Parts-Fest-chegam-ao-fim.jpg","contentUrl":"https:\/\/jornaldasoficinas.com\/pt\/wp-content\/uploads\/2023\/06\/Eventos-Parts-Fest-chegam-ao-fim.jpg","width":1024,"height":581,"caption":"06 - Eventos Parts Fest chegam ao fim"},{"@type":"BreadcrumbList","@id":"https:\/\/jornaldasoficinas.com\/pt\/eventos-parts-fest-chegam-ao-fim\/#breadcrumb","itemListElement":[{"@type":"ListItem","position":1,"name":"In\u00edcio","item":"https:\/\/jornaldasoficinas.com\/pt\/"},{"@type":"ListItem","position":2,"name":"Eventos Parts Fest chegam ao fim!"}]},{"@type":"WebSite","@id":"https:\/\/jornaldasoficinas.com\/pt\/#website","url":"https:\/\/jornaldasoficinas.com\/pt\/","name":"Jornal das Oficinas","description":"Jornal independente do Aftermarket Autom\u00f3vel em Portugal","publisher":{"@id":"https:\/\/jornaldasoficinas.com\/pt\/#organization"},"potentialAction":[{"@type":"SearchAction","target":{"@type":"EntryPoint","urlTemplate":"https:\/\/jornaldasoficinas.com\/pt\/?s={search_term_string}"},"query-input":{"@type":"PropertyValueSpecification","valueRequired":true,"valueName":"search_term_string"}}],"inLanguage":"pt-PT"},{"@type":"Organization","@id":"https:\/\/jornaldasoficinas.com\/pt\/#organization","name":"Jornal das Oficinas","url":"https:\/\/jornaldasoficinas.com\/pt\/","logo":{"@type":"ImageObject","inLanguage":"pt-PT","@id":"https:\/\/jornaldasoficinas.com\/pt\/#\/schema\/logo\/image\/","url":"https:\/\/jornaldasoficinas.com\/pt\/wp-content\/uploads\/logoJO-SEO.png","contentUrl":"https:\/\/jornaldasoficinas.com\/pt\/wp-content\/uploads\/logoJO-SEO.png","width":285,"height":450,"caption":"Jornal das Oficinas"},"image":{"@id":"https:\/\/jornaldasoficinas.com\/pt\/#\/schema\/logo\/image\/"},"sameAs":["https:\/\/www.facebook.com\/jornaloficinas","https:\/\/x.com\/jornaloficinas","https:\/\/www.instagram.com\/jornal_oficinas\/","https:\/\/www.linkedin.com\/company\/jornal-das-oficinas\/","https:\/\/www.youtube.com\/channel\/UCbQZBqtcvV-oSQrr7RzINGg"]},{"@type":"Person","@id":"https:\/\/jornaldasoficinas.com\/pt\/#\/schema\/person\/a38eef5de2c41d9e7c9ac10141afddf3","name":"Reda\u00e7\u00e3o JO","image":{"@type":"ImageObject","inLanguage":"pt-PT","@id":"https:\/\/secure.gravatar.com\/avatar\/71f2fa71737ad68a84fea94bc708ddac8ea5b0c4788dc2ad202f3ccb2887742f?s=96&d=wp_user_avatar&r=g","url":"https:\/\/secure.gravatar.com\/avatar\/71f2fa71737ad68a84fea94bc708ddac8ea5b0c4788dc2ad202f3ccb2887742f?s=96&d=wp_user_avatar&r=g","contentUrl":"https:\/\/secure.gravatar.com\/avatar\/71f2fa71737ad68a84fea94bc708ddac8ea5b0c4788dc2ad202f3ccb2887742f?s=96&d=wp_user_avatar&r=g","caption":"Reda\u00e7\u00e3o JO"},"url":"https:\/\/jornaldasoficinas.com\/pt\/author\/joredacao\/"}]}},"_links":{"self":[{"href":"https:\/\/jornaldasoficinas.com\/pt\/wp-json\/wp\/v2\/posts\/68587","targetHints":{"allow":["GET"]}}],"collection":[{"href":"https:\/\/jornaldasoficinas.com\/pt\/wp-json\/wp\/v2\/posts"}],"about":[{"href":"https:\/\/jornaldasoficinas.com\/pt\/wp-json\/wp\/v2\/types\/post"}],"author":[{"embeddable":true,"href":"https:\/\/jornaldasoficinas.com\/pt\/wp-json\/wp\/v2\/users\/15"}],"replies":[{"embeddable":true,"href":"https:\/\/jornaldasoficinas.com\/pt\/wp-json\/wp\/v2\/comments?post=68587"}],"version-history":[{"count":0,"href":"https:\/\/jornaldasoficinas.com\/pt\/wp-json\/wp\/v2\/posts\/68587\/revisions"}],"wp:featuredmedia":[{"embeddable":true,"href":"https:\/\/jornaldasoficinas.com\/pt\/wp-json\/wp\/v2\/media\/68470"}],"wp:attachment":[{"href":"https:\/\/jornaldasoficinas.com\/pt\/wp-json\/wp\/v2\/media?parent=68587"}],"wp:term":[{"taxonomy":"category","embeddable":true,"href":"https:\/\/jornaldasoficinas.com\/pt\/wp-json\/wp\/v2\/categories?post=68587"},{"taxonomy":"post_tag","embeddable":true,"href":"https:\/\/jornaldasoficinas.com\/pt\/wp-json\/wp\/v2\/tags?post=68587"}],"curies":[{"name":"wp","href":"https:\/\/api.w.org\/{rel}","templated":true}]}}