{"id":68684,"date":"2023-07-03T12:30:06","date_gmt":"2023-07-03T11:30:06","guid":{"rendered":"https:\/\/jornaldasoficinas.com\/pt\/?p=68684"},"modified":"2023-07-03T09:14:24","modified_gmt":"2023-07-03T08:14:24","slug":"stc-expoe-na-feira-francesa-autodistribution-loire","status":"publish","type":"post","link":"https:\/\/jornaldasoficinas.com\/pt\/stc-expoe-na-feira-francesa-autodistribution-loire\/","title":{"rendered":"STC exp\u00f5e na feira francesa AutoDistribution Loire"},"content":{"rendered":"<p><img loading=\"lazy\" decoding=\"async\" class=\"alignnone size-full wp-image-68664\" src=\"https:\/\/jornaldasoficinas.com\/pt\/wp-content\/uploads\/2023\/06\/STC-expoe-na-feira-francesa-AutoDistribution-Loire.jpg\" alt=\"06 - STC expoe na feira francesa AutoDistribution Loire\" width=\"1024\" height=\"581\" srcset=\"https:\/\/jornaldasoficinas.com\/pt\/wp-content\/uploads\/2023\/06\/STC-expoe-na-feira-francesa-AutoDistribution-Loire.jpg 1024w, https:\/\/jornaldasoficinas.com\/pt\/wp-content\/uploads\/2023\/06\/STC-expoe-na-feira-francesa-AutoDistribution-Loire-300x170.jpg 300w, https:\/\/jornaldasoficinas.com\/pt\/wp-content\/uploads\/2023\/06\/STC-expoe-na-feira-francesa-AutoDistribution-Loire-150x85.jpg 150w, https:\/\/jornaldasoficinas.com\/pt\/wp-content\/uploads\/2023\/06\/STC-expoe-na-feira-francesa-AutoDistribution-Loire-768x436.jpg 768w\" sizes=\"auto, (max-width: 1024px) 100vw, 1024px\" \/><\/p>\n<p><strong>A Servicio y Tecnolog\u00eda del Caucho (<a href=\"https:\/\/www.stcstc.com\/\" target=\"_blank\" rel=\"noopener\">STC<\/a>), marca de refer\u00eancia da <a href=\"https:\/\/www.bbbind.com\/\" target=\"_blank\" rel=\"noopener\">BBB Industries<\/a> para pe\u00e7as sobresselentes de borracha e metal para autom\u00f3veis, foi expositora na feira organizada pelo seu cliente AD Loire Dia do grupo <a href=\"https:\/\/www.autodistribution.fr\/\" target=\"_blank\" rel=\"noopener\">Autodistribution<\/a> no Palais des Congres de Sud Rh\u00f4ne-Alpes, no dia 20 de junho<\/strong><\/p>\n<p>O evento contou com a presen\u00e7a de v\u00e1rias centenas de visitantes, que ficaram impressionados com a qualidade dos produtos da STC e com a vasta gama de produtos propostos.<\/p>\n<p>Esta \u00e9 mais uma etapa do processo de expans\u00e3o firme da empresa e do seu objetivo de consolidar a sua posi\u00e7\u00e3o nos mercados internacionais. De facto, a STC j\u00e1 fez parte de um circuito de exposi\u00e7\u00f5es de dois anos com a Autodistribution e ir\u00e1 repetir a experi\u00eancia no pr\u00f3ximo outono de 2023 em novas exposi\u00e7\u00f5es para clientes.<\/p>\n<p>Os muitos visitantes do stand da STC ficaram agradavelmente surpreendidos com o grande n\u00famero de novas fam\u00edlias de produtos na extensa gama de mais de 30.000 artigos da STC.<\/p>\n<p>Nos \u00faltimos anos, o cat\u00e1logo da STC cresceu exponencialmente, tornando-se o mais extenso do mercado na sua categoria.<\/p>\n<p>A gama de produtos expostos no sal\u00e3o franc\u00eas AutoDistribution Loire inclu\u00eda suspens\u00f5es pneum\u00e1ticas, juntas homocin\u00e9ticas, man\u00edpulos e foles de alavanca de velocidades, bombas hidr\u00e1ulicas, v\u00e1lvulas de borboleta, molas pneum\u00e1ticas e cremalheiras de dire\u00e7\u00e3o. Uma vasta gama com o objetivo de oferecer cada vez mais solu\u00e7\u00f5es aos seus clientes.<\/p>\n<p>A STC cresceu juntamente com os seus distribuidores, trabalhando incessantemente para estar na vanguarda do desenvolvimento e da qualidade. A STC est\u00e1 muito atenta \u00e0s necessidades exigidas pelo sector, pelo que as suas caracter\u00edsticas s\u00e3o um elevado padr\u00e3o de qualidade, disponibilidade imediata e uma grande cria\u00e7\u00e3o de novas pe\u00e7as sobresselentes exigidas pelo setor.<\/p>\n<p>Atualmente, s\u00e3o lan\u00e7adas mais de 5.000 refer\u00eancias por ano. A STC n\u00e3o para de crescer e, como diz o seu slogan, quer continuar a ser &#8220;o melhor caminho&#8221;.<\/p>\n","protected":false},"excerpt":{"rendered":"<p>A Servicio y Tecnolog\u00eda del Caucho&#8230;<\/p>\n","protected":false},"author":15,"featured_media":68664,"comment_status":"closed","ping_status":"closed","sticky":false,"template":"","format":"standard","meta":{"footnotes":""},"categories":[29],"tags":[5772,5773,2332,5771,3208,1752],"class_list":["post-68684","post","type-post","status-publish","format-standard","has-post-thumbnail","hentry","category-empresas","tag-ad-loire-dia","tag-autodistribution","tag-bbb-industries","tag-dia-20-de-junho","tag-pecas-sobressalentes","tag-stc"],"yoast_head":"<!-- This site is optimized with the Yoast SEO plugin v27.4 - https:\/\/yoast.com\/product\/yoast-seo-wordpress\/ -->\n<title>STC exp\u00f5e na feira francesa AutoDistribution Loire - Jornal das Oficinas<\/title>\n<meta name=\"description\" content=\"A STC foi expositora na feira organizada pelo seu cliente AD Loire Dia do grupo Autodistribution no Palais des Congres de Sud Rh\u00f4ne-Alpes\" \/>\n<meta name=\"robots\" content=\"index, follow, max-snippet:-1, max-image-preview:large, max-video-preview:-1\" \/>\n<link rel=\"canonical\" href=\"https:\/\/jornaldasoficinas.com\/pt\/stc-expoe-na-feira-francesa-autodistribution-loire\/\" \/>\n<meta property=\"og:locale\" content=\"pt_PT\" \/>\n<meta property=\"og:type\" content=\"article\" \/>\n<meta property=\"og:title\" content=\"STC exp\u00f5e na feira francesa AutoDistribution Loire - Jornal das Oficinas\" \/>\n<meta property=\"og:description\" content=\"A STC foi expositora na feira organizada pelo seu cliente AD Loire Dia do grupo Autodistribution no Palais des Congres de Sud Rh\u00f4ne-Alpes\" \/>\n<meta property=\"og:url\" content=\"https:\/\/jornaldasoficinas.com\/pt\/stc-expoe-na-feira-francesa-autodistribution-loire\/\" \/>\n<meta property=\"og:site_name\" content=\"Jornal das Oficinas\" \/>\n<meta property=\"article:publisher\" content=\"https:\/\/www.facebook.com\/jornaloficinas\" \/>\n<meta property=\"article:published_time\" content=\"2023-07-03T11:30:06+00:00\" \/>\n<meta property=\"og:image\" content=\"https:\/\/jornaldasoficinas.com\/pt\/wp-content\/uploads\/2023\/06\/STC-expoe-na-feira-francesa-AutoDistribution-Loire.jpg\" \/>\n\t<meta property=\"og:image:width\" content=\"1024\" \/>\n\t<meta property=\"og:image:height\" content=\"581\" \/>\n\t<meta property=\"og:image:type\" content=\"image\/jpeg\" \/>\n<meta name=\"author\" content=\"Reda\u00e7\u00e3o JO\" \/>\n<meta name=\"twitter:card\" content=\"summary_large_image\" \/>\n<meta name=\"twitter:creator\" content=\"@jornaloficinas\" \/>\n<meta name=\"twitter:site\" content=\"@jornaloficinas\" \/>\n<meta name=\"twitter:label1\" content=\"Escrito por\" \/>\n\t<meta name=\"twitter:data1\" content=\"Reda\u00e7\u00e3o JO\" \/>\n\t<meta name=\"twitter:label2\" content=\"Tempo estimado de leitura\" \/>\n\t<meta name=\"twitter:data2\" content=\"2 minutos\" \/>\n<script type=\"application\/ld+json\" class=\"yoast-schema-graph\">{\"@context\":\"https:\\\/\\\/schema.org\",\"@graph\":[{\"@type\":\"Article\",\"@id\":\"https:\\\/\\\/jornaldasoficinas.com\\\/pt\\\/stc-expoe-na-feira-francesa-autodistribution-loire\\\/#article\",\"isPartOf\":{\"@id\":\"https:\\\/\\\/jornaldasoficinas.com\\\/pt\\\/stc-expoe-na-feira-francesa-autodistribution-loire\\\/\"},\"author\":{\"name\":\"Reda\u00e7\u00e3o JO\",\"@id\":\"https:\\\/\\\/jornaldasoficinas.com\\\/pt\\\/#\\\/schema\\\/person\\\/a38eef5de2c41d9e7c9ac10141afddf3\"},\"headline\":\"STC exp\u00f5e na feira francesa AutoDistribution Loire\",\"datePublished\":\"2023-07-03T11:30:06+00:00\",\"mainEntityOfPage\":{\"@id\":\"https:\\\/\\\/jornaldasoficinas.com\\\/pt\\\/stc-expoe-na-feira-francesa-autodistribution-loire\\\/\"},\"wordCount\":350,\"publisher\":{\"@id\":\"https:\\\/\\\/jornaldasoficinas.com\\\/pt\\\/#organization\"},\"image\":{\"@id\":\"https:\\\/\\\/jornaldasoficinas.com\\\/pt\\\/stc-expoe-na-feira-francesa-autodistribution-loire\\\/#primaryimage\"},\"thumbnailUrl\":\"https:\\\/\\\/jornaldasoficinas.com\\\/pt\\\/wp-content\\\/uploads\\\/2023\\\/06\\\/STC-expoe-na-feira-francesa-AutoDistribution-Loire.jpg\",\"keywords\":[\"AD Loire Dia\",\"Autodistribution\",\"BBB Industries\",\"dia 20 de junho\",\"Pe\u00e7as sobressalentes\",\"STC\"],\"articleSection\":[\"Empresas\"],\"inLanguage\":\"pt-PT\"},{\"@type\":\"WebPage\",\"@id\":\"https:\\\/\\\/jornaldasoficinas.com\\\/pt\\\/stc-expoe-na-feira-francesa-autodistribution-loire\\\/\",\"url\":\"https:\\\/\\\/jornaldasoficinas.com\\\/pt\\\/stc-expoe-na-feira-francesa-autodistribution-loire\\\/\",\"name\":\"STC exp\u00f5e na feira francesa AutoDistribution Loire - Jornal das Oficinas\",\"isPartOf\":{\"@id\":\"https:\\\/\\\/jornaldasoficinas.com\\\/pt\\\/#website\"},\"primaryImageOfPage\":{\"@id\":\"https:\\\/\\\/jornaldasoficinas.com\\\/pt\\\/stc-expoe-na-feira-francesa-autodistribution-loire\\\/#primaryimage\"},\"image\":{\"@id\":\"https:\\\/\\\/jornaldasoficinas.com\\\/pt\\\/stc-expoe-na-feira-francesa-autodistribution-loire\\\/#primaryimage\"},\"thumbnailUrl\":\"https:\\\/\\\/jornaldasoficinas.com\\\/pt\\\/wp-content\\\/uploads\\\/2023\\\/06\\\/STC-expoe-na-feira-francesa-AutoDistribution-Loire.jpg\",\"datePublished\":\"2023-07-03T11:30:06+00:00\",\"description\":\"A STC foi expositora na feira organizada pelo seu cliente AD Loire Dia do grupo Autodistribution no Palais des Congres de Sud Rh\u00f4ne-Alpes\",\"breadcrumb\":{\"@id\":\"https:\\\/\\\/jornaldasoficinas.com\\\/pt\\\/stc-expoe-na-feira-francesa-autodistribution-loire\\\/#breadcrumb\"},\"inLanguage\":\"pt-PT\",\"potentialAction\":[{\"@type\":\"ReadAction\",\"target\":[\"https:\\\/\\\/jornaldasoficinas.com\\\/pt\\\/stc-expoe-na-feira-francesa-autodistribution-loire\\\/\"]}]},{\"@type\":\"ImageObject\",\"inLanguage\":\"pt-PT\",\"@id\":\"https:\\\/\\\/jornaldasoficinas.com\\\/pt\\\/stc-expoe-na-feira-francesa-autodistribution-loire\\\/#primaryimage\",\"url\":\"https:\\\/\\\/jornaldasoficinas.com\\\/pt\\\/wp-content\\\/uploads\\\/2023\\\/06\\\/STC-expoe-na-feira-francesa-AutoDistribution-Loire.jpg\",\"contentUrl\":\"https:\\\/\\\/jornaldasoficinas.com\\\/pt\\\/wp-content\\\/uploads\\\/2023\\\/06\\\/STC-expoe-na-feira-francesa-AutoDistribution-Loire.jpg\",\"width\":1024,\"height\":581,\"caption\":\"06 - STC expoe na feira francesa AutoDistribution Loire\"},{\"@type\":\"BreadcrumbList\",\"@id\":\"https:\\\/\\\/jornaldasoficinas.com\\\/pt\\\/stc-expoe-na-feira-francesa-autodistribution-loire\\\/#breadcrumb\",\"itemListElement\":[{\"@type\":\"ListItem\",\"position\":1,\"name\":\"In\u00edcio\",\"item\":\"https:\\\/\\\/jornaldasoficinas.com\\\/pt\\\/\"},{\"@type\":\"ListItem\",\"position\":2,\"name\":\"STC exp\u00f5e na feira francesa AutoDistribution Loire\"}]},{\"@type\":\"WebSite\",\"@id\":\"https:\\\/\\\/jornaldasoficinas.com\\\/pt\\\/#website\",\"url\":\"https:\\\/\\\/jornaldasoficinas.com\\\/pt\\\/\",\"name\":\"Jornal das Oficinas\",\"description\":\"Jornal independente do Aftermarket Autom\u00f3vel em Portugal\",\"publisher\":{\"@id\":\"https:\\\/\\\/jornaldasoficinas.com\\\/pt\\\/#organization\"},\"potentialAction\":[{\"@type\":\"SearchAction\",\"target\":{\"@type\":\"EntryPoint\",\"urlTemplate\":\"https:\\\/\\\/jornaldasoficinas.com\\\/pt\\\/?s={search_term_string}\"},\"query-input\":{\"@type\":\"PropertyValueSpecification\",\"valueRequired\":true,\"valueName\":\"search_term_string\"}}],\"inLanguage\":\"pt-PT\"},{\"@type\":\"Organization\",\"@id\":\"https:\\\/\\\/jornaldasoficinas.com\\\/pt\\\/#organization\",\"name\":\"Jornal das Oficinas\",\"url\":\"https:\\\/\\\/jornaldasoficinas.com\\\/pt\\\/\",\"logo\":{\"@type\":\"ImageObject\",\"inLanguage\":\"pt-PT\",\"@id\":\"https:\\\/\\\/jornaldasoficinas.com\\\/pt\\\/#\\\/schema\\\/logo\\\/image\\\/\",\"url\":\"https:\\\/\\\/jornaldasoficinas.com\\\/pt\\\/wp-content\\\/uploads\\\/logoJO-SEO.png\",\"contentUrl\":\"https:\\\/\\\/jornaldasoficinas.com\\\/pt\\\/wp-content\\\/uploads\\\/logoJO-SEO.png\",\"width\":285,\"height\":450,\"caption\":\"Jornal das Oficinas\"},\"image\":{\"@id\":\"https:\\\/\\\/jornaldasoficinas.com\\\/pt\\\/#\\\/schema\\\/logo\\\/image\\\/\"},\"sameAs\":[\"https:\\\/\\\/www.facebook.com\\\/jornaloficinas\",\"https:\\\/\\\/x.com\\\/jornaloficinas\",\"https:\\\/\\\/www.instagram.com\\\/jornal_oficinas\\\/\",\"https:\\\/\\\/www.linkedin.com\\\/company\\\/jornal-das-oficinas\\\/\",\"https:\\\/\\\/www.youtube.com\\\/channel\\\/UCbQZBqtcvV-oSQrr7RzINGg\"]},{\"@type\":\"Person\",\"@id\":\"https:\\\/\\\/jornaldasoficinas.com\\\/pt\\\/#\\\/schema\\\/person\\\/a38eef5de2c41d9e7c9ac10141afddf3\",\"name\":\"Reda\u00e7\u00e3o JO\",\"image\":{\"@type\":\"ImageObject\",\"inLanguage\":\"pt-PT\",\"@id\":\"https:\\\/\\\/secure.gravatar.com\\\/avatar\\\/71f2fa71737ad68a84fea94bc708ddac8ea5b0c4788dc2ad202f3ccb2887742f?s=96&d=wp_user_avatar&r=g\",\"url\":\"https:\\\/\\\/secure.gravatar.com\\\/avatar\\\/71f2fa71737ad68a84fea94bc708ddac8ea5b0c4788dc2ad202f3ccb2887742f?s=96&d=wp_user_avatar&r=g\",\"contentUrl\":\"https:\\\/\\\/secure.gravatar.com\\\/avatar\\\/71f2fa71737ad68a84fea94bc708ddac8ea5b0c4788dc2ad202f3ccb2887742f?s=96&d=wp_user_avatar&r=g\",\"caption\":\"Reda\u00e7\u00e3o JO\"},\"url\":\"https:\\\/\\\/jornaldasoficinas.com\\\/pt\\\/author\\\/joredacao\\\/\"}]}<\/script>\n<!-- \/ Yoast SEO plugin. -->","yoast_head_json":{"title":"STC exp\u00f5e na feira francesa AutoDistribution Loire - Jornal das Oficinas","description":"A STC foi expositora na feira organizada pelo seu cliente AD Loire Dia do grupo Autodistribution no Palais des Congres de Sud Rh\u00f4ne-Alpes","robots":{"index":"index","follow":"follow","max-snippet":"max-snippet:-1","max-image-preview":"max-image-preview:large","max-video-preview":"max-video-preview:-1"},"canonical":"https:\/\/jornaldasoficinas.com\/pt\/stc-expoe-na-feira-francesa-autodistribution-loire\/","og_locale":"pt_PT","og_type":"article","og_title":"STC exp\u00f5e na feira francesa AutoDistribution Loire - Jornal das Oficinas","og_description":"A STC foi expositora na feira organizada pelo seu cliente AD Loire Dia do grupo Autodistribution no Palais des Congres de Sud Rh\u00f4ne-Alpes","og_url":"https:\/\/jornaldasoficinas.com\/pt\/stc-expoe-na-feira-francesa-autodistribution-loire\/","og_site_name":"Jornal das Oficinas","article_publisher":"https:\/\/www.facebook.com\/jornaloficinas","article_published_time":"2023-07-03T11:30:06+00:00","og_image":[{"width":1024,"height":581,"url":"https:\/\/jornaldasoficinas.com\/pt\/wp-content\/uploads\/2023\/06\/STC-expoe-na-feira-francesa-AutoDistribution-Loire.jpg","type":"image\/jpeg"}],"author":"Reda\u00e7\u00e3o JO","twitter_card":"summary_large_image","twitter_creator":"@jornaloficinas","twitter_site":"@jornaloficinas","twitter_misc":{"Escrito por":"Reda\u00e7\u00e3o JO","Tempo estimado de leitura":"2 minutos"},"schema":{"@context":"https:\/\/schema.org","@graph":[{"@type":"Article","@id":"https:\/\/jornaldasoficinas.com\/pt\/stc-expoe-na-feira-francesa-autodistribution-loire\/#article","isPartOf":{"@id":"https:\/\/jornaldasoficinas.com\/pt\/stc-expoe-na-feira-francesa-autodistribution-loire\/"},"author":{"name":"Reda\u00e7\u00e3o JO","@id":"https:\/\/jornaldasoficinas.com\/pt\/#\/schema\/person\/a38eef5de2c41d9e7c9ac10141afddf3"},"headline":"STC exp\u00f5e na feira francesa AutoDistribution Loire","datePublished":"2023-07-03T11:30:06+00:00","mainEntityOfPage":{"@id":"https:\/\/jornaldasoficinas.com\/pt\/stc-expoe-na-feira-francesa-autodistribution-loire\/"},"wordCount":350,"publisher":{"@id":"https:\/\/jornaldasoficinas.com\/pt\/#organization"},"image":{"@id":"https:\/\/jornaldasoficinas.com\/pt\/stc-expoe-na-feira-francesa-autodistribution-loire\/#primaryimage"},"thumbnailUrl":"https:\/\/jornaldasoficinas.com\/pt\/wp-content\/uploads\/2023\/06\/STC-expoe-na-feira-francesa-AutoDistribution-Loire.jpg","keywords":["AD Loire Dia","Autodistribution","BBB Industries","dia 20 de junho","Pe\u00e7as sobressalentes","STC"],"articleSection":["Empresas"],"inLanguage":"pt-PT"},{"@type":"WebPage","@id":"https:\/\/jornaldasoficinas.com\/pt\/stc-expoe-na-feira-francesa-autodistribution-loire\/","url":"https:\/\/jornaldasoficinas.com\/pt\/stc-expoe-na-feira-francesa-autodistribution-loire\/","name":"STC exp\u00f5e na feira francesa AutoDistribution Loire - Jornal das Oficinas","isPartOf":{"@id":"https:\/\/jornaldasoficinas.com\/pt\/#website"},"primaryImageOfPage":{"@id":"https:\/\/jornaldasoficinas.com\/pt\/stc-expoe-na-feira-francesa-autodistribution-loire\/#primaryimage"},"image":{"@id":"https:\/\/jornaldasoficinas.com\/pt\/stc-expoe-na-feira-francesa-autodistribution-loire\/#primaryimage"},"thumbnailUrl":"https:\/\/jornaldasoficinas.com\/pt\/wp-content\/uploads\/2023\/06\/STC-expoe-na-feira-francesa-AutoDistribution-Loire.jpg","datePublished":"2023-07-03T11:30:06+00:00","description":"A STC foi expositora na feira organizada pelo seu cliente AD Loire Dia do grupo Autodistribution no Palais des Congres de Sud Rh\u00f4ne-Alpes","breadcrumb":{"@id":"https:\/\/jornaldasoficinas.com\/pt\/stc-expoe-na-feira-francesa-autodistribution-loire\/#breadcrumb"},"inLanguage":"pt-PT","potentialAction":[{"@type":"ReadAction","target":["https:\/\/jornaldasoficinas.com\/pt\/stc-expoe-na-feira-francesa-autodistribution-loire\/"]}]},{"@type":"ImageObject","inLanguage":"pt-PT","@id":"https:\/\/jornaldasoficinas.com\/pt\/stc-expoe-na-feira-francesa-autodistribution-loire\/#primaryimage","url":"https:\/\/jornaldasoficinas.com\/pt\/wp-content\/uploads\/2023\/06\/STC-expoe-na-feira-francesa-AutoDistribution-Loire.jpg","contentUrl":"https:\/\/jornaldasoficinas.com\/pt\/wp-content\/uploads\/2023\/06\/STC-expoe-na-feira-francesa-AutoDistribution-Loire.jpg","width":1024,"height":581,"caption":"06 - STC expoe na feira francesa AutoDistribution Loire"},{"@type":"BreadcrumbList","@id":"https:\/\/jornaldasoficinas.com\/pt\/stc-expoe-na-feira-francesa-autodistribution-loire\/#breadcrumb","itemListElement":[{"@type":"ListItem","position":1,"name":"In\u00edcio","item":"https:\/\/jornaldasoficinas.com\/pt\/"},{"@type":"ListItem","position":2,"name":"STC exp\u00f5e na feira francesa AutoDistribution Loire"}]},{"@type":"WebSite","@id":"https:\/\/jornaldasoficinas.com\/pt\/#website","url":"https:\/\/jornaldasoficinas.com\/pt\/","name":"Jornal das Oficinas","description":"Jornal independente do Aftermarket Autom\u00f3vel em Portugal","publisher":{"@id":"https:\/\/jornaldasoficinas.com\/pt\/#organization"},"potentialAction":[{"@type":"SearchAction","target":{"@type":"EntryPoint","urlTemplate":"https:\/\/jornaldasoficinas.com\/pt\/?s={search_term_string}"},"query-input":{"@type":"PropertyValueSpecification","valueRequired":true,"valueName":"search_term_string"}}],"inLanguage":"pt-PT"},{"@type":"Organization","@id":"https:\/\/jornaldasoficinas.com\/pt\/#organization","name":"Jornal das Oficinas","url":"https:\/\/jornaldasoficinas.com\/pt\/","logo":{"@type":"ImageObject","inLanguage":"pt-PT","@id":"https:\/\/jornaldasoficinas.com\/pt\/#\/schema\/logo\/image\/","url":"https:\/\/jornaldasoficinas.com\/pt\/wp-content\/uploads\/logoJO-SEO.png","contentUrl":"https:\/\/jornaldasoficinas.com\/pt\/wp-content\/uploads\/logoJO-SEO.png","width":285,"height":450,"caption":"Jornal das Oficinas"},"image":{"@id":"https:\/\/jornaldasoficinas.com\/pt\/#\/schema\/logo\/image\/"},"sameAs":["https:\/\/www.facebook.com\/jornaloficinas","https:\/\/x.com\/jornaloficinas","https:\/\/www.instagram.com\/jornal_oficinas\/","https:\/\/www.linkedin.com\/company\/jornal-das-oficinas\/","https:\/\/www.youtube.com\/channel\/UCbQZBqtcvV-oSQrr7RzINGg"]},{"@type":"Person","@id":"https:\/\/jornaldasoficinas.com\/pt\/#\/schema\/person\/a38eef5de2c41d9e7c9ac10141afddf3","name":"Reda\u00e7\u00e3o JO","image":{"@type":"ImageObject","inLanguage":"pt-PT","@id":"https:\/\/secure.gravatar.com\/avatar\/71f2fa71737ad68a84fea94bc708ddac8ea5b0c4788dc2ad202f3ccb2887742f?s=96&d=wp_user_avatar&r=g","url":"https:\/\/secure.gravatar.com\/avatar\/71f2fa71737ad68a84fea94bc708ddac8ea5b0c4788dc2ad202f3ccb2887742f?s=96&d=wp_user_avatar&r=g","contentUrl":"https:\/\/secure.gravatar.com\/avatar\/71f2fa71737ad68a84fea94bc708ddac8ea5b0c4788dc2ad202f3ccb2887742f?s=96&d=wp_user_avatar&r=g","caption":"Reda\u00e7\u00e3o JO"},"url":"https:\/\/jornaldasoficinas.com\/pt\/author\/joredacao\/"}]}},"_links":{"self":[{"href":"https:\/\/jornaldasoficinas.com\/pt\/wp-json\/wp\/v2\/posts\/68684","targetHints":{"allow":["GET"]}}],"collection":[{"href":"https:\/\/jornaldasoficinas.com\/pt\/wp-json\/wp\/v2\/posts"}],"about":[{"href":"https:\/\/jornaldasoficinas.com\/pt\/wp-json\/wp\/v2\/types\/post"}],"author":[{"embeddable":true,"href":"https:\/\/jornaldasoficinas.com\/pt\/wp-json\/wp\/v2\/users\/15"}],"replies":[{"embeddable":true,"href":"https:\/\/jornaldasoficinas.com\/pt\/wp-json\/wp\/v2\/comments?post=68684"}],"version-history":[{"count":0,"href":"https:\/\/jornaldasoficinas.com\/pt\/wp-json\/wp\/v2\/posts\/68684\/revisions"}],"wp:featuredmedia":[{"embeddable":true,"href":"https:\/\/jornaldasoficinas.com\/pt\/wp-json\/wp\/v2\/media\/68664"}],"wp:attachment":[{"href":"https:\/\/jornaldasoficinas.com\/pt\/wp-json\/wp\/v2\/media?parent=68684"}],"wp:term":[{"taxonomy":"category","embeddable":true,"href":"https:\/\/jornaldasoficinas.com\/pt\/wp-json\/wp\/v2\/categories?post=68684"},{"taxonomy":"post_tag","embeddable":true,"href":"https:\/\/jornaldasoficinas.com\/pt\/wp-json\/wp\/v2\/tags?post=68684"}],"curies":[{"name":"wp","href":"https:\/\/api.w.org\/{rel}","templated":true}]}}