{"id":68692,"date":"2023-07-03T16:00:06","date_gmt":"2023-07-03T15:00:06","guid":{"rendered":"https:\/\/jornaldasoficinas.com\/pt\/?p=68692"},"modified":"2023-07-03T15:54:48","modified_gmt":"2023-07-03T14:54:48","slug":"exportacao-de-componentes-automovel-portugueses-em-estudo","status":"publish","type":"post","link":"https:\/\/jornaldasoficinas.com\/pt\/exportacao-de-componentes-automovel-portugueses-em-estudo\/","title":{"rendered":"Exporta\u00e7\u00e3o de Componentes Autom\u00f3vel Portugueses em estudo"},"content":{"rendered":"<p><strong><img loading=\"lazy\" decoding=\"async\" class=\"alignnone size-full wp-image-68661\" src=\"https:\/\/jornaldasoficinas.com\/pt\/wp-content\/uploads\/2023\/06\/Exportacao-de-Componentes-Automovel-Portugueses-em-estudo-2.jpg\" alt=\"06 - Exportacao de Componentes Automovel Portugueses em estudo 2\" width=\"1024\" height=\"581\" srcset=\"https:\/\/jornaldasoficinas.com\/pt\/wp-content\/uploads\/2023\/06\/Exportacao-de-Componentes-Automovel-Portugueses-em-estudo-2.jpg 1024w, https:\/\/jornaldasoficinas.com\/pt\/wp-content\/uploads\/2023\/06\/Exportacao-de-Componentes-Automovel-Portugueses-em-estudo-2-300x170.jpg 300w, https:\/\/jornaldasoficinas.com\/pt\/wp-content\/uploads\/2023\/06\/Exportacao-de-Componentes-Automovel-Portugueses-em-estudo-2-150x85.jpg 150w, https:\/\/jornaldasoficinas.com\/pt\/wp-content\/uploads\/2023\/06\/Exportacao-de-Componentes-Automovel-Portugueses-em-estudo-2-768x436.jpg 768w\" sizes=\"auto, (max-width: 1024px) 100vw, 1024px\" \/><\/strong><strong>\u00a0<\/strong><\/p>\n<p><strong>A Ind\u00fastria de Componentes Autom\u00f3vel \u00e9 um dos vetores estrat\u00e9gicos da economia nacional, sendo considerada o cora\u00e7\u00e3o do Cluster Autom\u00f3vel Nacional. A <a href=\"https:\/\/hi-rev.pt\/\" target=\"_blank\" rel=\"noopener\">Hi-REV<\/a>, cons\u00f3rcio liderado pela <a href=\"https:\/\/www.palbit.pt\/pt\/home\" target=\"_blank\" rel=\"noopener\">Palbit<\/a>, empresa especialista no setor pulverometalurgico, desenvolveu recentemente um estudo com o objetivo de perceber a relev\u00e2ncia desta ind\u00fastria em Portugal<\/strong><\/p>\n<p>Nos \u00faltimos anos, este setor tem crescido cada vez mais, n\u00e3o s\u00f3 pelos investimentos que t\u00eam sido realizados, mas tamb\u00e9m pelo aumento exponencial das exporta\u00e7\u00f5es dos componentes autom\u00f3veis em Portugal. Os dados mais recentes revelam que, entre 2015 e 2022, as exporta\u00e7\u00f5es tiveram um crescimento de 39% e que apesar das importa\u00e7\u00f5es terem tamb\u00e9m aumentado (cerca de 52%), a balan\u00e7a comercial manteve-se sempre superavit\u00e1ria.<\/p>\n<p>Em 2022, Portugal exportou componentes autom\u00f3veis maioritariamente para pa\u00edses europeus, destacando-se Espanha como principal destino (1.853 milh\u00f5es de euros), seguida pela Alemanha (878 milh\u00f5es de euros), e por Fran\u00e7a (658 milh\u00f5es de euros). A presen\u00e7a de grandes economias neste painel de exporta\u00e7\u00f5es revela um posicionamento elevado dos componentes de autom\u00f3vel fabricados no pa\u00eds e refor\u00e7a a capacidade diferenciadora nacional para estarem tamb\u00e9m presentes em mercados igualmente exigentes e mais long\u00ednquos, como \u00e9 o caso dos EUA.<\/p>\n<p>No que diz respeito aos destinos mais din\u00e2micos das exporta\u00e7\u00f5es portuguesas, evidenciam-se Eslov\u00e1quia (217 milh\u00f5es de euros), Marrocos (64 milh\u00f5es de euros) e Estados Unidos (339 milh\u00f5es de euros), com uma Taxa de Varia\u00e7\u00e3o M\u00e9dia Anual de 27%, 17% e 16%, respetivamente.<\/p>\n<p>Na totalidade, o valor das exporta\u00e7\u00f5es nacionais \u00e9 superior aos 8 mil milh\u00f5es de euros, o que representa mais de metade do volume de neg\u00f3cios da ind\u00fastria dos componentes autom\u00f3veis (11.872 milh\u00f5es de euros).<\/p>\n<p>\u201cO aumento das exporta\u00e7\u00f5es da ind\u00fastria dos componentes autom\u00f3veis \u00e9 essencial para o desenvolvimento e sucesso da ind\u00fastria e tamb\u00e9m para impulsionar o crescimento econ\u00f3mico de Portugal. Para al\u00e9m de fortalecer a economia, permite tamb\u00e9m que o pa\u00eds melhore as suas rela\u00e7\u00f5es internacionais e oferece \u00e0s empresas a possibilidade de expandirem os seus mercados\u201d, salientou Daniel Figueiredo, Executive Board Member da Palbit, l\u00edder do cons\u00f3rcio Hi-REV.<\/p>\n","protected":false},"excerpt":{"rendered":"<p>\u00a0 A Ind\u00fastria de Componentes Autom\u00f3vel&#8230;<\/p>\n","protected":false},"author":15,"featured_media":68661,"comment_status":"closed","ping_status":"closed","sticky":false,"template":"","format":"standard","meta":{"footnotes":""},"categories":[37],"tags":[5777,5776,5778,3825],"class_list":["post-68692","post","type-post","status-publish","format-standard","has-post-thumbnail","hentry","category-mercado","tag-cluster-automovel-nacional","tag-hi-rev","tag-industria-de-componentes-automovel","tag-palbit"],"yoast_head":"<!-- This site is optimized with the Yoast SEO plugin v27.4 - https:\/\/yoast.com\/product\/yoast-seo-wordpress\/ -->\n<title>Exporta\u00e7\u00e3o de Componentes Autom\u00f3vel Portugueses em estudo - Jornal das Oficinas<\/title>\n<meta name=\"description\" content=\"A Ind\u00fastria de Componentes Autom\u00f3vel \u00e9 um dos vetores estrat\u00e9gicos da economia nacional, sendo considerada o cora\u00e7\u00e3o do Cluster Autom\u00f3vel Nacional\" \/>\n<meta name=\"robots\" content=\"index, follow, max-snippet:-1, max-image-preview:large, max-video-preview:-1\" \/>\n<link rel=\"canonical\" href=\"https:\/\/jornaldasoficinas.com\/pt\/exportacao-de-componentes-automovel-portugueses-em-estudo\/\" \/>\n<meta property=\"og:locale\" content=\"pt_PT\" \/>\n<meta property=\"og:type\" content=\"article\" \/>\n<meta property=\"og:title\" content=\"Exporta\u00e7\u00e3o de Componentes Autom\u00f3vel Portugueses em estudo - Jornal das Oficinas\" \/>\n<meta property=\"og:description\" content=\"A Ind\u00fastria de Componentes Autom\u00f3vel \u00e9 um dos vetores estrat\u00e9gicos da economia nacional, sendo considerada o cora\u00e7\u00e3o do Cluster Autom\u00f3vel Nacional\" \/>\n<meta property=\"og:url\" content=\"https:\/\/jornaldasoficinas.com\/pt\/exportacao-de-componentes-automovel-portugueses-em-estudo\/\" \/>\n<meta property=\"og:site_name\" content=\"Jornal das Oficinas\" \/>\n<meta property=\"article:publisher\" content=\"https:\/\/www.facebook.com\/jornaloficinas\" \/>\n<meta property=\"article:published_time\" content=\"2023-07-03T15:00:06+00:00\" \/>\n<meta property=\"og:image\" content=\"https:\/\/jornaldasoficinas.com\/pt\/wp-content\/uploads\/2023\/06\/Exportacao-de-Componentes-Automovel-Portugueses-em-estudo-2.jpg\" \/>\n\t<meta property=\"og:image:width\" content=\"1024\" \/>\n\t<meta property=\"og:image:height\" content=\"581\" \/>\n\t<meta property=\"og:image:type\" content=\"image\/jpeg\" \/>\n<meta name=\"author\" content=\"Reda\u00e7\u00e3o JO\" \/>\n<meta name=\"twitter:card\" content=\"summary_large_image\" \/>\n<meta name=\"twitter:creator\" content=\"@jornaloficinas\" \/>\n<meta name=\"twitter:site\" content=\"@jornaloficinas\" \/>\n<meta name=\"twitter:label1\" content=\"Escrito por\" \/>\n\t<meta name=\"twitter:data1\" content=\"Reda\u00e7\u00e3o JO\" \/>\n\t<meta name=\"twitter:label2\" content=\"Tempo estimado de leitura\" \/>\n\t<meta name=\"twitter:data2\" content=\"2 minutos\" \/>\n<script type=\"application\/ld+json\" class=\"yoast-schema-graph\">{\"@context\":\"https:\\\/\\\/schema.org\",\"@graph\":[{\"@type\":\"Article\",\"@id\":\"https:\\\/\\\/jornaldasoficinas.com\\\/pt\\\/exportacao-de-componentes-automovel-portugueses-em-estudo\\\/#article\",\"isPartOf\":{\"@id\":\"https:\\\/\\\/jornaldasoficinas.com\\\/pt\\\/exportacao-de-componentes-automovel-portugueses-em-estudo\\\/\"},\"author\":{\"name\":\"Reda\u00e7\u00e3o JO\",\"@id\":\"https:\\\/\\\/jornaldasoficinas.com\\\/pt\\\/#\\\/schema\\\/person\\\/a38eef5de2c41d9e7c9ac10141afddf3\"},\"headline\":\"Exporta\u00e7\u00e3o de Componentes Autom\u00f3vel Portugueses em estudo\",\"datePublished\":\"2023-07-03T15:00:06+00:00\",\"mainEntityOfPage\":{\"@id\":\"https:\\\/\\\/jornaldasoficinas.com\\\/pt\\\/exportacao-de-componentes-automovel-portugueses-em-estudo\\\/\"},\"wordCount\":375,\"publisher\":{\"@id\":\"https:\\\/\\\/jornaldasoficinas.com\\\/pt\\\/#organization\"},\"image\":{\"@id\":\"https:\\\/\\\/jornaldasoficinas.com\\\/pt\\\/exportacao-de-componentes-automovel-portugueses-em-estudo\\\/#primaryimage\"},\"thumbnailUrl\":\"https:\\\/\\\/jornaldasoficinas.com\\\/pt\\\/wp-content\\\/uploads\\\/2023\\\/06\\\/Exportacao-de-Componentes-Automovel-Portugueses-em-estudo-2.jpg\",\"keywords\":[\"Cluster Autom\u00f3vel Nacional\",\"Hi-REV\",\"Ind\u00fastria de Componentes Autom\u00f3vel\",\"Palbit\"],\"articleSection\":[\"Mercado\"],\"inLanguage\":\"pt-PT\"},{\"@type\":\"WebPage\",\"@id\":\"https:\\\/\\\/jornaldasoficinas.com\\\/pt\\\/exportacao-de-componentes-automovel-portugueses-em-estudo\\\/\",\"url\":\"https:\\\/\\\/jornaldasoficinas.com\\\/pt\\\/exportacao-de-componentes-automovel-portugueses-em-estudo\\\/\",\"name\":\"Exporta\u00e7\u00e3o de Componentes Autom\u00f3vel Portugueses em estudo - Jornal das Oficinas\",\"isPartOf\":{\"@id\":\"https:\\\/\\\/jornaldasoficinas.com\\\/pt\\\/#website\"},\"primaryImageOfPage\":{\"@id\":\"https:\\\/\\\/jornaldasoficinas.com\\\/pt\\\/exportacao-de-componentes-automovel-portugueses-em-estudo\\\/#primaryimage\"},\"image\":{\"@id\":\"https:\\\/\\\/jornaldasoficinas.com\\\/pt\\\/exportacao-de-componentes-automovel-portugueses-em-estudo\\\/#primaryimage\"},\"thumbnailUrl\":\"https:\\\/\\\/jornaldasoficinas.com\\\/pt\\\/wp-content\\\/uploads\\\/2023\\\/06\\\/Exportacao-de-Componentes-Automovel-Portugueses-em-estudo-2.jpg\",\"datePublished\":\"2023-07-03T15:00:06+00:00\",\"description\":\"A Ind\u00fastria de Componentes Autom\u00f3vel \u00e9 um dos vetores estrat\u00e9gicos da economia nacional, sendo considerada o cora\u00e7\u00e3o do Cluster Autom\u00f3vel Nacional\",\"breadcrumb\":{\"@id\":\"https:\\\/\\\/jornaldasoficinas.com\\\/pt\\\/exportacao-de-componentes-automovel-portugueses-em-estudo\\\/#breadcrumb\"},\"inLanguage\":\"pt-PT\",\"potentialAction\":[{\"@type\":\"ReadAction\",\"target\":[\"https:\\\/\\\/jornaldasoficinas.com\\\/pt\\\/exportacao-de-componentes-automovel-portugueses-em-estudo\\\/\"]}]},{\"@type\":\"ImageObject\",\"inLanguage\":\"pt-PT\",\"@id\":\"https:\\\/\\\/jornaldasoficinas.com\\\/pt\\\/exportacao-de-componentes-automovel-portugueses-em-estudo\\\/#primaryimage\",\"url\":\"https:\\\/\\\/jornaldasoficinas.com\\\/pt\\\/wp-content\\\/uploads\\\/2023\\\/06\\\/Exportacao-de-Componentes-Automovel-Portugueses-em-estudo-2.jpg\",\"contentUrl\":\"https:\\\/\\\/jornaldasoficinas.com\\\/pt\\\/wp-content\\\/uploads\\\/2023\\\/06\\\/Exportacao-de-Componentes-Automovel-Portugueses-em-estudo-2.jpg\",\"width\":1024,\"height\":581,\"caption\":\"06 - Exportacao de Componentes Automovel Portugueses em estudo 2\"},{\"@type\":\"BreadcrumbList\",\"@id\":\"https:\\\/\\\/jornaldasoficinas.com\\\/pt\\\/exportacao-de-componentes-automovel-portugueses-em-estudo\\\/#breadcrumb\",\"itemListElement\":[{\"@type\":\"ListItem\",\"position\":1,\"name\":\"In\u00edcio\",\"item\":\"https:\\\/\\\/jornaldasoficinas.com\\\/pt\\\/\"},{\"@type\":\"ListItem\",\"position\":2,\"name\":\"Exporta\u00e7\u00e3o de Componentes Autom\u00f3vel Portugueses em estudo\"}]},{\"@type\":\"WebSite\",\"@id\":\"https:\\\/\\\/jornaldasoficinas.com\\\/pt\\\/#website\",\"url\":\"https:\\\/\\\/jornaldasoficinas.com\\\/pt\\\/\",\"name\":\"Jornal das Oficinas\",\"description\":\"Jornal independente do Aftermarket Autom\u00f3vel em Portugal\",\"publisher\":{\"@id\":\"https:\\\/\\\/jornaldasoficinas.com\\\/pt\\\/#organization\"},\"potentialAction\":[{\"@type\":\"SearchAction\",\"target\":{\"@type\":\"EntryPoint\",\"urlTemplate\":\"https:\\\/\\\/jornaldasoficinas.com\\\/pt\\\/?s={search_term_string}\"},\"query-input\":{\"@type\":\"PropertyValueSpecification\",\"valueRequired\":true,\"valueName\":\"search_term_string\"}}],\"inLanguage\":\"pt-PT\"},{\"@type\":\"Organization\",\"@id\":\"https:\\\/\\\/jornaldasoficinas.com\\\/pt\\\/#organization\",\"name\":\"Jornal das Oficinas\",\"url\":\"https:\\\/\\\/jornaldasoficinas.com\\\/pt\\\/\",\"logo\":{\"@type\":\"ImageObject\",\"inLanguage\":\"pt-PT\",\"@id\":\"https:\\\/\\\/jornaldasoficinas.com\\\/pt\\\/#\\\/schema\\\/logo\\\/image\\\/\",\"url\":\"https:\\\/\\\/jornaldasoficinas.com\\\/pt\\\/wp-content\\\/uploads\\\/logoJO-SEO.png\",\"contentUrl\":\"https:\\\/\\\/jornaldasoficinas.com\\\/pt\\\/wp-content\\\/uploads\\\/logoJO-SEO.png\",\"width\":285,\"height\":450,\"caption\":\"Jornal das Oficinas\"},\"image\":{\"@id\":\"https:\\\/\\\/jornaldasoficinas.com\\\/pt\\\/#\\\/schema\\\/logo\\\/image\\\/\"},\"sameAs\":[\"https:\\\/\\\/www.facebook.com\\\/jornaloficinas\",\"https:\\\/\\\/x.com\\\/jornaloficinas\",\"https:\\\/\\\/www.instagram.com\\\/jornal_oficinas\\\/\",\"https:\\\/\\\/www.linkedin.com\\\/company\\\/jornal-das-oficinas\\\/\",\"https:\\\/\\\/www.youtube.com\\\/channel\\\/UCbQZBqtcvV-oSQrr7RzINGg\"]},{\"@type\":\"Person\",\"@id\":\"https:\\\/\\\/jornaldasoficinas.com\\\/pt\\\/#\\\/schema\\\/person\\\/a38eef5de2c41d9e7c9ac10141afddf3\",\"name\":\"Reda\u00e7\u00e3o JO\",\"image\":{\"@type\":\"ImageObject\",\"inLanguage\":\"pt-PT\",\"@id\":\"https:\\\/\\\/secure.gravatar.com\\\/avatar\\\/71f2fa71737ad68a84fea94bc708ddac8ea5b0c4788dc2ad202f3ccb2887742f?s=96&d=wp_user_avatar&r=g\",\"url\":\"https:\\\/\\\/secure.gravatar.com\\\/avatar\\\/71f2fa71737ad68a84fea94bc708ddac8ea5b0c4788dc2ad202f3ccb2887742f?s=96&d=wp_user_avatar&r=g\",\"contentUrl\":\"https:\\\/\\\/secure.gravatar.com\\\/avatar\\\/71f2fa71737ad68a84fea94bc708ddac8ea5b0c4788dc2ad202f3ccb2887742f?s=96&d=wp_user_avatar&r=g\",\"caption\":\"Reda\u00e7\u00e3o JO\"},\"url\":\"https:\\\/\\\/jornaldasoficinas.com\\\/pt\\\/author\\\/joredacao\\\/\"}]}<\/script>\n<!-- \/ Yoast SEO plugin. -->","yoast_head_json":{"title":"Exporta\u00e7\u00e3o de Componentes Autom\u00f3vel Portugueses em estudo - Jornal das Oficinas","description":"A Ind\u00fastria de Componentes Autom\u00f3vel \u00e9 um dos vetores estrat\u00e9gicos da economia nacional, sendo considerada o cora\u00e7\u00e3o do Cluster Autom\u00f3vel Nacional","robots":{"index":"index","follow":"follow","max-snippet":"max-snippet:-1","max-image-preview":"max-image-preview:large","max-video-preview":"max-video-preview:-1"},"canonical":"https:\/\/jornaldasoficinas.com\/pt\/exportacao-de-componentes-automovel-portugueses-em-estudo\/","og_locale":"pt_PT","og_type":"article","og_title":"Exporta\u00e7\u00e3o de Componentes Autom\u00f3vel Portugueses em estudo - Jornal das Oficinas","og_description":"A Ind\u00fastria de Componentes Autom\u00f3vel \u00e9 um dos vetores estrat\u00e9gicos da economia nacional, sendo considerada o cora\u00e7\u00e3o do Cluster Autom\u00f3vel Nacional","og_url":"https:\/\/jornaldasoficinas.com\/pt\/exportacao-de-componentes-automovel-portugueses-em-estudo\/","og_site_name":"Jornal das Oficinas","article_publisher":"https:\/\/www.facebook.com\/jornaloficinas","article_published_time":"2023-07-03T15:00:06+00:00","og_image":[{"width":1024,"height":581,"url":"https:\/\/jornaldasoficinas.com\/pt\/wp-content\/uploads\/2023\/06\/Exportacao-de-Componentes-Automovel-Portugueses-em-estudo-2.jpg","type":"image\/jpeg"}],"author":"Reda\u00e7\u00e3o JO","twitter_card":"summary_large_image","twitter_creator":"@jornaloficinas","twitter_site":"@jornaloficinas","twitter_misc":{"Escrito por":"Reda\u00e7\u00e3o JO","Tempo estimado de leitura":"2 minutos"},"schema":{"@context":"https:\/\/schema.org","@graph":[{"@type":"Article","@id":"https:\/\/jornaldasoficinas.com\/pt\/exportacao-de-componentes-automovel-portugueses-em-estudo\/#article","isPartOf":{"@id":"https:\/\/jornaldasoficinas.com\/pt\/exportacao-de-componentes-automovel-portugueses-em-estudo\/"},"author":{"name":"Reda\u00e7\u00e3o JO","@id":"https:\/\/jornaldasoficinas.com\/pt\/#\/schema\/person\/a38eef5de2c41d9e7c9ac10141afddf3"},"headline":"Exporta\u00e7\u00e3o de Componentes Autom\u00f3vel Portugueses em estudo","datePublished":"2023-07-03T15:00:06+00:00","mainEntityOfPage":{"@id":"https:\/\/jornaldasoficinas.com\/pt\/exportacao-de-componentes-automovel-portugueses-em-estudo\/"},"wordCount":375,"publisher":{"@id":"https:\/\/jornaldasoficinas.com\/pt\/#organization"},"image":{"@id":"https:\/\/jornaldasoficinas.com\/pt\/exportacao-de-componentes-automovel-portugueses-em-estudo\/#primaryimage"},"thumbnailUrl":"https:\/\/jornaldasoficinas.com\/pt\/wp-content\/uploads\/2023\/06\/Exportacao-de-Componentes-Automovel-Portugueses-em-estudo-2.jpg","keywords":["Cluster Autom\u00f3vel Nacional","Hi-REV","Ind\u00fastria de Componentes Autom\u00f3vel","Palbit"],"articleSection":["Mercado"],"inLanguage":"pt-PT"},{"@type":"WebPage","@id":"https:\/\/jornaldasoficinas.com\/pt\/exportacao-de-componentes-automovel-portugueses-em-estudo\/","url":"https:\/\/jornaldasoficinas.com\/pt\/exportacao-de-componentes-automovel-portugueses-em-estudo\/","name":"Exporta\u00e7\u00e3o de Componentes Autom\u00f3vel Portugueses em estudo - Jornal das Oficinas","isPartOf":{"@id":"https:\/\/jornaldasoficinas.com\/pt\/#website"},"primaryImageOfPage":{"@id":"https:\/\/jornaldasoficinas.com\/pt\/exportacao-de-componentes-automovel-portugueses-em-estudo\/#primaryimage"},"image":{"@id":"https:\/\/jornaldasoficinas.com\/pt\/exportacao-de-componentes-automovel-portugueses-em-estudo\/#primaryimage"},"thumbnailUrl":"https:\/\/jornaldasoficinas.com\/pt\/wp-content\/uploads\/2023\/06\/Exportacao-de-Componentes-Automovel-Portugueses-em-estudo-2.jpg","datePublished":"2023-07-03T15:00:06+00:00","description":"A Ind\u00fastria de Componentes Autom\u00f3vel \u00e9 um dos vetores estrat\u00e9gicos da economia nacional, sendo considerada o cora\u00e7\u00e3o do Cluster Autom\u00f3vel Nacional","breadcrumb":{"@id":"https:\/\/jornaldasoficinas.com\/pt\/exportacao-de-componentes-automovel-portugueses-em-estudo\/#breadcrumb"},"inLanguage":"pt-PT","potentialAction":[{"@type":"ReadAction","target":["https:\/\/jornaldasoficinas.com\/pt\/exportacao-de-componentes-automovel-portugueses-em-estudo\/"]}]},{"@type":"ImageObject","inLanguage":"pt-PT","@id":"https:\/\/jornaldasoficinas.com\/pt\/exportacao-de-componentes-automovel-portugueses-em-estudo\/#primaryimage","url":"https:\/\/jornaldasoficinas.com\/pt\/wp-content\/uploads\/2023\/06\/Exportacao-de-Componentes-Automovel-Portugueses-em-estudo-2.jpg","contentUrl":"https:\/\/jornaldasoficinas.com\/pt\/wp-content\/uploads\/2023\/06\/Exportacao-de-Componentes-Automovel-Portugueses-em-estudo-2.jpg","width":1024,"height":581,"caption":"06 - Exportacao de Componentes Automovel Portugueses em estudo 2"},{"@type":"BreadcrumbList","@id":"https:\/\/jornaldasoficinas.com\/pt\/exportacao-de-componentes-automovel-portugueses-em-estudo\/#breadcrumb","itemListElement":[{"@type":"ListItem","position":1,"name":"In\u00edcio","item":"https:\/\/jornaldasoficinas.com\/pt\/"},{"@type":"ListItem","position":2,"name":"Exporta\u00e7\u00e3o de Componentes Autom\u00f3vel Portugueses em estudo"}]},{"@type":"WebSite","@id":"https:\/\/jornaldasoficinas.com\/pt\/#website","url":"https:\/\/jornaldasoficinas.com\/pt\/","name":"Jornal das Oficinas","description":"Jornal independente do Aftermarket Autom\u00f3vel em Portugal","publisher":{"@id":"https:\/\/jornaldasoficinas.com\/pt\/#organization"},"potentialAction":[{"@type":"SearchAction","target":{"@type":"EntryPoint","urlTemplate":"https:\/\/jornaldasoficinas.com\/pt\/?s={search_term_string}"},"query-input":{"@type":"PropertyValueSpecification","valueRequired":true,"valueName":"search_term_string"}}],"inLanguage":"pt-PT"},{"@type":"Organization","@id":"https:\/\/jornaldasoficinas.com\/pt\/#organization","name":"Jornal das Oficinas","url":"https:\/\/jornaldasoficinas.com\/pt\/","logo":{"@type":"ImageObject","inLanguage":"pt-PT","@id":"https:\/\/jornaldasoficinas.com\/pt\/#\/schema\/logo\/image\/","url":"https:\/\/jornaldasoficinas.com\/pt\/wp-content\/uploads\/logoJO-SEO.png","contentUrl":"https:\/\/jornaldasoficinas.com\/pt\/wp-content\/uploads\/logoJO-SEO.png","width":285,"height":450,"caption":"Jornal das Oficinas"},"image":{"@id":"https:\/\/jornaldasoficinas.com\/pt\/#\/schema\/logo\/image\/"},"sameAs":["https:\/\/www.facebook.com\/jornaloficinas","https:\/\/x.com\/jornaloficinas","https:\/\/www.instagram.com\/jornal_oficinas\/","https:\/\/www.linkedin.com\/company\/jornal-das-oficinas\/","https:\/\/www.youtube.com\/channel\/UCbQZBqtcvV-oSQrr7RzINGg"]},{"@type":"Person","@id":"https:\/\/jornaldasoficinas.com\/pt\/#\/schema\/person\/a38eef5de2c41d9e7c9ac10141afddf3","name":"Reda\u00e7\u00e3o JO","image":{"@type":"ImageObject","inLanguage":"pt-PT","@id":"https:\/\/secure.gravatar.com\/avatar\/71f2fa71737ad68a84fea94bc708ddac8ea5b0c4788dc2ad202f3ccb2887742f?s=96&d=wp_user_avatar&r=g","url":"https:\/\/secure.gravatar.com\/avatar\/71f2fa71737ad68a84fea94bc708ddac8ea5b0c4788dc2ad202f3ccb2887742f?s=96&d=wp_user_avatar&r=g","contentUrl":"https:\/\/secure.gravatar.com\/avatar\/71f2fa71737ad68a84fea94bc708ddac8ea5b0c4788dc2ad202f3ccb2887742f?s=96&d=wp_user_avatar&r=g","caption":"Reda\u00e7\u00e3o JO"},"url":"https:\/\/jornaldasoficinas.com\/pt\/author\/joredacao\/"}]}},"_links":{"self":[{"href":"https:\/\/jornaldasoficinas.com\/pt\/wp-json\/wp\/v2\/posts\/68692","targetHints":{"allow":["GET"]}}],"collection":[{"href":"https:\/\/jornaldasoficinas.com\/pt\/wp-json\/wp\/v2\/posts"}],"about":[{"href":"https:\/\/jornaldasoficinas.com\/pt\/wp-json\/wp\/v2\/types\/post"}],"author":[{"embeddable":true,"href":"https:\/\/jornaldasoficinas.com\/pt\/wp-json\/wp\/v2\/users\/15"}],"replies":[{"embeddable":true,"href":"https:\/\/jornaldasoficinas.com\/pt\/wp-json\/wp\/v2\/comments?post=68692"}],"version-history":[{"count":0,"href":"https:\/\/jornaldasoficinas.com\/pt\/wp-json\/wp\/v2\/posts\/68692\/revisions"}],"wp:featuredmedia":[{"embeddable":true,"href":"https:\/\/jornaldasoficinas.com\/pt\/wp-json\/wp\/v2\/media\/68661"}],"wp:attachment":[{"href":"https:\/\/jornaldasoficinas.com\/pt\/wp-json\/wp\/v2\/media?parent=68692"}],"wp:term":[{"taxonomy":"category","embeddable":true,"href":"https:\/\/jornaldasoficinas.com\/pt\/wp-json\/wp\/v2\/categories?post=68692"},{"taxonomy":"post_tag","embeddable":true,"href":"https:\/\/jornaldasoficinas.com\/pt\/wp-json\/wp\/v2\/tags?post=68692"}],"curies":[{"name":"wp","href":"https:\/\/api.w.org\/{rel}","templated":true}]}}