{"id":6873,"date":"2019-11-18T20:37:11","date_gmt":"2019-11-18T20:37:11","guid":{"rendered":"https:\/\/jornaldasoficinas.com\/pt\/?p=6873"},"modified":"2019-11-18T21:08:46","modified_gmt":"2019-11-18T21:08:46","slug":"volkswagen-autoeuropa-contrata-rangel","status":"publish","type":"post","link":"https:\/\/jornaldasoficinas.com\/pt\/volkswagen-autoeuropa-contrata-rangel\/","title":{"rendered":"Volkswagen Autoeuropa contrata Rangel Logistics Solutions"},"content":{"rendered":"<p><strong><img loading=\"lazy\" decoding=\"async\" class=\"alignnone size-full wp-image-6869\" src=\"https:\/\/jornaldasoficinas.com\/pt\/wp-content\/uploads\/2019\/11\/Jornal_das_Oficinas_RANGEL-AUTOEUROPA-1.jpg\" alt=\"11 - Jornal_das_Oficinas_RANGEL-AUTOEUROPA-1\" width=\"1024\" height=\"581\" srcset=\"https:\/\/jornaldasoficinas.com\/pt\/wp-content\/uploads\/2019\/11\/Jornal_das_Oficinas_RANGEL-AUTOEUROPA-1.jpg 1024w, https:\/\/jornaldasoficinas.com\/pt\/wp-content\/uploads\/2019\/11\/Jornal_das_Oficinas_RANGEL-AUTOEUROPA-1-300x170.jpg 300w, https:\/\/jornaldasoficinas.com\/pt\/wp-content\/uploads\/2019\/11\/Jornal_das_Oficinas_RANGEL-AUTOEUROPA-1-150x85.jpg 150w, https:\/\/jornaldasoficinas.com\/pt\/wp-content\/uploads\/2019\/11\/Jornal_das_Oficinas_RANGEL-AUTOEUROPA-1-768x436.jpg 768w\" sizes=\"auto, (max-width: 1024px) 100vw, 1024px\" \/><\/strong><\/p>\n<p><strong>Rangel Logistics Solutions foi a empresa escolhida pela Volkswagen Autoeuropa para ser o seu parceiro log\u00edstico nos pr\u00f3ximos tr\u00eas anos, com possibilidade de extens\u00e3o por mais dois.<\/strong><\/p>\n<p>Esta parceria est\u00e1 em linha com a estrat\u00e9gia que a Rangel tem vindo a desenvolver na sua unidade Automotive &amp; Aviation, onde investiu na cria\u00e7\u00e3o de servi\u00e7os especializados, refor\u00e7o de equipas e instala\u00e7\u00f5es para responder \u00e0s necessidades e desafios do <em>cluster<\/em>. Este setor j\u00e1 representa cerca de 8% do PIB portugu\u00eas, um volume de neg\u00f3cios que ascende a 15,6 mil milh\u00f5es de euros.<\/p>\n<p>O contrato com a <a href=\"https:\/\/www.volkswagenautoeuropa.pt\/\" target=\"_blank\" rel=\"noopener noreferrer\">Volkswagen Autoeuropa<\/a> iniciou-se em agosto, onde a Rangel assegura uma opera\u00e7\u00e3o complexa e de grande dimens\u00e3o para a qual conta com cerca de 750 colaboradores, distribu\u00eddos por 19 turnos semanais.<\/p>\n<p>Todo o processo log\u00edstico decorre nas instala\u00e7\u00f5es da f\u00e1brica de autom\u00f3veis, a partir de um armaz\u00e9m de 21.000 m<sup>2<\/sup> e uma \u00e1rea adicional de 16.000 m<sup>2<\/sup> de log\u00edstica interna, onde s\u00e3o garantidas as entregas aos armaz\u00e9ns de <em>body<\/em> e pintura e abastecimento aos supermercados internos e linhas de montagem, atrav\u00e9s de mais de 50 rotas internas e cerca de 150 processos.<\/p>\n<p>Ao longo das \u00faltimas d\u00e9cadas, este <em>cluster<\/em> tem vindo a ser disruptivo para a log\u00edstica e transportes, inovando, criando conceitos, necessidades e elevados padr\u00f5es de qualidade.<\/p>\n<p>Trata-se de um setor muito exigente que carece de parceiros cred\u00edveis, confi\u00e1veis, que garantam a exequibilidade dos servi\u00e7os contratados com seguran\u00e7a, rigor no cumprimento dos prazos e m\u00e1xima fluidez da informa\u00e7\u00e3o.<\/p>\n<p>Neste \u00e2mbito, a <a href=\"https:\/\/www.rangel.com\/pt\/\" target=\"_blank\" rel=\"noopener noreferrer\">Rangel<\/a> \u00e9 j\u00e1 reconhecida no mercado por v\u00e1rios <em>players<\/em> de refer\u00eancia, que lhe confiam as suas exigentes e customizadas opera\u00e7\u00f5es log\u00edsticas, respeitando os elevados padr\u00f5es de qualidade exigidos.<\/p>\n<p>Com esta estrat\u00e9gia, a Rangel acompanha a tend\u00eancia do mercado portugu\u00eas, que \u00e9, hoje, considerado o 29.\u00ba produtor mundial de autom\u00f3veis e pretende ser um<em> driver<\/em> da inova\u00e7\u00e3o e da melhoria cont\u00ednua, a par das exig\u00eancias da ind\u00fastria, estrat\u00e9gia que passar\u00e1 pela ado\u00e7\u00e3o de novas tecnologias e digitaliza\u00e7\u00e3o das opera\u00e7\u00f5es.<\/p>\n","protected":false},"excerpt":{"rendered":"<p>Rangel Logistics Solutions foi a empresa&#8230;<\/p>\n","protected":false},"author":15,"featured_media":6869,"comment_status":"closed","ping_status":"closed","sticky":false,"template":"","format":"standard","meta":{"footnotes":""},"categories":[37],"tags":[819,830,829],"class_list":["post-6873","post","type-post","status-publish","format-standard","has-post-thumbnail","hentry","category-mercado","tag-mercado","tag-rangel","tag-volkswagen-autoeuropa"],"yoast_head":"<!-- This site is optimized with the Yoast SEO plugin v27.4 - https:\/\/yoast.com\/product\/yoast-seo-wordpress\/ -->\n<title>Volkswagen Autoeuropa contrata Rangel Logistics Solutions - Jornal das Oficinas<\/title>\n<meta name=\"robots\" content=\"index, follow, max-snippet:-1, max-image-preview:large, max-video-preview:-1\" \/>\n<link rel=\"canonical\" href=\"https:\/\/jornaldasoficinas.com\/pt\/volkswagen-autoeuropa-contrata-rangel\/\" \/>\n<meta property=\"og:locale\" content=\"pt_PT\" \/>\n<meta property=\"og:type\" content=\"article\" \/>\n<meta property=\"og:title\" content=\"Volkswagen Autoeuropa contrata Rangel Logistics Solutions - Jornal das Oficinas\" \/>\n<meta property=\"og:description\" content=\"Rangel Logistics Solutions foi a empresa...\" \/>\n<meta property=\"og:url\" content=\"https:\/\/jornaldasoficinas.com\/pt\/volkswagen-autoeuropa-contrata-rangel\/\" \/>\n<meta property=\"og:site_name\" content=\"Jornal das Oficinas\" \/>\n<meta property=\"article:publisher\" content=\"https:\/\/www.facebook.com\/jornaloficinas\" \/>\n<meta property=\"article:published_time\" content=\"2019-11-18T20:37:11+00:00\" \/>\n<meta property=\"article:modified_time\" content=\"2019-11-18T21:08:46+00:00\" \/>\n<meta property=\"og:image\" content=\"https:\/\/jornaldasoficinas.com\/pt\/wp-content\/uploads\/2019\/11\/Jornal_das_Oficinas_RANGEL-AUTOEUROPA-1.jpg\" \/>\n\t<meta property=\"og:image:width\" content=\"1024\" \/>\n\t<meta property=\"og:image:height\" content=\"581\" \/>\n\t<meta property=\"og:image:type\" content=\"image\/jpeg\" \/>\n<meta name=\"author\" content=\"Reda\u00e7\u00e3o JO\" \/>\n<meta name=\"twitter:card\" content=\"summary_large_image\" \/>\n<meta name=\"twitter:creator\" content=\"@jornaloficinas\" \/>\n<meta name=\"twitter:site\" content=\"@jornaloficinas\" \/>\n<meta name=\"twitter:label1\" content=\"Escrito por\" \/>\n\t<meta name=\"twitter:data1\" content=\"Reda\u00e7\u00e3o JO\" \/>\n\t<meta name=\"twitter:label2\" content=\"Tempo estimado de leitura\" \/>\n\t<meta name=\"twitter:data2\" content=\"2 minutos\" \/>\n<script type=\"application\/ld+json\" class=\"yoast-schema-graph\">{\"@context\":\"https:\\\/\\\/schema.org\",\"@graph\":[{\"@type\":\"Article\",\"@id\":\"https:\\\/\\\/jornaldasoficinas.com\\\/pt\\\/volkswagen-autoeuropa-contrata-rangel\\\/#article\",\"isPartOf\":{\"@id\":\"https:\\\/\\\/jornaldasoficinas.com\\\/pt\\\/volkswagen-autoeuropa-contrata-rangel\\\/\"},\"author\":{\"name\":\"Reda\u00e7\u00e3o JO\",\"@id\":\"https:\\\/\\\/jornaldasoficinas.com\\\/pt\\\/#\\\/schema\\\/person\\\/a38eef5de2c41d9e7c9ac10141afddf3\"},\"headline\":\"Volkswagen Autoeuropa contrata Rangel Logistics Solutions\",\"datePublished\":\"2019-11-18T20:37:11+00:00\",\"dateModified\":\"2019-11-18T21:08:46+00:00\",\"mainEntityOfPage\":{\"@id\":\"https:\\\/\\\/jornaldasoficinas.com\\\/pt\\\/volkswagen-autoeuropa-contrata-rangel\\\/\"},\"wordCount\":368,\"publisher\":{\"@id\":\"https:\\\/\\\/jornaldasoficinas.com\\\/pt\\\/#organization\"},\"image\":{\"@id\":\"https:\\\/\\\/jornaldasoficinas.com\\\/pt\\\/volkswagen-autoeuropa-contrata-rangel\\\/#primaryimage\"},\"thumbnailUrl\":\"https:\\\/\\\/jornaldasoficinas.com\\\/pt\\\/wp-content\\\/uploads\\\/2019\\\/11\\\/Jornal_das_Oficinas_RANGEL-AUTOEUROPA-1.jpg\",\"keywords\":[\"Mercado\",\"Rangel\",\"Volkswagen Autoeuropa\"],\"articleSection\":[\"Mercado\"],\"inLanguage\":\"pt-PT\"},{\"@type\":\"WebPage\",\"@id\":\"https:\\\/\\\/jornaldasoficinas.com\\\/pt\\\/volkswagen-autoeuropa-contrata-rangel\\\/\",\"url\":\"https:\\\/\\\/jornaldasoficinas.com\\\/pt\\\/volkswagen-autoeuropa-contrata-rangel\\\/\",\"name\":\"Volkswagen Autoeuropa contrata Rangel Logistics Solutions - Jornal das Oficinas\",\"isPartOf\":{\"@id\":\"https:\\\/\\\/jornaldasoficinas.com\\\/pt\\\/#website\"},\"primaryImageOfPage\":{\"@id\":\"https:\\\/\\\/jornaldasoficinas.com\\\/pt\\\/volkswagen-autoeuropa-contrata-rangel\\\/#primaryimage\"},\"image\":{\"@id\":\"https:\\\/\\\/jornaldasoficinas.com\\\/pt\\\/volkswagen-autoeuropa-contrata-rangel\\\/#primaryimage\"},\"thumbnailUrl\":\"https:\\\/\\\/jornaldasoficinas.com\\\/pt\\\/wp-content\\\/uploads\\\/2019\\\/11\\\/Jornal_das_Oficinas_RANGEL-AUTOEUROPA-1.jpg\",\"datePublished\":\"2019-11-18T20:37:11+00:00\",\"dateModified\":\"2019-11-18T21:08:46+00:00\",\"breadcrumb\":{\"@id\":\"https:\\\/\\\/jornaldasoficinas.com\\\/pt\\\/volkswagen-autoeuropa-contrata-rangel\\\/#breadcrumb\"},\"inLanguage\":\"pt-PT\",\"potentialAction\":[{\"@type\":\"ReadAction\",\"target\":[\"https:\\\/\\\/jornaldasoficinas.com\\\/pt\\\/volkswagen-autoeuropa-contrata-rangel\\\/\"]}]},{\"@type\":\"ImageObject\",\"inLanguage\":\"pt-PT\",\"@id\":\"https:\\\/\\\/jornaldasoficinas.com\\\/pt\\\/volkswagen-autoeuropa-contrata-rangel\\\/#primaryimage\",\"url\":\"https:\\\/\\\/jornaldasoficinas.com\\\/pt\\\/wp-content\\\/uploads\\\/2019\\\/11\\\/Jornal_das_Oficinas_RANGEL-AUTOEUROPA-1.jpg\",\"contentUrl\":\"https:\\\/\\\/jornaldasoficinas.com\\\/pt\\\/wp-content\\\/uploads\\\/2019\\\/11\\\/Jornal_das_Oficinas_RANGEL-AUTOEUROPA-1.jpg\",\"width\":1024,\"height\":581,\"caption\":\"11 - Jornal_das_Oficinas_RANGEL-AUTOEUROPA-1\"},{\"@type\":\"BreadcrumbList\",\"@id\":\"https:\\\/\\\/jornaldasoficinas.com\\\/pt\\\/volkswagen-autoeuropa-contrata-rangel\\\/#breadcrumb\",\"itemListElement\":[{\"@type\":\"ListItem\",\"position\":1,\"name\":\"In\u00edcio\",\"item\":\"https:\\\/\\\/jornaldasoficinas.com\\\/pt\\\/\"},{\"@type\":\"ListItem\",\"position\":2,\"name\":\"Volkswagen Autoeuropa contrata Rangel Logistics Solutions\"}]},{\"@type\":\"WebSite\",\"@id\":\"https:\\\/\\\/jornaldasoficinas.com\\\/pt\\\/#website\",\"url\":\"https:\\\/\\\/jornaldasoficinas.com\\\/pt\\\/\",\"name\":\"Jornal das Oficinas\",\"description\":\"Jornal independente do Aftermarket Autom\u00f3vel em Portugal\",\"publisher\":{\"@id\":\"https:\\\/\\\/jornaldasoficinas.com\\\/pt\\\/#organization\"},\"potentialAction\":[{\"@type\":\"SearchAction\",\"target\":{\"@type\":\"EntryPoint\",\"urlTemplate\":\"https:\\\/\\\/jornaldasoficinas.com\\\/pt\\\/?s={search_term_string}\"},\"query-input\":{\"@type\":\"PropertyValueSpecification\",\"valueRequired\":true,\"valueName\":\"search_term_string\"}}],\"inLanguage\":\"pt-PT\"},{\"@type\":\"Organization\",\"@id\":\"https:\\\/\\\/jornaldasoficinas.com\\\/pt\\\/#organization\",\"name\":\"Jornal das Oficinas\",\"url\":\"https:\\\/\\\/jornaldasoficinas.com\\\/pt\\\/\",\"logo\":{\"@type\":\"ImageObject\",\"inLanguage\":\"pt-PT\",\"@id\":\"https:\\\/\\\/jornaldasoficinas.com\\\/pt\\\/#\\\/schema\\\/logo\\\/image\\\/\",\"url\":\"https:\\\/\\\/jornaldasoficinas.com\\\/pt\\\/wp-content\\\/uploads\\\/logoJO-SEO.png\",\"contentUrl\":\"https:\\\/\\\/jornaldasoficinas.com\\\/pt\\\/wp-content\\\/uploads\\\/logoJO-SEO.png\",\"width\":285,\"height\":450,\"caption\":\"Jornal das Oficinas\"},\"image\":{\"@id\":\"https:\\\/\\\/jornaldasoficinas.com\\\/pt\\\/#\\\/schema\\\/logo\\\/image\\\/\"},\"sameAs\":[\"https:\\\/\\\/www.facebook.com\\\/jornaloficinas\",\"https:\\\/\\\/x.com\\\/jornaloficinas\",\"https:\\\/\\\/www.instagram.com\\\/jornal_oficinas\\\/\",\"https:\\\/\\\/www.linkedin.com\\\/company\\\/jornal-das-oficinas\\\/\",\"https:\\\/\\\/www.youtube.com\\\/channel\\\/UCbQZBqtcvV-oSQrr7RzINGg\"]},{\"@type\":\"Person\",\"@id\":\"https:\\\/\\\/jornaldasoficinas.com\\\/pt\\\/#\\\/schema\\\/person\\\/a38eef5de2c41d9e7c9ac10141afddf3\",\"name\":\"Reda\u00e7\u00e3o JO\",\"image\":{\"@type\":\"ImageObject\",\"inLanguage\":\"pt-PT\",\"@id\":\"https:\\\/\\\/secure.gravatar.com\\\/avatar\\\/71f2fa71737ad68a84fea94bc708ddac8ea5b0c4788dc2ad202f3ccb2887742f?s=96&d=wp_user_avatar&r=g\",\"url\":\"https:\\\/\\\/secure.gravatar.com\\\/avatar\\\/71f2fa71737ad68a84fea94bc708ddac8ea5b0c4788dc2ad202f3ccb2887742f?s=96&d=wp_user_avatar&r=g\",\"contentUrl\":\"https:\\\/\\\/secure.gravatar.com\\\/avatar\\\/71f2fa71737ad68a84fea94bc708ddac8ea5b0c4788dc2ad202f3ccb2887742f?s=96&d=wp_user_avatar&r=g\",\"caption\":\"Reda\u00e7\u00e3o JO\"},\"url\":\"https:\\\/\\\/jornaldasoficinas.com\\\/pt\\\/author\\\/joredacao\\\/\"}]}<\/script>\n<!-- \/ Yoast SEO plugin. -->","yoast_head_json":{"title":"Volkswagen Autoeuropa contrata Rangel Logistics Solutions - Jornal das Oficinas","robots":{"index":"index","follow":"follow","max-snippet":"max-snippet:-1","max-image-preview":"max-image-preview:large","max-video-preview":"max-video-preview:-1"},"canonical":"https:\/\/jornaldasoficinas.com\/pt\/volkswagen-autoeuropa-contrata-rangel\/","og_locale":"pt_PT","og_type":"article","og_title":"Volkswagen Autoeuropa contrata Rangel Logistics Solutions - Jornal das Oficinas","og_description":"Rangel Logistics Solutions foi a empresa...","og_url":"https:\/\/jornaldasoficinas.com\/pt\/volkswagen-autoeuropa-contrata-rangel\/","og_site_name":"Jornal das Oficinas","article_publisher":"https:\/\/www.facebook.com\/jornaloficinas","article_published_time":"2019-11-18T20:37:11+00:00","article_modified_time":"2019-11-18T21:08:46+00:00","og_image":[{"width":1024,"height":581,"url":"https:\/\/jornaldasoficinas.com\/pt\/wp-content\/uploads\/2019\/11\/Jornal_das_Oficinas_RANGEL-AUTOEUROPA-1.jpg","type":"image\/jpeg"}],"author":"Reda\u00e7\u00e3o JO","twitter_card":"summary_large_image","twitter_creator":"@jornaloficinas","twitter_site":"@jornaloficinas","twitter_misc":{"Escrito por":"Reda\u00e7\u00e3o JO","Tempo estimado de leitura":"2 minutos"},"schema":{"@context":"https:\/\/schema.org","@graph":[{"@type":"Article","@id":"https:\/\/jornaldasoficinas.com\/pt\/volkswagen-autoeuropa-contrata-rangel\/#article","isPartOf":{"@id":"https:\/\/jornaldasoficinas.com\/pt\/volkswagen-autoeuropa-contrata-rangel\/"},"author":{"name":"Reda\u00e7\u00e3o JO","@id":"https:\/\/jornaldasoficinas.com\/pt\/#\/schema\/person\/a38eef5de2c41d9e7c9ac10141afddf3"},"headline":"Volkswagen Autoeuropa contrata Rangel Logistics Solutions","datePublished":"2019-11-18T20:37:11+00:00","dateModified":"2019-11-18T21:08:46+00:00","mainEntityOfPage":{"@id":"https:\/\/jornaldasoficinas.com\/pt\/volkswagen-autoeuropa-contrata-rangel\/"},"wordCount":368,"publisher":{"@id":"https:\/\/jornaldasoficinas.com\/pt\/#organization"},"image":{"@id":"https:\/\/jornaldasoficinas.com\/pt\/volkswagen-autoeuropa-contrata-rangel\/#primaryimage"},"thumbnailUrl":"https:\/\/jornaldasoficinas.com\/pt\/wp-content\/uploads\/2019\/11\/Jornal_das_Oficinas_RANGEL-AUTOEUROPA-1.jpg","keywords":["Mercado","Rangel","Volkswagen Autoeuropa"],"articleSection":["Mercado"],"inLanguage":"pt-PT"},{"@type":"WebPage","@id":"https:\/\/jornaldasoficinas.com\/pt\/volkswagen-autoeuropa-contrata-rangel\/","url":"https:\/\/jornaldasoficinas.com\/pt\/volkswagen-autoeuropa-contrata-rangel\/","name":"Volkswagen Autoeuropa contrata Rangel Logistics Solutions - Jornal das Oficinas","isPartOf":{"@id":"https:\/\/jornaldasoficinas.com\/pt\/#website"},"primaryImageOfPage":{"@id":"https:\/\/jornaldasoficinas.com\/pt\/volkswagen-autoeuropa-contrata-rangel\/#primaryimage"},"image":{"@id":"https:\/\/jornaldasoficinas.com\/pt\/volkswagen-autoeuropa-contrata-rangel\/#primaryimage"},"thumbnailUrl":"https:\/\/jornaldasoficinas.com\/pt\/wp-content\/uploads\/2019\/11\/Jornal_das_Oficinas_RANGEL-AUTOEUROPA-1.jpg","datePublished":"2019-11-18T20:37:11+00:00","dateModified":"2019-11-18T21:08:46+00:00","breadcrumb":{"@id":"https:\/\/jornaldasoficinas.com\/pt\/volkswagen-autoeuropa-contrata-rangel\/#breadcrumb"},"inLanguage":"pt-PT","potentialAction":[{"@type":"ReadAction","target":["https:\/\/jornaldasoficinas.com\/pt\/volkswagen-autoeuropa-contrata-rangel\/"]}]},{"@type":"ImageObject","inLanguage":"pt-PT","@id":"https:\/\/jornaldasoficinas.com\/pt\/volkswagen-autoeuropa-contrata-rangel\/#primaryimage","url":"https:\/\/jornaldasoficinas.com\/pt\/wp-content\/uploads\/2019\/11\/Jornal_das_Oficinas_RANGEL-AUTOEUROPA-1.jpg","contentUrl":"https:\/\/jornaldasoficinas.com\/pt\/wp-content\/uploads\/2019\/11\/Jornal_das_Oficinas_RANGEL-AUTOEUROPA-1.jpg","width":1024,"height":581,"caption":"11 - Jornal_das_Oficinas_RANGEL-AUTOEUROPA-1"},{"@type":"BreadcrumbList","@id":"https:\/\/jornaldasoficinas.com\/pt\/volkswagen-autoeuropa-contrata-rangel\/#breadcrumb","itemListElement":[{"@type":"ListItem","position":1,"name":"In\u00edcio","item":"https:\/\/jornaldasoficinas.com\/pt\/"},{"@type":"ListItem","position":2,"name":"Volkswagen Autoeuropa contrata Rangel Logistics Solutions"}]},{"@type":"WebSite","@id":"https:\/\/jornaldasoficinas.com\/pt\/#website","url":"https:\/\/jornaldasoficinas.com\/pt\/","name":"Jornal das Oficinas","description":"Jornal independente do Aftermarket Autom\u00f3vel em Portugal","publisher":{"@id":"https:\/\/jornaldasoficinas.com\/pt\/#organization"},"potentialAction":[{"@type":"SearchAction","target":{"@type":"EntryPoint","urlTemplate":"https:\/\/jornaldasoficinas.com\/pt\/?s={search_term_string}"},"query-input":{"@type":"PropertyValueSpecification","valueRequired":true,"valueName":"search_term_string"}}],"inLanguage":"pt-PT"},{"@type":"Organization","@id":"https:\/\/jornaldasoficinas.com\/pt\/#organization","name":"Jornal das Oficinas","url":"https:\/\/jornaldasoficinas.com\/pt\/","logo":{"@type":"ImageObject","inLanguage":"pt-PT","@id":"https:\/\/jornaldasoficinas.com\/pt\/#\/schema\/logo\/image\/","url":"https:\/\/jornaldasoficinas.com\/pt\/wp-content\/uploads\/logoJO-SEO.png","contentUrl":"https:\/\/jornaldasoficinas.com\/pt\/wp-content\/uploads\/logoJO-SEO.png","width":285,"height":450,"caption":"Jornal das Oficinas"},"image":{"@id":"https:\/\/jornaldasoficinas.com\/pt\/#\/schema\/logo\/image\/"},"sameAs":["https:\/\/www.facebook.com\/jornaloficinas","https:\/\/x.com\/jornaloficinas","https:\/\/www.instagram.com\/jornal_oficinas\/","https:\/\/www.linkedin.com\/company\/jornal-das-oficinas\/","https:\/\/www.youtube.com\/channel\/UCbQZBqtcvV-oSQrr7RzINGg"]},{"@type":"Person","@id":"https:\/\/jornaldasoficinas.com\/pt\/#\/schema\/person\/a38eef5de2c41d9e7c9ac10141afddf3","name":"Reda\u00e7\u00e3o JO","image":{"@type":"ImageObject","inLanguage":"pt-PT","@id":"https:\/\/secure.gravatar.com\/avatar\/71f2fa71737ad68a84fea94bc708ddac8ea5b0c4788dc2ad202f3ccb2887742f?s=96&d=wp_user_avatar&r=g","url":"https:\/\/secure.gravatar.com\/avatar\/71f2fa71737ad68a84fea94bc708ddac8ea5b0c4788dc2ad202f3ccb2887742f?s=96&d=wp_user_avatar&r=g","contentUrl":"https:\/\/secure.gravatar.com\/avatar\/71f2fa71737ad68a84fea94bc708ddac8ea5b0c4788dc2ad202f3ccb2887742f?s=96&d=wp_user_avatar&r=g","caption":"Reda\u00e7\u00e3o JO"},"url":"https:\/\/jornaldasoficinas.com\/pt\/author\/joredacao\/"}]}},"_links":{"self":[{"href":"https:\/\/jornaldasoficinas.com\/pt\/wp-json\/wp\/v2\/posts\/6873","targetHints":{"allow":["GET"]}}],"collection":[{"href":"https:\/\/jornaldasoficinas.com\/pt\/wp-json\/wp\/v2\/posts"}],"about":[{"href":"https:\/\/jornaldasoficinas.com\/pt\/wp-json\/wp\/v2\/types\/post"}],"author":[{"embeddable":true,"href":"https:\/\/jornaldasoficinas.com\/pt\/wp-json\/wp\/v2\/users\/15"}],"replies":[{"embeddable":true,"href":"https:\/\/jornaldasoficinas.com\/pt\/wp-json\/wp\/v2\/comments?post=6873"}],"version-history":[{"count":0,"href":"https:\/\/jornaldasoficinas.com\/pt\/wp-json\/wp\/v2\/posts\/6873\/revisions"}],"wp:featuredmedia":[{"embeddable":true,"href":"https:\/\/jornaldasoficinas.com\/pt\/wp-json\/wp\/v2\/media\/6869"}],"wp:attachment":[{"href":"https:\/\/jornaldasoficinas.com\/pt\/wp-json\/wp\/v2\/media?parent=6873"}],"wp:term":[{"taxonomy":"category","embeddable":true,"href":"https:\/\/jornaldasoficinas.com\/pt\/wp-json\/wp\/v2\/categories?post=6873"},{"taxonomy":"post_tag","embeddable":true,"href":"https:\/\/jornaldasoficinas.com\/pt\/wp-json\/wp\/v2\/tags?post=6873"}],"curies":[{"name":"wp","href":"https:\/\/api.w.org\/{rel}","templated":true}]}}