{"id":68732,"date":"2023-07-04T12:30:53","date_gmt":"2023-07-04T11:30:53","guid":{"rendered":"https:\/\/jornaldasoficinas.com\/pt\/?p=68732"},"modified":"2023-07-04T09:09:19","modified_gmt":"2023-07-04T08:09:19","slug":"fabricacao-venting-units-by-mann-hummel-acontece-em-saragoca","status":"publish","type":"post","link":"https:\/\/jornaldasoficinas.com\/pt\/fabricacao-venting-units-by-mann-hummel-acontece-em-saragoca\/","title":{"rendered":"Fabrica\u00e7\u00e3o Venting Units by MANN + HUMMEL acontece em Sarago\u00e7a"},"content":{"rendered":"<p><img loading=\"lazy\" decoding=\"async\" class=\"size-full wp-image-68704\" src=\"https:\/\/jornaldasoficinas.com\/pt\/wp-content\/uploads\/2023\/07\/Fabricacao-Venting-Units-by-MANN-HUMMEL-acontece-em-Saragoca.jpg\" alt=\"07 - Fabricacao Venting Units by MANN HUMMEL acontece em Saragoca\" width=\"1024\" height=\"581\" srcset=\"https:\/\/jornaldasoficinas.com\/pt\/wp-content\/uploads\/2023\/07\/Fabricacao-Venting-Units-by-MANN-HUMMEL-acontece-em-Saragoca.jpg 1024w, https:\/\/jornaldasoficinas.com\/pt\/wp-content\/uploads\/2023\/07\/Fabricacao-Venting-Units-by-MANN-HUMMEL-acontece-em-Saragoca-300x170.jpg 300w, https:\/\/jornaldasoficinas.com\/pt\/wp-content\/uploads\/2023\/07\/Fabricacao-Venting-Units-by-MANN-HUMMEL-acontece-em-Saragoca-150x85.jpg 150w, https:\/\/jornaldasoficinas.com\/pt\/wp-content\/uploads\/2023\/07\/Fabricacao-Venting-Units-by-MANN-HUMMEL-acontece-em-Saragoca-768x436.jpg 768w\" sizes=\"auto, (max-width: 1024px) 100vw, 1024px\" \/><\/p>\n<p><strong>A <a href=\"https:\/\/www.mann-hummel.com\/en.html\" target=\"_blank\" rel=\"noopener\">MANN+HUMMEL<\/a> decidiu que a sua f\u00e1brica em Sarago\u00e7a ser\u00e1 para o fabrico exclusivo na Europa dos seus sistemas de ventila\u00e7\u00e3o para baterias de ve\u00edculos el\u00e9tricos, os Venting Units<\/strong><\/p>\n<p>\u201cO Grupo escolheu a nossa f\u00e1brica em Sarago\u00e7a, tendo em conta a idoneidade da linha de produ\u00e7\u00e3o, com amplas instala\u00e7\u00f5es equipadas com tecnologia de ponta, a localiza\u00e7\u00e3o estrat\u00e9gica das nossas instala\u00e7\u00f5es de distribui\u00e7\u00e3o, bem como o conhecimento e a experi\u00eancia do pessoal\u201d, explicou Elena Latorre, diretora geral da MANN+HUMMEL Ib\u00e9rica\u201d.<\/p>\n<p>\u201cA previs\u00e3o para a abertura desta nova linha de produ\u00e7\u00e3o significa um refor\u00e7o nos resultados da nossa empresa\u201d, destacou Latorre, al\u00e9m de \u201cnos posicionarmos como parceiros dos nossos clientes em termos de ve\u00edculos eletrificados\u201d, referiu.<\/p>\n<p>A fun\u00e7\u00e3o dos Venting Units \u00e9 a prote\u00e7\u00e3o das potentes baterias de alta tens\u00e3o que s\u00e3o o n\u00facleo da mobilidade el\u00e9trica, impedindo a entrada de \u00e1gua e poeira e compensando as diferen\u00e7as de press\u00e3o causadas por mudan\u00e7as na temperatura ambiente ou diferen\u00e7as de altitude. Flutua\u00e7\u00f5es de press\u00e3o maiores podem afetar seriamente o aperto da caixa da bateria e, portanto, tamb\u00e9m podem ter um efeito negativo no desempenho da bateria. Em casos extremos, cuidar\u00e3o de permitir a desgaseifica\u00e7\u00e3o de emerg\u00eancia em caso de sobrepress\u00e3o no interior do sistema de baterias causada pelo ac\u00famulo de gases provenientes do desgaste das c\u00e9lulas; tornando-se assim um elemento essencial no funcionamento das baterias.<\/p>\n<p>O desenvolvimento e futuro do neg\u00f3cio destas unidades de desgaseifica\u00e7\u00e3o responde a uma clara aposta da empresa alem\u00e3 na diversifica\u00e7\u00e3o para o fabrico e comercializa\u00e7\u00e3o de produtos focados em novas formas de mobilidade.<\/p>\n","protected":false},"excerpt":{"rendered":"<p>A MANN+HUMMEL decidiu que a sua&#8230;<\/p>\n","protected":false},"author":15,"featured_media":68704,"comment_status":"closed","ping_status":"closed","sticky":false,"template":"","format":"standard","meta":{"footnotes":""},"categories":[29],"tags":[223,5785,5784],"class_list":["post-68732","post","type-post","status-publish","format-standard","has-post-thumbnail","hentry","category-empresas","tag-mannhummel","tag-saragoca","tag-venting-units"],"yoast_head":"<!-- This site is optimized with the Yoast SEO plugin v27.4 - https:\/\/yoast.com\/product\/yoast-seo-wordpress\/ -->\n<title>Fabrica\u00e7\u00e3o Venting Units by MANN + HUMMEL acontece em Sarago\u00e7a - Jornal das Oficinas<\/title>\n<meta name=\"description\" content=\"A MANN+HUMMEL decidiu que a sua f\u00e1brica em Sarago\u00e7a ser\u00e1 para o fabrico exclusivo na Europa dos seus os Venting Units\" \/>\n<meta name=\"robots\" content=\"index, follow, max-snippet:-1, max-image-preview:large, max-video-preview:-1\" \/>\n<link rel=\"canonical\" href=\"https:\/\/jornaldasoficinas.com\/pt\/fabricacao-venting-units-by-mann-hummel-acontece-em-saragoca\/\" \/>\n<meta property=\"og:locale\" content=\"pt_PT\" \/>\n<meta property=\"og:type\" content=\"article\" \/>\n<meta property=\"og:title\" content=\"Fabrica\u00e7\u00e3o Venting Units by MANN + HUMMEL acontece em Sarago\u00e7a - Jornal das Oficinas\" \/>\n<meta property=\"og:description\" content=\"A MANN+HUMMEL decidiu que a sua f\u00e1brica em Sarago\u00e7a ser\u00e1 para o fabrico exclusivo na Europa dos seus os Venting Units\" \/>\n<meta property=\"og:url\" content=\"https:\/\/jornaldasoficinas.com\/pt\/fabricacao-venting-units-by-mann-hummel-acontece-em-saragoca\/\" \/>\n<meta property=\"og:site_name\" content=\"Jornal das Oficinas\" \/>\n<meta property=\"article:publisher\" content=\"https:\/\/www.facebook.com\/jornaloficinas\" \/>\n<meta property=\"article:published_time\" content=\"2023-07-04T11:30:53+00:00\" \/>\n<meta property=\"og:image\" content=\"https:\/\/jornaldasoficinas.com\/pt\/wp-content\/uploads\/2023\/07\/Fabricacao-Venting-Units-by-MANN-HUMMEL-acontece-em-Saragoca.jpg\" \/>\n\t<meta property=\"og:image:width\" content=\"1024\" \/>\n\t<meta property=\"og:image:height\" content=\"581\" \/>\n\t<meta property=\"og:image:type\" content=\"image\/jpeg\" \/>\n<meta name=\"author\" content=\"Reda\u00e7\u00e3o JO\" \/>\n<meta name=\"twitter:card\" content=\"summary_large_image\" \/>\n<meta name=\"twitter:creator\" content=\"@jornaloficinas\" \/>\n<meta name=\"twitter:site\" content=\"@jornaloficinas\" \/>\n<meta name=\"twitter:label1\" content=\"Escrito por\" \/>\n\t<meta name=\"twitter:data1\" content=\"Reda\u00e7\u00e3o JO\" \/>\n\t<meta name=\"twitter:label2\" content=\"Tempo estimado de leitura\" \/>\n\t<meta name=\"twitter:data2\" content=\"1 minuto\" \/>\n<script type=\"application\/ld+json\" class=\"yoast-schema-graph\">{\"@context\":\"https:\\\/\\\/schema.org\",\"@graph\":[{\"@type\":\"Article\",\"@id\":\"https:\\\/\\\/jornaldasoficinas.com\\\/pt\\\/fabricacao-venting-units-by-mann-hummel-acontece-em-saragoca\\\/#article\",\"isPartOf\":{\"@id\":\"https:\\\/\\\/jornaldasoficinas.com\\\/pt\\\/fabricacao-venting-units-by-mann-hummel-acontece-em-saragoca\\\/\"},\"author\":{\"name\":\"Reda\u00e7\u00e3o JO\",\"@id\":\"https:\\\/\\\/jornaldasoficinas.com\\\/pt\\\/#\\\/schema\\\/person\\\/a38eef5de2c41d9e7c9ac10141afddf3\"},\"headline\":\"Fabrica\u00e7\u00e3o Venting Units by MANN + HUMMEL acontece em Sarago\u00e7a\",\"datePublished\":\"2023-07-04T11:30:53+00:00\",\"mainEntityOfPage\":{\"@id\":\"https:\\\/\\\/jornaldasoficinas.com\\\/pt\\\/fabricacao-venting-units-by-mann-hummel-acontece-em-saragoca\\\/\"},\"wordCount\":310,\"publisher\":{\"@id\":\"https:\\\/\\\/jornaldasoficinas.com\\\/pt\\\/#organization\"},\"image\":{\"@id\":\"https:\\\/\\\/jornaldasoficinas.com\\\/pt\\\/fabricacao-venting-units-by-mann-hummel-acontece-em-saragoca\\\/#primaryimage\"},\"thumbnailUrl\":\"https:\\\/\\\/jornaldasoficinas.com\\\/pt\\\/wp-content\\\/uploads\\\/2023\\\/07\\\/Fabricacao-Venting-Units-by-MANN-HUMMEL-acontece-em-Saragoca.jpg\",\"keywords\":[\"MANN+HUMMEL\",\"Sarago\u00e7a\",\"Venting Units\"],\"articleSection\":[\"Empresas\"],\"inLanguage\":\"pt-PT\"},{\"@type\":\"WebPage\",\"@id\":\"https:\\\/\\\/jornaldasoficinas.com\\\/pt\\\/fabricacao-venting-units-by-mann-hummel-acontece-em-saragoca\\\/\",\"url\":\"https:\\\/\\\/jornaldasoficinas.com\\\/pt\\\/fabricacao-venting-units-by-mann-hummel-acontece-em-saragoca\\\/\",\"name\":\"Fabrica\u00e7\u00e3o Venting Units by MANN + HUMMEL acontece em Sarago\u00e7a - Jornal das Oficinas\",\"isPartOf\":{\"@id\":\"https:\\\/\\\/jornaldasoficinas.com\\\/pt\\\/#website\"},\"primaryImageOfPage\":{\"@id\":\"https:\\\/\\\/jornaldasoficinas.com\\\/pt\\\/fabricacao-venting-units-by-mann-hummel-acontece-em-saragoca\\\/#primaryimage\"},\"image\":{\"@id\":\"https:\\\/\\\/jornaldasoficinas.com\\\/pt\\\/fabricacao-venting-units-by-mann-hummel-acontece-em-saragoca\\\/#primaryimage\"},\"thumbnailUrl\":\"https:\\\/\\\/jornaldasoficinas.com\\\/pt\\\/wp-content\\\/uploads\\\/2023\\\/07\\\/Fabricacao-Venting-Units-by-MANN-HUMMEL-acontece-em-Saragoca.jpg\",\"datePublished\":\"2023-07-04T11:30:53+00:00\",\"description\":\"A MANN+HUMMEL decidiu que a sua f\u00e1brica em Sarago\u00e7a ser\u00e1 para o fabrico exclusivo na Europa dos seus os Venting Units\",\"breadcrumb\":{\"@id\":\"https:\\\/\\\/jornaldasoficinas.com\\\/pt\\\/fabricacao-venting-units-by-mann-hummel-acontece-em-saragoca\\\/#breadcrumb\"},\"inLanguage\":\"pt-PT\",\"potentialAction\":[{\"@type\":\"ReadAction\",\"target\":[\"https:\\\/\\\/jornaldasoficinas.com\\\/pt\\\/fabricacao-venting-units-by-mann-hummel-acontece-em-saragoca\\\/\"]}]},{\"@type\":\"ImageObject\",\"inLanguage\":\"pt-PT\",\"@id\":\"https:\\\/\\\/jornaldasoficinas.com\\\/pt\\\/fabricacao-venting-units-by-mann-hummel-acontece-em-saragoca\\\/#primaryimage\",\"url\":\"https:\\\/\\\/jornaldasoficinas.com\\\/pt\\\/wp-content\\\/uploads\\\/2023\\\/07\\\/Fabricacao-Venting-Units-by-MANN-HUMMEL-acontece-em-Saragoca.jpg\",\"contentUrl\":\"https:\\\/\\\/jornaldasoficinas.com\\\/pt\\\/wp-content\\\/uploads\\\/2023\\\/07\\\/Fabricacao-Venting-Units-by-MANN-HUMMEL-acontece-em-Saragoca.jpg\",\"width\":1024,\"height\":581,\"caption\":\"Zaragoza\"},{\"@type\":\"BreadcrumbList\",\"@id\":\"https:\\\/\\\/jornaldasoficinas.com\\\/pt\\\/fabricacao-venting-units-by-mann-hummel-acontece-em-saragoca\\\/#breadcrumb\",\"itemListElement\":[{\"@type\":\"ListItem\",\"position\":1,\"name\":\"In\u00edcio\",\"item\":\"https:\\\/\\\/jornaldasoficinas.com\\\/pt\\\/\"},{\"@type\":\"ListItem\",\"position\":2,\"name\":\"Fabrica\u00e7\u00e3o Venting Units by MANN + HUMMEL acontece em Sarago\u00e7a\"}]},{\"@type\":\"WebSite\",\"@id\":\"https:\\\/\\\/jornaldasoficinas.com\\\/pt\\\/#website\",\"url\":\"https:\\\/\\\/jornaldasoficinas.com\\\/pt\\\/\",\"name\":\"Jornal das Oficinas\",\"description\":\"Jornal independente do Aftermarket Autom\u00f3vel em Portugal\",\"publisher\":{\"@id\":\"https:\\\/\\\/jornaldasoficinas.com\\\/pt\\\/#organization\"},\"potentialAction\":[{\"@type\":\"SearchAction\",\"target\":{\"@type\":\"EntryPoint\",\"urlTemplate\":\"https:\\\/\\\/jornaldasoficinas.com\\\/pt\\\/?s={search_term_string}\"},\"query-input\":{\"@type\":\"PropertyValueSpecification\",\"valueRequired\":true,\"valueName\":\"search_term_string\"}}],\"inLanguage\":\"pt-PT\"},{\"@type\":\"Organization\",\"@id\":\"https:\\\/\\\/jornaldasoficinas.com\\\/pt\\\/#organization\",\"name\":\"Jornal das Oficinas\",\"url\":\"https:\\\/\\\/jornaldasoficinas.com\\\/pt\\\/\",\"logo\":{\"@type\":\"ImageObject\",\"inLanguage\":\"pt-PT\",\"@id\":\"https:\\\/\\\/jornaldasoficinas.com\\\/pt\\\/#\\\/schema\\\/logo\\\/image\\\/\",\"url\":\"https:\\\/\\\/jornaldasoficinas.com\\\/pt\\\/wp-content\\\/uploads\\\/logoJO-SEO.png\",\"contentUrl\":\"https:\\\/\\\/jornaldasoficinas.com\\\/pt\\\/wp-content\\\/uploads\\\/logoJO-SEO.png\",\"width\":285,\"height\":450,\"caption\":\"Jornal das Oficinas\"},\"image\":{\"@id\":\"https:\\\/\\\/jornaldasoficinas.com\\\/pt\\\/#\\\/schema\\\/logo\\\/image\\\/\"},\"sameAs\":[\"https:\\\/\\\/www.facebook.com\\\/jornaloficinas\",\"https:\\\/\\\/x.com\\\/jornaloficinas\",\"https:\\\/\\\/www.instagram.com\\\/jornal_oficinas\\\/\",\"https:\\\/\\\/www.linkedin.com\\\/company\\\/jornal-das-oficinas\\\/\",\"https:\\\/\\\/www.youtube.com\\\/channel\\\/UCbQZBqtcvV-oSQrr7RzINGg\"]},{\"@type\":\"Person\",\"@id\":\"https:\\\/\\\/jornaldasoficinas.com\\\/pt\\\/#\\\/schema\\\/person\\\/a38eef5de2c41d9e7c9ac10141afddf3\",\"name\":\"Reda\u00e7\u00e3o JO\",\"image\":{\"@type\":\"ImageObject\",\"inLanguage\":\"pt-PT\",\"@id\":\"https:\\\/\\\/secure.gravatar.com\\\/avatar\\\/71f2fa71737ad68a84fea94bc708ddac8ea5b0c4788dc2ad202f3ccb2887742f?s=96&d=wp_user_avatar&r=g\",\"url\":\"https:\\\/\\\/secure.gravatar.com\\\/avatar\\\/71f2fa71737ad68a84fea94bc708ddac8ea5b0c4788dc2ad202f3ccb2887742f?s=96&d=wp_user_avatar&r=g\",\"contentUrl\":\"https:\\\/\\\/secure.gravatar.com\\\/avatar\\\/71f2fa71737ad68a84fea94bc708ddac8ea5b0c4788dc2ad202f3ccb2887742f?s=96&d=wp_user_avatar&r=g\",\"caption\":\"Reda\u00e7\u00e3o JO\"},\"url\":\"https:\\\/\\\/jornaldasoficinas.com\\\/pt\\\/author\\\/joredacao\\\/\"}]}<\/script>\n<!-- \/ Yoast SEO plugin. -->","yoast_head_json":{"title":"Fabrica\u00e7\u00e3o Venting Units by MANN + HUMMEL acontece em Sarago\u00e7a - Jornal das Oficinas","description":"A MANN+HUMMEL decidiu que a sua f\u00e1brica em Sarago\u00e7a ser\u00e1 para o fabrico exclusivo na Europa dos seus os Venting Units","robots":{"index":"index","follow":"follow","max-snippet":"max-snippet:-1","max-image-preview":"max-image-preview:large","max-video-preview":"max-video-preview:-1"},"canonical":"https:\/\/jornaldasoficinas.com\/pt\/fabricacao-venting-units-by-mann-hummel-acontece-em-saragoca\/","og_locale":"pt_PT","og_type":"article","og_title":"Fabrica\u00e7\u00e3o Venting Units by MANN + HUMMEL acontece em Sarago\u00e7a - Jornal das Oficinas","og_description":"A MANN+HUMMEL decidiu que a sua f\u00e1brica em Sarago\u00e7a ser\u00e1 para o fabrico exclusivo na Europa dos seus os Venting Units","og_url":"https:\/\/jornaldasoficinas.com\/pt\/fabricacao-venting-units-by-mann-hummel-acontece-em-saragoca\/","og_site_name":"Jornal das Oficinas","article_publisher":"https:\/\/www.facebook.com\/jornaloficinas","article_published_time":"2023-07-04T11:30:53+00:00","og_image":[{"width":1024,"height":581,"url":"https:\/\/jornaldasoficinas.com\/pt\/wp-content\/uploads\/2023\/07\/Fabricacao-Venting-Units-by-MANN-HUMMEL-acontece-em-Saragoca.jpg","type":"image\/jpeg"}],"author":"Reda\u00e7\u00e3o JO","twitter_card":"summary_large_image","twitter_creator":"@jornaloficinas","twitter_site":"@jornaloficinas","twitter_misc":{"Escrito por":"Reda\u00e7\u00e3o JO","Tempo estimado de leitura":"1 minuto"},"schema":{"@context":"https:\/\/schema.org","@graph":[{"@type":"Article","@id":"https:\/\/jornaldasoficinas.com\/pt\/fabricacao-venting-units-by-mann-hummel-acontece-em-saragoca\/#article","isPartOf":{"@id":"https:\/\/jornaldasoficinas.com\/pt\/fabricacao-venting-units-by-mann-hummel-acontece-em-saragoca\/"},"author":{"name":"Reda\u00e7\u00e3o JO","@id":"https:\/\/jornaldasoficinas.com\/pt\/#\/schema\/person\/a38eef5de2c41d9e7c9ac10141afddf3"},"headline":"Fabrica\u00e7\u00e3o Venting Units by MANN + HUMMEL acontece em Sarago\u00e7a","datePublished":"2023-07-04T11:30:53+00:00","mainEntityOfPage":{"@id":"https:\/\/jornaldasoficinas.com\/pt\/fabricacao-venting-units-by-mann-hummel-acontece-em-saragoca\/"},"wordCount":310,"publisher":{"@id":"https:\/\/jornaldasoficinas.com\/pt\/#organization"},"image":{"@id":"https:\/\/jornaldasoficinas.com\/pt\/fabricacao-venting-units-by-mann-hummel-acontece-em-saragoca\/#primaryimage"},"thumbnailUrl":"https:\/\/jornaldasoficinas.com\/pt\/wp-content\/uploads\/2023\/07\/Fabricacao-Venting-Units-by-MANN-HUMMEL-acontece-em-Saragoca.jpg","keywords":["MANN+HUMMEL","Sarago\u00e7a","Venting Units"],"articleSection":["Empresas"],"inLanguage":"pt-PT"},{"@type":"WebPage","@id":"https:\/\/jornaldasoficinas.com\/pt\/fabricacao-venting-units-by-mann-hummel-acontece-em-saragoca\/","url":"https:\/\/jornaldasoficinas.com\/pt\/fabricacao-venting-units-by-mann-hummel-acontece-em-saragoca\/","name":"Fabrica\u00e7\u00e3o Venting Units by MANN + HUMMEL acontece em Sarago\u00e7a - Jornal das Oficinas","isPartOf":{"@id":"https:\/\/jornaldasoficinas.com\/pt\/#website"},"primaryImageOfPage":{"@id":"https:\/\/jornaldasoficinas.com\/pt\/fabricacao-venting-units-by-mann-hummel-acontece-em-saragoca\/#primaryimage"},"image":{"@id":"https:\/\/jornaldasoficinas.com\/pt\/fabricacao-venting-units-by-mann-hummel-acontece-em-saragoca\/#primaryimage"},"thumbnailUrl":"https:\/\/jornaldasoficinas.com\/pt\/wp-content\/uploads\/2023\/07\/Fabricacao-Venting-Units-by-MANN-HUMMEL-acontece-em-Saragoca.jpg","datePublished":"2023-07-04T11:30:53+00:00","description":"A MANN+HUMMEL decidiu que a sua f\u00e1brica em Sarago\u00e7a ser\u00e1 para o fabrico exclusivo na Europa dos seus os Venting Units","breadcrumb":{"@id":"https:\/\/jornaldasoficinas.com\/pt\/fabricacao-venting-units-by-mann-hummel-acontece-em-saragoca\/#breadcrumb"},"inLanguage":"pt-PT","potentialAction":[{"@type":"ReadAction","target":["https:\/\/jornaldasoficinas.com\/pt\/fabricacao-venting-units-by-mann-hummel-acontece-em-saragoca\/"]}]},{"@type":"ImageObject","inLanguage":"pt-PT","@id":"https:\/\/jornaldasoficinas.com\/pt\/fabricacao-venting-units-by-mann-hummel-acontece-em-saragoca\/#primaryimage","url":"https:\/\/jornaldasoficinas.com\/pt\/wp-content\/uploads\/2023\/07\/Fabricacao-Venting-Units-by-MANN-HUMMEL-acontece-em-Saragoca.jpg","contentUrl":"https:\/\/jornaldasoficinas.com\/pt\/wp-content\/uploads\/2023\/07\/Fabricacao-Venting-Units-by-MANN-HUMMEL-acontece-em-Saragoca.jpg","width":1024,"height":581,"caption":"Zaragoza"},{"@type":"BreadcrumbList","@id":"https:\/\/jornaldasoficinas.com\/pt\/fabricacao-venting-units-by-mann-hummel-acontece-em-saragoca\/#breadcrumb","itemListElement":[{"@type":"ListItem","position":1,"name":"In\u00edcio","item":"https:\/\/jornaldasoficinas.com\/pt\/"},{"@type":"ListItem","position":2,"name":"Fabrica\u00e7\u00e3o Venting Units by MANN + HUMMEL acontece em Sarago\u00e7a"}]},{"@type":"WebSite","@id":"https:\/\/jornaldasoficinas.com\/pt\/#website","url":"https:\/\/jornaldasoficinas.com\/pt\/","name":"Jornal das Oficinas","description":"Jornal independente do Aftermarket Autom\u00f3vel em Portugal","publisher":{"@id":"https:\/\/jornaldasoficinas.com\/pt\/#organization"},"potentialAction":[{"@type":"SearchAction","target":{"@type":"EntryPoint","urlTemplate":"https:\/\/jornaldasoficinas.com\/pt\/?s={search_term_string}"},"query-input":{"@type":"PropertyValueSpecification","valueRequired":true,"valueName":"search_term_string"}}],"inLanguage":"pt-PT"},{"@type":"Organization","@id":"https:\/\/jornaldasoficinas.com\/pt\/#organization","name":"Jornal das Oficinas","url":"https:\/\/jornaldasoficinas.com\/pt\/","logo":{"@type":"ImageObject","inLanguage":"pt-PT","@id":"https:\/\/jornaldasoficinas.com\/pt\/#\/schema\/logo\/image\/","url":"https:\/\/jornaldasoficinas.com\/pt\/wp-content\/uploads\/logoJO-SEO.png","contentUrl":"https:\/\/jornaldasoficinas.com\/pt\/wp-content\/uploads\/logoJO-SEO.png","width":285,"height":450,"caption":"Jornal das Oficinas"},"image":{"@id":"https:\/\/jornaldasoficinas.com\/pt\/#\/schema\/logo\/image\/"},"sameAs":["https:\/\/www.facebook.com\/jornaloficinas","https:\/\/x.com\/jornaloficinas","https:\/\/www.instagram.com\/jornal_oficinas\/","https:\/\/www.linkedin.com\/company\/jornal-das-oficinas\/","https:\/\/www.youtube.com\/channel\/UCbQZBqtcvV-oSQrr7RzINGg"]},{"@type":"Person","@id":"https:\/\/jornaldasoficinas.com\/pt\/#\/schema\/person\/a38eef5de2c41d9e7c9ac10141afddf3","name":"Reda\u00e7\u00e3o JO","image":{"@type":"ImageObject","inLanguage":"pt-PT","@id":"https:\/\/secure.gravatar.com\/avatar\/71f2fa71737ad68a84fea94bc708ddac8ea5b0c4788dc2ad202f3ccb2887742f?s=96&d=wp_user_avatar&r=g","url":"https:\/\/secure.gravatar.com\/avatar\/71f2fa71737ad68a84fea94bc708ddac8ea5b0c4788dc2ad202f3ccb2887742f?s=96&d=wp_user_avatar&r=g","contentUrl":"https:\/\/secure.gravatar.com\/avatar\/71f2fa71737ad68a84fea94bc708ddac8ea5b0c4788dc2ad202f3ccb2887742f?s=96&d=wp_user_avatar&r=g","caption":"Reda\u00e7\u00e3o JO"},"url":"https:\/\/jornaldasoficinas.com\/pt\/author\/joredacao\/"}]}},"_links":{"self":[{"href":"https:\/\/jornaldasoficinas.com\/pt\/wp-json\/wp\/v2\/posts\/68732","targetHints":{"allow":["GET"]}}],"collection":[{"href":"https:\/\/jornaldasoficinas.com\/pt\/wp-json\/wp\/v2\/posts"}],"about":[{"href":"https:\/\/jornaldasoficinas.com\/pt\/wp-json\/wp\/v2\/types\/post"}],"author":[{"embeddable":true,"href":"https:\/\/jornaldasoficinas.com\/pt\/wp-json\/wp\/v2\/users\/15"}],"replies":[{"embeddable":true,"href":"https:\/\/jornaldasoficinas.com\/pt\/wp-json\/wp\/v2\/comments?post=68732"}],"version-history":[{"count":0,"href":"https:\/\/jornaldasoficinas.com\/pt\/wp-json\/wp\/v2\/posts\/68732\/revisions"}],"wp:featuredmedia":[{"embeddable":true,"href":"https:\/\/jornaldasoficinas.com\/pt\/wp-json\/wp\/v2\/media\/68704"}],"wp:attachment":[{"href":"https:\/\/jornaldasoficinas.com\/pt\/wp-json\/wp\/v2\/media?parent=68732"}],"wp:term":[{"taxonomy":"category","embeddable":true,"href":"https:\/\/jornaldasoficinas.com\/pt\/wp-json\/wp\/v2\/categories?post=68732"},{"taxonomy":"post_tag","embeddable":true,"href":"https:\/\/jornaldasoficinas.com\/pt\/wp-json\/wp\/v2\/tags?post=68732"}],"curies":[{"name":"wp","href":"https:\/\/api.w.org\/{rel}","templated":true}]}}