{"id":68812,"date":"2023-07-06T12:30:08","date_gmt":"2023-07-06T11:30:08","guid":{"rendered":"https:\/\/jornaldasoficinas.com\/pt\/?p=68812"},"modified":"2023-07-06T10:30:24","modified_gmt":"2023-07-06T09:30:24","slug":"borgwarner-inaugura-fabrica-em-lanheses","status":"publish","type":"post","link":"https:\/\/jornaldasoficinas.com\/pt\/borgwarner-inaugura-fabrica-em-lanheses\/","title":{"rendered":"BorgWarner inaugura f\u00e1brica em Lanheses"},"content":{"rendered":"<p><strong><img loading=\"lazy\" decoding=\"async\" class=\"alignnone size-full wp-image-68753\" src=\"https:\/\/jornaldasoficinas.com\/pt\/wp-content\/uploads\/2023\/07\/BorgWarner-inaugura-fabrica-em-Lanheses.jpeg\" alt=\"07 - BorgWarner inaugura fabrica em Lanheses\" width=\"1024\" height=\"581\" srcset=\"https:\/\/jornaldasoficinas.com\/pt\/wp-content\/uploads\/2023\/07\/BorgWarner-inaugura-fabrica-em-Lanheses.jpeg 1024w, https:\/\/jornaldasoficinas.com\/pt\/wp-content\/uploads\/2023\/07\/BorgWarner-inaugura-fabrica-em-Lanheses-300x170.jpeg 300w, https:\/\/jornaldasoficinas.com\/pt\/wp-content\/uploads\/2023\/07\/BorgWarner-inaugura-fabrica-em-Lanheses-150x85.jpeg 150w, https:\/\/jornaldasoficinas.com\/pt\/wp-content\/uploads\/2023\/07\/BorgWarner-inaugura-fabrica-em-Lanheses-768x436.jpeg 768w\" sizes=\"auto, (max-width: 1024px) 100vw, 1024px\" \/><\/strong><\/p>\n<p><strong>A <a href=\"https:\/\/www.borgwarner.com\/home\" target=\"_blank\" rel=\"noopener\">BorgWarner<\/a> inaugurou oficialmente a sua nova f\u00e1brica em Lanheses, Viana do Castelo, Portugal. As instala\u00e7\u00f5es com 28.500 metros quadrados ir\u00e3o fabricar produtos de eletrifica\u00e7\u00e3o de ve\u00edculos, como motores el\u00e9tricos e m\u00f3dulos de acionamento integrados. As novas instala\u00e7\u00f5es expandem a unidade de 62,000 metros quadrados pr\u00e9-existente em Viana, transformando a localiza\u00e7\u00e3o num campus amplo que apoia os clientes Europeus da BorgWarner<\/strong><\/p>\n<p>A BorgWarner contou com uma cerim\u00f3nia de inaugura\u00e7\u00e3o onde estiveram presentes representantes do governo nomeadamente o Exmo. Sr. Presidente da AICEP, Filipe Santos Costa; o Exmo. Sr. Presidente da C\u00e2mara Municipal de Viana do Castelo, Lu\u00eds Nobre e de representantes da BorgWarner, incluindo o CEO, Fr\u00e9deric Lissalde; o CTO, Harry Husted; o Presidente da Unidade de Neg\u00f3cio, Stefan Demmerle e o Diretor da F\u00e1brica, Hugues Simion.<\/p>\n<p>\u201cUma vez que a procura de tecnologia de eletrifica\u00e7\u00e3o continua a crescer, a nova f\u00e1brica ir\u00e1 fornecer uma maior capacidade de produ\u00e7\u00e3o para apoiar os nossos clientes OEM nas suas transforma\u00e7\u00f5es de eMobility,\u201d afirmou Hugues Simion, Diretor da f\u00e1brica da BorgWarner em Viana do Castelo. \u201cA expans\u00e3o da nossa presen\u00e7a em Portugal refor\u00e7a o nosso compromisso de investimento na Europa como uma regi\u00e3o importante para a produ\u00e7\u00e3o e est\u00e1 em linha com a estrat\u00e9gia de crescimento global da BorgWarner.\u201d<\/p>\n<p>\u201cNa BorgWarner, n\u00f3s vemos as pessoas como parte integrante da forma como gerimos o nosso neg\u00f3cio. A alavancagem do talento existente da BorgWarner no campus aqui em Viana tem sido um fator importante na inaugura\u00e7\u00e3o bem-sucedida desta nova f\u00e1brica,\u201d acrescentou Tania Wingfield, Presidente Executiva de Recursos Humanos da BorgWarner.<\/p>\n<p>A juntar \u00e0 atividade fabril, as instala\u00e7\u00f5es de Viana do Castelo ir\u00e3o empregar profissionais nos departamentos de engenharia, finan\u00e7as, gest\u00e3o da cadeia de abastecimento, RH, IT e qualidade. Prev\u00ea-se que o n\u00famero atual de aproximadamente 230 colaboradores passe para mais de 300 at\u00e9 ao final do ano.<\/p>\n","protected":false},"excerpt":{"rendered":"<p>A BorgWarner inaugurou oficialmente a sua&#8230;<\/p>\n","protected":false},"author":15,"featured_media":68753,"comment_status":"closed","ping_status":"closed","sticky":false,"template":"","format":"standard","meta":{"footnotes":""},"categories":[29],"tags":[2180,3501,5801,5802],"class_list":["post-68812","post","type-post","status-publish","format-standard","has-post-thumbnail","hentry","category-empresas","tag-borgwarner","tag-inauguracao","tag-nova-fabrica","tag-viana-do-castelo"],"yoast_head":"<!-- This site is optimized with the Yoast SEO plugin v27.5 - https:\/\/yoast.com\/product\/yoast-seo-wordpress\/ -->\n<title>BorgWarner inaugura f\u00e1brica em Lanheses - Jornal das Oficinas<\/title>\n<meta name=\"description\" content=\"A BorgWarner inaugurou oficialmente nova f\u00e1brica em Lanheses, Viana do Castelo, Portugal. Ir\u00e1 fabricar produtos de eletrifica\u00e7\u00e3o de ve\u00edculos\" \/>\n<meta name=\"robots\" content=\"index, follow, max-snippet:-1, max-image-preview:large, max-video-preview:-1\" \/>\n<link rel=\"canonical\" href=\"https:\/\/jornaldasoficinas.com\/pt\/borgwarner-inaugura-fabrica-em-lanheses\/\" \/>\n<meta property=\"og:locale\" content=\"pt_PT\" \/>\n<meta property=\"og:type\" content=\"article\" \/>\n<meta property=\"og:title\" content=\"BorgWarner inaugura f\u00e1brica em Lanheses - Jornal das Oficinas\" \/>\n<meta property=\"og:description\" content=\"A BorgWarner inaugurou oficialmente nova f\u00e1brica em Lanheses, Viana do Castelo, Portugal. Ir\u00e1 fabricar produtos de eletrifica\u00e7\u00e3o de ve\u00edculos\" \/>\n<meta property=\"og:url\" content=\"https:\/\/jornaldasoficinas.com\/pt\/borgwarner-inaugura-fabrica-em-lanheses\/\" \/>\n<meta property=\"og:site_name\" content=\"Jornal das Oficinas\" \/>\n<meta property=\"article:publisher\" content=\"https:\/\/www.facebook.com\/jornaloficinas\" \/>\n<meta property=\"article:published_time\" content=\"2023-07-06T11:30:08+00:00\" \/>\n<meta property=\"og:image\" content=\"https:\/\/jornaldasoficinas.com\/pt\/wp-content\/uploads\/2023\/07\/BorgWarner-inaugura-fabrica-em-Lanheses.jpeg\" \/>\n\t<meta property=\"og:image:width\" content=\"1024\" \/>\n\t<meta property=\"og:image:height\" content=\"581\" \/>\n\t<meta property=\"og:image:type\" content=\"image\/jpeg\" \/>\n<meta name=\"author\" content=\"Reda\u00e7\u00e3o JO\" \/>\n<meta name=\"twitter:card\" content=\"summary_large_image\" \/>\n<meta name=\"twitter:creator\" content=\"@jornaloficinas\" \/>\n<meta name=\"twitter:site\" content=\"@jornaloficinas\" \/>\n<meta name=\"twitter:label1\" content=\"Escrito por\" \/>\n\t<meta name=\"twitter:data1\" content=\"Reda\u00e7\u00e3o JO\" \/>\n\t<meta name=\"twitter:label2\" content=\"Tempo estimado de leitura\" \/>\n\t<meta name=\"twitter:data2\" content=\"2 minutos\" \/>\n<script type=\"application\/ld+json\" class=\"yoast-schema-graph\">{\"@context\":\"https:\\\/\\\/schema.org\",\"@graph\":[{\"@type\":\"Article\",\"@id\":\"https:\\\/\\\/jornaldasoficinas.com\\\/pt\\\/borgwarner-inaugura-fabrica-em-lanheses\\\/#article\",\"isPartOf\":{\"@id\":\"https:\\\/\\\/jornaldasoficinas.com\\\/pt\\\/borgwarner-inaugura-fabrica-em-lanheses\\\/\"},\"author\":{\"name\":\"Reda\u00e7\u00e3o JO\",\"@id\":\"https:\\\/\\\/jornaldasoficinas.com\\\/pt\\\/#\\\/schema\\\/person\\\/a38eef5de2c41d9e7c9ac10141afddf3\"},\"headline\":\"BorgWarner inaugura f\u00e1brica em Lanheses\",\"datePublished\":\"2023-07-06T11:30:08+00:00\",\"mainEntityOfPage\":{\"@id\":\"https:\\\/\\\/jornaldasoficinas.com\\\/pt\\\/borgwarner-inaugura-fabrica-em-lanheses\\\/\"},\"wordCount\":341,\"publisher\":{\"@id\":\"https:\\\/\\\/jornaldasoficinas.com\\\/pt\\\/#organization\"},\"image\":{\"@id\":\"https:\\\/\\\/jornaldasoficinas.com\\\/pt\\\/borgwarner-inaugura-fabrica-em-lanheses\\\/#primaryimage\"},\"thumbnailUrl\":\"https:\\\/\\\/jornaldasoficinas.com\\\/pt\\\/wp-content\\\/uploads\\\/2023\\\/07\\\/BorgWarner-inaugura-fabrica-em-Lanheses.jpeg\",\"keywords\":[\"BorgWarner\",\"Inaugura\u00e7\u00e3o\",\"Nova f\u00e1brica\",\"Viana do Castelo\"],\"articleSection\":[\"Empresas\"],\"inLanguage\":\"pt-PT\"},{\"@type\":\"WebPage\",\"@id\":\"https:\\\/\\\/jornaldasoficinas.com\\\/pt\\\/borgwarner-inaugura-fabrica-em-lanheses\\\/\",\"url\":\"https:\\\/\\\/jornaldasoficinas.com\\\/pt\\\/borgwarner-inaugura-fabrica-em-lanheses\\\/\",\"name\":\"BorgWarner inaugura f\u00e1brica em Lanheses - Jornal das Oficinas\",\"isPartOf\":{\"@id\":\"https:\\\/\\\/jornaldasoficinas.com\\\/pt\\\/#website\"},\"primaryImageOfPage\":{\"@id\":\"https:\\\/\\\/jornaldasoficinas.com\\\/pt\\\/borgwarner-inaugura-fabrica-em-lanheses\\\/#primaryimage\"},\"image\":{\"@id\":\"https:\\\/\\\/jornaldasoficinas.com\\\/pt\\\/borgwarner-inaugura-fabrica-em-lanheses\\\/#primaryimage\"},\"thumbnailUrl\":\"https:\\\/\\\/jornaldasoficinas.com\\\/pt\\\/wp-content\\\/uploads\\\/2023\\\/07\\\/BorgWarner-inaugura-fabrica-em-Lanheses.jpeg\",\"datePublished\":\"2023-07-06T11:30:08+00:00\",\"description\":\"A BorgWarner inaugurou oficialmente nova f\u00e1brica em Lanheses, Viana do Castelo, Portugal. Ir\u00e1 fabricar produtos de eletrifica\u00e7\u00e3o de ve\u00edculos\",\"breadcrumb\":{\"@id\":\"https:\\\/\\\/jornaldasoficinas.com\\\/pt\\\/borgwarner-inaugura-fabrica-em-lanheses\\\/#breadcrumb\"},\"inLanguage\":\"pt-PT\",\"potentialAction\":[{\"@type\":\"ReadAction\",\"target\":[\"https:\\\/\\\/jornaldasoficinas.com\\\/pt\\\/borgwarner-inaugura-fabrica-em-lanheses\\\/\"]}]},{\"@type\":\"ImageObject\",\"inLanguage\":\"pt-PT\",\"@id\":\"https:\\\/\\\/jornaldasoficinas.com\\\/pt\\\/borgwarner-inaugura-fabrica-em-lanheses\\\/#primaryimage\",\"url\":\"https:\\\/\\\/jornaldasoficinas.com\\\/pt\\\/wp-content\\\/uploads\\\/2023\\\/07\\\/BorgWarner-inaugura-fabrica-em-Lanheses.jpeg\",\"contentUrl\":\"https:\\\/\\\/jornaldasoficinas.com\\\/pt\\\/wp-content\\\/uploads\\\/2023\\\/07\\\/BorgWarner-inaugura-fabrica-em-Lanheses.jpeg\",\"width\":1024,\"height\":581,\"caption\":\"07 - BorgWarner inaugura fabrica em Lanheses\"},{\"@type\":\"BreadcrumbList\",\"@id\":\"https:\\\/\\\/jornaldasoficinas.com\\\/pt\\\/borgwarner-inaugura-fabrica-em-lanheses\\\/#breadcrumb\",\"itemListElement\":[{\"@type\":\"ListItem\",\"position\":1,\"name\":\"In\u00edcio\",\"item\":\"https:\\\/\\\/jornaldasoficinas.com\\\/pt\\\/\"},{\"@type\":\"ListItem\",\"position\":2,\"name\":\"BorgWarner inaugura f\u00e1brica em Lanheses\"}]},{\"@type\":\"WebSite\",\"@id\":\"https:\\\/\\\/jornaldasoficinas.com\\\/pt\\\/#website\",\"url\":\"https:\\\/\\\/jornaldasoficinas.com\\\/pt\\\/\",\"name\":\"Jornal das Oficinas\",\"description\":\"Jornal independente do Aftermarket Autom\u00f3vel em Portugal\",\"publisher\":{\"@id\":\"https:\\\/\\\/jornaldasoficinas.com\\\/pt\\\/#organization\"},\"potentialAction\":[{\"@type\":\"SearchAction\",\"target\":{\"@type\":\"EntryPoint\",\"urlTemplate\":\"https:\\\/\\\/jornaldasoficinas.com\\\/pt\\\/?s={search_term_string}\"},\"query-input\":{\"@type\":\"PropertyValueSpecification\",\"valueRequired\":true,\"valueName\":\"search_term_string\"}}],\"inLanguage\":\"pt-PT\"},{\"@type\":\"Organization\",\"@id\":\"https:\\\/\\\/jornaldasoficinas.com\\\/pt\\\/#organization\",\"name\":\"Jornal das Oficinas\",\"url\":\"https:\\\/\\\/jornaldasoficinas.com\\\/pt\\\/\",\"logo\":{\"@type\":\"ImageObject\",\"inLanguage\":\"pt-PT\",\"@id\":\"https:\\\/\\\/jornaldasoficinas.com\\\/pt\\\/#\\\/schema\\\/logo\\\/image\\\/\",\"url\":\"https:\\\/\\\/jornaldasoficinas.com\\\/pt\\\/wp-content\\\/uploads\\\/logoJO-SEO.png\",\"contentUrl\":\"https:\\\/\\\/jornaldasoficinas.com\\\/pt\\\/wp-content\\\/uploads\\\/logoJO-SEO.png\",\"width\":285,\"height\":450,\"caption\":\"Jornal das Oficinas\"},\"image\":{\"@id\":\"https:\\\/\\\/jornaldasoficinas.com\\\/pt\\\/#\\\/schema\\\/logo\\\/image\\\/\"},\"sameAs\":[\"https:\\\/\\\/www.facebook.com\\\/jornaloficinas\",\"https:\\\/\\\/x.com\\\/jornaloficinas\",\"https:\\\/\\\/www.instagram.com\\\/jornal_oficinas\\\/\",\"https:\\\/\\\/www.linkedin.com\\\/company\\\/jornal-das-oficinas\\\/\",\"https:\\\/\\\/www.youtube.com\\\/channel\\\/UCbQZBqtcvV-oSQrr7RzINGg\"]},{\"@type\":\"Person\",\"@id\":\"https:\\\/\\\/jornaldasoficinas.com\\\/pt\\\/#\\\/schema\\\/person\\\/a38eef5de2c41d9e7c9ac10141afddf3\",\"name\":\"Reda\u00e7\u00e3o JO\",\"image\":{\"@type\":\"ImageObject\",\"inLanguage\":\"pt-PT\",\"@id\":\"https:\\\/\\\/secure.gravatar.com\\\/avatar\\\/71f2fa71737ad68a84fea94bc708ddac8ea5b0c4788dc2ad202f3ccb2887742f?s=96&d=wp_user_avatar&r=g\",\"url\":\"https:\\\/\\\/secure.gravatar.com\\\/avatar\\\/71f2fa71737ad68a84fea94bc708ddac8ea5b0c4788dc2ad202f3ccb2887742f?s=96&d=wp_user_avatar&r=g\",\"contentUrl\":\"https:\\\/\\\/secure.gravatar.com\\\/avatar\\\/71f2fa71737ad68a84fea94bc708ddac8ea5b0c4788dc2ad202f3ccb2887742f?s=96&d=wp_user_avatar&r=g\",\"caption\":\"Reda\u00e7\u00e3o JO\"},\"url\":\"https:\\\/\\\/jornaldasoficinas.com\\\/pt\\\/author\\\/joredacao\\\/\"}]}<\/script>\n<!-- \/ Yoast SEO plugin. -->","yoast_head_json":{"title":"BorgWarner inaugura f\u00e1brica em Lanheses - Jornal das Oficinas","description":"A BorgWarner inaugurou oficialmente nova f\u00e1brica em Lanheses, Viana do Castelo, Portugal. Ir\u00e1 fabricar produtos de eletrifica\u00e7\u00e3o de ve\u00edculos","robots":{"index":"index","follow":"follow","max-snippet":"max-snippet:-1","max-image-preview":"max-image-preview:large","max-video-preview":"max-video-preview:-1"},"canonical":"https:\/\/jornaldasoficinas.com\/pt\/borgwarner-inaugura-fabrica-em-lanheses\/","og_locale":"pt_PT","og_type":"article","og_title":"BorgWarner inaugura f\u00e1brica em Lanheses - Jornal das Oficinas","og_description":"A BorgWarner inaugurou oficialmente nova f\u00e1brica em Lanheses, Viana do Castelo, Portugal. Ir\u00e1 fabricar produtos de eletrifica\u00e7\u00e3o de ve\u00edculos","og_url":"https:\/\/jornaldasoficinas.com\/pt\/borgwarner-inaugura-fabrica-em-lanheses\/","og_site_name":"Jornal das Oficinas","article_publisher":"https:\/\/www.facebook.com\/jornaloficinas","article_published_time":"2023-07-06T11:30:08+00:00","og_image":[{"width":1024,"height":581,"url":"https:\/\/jornaldasoficinas.com\/pt\/wp-content\/uploads\/2023\/07\/BorgWarner-inaugura-fabrica-em-Lanheses.jpeg","type":"image\/jpeg"}],"author":"Reda\u00e7\u00e3o JO","twitter_card":"summary_large_image","twitter_creator":"@jornaloficinas","twitter_site":"@jornaloficinas","twitter_misc":{"Escrito por":"Reda\u00e7\u00e3o JO","Tempo estimado de leitura":"2 minutos"},"schema":{"@context":"https:\/\/schema.org","@graph":[{"@type":"Article","@id":"https:\/\/jornaldasoficinas.com\/pt\/borgwarner-inaugura-fabrica-em-lanheses\/#article","isPartOf":{"@id":"https:\/\/jornaldasoficinas.com\/pt\/borgwarner-inaugura-fabrica-em-lanheses\/"},"author":{"name":"Reda\u00e7\u00e3o JO","@id":"https:\/\/jornaldasoficinas.com\/pt\/#\/schema\/person\/a38eef5de2c41d9e7c9ac10141afddf3"},"headline":"BorgWarner inaugura f\u00e1brica em Lanheses","datePublished":"2023-07-06T11:30:08+00:00","mainEntityOfPage":{"@id":"https:\/\/jornaldasoficinas.com\/pt\/borgwarner-inaugura-fabrica-em-lanheses\/"},"wordCount":341,"publisher":{"@id":"https:\/\/jornaldasoficinas.com\/pt\/#organization"},"image":{"@id":"https:\/\/jornaldasoficinas.com\/pt\/borgwarner-inaugura-fabrica-em-lanheses\/#primaryimage"},"thumbnailUrl":"https:\/\/jornaldasoficinas.com\/pt\/wp-content\/uploads\/2023\/07\/BorgWarner-inaugura-fabrica-em-Lanheses.jpeg","keywords":["BorgWarner","Inaugura\u00e7\u00e3o","Nova f\u00e1brica","Viana do Castelo"],"articleSection":["Empresas"],"inLanguage":"pt-PT"},{"@type":"WebPage","@id":"https:\/\/jornaldasoficinas.com\/pt\/borgwarner-inaugura-fabrica-em-lanheses\/","url":"https:\/\/jornaldasoficinas.com\/pt\/borgwarner-inaugura-fabrica-em-lanheses\/","name":"BorgWarner inaugura f\u00e1brica em Lanheses - Jornal das Oficinas","isPartOf":{"@id":"https:\/\/jornaldasoficinas.com\/pt\/#website"},"primaryImageOfPage":{"@id":"https:\/\/jornaldasoficinas.com\/pt\/borgwarner-inaugura-fabrica-em-lanheses\/#primaryimage"},"image":{"@id":"https:\/\/jornaldasoficinas.com\/pt\/borgwarner-inaugura-fabrica-em-lanheses\/#primaryimage"},"thumbnailUrl":"https:\/\/jornaldasoficinas.com\/pt\/wp-content\/uploads\/2023\/07\/BorgWarner-inaugura-fabrica-em-Lanheses.jpeg","datePublished":"2023-07-06T11:30:08+00:00","description":"A BorgWarner inaugurou oficialmente nova f\u00e1brica em Lanheses, Viana do Castelo, Portugal. Ir\u00e1 fabricar produtos de eletrifica\u00e7\u00e3o de ve\u00edculos","breadcrumb":{"@id":"https:\/\/jornaldasoficinas.com\/pt\/borgwarner-inaugura-fabrica-em-lanheses\/#breadcrumb"},"inLanguage":"pt-PT","potentialAction":[{"@type":"ReadAction","target":["https:\/\/jornaldasoficinas.com\/pt\/borgwarner-inaugura-fabrica-em-lanheses\/"]}]},{"@type":"ImageObject","inLanguage":"pt-PT","@id":"https:\/\/jornaldasoficinas.com\/pt\/borgwarner-inaugura-fabrica-em-lanheses\/#primaryimage","url":"https:\/\/jornaldasoficinas.com\/pt\/wp-content\/uploads\/2023\/07\/BorgWarner-inaugura-fabrica-em-Lanheses.jpeg","contentUrl":"https:\/\/jornaldasoficinas.com\/pt\/wp-content\/uploads\/2023\/07\/BorgWarner-inaugura-fabrica-em-Lanheses.jpeg","width":1024,"height":581,"caption":"07 - BorgWarner inaugura fabrica em Lanheses"},{"@type":"BreadcrumbList","@id":"https:\/\/jornaldasoficinas.com\/pt\/borgwarner-inaugura-fabrica-em-lanheses\/#breadcrumb","itemListElement":[{"@type":"ListItem","position":1,"name":"In\u00edcio","item":"https:\/\/jornaldasoficinas.com\/pt\/"},{"@type":"ListItem","position":2,"name":"BorgWarner inaugura f\u00e1brica em Lanheses"}]},{"@type":"WebSite","@id":"https:\/\/jornaldasoficinas.com\/pt\/#website","url":"https:\/\/jornaldasoficinas.com\/pt\/","name":"Jornal das Oficinas","description":"Jornal independente do Aftermarket Autom\u00f3vel em Portugal","publisher":{"@id":"https:\/\/jornaldasoficinas.com\/pt\/#organization"},"potentialAction":[{"@type":"SearchAction","target":{"@type":"EntryPoint","urlTemplate":"https:\/\/jornaldasoficinas.com\/pt\/?s={search_term_string}"},"query-input":{"@type":"PropertyValueSpecification","valueRequired":true,"valueName":"search_term_string"}}],"inLanguage":"pt-PT"},{"@type":"Organization","@id":"https:\/\/jornaldasoficinas.com\/pt\/#organization","name":"Jornal das Oficinas","url":"https:\/\/jornaldasoficinas.com\/pt\/","logo":{"@type":"ImageObject","inLanguage":"pt-PT","@id":"https:\/\/jornaldasoficinas.com\/pt\/#\/schema\/logo\/image\/","url":"https:\/\/jornaldasoficinas.com\/pt\/wp-content\/uploads\/logoJO-SEO.png","contentUrl":"https:\/\/jornaldasoficinas.com\/pt\/wp-content\/uploads\/logoJO-SEO.png","width":285,"height":450,"caption":"Jornal das Oficinas"},"image":{"@id":"https:\/\/jornaldasoficinas.com\/pt\/#\/schema\/logo\/image\/"},"sameAs":["https:\/\/www.facebook.com\/jornaloficinas","https:\/\/x.com\/jornaloficinas","https:\/\/www.instagram.com\/jornal_oficinas\/","https:\/\/www.linkedin.com\/company\/jornal-das-oficinas\/","https:\/\/www.youtube.com\/channel\/UCbQZBqtcvV-oSQrr7RzINGg"]},{"@type":"Person","@id":"https:\/\/jornaldasoficinas.com\/pt\/#\/schema\/person\/a38eef5de2c41d9e7c9ac10141afddf3","name":"Reda\u00e7\u00e3o JO","image":{"@type":"ImageObject","inLanguage":"pt-PT","@id":"https:\/\/secure.gravatar.com\/avatar\/71f2fa71737ad68a84fea94bc708ddac8ea5b0c4788dc2ad202f3ccb2887742f?s=96&d=wp_user_avatar&r=g","url":"https:\/\/secure.gravatar.com\/avatar\/71f2fa71737ad68a84fea94bc708ddac8ea5b0c4788dc2ad202f3ccb2887742f?s=96&d=wp_user_avatar&r=g","contentUrl":"https:\/\/secure.gravatar.com\/avatar\/71f2fa71737ad68a84fea94bc708ddac8ea5b0c4788dc2ad202f3ccb2887742f?s=96&d=wp_user_avatar&r=g","caption":"Reda\u00e7\u00e3o JO"},"url":"https:\/\/jornaldasoficinas.com\/pt\/author\/joredacao\/"}]}},"_links":{"self":[{"href":"https:\/\/jornaldasoficinas.com\/pt\/wp-json\/wp\/v2\/posts\/68812","targetHints":{"allow":["GET"]}}],"collection":[{"href":"https:\/\/jornaldasoficinas.com\/pt\/wp-json\/wp\/v2\/posts"}],"about":[{"href":"https:\/\/jornaldasoficinas.com\/pt\/wp-json\/wp\/v2\/types\/post"}],"author":[{"embeddable":true,"href":"https:\/\/jornaldasoficinas.com\/pt\/wp-json\/wp\/v2\/users\/15"}],"replies":[{"embeddable":true,"href":"https:\/\/jornaldasoficinas.com\/pt\/wp-json\/wp\/v2\/comments?post=68812"}],"version-history":[{"count":0,"href":"https:\/\/jornaldasoficinas.com\/pt\/wp-json\/wp\/v2\/posts\/68812\/revisions"}],"wp:featuredmedia":[{"embeddable":true,"href":"https:\/\/jornaldasoficinas.com\/pt\/wp-json\/wp\/v2\/media\/68753"}],"wp:attachment":[{"href":"https:\/\/jornaldasoficinas.com\/pt\/wp-json\/wp\/v2\/media?parent=68812"}],"wp:term":[{"taxonomy":"category","embeddable":true,"href":"https:\/\/jornaldasoficinas.com\/pt\/wp-json\/wp\/v2\/categories?post=68812"},{"taxonomy":"post_tag","embeddable":true,"href":"https:\/\/jornaldasoficinas.com\/pt\/wp-json\/wp\/v2\/tags?post=68812"}],"curies":[{"name":"wp","href":"https:\/\/api.w.org\/{rel}","templated":true}]}}