{"id":68837,"date":"2023-07-07T14:00:25","date_gmt":"2023-07-07T13:00:25","guid":{"rendered":"https:\/\/jornaldasoficinas.com\/pt\/?p=68837"},"modified":"2023-07-19T13:26:23","modified_gmt":"2023-07-19T12:26:23","slug":"dados-sao-fator-chave-para-maximizar-eficiencia-oficinal-antonio-costa-auto-furtado","status":"publish","type":"post","link":"https:\/\/jornaldasoficinas.com\/pt\/dados-sao-fator-chave-para-maximizar-eficiencia-oficinal-antonio-costa-auto-furtado\/","title":{"rendered":"\u201cDados s\u00e3o fator chave para maximizar efici\u00eancia oficinal\u201d, Ant\u00f3nio Costa, Auto Furtado"},"content":{"rendered":"<p><img loading=\"lazy\" decoding=\"async\" class=\"alignnone size-full wp-image-68828\" src=\"https:\/\/jornaldasoficinas.com\/pt\/wp-content\/uploads\/2023\/07\/Antonio-Costa-Auto-Furtado.png\" alt=\"07 - Antonio Costa Auto Furtado\" width=\"1024\" height=\"581\" srcset=\"https:\/\/jornaldasoficinas.com\/pt\/wp-content\/uploads\/2023\/07\/Antonio-Costa-Auto-Furtado.png 1024w, https:\/\/jornaldasoficinas.com\/pt\/wp-content\/uploads\/2023\/07\/Antonio-Costa-Auto-Furtado-300x170.png 300w, https:\/\/jornaldasoficinas.com\/pt\/wp-content\/uploads\/2023\/07\/Antonio-Costa-Auto-Furtado-150x85.png 150w, https:\/\/jornaldasoficinas.com\/pt\/wp-content\/uploads\/2023\/07\/Antonio-Costa-Auto-Furtado-768x436.png 768w\" sizes=\"auto, (max-width: 1024px) 100vw, 1024px\" \/><\/p>\n<p><strong>A gest\u00e3o oficinal ainda \u00e9 um trabalho que muitas oficinas fazem mais por intui\u00e7\u00e3o do que com base em informa\u00e7\u00e3o estat\u00edstica do seu neg\u00f3cio. Mas n\u00e3o se pode gerir adequadamente aquilo que n\u00e3o se mede, pois s\u00e3o os dados de neg\u00f3cio que permitem que uma oficina tenha a capacidade de antecipar cen\u00e1rios, otimizar os seus recursos e aumentar a sua margem de neg\u00f3cio. E de que forma?<\/strong><\/p>\n<p>O primeiro passo \u00e9 dotar a oficina de um sistema que fa\u00e7a a medi\u00e7\u00e3o dos tempos de trabalho dos t\u00e9cnicos para posteriormente trabalh\u00e1-los de forma a obter os indicadores de performance que permitir\u00e3o analisar a efici\u00eancia da oficina. Este sistema de medi\u00e7\u00e3o dever\u00e1 permitir \u00e0 oficina obter os seguintes dados, em termos de horas:<\/p>\n<p>&#8211; totais de trabalho (todas as horas potenciais de trabalho do t\u00e9cnico na oficina);<\/p>\n<p>&#8211; de forma\u00e7\u00e3o;<\/p>\n<p>&#8211; de baixa, licen\u00e7as ou outras aus\u00eancias;<\/p>\n<p>&#8211; trabalhadas (horas totais de trabalho menos aus\u00eancias);<\/p>\n<p>&#8211; produtivas (horas efetivamente trabalhadas nas ordens de repara\u00e7\u00e3o);<\/p>\n<p>&#8211; faturadas (horas faturadas ao cliente);<\/p>\n<p>&#8211; trabalhadas em servi\u00e7os de garantia ou trabalhos internos;<\/p>\n<p>&#8211; de pausa (para descanso);<\/p>\n<p>&#8211; de paragens for\u00e7adas (por exemplo, aus\u00eancia de pe\u00e7as ou ferramentas).<\/p>\n<p>Com estes dados conseguimos resposta a algumas quest\u00f5es cruciais para uma melhor gest\u00e3o oficinal e consequente otimiza\u00e7\u00e3o do neg\u00f3cio, como, por exemplo, qual a taxa de ocupa\u00e7\u00e3o dos t\u00e9cnicos, ou seja, do total de horas de trabalhadas, quantas foram efetivamente produtivas.<\/p>\n<p>Atingir n\u00fameros acima de 90% \u00e9 uma boa refer\u00eancia, sendo que o ideal \u00e9 termos valores pr\u00f3ximos de 100%. Para que tal aconte\u00e7a, a oficina deve ter os seus processos muito bem oleados para evitar pausas do t\u00e9cnico por falta de pe\u00e7as ou ferramentas. Por seu turno, o t\u00e9cnico poder\u00e1 tamb\u00e9m ter um contributo importante se, nas suas pausas, conseguir colocar alguns processos automatizados a correr, tornando assim estes tempos como produtivos.<\/p>\n<p>Por outro lado, \u00e9 essencial ter dados que permitam analisar a efici\u00eancia dos t\u00e9cnicos, isto \u00e9, fazer o c\u00e1lculo das horas produtivas quantas \u00e9 que foram faturadas. Mais uma vez, o objetivo dever\u00e1 ser atingir sempre valores pr\u00f3ximos de 100%. Este indicador permite-nos tamb\u00e9m perceber se o t\u00e9cnico poder\u00e1 precisar de mais forma\u00e7\u00e3o ou se as ferramentas ou m\u00e1quinas poder\u00e3o estar a afetar a sua efici\u00eancia.<\/p>\n<p>Outro indicador importante que podemos obter \u00e9 a rentabilidade dos t\u00e9cnicos, ou seja, das horas totais trabalhadas, quantas \u00e9 que foram efetivamente faturadas. O t\u00e9cnico pode ser eficiente nas horas produtivas (horas efetivamente faturadas nas ordens de repara\u00e7\u00e3o), mas no total de horas trabalhadas ser pouco rent\u00e1vel.<\/p>\n<p>E este cen\u00e1rio pode dever-se a v\u00e1rias raz\u00f5es: pausas para al\u00e9m do contratado, layout e organiza\u00e7\u00e3o da oficina que pode obrigar o t\u00e9cnico a ter muitas perdas de tempo entre as opera\u00e7\u00f5es efetuadas, aus\u00eancia de pe\u00e7as ou ferramentas para executar o servi\u00e7o, aus\u00eancia de servi\u00e7o, entre outros fatores.<\/p>\n<p>Por isso, ao contr\u00e1rio do que possa parecer, o preju\u00edzo de uma hora de m\u00e3o de obra n\u00e3o produtiva n\u00e3o reside apenas no valor da m\u00e3o de obra que deixamos de vender, mas sim no valor da m\u00e3o de obra mais o respetivo valor de pe\u00e7as que deixamos de vender isto porque, por cada hora trabalhada por um t\u00e9cnico numa viatura, existe um valor potencial de pe\u00e7as a serem vendidas. Para al\u00e9m deste efeito financeiro direto, existem tamb\u00e9m as inefici\u00eancias criadas na organiza\u00e7\u00e3o e gest\u00e3o da oficina aquando dessas horas perdidas de venda.<\/p>\n<p>Assim, \u00e9 f\u00e1cil perceber que adotar uma abordagem baseada em dados com a implementa\u00e7\u00e3o de um sistema de medi\u00e7\u00e3o adequado, possibilita uma gest\u00e3o oficinal mais assertiva, otimizando assim recursos e impulsionando o crescimento e o sucesso do neg\u00f3cio.<\/p>\n","protected":false},"excerpt":{"rendered":"<p>A gest\u00e3o oficinal ainda \u00e9 um&#8230;<\/p>\n","protected":false},"author":15,"featured_media":68828,"comment_status":"closed","ping_status":"closed","sticky":false,"template":"","format":"standard","meta":{"footnotes":""},"categories":[38],"tags":[5807,1881,5226],"class_list":["post-68837","post","type-post","status-publish","format-standard","has-post-thumbnail","hentry","category-entrevistas","tag-antonio-costa","tag-auto-furtado","tag-gestao-oficinal"],"yoast_head":"<!-- This site is optimized with the Yoast SEO plugin v27.5 - https:\/\/yoast.com\/product\/yoast-seo-wordpress\/ -->\n<title>\u201cDados s\u00e3o fator chave para maximizar efici\u00eancia oficinal\u201d, Ant\u00f3nio Costa, Auto Furtado - Jornal das Oficinas<\/title>\n<meta name=\"description\" content=\"A gest\u00e3o oficinal ainda \u00e9 um trabalho que muitas oficinas fazem mais por intui\u00e7\u00e3o do que com base em informa\u00e7\u00e3o estat\u00edstica do seu neg\u00f3cio.\" \/>\n<meta name=\"robots\" content=\"index, follow, max-snippet:-1, max-image-preview:large, max-video-preview:-1\" \/>\n<link rel=\"canonical\" href=\"https:\/\/jornaldasoficinas.com\/pt\/dados-sao-fator-chave-para-maximizar-eficiencia-oficinal-antonio-costa-auto-furtado\/\" \/>\n<meta property=\"og:locale\" content=\"pt_PT\" \/>\n<meta property=\"og:type\" content=\"article\" \/>\n<meta property=\"og:title\" content=\"\u201cDados s\u00e3o fator chave para maximizar efici\u00eancia oficinal\u201d, Ant\u00f3nio Costa, Auto Furtado - Jornal das Oficinas\" \/>\n<meta property=\"og:description\" content=\"A gest\u00e3o oficinal ainda \u00e9 um trabalho que muitas oficinas fazem mais por intui\u00e7\u00e3o do que com base em informa\u00e7\u00e3o estat\u00edstica do seu neg\u00f3cio.\" \/>\n<meta property=\"og:url\" content=\"https:\/\/jornaldasoficinas.com\/pt\/dados-sao-fator-chave-para-maximizar-eficiencia-oficinal-antonio-costa-auto-furtado\/\" \/>\n<meta property=\"og:site_name\" content=\"Jornal das Oficinas\" \/>\n<meta property=\"article:publisher\" content=\"https:\/\/www.facebook.com\/jornaloficinas\" \/>\n<meta property=\"article:published_time\" content=\"2023-07-07T13:00:25+00:00\" \/>\n<meta property=\"article:modified_time\" content=\"2023-07-19T12:26:23+00:00\" \/>\n<meta property=\"og:image\" content=\"https:\/\/jornaldasoficinas.com\/pt\/wp-content\/uploads\/2023\/07\/Antonio-Costa-Auto-Furtado.png\" \/>\n\t<meta property=\"og:image:width\" content=\"1024\" \/>\n\t<meta property=\"og:image:height\" content=\"581\" \/>\n\t<meta property=\"og:image:type\" content=\"image\/png\" \/>\n<meta name=\"author\" content=\"Reda\u00e7\u00e3o JO\" \/>\n<meta name=\"twitter:card\" content=\"summary_large_image\" \/>\n<meta name=\"twitter:creator\" content=\"@jornaloficinas\" \/>\n<meta name=\"twitter:site\" content=\"@jornaloficinas\" \/>\n<meta name=\"twitter:label1\" content=\"Escrito por\" \/>\n\t<meta name=\"twitter:data1\" content=\"Reda\u00e7\u00e3o JO\" \/>\n\t<meta name=\"twitter:label2\" content=\"Tempo estimado de leitura\" \/>\n\t<meta name=\"twitter:data2\" content=\"3 minutos\" \/>\n<script type=\"application\/ld+json\" class=\"yoast-schema-graph\">{\"@context\":\"https:\\\/\\\/schema.org\",\"@graph\":[{\"@type\":\"Article\",\"@id\":\"https:\\\/\\\/jornaldasoficinas.com\\\/pt\\\/dados-sao-fator-chave-para-maximizar-eficiencia-oficinal-antonio-costa-auto-furtado\\\/#article\",\"isPartOf\":{\"@id\":\"https:\\\/\\\/jornaldasoficinas.com\\\/pt\\\/dados-sao-fator-chave-para-maximizar-eficiencia-oficinal-antonio-costa-auto-furtado\\\/\"},\"author\":{\"name\":\"Reda\u00e7\u00e3o JO\",\"@id\":\"https:\\\/\\\/jornaldasoficinas.com\\\/pt\\\/#\\\/schema\\\/person\\\/a38eef5de2c41d9e7c9ac10141afddf3\"},\"headline\":\"\u201cDados s\u00e3o fator chave para maximizar efici\u00eancia oficinal\u201d, Ant\u00f3nio Costa, Auto Furtado\",\"datePublished\":\"2023-07-07T13:00:25+00:00\",\"dateModified\":\"2023-07-19T12:26:23+00:00\",\"mainEntityOfPage\":{\"@id\":\"https:\\\/\\\/jornaldasoficinas.com\\\/pt\\\/dados-sao-fator-chave-para-maximizar-eficiencia-oficinal-antonio-costa-auto-furtado\\\/\"},\"wordCount\":687,\"publisher\":{\"@id\":\"https:\\\/\\\/jornaldasoficinas.com\\\/pt\\\/#organization\"},\"image\":{\"@id\":\"https:\\\/\\\/jornaldasoficinas.com\\\/pt\\\/dados-sao-fator-chave-para-maximizar-eficiencia-oficinal-antonio-costa-auto-furtado\\\/#primaryimage\"},\"thumbnailUrl\":\"https:\\\/\\\/jornaldasoficinas.com\\\/pt\\\/wp-content\\\/uploads\\\/2023\\\/07\\\/Antonio-Costa-Auto-Furtado.png\",\"keywords\":[\"Ant\u00f3nio Costa\",\"Auto Furtado\",\"Gest\u00e3o Oficinal\"],\"articleSection\":[\"Entrevistas\"],\"inLanguage\":\"pt-PT\"},{\"@type\":\"WebPage\",\"@id\":\"https:\\\/\\\/jornaldasoficinas.com\\\/pt\\\/dados-sao-fator-chave-para-maximizar-eficiencia-oficinal-antonio-costa-auto-furtado\\\/\",\"url\":\"https:\\\/\\\/jornaldasoficinas.com\\\/pt\\\/dados-sao-fator-chave-para-maximizar-eficiencia-oficinal-antonio-costa-auto-furtado\\\/\",\"name\":\"\u201cDados s\u00e3o fator chave para maximizar efici\u00eancia oficinal\u201d, Ant\u00f3nio Costa, Auto Furtado - Jornal das Oficinas\",\"isPartOf\":{\"@id\":\"https:\\\/\\\/jornaldasoficinas.com\\\/pt\\\/#website\"},\"primaryImageOfPage\":{\"@id\":\"https:\\\/\\\/jornaldasoficinas.com\\\/pt\\\/dados-sao-fator-chave-para-maximizar-eficiencia-oficinal-antonio-costa-auto-furtado\\\/#primaryimage\"},\"image\":{\"@id\":\"https:\\\/\\\/jornaldasoficinas.com\\\/pt\\\/dados-sao-fator-chave-para-maximizar-eficiencia-oficinal-antonio-costa-auto-furtado\\\/#primaryimage\"},\"thumbnailUrl\":\"https:\\\/\\\/jornaldasoficinas.com\\\/pt\\\/wp-content\\\/uploads\\\/2023\\\/07\\\/Antonio-Costa-Auto-Furtado.png\",\"datePublished\":\"2023-07-07T13:00:25+00:00\",\"dateModified\":\"2023-07-19T12:26:23+00:00\",\"description\":\"A gest\u00e3o oficinal ainda \u00e9 um trabalho que muitas oficinas fazem mais por intui\u00e7\u00e3o do que com base em informa\u00e7\u00e3o estat\u00edstica do seu neg\u00f3cio.\",\"breadcrumb\":{\"@id\":\"https:\\\/\\\/jornaldasoficinas.com\\\/pt\\\/dados-sao-fator-chave-para-maximizar-eficiencia-oficinal-antonio-costa-auto-furtado\\\/#breadcrumb\"},\"inLanguage\":\"pt-PT\",\"potentialAction\":[{\"@type\":\"ReadAction\",\"target\":[\"https:\\\/\\\/jornaldasoficinas.com\\\/pt\\\/dados-sao-fator-chave-para-maximizar-eficiencia-oficinal-antonio-costa-auto-furtado\\\/\"]}]},{\"@type\":\"ImageObject\",\"inLanguage\":\"pt-PT\",\"@id\":\"https:\\\/\\\/jornaldasoficinas.com\\\/pt\\\/dados-sao-fator-chave-para-maximizar-eficiencia-oficinal-antonio-costa-auto-furtado\\\/#primaryimage\",\"url\":\"https:\\\/\\\/jornaldasoficinas.com\\\/pt\\\/wp-content\\\/uploads\\\/2023\\\/07\\\/Antonio-Costa-Auto-Furtado.png\",\"contentUrl\":\"https:\\\/\\\/jornaldasoficinas.com\\\/pt\\\/wp-content\\\/uploads\\\/2023\\\/07\\\/Antonio-Costa-Auto-Furtado.png\",\"width\":1024,\"height\":581,\"caption\":\"07 - Antonio Costa Auto Furtado\"},{\"@type\":\"BreadcrumbList\",\"@id\":\"https:\\\/\\\/jornaldasoficinas.com\\\/pt\\\/dados-sao-fator-chave-para-maximizar-eficiencia-oficinal-antonio-costa-auto-furtado\\\/#breadcrumb\",\"itemListElement\":[{\"@type\":\"ListItem\",\"position\":1,\"name\":\"In\u00edcio\",\"item\":\"https:\\\/\\\/jornaldasoficinas.com\\\/pt\\\/\"},{\"@type\":\"ListItem\",\"position\":2,\"name\":\"\u201cDados s\u00e3o fator chave para maximizar efici\u00eancia oficinal\u201d, Ant\u00f3nio Costa, Auto Furtado\"}]},{\"@type\":\"WebSite\",\"@id\":\"https:\\\/\\\/jornaldasoficinas.com\\\/pt\\\/#website\",\"url\":\"https:\\\/\\\/jornaldasoficinas.com\\\/pt\\\/\",\"name\":\"Jornal das Oficinas\",\"description\":\"Jornal independente do Aftermarket Autom\u00f3vel em Portugal\",\"publisher\":{\"@id\":\"https:\\\/\\\/jornaldasoficinas.com\\\/pt\\\/#organization\"},\"potentialAction\":[{\"@type\":\"SearchAction\",\"target\":{\"@type\":\"EntryPoint\",\"urlTemplate\":\"https:\\\/\\\/jornaldasoficinas.com\\\/pt\\\/?s={search_term_string}\"},\"query-input\":{\"@type\":\"PropertyValueSpecification\",\"valueRequired\":true,\"valueName\":\"search_term_string\"}}],\"inLanguage\":\"pt-PT\"},{\"@type\":\"Organization\",\"@id\":\"https:\\\/\\\/jornaldasoficinas.com\\\/pt\\\/#organization\",\"name\":\"Jornal das Oficinas\",\"url\":\"https:\\\/\\\/jornaldasoficinas.com\\\/pt\\\/\",\"logo\":{\"@type\":\"ImageObject\",\"inLanguage\":\"pt-PT\",\"@id\":\"https:\\\/\\\/jornaldasoficinas.com\\\/pt\\\/#\\\/schema\\\/logo\\\/image\\\/\",\"url\":\"https:\\\/\\\/jornaldasoficinas.com\\\/pt\\\/wp-content\\\/uploads\\\/logoJO-SEO.png\",\"contentUrl\":\"https:\\\/\\\/jornaldasoficinas.com\\\/pt\\\/wp-content\\\/uploads\\\/logoJO-SEO.png\",\"width\":285,\"height\":450,\"caption\":\"Jornal das Oficinas\"},\"image\":{\"@id\":\"https:\\\/\\\/jornaldasoficinas.com\\\/pt\\\/#\\\/schema\\\/logo\\\/image\\\/\"},\"sameAs\":[\"https:\\\/\\\/www.facebook.com\\\/jornaloficinas\",\"https:\\\/\\\/x.com\\\/jornaloficinas\",\"https:\\\/\\\/www.instagram.com\\\/jornal_oficinas\\\/\",\"https:\\\/\\\/www.linkedin.com\\\/company\\\/jornal-das-oficinas\\\/\",\"https:\\\/\\\/www.youtube.com\\\/channel\\\/UCbQZBqtcvV-oSQrr7RzINGg\"]},{\"@type\":\"Person\",\"@id\":\"https:\\\/\\\/jornaldasoficinas.com\\\/pt\\\/#\\\/schema\\\/person\\\/a38eef5de2c41d9e7c9ac10141afddf3\",\"name\":\"Reda\u00e7\u00e3o JO\",\"image\":{\"@type\":\"ImageObject\",\"inLanguage\":\"pt-PT\",\"@id\":\"https:\\\/\\\/secure.gravatar.com\\\/avatar\\\/71f2fa71737ad68a84fea94bc708ddac8ea5b0c4788dc2ad202f3ccb2887742f?s=96&d=wp_user_avatar&r=g\",\"url\":\"https:\\\/\\\/secure.gravatar.com\\\/avatar\\\/71f2fa71737ad68a84fea94bc708ddac8ea5b0c4788dc2ad202f3ccb2887742f?s=96&d=wp_user_avatar&r=g\",\"contentUrl\":\"https:\\\/\\\/secure.gravatar.com\\\/avatar\\\/71f2fa71737ad68a84fea94bc708ddac8ea5b0c4788dc2ad202f3ccb2887742f?s=96&d=wp_user_avatar&r=g\",\"caption\":\"Reda\u00e7\u00e3o JO\"},\"url\":\"https:\\\/\\\/jornaldasoficinas.com\\\/pt\\\/author\\\/joredacao\\\/\"}]}<\/script>\n<!-- \/ Yoast SEO plugin. -->","yoast_head_json":{"title":"\u201cDados s\u00e3o fator chave para maximizar efici\u00eancia oficinal\u201d, Ant\u00f3nio Costa, Auto Furtado - Jornal das Oficinas","description":"A gest\u00e3o oficinal ainda \u00e9 um trabalho que muitas oficinas fazem mais por intui\u00e7\u00e3o do que com base em informa\u00e7\u00e3o estat\u00edstica do seu neg\u00f3cio.","robots":{"index":"index","follow":"follow","max-snippet":"max-snippet:-1","max-image-preview":"max-image-preview:large","max-video-preview":"max-video-preview:-1"},"canonical":"https:\/\/jornaldasoficinas.com\/pt\/dados-sao-fator-chave-para-maximizar-eficiencia-oficinal-antonio-costa-auto-furtado\/","og_locale":"pt_PT","og_type":"article","og_title":"\u201cDados s\u00e3o fator chave para maximizar efici\u00eancia oficinal\u201d, Ant\u00f3nio Costa, Auto Furtado - Jornal das Oficinas","og_description":"A gest\u00e3o oficinal ainda \u00e9 um trabalho que muitas oficinas fazem mais por intui\u00e7\u00e3o do que com base em informa\u00e7\u00e3o estat\u00edstica do seu neg\u00f3cio.","og_url":"https:\/\/jornaldasoficinas.com\/pt\/dados-sao-fator-chave-para-maximizar-eficiencia-oficinal-antonio-costa-auto-furtado\/","og_site_name":"Jornal das Oficinas","article_publisher":"https:\/\/www.facebook.com\/jornaloficinas","article_published_time":"2023-07-07T13:00:25+00:00","article_modified_time":"2023-07-19T12:26:23+00:00","og_image":[{"width":1024,"height":581,"url":"https:\/\/jornaldasoficinas.com\/pt\/wp-content\/uploads\/2023\/07\/Antonio-Costa-Auto-Furtado.png","type":"image\/png"}],"author":"Reda\u00e7\u00e3o JO","twitter_card":"summary_large_image","twitter_creator":"@jornaloficinas","twitter_site":"@jornaloficinas","twitter_misc":{"Escrito por":"Reda\u00e7\u00e3o JO","Tempo estimado de leitura":"3 minutos"},"schema":{"@context":"https:\/\/schema.org","@graph":[{"@type":"Article","@id":"https:\/\/jornaldasoficinas.com\/pt\/dados-sao-fator-chave-para-maximizar-eficiencia-oficinal-antonio-costa-auto-furtado\/#article","isPartOf":{"@id":"https:\/\/jornaldasoficinas.com\/pt\/dados-sao-fator-chave-para-maximizar-eficiencia-oficinal-antonio-costa-auto-furtado\/"},"author":{"name":"Reda\u00e7\u00e3o JO","@id":"https:\/\/jornaldasoficinas.com\/pt\/#\/schema\/person\/a38eef5de2c41d9e7c9ac10141afddf3"},"headline":"\u201cDados s\u00e3o fator chave para maximizar efici\u00eancia oficinal\u201d, Ant\u00f3nio Costa, Auto Furtado","datePublished":"2023-07-07T13:00:25+00:00","dateModified":"2023-07-19T12:26:23+00:00","mainEntityOfPage":{"@id":"https:\/\/jornaldasoficinas.com\/pt\/dados-sao-fator-chave-para-maximizar-eficiencia-oficinal-antonio-costa-auto-furtado\/"},"wordCount":687,"publisher":{"@id":"https:\/\/jornaldasoficinas.com\/pt\/#organization"},"image":{"@id":"https:\/\/jornaldasoficinas.com\/pt\/dados-sao-fator-chave-para-maximizar-eficiencia-oficinal-antonio-costa-auto-furtado\/#primaryimage"},"thumbnailUrl":"https:\/\/jornaldasoficinas.com\/pt\/wp-content\/uploads\/2023\/07\/Antonio-Costa-Auto-Furtado.png","keywords":["Ant\u00f3nio Costa","Auto Furtado","Gest\u00e3o Oficinal"],"articleSection":["Entrevistas"],"inLanguage":"pt-PT"},{"@type":"WebPage","@id":"https:\/\/jornaldasoficinas.com\/pt\/dados-sao-fator-chave-para-maximizar-eficiencia-oficinal-antonio-costa-auto-furtado\/","url":"https:\/\/jornaldasoficinas.com\/pt\/dados-sao-fator-chave-para-maximizar-eficiencia-oficinal-antonio-costa-auto-furtado\/","name":"\u201cDados s\u00e3o fator chave para maximizar efici\u00eancia oficinal\u201d, Ant\u00f3nio Costa, Auto Furtado - Jornal das Oficinas","isPartOf":{"@id":"https:\/\/jornaldasoficinas.com\/pt\/#website"},"primaryImageOfPage":{"@id":"https:\/\/jornaldasoficinas.com\/pt\/dados-sao-fator-chave-para-maximizar-eficiencia-oficinal-antonio-costa-auto-furtado\/#primaryimage"},"image":{"@id":"https:\/\/jornaldasoficinas.com\/pt\/dados-sao-fator-chave-para-maximizar-eficiencia-oficinal-antonio-costa-auto-furtado\/#primaryimage"},"thumbnailUrl":"https:\/\/jornaldasoficinas.com\/pt\/wp-content\/uploads\/2023\/07\/Antonio-Costa-Auto-Furtado.png","datePublished":"2023-07-07T13:00:25+00:00","dateModified":"2023-07-19T12:26:23+00:00","description":"A gest\u00e3o oficinal ainda \u00e9 um trabalho que muitas oficinas fazem mais por intui\u00e7\u00e3o do que com base em informa\u00e7\u00e3o estat\u00edstica do seu neg\u00f3cio.","breadcrumb":{"@id":"https:\/\/jornaldasoficinas.com\/pt\/dados-sao-fator-chave-para-maximizar-eficiencia-oficinal-antonio-costa-auto-furtado\/#breadcrumb"},"inLanguage":"pt-PT","potentialAction":[{"@type":"ReadAction","target":["https:\/\/jornaldasoficinas.com\/pt\/dados-sao-fator-chave-para-maximizar-eficiencia-oficinal-antonio-costa-auto-furtado\/"]}]},{"@type":"ImageObject","inLanguage":"pt-PT","@id":"https:\/\/jornaldasoficinas.com\/pt\/dados-sao-fator-chave-para-maximizar-eficiencia-oficinal-antonio-costa-auto-furtado\/#primaryimage","url":"https:\/\/jornaldasoficinas.com\/pt\/wp-content\/uploads\/2023\/07\/Antonio-Costa-Auto-Furtado.png","contentUrl":"https:\/\/jornaldasoficinas.com\/pt\/wp-content\/uploads\/2023\/07\/Antonio-Costa-Auto-Furtado.png","width":1024,"height":581,"caption":"07 - Antonio Costa Auto Furtado"},{"@type":"BreadcrumbList","@id":"https:\/\/jornaldasoficinas.com\/pt\/dados-sao-fator-chave-para-maximizar-eficiencia-oficinal-antonio-costa-auto-furtado\/#breadcrumb","itemListElement":[{"@type":"ListItem","position":1,"name":"In\u00edcio","item":"https:\/\/jornaldasoficinas.com\/pt\/"},{"@type":"ListItem","position":2,"name":"\u201cDados s\u00e3o fator chave para maximizar efici\u00eancia oficinal\u201d, Ant\u00f3nio Costa, Auto Furtado"}]},{"@type":"WebSite","@id":"https:\/\/jornaldasoficinas.com\/pt\/#website","url":"https:\/\/jornaldasoficinas.com\/pt\/","name":"Jornal das Oficinas","description":"Jornal independente do Aftermarket Autom\u00f3vel em Portugal","publisher":{"@id":"https:\/\/jornaldasoficinas.com\/pt\/#organization"},"potentialAction":[{"@type":"SearchAction","target":{"@type":"EntryPoint","urlTemplate":"https:\/\/jornaldasoficinas.com\/pt\/?s={search_term_string}"},"query-input":{"@type":"PropertyValueSpecification","valueRequired":true,"valueName":"search_term_string"}}],"inLanguage":"pt-PT"},{"@type":"Organization","@id":"https:\/\/jornaldasoficinas.com\/pt\/#organization","name":"Jornal das Oficinas","url":"https:\/\/jornaldasoficinas.com\/pt\/","logo":{"@type":"ImageObject","inLanguage":"pt-PT","@id":"https:\/\/jornaldasoficinas.com\/pt\/#\/schema\/logo\/image\/","url":"https:\/\/jornaldasoficinas.com\/pt\/wp-content\/uploads\/logoJO-SEO.png","contentUrl":"https:\/\/jornaldasoficinas.com\/pt\/wp-content\/uploads\/logoJO-SEO.png","width":285,"height":450,"caption":"Jornal das Oficinas"},"image":{"@id":"https:\/\/jornaldasoficinas.com\/pt\/#\/schema\/logo\/image\/"},"sameAs":["https:\/\/www.facebook.com\/jornaloficinas","https:\/\/x.com\/jornaloficinas","https:\/\/www.instagram.com\/jornal_oficinas\/","https:\/\/www.linkedin.com\/company\/jornal-das-oficinas\/","https:\/\/www.youtube.com\/channel\/UCbQZBqtcvV-oSQrr7RzINGg"]},{"@type":"Person","@id":"https:\/\/jornaldasoficinas.com\/pt\/#\/schema\/person\/a38eef5de2c41d9e7c9ac10141afddf3","name":"Reda\u00e7\u00e3o JO","image":{"@type":"ImageObject","inLanguage":"pt-PT","@id":"https:\/\/secure.gravatar.com\/avatar\/71f2fa71737ad68a84fea94bc708ddac8ea5b0c4788dc2ad202f3ccb2887742f?s=96&d=wp_user_avatar&r=g","url":"https:\/\/secure.gravatar.com\/avatar\/71f2fa71737ad68a84fea94bc708ddac8ea5b0c4788dc2ad202f3ccb2887742f?s=96&d=wp_user_avatar&r=g","contentUrl":"https:\/\/secure.gravatar.com\/avatar\/71f2fa71737ad68a84fea94bc708ddac8ea5b0c4788dc2ad202f3ccb2887742f?s=96&d=wp_user_avatar&r=g","caption":"Reda\u00e7\u00e3o JO"},"url":"https:\/\/jornaldasoficinas.com\/pt\/author\/joredacao\/"}]}},"_links":{"self":[{"href":"https:\/\/jornaldasoficinas.com\/pt\/wp-json\/wp\/v2\/posts\/68837","targetHints":{"allow":["GET"]}}],"collection":[{"href":"https:\/\/jornaldasoficinas.com\/pt\/wp-json\/wp\/v2\/posts"}],"about":[{"href":"https:\/\/jornaldasoficinas.com\/pt\/wp-json\/wp\/v2\/types\/post"}],"author":[{"embeddable":true,"href":"https:\/\/jornaldasoficinas.com\/pt\/wp-json\/wp\/v2\/users\/15"}],"replies":[{"embeddable":true,"href":"https:\/\/jornaldasoficinas.com\/pt\/wp-json\/wp\/v2\/comments?post=68837"}],"version-history":[{"count":0,"href":"https:\/\/jornaldasoficinas.com\/pt\/wp-json\/wp\/v2\/posts\/68837\/revisions"}],"wp:featuredmedia":[{"embeddable":true,"href":"https:\/\/jornaldasoficinas.com\/pt\/wp-json\/wp\/v2\/media\/68828"}],"wp:attachment":[{"href":"https:\/\/jornaldasoficinas.com\/pt\/wp-json\/wp\/v2\/media?parent=68837"}],"wp:term":[{"taxonomy":"category","embeddable":true,"href":"https:\/\/jornaldasoficinas.com\/pt\/wp-json\/wp\/v2\/categories?post=68837"},{"taxonomy":"post_tag","embeddable":true,"href":"https:\/\/jornaldasoficinas.com\/pt\/wp-json\/wp\/v2\/tags?post=68837"}],"curies":[{"name":"wp","href":"https:\/\/api.w.org\/{rel}","templated":true}]}}