{"id":68845,"date":"2023-07-07T18:00:06","date_gmt":"2023-07-07T17:00:06","guid":{"rendered":"https:\/\/jornaldasoficinas.com\/pt\/?p=68845"},"modified":"2023-07-06T17:16:51","modified_gmt":"2023-07-06T16:16:51","slug":"cobertura-de-diagnostico-padrao-bosch-esitronic-2-0-inclui-ve","status":"publish","type":"post","link":"https:\/\/jornaldasoficinas.com\/pt\/cobertura-de-diagnostico-padrao-bosch-esitronic-2-0-inclui-ve\/","title":{"rendered":"Cobertura de diagn\u00f3stico padr\u00e3o BOSCH ESI[tronic] 2.0 inclui VE"},"content":{"rendered":"<p><strong><img loading=\"lazy\" decoding=\"async\" class=\"alignnone size-full wp-image-68846\" src=\"https:\/\/jornaldasoficinas.com\/pt\/wp-content\/uploads\/2023\/07\/Cobertura-de-diagnostico-padrao-BOSCH-ESItronic-2.0-inclui-VE.jpg\" alt=\"07 - Cobertura de diagnostico padrao BOSCH ESItronic 2.0 inclui VE\" width=\"1024\" height=\"581\" srcset=\"https:\/\/jornaldasoficinas.com\/pt\/wp-content\/uploads\/2023\/07\/Cobertura-de-diagnostico-padrao-BOSCH-ESItronic-2.0-inclui-VE.jpg 1024w, https:\/\/jornaldasoficinas.com\/pt\/wp-content\/uploads\/2023\/07\/Cobertura-de-diagnostico-padrao-BOSCH-ESItronic-2.0-inclui-VE-300x170.jpg 300w, https:\/\/jornaldasoficinas.com\/pt\/wp-content\/uploads\/2023\/07\/Cobertura-de-diagnostico-padrao-BOSCH-ESItronic-2.0-inclui-VE-150x85.jpg 150w, https:\/\/jornaldasoficinas.com\/pt\/wp-content\/uploads\/2023\/07\/Cobertura-de-diagnostico-padrao-BOSCH-ESItronic-2.0-inclui-VE-768x436.jpg 768w\" sizes=\"auto, (max-width: 1024px) 100vw, 1024px\" \/><\/strong><strong>\u00a0<\/strong><\/p>\n<p><strong>Para as oficinas, o crescente n\u00famero de ve\u00edculos h\u00edbridos e el\u00e9tricos apresenta novos desafios. Trabalhar neste tipo de ve\u00edculo requer conhecimento especializado e forma\u00e7\u00e3o espec\u00edfica. Para apoiar as oficinas que trabalham com esses sistemas, o software de diagn\u00f3stico online ESI[tronic] 2.0 da <a href=\"https:\/\/www.bosch.pt\/\" target=\"_blank\" rel=\"noopener\">Bosch<\/a> cobre atualmente mais de 200 modelos de ve\u00edculos el\u00e9tricos e h\u00edbridos<\/strong><\/p>\n<p>Em numerosas opera\u00e7\u00f5es de ve\u00edculos el\u00e9tricos e h\u00edbridos, a prioridade \u00e9 isolar o sistema de alta tens\u00e3o, torn\u00e1-lo seguro e proteger os mec\u00e2nicos de poss\u00edveis eletrocuss\u00f5es. Isso envolve desconectar o sistema de alta tens\u00e3o do ve\u00edculo e descarregar qualquer corrente residual. Depois de desconectar o sistema, os mec\u00e2nicos devem sempre garantir que o ve\u00edculo n\u00e3o pode ser ativado, al\u00e9m de verificar e documentar que n\u00e3o h\u00e1 qualquer tens\u00e3o. Uma vez conclu\u00eddos esses processos, ser\u00e1 seguro trabalhar nos componentes de alta tens\u00e3o, ou perto destes. No entanto, dependendo do fabricante e modelo do ve\u00edculo, o processo e as instru\u00e7\u00f5es de desconex\u00e3o da tens\u00e3o podem variar. Cumprir as especifica\u00e7\u00f5es do fabricante e o isolamento correto da bateria \u00e9 especialmente importante para a seguran\u00e7a da oficina. Com o ESI[tronic] 2.0 Online, a Bosch fornece instru\u00e7\u00f5es detalhadas para o processo de isolamento espec\u00edfico do ve\u00edculo, com base nos dados e especifica\u00e7\u00f5es do fabricante.<\/p>\n<p><strong>Ler e documentar o estado da bateria de alta tens\u00e3o<br \/>\n<\/strong>\u00c0 medida que a bateria de alta tens\u00e3o de um ve\u00edculo el\u00e9trico ou h\u00edbrido envelhece, perde capacidade de armazenamento. Por esta raz\u00e3o, alguns fabricantes de ve\u00edculos fornecem dados de diagn\u00f3stico sobre o estado da bateria, o chamado &#8216;State of Health&#8217; ou SOH (&#8216;Estado de Sa\u00fade&#8217;). Com a atualiza\u00e7\u00e3o de software 2023\/3, uma nova guia &#8220;Bateria HV (SOH)&#8221; aparece na barra de navega\u00e7\u00e3o ESI[tronic]. Desta forma, se o fabricante do ve\u00edculo fornecer os dados correspondentes no sistema de gest\u00e3o de baterias HV, o utilizador do ESI[tronic] pode utilizar esta fun\u00e7\u00e3o para ler e imprimir as informa\u00e7\u00f5es. A integridade da bateria \u00e9 exibida como uma percentagem em compara\u00e7\u00e3o com uma bateria nova. Ao imprimir um relat\u00f3rio SOH gerado pelo ESI[tronic], a oficina pode fornecer aos condutores os valores espec\u00edficos da bateria instalada no seu ve\u00edculo.<\/p>\n<p><strong>Tesla Anomalias no diagn\u00f3stico de modelos Tesla<br \/>\n<\/strong>Atualmente, o ESI[tronic] 2.0 Online inclui os modelos Tesla Model S e Model X. No entanto, como o fabricante americano fez muitas inova\u00e7\u00f5es no campo do diagn\u00f3stico, \u00e9 importante conhecer e observar algumas caracter\u00edsticas especiais para realizar corretamente o diagn\u00f3stico nos ve\u00edculos Tesla. Por exemplo, nos modelos S e X, o pedal do trav\u00e3o deve ser pressionado para colocar o ve\u00edculo no modo que permite o acesso \u00e0s fun\u00e7\u00f5es de diagn\u00f3stico CAN, permitindo que a oficina realize o trabalho com rapidez e efici\u00eancia. A liga\u00e7\u00e3o &#8220;Important Brand Information&#8221; no software de diagn\u00f3stico online ESI[tronic] 2.0 explica esses recursos especiais, dando ao utilizador Esitronic uma vis\u00e3o geral r\u00e1pida de como realizar o diagn\u00f3stico em ve\u00edculos Tesla. Outros modelos da marca, bem como outros modelos el\u00e9tricos e h\u00edbridos de outros fabricantes, ser\u00e3o adicionados em breve ao software de diagn\u00f3stico da Bosch como parte das atualiza\u00e7\u00f5es regulares disponibilizadas.<\/p>\n","protected":false},"excerpt":{"rendered":"<p>\u00a0 Para as oficinas, o crescente&#8230;<\/p>\n","protected":false},"author":15,"featured_media":68846,"comment_status":"closed","ping_status":"closed","sticky":false,"template":"","format":"standard","meta":{"footnotes":""},"categories":[29],"tags":[512,123,5808,89,498],"class_list":["post-68845","post","type-post","status-publish","format-standard","has-post-thumbnail","hentry","category-empresas","tag-baterias","tag-bosch","tag-esitronic-2-0","tag-veiculos-eletricos","tag-veiculos-hibridos"],"yoast_head":"<!-- This site is optimized with the Yoast SEO plugin v27.5 - https:\/\/yoast.com\/product\/yoast-seo-wordpress\/ -->\n<title>Cobertura de diagn\u00f3stico padr\u00e3o BOSCH ESI[tronic] 2.0 inclui VE - Jornal das Oficinas<\/title>\n<meta name=\"description\" content=\"O crescente n\u00famero de ve\u00edculos h\u00edbridos e el\u00e9tricos apresenta novos desafios. O software de diagn\u00f3stico online ESI[tronic] 2.0 da Bosch\" \/>\n<meta name=\"robots\" content=\"index, follow, max-snippet:-1, max-image-preview:large, max-video-preview:-1\" \/>\n<link rel=\"canonical\" href=\"https:\/\/jornaldasoficinas.com\/pt\/cobertura-de-diagnostico-padrao-bosch-esitronic-2-0-inclui-ve\/\" \/>\n<meta property=\"og:locale\" content=\"pt_PT\" \/>\n<meta property=\"og:type\" content=\"article\" \/>\n<meta property=\"og:title\" content=\"Cobertura de diagn\u00f3stico padr\u00e3o BOSCH ESI[tronic] 2.0 inclui VE - Jornal das Oficinas\" \/>\n<meta property=\"og:description\" content=\"O crescente n\u00famero de ve\u00edculos h\u00edbridos e el\u00e9tricos apresenta novos desafios. O software de diagn\u00f3stico online ESI[tronic] 2.0 da Bosch\" \/>\n<meta property=\"og:url\" content=\"https:\/\/jornaldasoficinas.com\/pt\/cobertura-de-diagnostico-padrao-bosch-esitronic-2-0-inclui-ve\/\" \/>\n<meta property=\"og:site_name\" content=\"Jornal das Oficinas\" \/>\n<meta property=\"article:publisher\" content=\"https:\/\/www.facebook.com\/jornaloficinas\" \/>\n<meta property=\"article:published_time\" content=\"2023-07-07T17:00:06+00:00\" \/>\n<meta property=\"og:image\" content=\"https:\/\/jornaldasoficinas.com\/pt\/wp-content\/uploads\/2023\/07\/Cobertura-de-diagnostico-padrao-BOSCH-ESItronic-2.0-inclui-VE.jpg\" \/>\n\t<meta property=\"og:image:width\" content=\"1024\" \/>\n\t<meta property=\"og:image:height\" content=\"581\" \/>\n\t<meta property=\"og:image:type\" content=\"image\/jpeg\" \/>\n<meta name=\"author\" content=\"Reda\u00e7\u00e3o JO\" \/>\n<meta name=\"twitter:card\" content=\"summary_large_image\" \/>\n<meta name=\"twitter:creator\" content=\"@jornaloficinas\" \/>\n<meta name=\"twitter:site\" content=\"@jornaloficinas\" \/>\n<meta name=\"twitter:label1\" content=\"Escrito por\" \/>\n\t<meta name=\"twitter:data1\" content=\"Reda\u00e7\u00e3o JO\" \/>\n\t<meta name=\"twitter:label2\" content=\"Tempo estimado de leitura\" \/>\n\t<meta name=\"twitter:data2\" content=\"3 minutos\" \/>\n<script type=\"application\/ld+json\" class=\"yoast-schema-graph\">{\"@context\":\"https:\\\/\\\/schema.org\",\"@graph\":[{\"@type\":\"Article\",\"@id\":\"https:\\\/\\\/jornaldasoficinas.com\\\/pt\\\/cobertura-de-diagnostico-padrao-bosch-esitronic-2-0-inclui-ve\\\/#article\",\"isPartOf\":{\"@id\":\"https:\\\/\\\/jornaldasoficinas.com\\\/pt\\\/cobertura-de-diagnostico-padrao-bosch-esitronic-2-0-inclui-ve\\\/\"},\"author\":{\"name\":\"Reda\u00e7\u00e3o JO\",\"@id\":\"https:\\\/\\\/jornaldasoficinas.com\\\/pt\\\/#\\\/schema\\\/person\\\/a38eef5de2c41d9e7c9ac10141afddf3\"},\"headline\":\"Cobertura de diagn\u00f3stico padr\u00e3o BOSCH ESI[tronic] 2.0 inclui VE\",\"datePublished\":\"2023-07-07T17:00:06+00:00\",\"mainEntityOfPage\":{\"@id\":\"https:\\\/\\\/jornaldasoficinas.com\\\/pt\\\/cobertura-de-diagnostico-padrao-bosch-esitronic-2-0-inclui-ve\\\/\"},\"wordCount\":586,\"publisher\":{\"@id\":\"https:\\\/\\\/jornaldasoficinas.com\\\/pt\\\/#organization\"},\"image\":{\"@id\":\"https:\\\/\\\/jornaldasoficinas.com\\\/pt\\\/cobertura-de-diagnostico-padrao-bosch-esitronic-2-0-inclui-ve\\\/#primaryimage\"},\"thumbnailUrl\":\"https:\\\/\\\/jornaldasoficinas.com\\\/pt\\\/wp-content\\\/uploads\\\/2023\\\/07\\\/Cobertura-de-diagnostico-padrao-BOSCH-ESItronic-2.0-inclui-VE.jpg\",\"keywords\":[\"Baterias\",\"Bosch\",\"ESI[tronic] 2.0\",\"Ve\u00edculos el\u00e9tricos\",\"Ve\u00edculos h\u00edbridos\"],\"articleSection\":[\"Empresas\"],\"inLanguage\":\"pt-PT\"},{\"@type\":\"WebPage\",\"@id\":\"https:\\\/\\\/jornaldasoficinas.com\\\/pt\\\/cobertura-de-diagnostico-padrao-bosch-esitronic-2-0-inclui-ve\\\/\",\"url\":\"https:\\\/\\\/jornaldasoficinas.com\\\/pt\\\/cobertura-de-diagnostico-padrao-bosch-esitronic-2-0-inclui-ve\\\/\",\"name\":\"Cobertura de diagn\u00f3stico padr\u00e3o BOSCH ESI[tronic] 2.0 inclui VE - Jornal das Oficinas\",\"isPartOf\":{\"@id\":\"https:\\\/\\\/jornaldasoficinas.com\\\/pt\\\/#website\"},\"primaryImageOfPage\":{\"@id\":\"https:\\\/\\\/jornaldasoficinas.com\\\/pt\\\/cobertura-de-diagnostico-padrao-bosch-esitronic-2-0-inclui-ve\\\/#primaryimage\"},\"image\":{\"@id\":\"https:\\\/\\\/jornaldasoficinas.com\\\/pt\\\/cobertura-de-diagnostico-padrao-bosch-esitronic-2-0-inclui-ve\\\/#primaryimage\"},\"thumbnailUrl\":\"https:\\\/\\\/jornaldasoficinas.com\\\/pt\\\/wp-content\\\/uploads\\\/2023\\\/07\\\/Cobertura-de-diagnostico-padrao-BOSCH-ESItronic-2.0-inclui-VE.jpg\",\"datePublished\":\"2023-07-07T17:00:06+00:00\",\"description\":\"O crescente n\u00famero de ve\u00edculos h\u00edbridos e el\u00e9tricos apresenta novos desafios. O software de diagn\u00f3stico online ESI[tronic] 2.0 da Bosch\",\"breadcrumb\":{\"@id\":\"https:\\\/\\\/jornaldasoficinas.com\\\/pt\\\/cobertura-de-diagnostico-padrao-bosch-esitronic-2-0-inclui-ve\\\/#breadcrumb\"},\"inLanguage\":\"pt-PT\",\"potentialAction\":[{\"@type\":\"ReadAction\",\"target\":[\"https:\\\/\\\/jornaldasoficinas.com\\\/pt\\\/cobertura-de-diagnostico-padrao-bosch-esitronic-2-0-inclui-ve\\\/\"]}]},{\"@type\":\"ImageObject\",\"inLanguage\":\"pt-PT\",\"@id\":\"https:\\\/\\\/jornaldasoficinas.com\\\/pt\\\/cobertura-de-diagnostico-padrao-bosch-esitronic-2-0-inclui-ve\\\/#primaryimage\",\"url\":\"https:\\\/\\\/jornaldasoficinas.com\\\/pt\\\/wp-content\\\/uploads\\\/2023\\\/07\\\/Cobertura-de-diagnostico-padrao-BOSCH-ESItronic-2.0-inclui-VE.jpg\",\"contentUrl\":\"https:\\\/\\\/jornaldasoficinas.com\\\/pt\\\/wp-content\\\/uploads\\\/2023\\\/07\\\/Cobertura-de-diagnostico-padrao-BOSCH-ESItronic-2.0-inclui-VE.jpg\",\"width\":1024,\"height\":581,\"caption\":\"07 - Cobertura de diagnostico padrao BOSCH ESItronic 2.0 inclui VE\"},{\"@type\":\"BreadcrumbList\",\"@id\":\"https:\\\/\\\/jornaldasoficinas.com\\\/pt\\\/cobertura-de-diagnostico-padrao-bosch-esitronic-2-0-inclui-ve\\\/#breadcrumb\",\"itemListElement\":[{\"@type\":\"ListItem\",\"position\":1,\"name\":\"In\u00edcio\",\"item\":\"https:\\\/\\\/jornaldasoficinas.com\\\/pt\\\/\"},{\"@type\":\"ListItem\",\"position\":2,\"name\":\"Cobertura de diagn\u00f3stico padr\u00e3o BOSCH ESI[tronic] 2.0 inclui VE\"}]},{\"@type\":\"WebSite\",\"@id\":\"https:\\\/\\\/jornaldasoficinas.com\\\/pt\\\/#website\",\"url\":\"https:\\\/\\\/jornaldasoficinas.com\\\/pt\\\/\",\"name\":\"Jornal das Oficinas\",\"description\":\"Jornal independente do Aftermarket Autom\u00f3vel em Portugal\",\"publisher\":{\"@id\":\"https:\\\/\\\/jornaldasoficinas.com\\\/pt\\\/#organization\"},\"potentialAction\":[{\"@type\":\"SearchAction\",\"target\":{\"@type\":\"EntryPoint\",\"urlTemplate\":\"https:\\\/\\\/jornaldasoficinas.com\\\/pt\\\/?s={search_term_string}\"},\"query-input\":{\"@type\":\"PropertyValueSpecification\",\"valueRequired\":true,\"valueName\":\"search_term_string\"}}],\"inLanguage\":\"pt-PT\"},{\"@type\":\"Organization\",\"@id\":\"https:\\\/\\\/jornaldasoficinas.com\\\/pt\\\/#organization\",\"name\":\"Jornal das Oficinas\",\"url\":\"https:\\\/\\\/jornaldasoficinas.com\\\/pt\\\/\",\"logo\":{\"@type\":\"ImageObject\",\"inLanguage\":\"pt-PT\",\"@id\":\"https:\\\/\\\/jornaldasoficinas.com\\\/pt\\\/#\\\/schema\\\/logo\\\/image\\\/\",\"url\":\"https:\\\/\\\/jornaldasoficinas.com\\\/pt\\\/wp-content\\\/uploads\\\/logoJO-SEO.png\",\"contentUrl\":\"https:\\\/\\\/jornaldasoficinas.com\\\/pt\\\/wp-content\\\/uploads\\\/logoJO-SEO.png\",\"width\":285,\"height\":450,\"caption\":\"Jornal das Oficinas\"},\"image\":{\"@id\":\"https:\\\/\\\/jornaldasoficinas.com\\\/pt\\\/#\\\/schema\\\/logo\\\/image\\\/\"},\"sameAs\":[\"https:\\\/\\\/www.facebook.com\\\/jornaloficinas\",\"https:\\\/\\\/x.com\\\/jornaloficinas\",\"https:\\\/\\\/www.instagram.com\\\/jornal_oficinas\\\/\",\"https:\\\/\\\/www.linkedin.com\\\/company\\\/jornal-das-oficinas\\\/\",\"https:\\\/\\\/www.youtube.com\\\/channel\\\/UCbQZBqtcvV-oSQrr7RzINGg\"]},{\"@type\":\"Person\",\"@id\":\"https:\\\/\\\/jornaldasoficinas.com\\\/pt\\\/#\\\/schema\\\/person\\\/a38eef5de2c41d9e7c9ac10141afddf3\",\"name\":\"Reda\u00e7\u00e3o JO\",\"image\":{\"@type\":\"ImageObject\",\"inLanguage\":\"pt-PT\",\"@id\":\"https:\\\/\\\/secure.gravatar.com\\\/avatar\\\/71f2fa71737ad68a84fea94bc708ddac8ea5b0c4788dc2ad202f3ccb2887742f?s=96&d=wp_user_avatar&r=g\",\"url\":\"https:\\\/\\\/secure.gravatar.com\\\/avatar\\\/71f2fa71737ad68a84fea94bc708ddac8ea5b0c4788dc2ad202f3ccb2887742f?s=96&d=wp_user_avatar&r=g\",\"contentUrl\":\"https:\\\/\\\/secure.gravatar.com\\\/avatar\\\/71f2fa71737ad68a84fea94bc708ddac8ea5b0c4788dc2ad202f3ccb2887742f?s=96&d=wp_user_avatar&r=g\",\"caption\":\"Reda\u00e7\u00e3o JO\"},\"url\":\"https:\\\/\\\/jornaldasoficinas.com\\\/pt\\\/author\\\/joredacao\\\/\"}]}<\/script>\n<!-- \/ Yoast SEO plugin. -->","yoast_head_json":{"title":"Cobertura de diagn\u00f3stico padr\u00e3o BOSCH ESI[tronic] 2.0 inclui VE - Jornal das Oficinas","description":"O crescente n\u00famero de ve\u00edculos h\u00edbridos e el\u00e9tricos apresenta novos desafios. O software de diagn\u00f3stico online ESI[tronic] 2.0 da Bosch","robots":{"index":"index","follow":"follow","max-snippet":"max-snippet:-1","max-image-preview":"max-image-preview:large","max-video-preview":"max-video-preview:-1"},"canonical":"https:\/\/jornaldasoficinas.com\/pt\/cobertura-de-diagnostico-padrao-bosch-esitronic-2-0-inclui-ve\/","og_locale":"pt_PT","og_type":"article","og_title":"Cobertura de diagn\u00f3stico padr\u00e3o BOSCH ESI[tronic] 2.0 inclui VE - Jornal das Oficinas","og_description":"O crescente n\u00famero de ve\u00edculos h\u00edbridos e el\u00e9tricos apresenta novos desafios. O software de diagn\u00f3stico online ESI[tronic] 2.0 da Bosch","og_url":"https:\/\/jornaldasoficinas.com\/pt\/cobertura-de-diagnostico-padrao-bosch-esitronic-2-0-inclui-ve\/","og_site_name":"Jornal das Oficinas","article_publisher":"https:\/\/www.facebook.com\/jornaloficinas","article_published_time":"2023-07-07T17:00:06+00:00","og_image":[{"width":1024,"height":581,"url":"https:\/\/jornaldasoficinas.com\/pt\/wp-content\/uploads\/2023\/07\/Cobertura-de-diagnostico-padrao-BOSCH-ESItronic-2.0-inclui-VE.jpg","type":"image\/jpeg"}],"author":"Reda\u00e7\u00e3o JO","twitter_card":"summary_large_image","twitter_creator":"@jornaloficinas","twitter_site":"@jornaloficinas","twitter_misc":{"Escrito por":"Reda\u00e7\u00e3o JO","Tempo estimado de leitura":"3 minutos"},"schema":{"@context":"https:\/\/schema.org","@graph":[{"@type":"Article","@id":"https:\/\/jornaldasoficinas.com\/pt\/cobertura-de-diagnostico-padrao-bosch-esitronic-2-0-inclui-ve\/#article","isPartOf":{"@id":"https:\/\/jornaldasoficinas.com\/pt\/cobertura-de-diagnostico-padrao-bosch-esitronic-2-0-inclui-ve\/"},"author":{"name":"Reda\u00e7\u00e3o JO","@id":"https:\/\/jornaldasoficinas.com\/pt\/#\/schema\/person\/a38eef5de2c41d9e7c9ac10141afddf3"},"headline":"Cobertura de diagn\u00f3stico padr\u00e3o BOSCH ESI[tronic] 2.0 inclui VE","datePublished":"2023-07-07T17:00:06+00:00","mainEntityOfPage":{"@id":"https:\/\/jornaldasoficinas.com\/pt\/cobertura-de-diagnostico-padrao-bosch-esitronic-2-0-inclui-ve\/"},"wordCount":586,"publisher":{"@id":"https:\/\/jornaldasoficinas.com\/pt\/#organization"},"image":{"@id":"https:\/\/jornaldasoficinas.com\/pt\/cobertura-de-diagnostico-padrao-bosch-esitronic-2-0-inclui-ve\/#primaryimage"},"thumbnailUrl":"https:\/\/jornaldasoficinas.com\/pt\/wp-content\/uploads\/2023\/07\/Cobertura-de-diagnostico-padrao-BOSCH-ESItronic-2.0-inclui-VE.jpg","keywords":["Baterias","Bosch","ESI[tronic] 2.0","Ve\u00edculos el\u00e9tricos","Ve\u00edculos h\u00edbridos"],"articleSection":["Empresas"],"inLanguage":"pt-PT"},{"@type":"WebPage","@id":"https:\/\/jornaldasoficinas.com\/pt\/cobertura-de-diagnostico-padrao-bosch-esitronic-2-0-inclui-ve\/","url":"https:\/\/jornaldasoficinas.com\/pt\/cobertura-de-diagnostico-padrao-bosch-esitronic-2-0-inclui-ve\/","name":"Cobertura de diagn\u00f3stico padr\u00e3o BOSCH ESI[tronic] 2.0 inclui VE - Jornal das Oficinas","isPartOf":{"@id":"https:\/\/jornaldasoficinas.com\/pt\/#website"},"primaryImageOfPage":{"@id":"https:\/\/jornaldasoficinas.com\/pt\/cobertura-de-diagnostico-padrao-bosch-esitronic-2-0-inclui-ve\/#primaryimage"},"image":{"@id":"https:\/\/jornaldasoficinas.com\/pt\/cobertura-de-diagnostico-padrao-bosch-esitronic-2-0-inclui-ve\/#primaryimage"},"thumbnailUrl":"https:\/\/jornaldasoficinas.com\/pt\/wp-content\/uploads\/2023\/07\/Cobertura-de-diagnostico-padrao-BOSCH-ESItronic-2.0-inclui-VE.jpg","datePublished":"2023-07-07T17:00:06+00:00","description":"O crescente n\u00famero de ve\u00edculos h\u00edbridos e el\u00e9tricos apresenta novos desafios. O software de diagn\u00f3stico online ESI[tronic] 2.0 da Bosch","breadcrumb":{"@id":"https:\/\/jornaldasoficinas.com\/pt\/cobertura-de-diagnostico-padrao-bosch-esitronic-2-0-inclui-ve\/#breadcrumb"},"inLanguage":"pt-PT","potentialAction":[{"@type":"ReadAction","target":["https:\/\/jornaldasoficinas.com\/pt\/cobertura-de-diagnostico-padrao-bosch-esitronic-2-0-inclui-ve\/"]}]},{"@type":"ImageObject","inLanguage":"pt-PT","@id":"https:\/\/jornaldasoficinas.com\/pt\/cobertura-de-diagnostico-padrao-bosch-esitronic-2-0-inclui-ve\/#primaryimage","url":"https:\/\/jornaldasoficinas.com\/pt\/wp-content\/uploads\/2023\/07\/Cobertura-de-diagnostico-padrao-BOSCH-ESItronic-2.0-inclui-VE.jpg","contentUrl":"https:\/\/jornaldasoficinas.com\/pt\/wp-content\/uploads\/2023\/07\/Cobertura-de-diagnostico-padrao-BOSCH-ESItronic-2.0-inclui-VE.jpg","width":1024,"height":581,"caption":"07 - Cobertura de diagnostico padrao BOSCH ESItronic 2.0 inclui VE"},{"@type":"BreadcrumbList","@id":"https:\/\/jornaldasoficinas.com\/pt\/cobertura-de-diagnostico-padrao-bosch-esitronic-2-0-inclui-ve\/#breadcrumb","itemListElement":[{"@type":"ListItem","position":1,"name":"In\u00edcio","item":"https:\/\/jornaldasoficinas.com\/pt\/"},{"@type":"ListItem","position":2,"name":"Cobertura de diagn\u00f3stico padr\u00e3o BOSCH ESI[tronic] 2.0 inclui VE"}]},{"@type":"WebSite","@id":"https:\/\/jornaldasoficinas.com\/pt\/#website","url":"https:\/\/jornaldasoficinas.com\/pt\/","name":"Jornal das Oficinas","description":"Jornal independente do Aftermarket Autom\u00f3vel em Portugal","publisher":{"@id":"https:\/\/jornaldasoficinas.com\/pt\/#organization"},"potentialAction":[{"@type":"SearchAction","target":{"@type":"EntryPoint","urlTemplate":"https:\/\/jornaldasoficinas.com\/pt\/?s={search_term_string}"},"query-input":{"@type":"PropertyValueSpecification","valueRequired":true,"valueName":"search_term_string"}}],"inLanguage":"pt-PT"},{"@type":"Organization","@id":"https:\/\/jornaldasoficinas.com\/pt\/#organization","name":"Jornal das Oficinas","url":"https:\/\/jornaldasoficinas.com\/pt\/","logo":{"@type":"ImageObject","inLanguage":"pt-PT","@id":"https:\/\/jornaldasoficinas.com\/pt\/#\/schema\/logo\/image\/","url":"https:\/\/jornaldasoficinas.com\/pt\/wp-content\/uploads\/logoJO-SEO.png","contentUrl":"https:\/\/jornaldasoficinas.com\/pt\/wp-content\/uploads\/logoJO-SEO.png","width":285,"height":450,"caption":"Jornal das Oficinas"},"image":{"@id":"https:\/\/jornaldasoficinas.com\/pt\/#\/schema\/logo\/image\/"},"sameAs":["https:\/\/www.facebook.com\/jornaloficinas","https:\/\/x.com\/jornaloficinas","https:\/\/www.instagram.com\/jornal_oficinas\/","https:\/\/www.linkedin.com\/company\/jornal-das-oficinas\/","https:\/\/www.youtube.com\/channel\/UCbQZBqtcvV-oSQrr7RzINGg"]},{"@type":"Person","@id":"https:\/\/jornaldasoficinas.com\/pt\/#\/schema\/person\/a38eef5de2c41d9e7c9ac10141afddf3","name":"Reda\u00e7\u00e3o JO","image":{"@type":"ImageObject","inLanguage":"pt-PT","@id":"https:\/\/secure.gravatar.com\/avatar\/71f2fa71737ad68a84fea94bc708ddac8ea5b0c4788dc2ad202f3ccb2887742f?s=96&d=wp_user_avatar&r=g","url":"https:\/\/secure.gravatar.com\/avatar\/71f2fa71737ad68a84fea94bc708ddac8ea5b0c4788dc2ad202f3ccb2887742f?s=96&d=wp_user_avatar&r=g","contentUrl":"https:\/\/secure.gravatar.com\/avatar\/71f2fa71737ad68a84fea94bc708ddac8ea5b0c4788dc2ad202f3ccb2887742f?s=96&d=wp_user_avatar&r=g","caption":"Reda\u00e7\u00e3o JO"},"url":"https:\/\/jornaldasoficinas.com\/pt\/author\/joredacao\/"}]}},"_links":{"self":[{"href":"https:\/\/jornaldasoficinas.com\/pt\/wp-json\/wp\/v2\/posts\/68845","targetHints":{"allow":["GET"]}}],"collection":[{"href":"https:\/\/jornaldasoficinas.com\/pt\/wp-json\/wp\/v2\/posts"}],"about":[{"href":"https:\/\/jornaldasoficinas.com\/pt\/wp-json\/wp\/v2\/types\/post"}],"author":[{"embeddable":true,"href":"https:\/\/jornaldasoficinas.com\/pt\/wp-json\/wp\/v2\/users\/15"}],"replies":[{"embeddable":true,"href":"https:\/\/jornaldasoficinas.com\/pt\/wp-json\/wp\/v2\/comments?post=68845"}],"version-history":[{"count":0,"href":"https:\/\/jornaldasoficinas.com\/pt\/wp-json\/wp\/v2\/posts\/68845\/revisions"}],"wp:featuredmedia":[{"embeddable":true,"href":"https:\/\/jornaldasoficinas.com\/pt\/wp-json\/wp\/v2\/media\/68846"}],"wp:attachment":[{"href":"https:\/\/jornaldasoficinas.com\/pt\/wp-json\/wp\/v2\/media?parent=68845"}],"wp:term":[{"taxonomy":"category","embeddable":true,"href":"https:\/\/jornaldasoficinas.com\/pt\/wp-json\/wp\/v2\/categories?post=68845"},{"taxonomy":"post_tag","embeddable":true,"href":"https:\/\/jornaldasoficinas.com\/pt\/wp-json\/wp\/v2\/tags?post=68845"}],"curies":[{"name":"wp","href":"https:\/\/api.w.org\/{rel}","templated":true}]}}