{"id":68864,"date":"2023-07-08T09:00:07","date_gmt":"2023-07-08T08:00:07","guid":{"rendered":"https:\/\/jornaldasoficinas.com\/pt\/?p=68864"},"modified":"2023-07-08T09:20:10","modified_gmt":"2023-07-08T08:20:10","slug":"jornal-das-oficinas-de-julho-agosto-ja-disponivel-online-3","status":"publish","type":"post","link":"https:\/\/jornaldasoficinas.com\/pt\/jornal-das-oficinas-de-julho-agosto-ja-disponivel-online-3\/","title":{"rendered":"Jornal das Oficinas de julho\/agosto j\u00e1 dispon\u00edvel online"},"content":{"rendered":"<p><img loading=\"lazy\" decoding=\"async\" class=\"alignnone size-full wp-image-68903\" src=\"https:\/\/jornaldasoficinas.com\/pt\/wp-content\/uploads\/2023\/07\/jo210-NL-Big-1.jpg\" alt=\"07 - jo210 NL Big 1\" width=\"1024\" height=\"581\" srcset=\"https:\/\/jornaldasoficinas.com\/pt\/wp-content\/uploads\/2023\/07\/jo210-NL-Big-1.jpg 1024w, https:\/\/jornaldasoficinas.com\/pt\/wp-content\/uploads\/2023\/07\/jo210-NL-Big-1-300x170.jpg 300w, https:\/\/jornaldasoficinas.com\/pt\/wp-content\/uploads\/2023\/07\/jo210-NL-Big-1-150x85.jpg 150w, https:\/\/jornaldasoficinas.com\/pt\/wp-content\/uploads\/2023\/07\/jo210-NL-Big-1-768x436.jpg 768w\" sizes=\"auto, (max-width: 1024px) 100vw, 1024px\" \/><\/p>\n<p><strong>Na edi\u00e7\u00e3o de julho\/agosto do Jornal das Oficinas, o artigo de destaque \u00e9 sobre Equipamentos Oficinais. A evolu\u00e7\u00e3o tecnol\u00f3gica, a par do desenvolvimento de novos materiais e t\u00e9cnicas de fabrico traduz-se numa inova\u00e7\u00e3o constante. Os equipamentos de oficina t\u00eam obrigatoriamente de seguir esta tend\u00eancia, com desenvolvimento, evolu\u00e7\u00e3o e especializa\u00e7\u00e3o<\/strong><\/p>\n<p><a href=\"https:\/\/www.apcomunicacao.com\/challenge-oficinas\" target=\"_blank\" rel=\"noopener\">Competi\u00e7\u00e3o Challenge Oficinas<\/a> &#8211; A Final do Challenge Oficinas 2023, este ano dedicado \u00e0s redes oficinais, contou com sete oficinas finalistas, tendo sido a mais participada de sempre. Durante um dia intenso de provas, todas demonstraram empenho, compet\u00eancia e conhecimento, tendo o triunfo sorrido \u00e0 Auto Esteves, de Viana do Castelo<\/p>\n<p>A <a href=\"https:\/\/www.emobility.pt\/\" target=\"_blank\" rel=\"noopener\">Campanha E-Mobility<\/a> aborda o tema das repara\u00e7\u00f5es de ve\u00edculos el\u00e9tricos. Existem regulamentos que as oficinas devem ter em considera\u00e7\u00e3o a fim de realizarem trabalhos nos ve\u00edculos el\u00e9tricos com seguran\u00e7a, e que est\u00e3o definidos nos Decretos-Lei 144\/2012 e 90\/2014<\/p>\n<p>Nesta edi\u00e7\u00e3o temos v\u00e1rias entrevistas: Cl\u00e9ment de Valon, Vice-Presidente Executivo <a href=\"https:\/\/tmdfriction.com\/\" target=\"_blank\" rel=\"noopener\">TMD Friction<\/a>; Dmitry Zadorojnii, Co-CEO da <a href=\"https:\/\/www.auto-doc.pt\/?wgu=279245_1552155_16888035907158_e9a5800c2c&amp;wgexpiry=1720339590&amp;source=webgains&amp;siteid=1552155\" target=\"_blank\" rel=\"noopener\">Autodoc<\/a>; H\u00e9lio Figueiredo, respons\u00e1vel DP.A.A. &#8211; <a href=\"https:\/\/www.dpautomotive.pt\/pt-pt\/SignIn?returnurl=%2fpt-pt%2f\" target=\"_blank\" rel=\"noopener\">DP Automotive Aftermarket Portugal<\/a>; e Jo\u00e3o Costa, gerente <a href=\"https:\/\/www.mikfil.com\/client\/skins\/portuguese\/default.asp\" target=\"_blank\" rel=\"noopener\">Costa, Nunes &amp; Costa<\/a><\/p>\n<p>Estivemos em v\u00e1rios eventos de empresas e marcas do aftermarket e destacamos a 8\u00aa Conven\u00e7\u00e3o <a href=\"https:\/\/aserautomotive.com\/\" target=\"_blank\" rel=\"noopener\">ASER<\/a>, o Global Media Event da <a href=\"https:\/\/www.indasa-abrasives.com\/global\/en\" target=\"_blank\" rel=\"noopener\">Indasa<\/a>, o Parts Fest 2023 da <a href=\"https:\/\/www.civiparts.com\/civiparts\/pt\/\" target=\"_blank\" rel=\"noopener\">Civiparts<\/a> e <a href=\"https:\/\/www.onedrive.pt\/onedrive\/pt\/\" target=\"_blank\" rel=\"noopener\">OneDrive<\/a>, e ainda o Open Day da <a href=\"https:\/\/www.yuasa.pt\/\" target=\"_blank\" rel=\"noopener\">Yuasa<\/a>.<\/p>\n<p>6\u00ba Sal\u00e3o Nacional do Transporte &#8211; Fruto da persist\u00eancia da <a href=\"https:\/\/www.antram.pt\/\" target=\"_blank\" rel=\"noopener\">ANTRAM<\/a> e mantendo o foco na divulga\u00e7\u00e3o do setor dos transportes, realizou-se de 30 junho a 2 julho, o 6\u00ba Sal\u00e3o Nacional do Transporte que levou ao Pavilh\u00e3o Expocentro, em Pombal, mais de 15.000 visitantes, 100 expositores e muitas atividades paralelas.<\/p>\n<p>A Oficina do M\u00eas \u00e9 a SDK Pneus, do <a href=\"https:\/\/sandokan.pt\/\" target=\"_blank\" rel=\"noopener\">Grupo Sandokan<\/a> que celebrou 17 anos e abriu novas instala\u00e7\u00f5es na zona industrial do Neiva, numa parceria com a Vulco.<\/p>\n<p>O tema da T\u00e9cnica &amp; Servi\u00e7o \u00e9 sobre as avarias comuns e os ru\u00eddos que produzem. Algumas das avarias mais comuns s\u00e3o facilmente identificadas apenas pelo seu som. O ru\u00eddo que o autom\u00f3vel produz pode dar pistas para anteciparmos um problema maior.<\/p>\n<p>Boas leituras e boas f\u00e9rias<\/p>\n<p><iframe loading=\"lazy\" src=\"https:\/\/www.yumpu.com\/pt\/embed\/view\/Xyix0qlpcksnohN2\" width=\"620px\" height=\"526px\" frameborder=\"0\" allowfullscreen=\"allowfullscreen\"><\/iframe><\/p>\n","protected":false},"excerpt":{"rendered":"<p>Na edi\u00e7\u00e3o de julho\/agosto do Jornal&#8230;<\/p>\n","protected":false},"author":15,"featured_media":68903,"comment_status":"closed","ping_status":"closed","sticky":false,"template":"","format":"standard","meta":{"footnotes":""},"categories":[411],"tags":[103,255,2456,3602,57,5442,5820,5823,423,55,5824,802,291],"class_list":["post-68864","post","type-post","status-publish","format-standard","has-post-thumbnail","hentry","category-edicoes-jo","tag-antram","tag-aser","tag-autodoc","tag-campanha-e-mobility","tag-civiparts","tag-competicao-challenge-oficinas","tag-costa-nunes-costa","tag-dp-automotive-aftermarket-portugal","tag-indasa","tag-onedrive","tag-sdk-pneus","tag-tmd-friction","tag-yuasa"],"yoast_head":"<!-- This site is optimized with the Yoast SEO plugin v27.5 - https:\/\/yoast.com\/product\/yoast-seo-wordpress\/ -->\n<title>Jornal das Oficinas de julho\/agosto j\u00e1 dispon\u00edvel online - Jornal das Oficinas<\/title>\n<meta name=\"description\" content=\"Na edi\u00e7\u00e3o de julho\/agosto do Jornal das Oficinas, o artigo de destaque \u00e9 sobre Equipamentos Oficinais\" \/>\n<meta name=\"robots\" content=\"index, follow, max-snippet:-1, max-image-preview:large, max-video-preview:-1\" \/>\n<link rel=\"canonical\" href=\"https:\/\/jornaldasoficinas.com\/pt\/jornal-das-oficinas-de-julho-agosto-ja-disponivel-online-3\/\" \/>\n<meta property=\"og:locale\" content=\"pt_PT\" \/>\n<meta property=\"og:type\" content=\"article\" \/>\n<meta property=\"og:title\" content=\"Jornal das Oficinas de julho\/agosto j\u00e1 dispon\u00edvel online - Jornal das Oficinas\" \/>\n<meta property=\"og:description\" content=\"Na edi\u00e7\u00e3o de julho\/agosto do Jornal das Oficinas, o artigo de destaque \u00e9 sobre Equipamentos Oficinais\" \/>\n<meta property=\"og:url\" content=\"https:\/\/jornaldasoficinas.com\/pt\/jornal-das-oficinas-de-julho-agosto-ja-disponivel-online-3\/\" \/>\n<meta property=\"og:site_name\" content=\"Jornal das Oficinas\" \/>\n<meta property=\"article:publisher\" content=\"https:\/\/www.facebook.com\/jornaloficinas\" \/>\n<meta property=\"article:published_time\" content=\"2023-07-08T08:00:07+00:00\" \/>\n<meta property=\"article:modified_time\" content=\"2023-07-08T08:20:10+00:00\" \/>\n<meta property=\"og:image\" content=\"https:\/\/jornaldasoficinas.com\/pt\/wp-content\/uploads\/2023\/07\/jo210-NL-Big-1.jpg\" \/>\n\t<meta property=\"og:image:width\" content=\"1024\" \/>\n\t<meta property=\"og:image:height\" content=\"581\" \/>\n\t<meta property=\"og:image:type\" content=\"image\/jpeg\" \/>\n<meta name=\"author\" content=\"Reda\u00e7\u00e3o JO\" \/>\n<meta name=\"twitter:card\" content=\"summary_large_image\" \/>\n<meta name=\"twitter:creator\" content=\"@jornaloficinas\" \/>\n<meta name=\"twitter:site\" content=\"@jornaloficinas\" \/>\n<meta name=\"twitter:label1\" content=\"Escrito por\" \/>\n\t<meta name=\"twitter:data1\" content=\"Reda\u00e7\u00e3o JO\" \/>\n\t<meta name=\"twitter:label2\" content=\"Tempo estimado de leitura\" \/>\n\t<meta name=\"twitter:data2\" content=\"2 minutos\" \/>\n<script type=\"application\/ld+json\" class=\"yoast-schema-graph\">{\"@context\":\"https:\\\/\\\/schema.org\",\"@graph\":[{\"@type\":\"Article\",\"@id\":\"https:\\\/\\\/jornaldasoficinas.com\\\/pt\\\/jornal-das-oficinas-de-julho-agosto-ja-disponivel-online-3\\\/#article\",\"isPartOf\":{\"@id\":\"https:\\\/\\\/jornaldasoficinas.com\\\/pt\\\/jornal-das-oficinas-de-julho-agosto-ja-disponivel-online-3\\\/\"},\"author\":{\"name\":\"Reda\u00e7\u00e3o JO\",\"@id\":\"https:\\\/\\\/jornaldasoficinas.com\\\/pt\\\/#\\\/schema\\\/person\\\/a38eef5de2c41d9e7c9ac10141afddf3\"},\"headline\":\"Jornal das Oficinas de julho\\\/agosto j\u00e1 dispon\u00edvel online\",\"datePublished\":\"2023-07-08T08:00:07+00:00\",\"dateModified\":\"2023-07-08T08:20:10+00:00\",\"mainEntityOfPage\":{\"@id\":\"https:\\\/\\\/jornaldasoficinas.com\\\/pt\\\/jornal-das-oficinas-de-julho-agosto-ja-disponivel-online-3\\\/\"},\"wordCount\":375,\"publisher\":{\"@id\":\"https:\\\/\\\/jornaldasoficinas.com\\\/pt\\\/#organization\"},\"image\":{\"@id\":\"https:\\\/\\\/jornaldasoficinas.com\\\/pt\\\/jornal-das-oficinas-de-julho-agosto-ja-disponivel-online-3\\\/#primaryimage\"},\"thumbnailUrl\":\"https:\\\/\\\/jornaldasoficinas.com\\\/pt\\\/wp-content\\\/uploads\\\/2023\\\/07\\\/jo210-NL-Big-1.jpg\",\"keywords\":[\"ANTRAM\",\"ASER\",\"Autodoc\",\"Campanha E-Mobility\",\"Civiparts\",\"Competi\u00e7\u00e3o Challenge Oficinas\",\"Costa Nunes &amp; Costa\",\"DP Automotive Aftermarket Portugal\",\"Indasa\",\"ONEDRIVE\",\"SDK Pneus\",\"TMD Friction\",\"Yuasa\"],\"articleSection\":[\"Edi\u00e7\u00f5es JO\"],\"inLanguage\":\"pt-PT\"},{\"@type\":\"WebPage\",\"@id\":\"https:\\\/\\\/jornaldasoficinas.com\\\/pt\\\/jornal-das-oficinas-de-julho-agosto-ja-disponivel-online-3\\\/\",\"url\":\"https:\\\/\\\/jornaldasoficinas.com\\\/pt\\\/jornal-das-oficinas-de-julho-agosto-ja-disponivel-online-3\\\/\",\"name\":\"Jornal das Oficinas de julho\\\/agosto j\u00e1 dispon\u00edvel online - Jornal das Oficinas\",\"isPartOf\":{\"@id\":\"https:\\\/\\\/jornaldasoficinas.com\\\/pt\\\/#website\"},\"primaryImageOfPage\":{\"@id\":\"https:\\\/\\\/jornaldasoficinas.com\\\/pt\\\/jornal-das-oficinas-de-julho-agosto-ja-disponivel-online-3\\\/#primaryimage\"},\"image\":{\"@id\":\"https:\\\/\\\/jornaldasoficinas.com\\\/pt\\\/jornal-das-oficinas-de-julho-agosto-ja-disponivel-online-3\\\/#primaryimage\"},\"thumbnailUrl\":\"https:\\\/\\\/jornaldasoficinas.com\\\/pt\\\/wp-content\\\/uploads\\\/2023\\\/07\\\/jo210-NL-Big-1.jpg\",\"datePublished\":\"2023-07-08T08:00:07+00:00\",\"dateModified\":\"2023-07-08T08:20:10+00:00\",\"description\":\"Na edi\u00e7\u00e3o de julho\\\/agosto do Jornal das Oficinas, o artigo de destaque \u00e9 sobre Equipamentos Oficinais\",\"breadcrumb\":{\"@id\":\"https:\\\/\\\/jornaldasoficinas.com\\\/pt\\\/jornal-das-oficinas-de-julho-agosto-ja-disponivel-online-3\\\/#breadcrumb\"},\"inLanguage\":\"pt-PT\",\"potentialAction\":[{\"@type\":\"ReadAction\",\"target\":[\"https:\\\/\\\/jornaldasoficinas.com\\\/pt\\\/jornal-das-oficinas-de-julho-agosto-ja-disponivel-online-3\\\/\"]}]},{\"@type\":\"ImageObject\",\"inLanguage\":\"pt-PT\",\"@id\":\"https:\\\/\\\/jornaldasoficinas.com\\\/pt\\\/jornal-das-oficinas-de-julho-agosto-ja-disponivel-online-3\\\/#primaryimage\",\"url\":\"https:\\\/\\\/jornaldasoficinas.com\\\/pt\\\/wp-content\\\/uploads\\\/2023\\\/07\\\/jo210-NL-Big-1.jpg\",\"contentUrl\":\"https:\\\/\\\/jornaldasoficinas.com\\\/pt\\\/wp-content\\\/uploads\\\/2023\\\/07\\\/jo210-NL-Big-1.jpg\",\"width\":1024,\"height\":581,\"caption\":\"07 - jo210 NL Big 1\"},{\"@type\":\"BreadcrumbList\",\"@id\":\"https:\\\/\\\/jornaldasoficinas.com\\\/pt\\\/jornal-das-oficinas-de-julho-agosto-ja-disponivel-online-3\\\/#breadcrumb\",\"itemListElement\":[{\"@type\":\"ListItem\",\"position\":1,\"name\":\"In\u00edcio\",\"item\":\"https:\\\/\\\/jornaldasoficinas.com\\\/pt\\\/\"},{\"@type\":\"ListItem\",\"position\":2,\"name\":\"Jornal das Oficinas de julho\\\/agosto j\u00e1 dispon\u00edvel online\"}]},{\"@type\":\"WebSite\",\"@id\":\"https:\\\/\\\/jornaldasoficinas.com\\\/pt\\\/#website\",\"url\":\"https:\\\/\\\/jornaldasoficinas.com\\\/pt\\\/\",\"name\":\"Jornal das Oficinas\",\"description\":\"Jornal independente do Aftermarket Autom\u00f3vel em Portugal\",\"publisher\":{\"@id\":\"https:\\\/\\\/jornaldasoficinas.com\\\/pt\\\/#organization\"},\"potentialAction\":[{\"@type\":\"SearchAction\",\"target\":{\"@type\":\"EntryPoint\",\"urlTemplate\":\"https:\\\/\\\/jornaldasoficinas.com\\\/pt\\\/?s={search_term_string}\"},\"query-input\":{\"@type\":\"PropertyValueSpecification\",\"valueRequired\":true,\"valueName\":\"search_term_string\"}}],\"inLanguage\":\"pt-PT\"},{\"@type\":\"Organization\",\"@id\":\"https:\\\/\\\/jornaldasoficinas.com\\\/pt\\\/#organization\",\"name\":\"Jornal das Oficinas\",\"url\":\"https:\\\/\\\/jornaldasoficinas.com\\\/pt\\\/\",\"logo\":{\"@type\":\"ImageObject\",\"inLanguage\":\"pt-PT\",\"@id\":\"https:\\\/\\\/jornaldasoficinas.com\\\/pt\\\/#\\\/schema\\\/logo\\\/image\\\/\",\"url\":\"https:\\\/\\\/jornaldasoficinas.com\\\/pt\\\/wp-content\\\/uploads\\\/logoJO-SEO.png\",\"contentUrl\":\"https:\\\/\\\/jornaldasoficinas.com\\\/pt\\\/wp-content\\\/uploads\\\/logoJO-SEO.png\",\"width\":285,\"height\":450,\"caption\":\"Jornal das Oficinas\"},\"image\":{\"@id\":\"https:\\\/\\\/jornaldasoficinas.com\\\/pt\\\/#\\\/schema\\\/logo\\\/image\\\/\"},\"sameAs\":[\"https:\\\/\\\/www.facebook.com\\\/jornaloficinas\",\"https:\\\/\\\/x.com\\\/jornaloficinas\",\"https:\\\/\\\/www.instagram.com\\\/jornal_oficinas\\\/\",\"https:\\\/\\\/www.linkedin.com\\\/company\\\/jornal-das-oficinas\\\/\",\"https:\\\/\\\/www.youtube.com\\\/channel\\\/UCbQZBqtcvV-oSQrr7RzINGg\"]},{\"@type\":\"Person\",\"@id\":\"https:\\\/\\\/jornaldasoficinas.com\\\/pt\\\/#\\\/schema\\\/person\\\/a38eef5de2c41d9e7c9ac10141afddf3\",\"name\":\"Reda\u00e7\u00e3o JO\",\"image\":{\"@type\":\"ImageObject\",\"inLanguage\":\"pt-PT\",\"@id\":\"https:\\\/\\\/secure.gravatar.com\\\/avatar\\\/71f2fa71737ad68a84fea94bc708ddac8ea5b0c4788dc2ad202f3ccb2887742f?s=96&d=wp_user_avatar&r=g\",\"url\":\"https:\\\/\\\/secure.gravatar.com\\\/avatar\\\/71f2fa71737ad68a84fea94bc708ddac8ea5b0c4788dc2ad202f3ccb2887742f?s=96&d=wp_user_avatar&r=g\",\"contentUrl\":\"https:\\\/\\\/secure.gravatar.com\\\/avatar\\\/71f2fa71737ad68a84fea94bc708ddac8ea5b0c4788dc2ad202f3ccb2887742f?s=96&d=wp_user_avatar&r=g\",\"caption\":\"Reda\u00e7\u00e3o JO\"},\"url\":\"https:\\\/\\\/jornaldasoficinas.com\\\/pt\\\/author\\\/joredacao\\\/\"}]}<\/script>\n<!-- \/ Yoast SEO plugin. -->","yoast_head_json":{"title":"Jornal das Oficinas de julho\/agosto j\u00e1 dispon\u00edvel online - Jornal das Oficinas","description":"Na edi\u00e7\u00e3o de julho\/agosto do Jornal das Oficinas, o artigo de destaque \u00e9 sobre Equipamentos Oficinais","robots":{"index":"index","follow":"follow","max-snippet":"max-snippet:-1","max-image-preview":"max-image-preview:large","max-video-preview":"max-video-preview:-1"},"canonical":"https:\/\/jornaldasoficinas.com\/pt\/jornal-das-oficinas-de-julho-agosto-ja-disponivel-online-3\/","og_locale":"pt_PT","og_type":"article","og_title":"Jornal das Oficinas de julho\/agosto j\u00e1 dispon\u00edvel online - Jornal das Oficinas","og_description":"Na edi\u00e7\u00e3o de julho\/agosto do Jornal das Oficinas, o artigo de destaque \u00e9 sobre Equipamentos Oficinais","og_url":"https:\/\/jornaldasoficinas.com\/pt\/jornal-das-oficinas-de-julho-agosto-ja-disponivel-online-3\/","og_site_name":"Jornal das Oficinas","article_publisher":"https:\/\/www.facebook.com\/jornaloficinas","article_published_time":"2023-07-08T08:00:07+00:00","article_modified_time":"2023-07-08T08:20:10+00:00","og_image":[{"width":1024,"height":581,"url":"https:\/\/jornaldasoficinas.com\/pt\/wp-content\/uploads\/2023\/07\/jo210-NL-Big-1.jpg","type":"image\/jpeg"}],"author":"Reda\u00e7\u00e3o JO","twitter_card":"summary_large_image","twitter_creator":"@jornaloficinas","twitter_site":"@jornaloficinas","twitter_misc":{"Escrito por":"Reda\u00e7\u00e3o JO","Tempo estimado de leitura":"2 minutos"},"schema":{"@context":"https:\/\/schema.org","@graph":[{"@type":"Article","@id":"https:\/\/jornaldasoficinas.com\/pt\/jornal-das-oficinas-de-julho-agosto-ja-disponivel-online-3\/#article","isPartOf":{"@id":"https:\/\/jornaldasoficinas.com\/pt\/jornal-das-oficinas-de-julho-agosto-ja-disponivel-online-3\/"},"author":{"name":"Reda\u00e7\u00e3o JO","@id":"https:\/\/jornaldasoficinas.com\/pt\/#\/schema\/person\/a38eef5de2c41d9e7c9ac10141afddf3"},"headline":"Jornal das Oficinas de julho\/agosto j\u00e1 dispon\u00edvel online","datePublished":"2023-07-08T08:00:07+00:00","dateModified":"2023-07-08T08:20:10+00:00","mainEntityOfPage":{"@id":"https:\/\/jornaldasoficinas.com\/pt\/jornal-das-oficinas-de-julho-agosto-ja-disponivel-online-3\/"},"wordCount":375,"publisher":{"@id":"https:\/\/jornaldasoficinas.com\/pt\/#organization"},"image":{"@id":"https:\/\/jornaldasoficinas.com\/pt\/jornal-das-oficinas-de-julho-agosto-ja-disponivel-online-3\/#primaryimage"},"thumbnailUrl":"https:\/\/jornaldasoficinas.com\/pt\/wp-content\/uploads\/2023\/07\/jo210-NL-Big-1.jpg","keywords":["ANTRAM","ASER","Autodoc","Campanha E-Mobility","Civiparts","Competi\u00e7\u00e3o Challenge Oficinas","Costa Nunes &amp; Costa","DP Automotive Aftermarket Portugal","Indasa","ONEDRIVE","SDK Pneus","TMD Friction","Yuasa"],"articleSection":["Edi\u00e7\u00f5es JO"],"inLanguage":"pt-PT"},{"@type":"WebPage","@id":"https:\/\/jornaldasoficinas.com\/pt\/jornal-das-oficinas-de-julho-agosto-ja-disponivel-online-3\/","url":"https:\/\/jornaldasoficinas.com\/pt\/jornal-das-oficinas-de-julho-agosto-ja-disponivel-online-3\/","name":"Jornal das Oficinas de julho\/agosto j\u00e1 dispon\u00edvel online - Jornal das Oficinas","isPartOf":{"@id":"https:\/\/jornaldasoficinas.com\/pt\/#website"},"primaryImageOfPage":{"@id":"https:\/\/jornaldasoficinas.com\/pt\/jornal-das-oficinas-de-julho-agosto-ja-disponivel-online-3\/#primaryimage"},"image":{"@id":"https:\/\/jornaldasoficinas.com\/pt\/jornal-das-oficinas-de-julho-agosto-ja-disponivel-online-3\/#primaryimage"},"thumbnailUrl":"https:\/\/jornaldasoficinas.com\/pt\/wp-content\/uploads\/2023\/07\/jo210-NL-Big-1.jpg","datePublished":"2023-07-08T08:00:07+00:00","dateModified":"2023-07-08T08:20:10+00:00","description":"Na edi\u00e7\u00e3o de julho\/agosto do Jornal das Oficinas, o artigo de destaque \u00e9 sobre Equipamentos Oficinais","breadcrumb":{"@id":"https:\/\/jornaldasoficinas.com\/pt\/jornal-das-oficinas-de-julho-agosto-ja-disponivel-online-3\/#breadcrumb"},"inLanguage":"pt-PT","potentialAction":[{"@type":"ReadAction","target":["https:\/\/jornaldasoficinas.com\/pt\/jornal-das-oficinas-de-julho-agosto-ja-disponivel-online-3\/"]}]},{"@type":"ImageObject","inLanguage":"pt-PT","@id":"https:\/\/jornaldasoficinas.com\/pt\/jornal-das-oficinas-de-julho-agosto-ja-disponivel-online-3\/#primaryimage","url":"https:\/\/jornaldasoficinas.com\/pt\/wp-content\/uploads\/2023\/07\/jo210-NL-Big-1.jpg","contentUrl":"https:\/\/jornaldasoficinas.com\/pt\/wp-content\/uploads\/2023\/07\/jo210-NL-Big-1.jpg","width":1024,"height":581,"caption":"07 - jo210 NL Big 1"},{"@type":"BreadcrumbList","@id":"https:\/\/jornaldasoficinas.com\/pt\/jornal-das-oficinas-de-julho-agosto-ja-disponivel-online-3\/#breadcrumb","itemListElement":[{"@type":"ListItem","position":1,"name":"In\u00edcio","item":"https:\/\/jornaldasoficinas.com\/pt\/"},{"@type":"ListItem","position":2,"name":"Jornal das Oficinas de julho\/agosto j\u00e1 dispon\u00edvel online"}]},{"@type":"WebSite","@id":"https:\/\/jornaldasoficinas.com\/pt\/#website","url":"https:\/\/jornaldasoficinas.com\/pt\/","name":"Jornal das Oficinas","description":"Jornal independente do Aftermarket Autom\u00f3vel em Portugal","publisher":{"@id":"https:\/\/jornaldasoficinas.com\/pt\/#organization"},"potentialAction":[{"@type":"SearchAction","target":{"@type":"EntryPoint","urlTemplate":"https:\/\/jornaldasoficinas.com\/pt\/?s={search_term_string}"},"query-input":{"@type":"PropertyValueSpecification","valueRequired":true,"valueName":"search_term_string"}}],"inLanguage":"pt-PT"},{"@type":"Organization","@id":"https:\/\/jornaldasoficinas.com\/pt\/#organization","name":"Jornal das Oficinas","url":"https:\/\/jornaldasoficinas.com\/pt\/","logo":{"@type":"ImageObject","inLanguage":"pt-PT","@id":"https:\/\/jornaldasoficinas.com\/pt\/#\/schema\/logo\/image\/","url":"https:\/\/jornaldasoficinas.com\/pt\/wp-content\/uploads\/logoJO-SEO.png","contentUrl":"https:\/\/jornaldasoficinas.com\/pt\/wp-content\/uploads\/logoJO-SEO.png","width":285,"height":450,"caption":"Jornal das Oficinas"},"image":{"@id":"https:\/\/jornaldasoficinas.com\/pt\/#\/schema\/logo\/image\/"},"sameAs":["https:\/\/www.facebook.com\/jornaloficinas","https:\/\/x.com\/jornaloficinas","https:\/\/www.instagram.com\/jornal_oficinas\/","https:\/\/www.linkedin.com\/company\/jornal-das-oficinas\/","https:\/\/www.youtube.com\/channel\/UCbQZBqtcvV-oSQrr7RzINGg"]},{"@type":"Person","@id":"https:\/\/jornaldasoficinas.com\/pt\/#\/schema\/person\/a38eef5de2c41d9e7c9ac10141afddf3","name":"Reda\u00e7\u00e3o JO","image":{"@type":"ImageObject","inLanguage":"pt-PT","@id":"https:\/\/secure.gravatar.com\/avatar\/71f2fa71737ad68a84fea94bc708ddac8ea5b0c4788dc2ad202f3ccb2887742f?s=96&d=wp_user_avatar&r=g","url":"https:\/\/secure.gravatar.com\/avatar\/71f2fa71737ad68a84fea94bc708ddac8ea5b0c4788dc2ad202f3ccb2887742f?s=96&d=wp_user_avatar&r=g","contentUrl":"https:\/\/secure.gravatar.com\/avatar\/71f2fa71737ad68a84fea94bc708ddac8ea5b0c4788dc2ad202f3ccb2887742f?s=96&d=wp_user_avatar&r=g","caption":"Reda\u00e7\u00e3o JO"},"url":"https:\/\/jornaldasoficinas.com\/pt\/author\/joredacao\/"}]}},"_links":{"self":[{"href":"https:\/\/jornaldasoficinas.com\/pt\/wp-json\/wp\/v2\/posts\/68864","targetHints":{"allow":["GET"]}}],"collection":[{"href":"https:\/\/jornaldasoficinas.com\/pt\/wp-json\/wp\/v2\/posts"}],"about":[{"href":"https:\/\/jornaldasoficinas.com\/pt\/wp-json\/wp\/v2\/types\/post"}],"author":[{"embeddable":true,"href":"https:\/\/jornaldasoficinas.com\/pt\/wp-json\/wp\/v2\/users\/15"}],"replies":[{"embeddable":true,"href":"https:\/\/jornaldasoficinas.com\/pt\/wp-json\/wp\/v2\/comments?post=68864"}],"version-history":[{"count":0,"href":"https:\/\/jornaldasoficinas.com\/pt\/wp-json\/wp\/v2\/posts\/68864\/revisions"}],"wp:featuredmedia":[{"embeddable":true,"href":"https:\/\/jornaldasoficinas.com\/pt\/wp-json\/wp\/v2\/media\/68903"}],"wp:attachment":[{"href":"https:\/\/jornaldasoficinas.com\/pt\/wp-json\/wp\/v2\/media?parent=68864"}],"wp:term":[{"taxonomy":"category","embeddable":true,"href":"https:\/\/jornaldasoficinas.com\/pt\/wp-json\/wp\/v2\/categories?post=68864"},{"taxonomy":"post_tag","embeddable":true,"href":"https:\/\/jornaldasoficinas.com\/pt\/wp-json\/wp\/v2\/tags?post=68864"}],"curies":[{"name":"wp","href":"https:\/\/api.w.org\/{rel}","templated":true}]}}