{"id":68958,"date":"2023-07-10T16:00:26","date_gmt":"2023-07-10T15:00:26","guid":{"rendered":"https:\/\/jornaldasoficinas.com\/pt\/?p=68958"},"modified":"2023-07-11T18:53:55","modified_gmt":"2023-07-11T17:53:55","slug":"discos-de-travao-bmw-e-mercedes-tem-assinatura-meyle","status":"publish","type":"post","link":"https:\/\/jornaldasoficinas.com\/pt\/discos-de-travao-bmw-e-mercedes-tem-assinatura-meyle\/","title":{"rendered":"Discos de trav\u00e3o MEYLE PD dispon\u00edveis para BMW e Mercedes"},"content":{"rendered":"<p><strong><img loading=\"lazy\" decoding=\"async\" class=\"alignnone size-full wp-image-68851\" src=\"https:\/\/jornaldasoficinas.com\/pt\/wp-content\/uploads\/2023\/07\/Discos-de-travao-BMW-e-Mercedes-tem-assinatura-MEYLE.jpg\" alt=\"07 - Discos de travao BMW e Mercedes tem assinatura MEYLE\" width=\"1024\" height=\"581\" srcset=\"https:\/\/jornaldasoficinas.com\/pt\/wp-content\/uploads\/2023\/07\/Discos-de-travao-BMW-e-Mercedes-tem-assinatura-MEYLE.jpg 1024w, https:\/\/jornaldasoficinas.com\/pt\/wp-content\/uploads\/2023\/07\/Discos-de-travao-BMW-e-Mercedes-tem-assinatura-MEYLE-300x170.jpg 300w, https:\/\/jornaldasoficinas.com\/pt\/wp-content\/uploads\/2023\/07\/Discos-de-travao-BMW-e-Mercedes-tem-assinatura-MEYLE-150x85.jpg 150w, https:\/\/jornaldasoficinas.com\/pt\/wp-content\/uploads\/2023\/07\/Discos-de-travao-BMW-e-Mercedes-tem-assinatura-MEYLE-768x436.jpg 768w\" sizes=\"auto, (max-width: 1024px) 100vw, 1024px\" \/><\/strong><\/p>\n<p><strong>A <a href=\"https:\/\/www.meyle.com\/pt\/\" target=\"_blank\" rel=\"noopener\">MEYLE<\/a>, ampliou a sua gama de produtos com os discos de trav\u00e3o de duas pe\u00e7as MEYLE PD para os modelos mais populares das marcas <a href=\"https:\/\/www.bmw.pt\/pt\/index.html\" target=\"_blank\" rel=\"noopener\">BMW<\/a> e <a href=\"https:\/\/www.mercedes-benz.pt\/passengercars.html\" target=\"_blank\" rel=\"noopener\">Mercedes<\/a>. Os novos discos de trav\u00e3o j\u00e1 est\u00e3o dispon\u00edveis e oferecem ao cliente as habituais carater\u00edsticas da pe\u00e7a original<\/strong><\/p>\n<p>Gra\u00e7as \u00e0 amplia\u00e7\u00e3o da sua gama de produtos, a MEYLE continua a conquistar o aftermarket dos trav\u00f5es, com solu\u00e7\u00f5es em \u00e1reas que, at\u00e9 \u00e0 data, eram exclusivas dos fabricantes de ve\u00edculos com as respetivas pe\u00e7as originais. A partir de agora, est\u00e3o dispon\u00edveis sete novas refer\u00eancias dos discos de trav\u00e3o de duas pe\u00e7as MEYLE PD para os modelos BMW das s\u00e9ries 3 a 8, X3 a X5 e Z4, e para os modelos Mercedes das classes C e E.<\/p>\n<p>Os discos de trav\u00e3o s\u00e3o compostos por um cubo de alum\u00ednio ou de a\u00e7o estampado, ao qual est\u00e1 rebitado um anel de fric\u00e7\u00e3o de ferro fundido. Al\u00e9m disso, os discos de trav\u00e3o MEYLE PD de duas pe\u00e7as apresentam as t\u00edpicas caracter\u00edsticas MEYLE PD: elevado desempenho, conforto de condu\u00e7\u00e3o e design apurado. Al\u00e9m disso, possuem certifica\u00e7\u00e3o ECE-R90 e n\u00e3o requerem desengorduramento, devido ao revestimento de alta qualidade da sua superf\u00edcie.<\/p>\n<p>Deste modo, fica assegurada uma prote\u00e7\u00e3o duradoura contra a corros\u00e3o. Devido \u00e0 maior propor\u00e7\u00e3o de carbono, os discos de trav\u00e3o de duas pe\u00e7as s\u00e3o altamente resistentes contra deforma\u00e7\u00f5es provocadas por calor, mesmo quando sujeitos a cargas t\u00e9rmicas elevadas, nomeadamente em descidas acentuadas, proporcionando um conforto de condu\u00e7\u00e3o duradouro, sem vibra\u00e7\u00f5es. Para uma instala\u00e7\u00e3o eficiente na oficina, 99% dos discos de trav\u00e3o possuem um parafuso de fixa\u00e7\u00e3o.<\/p>\n","protected":false},"excerpt":{"rendered":"<p>A MEYLE, ampliou a sua gama&#8230;<\/p>\n","protected":false},"author":15,"featured_media":68851,"comment_status":"closed","ping_status":"closed","sticky":false,"template":"","format":"standard","meta":{"footnotes":""},"categories":[29],"tags":[81,285,1516,69],"class_list":["post-68958","post","type-post","status-publish","format-standard","has-post-thumbnail","hentry","category-empresas","tag-bmw","tag-discos-de-travao","tag-mercedes","tag-meyle"],"yoast_head":"<!-- This site is optimized with the Yoast SEO plugin v27.5 - https:\/\/yoast.com\/product\/yoast-seo-wordpress\/ -->\n<title>Discos de trav\u00e3o MEYLE PD dispon\u00edveis para BMW e Mercedes - Jornal das Oficinas<\/title>\n<meta name=\"description\" content=\"A MEYLE, ampliou a sua gama de produtos com os discos de trav\u00e3o de duas pe\u00e7as para os modelos mais populares das marcas BMW e Mercedes\" \/>\n<meta name=\"robots\" content=\"index, follow, max-snippet:-1, max-image-preview:large, max-video-preview:-1\" \/>\n<link rel=\"canonical\" href=\"https:\/\/jornaldasoficinas.com\/pt\/discos-de-travao-bmw-e-mercedes-tem-assinatura-meyle\/\" \/>\n<meta property=\"og:locale\" content=\"pt_PT\" \/>\n<meta property=\"og:type\" content=\"article\" \/>\n<meta property=\"og:title\" content=\"Discos de trav\u00e3o MEYLE PD dispon\u00edveis para BMW e Mercedes - Jornal das Oficinas\" \/>\n<meta property=\"og:description\" content=\"A MEYLE, ampliou a sua gama de produtos com os discos de trav\u00e3o de duas pe\u00e7as para os modelos mais populares das marcas BMW e Mercedes\" \/>\n<meta property=\"og:url\" content=\"https:\/\/jornaldasoficinas.com\/pt\/discos-de-travao-bmw-e-mercedes-tem-assinatura-meyle\/\" \/>\n<meta property=\"og:site_name\" content=\"Jornal das Oficinas\" \/>\n<meta property=\"article:publisher\" content=\"https:\/\/www.facebook.com\/jornaloficinas\" \/>\n<meta property=\"article:published_time\" content=\"2023-07-10T15:00:26+00:00\" \/>\n<meta property=\"article:modified_time\" content=\"2023-07-11T17:53:55+00:00\" \/>\n<meta property=\"og:image\" content=\"https:\/\/jornaldasoficinas.com\/pt\/wp-content\/uploads\/2023\/07\/Discos-de-travao-BMW-e-Mercedes-tem-assinatura-MEYLE.jpg\" \/>\n\t<meta property=\"og:image:width\" content=\"1024\" \/>\n\t<meta property=\"og:image:height\" content=\"581\" \/>\n\t<meta property=\"og:image:type\" content=\"image\/jpeg\" \/>\n<meta name=\"author\" content=\"Reda\u00e7\u00e3o JO\" \/>\n<meta name=\"twitter:card\" content=\"summary_large_image\" \/>\n<meta name=\"twitter:creator\" content=\"@jornaloficinas\" \/>\n<meta name=\"twitter:site\" content=\"@jornaloficinas\" \/>\n<meta name=\"twitter:label1\" content=\"Escrito por\" \/>\n\t<meta name=\"twitter:data1\" content=\"Reda\u00e7\u00e3o JO\" \/>\n\t<meta name=\"twitter:label2\" content=\"Tempo estimado de leitura\" \/>\n\t<meta name=\"twitter:data2\" content=\"2 minutos\" \/>\n<script type=\"application\/ld+json\" class=\"yoast-schema-graph\">{\"@context\":\"https:\\\/\\\/schema.org\",\"@graph\":[{\"@type\":\"Article\",\"@id\":\"https:\\\/\\\/jornaldasoficinas.com\\\/pt\\\/discos-de-travao-bmw-e-mercedes-tem-assinatura-meyle\\\/#article\",\"isPartOf\":{\"@id\":\"https:\\\/\\\/jornaldasoficinas.com\\\/pt\\\/discos-de-travao-bmw-e-mercedes-tem-assinatura-meyle\\\/\"},\"author\":{\"name\":\"Reda\u00e7\u00e3o JO\",\"@id\":\"https:\\\/\\\/jornaldasoficinas.com\\\/pt\\\/#\\\/schema\\\/person\\\/a38eef5de2c41d9e7c9ac10141afddf3\"},\"headline\":\"Discos de trav\u00e3o MEYLE PD dispon\u00edveis para BMW e Mercedes\",\"datePublished\":\"2023-07-10T15:00:26+00:00\",\"dateModified\":\"2023-07-11T17:53:55+00:00\",\"mainEntityOfPage\":{\"@id\":\"https:\\\/\\\/jornaldasoficinas.com\\\/pt\\\/discos-de-travao-bmw-e-mercedes-tem-assinatura-meyle\\\/\"},\"wordCount\":312,\"publisher\":{\"@id\":\"https:\\\/\\\/jornaldasoficinas.com\\\/pt\\\/#organization\"},\"image\":{\"@id\":\"https:\\\/\\\/jornaldasoficinas.com\\\/pt\\\/discos-de-travao-bmw-e-mercedes-tem-assinatura-meyle\\\/#primaryimage\"},\"thumbnailUrl\":\"https:\\\/\\\/jornaldasoficinas.com\\\/pt\\\/wp-content\\\/uploads\\\/2023\\\/07\\\/Discos-de-travao-BMW-e-Mercedes-tem-assinatura-MEYLE.jpg\",\"keywords\":[\"BMW\",\"Discos de trav\u00e3o\",\"Mercedes\",\"MEYLE\"],\"articleSection\":[\"Empresas\"],\"inLanguage\":\"pt-PT\"},{\"@type\":\"WebPage\",\"@id\":\"https:\\\/\\\/jornaldasoficinas.com\\\/pt\\\/discos-de-travao-bmw-e-mercedes-tem-assinatura-meyle\\\/\",\"url\":\"https:\\\/\\\/jornaldasoficinas.com\\\/pt\\\/discos-de-travao-bmw-e-mercedes-tem-assinatura-meyle\\\/\",\"name\":\"Discos de trav\u00e3o MEYLE PD dispon\u00edveis para BMW e Mercedes - Jornal das Oficinas\",\"isPartOf\":{\"@id\":\"https:\\\/\\\/jornaldasoficinas.com\\\/pt\\\/#website\"},\"primaryImageOfPage\":{\"@id\":\"https:\\\/\\\/jornaldasoficinas.com\\\/pt\\\/discos-de-travao-bmw-e-mercedes-tem-assinatura-meyle\\\/#primaryimage\"},\"image\":{\"@id\":\"https:\\\/\\\/jornaldasoficinas.com\\\/pt\\\/discos-de-travao-bmw-e-mercedes-tem-assinatura-meyle\\\/#primaryimage\"},\"thumbnailUrl\":\"https:\\\/\\\/jornaldasoficinas.com\\\/pt\\\/wp-content\\\/uploads\\\/2023\\\/07\\\/Discos-de-travao-BMW-e-Mercedes-tem-assinatura-MEYLE.jpg\",\"datePublished\":\"2023-07-10T15:00:26+00:00\",\"dateModified\":\"2023-07-11T17:53:55+00:00\",\"description\":\"A MEYLE, ampliou a sua gama de produtos com os discos de trav\u00e3o de duas pe\u00e7as para os modelos mais populares das marcas BMW e Mercedes\",\"breadcrumb\":{\"@id\":\"https:\\\/\\\/jornaldasoficinas.com\\\/pt\\\/discos-de-travao-bmw-e-mercedes-tem-assinatura-meyle\\\/#breadcrumb\"},\"inLanguage\":\"pt-PT\",\"potentialAction\":[{\"@type\":\"ReadAction\",\"target\":[\"https:\\\/\\\/jornaldasoficinas.com\\\/pt\\\/discos-de-travao-bmw-e-mercedes-tem-assinatura-meyle\\\/\"]}]},{\"@type\":\"ImageObject\",\"inLanguage\":\"pt-PT\",\"@id\":\"https:\\\/\\\/jornaldasoficinas.com\\\/pt\\\/discos-de-travao-bmw-e-mercedes-tem-assinatura-meyle\\\/#primaryimage\",\"url\":\"https:\\\/\\\/jornaldasoficinas.com\\\/pt\\\/wp-content\\\/uploads\\\/2023\\\/07\\\/Discos-de-travao-BMW-e-Mercedes-tem-assinatura-MEYLE.jpg\",\"contentUrl\":\"https:\\\/\\\/jornaldasoficinas.com\\\/pt\\\/wp-content\\\/uploads\\\/2023\\\/07\\\/Discos-de-travao-BMW-e-Mercedes-tem-assinatura-MEYLE.jpg\",\"width\":1024,\"height\":581,\"caption\":\"07 - Discos de travao BMW e Mercedes tem assinatura MEYLE\"},{\"@type\":\"BreadcrumbList\",\"@id\":\"https:\\\/\\\/jornaldasoficinas.com\\\/pt\\\/discos-de-travao-bmw-e-mercedes-tem-assinatura-meyle\\\/#breadcrumb\",\"itemListElement\":[{\"@type\":\"ListItem\",\"position\":1,\"name\":\"In\u00edcio\",\"item\":\"https:\\\/\\\/jornaldasoficinas.com\\\/pt\\\/\"},{\"@type\":\"ListItem\",\"position\":2,\"name\":\"Discos de trav\u00e3o MEYLE PD dispon\u00edveis para BMW e Mercedes\"}]},{\"@type\":\"WebSite\",\"@id\":\"https:\\\/\\\/jornaldasoficinas.com\\\/pt\\\/#website\",\"url\":\"https:\\\/\\\/jornaldasoficinas.com\\\/pt\\\/\",\"name\":\"Jornal das Oficinas\",\"description\":\"Jornal independente do Aftermarket Autom\u00f3vel em Portugal\",\"publisher\":{\"@id\":\"https:\\\/\\\/jornaldasoficinas.com\\\/pt\\\/#organization\"},\"potentialAction\":[{\"@type\":\"SearchAction\",\"target\":{\"@type\":\"EntryPoint\",\"urlTemplate\":\"https:\\\/\\\/jornaldasoficinas.com\\\/pt\\\/?s={search_term_string}\"},\"query-input\":{\"@type\":\"PropertyValueSpecification\",\"valueRequired\":true,\"valueName\":\"search_term_string\"}}],\"inLanguage\":\"pt-PT\"},{\"@type\":\"Organization\",\"@id\":\"https:\\\/\\\/jornaldasoficinas.com\\\/pt\\\/#organization\",\"name\":\"Jornal das Oficinas\",\"url\":\"https:\\\/\\\/jornaldasoficinas.com\\\/pt\\\/\",\"logo\":{\"@type\":\"ImageObject\",\"inLanguage\":\"pt-PT\",\"@id\":\"https:\\\/\\\/jornaldasoficinas.com\\\/pt\\\/#\\\/schema\\\/logo\\\/image\\\/\",\"url\":\"https:\\\/\\\/jornaldasoficinas.com\\\/pt\\\/wp-content\\\/uploads\\\/logoJO-SEO.png\",\"contentUrl\":\"https:\\\/\\\/jornaldasoficinas.com\\\/pt\\\/wp-content\\\/uploads\\\/logoJO-SEO.png\",\"width\":285,\"height\":450,\"caption\":\"Jornal das Oficinas\"},\"image\":{\"@id\":\"https:\\\/\\\/jornaldasoficinas.com\\\/pt\\\/#\\\/schema\\\/logo\\\/image\\\/\"},\"sameAs\":[\"https:\\\/\\\/www.facebook.com\\\/jornaloficinas\",\"https:\\\/\\\/x.com\\\/jornaloficinas\",\"https:\\\/\\\/www.instagram.com\\\/jornal_oficinas\\\/\",\"https:\\\/\\\/www.linkedin.com\\\/company\\\/jornal-das-oficinas\\\/\",\"https:\\\/\\\/www.youtube.com\\\/channel\\\/UCbQZBqtcvV-oSQrr7RzINGg\"]},{\"@type\":\"Person\",\"@id\":\"https:\\\/\\\/jornaldasoficinas.com\\\/pt\\\/#\\\/schema\\\/person\\\/a38eef5de2c41d9e7c9ac10141afddf3\",\"name\":\"Reda\u00e7\u00e3o JO\",\"image\":{\"@type\":\"ImageObject\",\"inLanguage\":\"pt-PT\",\"@id\":\"https:\\\/\\\/secure.gravatar.com\\\/avatar\\\/71f2fa71737ad68a84fea94bc708ddac8ea5b0c4788dc2ad202f3ccb2887742f?s=96&d=wp_user_avatar&r=g\",\"url\":\"https:\\\/\\\/secure.gravatar.com\\\/avatar\\\/71f2fa71737ad68a84fea94bc708ddac8ea5b0c4788dc2ad202f3ccb2887742f?s=96&d=wp_user_avatar&r=g\",\"contentUrl\":\"https:\\\/\\\/secure.gravatar.com\\\/avatar\\\/71f2fa71737ad68a84fea94bc708ddac8ea5b0c4788dc2ad202f3ccb2887742f?s=96&d=wp_user_avatar&r=g\",\"caption\":\"Reda\u00e7\u00e3o JO\"},\"url\":\"https:\\\/\\\/jornaldasoficinas.com\\\/pt\\\/author\\\/joredacao\\\/\"}]}<\/script>\n<!-- \/ Yoast SEO plugin. -->","yoast_head_json":{"title":"Discos de trav\u00e3o MEYLE PD dispon\u00edveis para BMW e Mercedes - Jornal das Oficinas","description":"A MEYLE, ampliou a sua gama de produtos com os discos de trav\u00e3o de duas pe\u00e7as para os modelos mais populares das marcas BMW e Mercedes","robots":{"index":"index","follow":"follow","max-snippet":"max-snippet:-1","max-image-preview":"max-image-preview:large","max-video-preview":"max-video-preview:-1"},"canonical":"https:\/\/jornaldasoficinas.com\/pt\/discos-de-travao-bmw-e-mercedes-tem-assinatura-meyle\/","og_locale":"pt_PT","og_type":"article","og_title":"Discos de trav\u00e3o MEYLE PD dispon\u00edveis para BMW e Mercedes - Jornal das Oficinas","og_description":"A MEYLE, ampliou a sua gama de produtos com os discos de trav\u00e3o de duas pe\u00e7as para os modelos mais populares das marcas BMW e Mercedes","og_url":"https:\/\/jornaldasoficinas.com\/pt\/discos-de-travao-bmw-e-mercedes-tem-assinatura-meyle\/","og_site_name":"Jornal das Oficinas","article_publisher":"https:\/\/www.facebook.com\/jornaloficinas","article_published_time":"2023-07-10T15:00:26+00:00","article_modified_time":"2023-07-11T17:53:55+00:00","og_image":[{"width":1024,"height":581,"url":"https:\/\/jornaldasoficinas.com\/pt\/wp-content\/uploads\/2023\/07\/Discos-de-travao-BMW-e-Mercedes-tem-assinatura-MEYLE.jpg","type":"image\/jpeg"}],"author":"Reda\u00e7\u00e3o JO","twitter_card":"summary_large_image","twitter_creator":"@jornaloficinas","twitter_site":"@jornaloficinas","twitter_misc":{"Escrito por":"Reda\u00e7\u00e3o JO","Tempo estimado de leitura":"2 minutos"},"schema":{"@context":"https:\/\/schema.org","@graph":[{"@type":"Article","@id":"https:\/\/jornaldasoficinas.com\/pt\/discos-de-travao-bmw-e-mercedes-tem-assinatura-meyle\/#article","isPartOf":{"@id":"https:\/\/jornaldasoficinas.com\/pt\/discos-de-travao-bmw-e-mercedes-tem-assinatura-meyle\/"},"author":{"name":"Reda\u00e7\u00e3o JO","@id":"https:\/\/jornaldasoficinas.com\/pt\/#\/schema\/person\/a38eef5de2c41d9e7c9ac10141afddf3"},"headline":"Discos de trav\u00e3o MEYLE PD dispon\u00edveis para BMW e Mercedes","datePublished":"2023-07-10T15:00:26+00:00","dateModified":"2023-07-11T17:53:55+00:00","mainEntityOfPage":{"@id":"https:\/\/jornaldasoficinas.com\/pt\/discos-de-travao-bmw-e-mercedes-tem-assinatura-meyle\/"},"wordCount":312,"publisher":{"@id":"https:\/\/jornaldasoficinas.com\/pt\/#organization"},"image":{"@id":"https:\/\/jornaldasoficinas.com\/pt\/discos-de-travao-bmw-e-mercedes-tem-assinatura-meyle\/#primaryimage"},"thumbnailUrl":"https:\/\/jornaldasoficinas.com\/pt\/wp-content\/uploads\/2023\/07\/Discos-de-travao-BMW-e-Mercedes-tem-assinatura-MEYLE.jpg","keywords":["BMW","Discos de trav\u00e3o","Mercedes","MEYLE"],"articleSection":["Empresas"],"inLanguage":"pt-PT"},{"@type":"WebPage","@id":"https:\/\/jornaldasoficinas.com\/pt\/discos-de-travao-bmw-e-mercedes-tem-assinatura-meyle\/","url":"https:\/\/jornaldasoficinas.com\/pt\/discos-de-travao-bmw-e-mercedes-tem-assinatura-meyle\/","name":"Discos de trav\u00e3o MEYLE PD dispon\u00edveis para BMW e Mercedes - Jornal das Oficinas","isPartOf":{"@id":"https:\/\/jornaldasoficinas.com\/pt\/#website"},"primaryImageOfPage":{"@id":"https:\/\/jornaldasoficinas.com\/pt\/discos-de-travao-bmw-e-mercedes-tem-assinatura-meyle\/#primaryimage"},"image":{"@id":"https:\/\/jornaldasoficinas.com\/pt\/discos-de-travao-bmw-e-mercedes-tem-assinatura-meyle\/#primaryimage"},"thumbnailUrl":"https:\/\/jornaldasoficinas.com\/pt\/wp-content\/uploads\/2023\/07\/Discos-de-travao-BMW-e-Mercedes-tem-assinatura-MEYLE.jpg","datePublished":"2023-07-10T15:00:26+00:00","dateModified":"2023-07-11T17:53:55+00:00","description":"A MEYLE, ampliou a sua gama de produtos com os discos de trav\u00e3o de duas pe\u00e7as para os modelos mais populares das marcas BMW e Mercedes","breadcrumb":{"@id":"https:\/\/jornaldasoficinas.com\/pt\/discos-de-travao-bmw-e-mercedes-tem-assinatura-meyle\/#breadcrumb"},"inLanguage":"pt-PT","potentialAction":[{"@type":"ReadAction","target":["https:\/\/jornaldasoficinas.com\/pt\/discos-de-travao-bmw-e-mercedes-tem-assinatura-meyle\/"]}]},{"@type":"ImageObject","inLanguage":"pt-PT","@id":"https:\/\/jornaldasoficinas.com\/pt\/discos-de-travao-bmw-e-mercedes-tem-assinatura-meyle\/#primaryimage","url":"https:\/\/jornaldasoficinas.com\/pt\/wp-content\/uploads\/2023\/07\/Discos-de-travao-BMW-e-Mercedes-tem-assinatura-MEYLE.jpg","contentUrl":"https:\/\/jornaldasoficinas.com\/pt\/wp-content\/uploads\/2023\/07\/Discos-de-travao-BMW-e-Mercedes-tem-assinatura-MEYLE.jpg","width":1024,"height":581,"caption":"07 - Discos de travao BMW e Mercedes tem assinatura MEYLE"},{"@type":"BreadcrumbList","@id":"https:\/\/jornaldasoficinas.com\/pt\/discos-de-travao-bmw-e-mercedes-tem-assinatura-meyle\/#breadcrumb","itemListElement":[{"@type":"ListItem","position":1,"name":"In\u00edcio","item":"https:\/\/jornaldasoficinas.com\/pt\/"},{"@type":"ListItem","position":2,"name":"Discos de trav\u00e3o MEYLE PD dispon\u00edveis para BMW e Mercedes"}]},{"@type":"WebSite","@id":"https:\/\/jornaldasoficinas.com\/pt\/#website","url":"https:\/\/jornaldasoficinas.com\/pt\/","name":"Jornal das Oficinas","description":"Jornal independente do Aftermarket Autom\u00f3vel em Portugal","publisher":{"@id":"https:\/\/jornaldasoficinas.com\/pt\/#organization"},"potentialAction":[{"@type":"SearchAction","target":{"@type":"EntryPoint","urlTemplate":"https:\/\/jornaldasoficinas.com\/pt\/?s={search_term_string}"},"query-input":{"@type":"PropertyValueSpecification","valueRequired":true,"valueName":"search_term_string"}}],"inLanguage":"pt-PT"},{"@type":"Organization","@id":"https:\/\/jornaldasoficinas.com\/pt\/#organization","name":"Jornal das Oficinas","url":"https:\/\/jornaldasoficinas.com\/pt\/","logo":{"@type":"ImageObject","inLanguage":"pt-PT","@id":"https:\/\/jornaldasoficinas.com\/pt\/#\/schema\/logo\/image\/","url":"https:\/\/jornaldasoficinas.com\/pt\/wp-content\/uploads\/logoJO-SEO.png","contentUrl":"https:\/\/jornaldasoficinas.com\/pt\/wp-content\/uploads\/logoJO-SEO.png","width":285,"height":450,"caption":"Jornal das Oficinas"},"image":{"@id":"https:\/\/jornaldasoficinas.com\/pt\/#\/schema\/logo\/image\/"},"sameAs":["https:\/\/www.facebook.com\/jornaloficinas","https:\/\/x.com\/jornaloficinas","https:\/\/www.instagram.com\/jornal_oficinas\/","https:\/\/www.linkedin.com\/company\/jornal-das-oficinas\/","https:\/\/www.youtube.com\/channel\/UCbQZBqtcvV-oSQrr7RzINGg"]},{"@type":"Person","@id":"https:\/\/jornaldasoficinas.com\/pt\/#\/schema\/person\/a38eef5de2c41d9e7c9ac10141afddf3","name":"Reda\u00e7\u00e3o JO","image":{"@type":"ImageObject","inLanguage":"pt-PT","@id":"https:\/\/secure.gravatar.com\/avatar\/71f2fa71737ad68a84fea94bc708ddac8ea5b0c4788dc2ad202f3ccb2887742f?s=96&d=wp_user_avatar&r=g","url":"https:\/\/secure.gravatar.com\/avatar\/71f2fa71737ad68a84fea94bc708ddac8ea5b0c4788dc2ad202f3ccb2887742f?s=96&d=wp_user_avatar&r=g","contentUrl":"https:\/\/secure.gravatar.com\/avatar\/71f2fa71737ad68a84fea94bc708ddac8ea5b0c4788dc2ad202f3ccb2887742f?s=96&d=wp_user_avatar&r=g","caption":"Reda\u00e7\u00e3o JO"},"url":"https:\/\/jornaldasoficinas.com\/pt\/author\/joredacao\/"}]}},"_links":{"self":[{"href":"https:\/\/jornaldasoficinas.com\/pt\/wp-json\/wp\/v2\/posts\/68958","targetHints":{"allow":["GET"]}}],"collection":[{"href":"https:\/\/jornaldasoficinas.com\/pt\/wp-json\/wp\/v2\/posts"}],"about":[{"href":"https:\/\/jornaldasoficinas.com\/pt\/wp-json\/wp\/v2\/types\/post"}],"author":[{"embeddable":true,"href":"https:\/\/jornaldasoficinas.com\/pt\/wp-json\/wp\/v2\/users\/15"}],"replies":[{"embeddable":true,"href":"https:\/\/jornaldasoficinas.com\/pt\/wp-json\/wp\/v2\/comments?post=68958"}],"version-history":[{"count":0,"href":"https:\/\/jornaldasoficinas.com\/pt\/wp-json\/wp\/v2\/posts\/68958\/revisions"}],"wp:featuredmedia":[{"embeddable":true,"href":"https:\/\/jornaldasoficinas.com\/pt\/wp-json\/wp\/v2\/media\/68851"}],"wp:attachment":[{"href":"https:\/\/jornaldasoficinas.com\/pt\/wp-json\/wp\/v2\/media?parent=68958"}],"wp:term":[{"taxonomy":"category","embeddable":true,"href":"https:\/\/jornaldasoficinas.com\/pt\/wp-json\/wp\/v2\/categories?post=68958"},{"taxonomy":"post_tag","embeddable":true,"href":"https:\/\/jornaldasoficinas.com\/pt\/wp-json\/wp\/v2\/tags?post=68958"}],"curies":[{"name":"wp","href":"https:\/\/api.w.org\/{rel}","templated":true}]}}