{"id":6917,"date":"2019-11-20T10:12:49","date_gmt":"2019-11-20T10:12:49","guid":{"rendered":"https:\/\/jornaldasoficinas.com\/pt\/?p=6917"},"modified":"2021-04-29T18:10:59","modified_gmt":"2021-04-29T17:10:59","slug":"meyle-amplia-portefolio-de-produtos-eletronicos-com-kit-de-sensor-abs","status":"publish","type":"post","link":"https:\/\/jornaldasoficinas.com\/pt\/meyle-amplia-portefolio-de-produtos-eletronicos-com-kit-de-sensor-abs\/","title":{"rendered":"MEYLE amplia portef\u00f3lio de produtos eletr\u00f3nicos com <em>kit<\/em> de sensor ABS"},"content":{"rendered":"<p><img loading=\"lazy\" decoding=\"async\" class=\"alignnone wp-image-6916 size-full\" src=\"https:\/\/jornaldasoficinas.com\/pt\/wp-content\/uploads\/2019\/11\/meylekitsensorabs.png\" alt=\"11 - meylekitsensorabs\" width=\"1024\" height=\"581\" srcset=\"https:\/\/jornaldasoficinas.com\/pt\/wp-content\/uploads\/2019\/11\/meylekitsensorabs.png 1024w, https:\/\/jornaldasoficinas.com\/pt\/wp-content\/uploads\/2019\/11\/meylekitsensorabs-300x170.png 300w, https:\/\/jornaldasoficinas.com\/pt\/wp-content\/uploads\/2019\/11\/meylekitsensorabs-150x85.png 150w, https:\/\/jornaldasoficinas.com\/pt\/wp-content\/uploads\/2019\/11\/meylekitsensorabs-768x436.png 768w\" sizes=\"auto, (max-width: 1024px) 100vw, 1024px\" \/><\/p>\n<p><strong>Com o lan\u00e7amento do<em> kit<\/em> de sensor ABS, que inclui anel de sensor e material de montagem, o fabricante de Hamburgo oferece uma solu\u00e7\u00e3o de repara\u00e7\u00e3o econ\u00f3mica que permite interven\u00e7\u00f5es r\u00e1pidas.<\/strong><\/p>\n<p>O <em>kit<\/em> de sensor ABS com qualidade MEYLE-ORIGINAL permite a substitui\u00e7\u00e3o do sensor e do anel de sensor que estejam defeituosos, solu\u00e7\u00e3o que \u00e9 oferecida, atualmente, apenas pela MEYLE. At\u00e9 agora, um defeito no sensor ABS causado por um anel de sensor implicava a substitui\u00e7\u00e3o de todo o cubo da roda, com custos elevados da\u00ed decorrentes para o condutor e maior tempo de trabalho para a oficina.<\/p>\n<p>O <em>kit<\/em> MEYLE composto por sensor ABS, anel de sensor e material de montagem resolve o problema: o cubo da roda fica totalmente funcional, podendo ser reutilizado. Atualmente, a solu\u00e7\u00e3o encontra-se dispon\u00edvel para os modelos Audi A3, VW Golf, VW Jetta, Seat Altea e Seat Leon.<\/p>\n<p>Nestes ve\u00edculos, o anel de sensor ABS nos cubos da roda OE pode ser substitu\u00eddo em separado com a ajuda do <em>kit<\/em> MEYLE. As duas novas refer\u00eancias (MEYLE: 114 899 0013 e 114 899 0014) permitem cobrir um parque de, aproximadamente, quatro milh\u00f5es de ve\u00edculos na Europa.<\/p>\n<p>Com estas novas refer\u00eancias, a <a href=\"https:\/\/www.meyle.com\/en\/\" target=\"_blank\" rel=\"noopener noreferrer\">MEYLE<\/a> amplia o seu portef\u00f3lio de produtos eletr\u00f3nicos com novas pe\u00e7as de reposi\u00e7\u00e3o de elevada qualidade, nas quais condutores em todo o mundo podem confiar. Amplia\u00e7\u00e3o da gama, qualidade e exatid\u00e3o dimensional s\u00e3o os crit\u00e9rios priorit\u00e1rios para a MEYLE.<\/p>\n<p>Para permitir a identifica\u00e7\u00e3o r\u00e1pida de uma anomalia no anel de sensor ABS, a MEYLE criou um ajudante pr\u00e1tico para a oficina: o cart\u00e3o detetor ABS. Este cart\u00e3o permite testar an\u00e9is de sensor magn\u00e9tico e pode ser utilizado das mais variadas formas, permitindo, por exemplo, identificar o lado de montagem de um rolamento de roda com anel de sensor integrado.<\/p>\n<p>Para al\u00e9m disso, permite ainda aferir danos no anel de sensor. Tudo isto contribui para facilitar as identifica\u00e7\u00f5es morosas de defeitos ou falhas, poupando tempo que pode ser aproveitado para efetuar os passos seguintes.<\/p>\n","protected":false},"excerpt":{"rendered":"<p>Com o lan\u00e7amento do kit de&#8230;<\/p>\n","protected":false},"author":15,"featured_media":6916,"comment_status":"closed","ping_status":"closed","sticky":false,"template":"","format":"standard","meta":{"footnotes":""},"categories":[37],"tags":[187,69,844],"class_list":["post-6917","post","type-post","status-publish","format-standard","has-post-thumbnail","hentry","category-mercado","tag-auto-delta","tag-meyle","tag-sensor-abs"],"yoast_head":"<!-- This site is optimized with the Yoast SEO plugin v27.4 - https:\/\/yoast.com\/product\/yoast-seo-wordpress\/ -->\n<title>MEYLE amplia portef\u00f3lio de produtos eletr\u00f3nicos com kit de sensor ABS - Jornal das Oficinas<\/title>\n<meta name=\"robots\" content=\"index, follow, max-snippet:-1, max-image-preview:large, max-video-preview:-1\" \/>\n<link rel=\"canonical\" href=\"https:\/\/jornaldasoficinas.com\/pt\/meyle-amplia-portefolio-de-produtos-eletronicos-com-kit-de-sensor-abs\/\" \/>\n<meta property=\"og:locale\" content=\"pt_PT\" \/>\n<meta property=\"og:type\" content=\"article\" \/>\n<meta property=\"og:title\" content=\"MEYLE amplia portef\u00f3lio de produtos eletr\u00f3nicos com kit de sensor ABS - Jornal das Oficinas\" \/>\n<meta property=\"og:description\" content=\"Com o lan\u00e7amento do kit de...\" \/>\n<meta property=\"og:url\" content=\"https:\/\/jornaldasoficinas.com\/pt\/meyle-amplia-portefolio-de-produtos-eletronicos-com-kit-de-sensor-abs\/\" \/>\n<meta property=\"og:site_name\" content=\"Jornal das Oficinas\" \/>\n<meta property=\"article:publisher\" content=\"https:\/\/www.facebook.com\/jornaloficinas\" \/>\n<meta property=\"article:published_time\" content=\"2019-11-20T10:12:49+00:00\" \/>\n<meta property=\"article:modified_time\" content=\"2021-04-29T17:10:59+00:00\" \/>\n<meta property=\"og:image\" content=\"https:\/\/jornaldasoficinas.com\/pt\/wp-content\/uploads\/2019\/11\/meylekitsensorabs.png\" \/>\n\t<meta property=\"og:image:width\" content=\"1024\" \/>\n\t<meta property=\"og:image:height\" content=\"581\" \/>\n\t<meta property=\"og:image:type\" content=\"image\/png\" \/>\n<meta name=\"author\" content=\"Reda\u00e7\u00e3o JO\" \/>\n<meta name=\"twitter:card\" content=\"summary_large_image\" \/>\n<meta name=\"twitter:creator\" content=\"@jornaloficinas\" \/>\n<meta name=\"twitter:site\" content=\"@jornaloficinas\" \/>\n<meta name=\"twitter:label1\" content=\"Escrito por\" \/>\n\t<meta name=\"twitter:data1\" content=\"Reda\u00e7\u00e3o JO\" \/>\n\t<meta name=\"twitter:label2\" content=\"Tempo estimado de leitura\" \/>\n\t<meta name=\"twitter:data2\" content=\"2 minutos\" \/>\n<script type=\"application\/ld+json\" class=\"yoast-schema-graph\">{\"@context\":\"https:\\\/\\\/schema.org\",\"@graph\":[{\"@type\":\"Article\",\"@id\":\"https:\\\/\\\/jornaldasoficinas.com\\\/pt\\\/meyle-amplia-portefolio-de-produtos-eletronicos-com-kit-de-sensor-abs\\\/#article\",\"isPartOf\":{\"@id\":\"https:\\\/\\\/jornaldasoficinas.com\\\/pt\\\/meyle-amplia-portefolio-de-produtos-eletronicos-com-kit-de-sensor-abs\\\/\"},\"author\":{\"name\":\"Reda\u00e7\u00e3o JO\",\"@id\":\"https:\\\/\\\/jornaldasoficinas.com\\\/pt\\\/#\\\/schema\\\/person\\\/a38eef5de2c41d9e7c9ac10141afddf3\"},\"headline\":\"MEYLE amplia portef\u00f3lio de produtos eletr\u00f3nicos com kit de sensor ABS\",\"datePublished\":\"2019-11-20T10:12:49+00:00\",\"dateModified\":\"2021-04-29T17:10:59+00:00\",\"mainEntityOfPage\":{\"@id\":\"https:\\\/\\\/jornaldasoficinas.com\\\/pt\\\/meyle-amplia-portefolio-de-produtos-eletronicos-com-kit-de-sensor-abs\\\/\"},\"wordCount\":370,\"publisher\":{\"@id\":\"https:\\\/\\\/jornaldasoficinas.com\\\/pt\\\/#organization\"},\"image\":{\"@id\":\"https:\\\/\\\/jornaldasoficinas.com\\\/pt\\\/meyle-amplia-portefolio-de-produtos-eletronicos-com-kit-de-sensor-abs\\\/#primaryimage\"},\"thumbnailUrl\":\"https:\\\/\\\/jornaldasoficinas.com\\\/pt\\\/wp-content\\\/uploads\\\/2019\\\/11\\\/meylekitsensorabs.png\",\"keywords\":[\"Auto Delta\",\"MEYLE\",\"Sensor ABS\"],\"articleSection\":[\"Mercado\"],\"inLanguage\":\"pt-PT\"},{\"@type\":\"WebPage\",\"@id\":\"https:\\\/\\\/jornaldasoficinas.com\\\/pt\\\/meyle-amplia-portefolio-de-produtos-eletronicos-com-kit-de-sensor-abs\\\/\",\"url\":\"https:\\\/\\\/jornaldasoficinas.com\\\/pt\\\/meyle-amplia-portefolio-de-produtos-eletronicos-com-kit-de-sensor-abs\\\/\",\"name\":\"MEYLE amplia portef\u00f3lio de produtos eletr\u00f3nicos com kit de sensor ABS - Jornal das Oficinas\",\"isPartOf\":{\"@id\":\"https:\\\/\\\/jornaldasoficinas.com\\\/pt\\\/#website\"},\"primaryImageOfPage\":{\"@id\":\"https:\\\/\\\/jornaldasoficinas.com\\\/pt\\\/meyle-amplia-portefolio-de-produtos-eletronicos-com-kit-de-sensor-abs\\\/#primaryimage\"},\"image\":{\"@id\":\"https:\\\/\\\/jornaldasoficinas.com\\\/pt\\\/meyle-amplia-portefolio-de-produtos-eletronicos-com-kit-de-sensor-abs\\\/#primaryimage\"},\"thumbnailUrl\":\"https:\\\/\\\/jornaldasoficinas.com\\\/pt\\\/wp-content\\\/uploads\\\/2019\\\/11\\\/meylekitsensorabs.png\",\"datePublished\":\"2019-11-20T10:12:49+00:00\",\"dateModified\":\"2021-04-29T17:10:59+00:00\",\"breadcrumb\":{\"@id\":\"https:\\\/\\\/jornaldasoficinas.com\\\/pt\\\/meyle-amplia-portefolio-de-produtos-eletronicos-com-kit-de-sensor-abs\\\/#breadcrumb\"},\"inLanguage\":\"pt-PT\",\"potentialAction\":[{\"@type\":\"ReadAction\",\"target\":[\"https:\\\/\\\/jornaldasoficinas.com\\\/pt\\\/meyle-amplia-portefolio-de-produtos-eletronicos-com-kit-de-sensor-abs\\\/\"]}]},{\"@type\":\"ImageObject\",\"inLanguage\":\"pt-PT\",\"@id\":\"https:\\\/\\\/jornaldasoficinas.com\\\/pt\\\/meyle-amplia-portefolio-de-produtos-eletronicos-com-kit-de-sensor-abs\\\/#primaryimage\",\"url\":\"https:\\\/\\\/jornaldasoficinas.com\\\/pt\\\/wp-content\\\/uploads\\\/2019\\\/11\\\/meylekitsensorabs.png\",\"contentUrl\":\"https:\\\/\\\/jornaldasoficinas.com\\\/pt\\\/wp-content\\\/uploads\\\/2019\\\/11\\\/meylekitsensorabs.png\",\"width\":1024,\"height\":581,\"caption\":\"11 - meylekitsensorabs\"},{\"@type\":\"BreadcrumbList\",\"@id\":\"https:\\\/\\\/jornaldasoficinas.com\\\/pt\\\/meyle-amplia-portefolio-de-produtos-eletronicos-com-kit-de-sensor-abs\\\/#breadcrumb\",\"itemListElement\":[{\"@type\":\"ListItem\",\"position\":1,\"name\":\"In\u00edcio\",\"item\":\"https:\\\/\\\/jornaldasoficinas.com\\\/pt\\\/\"},{\"@type\":\"ListItem\",\"position\":2,\"name\":\"MEYLE amplia portef\u00f3lio de produtos eletr\u00f3nicos com kit de sensor ABS\"}]},{\"@type\":\"WebSite\",\"@id\":\"https:\\\/\\\/jornaldasoficinas.com\\\/pt\\\/#website\",\"url\":\"https:\\\/\\\/jornaldasoficinas.com\\\/pt\\\/\",\"name\":\"Jornal das Oficinas\",\"description\":\"Jornal independente do Aftermarket Autom\u00f3vel em Portugal\",\"publisher\":{\"@id\":\"https:\\\/\\\/jornaldasoficinas.com\\\/pt\\\/#organization\"},\"potentialAction\":[{\"@type\":\"SearchAction\",\"target\":{\"@type\":\"EntryPoint\",\"urlTemplate\":\"https:\\\/\\\/jornaldasoficinas.com\\\/pt\\\/?s={search_term_string}\"},\"query-input\":{\"@type\":\"PropertyValueSpecification\",\"valueRequired\":true,\"valueName\":\"search_term_string\"}}],\"inLanguage\":\"pt-PT\"},{\"@type\":\"Organization\",\"@id\":\"https:\\\/\\\/jornaldasoficinas.com\\\/pt\\\/#organization\",\"name\":\"Jornal das Oficinas\",\"url\":\"https:\\\/\\\/jornaldasoficinas.com\\\/pt\\\/\",\"logo\":{\"@type\":\"ImageObject\",\"inLanguage\":\"pt-PT\",\"@id\":\"https:\\\/\\\/jornaldasoficinas.com\\\/pt\\\/#\\\/schema\\\/logo\\\/image\\\/\",\"url\":\"https:\\\/\\\/jornaldasoficinas.com\\\/pt\\\/wp-content\\\/uploads\\\/logoJO-SEO.png\",\"contentUrl\":\"https:\\\/\\\/jornaldasoficinas.com\\\/pt\\\/wp-content\\\/uploads\\\/logoJO-SEO.png\",\"width\":285,\"height\":450,\"caption\":\"Jornal das Oficinas\"},\"image\":{\"@id\":\"https:\\\/\\\/jornaldasoficinas.com\\\/pt\\\/#\\\/schema\\\/logo\\\/image\\\/\"},\"sameAs\":[\"https:\\\/\\\/www.facebook.com\\\/jornaloficinas\",\"https:\\\/\\\/x.com\\\/jornaloficinas\",\"https:\\\/\\\/www.instagram.com\\\/jornal_oficinas\\\/\",\"https:\\\/\\\/www.linkedin.com\\\/company\\\/jornal-das-oficinas\\\/\",\"https:\\\/\\\/www.youtube.com\\\/channel\\\/UCbQZBqtcvV-oSQrr7RzINGg\"]},{\"@type\":\"Person\",\"@id\":\"https:\\\/\\\/jornaldasoficinas.com\\\/pt\\\/#\\\/schema\\\/person\\\/a38eef5de2c41d9e7c9ac10141afddf3\",\"name\":\"Reda\u00e7\u00e3o JO\",\"image\":{\"@type\":\"ImageObject\",\"inLanguage\":\"pt-PT\",\"@id\":\"https:\\\/\\\/secure.gravatar.com\\\/avatar\\\/71f2fa71737ad68a84fea94bc708ddac8ea5b0c4788dc2ad202f3ccb2887742f?s=96&d=wp_user_avatar&r=g\",\"url\":\"https:\\\/\\\/secure.gravatar.com\\\/avatar\\\/71f2fa71737ad68a84fea94bc708ddac8ea5b0c4788dc2ad202f3ccb2887742f?s=96&d=wp_user_avatar&r=g\",\"contentUrl\":\"https:\\\/\\\/secure.gravatar.com\\\/avatar\\\/71f2fa71737ad68a84fea94bc708ddac8ea5b0c4788dc2ad202f3ccb2887742f?s=96&d=wp_user_avatar&r=g\",\"caption\":\"Reda\u00e7\u00e3o JO\"},\"url\":\"https:\\\/\\\/jornaldasoficinas.com\\\/pt\\\/author\\\/joredacao\\\/\"}]}<\/script>\n<!-- \/ Yoast SEO plugin. -->","yoast_head_json":{"title":"MEYLE amplia portef\u00f3lio de produtos eletr\u00f3nicos com kit de sensor ABS - Jornal das Oficinas","robots":{"index":"index","follow":"follow","max-snippet":"max-snippet:-1","max-image-preview":"max-image-preview:large","max-video-preview":"max-video-preview:-1"},"canonical":"https:\/\/jornaldasoficinas.com\/pt\/meyle-amplia-portefolio-de-produtos-eletronicos-com-kit-de-sensor-abs\/","og_locale":"pt_PT","og_type":"article","og_title":"MEYLE amplia portef\u00f3lio de produtos eletr\u00f3nicos com kit de sensor ABS - Jornal das Oficinas","og_description":"Com o lan\u00e7amento do kit de...","og_url":"https:\/\/jornaldasoficinas.com\/pt\/meyle-amplia-portefolio-de-produtos-eletronicos-com-kit-de-sensor-abs\/","og_site_name":"Jornal das Oficinas","article_publisher":"https:\/\/www.facebook.com\/jornaloficinas","article_published_time":"2019-11-20T10:12:49+00:00","article_modified_time":"2021-04-29T17:10:59+00:00","og_image":[{"width":1024,"height":581,"url":"https:\/\/jornaldasoficinas.com\/pt\/wp-content\/uploads\/2019\/11\/meylekitsensorabs.png","type":"image\/png"}],"author":"Reda\u00e7\u00e3o JO","twitter_card":"summary_large_image","twitter_creator":"@jornaloficinas","twitter_site":"@jornaloficinas","twitter_misc":{"Escrito por":"Reda\u00e7\u00e3o JO","Tempo estimado de leitura":"2 minutos"},"schema":{"@context":"https:\/\/schema.org","@graph":[{"@type":"Article","@id":"https:\/\/jornaldasoficinas.com\/pt\/meyle-amplia-portefolio-de-produtos-eletronicos-com-kit-de-sensor-abs\/#article","isPartOf":{"@id":"https:\/\/jornaldasoficinas.com\/pt\/meyle-amplia-portefolio-de-produtos-eletronicos-com-kit-de-sensor-abs\/"},"author":{"name":"Reda\u00e7\u00e3o JO","@id":"https:\/\/jornaldasoficinas.com\/pt\/#\/schema\/person\/a38eef5de2c41d9e7c9ac10141afddf3"},"headline":"MEYLE amplia portef\u00f3lio de produtos eletr\u00f3nicos com kit de sensor ABS","datePublished":"2019-11-20T10:12:49+00:00","dateModified":"2021-04-29T17:10:59+00:00","mainEntityOfPage":{"@id":"https:\/\/jornaldasoficinas.com\/pt\/meyle-amplia-portefolio-de-produtos-eletronicos-com-kit-de-sensor-abs\/"},"wordCount":370,"publisher":{"@id":"https:\/\/jornaldasoficinas.com\/pt\/#organization"},"image":{"@id":"https:\/\/jornaldasoficinas.com\/pt\/meyle-amplia-portefolio-de-produtos-eletronicos-com-kit-de-sensor-abs\/#primaryimage"},"thumbnailUrl":"https:\/\/jornaldasoficinas.com\/pt\/wp-content\/uploads\/2019\/11\/meylekitsensorabs.png","keywords":["Auto Delta","MEYLE","Sensor ABS"],"articleSection":["Mercado"],"inLanguage":"pt-PT"},{"@type":"WebPage","@id":"https:\/\/jornaldasoficinas.com\/pt\/meyle-amplia-portefolio-de-produtos-eletronicos-com-kit-de-sensor-abs\/","url":"https:\/\/jornaldasoficinas.com\/pt\/meyle-amplia-portefolio-de-produtos-eletronicos-com-kit-de-sensor-abs\/","name":"MEYLE amplia portef\u00f3lio de produtos eletr\u00f3nicos com kit de sensor ABS - Jornal das Oficinas","isPartOf":{"@id":"https:\/\/jornaldasoficinas.com\/pt\/#website"},"primaryImageOfPage":{"@id":"https:\/\/jornaldasoficinas.com\/pt\/meyle-amplia-portefolio-de-produtos-eletronicos-com-kit-de-sensor-abs\/#primaryimage"},"image":{"@id":"https:\/\/jornaldasoficinas.com\/pt\/meyle-amplia-portefolio-de-produtos-eletronicos-com-kit-de-sensor-abs\/#primaryimage"},"thumbnailUrl":"https:\/\/jornaldasoficinas.com\/pt\/wp-content\/uploads\/2019\/11\/meylekitsensorabs.png","datePublished":"2019-11-20T10:12:49+00:00","dateModified":"2021-04-29T17:10:59+00:00","breadcrumb":{"@id":"https:\/\/jornaldasoficinas.com\/pt\/meyle-amplia-portefolio-de-produtos-eletronicos-com-kit-de-sensor-abs\/#breadcrumb"},"inLanguage":"pt-PT","potentialAction":[{"@type":"ReadAction","target":["https:\/\/jornaldasoficinas.com\/pt\/meyle-amplia-portefolio-de-produtos-eletronicos-com-kit-de-sensor-abs\/"]}]},{"@type":"ImageObject","inLanguage":"pt-PT","@id":"https:\/\/jornaldasoficinas.com\/pt\/meyle-amplia-portefolio-de-produtos-eletronicos-com-kit-de-sensor-abs\/#primaryimage","url":"https:\/\/jornaldasoficinas.com\/pt\/wp-content\/uploads\/2019\/11\/meylekitsensorabs.png","contentUrl":"https:\/\/jornaldasoficinas.com\/pt\/wp-content\/uploads\/2019\/11\/meylekitsensorabs.png","width":1024,"height":581,"caption":"11 - meylekitsensorabs"},{"@type":"BreadcrumbList","@id":"https:\/\/jornaldasoficinas.com\/pt\/meyle-amplia-portefolio-de-produtos-eletronicos-com-kit-de-sensor-abs\/#breadcrumb","itemListElement":[{"@type":"ListItem","position":1,"name":"In\u00edcio","item":"https:\/\/jornaldasoficinas.com\/pt\/"},{"@type":"ListItem","position":2,"name":"MEYLE amplia portef\u00f3lio de produtos eletr\u00f3nicos com kit de sensor ABS"}]},{"@type":"WebSite","@id":"https:\/\/jornaldasoficinas.com\/pt\/#website","url":"https:\/\/jornaldasoficinas.com\/pt\/","name":"Jornal das Oficinas","description":"Jornal independente do Aftermarket Autom\u00f3vel em Portugal","publisher":{"@id":"https:\/\/jornaldasoficinas.com\/pt\/#organization"},"potentialAction":[{"@type":"SearchAction","target":{"@type":"EntryPoint","urlTemplate":"https:\/\/jornaldasoficinas.com\/pt\/?s={search_term_string}"},"query-input":{"@type":"PropertyValueSpecification","valueRequired":true,"valueName":"search_term_string"}}],"inLanguage":"pt-PT"},{"@type":"Organization","@id":"https:\/\/jornaldasoficinas.com\/pt\/#organization","name":"Jornal das Oficinas","url":"https:\/\/jornaldasoficinas.com\/pt\/","logo":{"@type":"ImageObject","inLanguage":"pt-PT","@id":"https:\/\/jornaldasoficinas.com\/pt\/#\/schema\/logo\/image\/","url":"https:\/\/jornaldasoficinas.com\/pt\/wp-content\/uploads\/logoJO-SEO.png","contentUrl":"https:\/\/jornaldasoficinas.com\/pt\/wp-content\/uploads\/logoJO-SEO.png","width":285,"height":450,"caption":"Jornal das Oficinas"},"image":{"@id":"https:\/\/jornaldasoficinas.com\/pt\/#\/schema\/logo\/image\/"},"sameAs":["https:\/\/www.facebook.com\/jornaloficinas","https:\/\/x.com\/jornaloficinas","https:\/\/www.instagram.com\/jornal_oficinas\/","https:\/\/www.linkedin.com\/company\/jornal-das-oficinas\/","https:\/\/www.youtube.com\/channel\/UCbQZBqtcvV-oSQrr7RzINGg"]},{"@type":"Person","@id":"https:\/\/jornaldasoficinas.com\/pt\/#\/schema\/person\/a38eef5de2c41d9e7c9ac10141afddf3","name":"Reda\u00e7\u00e3o JO","image":{"@type":"ImageObject","inLanguage":"pt-PT","@id":"https:\/\/secure.gravatar.com\/avatar\/71f2fa71737ad68a84fea94bc708ddac8ea5b0c4788dc2ad202f3ccb2887742f?s=96&d=wp_user_avatar&r=g","url":"https:\/\/secure.gravatar.com\/avatar\/71f2fa71737ad68a84fea94bc708ddac8ea5b0c4788dc2ad202f3ccb2887742f?s=96&d=wp_user_avatar&r=g","contentUrl":"https:\/\/secure.gravatar.com\/avatar\/71f2fa71737ad68a84fea94bc708ddac8ea5b0c4788dc2ad202f3ccb2887742f?s=96&d=wp_user_avatar&r=g","caption":"Reda\u00e7\u00e3o JO"},"url":"https:\/\/jornaldasoficinas.com\/pt\/author\/joredacao\/"}]}},"_links":{"self":[{"href":"https:\/\/jornaldasoficinas.com\/pt\/wp-json\/wp\/v2\/posts\/6917","targetHints":{"allow":["GET"]}}],"collection":[{"href":"https:\/\/jornaldasoficinas.com\/pt\/wp-json\/wp\/v2\/posts"}],"about":[{"href":"https:\/\/jornaldasoficinas.com\/pt\/wp-json\/wp\/v2\/types\/post"}],"author":[{"embeddable":true,"href":"https:\/\/jornaldasoficinas.com\/pt\/wp-json\/wp\/v2\/users\/15"}],"replies":[{"embeddable":true,"href":"https:\/\/jornaldasoficinas.com\/pt\/wp-json\/wp\/v2\/comments?post=6917"}],"version-history":[{"count":0,"href":"https:\/\/jornaldasoficinas.com\/pt\/wp-json\/wp\/v2\/posts\/6917\/revisions"}],"wp:featuredmedia":[{"embeddable":true,"href":"https:\/\/jornaldasoficinas.com\/pt\/wp-json\/wp\/v2\/media\/6916"}],"wp:attachment":[{"href":"https:\/\/jornaldasoficinas.com\/pt\/wp-json\/wp\/v2\/media?parent=6917"}],"wp:term":[{"taxonomy":"category","embeddable":true,"href":"https:\/\/jornaldasoficinas.com\/pt\/wp-json\/wp\/v2\/categories?post=6917"},{"taxonomy":"post_tag","embeddable":true,"href":"https:\/\/jornaldasoficinas.com\/pt\/wp-json\/wp\/v2\/tags?post=6917"}],"curies":[{"name":"wp","href":"https:\/\/api.w.org\/{rel}","templated":true}]}}