{"id":69212,"date":"2023-07-17T20:00:33","date_gmt":"2023-07-17T19:00:33","guid":{"rendered":"https:\/\/jornaldasoficinas.com\/pt\/?p=69212"},"modified":"2023-07-17T11:08:28","modified_gmt":"2023-07-17T10:08:28","slug":"exportacoes-de-componentes-automoveis-em-alta","status":"publish","type":"post","link":"https:\/\/jornaldasoficinas.com\/pt\/exportacoes-de-componentes-automoveis-em-alta\/","title":{"rendered":"Exporta\u00e7\u00f5es de Componentes Autom\u00f3veis em alta"},"content":{"rendered":"<p><img loading=\"lazy\" decoding=\"async\" class=\"alignnone size-full wp-image-69094\" src=\"https:\/\/jornaldasoficinas.com\/pt\/wp-content\/uploads\/2023\/07\/Exportacoes-de-Componentes-Automoveis-em-altas.png\" alt=\"07 - Exportacoes de Componentes Automoveis em altas\" width=\"1024\" height=\"581\" srcset=\"https:\/\/jornaldasoficinas.com\/pt\/wp-content\/uploads\/2023\/07\/Exportacoes-de-Componentes-Automoveis-em-altas.png 1024w, https:\/\/jornaldasoficinas.com\/pt\/wp-content\/uploads\/2023\/07\/Exportacoes-de-Componentes-Automoveis-em-altas-300x170.png 300w, https:\/\/jornaldasoficinas.com\/pt\/wp-content\/uploads\/2023\/07\/Exportacoes-de-Componentes-Automoveis-em-altas-150x85.png 150w, https:\/\/jornaldasoficinas.com\/pt\/wp-content\/uploads\/2023\/07\/Exportacoes-de-Componentes-Automoveis-em-altas-768x436.png 768w\" sizes=\"auto, (max-width: 1024px) 100vw, 1024px\" \/><\/p>\n<p><strong>As exporta\u00e7\u00f5es de componentes para autom\u00f3veis ultrapassaram os 1.000 milh\u00f5es de euros em maio deste ano, registando uma subida de 21,9% face ao mesmo m\u00eas de 2022. De acordo com os dados recolhidos pela <a href=\"https:\/\/afia.pt\/\" target=\"_blank\" rel=\"noopener\">AFIA<\/a> &#8211; Associa\u00e7\u00e3o de Fabricantes para a Ind\u00fastria Autom\u00f3vel, este crescimento de dois d\u00edgitos, representa uma subida pelo d\u00e9cimo terceiro m\u00eas consecutivo, mostrando tamb\u00e9m um ritmo de crescimento superior \u00e0s exporta\u00e7\u00f5es nacionais de bens, que neste mesmo per\u00edodo diminu\u00edram 6,9%<\/strong><\/p>\n<p>No que se refere ao acumulado at\u00e9 maio as exporta\u00e7\u00f5es de componentes para autom\u00f3veis est\u00e3o na ordem dos 5.000 milh\u00f5es de euros, o que se traduz num acr\u00e9scimo de 21,8% face ao mesmo per\u00edodo em 2022.<\/p>\n<p>Importante real\u00e7ar que, em 2023, 70% das exporta\u00e7\u00f5es portuguesas de componentes autom\u00f3veis continuam a pertencer ao top 5 de pa\u00edses composto por Espanha, Alemanha, Fran\u00e7a, Eslov\u00e1quia e Estados Unidos da Am\u00e9rica.<\/p>\n<p>Espanha, com vendas de 1422 milh\u00f5es de euros, continua a ser\u00a0o principal cliente dos componentes fabricados em Portugal, seguida pela Alemanha com 1108 milh\u00f5es de euros. Na terceira posi\u00e7\u00e3o encontramos a Fran\u00e7a, com 560 milh\u00f5es de euros, enquanto a quarta posi\u00e7\u00e3o pertence \u00e0 Eslov\u00e1quia com 224 milh\u00f5es, fechando-se o top 5 com Estados Unidos da Am\u00e9rica com 189 milh\u00f5es de euros.<\/p>\n<p>Destaque-se que as exporta\u00e7\u00f5es para quatro destes cinco pa\u00edses aumentaram relativamente ao ano anterior. Assim, as exporta\u00e7\u00f5es para Espanha aumentaram 22,6% relativamente ao ano de 2022, Alemanha apresenta-se com um crescimento de 28,6%, as exporta\u00e7\u00f5es para Fran\u00e7a, 3.\u00ba pa\u00eds cliente, cresceram 23,0% e por \u00faltimo, a Eslov\u00e1quia registou um aumento de importa\u00e7\u00f5es de componentes autom\u00f3veis portugueses de 26,5% em rela\u00e7\u00e3o a 2022.<\/p>\n<p>Por outro lado, os EUA continuam a registar uma queda, agora de 21,0%, nas importa\u00e7\u00f5es de componentes autom\u00f3veis provenientes de Portugal, no que se refere ao per\u00edodo hom\u00f3logo de 2022 mantendo-se como 5\u00ba pa\u00eds cliente.<\/p>\n<p>Saliente-se ainda que as exporta\u00e7\u00f5es dos componentes autom\u00f3veis para pa\u00edses como a Espanha e a Alemanha est\u00e3o a crescer mais do que a produ\u00e7\u00e3o, ganhando assim quota de mercado nestes pa\u00edses. Ali\u00e1s, entre janeiro e maio deste ano a produ\u00e7\u00e3o em Espanha teve um aumento de 19,9% enquanto as exporta\u00e7\u00f5es subiram 22,6%. J\u00e1 na Alemanha a produ\u00e7\u00e3o situou-se nos 27,1% contra os 28,6% das exporta\u00e7\u00f5es.<\/p>\n<p>Sem grandes altera\u00e7\u00f5es no panorama nacional e internacional no que se refere ao aumento dos custos da infla\u00e7\u00e3o, transportes, energia e mat\u00e9rias-primas, que continuam a acentuar a incerteza neste e outros setores, \u00e9 importante relembrar que a ind\u00fastria de componentes para autom\u00f3veis mant\u00e9m a sua consist\u00eancia e resili\u00eancia, continuando a criar formas de se manter competitiva e continuar a ganhar quota de mercado \u00e0s suas cong\u00e9neres.<\/p>\n<p>Os c\u00e1lculos da AFIA t\u00eam como base as Estat\u00edsticas do Com\u00e9rcio Internacional de Bens divulgadas a 10 de julho pelo INE \u2013 Instituto Nacional de Estat\u00edstica.<\/p>\n","protected":false},"excerpt":{"rendered":"<p>As exporta\u00e7\u00f5es de componentes para autom\u00f3veis&#8230;<\/p>\n","protected":false},"author":15,"featured_media":69094,"comment_status":"closed","ping_status":"closed","sticky":false,"template":"","format":"standard","meta":{"footnotes":""},"categories":[37],"tags":[100,101,524],"class_list":["post-69212","post","type-post","status-publish","format-standard","has-post-thumbnail","hentry","category-mercado","tag-afia","tag-componentes","tag-exportacoes"],"yoast_head":"<!-- This site is optimized with the Yoast SEO plugin v27.5 - https:\/\/yoast.com\/product\/yoast-seo-wordpress\/ -->\n<title>Exporta\u00e7\u00f5es de Componentes Autom\u00f3veis em alta - Jornal das Oficinas<\/title>\n<meta name=\"description\" content=\"As exporta\u00e7\u00f5es de componentes para autom\u00f3veis ultrapassaram os 1.000 milh\u00f5es de euros em maio deste ano, registando uma subida de 21,9%\" \/>\n<meta name=\"robots\" content=\"index, follow, max-snippet:-1, max-image-preview:large, max-video-preview:-1\" \/>\n<link rel=\"canonical\" href=\"https:\/\/jornaldasoficinas.com\/pt\/exportacoes-de-componentes-automoveis-em-alta\/\" \/>\n<meta property=\"og:locale\" content=\"pt_PT\" \/>\n<meta property=\"og:type\" content=\"article\" \/>\n<meta property=\"og:title\" content=\"Exporta\u00e7\u00f5es de Componentes Autom\u00f3veis em alta - Jornal das Oficinas\" \/>\n<meta property=\"og:description\" content=\"As exporta\u00e7\u00f5es de componentes para autom\u00f3veis ultrapassaram os 1.000 milh\u00f5es de euros em maio deste ano, registando uma subida de 21,9%\" \/>\n<meta property=\"og:url\" content=\"https:\/\/jornaldasoficinas.com\/pt\/exportacoes-de-componentes-automoveis-em-alta\/\" \/>\n<meta property=\"og:site_name\" content=\"Jornal das Oficinas\" \/>\n<meta property=\"article:publisher\" content=\"https:\/\/www.facebook.com\/jornaloficinas\" \/>\n<meta property=\"article:published_time\" content=\"2023-07-17T19:00:33+00:00\" \/>\n<meta property=\"og:image\" content=\"https:\/\/jornaldasoficinas.com\/pt\/wp-content\/uploads\/2023\/07\/Exportacoes-de-Componentes-Automoveis-em-altas.png\" \/>\n\t<meta property=\"og:image:width\" content=\"1024\" \/>\n\t<meta property=\"og:image:height\" content=\"581\" \/>\n\t<meta property=\"og:image:type\" content=\"image\/png\" \/>\n<meta name=\"author\" content=\"Reda\u00e7\u00e3o JO\" \/>\n<meta name=\"twitter:card\" content=\"summary_large_image\" \/>\n<meta name=\"twitter:creator\" content=\"@jornaloficinas\" \/>\n<meta name=\"twitter:site\" content=\"@jornaloficinas\" \/>\n<meta name=\"twitter:label1\" content=\"Escrito por\" \/>\n\t<meta name=\"twitter:data1\" content=\"Reda\u00e7\u00e3o JO\" \/>\n\t<meta name=\"twitter:label2\" content=\"Tempo estimado de leitura\" \/>\n\t<meta name=\"twitter:data2\" content=\"3 minutos\" \/>\n<script type=\"application\/ld+json\" class=\"yoast-schema-graph\">{\"@context\":\"https:\\\/\\\/schema.org\",\"@graph\":[{\"@type\":\"Article\",\"@id\":\"https:\\\/\\\/jornaldasoficinas.com\\\/pt\\\/exportacoes-de-componentes-automoveis-em-alta\\\/#article\",\"isPartOf\":{\"@id\":\"https:\\\/\\\/jornaldasoficinas.com\\\/pt\\\/exportacoes-de-componentes-automoveis-em-alta\\\/\"},\"author\":{\"name\":\"Reda\u00e7\u00e3o JO\",\"@id\":\"https:\\\/\\\/jornaldasoficinas.com\\\/pt\\\/#\\\/schema\\\/person\\\/a38eef5de2c41d9e7c9ac10141afddf3\"},\"headline\":\"Exporta\u00e7\u00f5es de Componentes Autom\u00f3veis em alta\",\"datePublished\":\"2023-07-17T19:00:33+00:00\",\"mainEntityOfPage\":{\"@id\":\"https:\\\/\\\/jornaldasoficinas.com\\\/pt\\\/exportacoes-de-componentes-automoveis-em-alta\\\/\"},\"wordCount\":508,\"publisher\":{\"@id\":\"https:\\\/\\\/jornaldasoficinas.com\\\/pt\\\/#organization\"},\"image\":{\"@id\":\"https:\\\/\\\/jornaldasoficinas.com\\\/pt\\\/exportacoes-de-componentes-automoveis-em-alta\\\/#primaryimage\"},\"thumbnailUrl\":\"https:\\\/\\\/jornaldasoficinas.com\\\/pt\\\/wp-content\\\/uploads\\\/2023\\\/07\\\/Exportacoes-de-Componentes-Automoveis-em-altas.png\",\"keywords\":[\"AFIA\",\"Componentes\",\"Exporta\u00e7\u00f5es\"],\"articleSection\":[\"Mercado\"],\"inLanguage\":\"pt-PT\"},{\"@type\":\"WebPage\",\"@id\":\"https:\\\/\\\/jornaldasoficinas.com\\\/pt\\\/exportacoes-de-componentes-automoveis-em-alta\\\/\",\"url\":\"https:\\\/\\\/jornaldasoficinas.com\\\/pt\\\/exportacoes-de-componentes-automoveis-em-alta\\\/\",\"name\":\"Exporta\u00e7\u00f5es de Componentes Autom\u00f3veis em alta - Jornal das Oficinas\",\"isPartOf\":{\"@id\":\"https:\\\/\\\/jornaldasoficinas.com\\\/pt\\\/#website\"},\"primaryImageOfPage\":{\"@id\":\"https:\\\/\\\/jornaldasoficinas.com\\\/pt\\\/exportacoes-de-componentes-automoveis-em-alta\\\/#primaryimage\"},\"image\":{\"@id\":\"https:\\\/\\\/jornaldasoficinas.com\\\/pt\\\/exportacoes-de-componentes-automoveis-em-alta\\\/#primaryimage\"},\"thumbnailUrl\":\"https:\\\/\\\/jornaldasoficinas.com\\\/pt\\\/wp-content\\\/uploads\\\/2023\\\/07\\\/Exportacoes-de-Componentes-Automoveis-em-altas.png\",\"datePublished\":\"2023-07-17T19:00:33+00:00\",\"description\":\"As exporta\u00e7\u00f5es de componentes para autom\u00f3veis ultrapassaram os 1.000 milh\u00f5es de euros em maio deste ano, registando uma subida de 21,9%\",\"breadcrumb\":{\"@id\":\"https:\\\/\\\/jornaldasoficinas.com\\\/pt\\\/exportacoes-de-componentes-automoveis-em-alta\\\/#breadcrumb\"},\"inLanguage\":\"pt-PT\",\"potentialAction\":[{\"@type\":\"ReadAction\",\"target\":[\"https:\\\/\\\/jornaldasoficinas.com\\\/pt\\\/exportacoes-de-componentes-automoveis-em-alta\\\/\"]}]},{\"@type\":\"ImageObject\",\"inLanguage\":\"pt-PT\",\"@id\":\"https:\\\/\\\/jornaldasoficinas.com\\\/pt\\\/exportacoes-de-componentes-automoveis-em-alta\\\/#primaryimage\",\"url\":\"https:\\\/\\\/jornaldasoficinas.com\\\/pt\\\/wp-content\\\/uploads\\\/2023\\\/07\\\/Exportacoes-de-Componentes-Automoveis-em-altas.png\",\"contentUrl\":\"https:\\\/\\\/jornaldasoficinas.com\\\/pt\\\/wp-content\\\/uploads\\\/2023\\\/07\\\/Exportacoes-de-Componentes-Automoveis-em-altas.png\",\"width\":1024,\"height\":581,\"caption\":\"07 - Exportacoes de Componentes Automoveis em altas\"},{\"@type\":\"BreadcrumbList\",\"@id\":\"https:\\\/\\\/jornaldasoficinas.com\\\/pt\\\/exportacoes-de-componentes-automoveis-em-alta\\\/#breadcrumb\",\"itemListElement\":[{\"@type\":\"ListItem\",\"position\":1,\"name\":\"In\u00edcio\",\"item\":\"https:\\\/\\\/jornaldasoficinas.com\\\/pt\\\/\"},{\"@type\":\"ListItem\",\"position\":2,\"name\":\"Exporta\u00e7\u00f5es de Componentes Autom\u00f3veis em alta\"}]},{\"@type\":\"WebSite\",\"@id\":\"https:\\\/\\\/jornaldasoficinas.com\\\/pt\\\/#website\",\"url\":\"https:\\\/\\\/jornaldasoficinas.com\\\/pt\\\/\",\"name\":\"Jornal das Oficinas\",\"description\":\"Jornal independente do Aftermarket Autom\u00f3vel em Portugal\",\"publisher\":{\"@id\":\"https:\\\/\\\/jornaldasoficinas.com\\\/pt\\\/#organization\"},\"potentialAction\":[{\"@type\":\"SearchAction\",\"target\":{\"@type\":\"EntryPoint\",\"urlTemplate\":\"https:\\\/\\\/jornaldasoficinas.com\\\/pt\\\/?s={search_term_string}\"},\"query-input\":{\"@type\":\"PropertyValueSpecification\",\"valueRequired\":true,\"valueName\":\"search_term_string\"}}],\"inLanguage\":\"pt-PT\"},{\"@type\":\"Organization\",\"@id\":\"https:\\\/\\\/jornaldasoficinas.com\\\/pt\\\/#organization\",\"name\":\"Jornal das Oficinas\",\"url\":\"https:\\\/\\\/jornaldasoficinas.com\\\/pt\\\/\",\"logo\":{\"@type\":\"ImageObject\",\"inLanguage\":\"pt-PT\",\"@id\":\"https:\\\/\\\/jornaldasoficinas.com\\\/pt\\\/#\\\/schema\\\/logo\\\/image\\\/\",\"url\":\"https:\\\/\\\/jornaldasoficinas.com\\\/pt\\\/wp-content\\\/uploads\\\/logoJO-SEO.png\",\"contentUrl\":\"https:\\\/\\\/jornaldasoficinas.com\\\/pt\\\/wp-content\\\/uploads\\\/logoJO-SEO.png\",\"width\":285,\"height\":450,\"caption\":\"Jornal das Oficinas\"},\"image\":{\"@id\":\"https:\\\/\\\/jornaldasoficinas.com\\\/pt\\\/#\\\/schema\\\/logo\\\/image\\\/\"},\"sameAs\":[\"https:\\\/\\\/www.facebook.com\\\/jornaloficinas\",\"https:\\\/\\\/x.com\\\/jornaloficinas\",\"https:\\\/\\\/www.instagram.com\\\/jornal_oficinas\\\/\",\"https:\\\/\\\/www.linkedin.com\\\/company\\\/jornal-das-oficinas\\\/\",\"https:\\\/\\\/www.youtube.com\\\/channel\\\/UCbQZBqtcvV-oSQrr7RzINGg\"]},{\"@type\":\"Person\",\"@id\":\"https:\\\/\\\/jornaldasoficinas.com\\\/pt\\\/#\\\/schema\\\/person\\\/a38eef5de2c41d9e7c9ac10141afddf3\",\"name\":\"Reda\u00e7\u00e3o JO\",\"image\":{\"@type\":\"ImageObject\",\"inLanguage\":\"pt-PT\",\"@id\":\"https:\\\/\\\/secure.gravatar.com\\\/avatar\\\/71f2fa71737ad68a84fea94bc708ddac8ea5b0c4788dc2ad202f3ccb2887742f?s=96&d=wp_user_avatar&r=g\",\"url\":\"https:\\\/\\\/secure.gravatar.com\\\/avatar\\\/71f2fa71737ad68a84fea94bc708ddac8ea5b0c4788dc2ad202f3ccb2887742f?s=96&d=wp_user_avatar&r=g\",\"contentUrl\":\"https:\\\/\\\/secure.gravatar.com\\\/avatar\\\/71f2fa71737ad68a84fea94bc708ddac8ea5b0c4788dc2ad202f3ccb2887742f?s=96&d=wp_user_avatar&r=g\",\"caption\":\"Reda\u00e7\u00e3o JO\"},\"url\":\"https:\\\/\\\/jornaldasoficinas.com\\\/pt\\\/author\\\/joredacao\\\/\"}]}<\/script>\n<!-- \/ Yoast SEO plugin. -->","yoast_head_json":{"title":"Exporta\u00e7\u00f5es de Componentes Autom\u00f3veis em alta - Jornal das Oficinas","description":"As exporta\u00e7\u00f5es de componentes para autom\u00f3veis ultrapassaram os 1.000 milh\u00f5es de euros em maio deste ano, registando uma subida de 21,9%","robots":{"index":"index","follow":"follow","max-snippet":"max-snippet:-1","max-image-preview":"max-image-preview:large","max-video-preview":"max-video-preview:-1"},"canonical":"https:\/\/jornaldasoficinas.com\/pt\/exportacoes-de-componentes-automoveis-em-alta\/","og_locale":"pt_PT","og_type":"article","og_title":"Exporta\u00e7\u00f5es de Componentes Autom\u00f3veis em alta - Jornal das Oficinas","og_description":"As exporta\u00e7\u00f5es de componentes para autom\u00f3veis ultrapassaram os 1.000 milh\u00f5es de euros em maio deste ano, registando uma subida de 21,9%","og_url":"https:\/\/jornaldasoficinas.com\/pt\/exportacoes-de-componentes-automoveis-em-alta\/","og_site_name":"Jornal das Oficinas","article_publisher":"https:\/\/www.facebook.com\/jornaloficinas","article_published_time":"2023-07-17T19:00:33+00:00","og_image":[{"width":1024,"height":581,"url":"https:\/\/jornaldasoficinas.com\/pt\/wp-content\/uploads\/2023\/07\/Exportacoes-de-Componentes-Automoveis-em-altas.png","type":"image\/png"}],"author":"Reda\u00e7\u00e3o JO","twitter_card":"summary_large_image","twitter_creator":"@jornaloficinas","twitter_site":"@jornaloficinas","twitter_misc":{"Escrito por":"Reda\u00e7\u00e3o JO","Tempo estimado de leitura":"3 minutos"},"schema":{"@context":"https:\/\/schema.org","@graph":[{"@type":"Article","@id":"https:\/\/jornaldasoficinas.com\/pt\/exportacoes-de-componentes-automoveis-em-alta\/#article","isPartOf":{"@id":"https:\/\/jornaldasoficinas.com\/pt\/exportacoes-de-componentes-automoveis-em-alta\/"},"author":{"name":"Reda\u00e7\u00e3o JO","@id":"https:\/\/jornaldasoficinas.com\/pt\/#\/schema\/person\/a38eef5de2c41d9e7c9ac10141afddf3"},"headline":"Exporta\u00e7\u00f5es de Componentes Autom\u00f3veis em alta","datePublished":"2023-07-17T19:00:33+00:00","mainEntityOfPage":{"@id":"https:\/\/jornaldasoficinas.com\/pt\/exportacoes-de-componentes-automoveis-em-alta\/"},"wordCount":508,"publisher":{"@id":"https:\/\/jornaldasoficinas.com\/pt\/#organization"},"image":{"@id":"https:\/\/jornaldasoficinas.com\/pt\/exportacoes-de-componentes-automoveis-em-alta\/#primaryimage"},"thumbnailUrl":"https:\/\/jornaldasoficinas.com\/pt\/wp-content\/uploads\/2023\/07\/Exportacoes-de-Componentes-Automoveis-em-altas.png","keywords":["AFIA","Componentes","Exporta\u00e7\u00f5es"],"articleSection":["Mercado"],"inLanguage":"pt-PT"},{"@type":"WebPage","@id":"https:\/\/jornaldasoficinas.com\/pt\/exportacoes-de-componentes-automoveis-em-alta\/","url":"https:\/\/jornaldasoficinas.com\/pt\/exportacoes-de-componentes-automoveis-em-alta\/","name":"Exporta\u00e7\u00f5es de Componentes Autom\u00f3veis em alta - Jornal das Oficinas","isPartOf":{"@id":"https:\/\/jornaldasoficinas.com\/pt\/#website"},"primaryImageOfPage":{"@id":"https:\/\/jornaldasoficinas.com\/pt\/exportacoes-de-componentes-automoveis-em-alta\/#primaryimage"},"image":{"@id":"https:\/\/jornaldasoficinas.com\/pt\/exportacoes-de-componentes-automoveis-em-alta\/#primaryimage"},"thumbnailUrl":"https:\/\/jornaldasoficinas.com\/pt\/wp-content\/uploads\/2023\/07\/Exportacoes-de-Componentes-Automoveis-em-altas.png","datePublished":"2023-07-17T19:00:33+00:00","description":"As exporta\u00e7\u00f5es de componentes para autom\u00f3veis ultrapassaram os 1.000 milh\u00f5es de euros em maio deste ano, registando uma subida de 21,9%","breadcrumb":{"@id":"https:\/\/jornaldasoficinas.com\/pt\/exportacoes-de-componentes-automoveis-em-alta\/#breadcrumb"},"inLanguage":"pt-PT","potentialAction":[{"@type":"ReadAction","target":["https:\/\/jornaldasoficinas.com\/pt\/exportacoes-de-componentes-automoveis-em-alta\/"]}]},{"@type":"ImageObject","inLanguage":"pt-PT","@id":"https:\/\/jornaldasoficinas.com\/pt\/exportacoes-de-componentes-automoveis-em-alta\/#primaryimage","url":"https:\/\/jornaldasoficinas.com\/pt\/wp-content\/uploads\/2023\/07\/Exportacoes-de-Componentes-Automoveis-em-altas.png","contentUrl":"https:\/\/jornaldasoficinas.com\/pt\/wp-content\/uploads\/2023\/07\/Exportacoes-de-Componentes-Automoveis-em-altas.png","width":1024,"height":581,"caption":"07 - Exportacoes de Componentes Automoveis em altas"},{"@type":"BreadcrumbList","@id":"https:\/\/jornaldasoficinas.com\/pt\/exportacoes-de-componentes-automoveis-em-alta\/#breadcrumb","itemListElement":[{"@type":"ListItem","position":1,"name":"In\u00edcio","item":"https:\/\/jornaldasoficinas.com\/pt\/"},{"@type":"ListItem","position":2,"name":"Exporta\u00e7\u00f5es de Componentes Autom\u00f3veis em alta"}]},{"@type":"WebSite","@id":"https:\/\/jornaldasoficinas.com\/pt\/#website","url":"https:\/\/jornaldasoficinas.com\/pt\/","name":"Jornal das Oficinas","description":"Jornal independente do Aftermarket Autom\u00f3vel em Portugal","publisher":{"@id":"https:\/\/jornaldasoficinas.com\/pt\/#organization"},"potentialAction":[{"@type":"SearchAction","target":{"@type":"EntryPoint","urlTemplate":"https:\/\/jornaldasoficinas.com\/pt\/?s={search_term_string}"},"query-input":{"@type":"PropertyValueSpecification","valueRequired":true,"valueName":"search_term_string"}}],"inLanguage":"pt-PT"},{"@type":"Organization","@id":"https:\/\/jornaldasoficinas.com\/pt\/#organization","name":"Jornal das Oficinas","url":"https:\/\/jornaldasoficinas.com\/pt\/","logo":{"@type":"ImageObject","inLanguage":"pt-PT","@id":"https:\/\/jornaldasoficinas.com\/pt\/#\/schema\/logo\/image\/","url":"https:\/\/jornaldasoficinas.com\/pt\/wp-content\/uploads\/logoJO-SEO.png","contentUrl":"https:\/\/jornaldasoficinas.com\/pt\/wp-content\/uploads\/logoJO-SEO.png","width":285,"height":450,"caption":"Jornal das Oficinas"},"image":{"@id":"https:\/\/jornaldasoficinas.com\/pt\/#\/schema\/logo\/image\/"},"sameAs":["https:\/\/www.facebook.com\/jornaloficinas","https:\/\/x.com\/jornaloficinas","https:\/\/www.instagram.com\/jornal_oficinas\/","https:\/\/www.linkedin.com\/company\/jornal-das-oficinas\/","https:\/\/www.youtube.com\/channel\/UCbQZBqtcvV-oSQrr7RzINGg"]},{"@type":"Person","@id":"https:\/\/jornaldasoficinas.com\/pt\/#\/schema\/person\/a38eef5de2c41d9e7c9ac10141afddf3","name":"Reda\u00e7\u00e3o JO","image":{"@type":"ImageObject","inLanguage":"pt-PT","@id":"https:\/\/secure.gravatar.com\/avatar\/71f2fa71737ad68a84fea94bc708ddac8ea5b0c4788dc2ad202f3ccb2887742f?s=96&d=wp_user_avatar&r=g","url":"https:\/\/secure.gravatar.com\/avatar\/71f2fa71737ad68a84fea94bc708ddac8ea5b0c4788dc2ad202f3ccb2887742f?s=96&d=wp_user_avatar&r=g","contentUrl":"https:\/\/secure.gravatar.com\/avatar\/71f2fa71737ad68a84fea94bc708ddac8ea5b0c4788dc2ad202f3ccb2887742f?s=96&d=wp_user_avatar&r=g","caption":"Reda\u00e7\u00e3o JO"},"url":"https:\/\/jornaldasoficinas.com\/pt\/author\/joredacao\/"}]}},"_links":{"self":[{"href":"https:\/\/jornaldasoficinas.com\/pt\/wp-json\/wp\/v2\/posts\/69212","targetHints":{"allow":["GET"]}}],"collection":[{"href":"https:\/\/jornaldasoficinas.com\/pt\/wp-json\/wp\/v2\/posts"}],"about":[{"href":"https:\/\/jornaldasoficinas.com\/pt\/wp-json\/wp\/v2\/types\/post"}],"author":[{"embeddable":true,"href":"https:\/\/jornaldasoficinas.com\/pt\/wp-json\/wp\/v2\/users\/15"}],"replies":[{"embeddable":true,"href":"https:\/\/jornaldasoficinas.com\/pt\/wp-json\/wp\/v2\/comments?post=69212"}],"version-history":[{"count":0,"href":"https:\/\/jornaldasoficinas.com\/pt\/wp-json\/wp\/v2\/posts\/69212\/revisions"}],"wp:featuredmedia":[{"embeddable":true,"href":"https:\/\/jornaldasoficinas.com\/pt\/wp-json\/wp\/v2\/media\/69094"}],"wp:attachment":[{"href":"https:\/\/jornaldasoficinas.com\/pt\/wp-json\/wp\/v2\/media?parent=69212"}],"wp:term":[{"taxonomy":"category","embeddable":true,"href":"https:\/\/jornaldasoficinas.com\/pt\/wp-json\/wp\/v2\/categories?post=69212"},{"taxonomy":"post_tag","embeddable":true,"href":"https:\/\/jornaldasoficinas.com\/pt\/wp-json\/wp\/v2\/tags?post=69212"}],"curies":[{"name":"wp","href":"https:\/\/api.w.org\/{rel}","templated":true}]}}